{"id":7919,"date":"2011-02-15T19:34:00","date_gmt":"2011-02-15T23:34:00","guid":{"rendered":"https:\/\/bobvarela.com\/?p=7919"},"modified":"2011-02-15T19:34:00","modified_gmt":"2011-02-15T23:34:00","slug":"calle-13-estrena-video-baile-de-lo-pobres","status":"publish","type":"post","link":"https:\/\/bobvarela.com\/?p=7919","title":{"rendered":"Calle 13 estrena video Baile de lo pobres"},"content":{"rendered":"<p align=\"justify\"><img loading=\"lazy\" decoding=\"async\" style=\"display: block; float: none; margin-left: auto; margin-right: auto\" border=\"0\" hspace=\"5\" vspace=\"5\" src=\"https:\/\/i810.photobucket.com\/albums\/zz25\/digitalgirl12\/CALLE13LOGO-1.jpg\" width=\"360\" height=\"74\" \/><\/p>\n<p align=\"justify\"><font size=\"3\"><strong><em>ESTRENA SU NUEVO VIDEO <\/em><\/strong><strong><em>&#8216;BAILE DE LOS POBRES&#8217; <\/em><\/strong><em><strong>DIRIGIDO POR DIEGO LU<\/strong><\/em><em><strong>NA CON <\/strong><\/em><em><strong>MTV TR3S &amp; MTVLA MUNDIALMENTE <\/strong><\/em><\/font><\/p>\n<p align=\"justify\"><em><strong><\/strong><\/em><\/p>\n<p align=\"justify\"><em><strong><img decoding=\"async\" style=\"display: block; float: none; margin-left: auto; margin-right: auto\" border=\"0\" vspace=\"5\" src=\"https:\/\/ih.constantcontact.com\/fs080\/1102617261621\/img\/458.jpg\" width=\"568\" \/><\/strong><\/em><\/p>\n<p align=\"justify\"><em><strong><\/strong><\/em><\/p>\n<p align=\"justify\"><font size=\"3\"><em><strong>&quot;El baile de los pobres&quot;, provoc\u00f3 en los asistentes una expresi\u00f3n de asombro al ver im\u00e1genes sexualmente tan expl\u00edcitas&#8230; aunque finalmente dej\u00f3 un buen sabor de boca&quot;<\/strong><\/em><em><strong> &#8211; La Opinion<\/strong><\/em><\/font><\/p>\n<p align=\"justify\"><em><strong><font size=\"3\"><\/font><\/strong><\/em><\/p>\n<p align=\"justify\"><em><font size=\"3\"><strong>&quot;No es que sean controversiales, aqu\u00ed no hay controversia, \u00e9sta la crean ustedes casi siempre y van haciendo m\u00e1s grande cosas que no deben ser tan grandes&quot; &#8211; Residente Calle 13 <\/strong><strong><\/strong><\/font><\/em><\/p>\n<p align=\"justify\"><em><strong><font size=\"3\"><\/font><\/strong><\/em><\/p>\n<p align=\"justify\"><font size=\"3\">Luego del \u00e9xito mundial de <em>Calma Pueblo y Vamo&#8217;a portarnos mal<\/em>, los primeros dos sencillos de su m\u00e1s reciente \u00e1lbum, <strong>Entren Los Que Quieran<\/strong>, <strong>Calle 13<\/strong> regresa con un nuevo video; &quot;<strong>Baile De Los Pobres<\/strong>, dirigido por el internacionalmente reconocido actor Mexicano, <strong>Diego Luna<\/strong>. El video fue grabado en la ciudad de M\u00e9xico en el barrio de Santa Fe y se estreno este pasado viernes exclusivamente con MTV Tr3s &amp; MTVLA. <\/font><\/p>\n<p align=\"justify\"><font size=\"3\"><strong>&quot;Baile de los Pobres<\/strong>&quot; es una historia de una b\u00fasqueda rom\u00e1ntica a trav\u00e9s de una ciudad en Latinoam\u00e9ricana, que detalla un encuentro intimo y sorprendente entre dos jovenes.&#160; <\/font><\/p>\n<p align=\"justify\"><font size=\"3\"><em>&quot;Es un d\u00eda emocionante porque, como ocurre en las pel\u00edculas, este v\u00eddeo ha estado guardado esperando a ver la luz&quot; &quot;Es un d\u00eda emocionante porque, como ocurre en las pel\u00edculas, este v\u00eddeo ha estado guardado esperando a ver la luz, y finalmente Ren\u00e9 (Residente Calle 13) me avis\u00f3 de que se va a estrenar. Me da mucho gusto. \u00c9l me hizo un regalo al darme la oportunidad de explorar y jugar con su canci\u00f3n. Goc\u00e9 much\u00edsimo, y me siento agradecido de que haya sido mi padrino en este mundillo&quot;,<\/em> coment\u00f3 <strong>Diego Luna<\/strong> en la conferencia de prensa que tomo lugar en Beverly Hills, CA donde se presento el video la semana pasada.&#160;&#160; <\/font><\/p>\n<p align=\"justify\"><strong><font size=\"3\">Haz click en la foto para ver video &quot;Baile De Los Pobres&quot;<\/font><\/strong><\/p>\n<p align=\"center\"><a href=\"https:\/\/r20.rs6.net\/tn.jsp?llr=vrnyr7cab&amp;et=1104524470425&amp;s=5482&amp;e=0015XbmyPDxtk2uc2vN9Zxd_actpG675YKy5YmsJL3dWWLiMV4rpndTlYuCHDx9gj6PnSVNGIjbxpF7AmDD4YxZYejwHTdLPeMaFVl3c6iSaiqxy8-4Q-70whtbUqVyHy-grCdjkZFPN3VHJ-QsugRv7Q==\"><img loading=\"lazy\" decoding=\"async\" border=\"0\" hspace=\"5\" vspace=\"5\" src=\"https:\/\/i810.photobucket.com\/albums\/zz25\/digitalgirl12\/calle.jpg\" width=\"447\" height=\"300\" \/><\/a><\/p>\n<p align=\"center\"><img loading=\"lazy\" decoding=\"async\" border=\"0\" hspace=\"0\" alt=\"Digital Girl inc\" src=\"https:\/\/img.constantcontact.com\/letters\/images\/1101093164665\/comedy-animdiv.gif\" width=\"349\" height=\"19\" \/><\/p>\n<p align=\"center\"><a name=\"LETTER.BLOCK9\"><\/a>    <\/p>\n<p align=\"center\"><strong>Calle 13 Sitios Oficiales       <br \/><\/strong><\/p>\n<p align=\"center\"><img loading=\"lazy\" decoding=\"async\" border=\"0\" vspace=\"5\" align=\"right\" src=\"https:\/\/i810.photobucket.com\/albums\/zz25\/digitalgirl12\/c13finalcoverlowerres.jpg\" width=\"113\" height=\"113\" \/>      <\/p>\n<p align=\"center\"><strong><\/strong><a href=\"https:\/\/r20.rs6.net\/tn.jsp?llr=vrnyr7cab&amp;et=1104524470425&amp;s=5482&amp;e=0015XbmyPDxtk2uc2vN9Zxd_actpG675YKy5YmsJL3dWWLiMV4rpndTlYuCHDx9gj6PnSVNGIjbxpF7AmDD4YxZYejwHTdLPeMaFVl3c6iSaiqxy8-4Q-70whtbUqVyHy-grCdjkZFPN3VHJ-QsugRv7Q==\">El Baile de Los Pobres &#8211; Video (VEVO)<\/a><\/p>\n<p align=\"center\"><strong><a href=\"https:\/\/r20.rs6.net\/tn.jsp?llr=vrnyr7cab&amp;et=1104524470425&amp;s=5482&amp;e=0015XbmyPDxtk2ZLluNq2rnJW6m_1JnGY4wvkWkv5eGljpeBO1O0krSSeC-l4HdJLf-zZkWgY2uyE9XtNTQqoVnOX-qafqNPwp3hIzdgakujFykORIjuebNE6bW5jlB6d4W\">Twitter<\/a><\/strong><\/p>\n<p align=\"center\"><strong><a href=\"https:\/\/r20.rs6.net\/tn.jsp?llr=vrnyr7cab&amp;et=1104524470425&amp;s=5482&amp;e=0015XbmyPDxtk2TNx8T3_iFwFXIGZBa8JXoXO4fLa4MPbn4aDFwztErjr5ihwjIMgV0PVpItKlc1c5CV13AM_oz3cfGZXBuHKeW-OLd5HcRde4=\">Facebook<\/a><\/strong><\/p>\n<p align=\"justify\">\n","protected":false},"excerpt":{"rendered":"<p>ESTRENA SU NUEVO VIDEO &#8216;BAILE DE LOS POBRES&#8217; DIRIGIDO POR DIEGO LUNA CON MTV TR3S &amp; MTVLA MUNDIALMENTE &quot;El baile de los pobres&quot;, provoc\u00f3 en los asistentes una expresi\u00f3n de asombro al ver im\u00e1genes sexualmente tan expl\u00edcitas&#8230; aunque finalmente dej\u00f3&hellip;<\/p>\n<p class=\"more-link-p\"><a class=\"more-link\" href=\"https:\/\/bobvarela.com\/?p=7919\">Read more &rarr;<\/a><\/p>\n","protected":false},"author":1,"featured_media":0,"comment_status":"open","ping_status":"open","sticky":false,"template":"","format":"standard","meta":{"ngg_post_thumbnail":0,"footnotes":""},"categories":[127],"tags":[306],"class_list":["post-7919","post","type-post","status-publish","format-standard","hentry","category-musica","tag-calle-13"],"_links":{"self":[{"href":"https:\/\/bobvarela.com\/index.php?rest_route=\/wp\/v2\/posts\/7919","targetHints":{"allow":["GET"]}}],"collection":[{"href":"https:\/\/bobvarela.com\/index.php?rest_route=\/wp\/v2\/posts"}],"about":[{"href":"https:\/\/bobvarela.com\/index.php?rest_route=\/wp\/v2\/types\/post"}],"author":[{"embeddable":true,"href":"https:\/\/bobvarela.com\/index.php?rest_route=\/wp\/v2\/users\/1"}],"replies":[{"embeddable":true,"href":"https:\/\/bobvarela.com\/index.php?rest_route=%2Fwp%2Fv2%2Fcomments&post=7919"}],"version-history":[{"count":0,"href":"https:\/\/bobvarela.com\/index.php?rest_route=\/wp\/v2\/posts\/7919\/revisions"}],"wp:attachment":[{"href":"https:\/\/bobvarela.com\/index.php?rest_route=%2Fwp%2Fv2%2Fmedia&parent=7919"}],"wp:term":[{"taxonomy":"category","embeddable":true,"href":"https:\/\/bobvarela.com\/index.php?rest_route=%2Fwp%2Fv2%2Fcategories&post=7919"},{"taxonomy":"post_tag","embeddable":true,"href":"https:\/\/bobvarela.com\/index.php?rest_route=%2Fwp%2Fv2%2Ftags&post=7919"}],"curies":[{"name":"wp","href":"https:\/\/api.w.org\/{rel}","templated":true}]}}