{"id":7920,"date":"2011-02-15T19:54:00","date_gmt":"2011-02-15T23:54:00","guid":{"rendered":"https:\/\/bobvarela.com\/?p=7920"},"modified":"2011-02-15T19:54:00","modified_gmt":"2011-02-15T23:54:00","slug":"nota-estrena-video-my-girl","status":"publish","type":"post","link":"https:\/\/bobvarela.com\/?p=7920","title":{"rendered":"NOTA estrena video &lsquo;My Girl&rsquo;"},"content":{"rendered":"<p><b><img loading=\"lazy\" decoding=\"async\" style=\"display: block; float: none; margin-left: auto; margin-right: auto\" border=\"0\" alt=\"nota\" vspace=\"5\" src=\"https:\/\/ih.constantcontact.com\/fs080\/1102617261621\/img\/460.jpg\" width=\"468\" height=\"468\" \/> <\/b><\/p>\n<p><b><\/b><\/p>\n<p><b><\/b><\/p>\n<p><b>\u00a1NOTA, EL POPULAR GRUPO DE M\u00daSICA &#8216;A CAPPELLA&#8217;, <\/b><b>ESTRENA VIDEO HOY MARTES 15 DE FEBRERO! <\/b><b>GRABADO EN PUERTO RICO Y EN CHICAGO, <\/b><b>EL VIDEO ES PARA EL NUEVO TEMA DE NOTA, <\/b><b>SU VERSI\u00d3N DEL CL\u00c1SICO &#8216;MY GIRL&#8217; <\/b><b>EL VIDEO DEBUTAR\u00c1 POR LA CADENA DE VIDEOS VEVO<\/b><\/p>\n<p align=\"justify\"><font size=\"3\"><b>Miami, FL<\/b> (15 de febrero, 2011) &#8211; <b>Nota<\/b>, el sexteto puertorrique\u00f1o que est\u00e1 revolucionando al mundo de la m\u00fasica a cappella, \u00a1estrena hoy el video de su nuevo sencillo, <i>My Girl (Te Amo)<\/i>!<\/font><\/p>\n<p align=\"justify\"><font size=\"3\">Este cl\u00e1sico de The Temptations, ahora cobra vida de manera distinta con el estilo \u00fanico de <b>Nota<\/b>. El video fue grabado entre Puerto Rico y Chicago, dirigido por Rub\u00e9n Mart\u00edn; <i>My Girl (Te Amo)<\/i> se realiz\u00f3 en dos versiones, en espa\u00f1ol e ingl\u00e9s, y presenta a estos talentosos artistas desplegando su talento en&#160; p\u00fablico, mezcl\u00e1ndose con admiradores en la calle, en autob\u00fas, avi\u00f3n y tren.<\/font><\/p>\n<p align=\"justify\"><font size=\"3\">El video de <i>My Girl (Te Amo)<\/i>&#160; tendr\u00e1 su estreno hoy martes, 15 de febrero por el canal de internet de videos VEVO.<\/font><\/p>\n<p align=\"justify\"><font size=\"3\">Desde que ganaron el famoso programa de telerealidad The Sing-Off en diciembre del 2009, los integrantes de <b>Nota<\/b> &#8211; <b>Johnny Figueroa<\/b>, <b>Jos\u00e9 A. Rodr\u00edguez<\/b>, <b>Ludwig Henderson<\/b>, <b>Edgar R\u00edos<\/b>, <b>Juan E. D\u00edaz<\/b> y <b>David Pinto<\/b> &#8211; han cautivado a los amantes de la buena m\u00fasica con su \u00e1lbum de estreno, llamado <b><i>Nota<\/i><\/b>, y deslumbrado a quienes no conocen sobre el mundo de la m\u00fasica grabada sin instrumentos, s\u00f3lo con la pura voz.<\/font><\/p>\n<p align=\"justify\"><font size=\"3\"><b>Nota<\/b> ha llevado a nuevos niveles esta m\u00fasica, al fusionar elementos urbanos y tropicales con el tradicional estilo del doo-wop.<\/font><\/p>\n<p align=\"justify\"><font size=\"3\"><b>Nota<\/b>&#8230; \u00a1sigue dando la nota que es!<\/font><\/p>\n<p><strong><\/strong><\/p>\n<p align=\"center\"><strong><font size=\"3\">Para ver el video en ambos idiomas visita los siguientes enlaces:<\/font><\/strong><\/p>\n<p align=\"center\"><strong><font size=\"3\"><\/font><\/strong><\/p>\n<p align=\"center\"><strong><font size=\"3\">My Girl (Te Amo) <\/font><a href=\"https:\/\/r20.rs6.net\/tn.jsp?llr=vrnyr7cab&amp;et=1104532651231&amp;s=5482&amp;e=001-YuYvWzMiAT03bHChiuP30ZnHuXoQ1IVJ1EgxYk3_uZjks-bXWyWrLe8CvKXcCGim6bUXbIBiRW5yYUuTYJLvVa71VqDcHgjUTN4E0Vaok64GELdPbiN50Wiy3zE51H_AYHRA1NbXhZYysU_BO6BYlvsXB6AV1dHQmO4RpbM_Mdy34L1yIXh6w==\"><font size=\"3\">https:\/\/www.youtube.com\/watch?v=QhcIucJDLUs<\/font><\/a><font size=\"3\"> <\/font><\/strong><\/p>\n<p align=\"center\"><strong><font size=\"3\"><\/font><\/strong><\/p>\n<p align=\"center\"><strong><font size=\"3\">My Girl <\/font><a href=\"https:\/\/r20.rs6.net\/tn.jsp?llr=vrnyr7cab&amp;et=1104532651231&amp;s=5482&amp;e=001-YuYvWzMiARqul4zWITOYw9CxXC70rSU-JLyvgmLMEj-Qy5d6LIenyu9eso90JR0XKM09NMNsAqnRdYyKT5vJzDUARvCEHuj5fzi4PZBwV6Sp3vqyrV_STclf3Q0EwBj2oPbXystQ3N-TSEu2p4tRToLpH-49LmoE0SbFQFSpXLgrzfbL6v_OQ==\"><font size=\"3\">https:\/\/www.youtube.com\/watch?v=u5hZSmyLdR8<\/font><\/a><\/strong><\/p>\n","protected":false},"excerpt":{"rendered":"<p>\u00a1NOTA, EL POPULAR GRUPO DE M\u00daSICA &#8216;A CAPPELLA&#8217;, ESTRENA VIDEO HOY MARTES 15 DE FEBRERO! GRABADO EN PUERTO RICO Y EN CHICAGO, EL VIDEO ES PARA EL NUEVO TEMA DE NOTA, SU VERSI\u00d3N DEL CL\u00c1SICO &#8216;MY GIRL&#8217; EL VIDEO DEBUTAR\u00c1&hellip;<\/p>\n<p class=\"more-link-p\"><a class=\"more-link\" href=\"https:\/\/bobvarela.com\/?p=7920\">Read more &rarr;<\/a><\/p>\n","protected":false},"author":1,"featured_media":0,"comment_status":"open","ping_status":"open","sticky":false,"template":"","format":"standard","meta":{"ngg_post_thumbnail":0,"footnotes":""},"categories":[127],"tags":[250],"class_list":["post-7920","post","type-post","status-publish","format-standard","hentry","category-musica","tag-nota"],"_links":{"self":[{"href":"https:\/\/bobvarela.com\/index.php?rest_route=\/wp\/v2\/posts\/7920","targetHints":{"allow":["GET"]}}],"collection":[{"href":"https:\/\/bobvarela.com\/index.php?rest_route=\/wp\/v2\/posts"}],"about":[{"href":"https:\/\/bobvarela.com\/index.php?rest_route=\/wp\/v2\/types\/post"}],"author":[{"embeddable":true,"href":"https:\/\/bobvarela.com\/index.php?rest_route=\/wp\/v2\/users\/1"}],"replies":[{"embeddable":true,"href":"https:\/\/bobvarela.com\/index.php?rest_route=%2Fwp%2Fv2%2Fcomments&post=7920"}],"version-history":[{"count":0,"href":"https:\/\/bobvarela.com\/index.php?rest_route=\/wp\/v2\/posts\/7920\/revisions"}],"wp:attachment":[{"href":"https:\/\/bobvarela.com\/index.php?rest_route=%2Fwp%2Fv2%2Fmedia&parent=7920"}],"wp:term":[{"taxonomy":"category","embeddable":true,"href":"https:\/\/bobvarela.com\/index.php?rest_route=%2Fwp%2Fv2%2Fcategories&post=7920"},{"taxonomy":"post_tag","embeddable":true,"href":"https:\/\/bobvarela.com\/index.php?rest_route=%2Fwp%2Fv2%2Ftags&post=7920"}],"curies":[{"name":"wp","href":"https:\/\/api.w.org\/{rel}","templated":true}]}}