{"id":79598,"date":"2015-07-17T22:49:20","date_gmt":"2015-07-18T02:49:20","guid":{"rendered":"https:\/\/bobvarela.com\/?p=79598"},"modified":"2015-07-17T22:49:21","modified_gmt":"2015-07-18T02:49:21","slug":"se-reduce-el-grupo-de-talentos-luego-de-la-primera-eliminatoria-de-tiny-world-model-2015","status":"publish","type":"post","link":"https:\/\/bobvarela.com\/?p=79598","title":{"rendered":"SE REDUCE EL GRUPO DE TALENTOS LUEGO DE LA PRIMERA ELIMINATORIA DE TINY WORLD MODEL 2015"},"content":{"rendered":"<p align=\"justify\"><font size=\"3\"><b><i>Tiny World Model<\/i><\/b> tuvo su Primera Eliminatoria con p\u00fablico el domingo 12 de julio de 2015 en ruta a escoger los 12 modelos que participaran del desfile <b><i>Survive<\/i><\/b> en septiembre. Bajo la animaci\u00f3n de la modelo y empresaria <b>Patricia Corcino<\/b>, se presentaron los Tiny Model usando piezas de la l\u00ednea <b>JanCo<\/b> del dise\u00f1ador <b>Juan Col\u00f3n<\/b> junto a la colecci\u00f3n <b><i>Samba<\/i><\/b> de la dise\u00f1adora de accesorios <b>Ivelisse Nieves<\/b>.<\/font><\/p>\n<p align=\"center\"><a href=\"https:\/\/bobvarela.com\/wp-content\/uploads\/2015\/07\/IMG_0200.jpg\"><img loading=\"lazy\" decoding=\"async\" title=\"IMG_0200\" style=\"border-top: 0px; border-right: 0px; background-image: none; border-bottom: 0px; padding-top: 0px; padding-left: 0px; border-left: 0px; display: inline; padding-right: 0px\" border=\"0\" alt=\"IMG_0200\" src=\"https:\/\/bobvarela.com\/wp-content\/uploads\/2015\/07\/IMG_0200_thumb.jpg\" width=\"198\" height=\"134\" \/><\/a><a href=\"https:\/\/bobvarela.com\/wp-content\/uploads\/2015\/07\/IMG_0233.jpg\"><img loading=\"lazy\" decoding=\"async\" title=\"IMG_0233\" style=\"border-top: 0px; border-right: 0px; background-image: none; border-bottom: 0px; padding-top: 0px; padding-left: 0px; border-left: 0px; display: inline; padding-right: 0px\" border=\"0\" alt=\"IMG_0233\" src=\"https:\/\/bobvarela.com\/wp-content\/uploads\/2015\/07\/IMG_0233_thumb.jpg\" width=\"198\" height=\"134\" \/><\/a><a href=\"https:\/\/bobvarela.com\/wp-content\/uploads\/2015\/07\/IMG_0895.jpg\"><img loading=\"lazy\" decoding=\"async\" title=\"IMG_0895\" style=\"border-top: 0px; border-right: 0px; background-image: none; border-bottom: 0px; padding-top: 0px; padding-left: 0px; border-left: 0px; display: inline; padding-right: 0px\" border=\"0\" alt=\"IMG_0895\" src=\"https:\/\/bobvarela.com\/wp-content\/uploads\/2015\/07\/IMG_0895_thumb.jpg\" width=\"198\" height=\"134\" \/><\/a><\/p>\n<p align=\"justify\"><font size=\"3\">Los <b><i>Tiny Models<\/i><\/b> escogidos en una audici\u00f3n abierta, fueron evaluados en proyecci\u00f3n y dominio de pasarela por el jurado compuesto por <b>Derek D\u00edaz<\/b>, presentador de TV y stylist, <b>Marcos Carlos Cintr\u00f3n<\/b>, actor y maestro de teatro, y como jurado invitado <b>Kathiria Nu\u00f1ez<\/b>, Tiny World Model 2013. Junto a su desempe\u00f1o en escena, tambi\u00e9n fueron evaluados en el reto fotogr\u00e1fico de proyecci\u00f3n en pasarela realizado por&#160; <b>Bob Varela<\/b>.<\/font><\/p>\n<p align=\"justify\"><font size=\"3\">Las pasarelas y evaluaci\u00f3n fueron grabadas para el reality <b><i>&quot;Tiny World Model&quot;<\/i><\/b> realizado por <b>Vikar Visual<\/b> y que tendr\u00e1 su estreno en agosto a trav\u00e9s de la plataforma YouTube. El p\u00fablico conocer\u00e1 en el programa el camino recorrido por los 30 Tiny Models seleccionados esa noche y que pasan a la segunda fase<\/font><a name=\"_GoBack\"><\/a><font size=\"3\"> de la competencia.<\/font><\/p>\n<p align=\"center\"><a href=\"https:\/\/bobvarela.com\/wp-content\/uploads\/2015\/07\/IMG_1601.jpg\"><img loading=\"lazy\" decoding=\"async\" title=\"IMG_1601\" style=\"border-top: 0px; border-right: 0px; background-image: none; border-bottom: 0px; padding-top: 0px; padding-left: 0px; border-left: 0px; display: inline; padding-right: 0px\" border=\"0\" alt=\"IMG_1601\" src=\"https:\/\/bobvarela.com\/wp-content\/uploads\/2015\/07\/IMG_1601_thumb.jpg\" width=\"198\" height=\"134\" \/><\/a><a href=\"https:\/\/bobvarela.com\/wp-content\/uploads\/2015\/07\/IMG_1640.jpg\"><img loading=\"lazy\" decoding=\"async\" title=\"IMG_1640\" style=\"border-top: 0px; border-right: 0px; background-image: none; border-bottom: 0px; padding-top: 0px; padding-left: 0px; border-left: 0px; display: inline; padding-right: 0px\" border=\"0\" alt=\"IMG_1640\" src=\"https:\/\/bobvarela.com\/wp-content\/uploads\/2015\/07\/IMG_1640_thumb.jpg\" width=\"198\" height=\"134\" \/><\/a><a href=\"https:\/\/bobvarela.com\/wp-content\/uploads\/2015\/07\/IMG_1725.jpg\"><img loading=\"lazy\" decoding=\"async\" title=\"IMG_1725\" style=\"border-top: 0px; border-right: 0px; background-image: none; border-bottom: 0px; padding-top: 0px; padding-left: 0px; border-left: 0px; display: inline; padding-right: 0px\" border=\"0\" alt=\"IMG_1725\" src=\"https:\/\/bobvarela.com\/wp-content\/uploads\/2015\/07\/IMG_1725_thumb.jpg\" width=\"198\" height=\"134\" \/><\/a><\/p>\n<p align=\"justify\"><font size=\"3\"><b><i>Tiny World Model<\/i><\/b> es un evento enfocado en el talento de estatura promedio (petite) en Puerto Rico producido por <b>JanCo, Inc<\/b> para <b>ASA Productions<\/b>. Los talentos continuaran con los talleres y retos fotogr\u00e1ficos para ser evaluados nuevamente en la <b>Segunda Eliminatoria<\/b> el 2 de agosto de 2015 en el Teatro de la Escuela de Bellas Artes de Guaynabo. <\/font><\/p>\n<p align=\"justify\"><font size=\"3\">Una vez seleccionado el grupo final de 12 talentos, se enfrentaran a los retos del <i>reality<\/i> y ser\u00e1n parte de la producci\u00f3n del desfile <b><i>Survive<\/i><\/b> de la l\u00ednea JanCo Unlimited que se presentar\u00e1 en el <b>CLUB KRONOS<\/b> en San Juan el 25 de septiembre de 2015. <\/font><\/p>\n<p align=\"center\"><a href=\"https:\/\/bobvarela.com\/wp-content\/uploads\/2015\/07\/IMG_1731.jpg\"><img loading=\"lazy\" decoding=\"async\" title=\"IMG_1731\" style=\"border-top: 0px; border-right: 0px; background-image: none; border-bottom: 0px; padding-top: 0px; padding-left: 0px; border-left: 0px; display: inline; padding-right: 0px\" border=\"0\" alt=\"IMG_1731\" src=\"https:\/\/bobvarela.com\/wp-content\/uploads\/2015\/07\/IMG_1731_thumb.jpg\" width=\"198\" height=\"134\" \/><\/a><a href=\"https:\/\/bobvarela.com\/wp-content\/uploads\/2015\/07\/IMG_1743.jpg\"><img loading=\"lazy\" decoding=\"async\" title=\"IMG_1743\" style=\"border-top: 0px; border-right: 0px; background-image: none; border-bottom: 0px; padding-top: 0px; padding-left: 0px; border-left: 0px; display: inline; padding-right: 0px\" border=\"0\" alt=\"IMG_1743\" src=\"https:\/\/bobvarela.com\/wp-content\/uploads\/2015\/07\/IMG_1743_thumb.jpg\" width=\"198\" height=\"134\" \/><\/a><a href=\"https:\/\/bobvarela.com\/wp-content\/uploads\/2015\/07\/IMG_1749.jpg\"><img loading=\"lazy\" decoding=\"async\" title=\"IMG_1749\" style=\"border-top: 0px; border-right: 0px; background-image: none; border-bottom: 0px; padding-top: 0px; padding-left: 0px; border-left: 0px; display: inline; padding-right: 0px\" border=\"0\" alt=\"IMG_1749\" src=\"https:\/\/bobvarela.com\/wp-content\/uploads\/2015\/07\/IMG_1749_thumb.jpg\" width=\"198\" height=\"134\" \/><\/a><\/p>\n<p align=\"justify\"><font size=\"3\">Luego del desfile y como parte del <i>reality<\/i>, se elegir\u00e1n 2 ganadores que ser\u00e1n la imagen de Tiny World Model 2016, recibir\u00e1n $600 d\u00f3lares en efectivo, ropa de dise\u00f1adores, shooting oficiales, video porfolio por Vikar Visual, editoriales de moda, adem\u00e1s de viajar a la competencia TBC en Orlando en el mes de octubre.<\/font><\/p>\n<p align=\"justify\"><font size=\"3\">Para m\u00e1s informaci\u00f3n acceder: www.facebook.com\/tinyworldmodel y www.instagram.com\/TinyWorld.2015<\/font><\/p>\n<p align=\"justify\">ngg_shortcode_0_placeholder<\/p>\n","protected":false},"excerpt":{"rendered":"<p>Tiny World Model tuvo su Primera Eliminatoria con p\u00fablico el domingo 12 de julio de 2015 en ruta a escoger los 12 modelos que participaran del desfile Survive en septiembre. Bajo la animaci\u00f3n de la modelo y empresaria Patricia Corcino,&hellip;<\/p>\n<p class=\"more-link-p\"><a class=\"more-link\" href=\"https:\/\/bobvarela.com\/?p=79598\">Read more &rarr;<\/a><\/p>\n","protected":false},"author":1,"featured_media":0,"comment_status":"open","ping_status":"open","sticky":false,"template":"","format":"standard","meta":{"ngg_post_thumbnail":0,"footnotes":""},"categories":[5,4,295],"tags":[],"class_list":["post-79598","post","type-post","status-publish","format-standard","hentry","category-concursos","category-moda","category-puerto-rico"],"_links":{"self":[{"href":"https:\/\/bobvarela.com\/index.php?rest_route=\/wp\/v2\/posts\/79598","targetHints":{"allow":["GET"]}}],"collection":[{"href":"https:\/\/bobvarela.com\/index.php?rest_route=\/wp\/v2\/posts"}],"about":[{"href":"https:\/\/bobvarela.com\/index.php?rest_route=\/wp\/v2\/types\/post"}],"author":[{"embeddable":true,"href":"https:\/\/bobvarela.com\/index.php?rest_route=\/wp\/v2\/users\/1"}],"replies":[{"embeddable":true,"href":"https:\/\/bobvarela.com\/index.php?rest_route=%2Fwp%2Fv2%2Fcomments&post=79598"}],"version-history":[{"count":1,"href":"https:\/\/bobvarela.com\/index.php?rest_route=\/wp\/v2\/posts\/79598\/revisions"}],"predecessor-version":[{"id":79599,"href":"https:\/\/bobvarela.com\/index.php?rest_route=\/wp\/v2\/posts\/79598\/revisions\/79599"}],"wp:attachment":[{"href":"https:\/\/bobvarela.com\/index.php?rest_route=%2Fwp%2Fv2%2Fmedia&parent=79598"}],"wp:term":[{"taxonomy":"category","embeddable":true,"href":"https:\/\/bobvarela.com\/index.php?rest_route=%2Fwp%2Fv2%2Fcategories&post=79598"},{"taxonomy":"post_tag","embeddable":true,"href":"https:\/\/bobvarela.com\/index.php?rest_route=%2Fwp%2Fv2%2Ftags&post=79598"}],"curies":[{"name":"wp","href":"https:\/\/api.w.org\/{rel}","templated":true}]}}