{"id":8048,"date":"2011-03-04T20:33:00","date_gmt":"2011-03-05T00:33:00","guid":{"rendered":"https:\/\/bobvarela.com\/?p=8048"},"modified":"2011-03-04T20:34:47","modified_gmt":"2011-03-05T00:34:47","slug":"pasarela-primavera-2011","status":"publish","type":"post","link":"https:\/\/bobvarela.com\/?p=8048","title":{"rendered":"Pasarela Primavera 2011"},"content":{"rendered":"<div align=\"justify\">\n<table border=\"0\" cellspacing=\"0\" cellpadding=\"2\" width=\"642\">\n<tbody>\n<tr>\n<td valign=\"top\" width=\"200\"><a href=\"https:\/\/bobvarela.com\/wp-content\/uploads\/2011\/03\/LeFleur.jpg\"><img loading=\"lazy\" decoding=\"async\" style=\"background-image: none; border-bottom: 0px; border-left: 0px; padding-left: 0px; padding-right: 0px; display: inline; border-top: 0px; border-right: 0px; padding-top: 0px\" title=\"LeFleur\" border=\"0\" alt=\"LeFleur\" src=\"https:\/\/bobvarela.com\/wp-content\/uploads\/2011\/03\/LeFleur_thumb.jpg\" width=\"217\" height=\"440\" \/><\/a><\/td>\n<td valign=\"top\" width=\"440\">\n<p align=\"justify\"><font size=\"3\">La corporaci\u00f3n A.M.I.G.O.S Inc., estar\u00e1 celebrando su 5ta edici\u00f3n de Pasarela Primavera, el pr\u00f3ximo viernes 11 de marzo en el Arecibo Country Club.<\/font><\/p>\n<p align=\"justify\"><font size=\"3\">La pasarela se engalanar\u00e1 con el junte de los dise\u00f1adores: Marcos Carrazana, Lisa Capalli, Tommie Hern\u00e1ndez y Jos\u00e9 Braulio, en un pase de modas previo al coct\u00e9l de bienvenida, quienes ofrecen su talento por una aportaci\u00f3n de $40 que ira dirigida a una noble causa.<\/font><\/p>\n<p align=\"justify\"><font size=\"3\">A.M.I.G.O.S. Inc., es una corporaci\u00f3nsin fines de lucro, establecida desde el 2004, la cual nace de un grupo de voluntarios de la comunidad arecibe\u00f1a que previene la deambulancia y extienden su ayuda a los menos afortunados, aportando a la estabilidad, permanencia y servicios de calidad que ofrecen organizaciones ya establecidas.<\/font><\/p>\n<\/td>\n<\/tr>\n<\/tbody>\n<\/table><\/div>\n<p align=\"justify\"><font size=\"3\">Por otra parte A.M.I.G.O.S., se enfoca en mejorarla calidad de vida de los arecibe\u00f1os mediante aportaciones variadas a diferentes instituciones que trabajan con el servicio a envejecientes, madressolteras, v\u00edctimas de violencia dom\u00e9stica, deambulantes,personas con HIV positivo, ni\u00f1os maltratados y n\u00facleo familiar supliendo el material de las necesidades de las mismas.<\/font><\/p>\n<p align=\"justify\"><font size=\"3\">Para ser voluntario y\/o aportaciones favor comunicarse al 787-880-2320 \/ 787-878-1926<\/font><\/p>\n","protected":false},"excerpt":{"rendered":"<p>La corporaci\u00f3n A.M.I.G.O.S Inc., estar\u00e1 celebrando su 5ta edici\u00f3n de Pasarela Primavera, el pr\u00f3ximo viernes 11 de marzo en el Arecibo Country Club. La pasarela se engalanar\u00e1 con el junte de los dise\u00f1adores: Marcos Carrazana, Lisa Capalli, Tommie Hern\u00e1ndez y&hellip;<\/p>\n<p class=\"more-link-p\"><a class=\"more-link\" href=\"https:\/\/bobvarela.com\/?p=8048\">Read more &rarr;<\/a><\/p>\n","protected":false},"author":1,"featured_media":0,"comment_status":"open","ping_status":"open","sticky":false,"template":"","format":"standard","meta":{"ngg_post_thumbnail":0,"footnotes":""},"categories":[4,295],"tags":[310],"class_list":["post-8048","post","type-post","status-publish","format-standard","hentry","category-moda","category-puerto-rico","tag-pasarela-primavera"],"_links":{"self":[{"href":"https:\/\/bobvarela.com\/index.php?rest_route=\/wp\/v2\/posts\/8048","targetHints":{"allow":["GET"]}}],"collection":[{"href":"https:\/\/bobvarela.com\/index.php?rest_route=\/wp\/v2\/posts"}],"about":[{"href":"https:\/\/bobvarela.com\/index.php?rest_route=\/wp\/v2\/types\/post"}],"author":[{"embeddable":true,"href":"https:\/\/bobvarela.com\/index.php?rest_route=\/wp\/v2\/users\/1"}],"replies":[{"embeddable":true,"href":"https:\/\/bobvarela.com\/index.php?rest_route=%2Fwp%2Fv2%2Fcomments&post=8048"}],"version-history":[{"count":1,"href":"https:\/\/bobvarela.com\/index.php?rest_route=\/wp\/v2\/posts\/8048\/revisions"}],"predecessor-version":[{"id":8049,"href":"https:\/\/bobvarela.com\/index.php?rest_route=\/wp\/v2\/posts\/8048\/revisions\/8049"}],"wp:attachment":[{"href":"https:\/\/bobvarela.com\/index.php?rest_route=%2Fwp%2Fv2%2Fmedia&parent=8048"}],"wp:term":[{"taxonomy":"category","embeddable":true,"href":"https:\/\/bobvarela.com\/index.php?rest_route=%2Fwp%2Fv2%2Fcategories&post=8048"},{"taxonomy":"post_tag","embeddable":true,"href":"https:\/\/bobvarela.com\/index.php?rest_route=%2Fwp%2Fv2%2Ftags&post=8048"}],"curies":[{"name":"wp","href":"https:\/\/api.w.org\/{rel}","templated":true}]}}