{"id":81265,"date":"2015-08-06T06:39:38","date_gmt":"2015-08-06T10:39:38","guid":{"rendered":"https:\/\/bobvarela.com\/?p=81265"},"modified":"2015-08-06T06:39:39","modified_gmt":"2015-08-06T10:39:39","slug":"de-fiesta-el-rea-oeste-con-aasco-tiene-sabor","status":"publish","type":"post","link":"https:\/\/bobvarela.com\/?p=81265","title":{"rendered":"De fiesta el &aacute;rea oeste, con A&ntilde;asco Tiene Sabor"},"content":{"rendered":"<p><strong><img loading=\"lazy\" decoding=\"async\" style=\"float: none; margin-left: auto; display: block; margin-right: auto\" border=\"0\" hspace=\"5\" vspace=\"5\" src=\"https:\/\/files.ctctcdn.com\/e68561ca001\/8a55a9f5-1248-4136-8ef1-451dc8d27fbc.jpg\" width=\"450\" height=\"284\" \/> <\/strong><\/p>\n<p align=\"justify\"><font size=\"3\">El primer mandatario municipal del municipio de A\u00f1asco Jorge E. Est\u00e9vez Mart\u00ednez ofreci\u00f3 detalles en conferencia de prensa de lo que ser\u00e1 el gran evento gastron\u00f3mico, musical, tur\u00edstico y deportivo que se realizar\u00e1 del 14 al 16 de agosto del corriente a\u00f1o, <strong>A\u00f1asco Tiene Sabor<\/strong>.<\/font><\/p>\n<p align=\"justify\"><font size=\"3\">&quot;En este evento que busca fomentar la cultura y la econom\u00eda participar\u00e1n m\u00e1s de 25 restaurantes ubicados desde la Carretera #2, la Carretera 115 y en el Barrio Playa de A\u00f1asco, los mismos presentar\u00e1n una diversidad de platos t\u00edpicos, exquisitos manjares, m\u00fasica en vivo, espect\u00e1culos art\u00edsticos y comedia. Tambi\u00e9n tendremos el gran Festival de la Juventud, habr\u00e1 competencias deportivas y el Battle Auto Show m\u00e1s grande del oeste&quot;, anuncio el alcalde Est\u00e9vez Mart\u00ednez.<\/font><\/p>\n<p align=\"justify\"><font size=\"3\"><strong>A\u00f1asco Tiene Sabor<\/strong> le dar\u00e1 la oportunidad de empleo a m\u00e1s de 150 personas incluyendo artistas, m\u00fasicos, empleados de los restaurantes y personal que trabajar\u00e1 en el Battle Auto Show, lo que dar\u00e1 un gran apoyo a la econom\u00eda de A\u00f1asco y pueblos lim\u00edtrofes. Esta actividad se podr\u00e1 celebrar gracias al apoyo de la empresa privada y el municipio.<\/font><\/p>\n<p align=\"justify\"><font size=\"3\">&quot;El viernes en la noche ser\u00e1 la inauguraci\u00f3n del Boulevard Tres Hermanos en la&#160; Playa de A\u00f1asco, construcci\u00f3n realizada para mejorar el flujo vehicular y el entorno del lugar a un costo de cerca de 2 millones de d\u00f3lares&quot;, mencion\u00f3 el alcalde.<\/font><\/p>\n<p><img loading=\"lazy\" decoding=\"async\" style=\"float: none; margin-left: auto; display: block; margin-right: auto\" border=\"0\" hspace=\"5\" vspace=\"5\" src=\"https:\/\/files.ctctcdn.com\/e68561ca001\/67de049c-64ea-4d9e-b87e-559ffebf888d.jpg\" width=\"450\" height=\"312\" \/> <\/p>\n<p align=\"justify\"><font size=\"3\">Como parte de <strong>A\u00f1asco Tiene Sabor<\/strong> que se celebrar\u00e1 en las facilidades del Balneario Tres Hermanos del barrio Playa, tendremos el Festival de la Juventud desde el viernes 14 al domingo 16 de agosto&#160; donde contaremos con la participaci\u00f3n musical de Pirulo y la Tribu y La Secta entre otros grandes artistas. El s\u00e1bado en la noche celebraremos junto a Joseph Fonseca,&#160; el que llegar\u00e1 a los 30 millones de &quot;viewers&quot; de su canci\u00f3n el Caballito de Palo, convirti\u00e9ndose en el merenguero boricua con m\u00e1s seguidores de una canci\u00f3n en particular en las redes sociales. El domingo 16 desde las 7 de la ma\u00f1ana ser\u00e1 el Battle Auto Show y el mismo contar\u00e1 con exhibiciones de autos de carrera y sistemas de sonido entre otras atracciones. Este es el \u00fanico evento en el cual el p\u00fablico pagara su entrada. Adem\u00e1s en horas de la noche se continuar\u00e1 con el Festival de la Juventud.<\/font><\/p>\n<p align=\"justify\"><font size=\"3\">El Gobierno Municipal conjuntamente con el Departamento de Recreaci\u00f3n y Deportes han organizado una serie de eventos deportivos donde podr\u00e1n participar de una medio marat\u00f3n y juegos playeros entre otros.<\/font><\/p>\n<p align=\"justify\"><font size=\"3\">&quot;Los esperamos a todos en mi querido pueblo, en la Cuna de la Puertorrique\u00f1idad para que disfruten de <strong>A\u00f1asco Tiene Sabor<\/strong>, para m\u00e1s informaci\u00f3n pueden accesar a <\/font><a href=\"https:\/\/r20.rs6.net\/tn.jsp?f=001xwQfcRXdRoSm9i7kqetta3FfATgiR_qYMOPSj5U2hJbvNaXYSmIoBkGzFjldfo76m7cse1XseYr-SAo57MKSXWpkF6ZoNRU1HNn7PJyp6Z5j3Xwi4WTG87ujLtHQYsSjuG2808bgyZVNF6Du4llf2JKEO6kA-bSi9A8N7NSo5T4V8XVQOk22cA==&amp;c=aHvLPmq-NScY0ZSJbWAs3wqnb_M7FGsqAlwzpdM1kpGs7_Mw0JIWfA==&amp;ch=EPt2VCP7U-T3iZSR3SGg43aS8Nje-wgYw3QXepkJzhKkJFAxtBJipQ==\"><font size=\"3\">www.anascotienesabor.com<\/font><\/a><font size=\"3\">&quot; indico el primer mandatario Est\u00e9vez Mart\u00ednez.<\/font> <\/p>\n<p align=\"center\"><a href=\"https:\/\/bobvarela.com\/wp-content\/uploads\/2015\/08\/cbe68c83-d8b3-4ad6-95c9-bb73dd7fb395.jpg\"><img loading=\"lazy\" decoding=\"async\" title=\"cbe68c83-d8b3-4ad6-95c9-bb73dd7fb395\" style=\"border-top: 0px; border-right: 0px; background-image: none; border-bottom: 0px; padding-top: 0px; padding-left: 0px; border-left: 0px; display: inline; padding-right: 0px\" border=\"0\" alt=\"cbe68c83-d8b3-4ad6-95c9-bb73dd7fb395\" src=\"https:\/\/bobvarela.com\/wp-content\/uploads\/2015\/08\/cbe68c83-d8b3-4ad6-95c9-bb73dd7fb395_thumb.jpg\" width=\"252\" height=\"456\" \/><\/a><\/p>\n","protected":false},"excerpt":{"rendered":"<p>El primer mandatario municipal del municipio de A\u00f1asco Jorge E. Est\u00e9vez Mart\u00ednez ofreci\u00f3 detalles en conferencia de prensa de lo que ser\u00e1 el gran evento gastron\u00f3mico, musical, tur\u00edstico y deportivo que se realizar\u00e1 del 14 al 16 de agosto del&hellip;<\/p>\n<p class=\"more-link-p\"><a class=\"more-link\" href=\"https:\/\/bobvarela.com\/?p=81265\">Read more &rarr;<\/a><\/p>\n","protected":false},"author":1,"featured_media":0,"comment_status":"open","ping_status":"open","sticky":false,"template":"","format":"standard","meta":{"ngg_post_thumbnail":0,"footnotes":""},"categories":[3],"tags":[],"class_list":["post-81265","post","type-post","status-publish","format-standard","hentry","category-actividades"],"_links":{"self":[{"href":"https:\/\/bobvarela.com\/index.php?rest_route=\/wp\/v2\/posts\/81265","targetHints":{"allow":["GET"]}}],"collection":[{"href":"https:\/\/bobvarela.com\/index.php?rest_route=\/wp\/v2\/posts"}],"about":[{"href":"https:\/\/bobvarela.com\/index.php?rest_route=\/wp\/v2\/types\/post"}],"author":[{"embeddable":true,"href":"https:\/\/bobvarela.com\/index.php?rest_route=\/wp\/v2\/users\/1"}],"replies":[{"embeddable":true,"href":"https:\/\/bobvarela.com\/index.php?rest_route=%2Fwp%2Fv2%2Fcomments&post=81265"}],"version-history":[{"count":1,"href":"https:\/\/bobvarela.com\/index.php?rest_route=\/wp\/v2\/posts\/81265\/revisions"}],"predecessor-version":[{"id":81266,"href":"https:\/\/bobvarela.com\/index.php?rest_route=\/wp\/v2\/posts\/81265\/revisions\/81266"}],"wp:attachment":[{"href":"https:\/\/bobvarela.com\/index.php?rest_route=%2Fwp%2Fv2%2Fmedia&parent=81265"}],"wp:term":[{"taxonomy":"category","embeddable":true,"href":"https:\/\/bobvarela.com\/index.php?rest_route=%2Fwp%2Fv2%2Fcategories&post=81265"},{"taxonomy":"post_tag","embeddable":true,"href":"https:\/\/bobvarela.com\/index.php?rest_route=%2Fwp%2Fv2%2Ftags&post=81265"}],"curies":[{"name":"wp","href":"https:\/\/api.w.org\/{rel}","templated":true}]}}