{"id":81467,"date":"2015-08-10T19:49:27","date_gmt":"2015-08-10T23:49:27","guid":{"rendered":"https:\/\/bobvarela.com\/?p=81467"},"modified":"2015-08-10T20:03:56","modified_gmt":"2015-08-11T00:03:56","slug":"san-juan-moda-selecciona-las-5-mujeres-mas-fabulosas-del-ao-anuncian-premios-a-lo-mejor-de-la-4ta-edicin","status":"publish","type":"post","link":"https:\/\/bobvarela.com\/?p=81467","title":{"rendered":"SAN JUAN MODA SELECCIONA LAS 5 MUJERES MAS FABULOSAS DEL A&Ntilde;O Anuncian Premios a lo Mejor de la 4ta Edici&oacute;n"},"content":{"rendered":"<p align=\"center\"><a href=\"https:\/\/bobvarela.com\/wp-content\/uploads\/2015\/08\/11847657_981691655185710_751262457_o.jpg\"><img loading=\"lazy\" decoding=\"async\" title=\"11847657_981691655185710_751262457_o\" style=\"border-top: 0px; border-right: 0px; background-image: none; border-bottom: 0px; padding-top: 0px; padding-left: 0px; border-left: 0px; display: inline; padding-right: 0px\" border=\"0\" alt=\"11847657_981691655185710_751262457_o\" src=\"https:\/\/bobvarela.com\/wp-content\/uploads\/2015\/08\/11847657_981691655185710_751262457_o_thumb.jpg\" width=\"372\" height=\"253\" \/><\/a><\/p>\n<p align=\"center\">from left Gisela Asencio, Gricel Mamery, Lucy Rodriguez Bacardi, Ruby Lefranc y Mimi Emanuelli<\/p>\n<p align=\"justify\"><font size=\"3\">En \u00e9sta, su 5ta Edici\u00f3n, la organizaci\u00f3n San Juan Moda seleccion\u00f3 las cinco mujeres que mejor representan la moda en Puerto Rico como un tributo a la elegancia de las puertorrique\u00f1as, que siempre han sido consideradas entre las mujeres mejor vestidas del mundo, dijo el Presidente de la Organizaci\u00f3n San Juan Moda Carlos Berm\u00fadez.<b><\/b><\/font><\/p>\n<p align=\"justify\"><font size=\"3\">El Proyecto \u201cLas 5 M\u00e1s Fabulosas,\u201d es un concepto que busca reconocer a la mujer que sin perder su estilo y personalidad propia, sabe apreciar y valorar las diferentes tendencias de la moda y hacerlas suyas. Estas son mujeres que no persiguen pasarelas, sino que buscan, escogen y adaptan a sus vidas lo que contribuye a su gusto de cada temporada, convirti\u00e9ndose as\u00ed en \u00edconos de la moda, explic\u00f3 Iris Ed\u00e9n Santiago, creadora del Proyecto.<\/font><\/p>\n<p align=\"justify\"><font size=\"3\">\u201cBuscamos mujeres de todas las generaciones que en cualquier momento del d\u00eda o la noche capturan la atenci\u00f3n de un espacio o evento porque sin ser esclavas de la moda siempre lucen elegantes, contempor\u00e1neas y distinguidas,\u201d dijo Iris Ed\u00e9n, periodista y relacionista profesional con 25 a\u00f1os de experiencia en la industria. \u201cSon mujeres que no pasan desapercibidas &#8211; &#8211; La magia de pertenecer a este exclusivo c\u00edrculo de avanzada es que saben escoger y seleccionar, y no traicionan su estilo propio por ninguna tendencia. Su mejor influencia son ellas mismas.\u201d<\/font><\/p>\n<p align=\"justify\"><font size=\"3\">Este a\u00f1o el distinguido grupo lo componen: Gisela Asencio de Alema\u00f1y, Ruby Lefranc, Lucy Rodr\u00edguez Bacard\u00ed, Gricel Mamery y Mimi Emmanuelli de Rub\u00edn. Estas mujeres ser\u00e1n reconocidas el Viernes 2 de octubre cuando San Juan Moda se convierte en anfitri\u00f3n de la <b>\u201c1era Gala Anual de la Moda\u201d<\/b> a celebrarse en el Hotel San Juan de Isla Verde.<\/font><\/p>\n<p align=\"center\"><a href=\"https:\/\/bobvarela.com\/wp-content\/uploads\/2015\/08\/image.png\"><img loading=\"lazy\" decoding=\"async\" title=\"image\" style=\"border-top: 0px; border-right: 0px; background-image: none; border-bottom: 0px; padding-top: 0px; padding-left: 0px; border-left: 0px; display: inline; padding-right: 0px\" border=\"0\" alt=\"image\" src=\"https:\/\/bobvarela.com\/wp-content\/uploads\/2015\/08\/image_thumb.png\" width=\"340\" height=\"227\" \/><\/a><\/p>\n<p align=\"justify\"><font size=\"3\">Estas damas fueron seleccionadas por un Comit\u00e9 Especial que permanecer\u00e1 en el anonimato para conservar la integridad del proceso. El Comit\u00e9, liderado por Iris Ed\u00e9n, est\u00e1 compuesto por personas conocedoras de la moda que a trav\u00e9s del a\u00f1o observa un n\u00famero de damas en diferentes eventos y actividades sociales as\u00ed como en salidas casuales para crear una lista de posibles candidatas. La lista es evaluada y depurada hasta que el grupo concurre en la selecci\u00f3n final.<\/font><\/p>\n<p align=\"justify\"><font size=\"3\"><b>La Gala de la Moda<\/b> da comienzo a la 5ta Edici\u00f3n de San Juan Moda, que se celebra del 2 al 10 de octubre en el Hotel San Juan.<\/font><\/p>\n<p align=\"justify\"><font size=\"3\">De otra parte, Berm\u00fadez anunci\u00f3 que en la <b>\u201cGala de la Moda,\u201d <\/b>tambi\u00e9n se entregar\u00e1n Premios a lo mejor de la pasarela de la 4ta Edici\u00f3n de San Juan Moda de marzo 2015. Estos Premios ser\u00e1n entregados dos veces al a\u00f1o. El Proyecto de las <b>Mujeres Fabulosas<\/b> es uno anual, y se presentar\u00e1 durante la Edici\u00f3n de Oto\u00f1o-Invierno cada a\u00f1o. Las categor\u00edas de los premios por edici\u00f3n incluyen:<\/font><\/p>\n<p align=\"justify\"><font size=\"3\">\u00b7 Coleci\u00f3n M\u00e1s Imponente Alta Costura<\/font><\/p>\n<p align=\"justify\"><font size=\"3\">\u00b7 Colecci\u00f3n M\u00e1s Imponente Ready to Wear Mujer<\/font><\/p>\n<p align=\"justify\"><font size=\"3\">\u00b7 Colecci\u00f3n M\u00e1s Imponente Ready to Wear Caballeros<\/font><\/p>\n<p align=\"justify\"><font size=\"3\">\u00b7 Premio Confecci\u00f3n Impecable<\/font><\/p>\n<p align=\"justify\"><font size=\"3\">\u00b7 Mejor Vestido de Noche<\/font><\/p>\n<p align=\"justify\"><font size=\"3\">\u00b7 Mejor Vestido de Novia<\/font><\/p>\n<p align=\"justify\"><font size=\"3\">\u00b7 Pasarela Mejor Ambientada<\/font><\/p>\n<p align=\"justify\"><font size=\"3\">\u00b7 Modelo Sobresaliente Mujer<\/font><\/p>\n<p align=\"justify\"><font size=\"3\">\u00b7 Modelo Sobresaliente Hombre<\/font><\/p>\n<p align=\"justify\"><font size=\"3\">\u00b7 Dise\u00f1o de Maquillaje y Peinado m\u00e1s Imponente<\/font><\/p>\n<p align=\"justify\"><font size=\"3\">\u00b7 Mejor Colecci\u00f3n de Accesorios<\/font><\/p>\n<p align=\"justify\"><font size=\"3\">\u00b7 Premio Especial Carlota Alfaro a la Vanguardia<\/font><\/p>\n<p align=\"justify\"><font size=\"3\">Otro aspecto innovador de SJM, es que por primera vez se reconocer\u00e1 el trabajo de los reporteros y redactores de temas relacionados a la moda, as\u00ed como columnistas de Estilos de Vida y el trabajo de los stylists, quienes son responsables de buscar y rebuscar hasta dar con la pieza y el accesorio perfecto para ilustrar los textos de moda. Todos estos profesionales son los art\u00edfices de unas de las secciones m\u00e1s vistas, le\u00eddas y guardadas como referencia no solo por fashionistas sino por todas las personas que gustan de estar informadas de todo lo que ocurre a su alrededor en un mundo global donde todo es importantem incluyendo temas de variedades que sientan pauta y lo mismo son abarcados y abrazads<\/font><a name=\"_GoBack\"><\/a><font size=\"3\">s por pol\u00edticos que empresarios, estudiantes y artistas,<\/font><\/p>\n<p align=\"justify\"><font size=\"3\"><b>La Gala de la Moda<\/b> es una celebraci\u00f3n a la industria con el objetivo de premiar la excelencia en todos sus \u00e1ngulos y promover los diferentes componentes de la misma para apoyarla y hacer de \u00e9sta una industria viva, exitosa y con futuro. Los boletos para la <b>Gala de la Moda<\/b> son a $125 incluyendo IVU + Impuestos. Habr\u00e1 m\u00fasica bailable, coctel y tapas. Para auspiciar esta Gala o pedir m\u00e1s informaci\u00f3n, por favor accede las diferentes plataformas de San Juan Moda en las redes sociales o escribir a: <\/font><a href=\"mailto:ojocreativopr@gmail.com\"><font size=\"3\">ojocreativopr@gmail.com<\/font><\/a><font size=\"3\">.<\/font><\/p>\n<p>Fotos por Giov\u00e1n Cordero-Col\u00f3n<\/p>\n","protected":false},"excerpt":{"rendered":"<p>from left Gisela Asencio, Gricel Mamery, Lucy Rodriguez Bacardi, Ruby Lefranc y Mimi Emanuelli En \u00e9sta, su 5ta Edici\u00f3n, la organizaci\u00f3n San Juan Moda seleccion\u00f3 las cinco mujeres que mejor representan la moda en Puerto Rico como un tributo a&hellip;<\/p>\n<p class=\"more-link-p\"><a class=\"more-link\" href=\"https:\/\/bobvarela.com\/?p=81467\">Read more &rarr;<\/a><\/p>\n","protected":false},"author":1,"featured_media":0,"comment_status":"open","ping_status":"open","sticky":false,"template":"","format":"standard","meta":{"ngg_post_thumbnail":0,"footnotes":""},"categories":[3,4,295],"tags":[],"class_list":["post-81467","post","type-post","status-publish","format-standard","hentry","category-actividades","category-moda","category-puerto-rico"],"_links":{"self":[{"href":"https:\/\/bobvarela.com\/index.php?rest_route=\/wp\/v2\/posts\/81467","targetHints":{"allow":["GET"]}}],"collection":[{"href":"https:\/\/bobvarela.com\/index.php?rest_route=\/wp\/v2\/posts"}],"about":[{"href":"https:\/\/bobvarela.com\/index.php?rest_route=\/wp\/v2\/types\/post"}],"author":[{"embeddable":true,"href":"https:\/\/bobvarela.com\/index.php?rest_route=\/wp\/v2\/users\/1"}],"replies":[{"embeddable":true,"href":"https:\/\/bobvarela.com\/index.php?rest_route=%2Fwp%2Fv2%2Fcomments&post=81467"}],"version-history":[{"count":2,"href":"https:\/\/bobvarela.com\/index.php?rest_route=\/wp\/v2\/posts\/81467\/revisions"}],"predecessor-version":[{"id":81473,"href":"https:\/\/bobvarela.com\/index.php?rest_route=\/wp\/v2\/posts\/81467\/revisions\/81473"}],"wp:attachment":[{"href":"https:\/\/bobvarela.com\/index.php?rest_route=%2Fwp%2Fv2%2Fmedia&parent=81467"}],"wp:term":[{"taxonomy":"category","embeddable":true,"href":"https:\/\/bobvarela.com\/index.php?rest_route=%2Fwp%2Fv2%2Fcategories&post=81467"},{"taxonomy":"post_tag","embeddable":true,"href":"https:\/\/bobvarela.com\/index.php?rest_route=%2Fwp%2Fv2%2Ftags&post=81467"}],"curies":[{"name":"wp","href":"https:\/\/api.w.org\/{rel}","templated":true}]}}