{"id":81678,"date":"2015-08-17T18:01:47","date_gmt":"2015-08-17T22:01:47","guid":{"rendered":"https:\/\/bobvarela.com\/?p=81678"},"modified":"2015-08-17T18:01:47","modified_gmt":"2015-08-17T22:01:47","slug":"conquista-la-pasarela-del-mercedes-benz-nicaragua","status":"publish","type":"post","link":"https:\/\/bobvarela.com\/?p=81678","title":{"rendered":"Conquista la pasarela del Mercedes-Benz Nicaragua"},"content":{"rendered":"<p align=\"justify\"><a href=\"https:\/\/bobvarela.com\/wp-content\/uploads\/2015\/08\/11846739_10152906362091856_563400050645953872_n.jpg\"><img loading=\"lazy\" decoding=\"async\" title=\"11846739_10152906362091856_563400050645953872_n\" style=\"border-top: 0px; border-right: 0px; background-image: none; border-bottom: 0px; float: left; padding-top: 0px; padding-left: 0px; border-left: 0px; display: inline; padding-right: 0px\" border=\"0\" alt=\"11846739_10152906362091856_563400050645953872_n\" src=\"https:\/\/bobvarela.com\/wp-content\/uploads\/2015\/08\/11846739_10152906362091856_563400050645953872_n_thumb.jpg\" width=\"131\" align=\"left\" height=\"207\" \/><\/a><font size=\"3\">El dise\u00f1ador puertorrique\u00f1o Juan Colon fue parte en la apertura del evento de modas Mercedes-Benz Fashion Week Nicaragua en el Crowne Plaza de Managua, donde presento su colecci\u00f3n As\u00ed Soy, fusionada con la nueva l\u00ednea comercial JanCo Unlimited. La colecci\u00f3n cautivo a todos los asistentes al evento siendo est\u00e1 catalogada como la m\u00e1s impactante de ese d\u00eda de apertura. La pasarela presento textiles como el chif\u00f3n, el encaje, los algodones y el jersey, entre otros, se unen a la paleta de colores como: crema dorado, marr\u00f3n y negros. El drama se present\u00f3 en cada pieza de la colecci\u00f3n mostrando fluidez, fuerza y determinaci\u00f3n para captar la atenci\u00f3n de los asistentes que desde que escucharon la m\u00fasica sab\u00edan que esta presentaci\u00f3n ser\u00eda algo especial.<\/font><\/p>\n<p align=\"justify\"><font size=\"3\">\u201dLlegar a un pa\u00eds y ser el dise\u00f1ador invitado por primera vez es un reto adicional que uno tiene, porque no conocen tu trabajo y son un poco reacios a lo nuevo. Yo me rete a presentar un show con drama que diera de que hablar y siento que lo logre, desde la pieza n\u00famero uno en pasarela hasta el cierre, adem\u00e1s de una m\u00fasica diferente a lo acostumbrado en un show resort. S\u00e9 que conocieron de m\u00ed y quede en sus mentes porque al d\u00eda siguiente continuaban las felicitaciones, pero claro el traje que impacto todas las miradas fue el de apertura modelado magistralmente por la modelo puertorrique\u00f1a Paulette Braffette quien viajo como invitada al evento tambi\u00e9n\u201d &#8211; expresa Juan Colon<\/font><\/p>\n<p align=\"center\"><a href=\"https:\/\/bobvarela.com\/wp-content\/uploads\/2015\/08\/11903738_997223880340680_4782153150701912494_n.jpg\"><img loading=\"lazy\" decoding=\"async\" title=\"11903738_997223880340680_4782153150701912494_n\" style=\"border-top: 0px; border-right: 0px; background-image: none; border-bottom: 0px; padding-top: 0px; padding-left: 0px; margin: 0px; border-left: 0px; display: inline; padding-right: 0px\" border=\"0\" alt=\"11903738_997223880340680_4782153150701912494_n\" src=\"https:\/\/bobvarela.com\/wp-content\/uploads\/2015\/08\/11903738_997223880340680_4782153150701912494_n_thumb.jpg\" width=\"131\" height=\"194\" \/><\/a><a href=\"https:\/\/bobvarela.com\/wp-content\/uploads\/2015\/08\/11898858_10152906361526856_2823002026719217780_n.jpg\"><img loading=\"lazy\" decoding=\"async\" title=\"11898858_10152906361526856_2823002026719217780_n\" style=\"border-top: 0px; border-right: 0px; background-image: none; border-bottom: 0px; padding-top: 0px; padding-left: 0px; border-left: 0px; display: inline; padding-right: 0px\" border=\"0\" alt=\"11898858_10152906361526856_2823002026719217780_n\" src=\"https:\/\/bobvarela.com\/wp-content\/uploads\/2015\/08\/11898858_10152906361526856_2823002026719217780_n_thumb.jpg\" width=\"120\" height=\"194\" \/><\/a><a href=\"https:\/\/bobvarela.com\/wp-content\/uploads\/2015\/08\/11233773_10152906361606856_2653514836702814879_n.jpg\"><img loading=\"lazy\" decoding=\"async\" title=\"11233773_10152906361606856_2653514836702814879_n\" style=\"border-top: 0px; border-right: 0px; background-image: none; border-bottom: 0px; padding-top: 0px; padding-left: 0px; margin: 0px; border-left: 0px; display: inline; padding-right: 0px\" border=\"0\" alt=\"11233773_10152906361606856_2653514836702814879_n\" src=\"https:\/\/bobvarela.com\/wp-content\/uploads\/2015\/08\/11233773_10152906361606856_2653514836702814879_n_thumb.jpg\" width=\"131\" height=\"194\" \/><\/a><a href=\"https:\/\/bobvarela.com\/wp-content\/uploads\/2015\/08\/11846729_10152906362126856_6078096033849697983_n.jpg\"><img loading=\"lazy\" decoding=\"async\" title=\"11846729_10152906362126856_6078096033849697983_n\" style=\"border-top: 0px; border-right: 0px; background-image: none; border-bottom: 0px; padding-top: 0px; padding-left: 0px; border-left: 0px; display: inline; padding-right: 0px\" border=\"0\" alt=\"11846729_10152906362126856_6078096033849697983_n\" src=\"https:\/\/bobvarela.com\/wp-content\/uploads\/2015\/08\/11846729_10152906362126856_6078096033849697983_n_thumb.jpg\" width=\"111\" height=\"194\" \/><\/a><a href=\"https:\/\/bobvarela.com\/wp-content\/uploads\/2015\/08\/11892033_10152906361891856_3331967751249779161_n.jpg\"><img loading=\"lazy\" decoding=\"async\" title=\"11892033_10152906361891856_3331967751249779161_n\" style=\"border-top: 0px; border-right: 0px; background-image: none; border-bottom: 0px; padding-top: 0px; padding-left: 0px; border-left: 0px; display: inline; padding-right: 0px\" border=\"0\" alt=\"11892033_10152906361891856_3331967751249779161_n\" src=\"https:\/\/bobvarela.com\/wp-content\/uploads\/2015\/08\/11892033_10152906361891856_3331967751249779161_n_thumb.jpg\" width=\"131\" height=\"194\" \/><\/a><\/p>\n<p align=\"justify\"><font size=\"3\">El creador de moda y belleza Ossiel Herrera quien es el productor general de Mercedes Benz Fashion Week Nicaragua, asegur\u00f3 que con la alianza se proyecta a Nicaragua como uno de los m\u00e1s de 30paises donde ya se celebra la moda internacional.El Mercedes-Benz Fashion Week Nicaragua conto con 19 dise\u00f1adores invitados de diferentes partes de Am\u00e9rica durante el 12-13 de agosto y esperan proyectarse como uno de m\u00e1s crecimiento en Am\u00e9rica Central seg\u00fan detalla su productor Ossiel Herrera.<\/font><\/p>\n<p>Fotos Douglas Tobar<\/p>\n","protected":false},"excerpt":{"rendered":"<p>El dise\u00f1ador puertorrique\u00f1o Juan Colon fue parte en la apertura del evento de modas Mercedes-Benz Fashion Week Nicaragua en el Crowne Plaza de Managua, donde presento su colecci\u00f3n As\u00ed Soy, fusionada con la nueva l\u00ednea comercial JanCo Unlimited. La colecci\u00f3n&hellip;<\/p>\n<p class=\"more-link-p\"><a class=\"more-link\" href=\"https:\/\/bobvarela.com\/?p=81678\">Read more &rarr;<\/a><\/p>\n","protected":false},"author":1,"featured_media":0,"comment_status":"open","ping_status":"open","sticky":false,"template":"","format":"standard","meta":{"ngg_post_thumbnail":0,"footnotes":""},"categories":[265,4,295],"tags":[],"class_list":["post-81678","post","type-post","status-publish","format-standard","hentry","category-mercedes-benz-fashion-week","category-moda","category-puerto-rico"],"_links":{"self":[{"href":"https:\/\/bobvarela.com\/index.php?rest_route=\/wp\/v2\/posts\/81678","targetHints":{"allow":["GET"]}}],"collection":[{"href":"https:\/\/bobvarela.com\/index.php?rest_route=\/wp\/v2\/posts"}],"about":[{"href":"https:\/\/bobvarela.com\/index.php?rest_route=\/wp\/v2\/types\/post"}],"author":[{"embeddable":true,"href":"https:\/\/bobvarela.com\/index.php?rest_route=\/wp\/v2\/users\/1"}],"replies":[{"embeddable":true,"href":"https:\/\/bobvarela.com\/index.php?rest_route=%2Fwp%2Fv2%2Fcomments&post=81678"}],"version-history":[{"count":1,"href":"https:\/\/bobvarela.com\/index.php?rest_route=\/wp\/v2\/posts\/81678\/revisions"}],"predecessor-version":[{"id":81679,"href":"https:\/\/bobvarela.com\/index.php?rest_route=\/wp\/v2\/posts\/81678\/revisions\/81679"}],"wp:attachment":[{"href":"https:\/\/bobvarela.com\/index.php?rest_route=%2Fwp%2Fv2%2Fmedia&parent=81678"}],"wp:term":[{"taxonomy":"category","embeddable":true,"href":"https:\/\/bobvarela.com\/index.php?rest_route=%2Fwp%2Fv2%2Fcategories&post=81678"},{"taxonomy":"post_tag","embeddable":true,"href":"https:\/\/bobvarela.com\/index.php?rest_route=%2Fwp%2Fv2%2Ftags&post=81678"}],"curies":[{"name":"wp","href":"https:\/\/api.w.org\/{rel}","templated":true}]}}