{"id":82738,"date":"2015-08-28T13:12:46","date_gmt":"2015-08-28T17:12:46","guid":{"rendered":"https:\/\/bobvarela.com\/?p=82738"},"modified":"2015-08-28T13:18:09","modified_gmt":"2015-08-28T17:18:09","slug":"galeria-de-novios-en-feria-de-novios-de-plaza-las-americas","status":"publish","type":"post","link":"https:\/\/bobvarela.com\/?p=82738","title":{"rendered":"Galeria de Novios en Feria de Novias de Plaza Las Americas"},"content":{"rendered":"<p align=\"center\"><font size=\"3\"><a href=\"https:\/\/bobvarela.com\/wp-content\/uploads\/2015\/08\/IMG_1197.jpg\"><img loading=\"lazy\" decoding=\"async\" title=\"IMG_1197\" style=\"border-top: 0px; border-right: 0px; background-image: none; border-bottom: 0px; padding-top: 0px; padding-left: 0px; border-left: 0px; display: inline; padding-right: 0px\" border=\"0\" alt=\"IMG_1197\" src=\"https:\/\/bobvarela.com\/wp-content\/uploads\/2015\/08\/IMG_1197_thumb.jpg\" width=\"198\" height=\"134\" \/><\/a><a href=\"https:\/\/bobvarela.com\/wp-content\/uploads\/2015\/08\/IMG_1202.jpg\"><img loading=\"lazy\" decoding=\"async\" title=\"IMG_1202\" style=\"border-top: 0px; border-right: 0px; background-image: none; border-bottom: 0px; padding-top: 0px; padding-left: 0px; border-left: 0px; display: inline; padding-right: 0px\" border=\"0\" alt=\"IMG_1202\" src=\"https:\/\/bobvarela.com\/wp-content\/uploads\/2015\/08\/IMG_1202_thumb.jpg\" width=\"198\" height=\"134\" \/><\/a><a href=\"https:\/\/bobvarela.com\/wp-content\/uploads\/2015\/08\/IMG_1204.jpg\"><img loading=\"lazy\" decoding=\"async\" title=\"IMG_1204\" style=\"border-top: 0px; border-right: 0px; background-image: none; border-bottom: 0px; padding-top: 0px; padding-left: 0px; border-left: 0px; display: inline; padding-right: 0px\" border=\"0\" alt=\"IMG_1204\" src=\"https:\/\/bobvarela.com\/wp-content\/uploads\/2015\/08\/IMG_1204_thumb.jpg\" width=\"198\" height=\"134\" \/><\/a><\/font><\/p>\n<p align=\"justify\"><font size=\"3\">Galer\u00eda de Novios fue parte del gran cierre de la Feria de Novios celebrada en Plaza Las Am\u00e9ricas . El desfile estuvo lleno de elegantes piezas para Novias, Novios, y ni\u00f1os. Caminaron por la pasarela vestidos de Novias blancos, crema con acentos de colores, faldas floreadas complementados con tocados, velos y joyeria exclusiva de Galer\u00eda de Novios. Para el caballero se present\u00f3 la variedad en moda Slim-Fit en tuxedos la cual se combin\u00f3 con chaquetas en colores. Hay que destacar la participaci\u00f3n de Miss Teen World Puerto Rico 2015 Kareliz Maldonado, Mr. Puerto Rico Petite Jovielle Santiago, Mr. Universe Puerto Rico Zhavi Lay, y candidatas del Miss Puerto Rico 2016; Miss Guayama Yamilette Rivera, Miss Cayey Gabriela Santini y Miss Bayam\u00f3n Laihany Pont\u00f3n.<\/font><\/p>\nngg_shortcode_0_placeholder\n","protected":false},"excerpt":{"rendered":"<p>Galer\u00eda de Novios fue parte del gran cierre de la Feria de Novios celebrada en Plaza Las Am\u00e9ricas . El desfile estuvo lleno de elegantes piezas para Novias, Novios, y ni\u00f1os. Caminaron por la pasarela vestidos de Novias blancos, crema&hellip;<\/p>\n<p class=\"more-link-p\"><a class=\"more-link\" href=\"https:\/\/bobvarela.com\/?p=82738\">Read more &rarr;<\/a><\/p>\n","protected":false},"author":1,"featured_media":0,"comment_status":"open","ping_status":"open","sticky":false,"template":"","format":"standard","meta":{"ngg_post_thumbnail":0,"footnotes":""},"categories":[4,295],"tags":[],"class_list":["post-82738","post","type-post","status-publish","format-standard","hentry","category-moda","category-puerto-rico"],"_links":{"self":[{"href":"https:\/\/bobvarela.com\/index.php?rest_route=\/wp\/v2\/posts\/82738","targetHints":{"allow":["GET"]}}],"collection":[{"href":"https:\/\/bobvarela.com\/index.php?rest_route=\/wp\/v2\/posts"}],"about":[{"href":"https:\/\/bobvarela.com\/index.php?rest_route=\/wp\/v2\/types\/post"}],"author":[{"embeddable":true,"href":"https:\/\/bobvarela.com\/index.php?rest_route=\/wp\/v2\/users\/1"}],"replies":[{"embeddable":true,"href":"https:\/\/bobvarela.com\/index.php?rest_route=%2Fwp%2Fv2%2Fcomments&post=82738"}],"version-history":[{"count":2,"href":"https:\/\/bobvarela.com\/index.php?rest_route=\/wp\/v2\/posts\/82738\/revisions"}],"predecessor-version":[{"id":82740,"href":"https:\/\/bobvarela.com\/index.php?rest_route=\/wp\/v2\/posts\/82738\/revisions\/82740"}],"wp:attachment":[{"href":"https:\/\/bobvarela.com\/index.php?rest_route=%2Fwp%2Fv2%2Fmedia&parent=82738"}],"wp:term":[{"taxonomy":"category","embeddable":true,"href":"https:\/\/bobvarela.com\/index.php?rest_route=%2Fwp%2Fv2%2Fcategories&post=82738"},{"taxonomy":"post_tag","embeddable":true,"href":"https:\/\/bobvarela.com\/index.php?rest_route=%2Fwp%2Fv2%2Ftags&post=82738"}],"curies":[{"name":"wp","href":"https:\/\/api.w.org\/{rel}","templated":true}]}}