{"id":83713,"date":"2015-09-28T18:06:45","date_gmt":"2015-09-28T22:06:45","guid":{"rendered":"https:\/\/bobvarela.com\/?p=83713"},"modified":"2015-09-28T18:06:45","modified_gmt":"2015-09-28T22:06:45","slug":"kelvin-giovannie-presenta-su-nueva-coleccin-primavera-verano-2016-en-san-juan-moda","status":"publish","type":"post","link":"https:\/\/bobvarela.com\/?p=83713","title":{"rendered":"Kelvin Giovannie presenta su nueva colecci&oacute;n primavera verano 2016 en San Juan Moda"},"content":{"rendered":"<p align=\"center\"><font size=\"3\"><a href=\"https:\/\/bobvarela.com\/wp-content\/uploads\/2015\/09\/12063946_10208307286225222_1091557390_n.jpg\"><img loading=\"lazy\" decoding=\"async\" title=\"12063946_10208307286225222_1091557390_n\" style=\"border-top: 0px; border-right: 0px; background-image: none; border-bottom: 0px; padding-top: 0px; padding-left: 0px; border-left: 0px; display: inline; padding-right: 0px\" border=\"0\" alt=\"12063946_10208307286225222_1091557390_n\" src=\"https:\/\/bobvarela.com\/wp-content\/uploads\/2015\/09\/12063946_10208307286225222_1091557390_n_thumb.jpg\" width=\"306\" height=\"352\" \/><\/a><\/font><\/p>\n<p align=\"justify\"><font size=\"3\">Por segunda temporada el ganador de la primera edici\u00f3n de Revelaci\u00f3n Moda, Kelvin Giovannie presentar\u00e1 su nueva colecci\u00f3n titulada Cubik, en el San Juan Moda. La propuesta se presentar\u00e1 el martes, 6 de octubre, a las 8:00 p.m., en el Ballroom del Hotel San Juan. <\/font><\/p>\n<p align=\"justify\"><font size=\"3\">Seg\u00fan el dise\u00f1ador, en esta ocasi\u00f3n la colecci\u00f3n est\u00e1 inspirada en el cubismo, un movimiento art\u00edstico nacido en Francia y en el que se destacan la geometr\u00eda y el color como protagonista de este arte que cambi\u00f3 la perspectiva de la pintura para ese entonces. La geometr\u00eda, los cortes y detalles que plasma este movimiento son caracter\u00edsticas principales que forman la nueva colecci\u00f3n. <\/font><\/p>\n<p align=\"justify\"><font size=\"3\">\u201cEstoy bien contento porque el p\u00fablico tendr\u00e1n la oportunidad de ver mi segunda colecci\u00f3n en esta importante pasarela. Presentar\u00e9 piezas art\u00edsticas que est\u00e1n inspiradas en el cubismo. En esta propuesta llevo mis piezas a otro nivel, pero sin perder lo que es mi esencia como (CONTIN\u00daA) dise\u00f1ador. La elegancia y el arte se fusionan en esta colecci\u00f3n con una variedad de textiles que la hace diferente\u201d, super moderna y en tendencia dijo Kelvin Giovannie, dise\u00f1ador egresado de EDP University. <\/font><\/p>\n<p align=\"justify\"><font size=\"3\">El joven dise\u00f1ador, quien ha presentado en pasados a\u00f1os sus propuestas a nivel internacional, destac\u00f3 que el color ivory, naranja y el gris, forman parte de la gama de colores de la nueva colecci\u00f3n. Algunas piezas tendr\u00e1n estampados y otras un toque art\u00edstico pintadas a mano. Telas en algod\u00f3n, estampados dise\u00f1ados en cotton silk y guipur met\u00e1licos son algunos de los textiles que formar\u00e1n parte de su propuesta. La propuesta estara acompa\u00f1ada de la joyer\u00eda de la destacada Dise\u00f1adoras de acessorios Ruby D\u00e1vila quien uso el mismo elemento para crear obras artesanales y comercial para complementar un &quot;total look&quot;. Para Informaci\u00f3n y boletos con la Sra. Castro al 787\u00ad597\u00ad1380<\/font><\/p>\n","protected":false},"excerpt":{"rendered":"<p>Por segunda temporada el ganador de la primera edici\u00f3n de Revelaci\u00f3n Moda, Kelvin Giovannie presentar\u00e1 su nueva colecci\u00f3n titulada Cubik, en el San Juan Moda. La propuesta se presentar\u00e1 el martes, 6 de octubre, a las 8:00 p.m., en el&hellip;<\/p>\n<p class=\"more-link-p\"><a class=\"more-link\" href=\"https:\/\/bobvarela.com\/?p=83713\">Read more &rarr;<\/a><\/p>\n","protected":false},"author":1,"featured_media":0,"comment_status":"open","ping_status":"open","sticky":false,"template":"","format":"standard","meta":{"ngg_post_thumbnail":0,"footnotes":""},"categories":[4,295],"tags":[],"class_list":["post-83713","post","type-post","status-publish","format-standard","hentry","category-moda","category-puerto-rico"],"_links":{"self":[{"href":"https:\/\/bobvarela.com\/index.php?rest_route=\/wp\/v2\/posts\/83713","targetHints":{"allow":["GET"]}}],"collection":[{"href":"https:\/\/bobvarela.com\/index.php?rest_route=\/wp\/v2\/posts"}],"about":[{"href":"https:\/\/bobvarela.com\/index.php?rest_route=\/wp\/v2\/types\/post"}],"author":[{"embeddable":true,"href":"https:\/\/bobvarela.com\/index.php?rest_route=\/wp\/v2\/users\/1"}],"replies":[{"embeddable":true,"href":"https:\/\/bobvarela.com\/index.php?rest_route=%2Fwp%2Fv2%2Fcomments&post=83713"}],"version-history":[{"count":1,"href":"https:\/\/bobvarela.com\/index.php?rest_route=\/wp\/v2\/posts\/83713\/revisions"}],"predecessor-version":[{"id":83714,"href":"https:\/\/bobvarela.com\/index.php?rest_route=\/wp\/v2\/posts\/83713\/revisions\/83714"}],"wp:attachment":[{"href":"https:\/\/bobvarela.com\/index.php?rest_route=%2Fwp%2Fv2%2Fmedia&parent=83713"}],"wp:term":[{"taxonomy":"category","embeddable":true,"href":"https:\/\/bobvarela.com\/index.php?rest_route=%2Fwp%2Fv2%2Fcategories&post=83713"},{"taxonomy":"post_tag","embeddable":true,"href":"https:\/\/bobvarela.com\/index.php?rest_route=%2Fwp%2Fv2%2Ftags&post=83713"}],"curies":[{"name":"wp","href":"https:\/\/api.w.org\/{rel}","templated":true}]}}