{"id":88026,"date":"2015-10-27T13:14:55","date_gmt":"2015-10-27T17:14:55","guid":{"rendered":"https:\/\/bobvarela.com\/?p=88026"},"modified":"2015-10-27T13:14:56","modified_gmt":"2015-10-27T17:14:56","slug":"jaer-cabn-antillean-nouveau-primavera-verano-2016-en-san-juan-moda","status":"publish","type":"post","link":"https:\/\/bobvarela.com\/?p=88026","title":{"rendered":"Jaer Cab&aacute;n Antillean Nouveau-Primavera-Verano 2016 En San Juan Moda"},"content":{"rendered":"<p align=\"justify\"><font size=\"3\">Colecci\u00f3n inspirada en la belleza que evocan los detalles de las artes decorativas y arquitect\u00f3nicas cl\u00e1sicas de Puerto Rico. Re\u00fane acentos de las caracter\u00edsticas est\u00e9ticas que establecieron las generaciones puertorrique\u00f1as pasadas, que a\u00fan hoy d\u00eda se disfrutan, y que, mediante esta muestra que sirve de una ejecuci\u00f3n muy contempor\u00e1nea, delinean un estilo neo-campestre, o como bien la llaman en la Isla, neo-j\u00edbaro.<\/font> <\/p>\n<p align=\"justify\"><font size=\"3\">Losas criollas, muebles de pajilla trenzada, ventanales r\u00fasticos, detalles en encaje de mundillo y la indumentaria tradicional del baile afrocaribe\u00f1o de la bomba, son algunos de los detalles que se renuevan mediante estructuras de bieses de tela entrelazados, cortes l\u00e1ser, m\u00faltiples lazos satinados, transparencias y faldas amplias. Todo enmarcado sobre una paleta refrescante, predominantemente blanca y amarilla, y confeccionado en textiles como el sat\u00edn, gazar de seda, encajes y twill, que en conjunto se complementan para transmitir una exquisita vibra antillana, refinada y moderna, para esta temporada de Primavera-Verano 2016.&#8221;<\/font> <\/p>\n<p align=\"justify\"><font size=\"3\">Auspiciadores de esta colecci\u00f3n:<\/font> <\/p>\n<p align=\"justify\"><font size=\"3\">&#8211; El Museo del Mundillo: nos est\u00e1n confeccionando piezas de mundillo. <\/font> <\/p>\n<p align=\"justify\"><font size=\"3\">&#8211; Dise\u00f1adora Norma Dom\u00ednguez: confecci\u00f3n de carteras y correas<\/font> <\/p>\n<p align=\"justify\"><font size=\"3\">&#8211; Dise\u00f1adora Jennifer Marrero: confecci\u00f3n prendas (collares, pantallas, pulseras)<\/font> <\/p>\n<p align=\"justify\"><font size=\"3\">&#8211; Reyes Play: confecci\u00f3n de viseras <\/font> <\/p>\n<p align=\"justify\"><font size=\"3\">-Cortes L\u00e1ser: Programa STEMplusD de la Escuela Internacional de Dise\u00f1o y Arquitectura, Universidad del Turabo<\/font> <\/p>\n<p align=\"justify\">ngg_shortcode_0_placeholder<\/p>\n","protected":false},"excerpt":{"rendered":"<p>Colecci\u00f3n inspirada en la belleza que evocan los detalles de las artes decorativas y arquitect\u00f3nicas cl\u00e1sicas de Puerto Rico. Re\u00fane acentos de las caracter\u00edsticas est\u00e9ticas que establecieron las generaciones puertorrique\u00f1as pasadas, que a\u00fan hoy d\u00eda se disfrutan, y que, mediante&hellip;<\/p>\n<p class=\"more-link-p\"><a class=\"more-link\" href=\"https:\/\/bobvarela.com\/?p=88026\">Read more &rarr;<\/a><\/p>\n","protected":false},"author":1,"featured_media":0,"comment_status":"open","ping_status":"open","sticky":false,"template":"","format":"standard","meta":{"ngg_post_thumbnail":0,"footnotes":""},"categories":[4,295],"tags":[],"class_list":["post-88026","post","type-post","status-publish","format-standard","hentry","category-moda","category-puerto-rico"],"_links":{"self":[{"href":"https:\/\/bobvarela.com\/index.php?rest_route=\/wp\/v2\/posts\/88026","targetHints":{"allow":["GET"]}}],"collection":[{"href":"https:\/\/bobvarela.com\/index.php?rest_route=\/wp\/v2\/posts"}],"about":[{"href":"https:\/\/bobvarela.com\/index.php?rest_route=\/wp\/v2\/types\/post"}],"author":[{"embeddable":true,"href":"https:\/\/bobvarela.com\/index.php?rest_route=\/wp\/v2\/users\/1"}],"replies":[{"embeddable":true,"href":"https:\/\/bobvarela.com\/index.php?rest_route=%2Fwp%2Fv2%2Fcomments&post=88026"}],"version-history":[{"count":1,"href":"https:\/\/bobvarela.com\/index.php?rest_route=\/wp\/v2\/posts\/88026\/revisions"}],"predecessor-version":[{"id":88027,"href":"https:\/\/bobvarela.com\/index.php?rest_route=\/wp\/v2\/posts\/88026\/revisions\/88027"}],"wp:attachment":[{"href":"https:\/\/bobvarela.com\/index.php?rest_route=%2Fwp%2Fv2%2Fmedia&parent=88026"}],"wp:term":[{"taxonomy":"category","embeddable":true,"href":"https:\/\/bobvarela.com\/index.php?rest_route=%2Fwp%2Fv2%2Fcategories&post=88026"},{"taxonomy":"post_tag","embeddable":true,"href":"https:\/\/bobvarela.com\/index.php?rest_route=%2Fwp%2Fv2%2Ftags&post=88026"}],"curies":[{"name":"wp","href":"https:\/\/api.w.org\/{rel}","templated":true}]}}