{"id":88243,"date":"2015-10-28T11:42:59","date_gmt":"2015-10-28T15:42:59","guid":{"rendered":"https:\/\/bobvarela.com\/?p=88243"},"modified":"2015-10-28T11:47:09","modified_gmt":"2015-10-28T15:47:09","slug":"naeem-khan-primavera-verano-2016-en-el-mercedes-benz-fashion-week-panam-2015","status":"publish","type":"post","link":"https:\/\/bobvarela.com\/?p=88243","title":{"rendered":"Naeem Khan Primavera-verano 2016 en el Mercedes Benz Fashion Week Panam&aacute; 2015"},"content":{"rendered":"<p align=\"center\"><font size=\"3\"><a href=\"https:\/\/bobvarela.com\/wp-content\/uploads\/2015\/10\/IMG_0298.jpg\"><img loading=\"lazy\" decoding=\"async\" title=\"IMG_0298\" style=\"border-top: 0px; border-right: 0px; background-image: none; border-bottom: 0px; padding-top: 0px; padding-left: 0px; border-left: 0px; display: inline; padding-right: 0px\" border=\"0\" alt=\"IMG_0298\" src=\"https:\/\/bobvarela.com\/wp-content\/uploads\/2015\/10\/IMG_0298_thumb.jpg\" width=\"438\" height=\"286\"\/><\/a><\/font><\/p>\n<p align=\"justify\"><font size=\"3\">El&nbsp;&nbsp; 27 de octubre&nbsp; en Atlapa, Panama, Naeem Khan presento su colecci\u00f3n Primavera-verano 2016. Su pasarela durante la semana de la moda paname\u00f1a fue&nbsp; un esfuerzo para recaudar fondos para los programas educativos de United Way Panam\u00e1.<\/font><\/p>\n<p align=\"justify\">ngg_shortcode_0_placeholder<\/p>\n","protected":false},"excerpt":{"rendered":"<p>El&nbsp;&nbsp; 27 de octubre&nbsp; en Atlapa, Panama, Naeem Khan presento su colecci\u00f3n Primavera-verano 2016. Su pasarela durante la semana de la moda paname\u00f1a fue&nbsp; un esfuerzo para recaudar fondos para los programas educativos de United Way Panam\u00e1.<\/p>\n<p class=\"more-link-p\"><a class=\"more-link\" href=\"https:\/\/bobvarela.com\/?p=88243\">Read more &rarr;<\/a><\/p>\n","protected":false},"author":1,"featured_media":0,"comment_status":"open","ping_status":"open","sticky":false,"template":"","format":"standard","meta":{"ngg_post_thumbnail":0,"footnotes":""},"categories":[265,4,480],"tags":[],"class_list":["post-88243","post","type-post","status-publish","format-standard","hentry","category-mercedes-benz-fashion-week","category-moda","category-panama"],"_links":{"self":[{"href":"https:\/\/bobvarela.com\/index.php?rest_route=\/wp\/v2\/posts\/88243","targetHints":{"allow":["GET"]}}],"collection":[{"href":"https:\/\/bobvarela.com\/index.php?rest_route=\/wp\/v2\/posts"}],"about":[{"href":"https:\/\/bobvarela.com\/index.php?rest_route=\/wp\/v2\/types\/post"}],"author":[{"embeddable":true,"href":"https:\/\/bobvarela.com\/index.php?rest_route=\/wp\/v2\/users\/1"}],"replies":[{"embeddable":true,"href":"https:\/\/bobvarela.com\/index.php?rest_route=%2Fwp%2Fv2%2Fcomments&post=88243"}],"version-history":[{"count":2,"href":"https:\/\/bobvarela.com\/index.php?rest_route=\/wp\/v2\/posts\/88243\/revisions"}],"predecessor-version":[{"id":88245,"href":"https:\/\/bobvarela.com\/index.php?rest_route=\/wp\/v2\/posts\/88243\/revisions\/88245"}],"wp:attachment":[{"href":"https:\/\/bobvarela.com\/index.php?rest_route=%2Fwp%2Fv2%2Fmedia&parent=88243"}],"wp:term":[{"taxonomy":"category","embeddable":true,"href":"https:\/\/bobvarela.com\/index.php?rest_route=%2Fwp%2Fv2%2Fcategories&post=88243"},{"taxonomy":"post_tag","embeddable":true,"href":"https:\/\/bobvarela.com\/index.php?rest_route=%2Fwp%2Fv2%2Ftags&post=88243"}],"curies":[{"name":"wp","href":"https:\/\/api.w.org\/{rel}","templated":true}]}}