{"id":88702,"date":"2015-11-06T14:17:20","date_gmt":"2015-11-06T18:17:20","guid":{"rendered":"https:\/\/bobvarela.com\/?p=88702"},"modified":"2015-11-17T20:42:09","modified_gmt":"2015-11-18T00:42:09","slug":"gladys-vallarino-en-el-mercedes-benz-fashion-week-panama-2015","status":"publish","type":"post","link":"https:\/\/bobvarela.com\/?p=88702","title":{"rendered":"Gladys Vallarino en el Mercedes-Benz Fashion Week Panama 2015"},"content":{"rendered":"<p><span style=\"font-size: medium;\">Gladys Vallarino en su colecci\u00f3n &#8220;Amor tropical&#8221; a\u00f1adi\u00f3 a la pasarela una propuesta de diferentes estilos de carteras con mezcla de pieles\u00a0 pieles ex\u00f3ticas de cocodrilo, misma que extrae de su finca autosostenible con telas y gasas . Vallarino debut\u00f3 con hermosas prendas de vestir.<\/span><\/p>\n<p align=\"justify\">ngg_shortcode_0_placeholder<\/p>\n","protected":false},"excerpt":{"rendered":"<p>Gladys Vallarino en su colecci\u00f3n &#8220;Amor tropical&#8221; a\u00f1adi\u00f3 a la pasarela una propuesta de diferentes estilos de carteras con mezcla de pieles\u00a0 pieles ex\u00f3ticas de cocodrilo, misma que extrae de su finca autosostenible con telas y gasas . Vallarino debut\u00f3&hellip;<\/p>\n<p class=\"more-link-p\"><a class=\"more-link\" href=\"https:\/\/bobvarela.com\/?p=88702\">Read more &rarr;<\/a><\/p>\n","protected":false},"author":1,"featured_media":0,"comment_status":"open","ping_status":"open","sticky":false,"template":"","format":"standard","meta":{"ngg_post_thumbnail":0,"footnotes":""},"categories":[265,4,480],"tags":[],"class_list":["post-88702","post","type-post","status-publish","format-standard","hentry","category-mercedes-benz-fashion-week","category-moda","category-panama"],"_links":{"self":[{"href":"https:\/\/bobvarela.com\/index.php?rest_route=\/wp\/v2\/posts\/88702","targetHints":{"allow":["GET"]}}],"collection":[{"href":"https:\/\/bobvarela.com\/index.php?rest_route=\/wp\/v2\/posts"}],"about":[{"href":"https:\/\/bobvarela.com\/index.php?rest_route=\/wp\/v2\/types\/post"}],"author":[{"embeddable":true,"href":"https:\/\/bobvarela.com\/index.php?rest_route=\/wp\/v2\/users\/1"}],"replies":[{"embeddable":true,"href":"https:\/\/bobvarela.com\/index.php?rest_route=%2Fwp%2Fv2%2Fcomments&post=88702"}],"version-history":[{"count":3,"href":"https:\/\/bobvarela.com\/index.php?rest_route=\/wp\/v2\/posts\/88702\/revisions"}],"predecessor-version":[{"id":89625,"href":"https:\/\/bobvarela.com\/index.php?rest_route=\/wp\/v2\/posts\/88702\/revisions\/89625"}],"wp:attachment":[{"href":"https:\/\/bobvarela.com\/index.php?rest_route=%2Fwp%2Fv2%2Fmedia&parent=88702"}],"wp:term":[{"taxonomy":"category","embeddable":true,"href":"https:\/\/bobvarela.com\/index.php?rest_route=%2Fwp%2Fv2%2Fcategories&post=88702"},{"taxonomy":"post_tag","embeddable":true,"href":"https:\/\/bobvarela.com\/index.php?rest_route=%2Fwp%2Fv2%2Ftags&post=88702"}],"curies":[{"name":"wp","href":"https:\/\/api.w.org\/{rel}","templated":true}]}}