{"id":89261,"date":"2015-11-09T19:32:18","date_gmt":"2015-11-09T23:32:18","guid":{"rendered":"https:\/\/bobvarela.com\/?p=89261"},"modified":"2015-11-09T19:32:18","modified_gmt":"2015-11-09T23:32:18","slug":"paolo-errico-en-el-mercedes-benz-fashion-week-panama-2015","status":"publish","type":"post","link":"https:\/\/bobvarela.com\/?p=89261","title":{"rendered":"Paolo Errico  en el Mercedes-Benz Fashion Week Panama 2015"},"content":{"rendered":"<p align=\"center\"><font size=\"3\"><a href=\"https:\/\/bobvarela.com\/wp-content\/uploads\/2015\/11\/IMG_1685.jpg\"><img loading=\"lazy\" decoding=\"async\" title=\"IMG_1685\" style=\"border-top: 0px; border-right: 0px; background-image: none; border-bottom: 0px; padding-top: 0px; padding-left: 0px; border-left: 0px; display: inline; padding-right: 0px\" border=\"0\" alt=\"IMG_1685\" src=\"https:\/\/bobvarela.com\/wp-content\/uploads\/2015\/11\/IMG_1685_thumb.jpg\" width=\"384\" height=\"289\" \/><\/a><\/font><\/p>\n<p align=\"justify\"><font size=\"3\">Las colecciones de Paolo Errico siempre incluyen nuevas y creativas propuestas de ropa de Malla, llegando a ser integral al ADN de la marca.<\/font><\/p>\n<p align=\"justify\"><font size=\"3\">Unir \u201cre-uniendo\u201d es que la clave de sus creaciones y sin duda la manera que tiene de experimentar con nuevas f\u00f3rmulas y lenguajes de expresi\u00f3n; un modo de explorar nuevas maneras de interactuar con la materia que reinterpreta el mundo femenino.<\/font><\/p>\n<p align=\"justify\"><font size=\"3\">PAOLO ERRICO se inspira en las formas primordialmente geom\u00e9tricas como c\u00edrculo, tri\u00e1ngulo y cuadrado. Dibuja manteniendo la silueta femenina como base pero al mismo tiempo construyendo formas inspiradas por el dise\u00f1o arquitect\u00f3nico, las calles y la naturaleza.<\/font><\/p>\n<p align=\"justify\"><font size=\"3\">Una caracter\u00edstica \u00fanica y bien marcada de los dise\u00f1os de PAOLO ERRICO es que cada pieza puede ser usada de diferentes maneras, seg\u00fan como cada usuario se sienta mejor.<\/font><\/p>\n<p align=\"justify\"><font size=\"3\">\u201cEste negocio es acerca de vender sue\u00f1os, por lo que queda de parte de cada clienta, interpretar a su manera cada elecci\u00f3n, siguiendo su propio individualismo.\u201d<\/font><\/p>\nngg_shortcode_0_placeholder\n","protected":false},"excerpt":{"rendered":"<p>Las colecciones de Paolo Errico siempre incluyen nuevas y creativas propuestas de ropa de Malla, llegando a ser integral al ADN de la marca. Unir \u201cre-uniendo\u201d es que la clave de sus creaciones y sin duda la manera que tiene&hellip;<\/p>\n<p class=\"more-link-p\"><a class=\"more-link\" href=\"https:\/\/bobvarela.com\/?p=89261\">Read more &rarr;<\/a><\/p>\n","protected":false},"author":1,"featured_media":0,"comment_status":"open","ping_status":"open","sticky":false,"template":"","format":"standard","meta":{"ngg_post_thumbnail":0,"footnotes":""},"categories":[265,4,480],"tags":[],"class_list":["post-89261","post","type-post","status-publish","format-standard","hentry","category-mercedes-benz-fashion-week","category-moda","category-panama"],"_links":{"self":[{"href":"https:\/\/bobvarela.com\/index.php?rest_route=\/wp\/v2\/posts\/89261","targetHints":{"allow":["GET"]}}],"collection":[{"href":"https:\/\/bobvarela.com\/index.php?rest_route=\/wp\/v2\/posts"}],"about":[{"href":"https:\/\/bobvarela.com\/index.php?rest_route=\/wp\/v2\/types\/post"}],"author":[{"embeddable":true,"href":"https:\/\/bobvarela.com\/index.php?rest_route=\/wp\/v2\/users\/1"}],"replies":[{"embeddable":true,"href":"https:\/\/bobvarela.com\/index.php?rest_route=%2Fwp%2Fv2%2Fcomments&post=89261"}],"version-history":[{"count":1,"href":"https:\/\/bobvarela.com\/index.php?rest_route=\/wp\/v2\/posts\/89261\/revisions"}],"predecessor-version":[{"id":89262,"href":"https:\/\/bobvarela.com\/index.php?rest_route=\/wp\/v2\/posts\/89261\/revisions\/89262"}],"wp:attachment":[{"href":"https:\/\/bobvarela.com\/index.php?rest_route=%2Fwp%2Fv2%2Fmedia&parent=89261"}],"wp:term":[{"taxonomy":"category","embeddable":true,"href":"https:\/\/bobvarela.com\/index.php?rest_route=%2Fwp%2Fv2%2Fcategories&post=89261"},{"taxonomy":"post_tag","embeddable":true,"href":"https:\/\/bobvarela.com\/index.php?rest_route=%2Fwp%2Fv2%2Ftags&post=89261"}],"curies":[{"name":"wp","href":"https:\/\/api.w.org\/{rel}","templated":true}]}}