{"id":89611,"date":"2015-11-14T12:28:38","date_gmt":"2015-11-14T16:28:38","guid":{"rendered":"https:\/\/bobvarela.com\/?p=89611"},"modified":"2015-11-14T12:28:38","modified_gmt":"2015-11-14T16:28:38","slug":"de-la-ghetto-cautiva-a-sus-fanticos","status":"publish","type":"post","link":"https:\/\/bobvarela.com\/?p=89611","title":{"rendered":"De La Ghetto cautiva a sus fan&aacute;ticos"},"content":{"rendered":"<p><img loading=\"lazy\" decoding=\"async\" style=\"float: none; margin-left: auto; display: block; margin-right: auto\" border=\"0\" hspace=\"5\" vspace=\"5\" src=\"https:\/\/files.ctctcdn.com\/e68561ca001\/548bb9bb-d1a4-483d-8241-a68020b79be4.jpg\" width=\"450\" height=\"300\" \/>    <br \/><font size=\"3\"><strong>San Juan, Puerto Rico (14 de noviembre de 2015)<\/strong> &#8211; Con un espect\u00e1culo nunca antes visto de un exponente del g\u00e9nero urbano, De La Ghetto demostr\u00f3 ayer su liderato en la m\u00fasica tras su concierto celebrado en el Coliseo de Puerto Rico, Jos\u00e9 Miguel Agrelot. Con una entrada desde lo alto del Coliseo y recorriendo toda el \u00e1rea hasta llegar a la tarima, el din\u00e1mico artista comenz\u00f3 cantando sus \u00e9xitos &quot;T\u00fa te imagina&quot;, &quot;Excit\u00e1ndonos&quot; y &quot;Dices&quot; lo que arranc\u00f3 la ovaci\u00f3n del p\u00fablico.<\/font> <\/p>\n<p><img loading=\"lazy\" decoding=\"async\" style=\"float: none; margin-left: auto; display: block; margin-right: auto\" border=\"0\" hspace=\"5\" vspace=\"5\" src=\"https:\/\/files.ctctcdn.com\/e68561ca001\/e2b7317f-0828-47ee-9e73-b26611f6cd08.jpg\" width=\"400\" height=\"225\" \/> <\/p>\n<p align=\"justify\"><font size=\"3\">Los fan\u00e1ticos se mantuvieron en pie cautivos, para disfrutar de cada artista invitado que junto a De La Ghetto compartieron en la imponente tarima. Entre los exponentes del g\u00e9nero que se dieron cita est\u00e1n: Farruko, Pusho, Rookie, Alexio, Guelo Star, Jowel y Randy, Arc\u00e1ngel, Alexis y Fido, Zion y Lennox, J \u00c1lvarez y Nicky Jam.<\/font> <\/p>\n<p align=\"center\"><img loading=\"lazy\" decoding=\"async\" border=\"0\" hspace=\"5\" vspace=\"5\" src=\"https:\/\/files.ctctcdn.com\/e68561ca001\/45016948-6b57-4ddf-a72d-a406fd7ea620.jpg\" width=\"285\" height=\"139\" \/><img loading=\"lazy\" decoding=\"async\" border=\"0\" hspace=\"5\" vspace=\"5\" src=\"https:\/\/files.ctctcdn.com\/e68561ca001\/7c67b83d-9570-4070-9a73-fd24f7ea15d9.jpg\" width=\"272\" height=\"140\" \/>    <\/p>\n<p align=\"center\"><img loading=\"lazy\" decoding=\"async\" border=\"0\" hspace=\"5\" vspace=\"5\" src=\"https:\/\/files.ctctcdn.com\/e68561ca001\/28103616-e280-47a0-a1ce-bd1bba8b1820.jpg\" width=\"400\" height=\"196\" \/>    <\/p>\n<p align=\"justify\"><font size=\"3\">Ante un abarrotado coliseo, el p\u00fablico disfrut\u00f3 de un extenso repertorio de \u00e9xitos que marcaron la trayectoria del artista. Los fan\u00e1ticos cantaron de sus favoritas &quot;Es Dif\u00edcil&quot;, &quot;Se te nota&quot;, &quot;Romper la discoteca&quot;, &quot;Sensaci\u00f3n del bloque&quot;. El momento m\u00e1s emotivo de la noche fue el subir al escenario con Arc\u00e1ngel &quot;La Maravilla&quot;, con quien inici\u00f3 en el g\u00e9nero urbano.<\/font> <\/p>\n<p align=\"center\"><img loading=\"lazy\" decoding=\"async\" border=\"0\" hspace=\"5\" vspace=\"5\" src=\"https:\/\/files.ctctcdn.com\/e68561ca001\/bf7f67aa-ea7e-43c4-8bd1-e03549c6d07f.jpg\" width=\"400\" height=\"230\" \/>    <br \/><em>De La Ghetto y Arc\u00e1ngel<\/em>     <\/p>\n<p align=\"justify\"><font size=\"3\">Pero la euforia del p\u00fablico no se detuvo, a De La Ghetto se le uni\u00f3, Nicky Jam, Zion y Arc\u00e1ngel para interpretar el remix del tema &quot;Travesuras&quot; y &quot;Si t\u00fa no est\u00e1s&quot; arrancando los aplausos de la sala. &quot;Mi Movimiento&quot; cerr\u00f3 con el \u00e9xito &quot;Fronteamos porque podemos&quot;, \u00faltimo sencillo lanzado hace unas semanas.<\/font><\/p>\n<p align=\"center\"><img loading=\"lazy\" decoding=\"async\" border=\"0\" hspace=\"5\" vspace=\"5\" src=\"https:\/\/files.ctctcdn.com\/e68561ca001\/30730fb1-bf8b-4246-b275-5cf08ad14532.jpg\" width=\"235\" height=\"178\" \/><img loading=\"lazy\" decoding=\"async\" border=\"0\" hspace=\"5\" vspace=\"5\" src=\"https:\/\/files.ctctcdn.com\/e68561ca001\/a99807d1-c0d7-41cd-ae76-019801c3849a.jpg\" width=\"299\" height=\"150\" \/><em>     <br \/>De La Ghetto y Nicky Jam<\/em><\/p>\n<p align=\"justify\"><font size=\"3\">El pr\u00f3ximo pas\u00f3 del polifac\u00e9tico artista es continuar su gira de conciertos y lanzar su disco Mi Movimiento a comienzos del a\u00f1o pr\u00f3ximo.     <br \/>Este concierto fue producido por Paco L\u00f3pez y Pepe Due\u00f1o, contando adem\u00e1s con la direcci\u00f3n de Eric Duars. De La Ghetto ha demostrado que es una de las piezas claves que ha llevado al g\u00e9nero urbano a la posici\u00f3n de prestigio y fusi\u00f3n de hoy d\u00eda.<\/font><\/p>\n","protected":false},"excerpt":{"rendered":"<p>San Juan, Puerto Rico (14 de noviembre de 2015) &#8211; Con un espect\u00e1culo nunca antes visto de un exponente del g\u00e9nero urbano, De La Ghetto demostr\u00f3 ayer su liderato en la m\u00fasica tras su concierto celebrado en el Coliseo de&hellip;<\/p>\n<p class=\"more-link-p\"><a class=\"more-link\" href=\"https:\/\/bobvarela.com\/?p=89611\">Read more &rarr;<\/a><\/p>\n","protected":false},"author":1,"featured_media":0,"comment_status":"open","ping_status":"open","sticky":false,"template":"","format":"standard","meta":{"ngg_post_thumbnail":0,"footnotes":""},"categories":[3,127],"tags":[],"class_list":["post-89611","post","type-post","status-publish","format-standard","hentry","category-actividades","category-musica"],"_links":{"self":[{"href":"https:\/\/bobvarela.com\/index.php?rest_route=\/wp\/v2\/posts\/89611","targetHints":{"allow":["GET"]}}],"collection":[{"href":"https:\/\/bobvarela.com\/index.php?rest_route=\/wp\/v2\/posts"}],"about":[{"href":"https:\/\/bobvarela.com\/index.php?rest_route=\/wp\/v2\/types\/post"}],"author":[{"embeddable":true,"href":"https:\/\/bobvarela.com\/index.php?rest_route=\/wp\/v2\/users\/1"}],"replies":[{"embeddable":true,"href":"https:\/\/bobvarela.com\/index.php?rest_route=%2Fwp%2Fv2%2Fcomments&post=89611"}],"version-history":[{"count":1,"href":"https:\/\/bobvarela.com\/index.php?rest_route=\/wp\/v2\/posts\/89611\/revisions"}],"predecessor-version":[{"id":89612,"href":"https:\/\/bobvarela.com\/index.php?rest_route=\/wp\/v2\/posts\/89611\/revisions\/89612"}],"wp:attachment":[{"href":"https:\/\/bobvarela.com\/index.php?rest_route=%2Fwp%2Fv2%2Fmedia&parent=89611"}],"wp:term":[{"taxonomy":"category","embeddable":true,"href":"https:\/\/bobvarela.com\/index.php?rest_route=%2Fwp%2Fv2%2Fcategories&post=89611"},{"taxonomy":"post_tag","embeddable":true,"href":"https:\/\/bobvarela.com\/index.php?rest_route=%2Fwp%2Fv2%2Ftags&post=89611"}],"curies":[{"name":"wp","href":"https:\/\/api.w.org\/{rel}","templated":true}]}}