{"id":89922,"date":"2015-11-19T12:11:27","date_gmt":"2015-11-19T16:11:27","guid":{"rendered":"https:\/\/bobvarela.com\/?p=89922"},"modified":"2015-11-19T12:11:27","modified_gmt":"2015-11-19T16:11:27","slug":"veronica-angel-en-el-mercedes-benz-fashion-week-panama-2015","status":"publish","type":"post","link":"https:\/\/bobvarela.com\/?p=89922","title":{"rendered":"Veronica Angel en el Mercedes-Benz Fashion Week Panama 2015"},"content":{"rendered":"<p align=\"justify\"><font size=\"3\">En el 2011 inicia sus estudios en el Instituto Marangoni en Mil\u00e1n, Italia, donde descubre su estilo personal como dise\u00f1adora de moda. En el 2014 nace su marca, la cual se enfoca en las temporadas Primavera\/Verano y en el pr\u00eat-\u00e0-porter de lujo. Se destaca en la incorporaci\u00f3n de colores y estampados, fundamentos esenciales en sus colecciones. Sus dise\u00f1os resaltan la fusi\u00f3n del folklore paname\u00f1o y elementos de otras culturas. Su inspiraci\u00f3n nace del entorno multicultural presente en la ciudad de Panam\u00e1. Como dise\u00f1adora, su propuesta esta dirigida a una mujer elegante, vers\u00e1til y amante del \u201cMix and Match\u201d. El sello \u00fanico de Ver\u00f3nica Angel est\u00e1 en la creaci\u00f3n de sus propios textiles. Esta pasi\u00f3n inici\u00f3 en Mil\u00e1n, cuando tuvo la oportunidad de experimentar con diferentes t\u00e9cnicas de dise\u00f1o textil.<\/font><\/p>\n<p align=\"justify\"><font size=\"3\">ngg_shortcode_0_placeholder<\/font><\/p>\n","protected":false},"excerpt":{"rendered":"<p>En el 2011 inicia sus estudios en el Instituto Marangoni en Mil\u00e1n, Italia, donde descubre su estilo personal como dise\u00f1adora de moda. En el 2014 nace su marca, la cual se enfoca en las temporadas Primavera\/Verano y en el pr\u00eat-\u00e0-porter&hellip;<\/p>\n<p class=\"more-link-p\"><a class=\"more-link\" href=\"https:\/\/bobvarela.com\/?p=89922\">Read more &rarr;<\/a><\/p>\n","protected":false},"author":1,"featured_media":0,"comment_status":"open","ping_status":"open","sticky":false,"template":"","format":"standard","meta":{"ngg_post_thumbnail":0,"footnotes":""},"categories":[265,4,480],"tags":[],"class_list":["post-89922","post","type-post","status-publish","format-standard","hentry","category-mercedes-benz-fashion-week","category-moda","category-panama"],"_links":{"self":[{"href":"https:\/\/bobvarela.com\/index.php?rest_route=\/wp\/v2\/posts\/89922","targetHints":{"allow":["GET"]}}],"collection":[{"href":"https:\/\/bobvarela.com\/index.php?rest_route=\/wp\/v2\/posts"}],"about":[{"href":"https:\/\/bobvarela.com\/index.php?rest_route=\/wp\/v2\/types\/post"}],"author":[{"embeddable":true,"href":"https:\/\/bobvarela.com\/index.php?rest_route=\/wp\/v2\/users\/1"}],"replies":[{"embeddable":true,"href":"https:\/\/bobvarela.com\/index.php?rest_route=%2Fwp%2Fv2%2Fcomments&post=89922"}],"version-history":[{"count":1,"href":"https:\/\/bobvarela.com\/index.php?rest_route=\/wp\/v2\/posts\/89922\/revisions"}],"predecessor-version":[{"id":89923,"href":"https:\/\/bobvarela.com\/index.php?rest_route=\/wp\/v2\/posts\/89922\/revisions\/89923"}],"wp:attachment":[{"href":"https:\/\/bobvarela.com\/index.php?rest_route=%2Fwp%2Fv2%2Fmedia&parent=89922"}],"wp:term":[{"taxonomy":"category","embeddable":true,"href":"https:\/\/bobvarela.com\/index.php?rest_route=%2Fwp%2Fv2%2Fcategories&post=89922"},{"taxonomy":"post_tag","embeddable":true,"href":"https:\/\/bobvarela.com\/index.php?rest_route=%2Fwp%2Fv2%2Ftags&post=89922"}],"curies":[{"name":"wp","href":"https:\/\/api.w.org\/{rel}","templated":true}]}}