{"id":90022,"date":"2015-11-20T19:14:44","date_gmt":"2015-11-20T23:14:44","guid":{"rendered":"https:\/\/bobvarela.com\/?p=90022"},"modified":"2015-11-20T19:29:39","modified_gmt":"2015-11-20T23:29:39","slug":"jaime-luna-en-el-mercedes-benz-fashion-week-panama-2015","status":"publish","type":"post","link":"https:\/\/bobvarela.com\/?p=90022","title":{"rendered":"Jaime Luna en el Mercedes-Benz Fashion Week Panama 2015"},"content":{"rendered":"<p align=\"justify\"><font size=\"3\"><a href=\"https:\/\/bobvarela.com\/wp-content\/uploads\/2015\/11\/IMG_1014.jpg\"><img loading=\"lazy\" decoding=\"async\" title=\"IMG_1014\" style=\"border-top: 0px; border-right: 0px; background-image: none; border-bottom: 0px; float: none; padding-top: 0px; padding-left: 0px; margin-left: auto; border-left: 0px; display: block; padding-right: 0px; margin-right: auto\" border=\"0\" alt=\"IMG_1014\" src=\"https:\/\/bobvarela.com\/wp-content\/uploads\/2015\/11\/IMG_1014_thumb.jpg\" width=\"309\" height=\"247\" \/><\/a><\/font><\/p>\n<p align=\"justify\"><font size=\"3\">Con una muestra denominada 25 a\u00f1os de moda en Panam\u00e1, el dise\u00f1ador <strong>Jaime Luna <\/strong>presento en el Mercedes Benz Fashion Week Panam\u00e1&#160;&#160; Su presentaci\u00f3n titulado Panam\u00e1 white moon Primavera\/ Verano 2016 by Jaime Luna evoc\u00f3 a la f\u00e9mina real, a esa mujer <\/font><font size=\"3\">emprendedora<\/font><font size=\"3\"> y segura de su pais<\/font><\/p>\n<p align=\"justify\"><font size=\"3\">El lino irland\u00e9s, el mismo que se usa para confeccionar el traje t\u00edpico <\/font><font size=\"3\">nacional<\/font><font size=\"3\"> fue utilizado en esta colecci\u00f3n. Adem\u00e1s, apost\u00f3 por los encajes valencianos.<\/font><\/p>\nngg_shortcode_0_placeholder\n","protected":false},"excerpt":{"rendered":"<p>Con una muestra denominada 25 a\u00f1os de moda en Panam\u00e1, el dise\u00f1ador Jaime Luna presento en el Mercedes Benz Fashion Week Panam\u00e1&#160;&#160; Su presentaci\u00f3n titulado Panam\u00e1 white moon Primavera\/ Verano 2016 by Jaime Luna evoc\u00f3 a la f\u00e9mina real, a&hellip;<\/p>\n<p class=\"more-link-p\"><a class=\"more-link\" href=\"https:\/\/bobvarela.com\/?p=90022\">Read more &rarr;<\/a><\/p>\n","protected":false},"author":1,"featured_media":0,"comment_status":"open","ping_status":"open","sticky":false,"template":"","format":"standard","meta":{"ngg_post_thumbnail":0,"footnotes":""},"categories":[265,4,480],"tags":[],"class_list":["post-90022","post","type-post","status-publish","format-standard","hentry","category-mercedes-benz-fashion-week","category-moda","category-panama"],"_links":{"self":[{"href":"https:\/\/bobvarela.com\/index.php?rest_route=\/wp\/v2\/posts\/90022","targetHints":{"allow":["GET"]}}],"collection":[{"href":"https:\/\/bobvarela.com\/index.php?rest_route=\/wp\/v2\/posts"}],"about":[{"href":"https:\/\/bobvarela.com\/index.php?rest_route=\/wp\/v2\/types\/post"}],"author":[{"embeddable":true,"href":"https:\/\/bobvarela.com\/index.php?rest_route=\/wp\/v2\/users\/1"}],"replies":[{"embeddable":true,"href":"https:\/\/bobvarela.com\/index.php?rest_route=%2Fwp%2Fv2%2Fcomments&post=90022"}],"version-history":[{"count":2,"href":"https:\/\/bobvarela.com\/index.php?rest_route=\/wp\/v2\/posts\/90022\/revisions"}],"predecessor-version":[{"id":90025,"href":"https:\/\/bobvarela.com\/index.php?rest_route=\/wp\/v2\/posts\/90022\/revisions\/90025"}],"wp:attachment":[{"href":"https:\/\/bobvarela.com\/index.php?rest_route=%2Fwp%2Fv2%2Fmedia&parent=90022"}],"wp:term":[{"taxonomy":"category","embeddable":true,"href":"https:\/\/bobvarela.com\/index.php?rest_route=%2Fwp%2Fv2%2Fcategories&post=90022"},{"taxonomy":"post_tag","embeddable":true,"href":"https:\/\/bobvarela.com\/index.php?rest_route=%2Fwp%2Fv2%2Ftags&post=90022"}],"curies":[{"name":"wp","href":"https:\/\/api.w.org\/{rel}","templated":true}]}}