{"id":90221,"date":"2015-11-22T15:26:58","date_gmt":"2015-11-22T19:26:58","guid":{"rendered":"https:\/\/bobvarela.com\/?p=90221"},"modified":"2015-11-22T15:45:32","modified_gmt":"2015-11-22T19:45:32","slug":"alessandra-grau-en-el-mercedes-benz-fashion-week-panama-2015","status":"publish","type":"post","link":"https:\/\/bobvarela.com\/?p=90221","title":{"rendered":"Alessandra Grau en el Mercedes-Benz Fashion Week Panama 2015"},"content":{"rendered":"<p align=\"center\"><a href=\"https:\/\/bobvarela.com\/wp-content\/uploads\/2015\/11\/IMG_2710.jpg\"><img loading=\"lazy\" decoding=\"async\" title=\"IMG_2710\" style=\"border-top: 0px; border-right: 0px; background-image: none; border-bottom: 0px; padding-top: 0px; padding-left: 0px; border-left: 0px; display: inline; padding-right: 0px\" border=\"0\" alt=\"IMG_2710\" src=\"https:\/\/bobvarela.com\/wp-content\/uploads\/2015\/11\/IMG_2710_thumb.jpg\" width=\"320\" height=\"232\" \/><\/a><\/p>\n<p align=\"justify\"><font size=\"3\">La dise\u00f1adora paname\u00f1a <strong>Alessandra Grau<\/strong> apareci\u00f3 con una propuesta donde el negro fue el rey indiscutible, y para acompa\u00f1arla busc\u00f3 un maquillaje y peinado espec\u00edficos para sus modelos: el cabello semirrecogido con tocados de laurel y en el rostro un delineado alargado en los ojos y mucho brillo.<\/font><\/p>\nngg_shortcode_0_placeholder\n","protected":false},"excerpt":{"rendered":"<p>La dise\u00f1adora paname\u00f1a Alessandra Grau apareci\u00f3 con una propuesta donde el negro fue el rey indiscutible, y para acompa\u00f1arla busc\u00f3 un maquillaje y peinado espec\u00edficos para sus modelos: el cabello semirrecogido con tocados de laurel y en el rostro un&hellip;<\/p>\n<p class=\"more-link-p\"><a class=\"more-link\" href=\"https:\/\/bobvarela.com\/?p=90221\">Read more &rarr;<\/a><\/p>\n","protected":false},"author":1,"featured_media":0,"comment_status":"open","ping_status":"open","sticky":false,"template":"","format":"standard","meta":{"ngg_post_thumbnail":0,"footnotes":""},"categories":[265,4,480],"tags":[],"class_list":["post-90221","post","type-post","status-publish","format-standard","hentry","category-mercedes-benz-fashion-week","category-moda","category-panama"],"_links":{"self":[{"href":"https:\/\/bobvarela.com\/index.php?rest_route=\/wp\/v2\/posts\/90221","targetHints":{"allow":["GET"]}}],"collection":[{"href":"https:\/\/bobvarela.com\/index.php?rest_route=\/wp\/v2\/posts"}],"about":[{"href":"https:\/\/bobvarela.com\/index.php?rest_route=\/wp\/v2\/types\/post"}],"author":[{"embeddable":true,"href":"https:\/\/bobvarela.com\/index.php?rest_route=\/wp\/v2\/users\/1"}],"replies":[{"embeddable":true,"href":"https:\/\/bobvarela.com\/index.php?rest_route=%2Fwp%2Fv2%2Fcomments&post=90221"}],"version-history":[{"count":2,"href":"https:\/\/bobvarela.com\/index.php?rest_route=\/wp\/v2\/posts\/90221\/revisions"}],"predecessor-version":[{"id":90225,"href":"https:\/\/bobvarela.com\/index.php?rest_route=\/wp\/v2\/posts\/90221\/revisions\/90225"}],"wp:attachment":[{"href":"https:\/\/bobvarela.com\/index.php?rest_route=%2Fwp%2Fv2%2Fmedia&parent=90221"}],"wp:term":[{"taxonomy":"category","embeddable":true,"href":"https:\/\/bobvarela.com\/index.php?rest_route=%2Fwp%2Fv2%2Fcategories&post=90221"},{"taxonomy":"post_tag","embeddable":true,"href":"https:\/\/bobvarela.com\/index.php?rest_route=%2Fwp%2Fv2%2Ftags&post=90221"}],"curies":[{"name":"wp","href":"https:\/\/api.w.org\/{rel}","templated":true}]}}