{"id":91812,"date":"2016-02-01T19:36:55","date_gmt":"2016-02-01T23:36:55","guid":{"rendered":"https:\/\/bobvarela.com\/?p=91812"},"modified":"2016-02-01T19:36:55","modified_gmt":"2016-02-01T23:36:55","slug":"pau-esteve-en-el-080-barcelona-fashion-fallwinter-2016-2017","status":"publish","type":"post","link":"https:\/\/bobvarela.com\/?p=91812","title":{"rendered":"Pau Esteve en el 080 BARCELONA FASHION Fall\/Winter 2016-2017"},"content":{"rendered":"<h6 align=\"center\"><font size=\"4\">COLECCI\u00d3N &#8211; DUST<\/font><\/h6>\n<p align=\"justify\"><font size=\"3\">El polvo acumulado, como consciencia de la realidad, es el punto de partida de Pau Esteve para desarrollar su colecci\u00f3n oto\u00f1o-invierno 2016\/2017. Investiga el presente para desarrollar una colecci\u00f3n que transmita la esencia del momento: el vivir sin l\u00edmites. Dise\u00f1os que se adaptan a los cambios, apuesta por la deportividad de los dise\u00f1os cl\u00e1sicos y por la masculinizaci\u00f3n de la mujer. La nueva colecci\u00f3n se dirige a un p\u00fablico cosmopolita y deportivo.<\/font><\/p>\n<p align=\"justify\"><div class=\"flagallery photomania_skin\" id=\"FlaGallery_sc1_318\" ><style type=\"text\/css\" class=\"flagallery_skin_style_import\">#FlaGallery_sc1_318 .flagpm_preload {opacity:0;}#FlaGallery_sc1_318 .swiper-big-images img.flagpm_the_photo { max-height:100%; max-width:100%; display:inline; width:auto; height:auto !important; object-fit:unset; vertical-align:middle; border:none; }#FlaGallery_sc1_318 .flagpm_focus .swiper-big-images img.flagpm_the_photo { width:auto; height:auto; object-fit:unset; }#FlaGallery_sc1_318 .swiper-small-images img.flagpm_photo { max-width:none; max-height:none; }#FlaGallery_sc1_318 .swiper-small-images img.flagpm_photo.flagpm_photo_landscape { width:auto; height:100% !important; }#FlaGallery_sc1_318 .swiper-small-images img.flagpm_photo.flagpm_photo_portrait { width:100%; height:auto !important; }#FlaGallery_sc1_318 .flagpm_gallery_sources_list p { margin:7px 0; padding:0; font-size:inherit; }#FlaGallery_sc1_318 .flagpm_photo_details .flagpm_description_wrap a,#FlaGallery_sc1_318 .flagpm_big_button_wrap .flagpm_button.flagpm_like.flagpm_liked,#FlaGallery_sc1_318 .flagpm_big_button_wrap .flagpm_button.flagpm_like.flagpm_liked:hover {color:#0099e5;}#FlaGallery_sc1_318 .flagpm_photo_show .flagpm_big_button {background-color:#0099e5;}#FlaGallery_sc1_318 .swiper-small-images div.flagpm_photo.swiper-slide-active {border-color:#02adea;}#FlaGallery_sc1_318 .flagpm_photo_header .flagpm_name_wrap .flagpm_title_author a:hover,#FlaGallery_sc1_318 .flagpm_photo_details .flagpm_description_wrap a:hover {color:#02adea;}#FlaGallery_sc1_318 .flagpm_photo_show .flagpm_big_button:hover,#FlaGallery_sc1_318 .flagpm_focus_actions ul .flagpm_button.like.flagpm_liked {background-color:#02adea;}<\/style> <div class=\"flagpm_photo_show flagpm_w960 flagpm_w640 flagpm_w480 flagpm_preload\"> <div class=\"flagpm_photo_wrap has_prev_photo has_next_photo\"> <div class=\"swiper-container swiper-big-images\"> <div class=\"flagpm_photo_arrow_next flagpm_photo_arrow flagpm_next\"> <div title=\"Next\" class=\"flagpm_arrow\"><\/div> <\/div> <div class=\"flagpm_photo_arrow_previous flagpm_photo_arrow flagpm_prev\"> <div title=\"Previous\" class=\"flagpm_arrow\"><\/div> <\/div> <div class=\"swiper-wrapper\"><div class=\"swiper-slide\" data-hash=\"flagallery22506\" data-photo-id=\"22506\"><span class=\"flagpm_va\"><\/span><img decoding=\"async\" src=\"https:\/\/bobvarela.com\/wp-content\/flagallery\/pau-esteve-en-el-080-barcelona-fashion-fallwinter-2016-2017\/webview\/pau_esteve_001.jpg\" data-src=\"https:\/\/bobvarela.com\/wp-content\/flagallery\/pau-esteve-en-el-080-barcelona-fashion-fallwinter-2016-2017\/webview\/pau_esteve_001.jpg\" alt=\"Ready to Wear Fall\/Winter 2016-2017\" class=\"noLazy flagpm_the_photo swiper-lazy\"><div class=\"swiper-lazy-preloader swiper-lazy-preloader-black\"><\/div><\/div><div class=\"swiper-slide\" data-hash=\"flagallery22507\" data-photo-id=\"22507\"><span class=\"flagpm_va\"><\/span><img data-src=\"https:\/\/bobvarela.com\/wp-content\/flagallery\/pau-esteve-en-el-080-barcelona-fashion-fallwinter-2016-2017\/webview\/pau_esteve_002.jpg\" alt=\"Ready to Wear Fall\/Winter 2016-2017\" class=\"noLazy flagpm_the_photo swiper-lazy\"><div class=\"swiper-lazy-preloader swiper-lazy-preloader-black\"><\/div><\/div><div class=\"swiper-slide\" data-hash=\"flagallery22508\" data-photo-id=\"22508\"><span class=\"flagpm_va\"><\/span><img data-src=\"https:\/\/bobvarela.com\/wp-content\/flagallery\/pau-esteve-en-el-080-barcelona-fashion-fallwinter-2016-2017\/webview\/pau_esteve_003.jpg\" alt=\"Ready to Wear Fall\/Winter 2016-2017\" class=\"noLazy flagpm_the_photo swiper-lazy\"><div class=\"swiper-lazy-preloader swiper-lazy-preloader-black\"><\/div><\/div><div class=\"swiper-slide\" data-hash=\"flagallery22509\" data-photo-id=\"22509\"><span class=\"flagpm_va\"><\/span><img data-src=\"https:\/\/bobvarela.com\/wp-content\/flagallery\/pau-esteve-en-el-080-barcelona-fashion-fallwinter-2016-2017\/webview\/pau_esteve_004.jpg\" alt=\"Ready to Wear Fall\/Winter 2016-2017\" class=\"noLazy flagpm_the_photo swiper-lazy\"><div class=\"swiper-lazy-preloader swiper-lazy-preloader-black\"><\/div><\/div><div class=\"swiper-slide\" data-hash=\"flagallery22510\" data-photo-id=\"22510\"><span class=\"flagpm_va\"><\/span><img data-src=\"https:\/\/bobvarela.com\/wp-content\/flagallery\/pau-esteve-en-el-080-barcelona-fashion-fallwinter-2016-2017\/webview\/pau_esteve_005.jpg\" alt=\"Ready to Wear Fall\/Winter 2016-2017\" class=\"noLazy flagpm_the_photo swiper-lazy\"><div class=\"swiper-lazy-preloader swiper-lazy-preloader-black\"><\/div><\/div><div class=\"swiper-slide\" data-hash=\"flagallery22511\" data-photo-id=\"22511\"><span class=\"flagpm_va\"><\/span><img data-src=\"https:\/\/bobvarela.com\/wp-content\/flagallery\/pau-esteve-en-el-080-barcelona-fashion-fallwinter-2016-2017\/webview\/pau_esteve_006.jpg\" alt=\"Ready to Wear Fall\/Winter 2016-2017\" class=\"noLazy flagpm_the_photo swiper-lazy\"><div class=\"swiper-lazy-preloader swiper-lazy-preloader-black\"><\/div><\/div><div class=\"swiper-slide\" data-hash=\"flagallery22512\" data-photo-id=\"22512\"><span class=\"flagpm_va\"><\/span><img data-src=\"https:\/\/bobvarela.com\/wp-content\/flagallery\/pau-esteve-en-el-080-barcelona-fashion-fallwinter-2016-2017\/webview\/pau_esteve_007.jpg\" alt=\"Ready to Wear Fall\/Winter 2016-2017\" class=\"noLazy flagpm_the_photo swiper-lazy\"><div class=\"swiper-lazy-preloader swiper-lazy-preloader-black\"><\/div><\/div><div class=\"swiper-slide\" data-hash=\"flagallery22513\" data-photo-id=\"22513\"><span class=\"flagpm_va\"><\/span><img data-src=\"https:\/\/bobvarela.com\/wp-content\/flagallery\/pau-esteve-en-el-080-barcelona-fashion-fallwinter-2016-2017\/webview\/pau_esteve_008.jpg\" alt=\"Ready to Wear Fall\/Winter 2016-2017\" class=\"noLazy flagpm_the_photo swiper-lazy\"><div class=\"swiper-lazy-preloader swiper-lazy-preloader-black\"><\/div><\/div><div class=\"swiper-slide\" data-hash=\"flagallery22514\" data-photo-id=\"22514\"><span class=\"flagpm_va\"><\/span><img data-src=\"https:\/\/bobvarela.com\/wp-content\/flagallery\/pau-esteve-en-el-080-barcelona-fashion-fallwinter-2016-2017\/webview\/pau_esteve_009.jpg\" alt=\"Ready to Wear Fall\/Winter 2016-2017\" class=\"noLazy flagpm_the_photo swiper-lazy\"><div class=\"swiper-lazy-preloader swiper-lazy-preloader-black\"><\/div><\/div><div class=\"swiper-slide\" data-hash=\"flagallery22515\" data-photo-id=\"22515\"><span class=\"flagpm_va\"><\/span><img data-src=\"https:\/\/bobvarela.com\/wp-content\/flagallery\/pau-esteve-en-el-080-barcelona-fashion-fallwinter-2016-2017\/webview\/pau_esteve_010.jpg\" alt=\"Ready to Wear Fall\/Winter 2016-2017\" class=\"noLazy flagpm_the_photo swiper-lazy\"><div class=\"swiper-lazy-preloader swiper-lazy-preloader-black\"><\/div><\/div><div class=\"swiper-slide\" data-hash=\"flagallery22516\" data-photo-id=\"22516\"><span class=\"flagpm_va\"><\/span><img data-src=\"https:\/\/bobvarela.com\/wp-content\/flagallery\/pau-esteve-en-el-080-barcelona-fashion-fallwinter-2016-2017\/webview\/pau_esteve_011.jpg\" alt=\"Ready to Wear Fall\/Winter 2016-2017\" class=\"noLazy flagpm_the_photo swiper-lazy\"><div class=\"swiper-lazy-preloader swiper-lazy-preloader-black\"><\/div><\/div><div class=\"swiper-slide\" data-hash=\"flagallery22517\" data-photo-id=\"22517\"><span class=\"flagpm_va\"><\/span><img data-src=\"https:\/\/bobvarela.com\/wp-content\/flagallery\/pau-esteve-en-el-080-barcelona-fashion-fallwinter-2016-2017\/webview\/pau_esteve_012.jpg\" alt=\"Ready to Wear Fall\/Winter 2016-2017\" class=\"noLazy flagpm_the_photo swiper-lazy\"><div class=\"swiper-lazy-preloader swiper-lazy-preloader-black\"><\/div><\/div><div class=\"swiper-slide\" data-hash=\"flagallery22518\" data-photo-id=\"22518\"><span class=\"flagpm_va\"><\/span><img data-src=\"https:\/\/bobvarela.com\/wp-content\/flagallery\/pau-esteve-en-el-080-barcelona-fashion-fallwinter-2016-2017\/webview\/pau_esteve_013.jpg\" alt=\"Ready to Wear Fall\/Winter 2016-2017\" class=\"noLazy flagpm_the_photo swiper-lazy\"><div class=\"swiper-lazy-preloader swiper-lazy-preloader-black\"><\/div><\/div><div class=\"swiper-slide\" data-hash=\"flagallery22519\" data-photo-id=\"22519\"><span class=\"flagpm_va\"><\/span><img data-src=\"https:\/\/bobvarela.com\/wp-content\/flagallery\/pau-esteve-en-el-080-barcelona-fashion-fallwinter-2016-2017\/webview\/pau_esteve_014.jpg\" alt=\"Ready to Wear Fall\/Winter 2016-2017\" class=\"noLazy flagpm_the_photo swiper-lazy\"><div class=\"swiper-lazy-preloader swiper-lazy-preloader-black\"><\/div><\/div><div class=\"swiper-slide\" data-hash=\"flagallery22520\" data-photo-id=\"22520\"><span class=\"flagpm_va\"><\/span><img data-src=\"https:\/\/bobvarela.com\/wp-content\/flagallery\/pau-esteve-en-el-080-barcelona-fashion-fallwinter-2016-2017\/webview\/pau_esteve_015.jpg\" alt=\"Ready to Wear Fall\/Winter 2016-2017\" class=\"noLazy flagpm_the_photo swiper-lazy\"><div class=\"swiper-lazy-preloader swiper-lazy-preloader-black\"><\/div><\/div><div class=\"swiper-slide\" data-hash=\"flagallery22521\" data-photo-id=\"22521\"><span class=\"flagpm_va\"><\/span><img data-src=\"https:\/\/bobvarela.com\/wp-content\/flagallery\/pau-esteve-en-el-080-barcelona-fashion-fallwinter-2016-2017\/webview\/pau_esteve_016.jpg\" alt=\"Ready to Wear Fall\/Winter 2016-2017\" class=\"noLazy flagpm_the_photo swiper-lazy\"><div class=\"swiper-lazy-preloader swiper-lazy-preloader-black\"><\/div><\/div><div class=\"swiper-slide\" data-hash=\"flagallery22522\" data-photo-id=\"22522\"><span class=\"flagpm_va\"><\/span><img data-src=\"https:\/\/bobvarela.com\/wp-content\/flagallery\/pau-esteve-en-el-080-barcelona-fashion-fallwinter-2016-2017\/webview\/pau_esteve_017.jpg\" alt=\"Ready to Wear Fall\/Winter 2016-2017\" class=\"noLazy flagpm_the_photo swiper-lazy\"><div class=\"swiper-lazy-preloader swiper-lazy-preloader-black\"><\/div><\/div><div class=\"swiper-slide\" data-hash=\"flagallery22523\" data-photo-id=\"22523\"><span class=\"flagpm_va\"><\/span><img data-src=\"https:\/\/bobvarela.com\/wp-content\/flagallery\/pau-esteve-en-el-080-barcelona-fashion-fallwinter-2016-2017\/webview\/pau_esteve_018.jpg\" alt=\"Ready to Wear Fall\/Winter 2016-2017\" class=\"noLazy flagpm_the_photo swiper-lazy\"><div class=\"swiper-lazy-preloader swiper-lazy-preloader-black\"><\/div><\/div><div class=\"swiper-slide\" data-hash=\"flagallery22524\" data-photo-id=\"22524\"><span class=\"flagpm_va\"><\/span><img data-src=\"https:\/\/bobvarela.com\/wp-content\/flagallery\/pau-esteve-en-el-080-barcelona-fashion-fallwinter-2016-2017\/webview\/pau_esteve_019.jpg\" alt=\"Ready to Wear Fall\/Winter 2016-2017\" class=\"noLazy flagpm_the_photo swiper-lazy\"><div class=\"swiper-lazy-preloader swiper-lazy-preloader-black\"><\/div><\/div><div class=\"swiper-slide\" data-hash=\"flagallery22525\" data-photo-id=\"22525\"><span class=\"flagpm_va\"><\/span><img data-src=\"https:\/\/bobvarela.com\/wp-content\/flagallery\/pau-esteve-en-el-080-barcelona-fashion-fallwinter-2016-2017\/webview\/pau_esteve_020.jpg\" alt=\"Ready to Wear Fall\/Winter 2016-2017\" class=\"noLazy flagpm_the_photo swiper-lazy\"><div class=\"swiper-lazy-preloader swiper-lazy-preloader-black\"><\/div><\/div><div class=\"swiper-slide\" data-hash=\"flagallery22526\" data-photo-id=\"22526\"><span class=\"flagpm_va\"><\/span><img data-src=\"https:\/\/bobvarela.com\/wp-content\/flagallery\/pau-esteve-en-el-080-barcelona-fashion-fallwinter-2016-2017\/webview\/pau_esteve_021.jpg\" alt=\"Ready to Wear Fall\/Winter 2016-2017\" class=\"noLazy flagpm_the_photo swiper-lazy\"><div class=\"swiper-lazy-preloader swiper-lazy-preloader-black\"><\/div><\/div><div class=\"swiper-slide\" data-hash=\"flagallery22527\" data-photo-id=\"22527\"><span class=\"flagpm_va\"><\/span><img data-src=\"https:\/\/bobvarela.com\/wp-content\/flagallery\/pau-esteve-en-el-080-barcelona-fashion-fallwinter-2016-2017\/webview\/pau_esteve_022.jpg\" alt=\"Ready to Wear Fall\/Winter 2016-2017\" class=\"noLazy flagpm_the_photo swiper-lazy\"><div class=\"swiper-lazy-preloader swiper-lazy-preloader-black\"><\/div><\/div><div class=\"swiper-slide\" data-hash=\"flagallery22528\" data-photo-id=\"22528\"><span class=\"flagpm_va\"><\/span><img data-src=\"https:\/\/bobvarela.com\/wp-content\/flagallery\/pau-esteve-en-el-080-barcelona-fashion-fallwinter-2016-2017\/webview\/pau_esteve_023.jpg\" alt=\"Ready to Wear Fall\/Winter 2016-2017\" class=\"noLazy flagpm_the_photo swiper-lazy\"><div class=\"swiper-lazy-preloader swiper-lazy-preloader-black\"><\/div><\/div><div class=\"swiper-slide\" data-hash=\"flagallery22529\" data-photo-id=\"22529\"><span class=\"flagpm_va\"><\/span><img data-src=\"https:\/\/bobvarela.com\/wp-content\/flagallery\/pau-esteve-en-el-080-barcelona-fashion-fallwinter-2016-2017\/webview\/pau_esteve_024.jpg\" alt=\"Ready to Wear Fall\/Winter 2016-2017\" class=\"noLazy flagpm_the_photo swiper-lazy\"><div class=\"swiper-lazy-preloader swiper-lazy-preloader-black\"><\/div><\/div><div class=\"swiper-slide\" data-hash=\"flagallery22530\" data-photo-id=\"22530\"><span class=\"flagpm_va\"><\/span><img data-src=\"https:\/\/bobvarela.com\/wp-content\/flagallery\/pau-esteve-en-el-080-barcelona-fashion-fallwinter-2016-2017\/webview\/pau_esteve_025.jpg\" alt=\"Ready to Wear Fall\/Winter 2016-2017\" class=\"noLazy flagpm_the_photo swiper-lazy\"><div class=\"swiper-lazy-preloader swiper-lazy-preloader-black\"><\/div><\/div><div class=\"swiper-slide\" data-hash=\"flagallery22531\" data-photo-id=\"22531\"><span class=\"flagpm_va\"><\/span><img data-src=\"https:\/\/bobvarela.com\/wp-content\/flagallery\/pau-esteve-en-el-080-barcelona-fashion-fallwinter-2016-2017\/webview\/pau_esteve_026.jpg\" alt=\"Ready to Wear Fall\/Winter 2016-2017\" class=\"noLazy flagpm_the_photo swiper-lazy\"><div class=\"swiper-lazy-preloader swiper-lazy-preloader-black\"><\/div><\/div><div class=\"swiper-slide\" data-hash=\"flagallery22532\" data-photo-id=\"22532\"><span class=\"flagpm_va\"><\/span><img data-src=\"https:\/\/bobvarela.com\/wp-content\/flagallery\/pau-esteve-en-el-080-barcelona-fashion-fallwinter-2016-2017\/webview\/pau_esteve_027.jpg\" alt=\"Ready to Wear Fall\/Winter 2016-2017\" class=\"noLazy flagpm_the_photo swiper-lazy\"><div class=\"swiper-lazy-preloader swiper-lazy-preloader-black\"><\/div><\/div><div class=\"swiper-slide\" data-hash=\"flagallery22533\" data-photo-id=\"22533\"><span class=\"flagpm_va\"><\/span><img data-src=\"https:\/\/bobvarela.com\/wp-content\/flagallery\/pau-esteve-en-el-080-barcelona-fashion-fallwinter-2016-2017\/webview\/pau_esteve_028.jpg\" alt=\"Ready to Wear Fall\/Winter 2016-2017\" class=\"noLazy flagpm_the_photo swiper-lazy\"><div class=\"swiper-lazy-preloader swiper-lazy-preloader-black\"><\/div><\/div><div class=\"swiper-slide\" data-hash=\"flagallery22534\" data-photo-id=\"22534\"><span class=\"flagpm_va\"><\/span><img data-src=\"https:\/\/bobvarela.com\/wp-content\/flagallery\/pau-esteve-en-el-080-barcelona-fashion-fallwinter-2016-2017\/webview\/pau_esteve_029.jpg\" alt=\"Ready to Wear Fall\/Winter 2016-2017\" class=\"noLazy flagpm_the_photo swiper-lazy\"><div class=\"swiper-lazy-preloader swiper-lazy-preloader-black\"><\/div><\/div><div class=\"swiper-slide\" data-hash=\"flagallery22535\" data-photo-id=\"22535\"><span class=\"flagpm_va\"><\/span><img data-src=\"https:\/\/bobvarela.com\/wp-content\/flagallery\/pau-esteve-en-el-080-barcelona-fashion-fallwinter-2016-2017\/webview\/pau_esteve_030.jpg\" alt=\"Ready to Wear Fall\/Winter 2016-2017\" class=\"noLazy flagpm_the_photo swiper-lazy\"><div class=\"swiper-lazy-preloader swiper-lazy-preloader-black\"><\/div><\/div><div class=\"swiper-slide\" data-hash=\"flagallery22536\" data-photo-id=\"22536\"><span class=\"flagpm_va\"><\/span><img data-src=\"https:\/\/bobvarela.com\/wp-content\/flagallery\/pau-esteve-en-el-080-barcelona-fashion-fallwinter-2016-2017\/webview\/pau_esteve_031.jpg\" alt=\"Ready to Wear Fall\/Winter 2016-2017\" class=\"noLazy flagpm_the_photo swiper-lazy\"><div class=\"swiper-lazy-preloader swiper-lazy-preloader-black\"><\/div><\/div><div class=\"swiper-slide\" data-hash=\"flagallery22537\" data-photo-id=\"22537\"><span class=\"flagpm_va\"><\/span><img data-src=\"https:\/\/bobvarela.com\/wp-content\/flagallery\/pau-esteve-en-el-080-barcelona-fashion-fallwinter-2016-2017\/webview\/pau_esteve_032.jpg\" alt=\"Ready to Wear Fall\/Winter 2016-2017\" class=\"noLazy flagpm_the_photo swiper-lazy\"><div class=\"swiper-lazy-preloader swiper-lazy-preloader-black\"><\/div><\/div><div class=\"swiper-slide\" data-hash=\"flagallery22538\" data-photo-id=\"22538\"><span class=\"flagpm_va\"><\/span><img data-src=\"https:\/\/bobvarela.com\/wp-content\/flagallery\/pau-esteve-en-el-080-barcelona-fashion-fallwinter-2016-2017\/webview\/pau_esteve_033.jpg\" alt=\"Ready to Wear Fall\/Winter 2016-2017\" class=\"noLazy flagpm_the_photo swiper-lazy\"><div class=\"swiper-lazy-preloader swiper-lazy-preloader-black\"><\/div><\/div><div class=\"swiper-slide\" data-hash=\"flagallery22539\" data-photo-id=\"22539\"><span class=\"flagpm_va\"><\/span><img data-src=\"https:\/\/bobvarela.com\/wp-content\/flagallery\/pau-esteve-en-el-080-barcelona-fashion-fallwinter-2016-2017\/webview\/pau_esteve_034.jpg\" alt=\"Ready to Wear Fall\/Winter 2016-2017\" class=\"noLazy flagpm_the_photo swiper-lazy\"><div class=\"swiper-lazy-preloader swiper-lazy-preloader-black\"><\/div><\/div><div class=\"swiper-slide\" data-hash=\"flagallery22540\" data-photo-id=\"22540\"><span class=\"flagpm_va\"><\/span><img data-src=\"https:\/\/bobvarela.com\/wp-content\/flagallery\/pau-esteve-en-el-080-barcelona-fashion-fallwinter-2016-2017\/webview\/pau_esteve_035.jpg\" alt=\"Ready to Wear Fall\/Winter 2016-2017\" class=\"noLazy flagpm_the_photo swiper-lazy\"><div class=\"swiper-lazy-preloader swiper-lazy-preloader-black\"><\/div><\/div><div class=\"swiper-slide\" data-hash=\"flagallery22541\" data-photo-id=\"22541\"><span class=\"flagpm_va\"><\/span><img data-src=\"https:\/\/bobvarela.com\/wp-content\/flagallery\/pau-esteve-en-el-080-barcelona-fashion-fallwinter-2016-2017\/webview\/pau_esteve_036.jpg\" alt=\"Ready to Wear Fall\/Winter 2016-2017\" class=\"noLazy flagpm_the_photo swiper-lazy\"><div class=\"swiper-lazy-preloader swiper-lazy-preloader-black\"><\/div><\/div><div class=\"swiper-slide\" data-hash=\"flagallery22542\" data-photo-id=\"22542\"><span class=\"flagpm_va\"><\/span><img data-src=\"https:\/\/bobvarela.com\/wp-content\/flagallery\/pau-esteve-en-el-080-barcelona-fashion-fallwinter-2016-2017\/webview\/pau_esteve_037.jpg\" alt=\"Ready to Wear Fall\/Winter 2016-2017\" class=\"noLazy flagpm_the_photo swiper-lazy\"><div class=\"swiper-lazy-preloader swiper-lazy-preloader-black\"><\/div><\/div><div class=\"swiper-slide\" data-hash=\"flagallery22543\" data-photo-id=\"22543\"><span class=\"flagpm_va\"><\/span><img data-src=\"https:\/\/bobvarela.com\/wp-content\/flagallery\/pau-esteve-en-el-080-barcelona-fashion-fallwinter-2016-2017\/webview\/pau_esteve_038.jpg\" alt=\"Ready to Wear Fall\/Winter 2016-2017\" class=\"noLazy flagpm_the_photo swiper-lazy\"><div class=\"swiper-lazy-preloader swiper-lazy-preloader-black\"><\/div><\/div><div class=\"swiper-slide\" data-hash=\"flagallery22544\" data-photo-id=\"22544\"><span class=\"flagpm_va\"><\/span><img data-src=\"https:\/\/bobvarela.com\/wp-content\/flagallery\/pau-esteve-en-el-080-barcelona-fashion-fallwinter-2016-2017\/webview\/pau_esteve_039.jpg\" alt=\"Ready to Wear Fall\/Winter 2016-2017\" class=\"noLazy flagpm_the_photo swiper-lazy\"><div class=\"swiper-lazy-preloader swiper-lazy-preloader-black\"><\/div><\/div><div class=\"swiper-slide\" data-hash=\"flagallery22545\" data-photo-id=\"22545\"><span class=\"flagpm_va\"><\/span><img data-src=\"https:\/\/bobvarela.com\/wp-content\/flagallery\/pau-esteve-en-el-080-barcelona-fashion-fallwinter-2016-2017\/webview\/pau_esteve_040.jpg\" alt=\"Ready to Wear Fall\/Winter 2016-2017\" class=\"noLazy flagpm_the_photo swiper-lazy\"><div class=\"swiper-lazy-preloader swiper-lazy-preloader-black\"><\/div><\/div><div class=\"swiper-slide\" data-hash=\"flagallery22546\" data-photo-id=\"22546\"><span class=\"flagpm_va\"><\/span><img data-src=\"https:\/\/bobvarela.com\/wp-content\/flagallery\/pau-esteve-en-el-080-barcelona-fashion-fallwinter-2016-2017\/webview\/pau_esteve_041.jpg\" alt=\"Ready to Wear Fall\/Winter 2016-2017\" class=\"noLazy flagpm_the_photo swiper-lazy\"><div class=\"swiper-lazy-preloader swiper-lazy-preloader-black\"><\/div><\/div><div class=\"swiper-slide\" data-hash=\"flagallery22547\" data-photo-id=\"22547\"><span class=\"flagpm_va\"><\/span><img data-src=\"https:\/\/bobvarela.com\/wp-content\/flagallery\/pau-esteve-en-el-080-barcelona-fashion-fallwinter-2016-2017\/webview\/pau_esteve_042.jpg\" alt=\"Ready to Wear Fall\/Winter 2016-2017\" class=\"noLazy flagpm_the_photo swiper-lazy\"><div class=\"swiper-lazy-preloader swiper-lazy-preloader-black\"><\/div><\/div><div class=\"swiper-slide\" data-hash=\"flagallery22548\" data-photo-id=\"22548\"><span class=\"flagpm_va\"><\/span><img data-src=\"https:\/\/bobvarela.com\/wp-content\/flagallery\/pau-esteve-en-el-080-barcelona-fashion-fallwinter-2016-2017\/webview\/pau_esteve_043.jpg\" alt=\"Ready to Wear Fall\/Winter 2016-2017\" class=\"noLazy flagpm_the_photo swiper-lazy\"><div class=\"swiper-lazy-preloader swiper-lazy-preloader-black\"><\/div><\/div><div class=\"swiper-slide\" data-hash=\"flagallery22549\" data-photo-id=\"22549\"><span class=\"flagpm_va\"><\/span><img data-src=\"https:\/\/bobvarela.com\/wp-content\/flagallery\/pau-esteve-en-el-080-barcelona-fashion-fallwinter-2016-2017\/webview\/pau_esteve_044.jpg\" alt=\"Ready to Wear Fall\/Winter 2016-2017\" class=\"noLazy flagpm_the_photo swiper-lazy\"><div class=\"swiper-lazy-preloader swiper-lazy-preloader-black\"><\/div><\/div><div class=\"swiper-slide\" data-hash=\"flagallery22550\" data-photo-id=\"22550\"><span class=\"flagpm_va\"><\/span><img data-src=\"https:\/\/bobvarela.com\/wp-content\/flagallery\/pau-esteve-en-el-080-barcelona-fashion-fallwinter-2016-2017\/webview\/pau_esteve_045.jpg\" alt=\"Ready to Wear Fall\/Winter 2016-2017\" class=\"noLazy flagpm_the_photo swiper-lazy\"><div class=\"swiper-lazy-preloader swiper-lazy-preloader-black\"><\/div><\/div><div class=\"swiper-slide\" data-hash=\"flagallery22551\" data-photo-id=\"22551\"><span class=\"flagpm_va\"><\/span><img data-src=\"https:\/\/bobvarela.com\/wp-content\/flagallery\/pau-esteve-en-el-080-barcelona-fashion-fallwinter-2016-2017\/webview\/pau_esteve_046.jpg\" alt=\"Ready to Wear Fall\/Winter 2016-2017\" class=\"noLazy flagpm_the_photo swiper-lazy\"><div class=\"swiper-lazy-preloader swiper-lazy-preloader-black\"><\/div><\/div><div class=\"swiper-slide\" data-hash=\"flagallery22552\" data-photo-id=\"22552\"><span class=\"flagpm_va\"><\/span><img data-src=\"https:\/\/bobvarela.com\/wp-content\/flagallery\/pau-esteve-en-el-080-barcelona-fashion-fallwinter-2016-2017\/webview\/pau_esteve_047.jpg\" alt=\"Ready to Wear Fall\/Winter 2016-2017\" class=\"noLazy flagpm_the_photo swiper-lazy\"><div class=\"swiper-lazy-preloader swiper-lazy-preloader-black\"><\/div><\/div><div class=\"swiper-slide\" data-hash=\"flagallery22553\" data-photo-id=\"22553\"><span class=\"flagpm_va\"><\/span><img data-src=\"https:\/\/bobvarela.com\/wp-content\/flagallery\/pau-esteve-en-el-080-barcelona-fashion-fallwinter-2016-2017\/webview\/pau_esteve_048.jpg\" alt=\"Ready to Wear Fall\/Winter 2016-2017\" class=\"noLazy flagpm_the_photo swiper-lazy\"><div class=\"swiper-lazy-preloader swiper-lazy-preloader-black\"><\/div><\/div><div class=\"swiper-slide\" data-hash=\"flagallery22554\" data-photo-id=\"22554\"><span class=\"flagpm_va\"><\/span><img data-src=\"https:\/\/bobvarela.com\/wp-content\/flagallery\/pau-esteve-en-el-080-barcelona-fashion-fallwinter-2016-2017\/webview\/pau_esteve_049.jpg\" alt=\"Ready to Wear Fall\/Winter 2016-2017\" class=\"noLazy flagpm_the_photo swiper-lazy\"><div class=\"swiper-lazy-preloader swiper-lazy-preloader-black\"><\/div><\/div><div class=\"swiper-slide\" data-hash=\"flagallery22555\" data-photo-id=\"22555\"><span class=\"flagpm_va\"><\/span><img data-src=\"https:\/\/bobvarela.com\/wp-content\/flagallery\/pau-esteve-en-el-080-barcelona-fashion-fallwinter-2016-2017\/webview\/pau_esteve_050.jpg\" alt=\"Ready to Wear Fall\/Winter 2016-2017\" class=\"noLazy flagpm_the_photo swiper-lazy\"><div class=\"swiper-lazy-preloader swiper-lazy-preloader-black\"><\/div><\/div><div class=\"swiper-slide\" data-hash=\"flagallery22556\" data-photo-id=\"22556\"><span class=\"flagpm_va\"><\/span><img data-src=\"https:\/\/bobvarela.com\/wp-content\/flagallery\/pau-esteve-en-el-080-barcelona-fashion-fallwinter-2016-2017\/webview\/pau_esteve_051.jpg\" alt=\"Ready to Wear Fall\/Winter 2016-2017\" class=\"noLazy flagpm_the_photo swiper-lazy\"><div class=\"swiper-lazy-preloader swiper-lazy-preloader-black\"><\/div><\/div><div class=\"swiper-slide\" data-hash=\"flagallery22557\" data-photo-id=\"22557\"><span class=\"flagpm_va\"><\/span><img data-src=\"https:\/\/bobvarela.com\/wp-content\/flagallery\/pau-esteve-en-el-080-barcelona-fashion-fallwinter-2016-2017\/webview\/pau_esteve_052.jpg\" alt=\"Ready to Wear Fall\/Winter 2016-2017\" class=\"noLazy flagpm_the_photo swiper-lazy\"><div class=\"swiper-lazy-preloader swiper-lazy-preloader-black\"><\/div><\/div><div class=\"swiper-slide\" data-hash=\"flagallery22558\" data-photo-id=\"22558\"><span class=\"flagpm_va\"><\/span><img data-src=\"https:\/\/bobvarela.com\/wp-content\/flagallery\/pau-esteve-en-el-080-barcelona-fashion-fallwinter-2016-2017\/webview\/pau_esteve_053.jpg\" alt=\"Ready to Wear Fall\/Winter 2016-2017\" class=\"noLazy flagpm_the_photo swiper-lazy\"><div class=\"swiper-lazy-preloader swiper-lazy-preloader-black\"><\/div><\/div><div class=\"swiper-slide\" data-hash=\"flagallery22559\" data-photo-id=\"22559\"><span class=\"flagpm_va\"><\/span><img data-src=\"https:\/\/bobvarela.com\/wp-content\/flagallery\/pau-esteve-en-el-080-barcelona-fashion-fallwinter-2016-2017\/webview\/pau_esteve_054.jpg\" alt=\"Ready to Wear Fall\/Winter 2016-2017\" class=\"noLazy flagpm_the_photo swiper-lazy\"><div class=\"swiper-lazy-preloader swiper-lazy-preloader-black\"><\/div><\/div><div class=\"swiper-slide\" data-hash=\"flagallery22560\" data-photo-id=\"22560\"><span class=\"flagpm_va\"><\/span><img data-src=\"https:\/\/bobvarela.com\/wp-content\/flagallery\/pau-esteve-en-el-080-barcelona-fashion-fallwinter-2016-2017\/webview\/pau_esteve_055.jpg\" alt=\"Ready to Wear Fall\/Winter 2016-2017\" class=\"noLazy flagpm_the_photo swiper-lazy\"><div class=\"swiper-lazy-preloader swiper-lazy-preloader-black\"><\/div><\/div><div class=\"swiper-slide\" data-hash=\"flagallery22561\" data-photo-id=\"22561\"><span class=\"flagpm_va\"><\/span><img data-src=\"https:\/\/bobvarela.com\/wp-content\/flagallery\/pau-esteve-en-el-080-barcelona-fashion-fallwinter-2016-2017\/webview\/pau_esteve_056.jpg\" alt=\"Ready to Wear Fall\/Winter 2016-2017\" class=\"noLazy flagpm_the_photo swiper-lazy\"><div class=\"swiper-lazy-preloader swiper-lazy-preloader-black\"><\/div><\/div><div class=\"swiper-slide\" data-hash=\"flagallery22562\" data-photo-id=\"22562\"><span class=\"flagpm_va\"><\/span><img data-src=\"https:\/\/bobvarela.com\/wp-content\/flagallery\/pau-esteve-en-el-080-barcelona-fashion-fallwinter-2016-2017\/webview\/pau_esteve_057.jpg\" alt=\"Ready to Wear Fall\/Winter 2016-2017\" class=\"noLazy flagpm_the_photo swiper-lazy\"><div class=\"swiper-lazy-preloader swiper-lazy-preloader-black\"><\/div><\/div><div class=\"swiper-slide\" data-hash=\"flagallery22563\" data-photo-id=\"22563\"><span class=\"flagpm_va\"><\/span><img data-src=\"https:\/\/bobvarela.com\/wp-content\/flagallery\/pau-esteve-en-el-080-barcelona-fashion-fallwinter-2016-2017\/webview\/pau_esteve_058.jpg\" alt=\"Ready to Wear Fall\/Winter 2016-2017\" class=\"noLazy flagpm_the_photo swiper-lazy\"><div class=\"swiper-lazy-preloader swiper-lazy-preloader-black\"><\/div><\/div><div class=\"swiper-slide\" data-hash=\"flagallery22564\" data-photo-id=\"22564\"><span class=\"flagpm_va\"><\/span><img data-src=\"https:\/\/bobvarela.com\/wp-content\/flagallery\/pau-esteve-en-el-080-barcelona-fashion-fallwinter-2016-2017\/webview\/pau_esteve_059.jpg\" alt=\"Ready to Wear Fall\/Winter 2016-2017\" class=\"noLazy flagpm_the_photo swiper-lazy\"><div class=\"swiper-lazy-preloader swiper-lazy-preloader-black\"><\/div><\/div><div class=\"swiper-slide\" data-hash=\"flagallery22565\" data-photo-id=\"22565\"><span class=\"flagpm_va\"><\/span><img data-src=\"https:\/\/bobvarela.com\/wp-content\/flagallery\/pau-esteve-en-el-080-barcelona-fashion-fallwinter-2016-2017\/webview\/pau_esteve_060.jpg\" alt=\"Ready to Wear Fall\/Winter 2016-2017\" class=\"noLazy flagpm_the_photo swiper-lazy\"><div class=\"swiper-lazy-preloader swiper-lazy-preloader-black\"><\/div><\/div> <\/div> <\/div> <\/div> <div class=\"flagpm_photo_header\"> <div class=\"flagpm_wrapper flagpm_clearfix\"> <div class=\"flagpm_focus_actions\"> <ul class=\"flagpm_focus_share\"> <li style=\"list-style:none;\" class=\"flagpm_share_wrapper\"> <a class=\"flagpm_button flagpm_share\">Share<\/a> <ul class=\"flagpm_sharelizers flagpm_clearfix\"> <li style=\"list-style:none;\"><a class=\"flagpm_button flagpm_facebook flagpm_sharelizer\">Facebook<\/a><\/li> <li style=\"list-style:none;\"><a class=\"flagpm_button flagpm_twitter flagpm_sharelizer\">Twitter<\/a><\/li> <li style=\"list-style:none;\"><a class=\"flagpm_button flagpm_pinterest flagpm_sharelizer\">Pinterest<\/a><\/li> <li style=\"list-style:none;\"><a class=\"flagpm_button flagpm_stumbleupon flagpm_sharelizer\">StumbleUpon<\/a><\/li> <\/ul> <\/li> <\/ul> <ul class=\"flagpm_focus_like_fave flagpm_clearfix\"> <li style=\"list-style:none;\"><a class=\"flagpm_button flagpm_like\">Like<\/a><\/li> <\/ul> <ul class=\"flagpm_focus_arrows flagpm_clearfix\"> <li style=\"list-style:none;\"><a class=\"flagpm_button flagpm_photo_arrow_previous flagpm_prev\">Previous<\/a><\/li> <li style=\"list-style:none;\"><a class=\"flagpm_button flagpm_photo_arrow_next flagpm_next\">Next<\/a><\/li> <\/ul> <\/div> <div class=\"flagpm_name_wrap flagpm_clearfix flagpm_no_avatar\"> <div class=\"flagpm_title_author\"> <div class=\"flagpm_title\">Ready to Wear Fall\/Winter 2016-2017<\/div> <\/div> <\/div> <div class=\"flagpm_actions flagpm_clearfix\"> <div class=\"flagpm_carousel flagpm_has_previous flagpm_has_next\"> <div class=\"flagpm_previous_button\"><\/div> <div class=\"flagpm_photo_carousel\"> <div class=\"swiper-container swiper-small-images\"> <div class=\"swiper-wrapper\"><div class=\"swiper-slide flagpm_photo\" data-photo-id=\"22506\"><img decoding=\"async\" src=\"https:\/\/bobvarela.com\/wp-content\/flagallery\/pau-esteve-en-el-080-barcelona-fashion-fallwinter-2016-2017\/thumbs\/thumbs_pau_esteve_001.jpg\" data-src=\"https:\/\/bobvarela.com\/wp-content\/flagallery\/pau-esteve-en-el-080-barcelona-fashion-fallwinter-2016-2017\/thumbs\/thumbs_pau_esteve_001.jpg\" alt=\"Ready to Wear Fall\/Winter 2016-2017\" class=\"noLazy flagpm_photo swiper-lazy flagpm_photo_portrait\"><span class=\"swiper-lazy-preloader swiper-lazy-preloader-black\"><\/span><\/div><div class=\"swiper-slide flagpm_photo\" data-photo-id=\"22507\"><img data-src=\"https:\/\/bobvarela.com\/wp-content\/flagallery\/pau-esteve-en-el-080-barcelona-fashion-fallwinter-2016-2017\/thumbs\/thumbs_pau_esteve_002.jpg\" alt=\"Ready to Wear Fall\/Winter 2016-2017\" class=\"noLazy flagpm_photo swiper-lazy flagpm_photo_portrait\"><span class=\"swiper-lazy-preloader swiper-lazy-preloader-black\"><\/span><\/div><div class=\"swiper-slide flagpm_photo\" data-photo-id=\"22508\"><img data-src=\"https:\/\/bobvarela.com\/wp-content\/flagallery\/pau-esteve-en-el-080-barcelona-fashion-fallwinter-2016-2017\/thumbs\/thumbs_pau_esteve_003.jpg\" alt=\"Ready to Wear Fall\/Winter 2016-2017\" class=\"noLazy flagpm_photo swiper-lazy flagpm_photo_portrait\"><span class=\"swiper-lazy-preloader swiper-lazy-preloader-black\"><\/span><\/div><div class=\"swiper-slide flagpm_photo\" data-photo-id=\"22509\"><img data-src=\"https:\/\/bobvarela.com\/wp-content\/flagallery\/pau-esteve-en-el-080-barcelona-fashion-fallwinter-2016-2017\/thumbs\/thumbs_pau_esteve_004.jpg\" alt=\"Ready to Wear Fall\/Winter 2016-2017\" class=\"noLazy flagpm_photo swiper-lazy flagpm_photo_portrait\"><span class=\"swiper-lazy-preloader swiper-lazy-preloader-black\"><\/span><\/div><div class=\"swiper-slide flagpm_photo\" data-photo-id=\"22510\"><img data-src=\"https:\/\/bobvarela.com\/wp-content\/flagallery\/pau-esteve-en-el-080-barcelona-fashion-fallwinter-2016-2017\/thumbs\/thumbs_pau_esteve_005.jpg\" alt=\"Ready to Wear Fall\/Winter 2016-2017\" class=\"noLazy flagpm_photo swiper-lazy flagpm_photo_portrait\"><span class=\"swiper-lazy-preloader swiper-lazy-preloader-black\"><\/span><\/div><div class=\"swiper-slide flagpm_photo\" data-photo-id=\"22511\"><img data-src=\"https:\/\/bobvarela.com\/wp-content\/flagallery\/pau-esteve-en-el-080-barcelona-fashion-fallwinter-2016-2017\/thumbs\/thumbs_pau_esteve_006.jpg\" alt=\"Ready to Wear Fall\/Winter 2016-2017\" class=\"noLazy flagpm_photo swiper-lazy flagpm_photo_portrait\"><span class=\"swiper-lazy-preloader swiper-lazy-preloader-black\"><\/span><\/div><div class=\"swiper-slide flagpm_photo\" data-photo-id=\"22512\"><img data-src=\"https:\/\/bobvarela.com\/wp-content\/flagallery\/pau-esteve-en-el-080-barcelona-fashion-fallwinter-2016-2017\/thumbs\/thumbs_pau_esteve_007.jpg\" alt=\"Ready to Wear Fall\/Winter 2016-2017\" class=\"noLazy flagpm_photo swiper-lazy flagpm_photo_portrait\"><span class=\"swiper-lazy-preloader swiper-lazy-preloader-black\"><\/span><\/div><div class=\"swiper-slide flagpm_photo\" data-photo-id=\"22513\"><img data-src=\"https:\/\/bobvarela.com\/wp-content\/flagallery\/pau-esteve-en-el-080-barcelona-fashion-fallwinter-2016-2017\/thumbs\/thumbs_pau_esteve_008.jpg\" alt=\"Ready to Wear Fall\/Winter 2016-2017\" class=\"noLazy flagpm_photo swiper-lazy flagpm_photo_portrait\"><span class=\"swiper-lazy-preloader swiper-lazy-preloader-black\"><\/span><\/div><div class=\"swiper-slide flagpm_photo\" data-photo-id=\"22514\"><img data-src=\"https:\/\/bobvarela.com\/wp-content\/flagallery\/pau-esteve-en-el-080-barcelona-fashion-fallwinter-2016-2017\/thumbs\/thumbs_pau_esteve_009.jpg\" alt=\"Ready to Wear Fall\/Winter 2016-2017\" class=\"noLazy flagpm_photo swiper-lazy flagpm_photo_portrait\"><span class=\"swiper-lazy-preloader swiper-lazy-preloader-black\"><\/span><\/div><div class=\"swiper-slide flagpm_photo\" data-photo-id=\"22515\"><img data-src=\"https:\/\/bobvarela.com\/wp-content\/flagallery\/pau-esteve-en-el-080-barcelona-fashion-fallwinter-2016-2017\/thumbs\/thumbs_pau_esteve_010.jpg\" alt=\"Ready to Wear Fall\/Winter 2016-2017\" class=\"noLazy flagpm_photo swiper-lazy flagpm_photo_portrait\"><span class=\"swiper-lazy-preloader swiper-lazy-preloader-black\"><\/span><\/div><div class=\"swiper-slide flagpm_photo\" data-photo-id=\"22516\"><img data-src=\"https:\/\/bobvarela.com\/wp-content\/flagallery\/pau-esteve-en-el-080-barcelona-fashion-fallwinter-2016-2017\/thumbs\/thumbs_pau_esteve_011.jpg\" alt=\"Ready to Wear Fall\/Winter 2016-2017\" class=\"noLazy flagpm_photo swiper-lazy flagpm_photo_portrait\"><span class=\"swiper-lazy-preloader swiper-lazy-preloader-black\"><\/span><\/div><div class=\"swiper-slide flagpm_photo\" data-photo-id=\"22517\"><img data-src=\"https:\/\/bobvarela.com\/wp-content\/flagallery\/pau-esteve-en-el-080-barcelona-fashion-fallwinter-2016-2017\/thumbs\/thumbs_pau_esteve_012.jpg\" alt=\"Ready to Wear Fall\/Winter 2016-2017\" class=\"noLazy flagpm_photo swiper-lazy flagpm_photo_portrait\"><span class=\"swiper-lazy-preloader swiper-lazy-preloader-black\"><\/span><\/div><div class=\"swiper-slide flagpm_photo\" data-photo-id=\"22518\"><img data-src=\"https:\/\/bobvarela.com\/wp-content\/flagallery\/pau-esteve-en-el-080-barcelona-fashion-fallwinter-2016-2017\/thumbs\/thumbs_pau_esteve_013.jpg\" alt=\"Ready to Wear Fall\/Winter 2016-2017\" class=\"noLazy flagpm_photo swiper-lazy flagpm_photo_portrait\"><span class=\"swiper-lazy-preloader swiper-lazy-preloader-black\"><\/span><\/div><div class=\"swiper-slide flagpm_photo\" data-photo-id=\"22519\"><img data-src=\"https:\/\/bobvarela.com\/wp-content\/flagallery\/pau-esteve-en-el-080-barcelona-fashion-fallwinter-2016-2017\/thumbs\/thumbs_pau_esteve_014.jpg\" alt=\"Ready to Wear Fall\/Winter 2016-2017\" class=\"noLazy flagpm_photo swiper-lazy flagpm_photo_portrait\"><span class=\"swiper-lazy-preloader swiper-lazy-preloader-black\"><\/span><\/div><div class=\"swiper-slide flagpm_photo\" data-photo-id=\"22520\"><img data-src=\"https:\/\/bobvarela.com\/wp-content\/flagallery\/pau-esteve-en-el-080-barcelona-fashion-fallwinter-2016-2017\/thumbs\/thumbs_pau_esteve_015.jpg\" alt=\"Ready to Wear Fall\/Winter 2016-2017\" class=\"noLazy flagpm_photo swiper-lazy flagpm_photo_portrait\"><span class=\"swiper-lazy-preloader swiper-lazy-preloader-black\"><\/span><\/div><div class=\"swiper-slide flagpm_photo\" data-photo-id=\"22521\"><img data-src=\"https:\/\/bobvarela.com\/wp-content\/flagallery\/pau-esteve-en-el-080-barcelona-fashion-fallwinter-2016-2017\/thumbs\/thumbs_pau_esteve_016.jpg\" alt=\"Ready to Wear Fall\/Winter 2016-2017\" class=\"noLazy flagpm_photo swiper-lazy flagpm_photo_portrait\"><span class=\"swiper-lazy-preloader swiper-lazy-preloader-black\"><\/span><\/div><div class=\"swiper-slide flagpm_photo\" data-photo-id=\"22522\"><img data-src=\"https:\/\/bobvarela.com\/wp-content\/flagallery\/pau-esteve-en-el-080-barcelona-fashion-fallwinter-2016-2017\/thumbs\/thumbs_pau_esteve_017.jpg\" alt=\"Ready to Wear Fall\/Winter 2016-2017\" class=\"noLazy flagpm_photo swiper-lazy flagpm_photo_portrait\"><span class=\"swiper-lazy-preloader swiper-lazy-preloader-black\"><\/span><\/div><div class=\"swiper-slide flagpm_photo\" data-photo-id=\"22523\"><img data-src=\"https:\/\/bobvarela.com\/wp-content\/flagallery\/pau-esteve-en-el-080-barcelona-fashion-fallwinter-2016-2017\/thumbs\/thumbs_pau_esteve_018.jpg\" alt=\"Ready to Wear Fall\/Winter 2016-2017\" class=\"noLazy flagpm_photo swiper-lazy flagpm_photo_portrait\"><span class=\"swiper-lazy-preloader swiper-lazy-preloader-black\"><\/span><\/div><div class=\"swiper-slide flagpm_photo\" data-photo-id=\"22524\"><img data-src=\"https:\/\/bobvarela.com\/wp-content\/flagallery\/pau-esteve-en-el-080-barcelona-fashion-fallwinter-2016-2017\/thumbs\/thumbs_pau_esteve_019.jpg\" alt=\"Ready to Wear Fall\/Winter 2016-2017\" class=\"noLazy flagpm_photo swiper-lazy flagpm_photo_portrait\"><span class=\"swiper-lazy-preloader swiper-lazy-preloader-black\"><\/span><\/div><div class=\"swiper-slide flagpm_photo\" data-photo-id=\"22525\"><img data-src=\"https:\/\/bobvarela.com\/wp-content\/flagallery\/pau-esteve-en-el-080-barcelona-fashion-fallwinter-2016-2017\/thumbs\/thumbs_pau_esteve_020.jpg\" alt=\"Ready to Wear Fall\/Winter 2016-2017\" class=\"noLazy flagpm_photo swiper-lazy flagpm_photo_portrait\"><span class=\"swiper-lazy-preloader swiper-lazy-preloader-black\"><\/span><\/div><div class=\"swiper-slide flagpm_photo\" data-photo-id=\"22526\"><img data-src=\"https:\/\/bobvarela.com\/wp-content\/flagallery\/pau-esteve-en-el-080-barcelona-fashion-fallwinter-2016-2017\/thumbs\/thumbs_pau_esteve_021.jpg\" alt=\"Ready to Wear Fall\/Winter 2016-2017\" class=\"noLazy flagpm_photo swiper-lazy flagpm_photo_portrait\"><span class=\"swiper-lazy-preloader swiper-lazy-preloader-black\"><\/span><\/div><div class=\"swiper-slide flagpm_photo\" data-photo-id=\"22527\"><img data-src=\"https:\/\/bobvarela.com\/wp-content\/flagallery\/pau-esteve-en-el-080-barcelona-fashion-fallwinter-2016-2017\/thumbs\/thumbs_pau_esteve_022.jpg\" alt=\"Ready to Wear Fall\/Winter 2016-2017\" class=\"noLazy flagpm_photo swiper-lazy flagpm_photo_portrait\"><span class=\"swiper-lazy-preloader swiper-lazy-preloader-black\"><\/span><\/div><div class=\"swiper-slide flagpm_photo\" data-photo-id=\"22528\"><img data-src=\"https:\/\/bobvarela.com\/wp-content\/flagallery\/pau-esteve-en-el-080-barcelona-fashion-fallwinter-2016-2017\/thumbs\/thumbs_pau_esteve_023.jpg\" alt=\"Ready to Wear Fall\/Winter 2016-2017\" class=\"noLazy flagpm_photo swiper-lazy flagpm_photo_portrait\"><span class=\"swiper-lazy-preloader swiper-lazy-preloader-black\"><\/span><\/div><div class=\"swiper-slide flagpm_photo\" data-photo-id=\"22529\"><img data-src=\"https:\/\/bobvarela.com\/wp-content\/flagallery\/pau-esteve-en-el-080-barcelona-fashion-fallwinter-2016-2017\/thumbs\/thumbs_pau_esteve_024.jpg\" alt=\"Ready to Wear Fall\/Winter 2016-2017\" class=\"noLazy flagpm_photo swiper-lazy flagpm_photo_portrait\"><span class=\"swiper-lazy-preloader swiper-lazy-preloader-black\"><\/span><\/div><div class=\"swiper-slide flagpm_photo\" data-photo-id=\"22530\"><img data-src=\"https:\/\/bobvarela.com\/wp-content\/flagallery\/pau-esteve-en-el-080-barcelona-fashion-fallwinter-2016-2017\/thumbs\/thumbs_pau_esteve_025.jpg\" alt=\"Ready to Wear Fall\/Winter 2016-2017\" class=\"noLazy flagpm_photo swiper-lazy flagpm_photo_portrait\"><span class=\"swiper-lazy-preloader swiper-lazy-preloader-black\"><\/span><\/div><div class=\"swiper-slide flagpm_photo\" data-photo-id=\"22531\"><img data-src=\"https:\/\/bobvarela.com\/wp-content\/flagallery\/pau-esteve-en-el-080-barcelona-fashion-fallwinter-2016-2017\/thumbs\/thumbs_pau_esteve_026.jpg\" alt=\"Ready to Wear Fall\/Winter 2016-2017\" class=\"noLazy flagpm_photo swiper-lazy flagpm_photo_portrait\"><span class=\"swiper-lazy-preloader swiper-lazy-preloader-black\"><\/span><\/div><div class=\"swiper-slide flagpm_photo\" data-photo-id=\"22532\"><img data-src=\"https:\/\/bobvarela.com\/wp-content\/flagallery\/pau-esteve-en-el-080-barcelona-fashion-fallwinter-2016-2017\/thumbs\/thumbs_pau_esteve_027.jpg\" alt=\"Ready to Wear Fall\/Winter 2016-2017\" class=\"noLazy flagpm_photo swiper-lazy flagpm_photo_portrait\"><span class=\"swiper-lazy-preloader swiper-lazy-preloader-black\"><\/span><\/div><div class=\"swiper-slide flagpm_photo\" data-photo-id=\"22533\"><img data-src=\"https:\/\/bobvarela.com\/wp-content\/flagallery\/pau-esteve-en-el-080-barcelona-fashion-fallwinter-2016-2017\/thumbs\/thumbs_pau_esteve_028.jpg\" alt=\"Ready to Wear Fall\/Winter 2016-2017\" class=\"noLazy flagpm_photo swiper-lazy flagpm_photo_portrait\"><span class=\"swiper-lazy-preloader swiper-lazy-preloader-black\"><\/span><\/div><div class=\"swiper-slide flagpm_photo\" data-photo-id=\"22534\"><img data-src=\"https:\/\/bobvarela.com\/wp-content\/flagallery\/pau-esteve-en-el-080-barcelona-fashion-fallwinter-2016-2017\/thumbs\/thumbs_pau_esteve_029.jpg\" alt=\"Ready to Wear Fall\/Winter 2016-2017\" class=\"noLazy flagpm_photo swiper-lazy flagpm_photo_portrait\"><span class=\"swiper-lazy-preloader swiper-lazy-preloader-black\"><\/span><\/div><div class=\"swiper-slide flagpm_photo\" data-photo-id=\"22535\"><img data-src=\"https:\/\/bobvarela.com\/wp-content\/flagallery\/pau-esteve-en-el-080-barcelona-fashion-fallwinter-2016-2017\/thumbs\/thumbs_pau_esteve_030.jpg\" alt=\"Ready to Wear Fall\/Winter 2016-2017\" class=\"noLazy flagpm_photo swiper-lazy flagpm_photo_portrait\"><span class=\"swiper-lazy-preloader swiper-lazy-preloader-black\"><\/span><\/div><div class=\"swiper-slide flagpm_photo\" data-photo-id=\"22536\"><img data-src=\"https:\/\/bobvarela.com\/wp-content\/flagallery\/pau-esteve-en-el-080-barcelona-fashion-fallwinter-2016-2017\/thumbs\/thumbs_pau_esteve_031.jpg\" alt=\"Ready to Wear Fall\/Winter 2016-2017\" class=\"noLazy flagpm_photo swiper-lazy flagpm_photo_portrait\"><span class=\"swiper-lazy-preloader swiper-lazy-preloader-black\"><\/span><\/div><div class=\"swiper-slide flagpm_photo\" data-photo-id=\"22537\"><img data-src=\"https:\/\/bobvarela.com\/wp-content\/flagallery\/pau-esteve-en-el-080-barcelona-fashion-fallwinter-2016-2017\/thumbs\/thumbs_pau_esteve_032.jpg\" alt=\"Ready to Wear Fall\/Winter 2016-2017\" class=\"noLazy flagpm_photo swiper-lazy flagpm_photo_portrait\"><span class=\"swiper-lazy-preloader swiper-lazy-preloader-black\"><\/span><\/div><div class=\"swiper-slide flagpm_photo\" data-photo-id=\"22538\"><img data-src=\"https:\/\/bobvarela.com\/wp-content\/flagallery\/pau-esteve-en-el-080-barcelona-fashion-fallwinter-2016-2017\/thumbs\/thumbs_pau_esteve_033.jpg\" alt=\"Ready to Wear Fall\/Winter 2016-2017\" class=\"noLazy flagpm_photo swiper-lazy flagpm_photo_portrait\"><span class=\"swiper-lazy-preloader swiper-lazy-preloader-black\"><\/span><\/div><div class=\"swiper-slide flagpm_photo\" data-photo-id=\"22539\"><img data-src=\"https:\/\/bobvarela.com\/wp-content\/flagallery\/pau-esteve-en-el-080-barcelona-fashion-fallwinter-2016-2017\/thumbs\/thumbs_pau_esteve_034.jpg\" alt=\"Ready to Wear Fall\/Winter 2016-2017\" class=\"noLazy flagpm_photo swiper-lazy flagpm_photo_portrait\"><span class=\"swiper-lazy-preloader swiper-lazy-preloader-black\"><\/span><\/div><div class=\"swiper-slide flagpm_photo\" data-photo-id=\"22540\"><img data-src=\"https:\/\/bobvarela.com\/wp-content\/flagallery\/pau-esteve-en-el-080-barcelona-fashion-fallwinter-2016-2017\/thumbs\/thumbs_pau_esteve_035.jpg\" alt=\"Ready to Wear Fall\/Winter 2016-2017\" class=\"noLazy flagpm_photo swiper-lazy flagpm_photo_portrait\"><span class=\"swiper-lazy-preloader swiper-lazy-preloader-black\"><\/span><\/div><div class=\"swiper-slide flagpm_photo\" data-photo-id=\"22541\"><img data-src=\"https:\/\/bobvarela.com\/wp-content\/flagallery\/pau-esteve-en-el-080-barcelona-fashion-fallwinter-2016-2017\/thumbs\/thumbs_pau_esteve_036.jpg\" alt=\"Ready to Wear Fall\/Winter 2016-2017\" class=\"noLazy flagpm_photo swiper-lazy flagpm_photo_portrait\"><span class=\"swiper-lazy-preloader swiper-lazy-preloader-black\"><\/span><\/div><div class=\"swiper-slide flagpm_photo\" data-photo-id=\"22542\"><img data-src=\"https:\/\/bobvarela.com\/wp-content\/flagallery\/pau-esteve-en-el-080-barcelona-fashion-fallwinter-2016-2017\/thumbs\/thumbs_pau_esteve_037.jpg\" alt=\"Ready to Wear Fall\/Winter 2016-2017\" class=\"noLazy flagpm_photo swiper-lazy flagpm_photo_portrait\"><span class=\"swiper-lazy-preloader swiper-lazy-preloader-black\"><\/span><\/div><div class=\"swiper-slide flagpm_photo\" data-photo-id=\"22543\"><img data-src=\"https:\/\/bobvarela.com\/wp-content\/flagallery\/pau-esteve-en-el-080-barcelona-fashion-fallwinter-2016-2017\/thumbs\/thumbs_pau_esteve_038.jpg\" alt=\"Ready to Wear Fall\/Winter 2016-2017\" class=\"noLazy flagpm_photo swiper-lazy flagpm_photo_portrait\"><span class=\"swiper-lazy-preloader swiper-lazy-preloader-black\"><\/span><\/div><div class=\"swiper-slide flagpm_photo\" data-photo-id=\"22544\"><img data-src=\"https:\/\/bobvarela.com\/wp-content\/flagallery\/pau-esteve-en-el-080-barcelona-fashion-fallwinter-2016-2017\/thumbs\/thumbs_pau_esteve_039.jpg\" alt=\"Ready to Wear Fall\/Winter 2016-2017\" class=\"noLazy flagpm_photo swiper-lazy flagpm_photo_portrait\"><span class=\"swiper-lazy-preloader swiper-lazy-preloader-black\"><\/span><\/div><div class=\"swiper-slide flagpm_photo\" data-photo-id=\"22545\"><img data-src=\"https:\/\/bobvarela.com\/wp-content\/flagallery\/pau-esteve-en-el-080-barcelona-fashion-fallwinter-2016-2017\/thumbs\/thumbs_pau_esteve_040.jpg\" alt=\"Ready to Wear Fall\/Winter 2016-2017\" class=\"noLazy flagpm_photo swiper-lazy flagpm_photo_portrait\"><span class=\"swiper-lazy-preloader swiper-lazy-preloader-black\"><\/span><\/div><div class=\"swiper-slide flagpm_photo\" data-photo-id=\"22546\"><img data-src=\"https:\/\/bobvarela.com\/wp-content\/flagallery\/pau-esteve-en-el-080-barcelona-fashion-fallwinter-2016-2017\/thumbs\/thumbs_pau_esteve_041.jpg\" alt=\"Ready to Wear Fall\/Winter 2016-2017\" class=\"noLazy flagpm_photo swiper-lazy flagpm_photo_portrait\"><span class=\"swiper-lazy-preloader swiper-lazy-preloader-black\"><\/span><\/div><div class=\"swiper-slide flagpm_photo\" data-photo-id=\"22547\"><img data-src=\"https:\/\/bobvarela.com\/wp-content\/flagallery\/pau-esteve-en-el-080-barcelona-fashion-fallwinter-2016-2017\/thumbs\/thumbs_pau_esteve_042.jpg\" alt=\"Ready to Wear Fall\/Winter 2016-2017\" class=\"noLazy flagpm_photo swiper-lazy flagpm_photo_portrait\"><span class=\"swiper-lazy-preloader swiper-lazy-preloader-black\"><\/span><\/div><div class=\"swiper-slide flagpm_photo\" data-photo-id=\"22548\"><img data-src=\"https:\/\/bobvarela.com\/wp-content\/flagallery\/pau-esteve-en-el-080-barcelona-fashion-fallwinter-2016-2017\/thumbs\/thumbs_pau_esteve_043.jpg\" alt=\"Ready to Wear Fall\/Winter 2016-2017\" class=\"noLazy flagpm_photo swiper-lazy flagpm_photo_portrait\"><span class=\"swiper-lazy-preloader swiper-lazy-preloader-black\"><\/span><\/div><div class=\"swiper-slide flagpm_photo\" data-photo-id=\"22549\"><img data-src=\"https:\/\/bobvarela.com\/wp-content\/flagallery\/pau-esteve-en-el-080-barcelona-fashion-fallwinter-2016-2017\/thumbs\/thumbs_pau_esteve_044.jpg\" alt=\"Ready to Wear Fall\/Winter 2016-2017\" class=\"noLazy flagpm_photo swiper-lazy flagpm_photo_portrait\"><span class=\"swiper-lazy-preloader swiper-lazy-preloader-black\"><\/span><\/div><div class=\"swiper-slide flagpm_photo\" data-photo-id=\"22550\"><img data-src=\"https:\/\/bobvarela.com\/wp-content\/flagallery\/pau-esteve-en-el-080-barcelona-fashion-fallwinter-2016-2017\/thumbs\/thumbs_pau_esteve_045.jpg\" alt=\"Ready to Wear Fall\/Winter 2016-2017\" class=\"noLazy flagpm_photo swiper-lazy flagpm_photo_portrait\"><span class=\"swiper-lazy-preloader swiper-lazy-preloader-black\"><\/span><\/div><div class=\"swiper-slide flagpm_photo\" data-photo-id=\"22551\"><img data-src=\"https:\/\/bobvarela.com\/wp-content\/flagallery\/pau-esteve-en-el-080-barcelona-fashion-fallwinter-2016-2017\/thumbs\/thumbs_pau_esteve_046.jpg\" alt=\"Ready to Wear Fall\/Winter 2016-2017\" class=\"noLazy flagpm_photo swiper-lazy flagpm_photo_portrait\"><span class=\"swiper-lazy-preloader swiper-lazy-preloader-black\"><\/span><\/div><div class=\"swiper-slide flagpm_photo\" data-photo-id=\"22552\"><img data-src=\"https:\/\/bobvarela.com\/wp-content\/flagallery\/pau-esteve-en-el-080-barcelona-fashion-fallwinter-2016-2017\/thumbs\/thumbs_pau_esteve_047.jpg\" alt=\"Ready to Wear Fall\/Winter 2016-2017\" class=\"noLazy flagpm_photo swiper-lazy flagpm_photo_portrait\"><span class=\"swiper-lazy-preloader swiper-lazy-preloader-black\"><\/span><\/div><div class=\"swiper-slide flagpm_photo\" data-photo-id=\"22553\"><img data-src=\"https:\/\/bobvarela.com\/wp-content\/flagallery\/pau-esteve-en-el-080-barcelona-fashion-fallwinter-2016-2017\/thumbs\/thumbs_pau_esteve_048.jpg\" alt=\"Ready to Wear Fall\/Winter 2016-2017\" class=\"noLazy flagpm_photo swiper-lazy flagpm_photo_portrait\"><span class=\"swiper-lazy-preloader swiper-lazy-preloader-black\"><\/span><\/div><div class=\"swiper-slide flagpm_photo\" data-photo-id=\"22554\"><img data-src=\"https:\/\/bobvarela.com\/wp-content\/flagallery\/pau-esteve-en-el-080-barcelona-fashion-fallwinter-2016-2017\/thumbs\/thumbs_pau_esteve_049.jpg\" alt=\"Ready to Wear Fall\/Winter 2016-2017\" class=\"noLazy flagpm_photo swiper-lazy flagpm_photo_portrait\"><span class=\"swiper-lazy-preloader swiper-lazy-preloader-black\"><\/span><\/div><div class=\"swiper-slide flagpm_photo\" data-photo-id=\"22555\"><img data-src=\"https:\/\/bobvarela.com\/wp-content\/flagallery\/pau-esteve-en-el-080-barcelona-fashion-fallwinter-2016-2017\/thumbs\/thumbs_pau_esteve_050.jpg\" alt=\"Ready to Wear Fall\/Winter 2016-2017\" class=\"noLazy flagpm_photo swiper-lazy flagpm_photo_portrait\"><span class=\"swiper-lazy-preloader swiper-lazy-preloader-black\"><\/span><\/div><div class=\"swiper-slide flagpm_photo\" data-photo-id=\"22556\"><img data-src=\"https:\/\/bobvarela.com\/wp-content\/flagallery\/pau-esteve-en-el-080-barcelona-fashion-fallwinter-2016-2017\/thumbs\/thumbs_pau_esteve_051.jpg\" alt=\"Ready to Wear Fall\/Winter 2016-2017\" class=\"noLazy flagpm_photo swiper-lazy flagpm_photo_portrait\"><span class=\"swiper-lazy-preloader swiper-lazy-preloader-black\"><\/span><\/div><div class=\"swiper-slide flagpm_photo\" data-photo-id=\"22557\"><img data-src=\"https:\/\/bobvarela.com\/wp-content\/flagallery\/pau-esteve-en-el-080-barcelona-fashion-fallwinter-2016-2017\/thumbs\/thumbs_pau_esteve_052.jpg\" alt=\"Ready to Wear Fall\/Winter 2016-2017\" class=\"noLazy flagpm_photo swiper-lazy flagpm_photo_portrait\"><span class=\"swiper-lazy-preloader swiper-lazy-preloader-black\"><\/span><\/div><div class=\"swiper-slide flagpm_photo\" data-photo-id=\"22558\"><img data-src=\"https:\/\/bobvarela.com\/wp-content\/flagallery\/pau-esteve-en-el-080-barcelona-fashion-fallwinter-2016-2017\/thumbs\/thumbs_pau_esteve_053.jpg\" alt=\"Ready to Wear Fall\/Winter 2016-2017\" class=\"noLazy flagpm_photo swiper-lazy flagpm_photo_portrait\"><span class=\"swiper-lazy-preloader swiper-lazy-preloader-black\"><\/span><\/div><div class=\"swiper-slide flagpm_photo\" data-photo-id=\"22559\"><img data-src=\"https:\/\/bobvarela.com\/wp-content\/flagallery\/pau-esteve-en-el-080-barcelona-fashion-fallwinter-2016-2017\/thumbs\/thumbs_pau_esteve_054.jpg\" alt=\"Ready to Wear Fall\/Winter 2016-2017\" class=\"noLazy flagpm_photo swiper-lazy flagpm_photo_portrait\"><span class=\"swiper-lazy-preloader swiper-lazy-preloader-black\"><\/span><\/div><div class=\"swiper-slide flagpm_photo\" data-photo-id=\"22560\"><img data-src=\"https:\/\/bobvarela.com\/wp-content\/flagallery\/pau-esteve-en-el-080-barcelona-fashion-fallwinter-2016-2017\/thumbs\/thumbs_pau_esteve_055.jpg\" alt=\"Ready to Wear Fall\/Winter 2016-2017\" class=\"noLazy flagpm_photo swiper-lazy flagpm_photo_portrait\"><span class=\"swiper-lazy-preloader swiper-lazy-preloader-black\"><\/span><\/div><div class=\"swiper-slide flagpm_photo\" data-photo-id=\"22561\"><img data-src=\"https:\/\/bobvarela.com\/wp-content\/flagallery\/pau-esteve-en-el-080-barcelona-fashion-fallwinter-2016-2017\/thumbs\/thumbs_pau_esteve_056.jpg\" alt=\"Ready to Wear Fall\/Winter 2016-2017\" class=\"noLazy flagpm_photo swiper-lazy flagpm_photo_portrait\"><span class=\"swiper-lazy-preloader swiper-lazy-preloader-black\"><\/span><\/div><div class=\"swiper-slide flagpm_photo\" data-photo-id=\"22562\"><img data-src=\"https:\/\/bobvarela.com\/wp-content\/flagallery\/pau-esteve-en-el-080-barcelona-fashion-fallwinter-2016-2017\/thumbs\/thumbs_pau_esteve_057.jpg\" alt=\"Ready to Wear Fall\/Winter 2016-2017\" class=\"noLazy flagpm_photo swiper-lazy flagpm_photo_portrait\"><span class=\"swiper-lazy-preloader swiper-lazy-preloader-black\"><\/span><\/div><div class=\"swiper-slide flagpm_photo\" data-photo-id=\"22563\"><img data-src=\"https:\/\/bobvarela.com\/wp-content\/flagallery\/pau-esteve-en-el-080-barcelona-fashion-fallwinter-2016-2017\/thumbs\/thumbs_pau_esteve_058.jpg\" alt=\"Ready to Wear Fall\/Winter 2016-2017\" class=\"noLazy flagpm_photo swiper-lazy flagpm_photo_portrait\"><span class=\"swiper-lazy-preloader swiper-lazy-preloader-black\"><\/span><\/div><div class=\"swiper-slide flagpm_photo\" data-photo-id=\"22564\"><img data-src=\"https:\/\/bobvarela.com\/wp-content\/flagallery\/pau-esteve-en-el-080-barcelona-fashion-fallwinter-2016-2017\/thumbs\/thumbs_pau_esteve_059.jpg\" alt=\"Ready to Wear Fall\/Winter 2016-2017\" class=\"noLazy flagpm_photo swiper-lazy flagpm_photo_portrait\"><span class=\"swiper-lazy-preloader swiper-lazy-preloader-black\"><\/span><\/div><div class=\"swiper-slide flagpm_photo\" data-photo-id=\"22565\"><img data-src=\"https:\/\/bobvarela.com\/wp-content\/flagallery\/pau-esteve-en-el-080-barcelona-fashion-fallwinter-2016-2017\/thumbs\/thumbs_pau_esteve_060.jpg\" alt=\"Ready to Wear Fall\/Winter 2016-2017\" class=\"noLazy flagpm_photo swiper-lazy flagpm_photo_portrait\"><span class=\"swiper-lazy-preloader swiper-lazy-preloader-black\"><\/span><\/div> <\/div> <\/div> <\/div> <div class=\"flagpm_next_button\"><\/div> <\/div> <div class=\"flagpm_big_button_wrap\"> <div class=\"flagpm_share_wrapper\"> <a class=\"flagpm_button flagpm_share\">Share<\/a> <div class=\"flagpm_sharelizers_wrap\"> <ul class=\"flagpm_sharelizers\"> <li style=\"list-style:none;\"><a class=\"flagpm_button flagpm_facebook flagpm_sharelizer\">Facebook<\/a><\/li> <li style=\"list-style:none;\"><a class=\"flagpm_button flagpm_twitter flagpm_sharelizer\">Twitter<\/a><\/li> <li style=\"list-style:none;\"><a class=\"flagpm_button flagpm_pinterest flagpm_sharelizer\">Pinterest<\/a><\/li> <li style=\"list-style:none;\"><a class=\"flagpm_button flagpm_stumbleupon flagpm_sharelizer\">StumbleUpon<\/a><\/li> <\/ul> <\/div> <\/div> <a class=\"flagpm_button flagpm_like\">Like<\/a> <\/div> <div class=\"flagpm_big_button_wrap\"> <a class=\"flagpm_big_button flagpm_download_button\" href=\"https:\/\/bobvarela.com\/wp-content\/flagallery\/pau-esteve-en-el-080-barcelona-fashion-fallwinter-2016-2017\/pau_esteve_001.jpg\" download=\"pau_esteve_001.jpg\"> <span class=\"flagpm_icon\"><\/span> <span class=\"flagpm_label\">Download<\/span> <\/a> <\/div> <div class=\"flagpm_big_button_wrap\"> <a class=\"flagpm_big_button flagpm_link_button flagpm_inactive\" > <span class=\"flagpm_icon\"><\/span> <span class=\"flagpm_label\">Open Link<\/span> <\/a> <\/div> <\/div> <\/div> <\/div> <div class=\"flagpm_focus_close_full\"> <span><a class=\"flagpm_button flagpm_close\">Close<\/a><\/span> <span><a class=\"flagpm_button flagpm_full\">Full<\/a><\/span> <\/div> <div class=\"flagpm_photo_details\"> <div class=\"flagpm_description_wrap\"> <div class=\"details_title\">Description<\/div> <div class=\"flagpm_description_text_wrap\"> <div class=\"flagpm_slide_description\"><p>Ready to Wear Fall\/Winter 2016-2017<\/p><\/div> <\/div> <\/div> <\/div> <div class=\"flagpm_focus_footer\"> <div class=\"flagpm_focus_keyboard\"> <div class=\"flagpm_focus_keyboard_title\">Keyboard Shortcuts <a class=\"flagpm_focus_keyboard_dismiss\">Dismiss<\/a><\/div> <ul> <li style=\"list-style:none;\"><a data-key=\"p\" class=\"flagpm_key\">S<\/a><span class=\"flagpm_label\">Slideshow<\/span><\/li> <li style=\"list-style:none;\"><a data-key=\"m\" class=\"flagpm_key\">M<\/a><span class=\"flagpm_label\">Maximize<\/span><\/li> <li style=\"list-style:none;\"><a data-key=\"left\" class=\"flagpm_key\">&nbsp;<\/a><span class=\"flagpm_label\">Previous<\/span><\/li> <li style=\"list-style:none;\"><a data-key=\"right\" class=\"flagpm_key\">&nbsp;<\/a><span class=\"flagpm_label\">Next<\/span><\/li> <li style=\"list-style:none;\"><a data-key=\"escape\" class=\"flagpm_key flagpm_esc\">esc<\/a><span class=\"flagpm_label\">Close<\/span><\/li> <\/ul> <\/div> <\/div> <\/div> <script type=\"text\/javascript\"> jQuery(function($) { var settings = {\"base_gallery_width\":\"800\",\"base_gallery_height\":\"500\",\"gallery_min_height\":\"230\",\"scale_mode\":\"fit\",\"initial_slide\":0,\"slideshow_autoplay\":\"0\",\"slideshow_delay\":\"7000\",\"gallery_focus\":\"0\",\"gallery_maximized\":\"0\",\"gallery_focus_maximized\":\"0\",\"keyboard_help\":\"1\",\"show_download_button\":\"1\",\"show_link_button\":\"1\",\"show_description\":\"1\",\"show_share_button\":\"1\",\"show_like_button\":\"1\",\"link_color\":\"#0099e5\",\"link_color_hover\":\"#02adea\",\"download_button_text\":\"Download\",\"link_button_text\":\"Open Link\",\"description_title\":\"Description\",\"key\":\"\",\"name\":\"\",\"gallID\":\"sc1_318\"}; var content = {\"data\":[{\"id\":\"22506\",\"image\":\"https:\\\/\\\/bobvarela.com\\\/wp-content\\\/flagallery\\\/pau-esteve-en-el-080-barcelona-fashion-fallwinter-2016-2017\\\/webview\\\/pau_esteve_001.jpg\",\"thumb\":\"https:\\\/\\\/bobvarela.com\\\/wp-content\\\/flagallery\\\/pau-esteve-en-el-080-barcelona-fashion-fallwinter-2016-2017\\\/thumbs\\\/thumbs_pau_esteve_001.jpg\",\"file\":\"pau_esteve_001.jpg\",\"meta\":{\"aperture\":false,\"credit\":false,\"camera\":false,\"caption\":\"Ready to Wear Fall\\\/Winter 2016-2017\",\"created_timestamp\":\"February 1, 2016 4:29 pm\",\"copyright\":\"\\u00c2\\u00a9 2016 Estrop-Barcelona PHOTOGRAPH FOR EDITORIAL USE ONLY\",\"focal_length\":false,\"iso\":false,\"shutter_speed\":false,\"flash\":false,\"title\":\"Ready to Wear Fall\\\/Winter 2016-2017\",\"keywords\":\"Fall\\\/Winter 2016-2017,Ready to Wear\",\"width\":667,\"height\":1000,\"saved\":true,\"thumbnail\":{\"width\":220,\"height\":220,\"ewww_image_optimizer\":\"Reduced by 8.0% (1.9&nbsp;kB)\"},\"webview\":{\"0\":667,\"1\":1000,\"2\":2,\"3\":\"width=\\\"667\\\" height=\\\"1000\\\"\",\"bits\":8,\"channels\":3,\"mime\":\"image\\\/jpeg\",\"ewww_image_optimizer\":\"Reduced by 5.5% (4.3&nbsp;kB) - Previously Optimized\"},\"0\":false,\"ewww_image_optimizer\":\"Reduced by 5.5% (8.1&nbsp;kB)\",\"views\":\"103\",\"likes\":\"0\"},\"title\":\"Ready to Wear Fall\\\/Winter 2016-2017\",\"description\":\"<p>Ready to Wear Fall\\\/Winter 2016-2017<\\\/p>\",\"link\":null,\"link_target\":\"\",\"download\":\"https:\\\/\\\/bobvarela.com\\\/wp-content\\\/flagallery\\\/pau-esteve-en-el-080-barcelona-fashion-fallwinter-2016-2017\\\/pau_esteve_001.jpg\",\"ratio\":0.6670000000000000373034936274052597582340240478515625},{\"id\":\"22507\",\"image\":\"https:\\\/\\\/bobvarela.com\\\/wp-content\\\/flagallery\\\/pau-esteve-en-el-080-barcelona-fashion-fallwinter-2016-2017\\\/webview\\\/pau_esteve_002.jpg\",\"thumb\":\"https:\\\/\\\/bobvarela.com\\\/wp-content\\\/flagallery\\\/pau-esteve-en-el-080-barcelona-fashion-fallwinter-2016-2017\\\/thumbs\\\/thumbs_pau_esteve_002.jpg\",\"file\":\"pau_esteve_002.jpg\",\"meta\":{\"aperture\":false,\"credit\":false,\"camera\":false,\"caption\":\"Ready to Wear Fall\\\/Winter 2016-2017\",\"created_timestamp\":\"February 1, 2016 4:29 pm\",\"copyright\":\"\\u00c2\\u00a9 2016 Estrop-Barcelona PHOTOGRAPH FOR EDITORIAL USE ONLY\",\"focal_length\":false,\"iso\":false,\"shutter_speed\":false,\"flash\":false,\"title\":\"Ready to Wear Fall\\\/Winter 2016-2017\",\"keywords\":\"Fall\\\/Winter 2016-2017,Ready to Wear\",\"width\":667,\"height\":1000,\"saved\":true,\"thumbnail\":{\"width\":220,\"height\":220,\"ewww_image_optimizer\":\"Reduced by 10.8% (2.6&nbsp;kB)\"},\"webview\":{\"0\":667,\"1\":1000,\"2\":2,\"3\":\"width=\\\"667\\\" height=\\\"1000\\\"\",\"bits\":8,\"channels\":3,\"mime\":\"image\\\/jpeg\",\"ewww_image_optimizer\":\"Reduced by 7.7% (4.6&nbsp;kB) - Previously Optimized\"},\"0\":false,\"ewww_image_optimizer\":\"Reduced by 10.7% (20.6&nbsp;kB)\",\"views\":\"2\",\"likes\":\"0\"},\"title\":\"Ready to Wear Fall\\\/Winter 2016-2017\",\"description\":\"<p>Ready to Wear Fall\\\/Winter 2016-2017<\\\/p>\",\"link\":null,\"link_target\":\"\",\"download\":\"https:\\\/\\\/bobvarela.com\\\/wp-content\\\/flagallery\\\/pau-esteve-en-el-080-barcelona-fashion-fallwinter-2016-2017\\\/pau_esteve_002.jpg\",\"ratio\":0.6670000000000000373034936274052597582340240478515625},{\"id\":\"22508\",\"image\":\"https:\\\/\\\/bobvarela.com\\\/wp-content\\\/flagallery\\\/pau-esteve-en-el-080-barcelona-fashion-fallwinter-2016-2017\\\/webview\\\/pau_esteve_003.jpg\",\"thumb\":\"https:\\\/\\\/bobvarela.com\\\/wp-content\\\/flagallery\\\/pau-esteve-en-el-080-barcelona-fashion-fallwinter-2016-2017\\\/thumbs\\\/thumbs_pau_esteve_003.jpg\",\"file\":\"pau_esteve_003.jpg\",\"meta\":{\"aperture\":false,\"credit\":false,\"camera\":false,\"caption\":\"Ready to Wear Fall\\\/Winter 2016-2017\",\"created_timestamp\":\"February 1, 2016 4:29 pm\",\"copyright\":\"\\u00c2\\u00a9 2016 Estrop-Barcelona PHOTOGRAPH FOR EDITORIAL USE ONLY\",\"focal_length\":false,\"iso\":false,\"shutter_speed\":false,\"flash\":false,\"title\":\"Ready to Wear Fall\\\/Winter 2016-2017\",\"keywords\":\"Fall\\\/Winter 2016-2017,Ready to Wear\",\"width\":667,\"height\":1000,\"saved\":true,\"thumbnail\":{\"width\":220,\"height\":220,\"ewww_image_optimizer\":\"Reduced by 12.9% (3.6&nbsp;kB)\"},\"webview\":{\"0\":667,\"1\":1000,\"2\":2,\"3\":\"width=\\\"667\\\" height=\\\"1000\\\"\",\"bits\":8,\"channels\":3,\"mime\":\"image\\\/jpeg\",\"ewww_image_optimizer\":\"Reduced by 10.9% (8.1&nbsp;kB) - Previously Optimized\"},\"0\":false,\"ewww_image_optimizer\":\"Reduced by 9.6% (14.5&nbsp;kB)\",\"views\":\"2\",\"likes\":\"0\"},\"title\":\"Ready to Wear Fall\\\/Winter 2016-2017\",\"description\":\"<p>Ready to Wear Fall\\\/Winter 2016-2017<\\\/p>\",\"link\":null,\"link_target\":\"\",\"download\":\"https:\\\/\\\/bobvarela.com\\\/wp-content\\\/flagallery\\\/pau-esteve-en-el-080-barcelona-fashion-fallwinter-2016-2017\\\/pau_esteve_003.jpg\",\"ratio\":0.6670000000000000373034936274052597582340240478515625},{\"id\":\"22509\",\"image\":\"https:\\\/\\\/bobvarela.com\\\/wp-content\\\/flagallery\\\/pau-esteve-en-el-080-barcelona-fashion-fallwinter-2016-2017\\\/webview\\\/pau_esteve_004.jpg\",\"thumb\":\"https:\\\/\\\/bobvarela.com\\\/wp-content\\\/flagallery\\\/pau-esteve-en-el-080-barcelona-fashion-fallwinter-2016-2017\\\/thumbs\\\/thumbs_pau_esteve_004.jpg\",\"file\":\"pau_esteve_004.jpg\",\"meta\":{\"aperture\":false,\"credit\":false,\"camera\":false,\"caption\":\"Ready to Wear Fall\\\/Winter 2016-2017\",\"created_timestamp\":\"February 1, 2016 4:29 pm\",\"copyright\":\"\\u00c2\\u00a9 2016 Estrop-Barcelona PHOTOGRAPH FOR EDITORIAL USE ONLY\",\"focal_length\":false,\"iso\":false,\"shutter_speed\":false,\"flash\":false,\"title\":\"Ready to Wear Fall\\\/Winter 2016-2017\",\"keywords\":\"Fall\\\/Winter 2016-2017,Ready to Wear\",\"width\":667,\"height\":1000,\"saved\":true,\"thumbnail\":{\"width\":220,\"height\":220,\"ewww_image_optimizer\":\"Reduced by 7.8% (2.1&nbsp;kB)\"},\"webview\":{\"0\":667,\"1\":1000,\"2\":2,\"3\":\"width=\\\"667\\\" height=\\\"1000\\\"\",\"bits\":8,\"channels\":3,\"mime\":\"image\\\/jpeg\",\"ewww_image_optimizer\":\"Reduced by 5.6% (4.8&nbsp;kB) - Previously Optimized\"},\"0\":false,\"ewww_image_optimizer\":\"Reduced by 5.6% (9.2&nbsp;kB)\",\"views\":\"3\",\"likes\":\"0\"},\"title\":\"Ready to Wear Fall\\\/Winter 2016-2017\",\"description\":\"<p>Ready to Wear Fall\\\/Winter 2016-2017<\\\/p>\",\"link\":null,\"link_target\":\"\",\"download\":\"https:\\\/\\\/bobvarela.com\\\/wp-content\\\/flagallery\\\/pau-esteve-en-el-080-barcelona-fashion-fallwinter-2016-2017\\\/pau_esteve_004.jpg\",\"ratio\":0.6670000000000000373034936274052597582340240478515625},{\"id\":\"22510\",\"image\":\"https:\\\/\\\/bobvarela.com\\\/wp-content\\\/flagallery\\\/pau-esteve-en-el-080-barcelona-fashion-fallwinter-2016-2017\\\/webview\\\/pau_esteve_005.jpg\",\"thumb\":\"https:\\\/\\\/bobvarela.com\\\/wp-content\\\/flagallery\\\/pau-esteve-en-el-080-barcelona-fashion-fallwinter-2016-2017\\\/thumbs\\\/thumbs_pau_esteve_005.jpg\",\"file\":\"pau_esteve_005.jpg\",\"meta\":{\"aperture\":false,\"credit\":false,\"camera\":false,\"caption\":\"Ready to Wear Fall\\\/Winter 2016-2017\",\"created_timestamp\":\"February 1, 2016 4:29 pm\",\"copyright\":\"\\u00c2\\u00a9 2016 Estrop-Barcelona PHOTOGRAPH FOR EDITORIAL USE ONLY\",\"focal_length\":false,\"iso\":false,\"shutter_speed\":false,\"flash\":false,\"title\":\"Ready to Wear Fall\\\/Winter 2016-2017\",\"keywords\":\"Fall\\\/Winter 2016-2017,Ready to Wear\",\"width\":667,\"height\":1000,\"saved\":true,\"thumbnail\":{\"width\":220,\"height\":220,\"ewww_image_optimizer\":\"Reduced by 8.7% (2.6&nbsp;kB)\"},\"webview\":{\"0\":667,\"1\":1000,\"2\":2,\"3\":\"width=\\\"667\\\" height=\\\"1000\\\"\",\"bits\":8,\"channels\":3,\"mime\":\"image\\\/jpeg\",\"ewww_image_optimizer\":\"Reduced by 6.0% (5.9&nbsp;kB) - Previously Optimized\"},\"0\":false,\"ewww_image_optimizer\":\"Reduced by 6.0% (11.2&nbsp;kB)\",\"views\":\"2\",\"likes\":\"0\"},\"title\":\"Ready to Wear Fall\\\/Winter 2016-2017\",\"description\":\"<p>Ready to Wear Fall\\\/Winter 2016-2017<\\\/p>\",\"link\":null,\"link_target\":\"\",\"download\":\"https:\\\/\\\/bobvarela.com\\\/wp-content\\\/flagallery\\\/pau-esteve-en-el-080-barcelona-fashion-fallwinter-2016-2017\\\/pau_esteve_005.jpg\",\"ratio\":0.6670000000000000373034936274052597582340240478515625},{\"id\":\"22511\",\"image\":\"https:\\\/\\\/bobvarela.com\\\/wp-content\\\/flagallery\\\/pau-esteve-en-el-080-barcelona-fashion-fallwinter-2016-2017\\\/webview\\\/pau_esteve_006.jpg\",\"thumb\":\"https:\\\/\\\/bobvarela.com\\\/wp-content\\\/flagallery\\\/pau-esteve-en-el-080-barcelona-fashion-fallwinter-2016-2017\\\/thumbs\\\/thumbs_pau_esteve_006.jpg\",\"file\":\"pau_esteve_006.jpg\",\"meta\":{\"aperture\":false,\"credit\":false,\"camera\":false,\"caption\":\"Ready to Wear Fall\\\/Winter 2016-2017\",\"created_timestamp\":\"February 1, 2016 4:29 pm\",\"copyright\":\"\\u00c2\\u00a9 2016 Estrop-Barcelona PHOTOGRAPH FOR EDITORIAL USE ONLY\",\"focal_length\":false,\"iso\":false,\"shutter_speed\":false,\"flash\":false,\"title\":\"Ready to Wear Fall\\\/Winter 2016-2017\",\"keywords\":\"Fall\\\/Winter 2016-2017,Ready to Wear\",\"width\":667,\"height\":1000,\"saved\":true,\"thumbnail\":{\"width\":220,\"height\":220,\"ewww_image_optimizer\":\"Reduced by 10.1% (2.7&nbsp;kB)\"},\"webview\":{\"0\":667,\"1\":1000,\"2\":2,\"3\":\"width=\\\"667\\\" height=\\\"1000\\\"\",\"bits\":8,\"channels\":3,\"mime\":\"image\\\/jpeg\",\"ewww_image_optimizer\":\"Reduced by 5.0% (4.5&nbsp;kB) - Previously Optimized\"},\"0\":false,\"ewww_image_optimizer\":\"Reduced by 5.4% (9.1&nbsp;kB)\",\"views\":\"2\",\"likes\":\"0\"},\"title\":\"Ready to Wear Fall\\\/Winter 2016-2017\",\"description\":\"<p>Ready to Wear Fall\\\/Winter 2016-2017<\\\/p>\",\"link\":null,\"link_target\":\"\",\"download\":\"https:\\\/\\\/bobvarela.com\\\/wp-content\\\/flagallery\\\/pau-esteve-en-el-080-barcelona-fashion-fallwinter-2016-2017\\\/pau_esteve_006.jpg\",\"ratio\":0.6670000000000000373034936274052597582340240478515625},{\"id\":\"22512\",\"image\":\"https:\\\/\\\/bobvarela.com\\\/wp-content\\\/flagallery\\\/pau-esteve-en-el-080-barcelona-fashion-fallwinter-2016-2017\\\/webview\\\/pau_esteve_007.jpg\",\"thumb\":\"https:\\\/\\\/bobvarela.com\\\/wp-content\\\/flagallery\\\/pau-esteve-en-el-080-barcelona-fashion-fallwinter-2016-2017\\\/thumbs\\\/thumbs_pau_esteve_007.jpg\",\"file\":\"pau_esteve_007.jpg\",\"meta\":{\"aperture\":false,\"credit\":false,\"camera\":false,\"caption\":\"Ready to Wear Fall\\\/Winter 2016-2017\",\"created_timestamp\":\"February 1, 2016 4:29 pm\",\"copyright\":\"\\u00c2\\u00a9 2016 Estrop-Barcelona PHOTOGRAPH FOR EDITORIAL USE ONLY\",\"focal_length\":false,\"iso\":false,\"shutter_speed\":false,\"flash\":false,\"title\":\"Ready to Wear Fall\\\/Winter 2016-2017\",\"keywords\":\"Fall\\\/Winter 2016-2017,Ready to Wear\",\"width\":667,\"height\":1000,\"saved\":true,\"thumbnail\":{\"width\":220,\"height\":220,\"ewww_image_optimizer\":\"Reduced by 10.6% (2.5&nbsp;kB)\"},\"webview\":{\"0\":667,\"1\":1000,\"2\":2,\"3\":\"width=\\\"667\\\" height=\\\"1000\\\"\",\"bits\":8,\"channels\":3,\"mime\":\"image\\\/jpeg\",\"ewww_image_optimizer\":\"Reduced by 6.1% (5.9&nbsp;kB) - Previously Optimized\"},\"0\":false,\"ewww_image_optimizer\":\"Reduced by 8.4% (15.0&nbsp;kB)\",\"views\":\"1\",\"likes\":\"0\"},\"title\":\"Ready to Wear Fall\\\/Winter 2016-2017\",\"description\":\"<p>Ready to Wear Fall\\\/Winter 2016-2017<\\\/p>\",\"link\":null,\"link_target\":\"\",\"download\":\"https:\\\/\\\/bobvarela.com\\\/wp-content\\\/flagallery\\\/pau-esteve-en-el-080-barcelona-fashion-fallwinter-2016-2017\\\/pau_esteve_007.jpg\",\"ratio\":0.6670000000000000373034936274052597582340240478515625},{\"id\":\"22513\",\"image\":\"https:\\\/\\\/bobvarela.com\\\/wp-content\\\/flagallery\\\/pau-esteve-en-el-080-barcelona-fashion-fallwinter-2016-2017\\\/webview\\\/pau_esteve_008.jpg\",\"thumb\":\"https:\\\/\\\/bobvarela.com\\\/wp-content\\\/flagallery\\\/pau-esteve-en-el-080-barcelona-fashion-fallwinter-2016-2017\\\/thumbs\\\/thumbs_pau_esteve_008.jpg\",\"file\":\"pau_esteve_008.jpg\",\"meta\":{\"aperture\":false,\"credit\":false,\"camera\":false,\"caption\":\"Ready to Wear Fall\\\/Winter 2016-2017\",\"created_timestamp\":\"February 1, 2016 4:29 pm\",\"copyright\":\"\\u00c2\\u00a9 2016 Estrop-Barcelona PHOTOGRAPH FOR EDITORIAL USE ONLY\",\"focal_length\":false,\"iso\":false,\"shutter_speed\":false,\"flash\":false,\"title\":\"Ready to Wear Fall\\\/Winter 2016-2017\",\"keywords\":\"Fall\\\/Winter 2016-2017,Ready to Wear\",\"width\":667,\"height\":1000,\"saved\":true,\"thumbnail\":{\"width\":220,\"height\":220,\"ewww_image_optimizer\":\"Reduced by 9.5% (3.5&nbsp;kB)\"},\"webview\":{\"0\":667,\"1\":1000,\"2\":2,\"3\":\"width=\\\"667\\\" height=\\\"1000\\\"\",\"bits\":8,\"channels\":3,\"mime\":\"image\\\/jpeg\",\"ewww_image_optimizer\":\"Reduced by 5.7% (7.2&nbsp;kB) - Previously Optimized\"},\"0\":false,\"ewww_image_optimizer\":\"Reduced by 4.4% (7.4&nbsp;kB)\",\"views\":\"2\",\"likes\":\"0\"},\"title\":\"Ready to Wear Fall\\\/Winter 2016-2017\",\"description\":\"<p>Ready to Wear Fall\\\/Winter 2016-2017<\\\/p>\",\"link\":null,\"link_target\":\"\",\"download\":\"https:\\\/\\\/bobvarela.com\\\/wp-content\\\/flagallery\\\/pau-esteve-en-el-080-barcelona-fashion-fallwinter-2016-2017\\\/pau_esteve_008.jpg\",\"ratio\":0.6670000000000000373034936274052597582340240478515625},{\"id\":\"22514\",\"image\":\"https:\\\/\\\/bobvarela.com\\\/wp-content\\\/flagallery\\\/pau-esteve-en-el-080-barcelona-fashion-fallwinter-2016-2017\\\/webview\\\/pau_esteve_009.jpg\",\"thumb\":\"https:\\\/\\\/bobvarela.com\\\/wp-content\\\/flagallery\\\/pau-esteve-en-el-080-barcelona-fashion-fallwinter-2016-2017\\\/thumbs\\\/thumbs_pau_esteve_009.jpg\",\"file\":\"pau_esteve_009.jpg\",\"meta\":{\"aperture\":false,\"credit\":false,\"camera\":false,\"caption\":\"Ready to Wear Fall\\\/Winter 2016-2017\",\"created_timestamp\":\"February 1, 2016 4:29 pm\",\"copyright\":\"\\u00c2\\u00a9 2016 Estrop-Barcelona PHOTOGRAPH FOR EDITORIAL USE ONLY\",\"focal_length\":false,\"iso\":false,\"shutter_speed\":false,\"flash\":false,\"title\":\"Ready to Wear Fall\\\/Winter 2016-2017\",\"keywords\":\"Fall\\\/Winter 2016-2017,Ready to Wear\",\"width\":667,\"height\":1000,\"saved\":true,\"thumbnail\":{\"width\":220,\"height\":220,\"ewww_image_optimizer\":\"Reduced by 8.5% (2.1&nbsp;kB)\"},\"webview\":{\"0\":667,\"1\":1000,\"2\":2,\"3\":\"width=\\\"667\\\" height=\\\"1000\\\"\",\"bits\":8,\"channels\":3,\"mime\":\"image\\\/jpeg\",\"ewww_image_optimizer\":\"Reduced by 5.7% (4.9&nbsp;kB) - Previously Optimized\"},\"0\":false,\"ewww_image_optimizer\":\"Reduced by 5.6% (9.3&nbsp;kB)\",\"views\":\"2\",\"likes\":\"0\"},\"title\":\"Ready to Wear Fall\\\/Winter 2016-2017\",\"description\":\"<p>Ready to Wear Fall\\\/Winter 2016-2017<\\\/p>\",\"link\":null,\"link_target\":\"\",\"download\":\"https:\\\/\\\/bobvarela.com\\\/wp-content\\\/flagallery\\\/pau-esteve-en-el-080-barcelona-fashion-fallwinter-2016-2017\\\/pau_esteve_009.jpg\",\"ratio\":0.6670000000000000373034936274052597582340240478515625},{\"id\":\"22515\",\"image\":\"https:\\\/\\\/bobvarela.com\\\/wp-content\\\/flagallery\\\/pau-esteve-en-el-080-barcelona-fashion-fallwinter-2016-2017\\\/webview\\\/pau_esteve_010.jpg\",\"thumb\":\"https:\\\/\\\/bobvarela.com\\\/wp-content\\\/flagallery\\\/pau-esteve-en-el-080-barcelona-fashion-fallwinter-2016-2017\\\/thumbs\\\/thumbs_pau_esteve_010.jpg\",\"file\":\"pau_esteve_010.jpg\",\"meta\":{\"aperture\":false,\"credit\":false,\"camera\":false,\"caption\":\"Ready to Wear Fall\\\/Winter 2016-2017\",\"created_timestamp\":\"February 1, 2016 4:29 pm\",\"copyright\":\"\\u00c2\\u00a9 2016 Estrop-Barcelona PHOTOGRAPH FOR EDITORIAL USE ONLY\",\"focal_length\":false,\"iso\":false,\"shutter_speed\":false,\"flash\":false,\"title\":\"Ready to Wear Fall\\\/Winter 2016-2017\",\"keywords\":\"Fall\\\/Winter 2016-2017,Ready to Wear\",\"width\":667,\"height\":1000,\"saved\":true,\"thumbnail\":{\"width\":220,\"height\":220,\"ewww_image_optimizer\":\"Reduced by 9.4% (2.9&nbsp;kB)\"},\"webview\":{\"0\":667,\"1\":1000,\"2\":2,\"3\":\"width=\\\"667\\\" height=\\\"1000\\\"\",\"bits\":8,\"channels\":3,\"mime\":\"image\\\/jpeg\",\"ewww_image_optimizer\":\"Reduced by 5.6% (5.2&nbsp;kB) - Previously Optimized\"},\"0\":false,\"ewww_image_optimizer\":\"Reduced by 5.6% (10.1&nbsp;kB)\",\"views\":\"2\",\"likes\":\"0\"},\"title\":\"Ready to Wear Fall\\\/Winter 2016-2017\",\"description\":\"<p>Ready to Wear Fall\\\/Winter 2016-2017<\\\/p>\",\"link\":null,\"link_target\":\"\",\"download\":\"https:\\\/\\\/bobvarela.com\\\/wp-content\\\/flagallery\\\/pau-esteve-en-el-080-barcelona-fashion-fallwinter-2016-2017\\\/pau_esteve_010.jpg\",\"ratio\":0.6670000000000000373034936274052597582340240478515625},{\"id\":\"22516\",\"image\":\"https:\\\/\\\/bobvarela.com\\\/wp-content\\\/flagallery\\\/pau-esteve-en-el-080-barcelona-fashion-fallwinter-2016-2017\\\/webview\\\/pau_esteve_011.jpg\",\"thumb\":\"https:\\\/\\\/bobvarela.com\\\/wp-content\\\/flagallery\\\/pau-esteve-en-el-080-barcelona-fashion-fallwinter-2016-2017\\\/thumbs\\\/thumbs_pau_esteve_011.jpg\",\"file\":\"pau_esteve_011.jpg\",\"meta\":{\"aperture\":false,\"credit\":false,\"camera\":false,\"caption\":\"Ready to Wear Fall\\\/Winter 2016-2017\",\"created_timestamp\":\"February 1, 2016 4:30 pm\",\"copyright\":\"\\u00c2\\u00a9 2016 Estrop-Barcelona PHOTOGRAPH FOR EDITORIAL USE ONLY\",\"focal_length\":false,\"iso\":false,\"shutter_speed\":false,\"flash\":false,\"title\":\"Ready to Wear Fall\\\/Winter 2016-2017\",\"keywords\":\"Fall\\\/Winter 2016-2017,Ready to Wear\",\"width\":667,\"height\":1000,\"saved\":true,\"thumbnail\":{\"width\":220,\"height\":220,\"ewww_image_optimizer\":\"Reduced by 9.7% (2.0&nbsp;kB)\"},\"webview\":{\"0\":667,\"1\":1000,\"2\":2,\"3\":\"width=\\\"667\\\" height=\\\"1000\\\"\",\"bits\":8,\"channels\":3,\"mime\":\"image\\\/jpeg\",\"ewww_image_optimizer\":\"Reduced by 6.2% (4.0&nbsp;kB) - Previously Optimized\"},\"0\":false,\"ewww_image_optimizer\":\"Reduced by 11.1% (21.8&nbsp;kB)\",\"views\":\"2\",\"likes\":\"0\"},\"title\":\"Ready to Wear Fall\\\/Winter 2016-2017\",\"description\":\"<p>Ready to Wear Fall\\\/Winter 2016-2017<\\\/p>\",\"link\":null,\"link_target\":\"\",\"download\":\"https:\\\/\\\/bobvarela.com\\\/wp-content\\\/flagallery\\\/pau-esteve-en-el-080-barcelona-fashion-fallwinter-2016-2017\\\/pau_esteve_011.jpg\",\"ratio\":0.6670000000000000373034936274052597582340240478515625},{\"id\":\"22517\",\"image\":\"https:\\\/\\\/bobvarela.com\\\/wp-content\\\/flagallery\\\/pau-esteve-en-el-080-barcelona-fashion-fallwinter-2016-2017\\\/webview\\\/pau_esteve_012.jpg\",\"thumb\":\"https:\\\/\\\/bobvarela.com\\\/wp-content\\\/flagallery\\\/pau-esteve-en-el-080-barcelona-fashion-fallwinter-2016-2017\\\/thumbs\\\/thumbs_pau_esteve_012.jpg\",\"file\":\"pau_esteve_012.jpg\",\"meta\":{\"aperture\":false,\"credit\":false,\"camera\":false,\"caption\":\"Ready to Wear Fall\\\/Winter 2016-2017\",\"created_timestamp\":\"February 1, 2016 4:30 pm\",\"copyright\":\"\\u00c2\\u00a9 2016 Estrop-Barcelona PHOTOGRAPH FOR EDITORIAL USE ONLY\",\"focal_length\":false,\"iso\":false,\"shutter_speed\":false,\"flash\":false,\"title\":\"Ready to Wear Fall\\\/Winter 2016-2017\",\"keywords\":\"Fall\\\/Winter 2016-2017,Ready to Wear\",\"width\":667,\"height\":1000,\"saved\":true,\"thumbnail\":{\"width\":220,\"height\":220,\"ewww_image_optimizer\":\"Reduced by 11.5% (2.8&nbsp;kB)\"},\"webview\":{\"0\":667,\"1\":1000,\"2\":2,\"3\":\"width=\\\"667\\\" height=\\\"1000\\\"\",\"bits\":8,\"channels\":3,\"mime\":\"image\\\/jpeg\",\"ewww_image_optimizer\":\"Reduced by 7.1% (3.9&nbsp;kB) - Previously Optimized\"},\"0\":false,\"ewww_image_optimizer\":\"Reduced by 9.5% (18.3&nbsp;kB)\",\"views\":\"2\",\"likes\":\"0\"},\"title\":\"Ready to Wear Fall\\\/Winter 2016-2017\",\"description\":\"<p>Ready to Wear Fall\\\/Winter 2016-2017<\\\/p>\",\"link\":null,\"link_target\":\"\",\"download\":\"https:\\\/\\\/bobvarela.com\\\/wp-content\\\/flagallery\\\/pau-esteve-en-el-080-barcelona-fashion-fallwinter-2016-2017\\\/pau_esteve_012.jpg\",\"ratio\":0.6670000000000000373034936274052597582340240478515625},{\"id\":\"22518\",\"image\":\"https:\\\/\\\/bobvarela.com\\\/wp-content\\\/flagallery\\\/pau-esteve-en-el-080-barcelona-fashion-fallwinter-2016-2017\\\/webview\\\/pau_esteve_013.jpg\",\"thumb\":\"https:\\\/\\\/bobvarela.com\\\/wp-content\\\/flagallery\\\/pau-esteve-en-el-080-barcelona-fashion-fallwinter-2016-2017\\\/thumbs\\\/thumbs_pau_esteve_013.jpg\",\"file\":\"pau_esteve_013.jpg\",\"meta\":{\"aperture\":false,\"credit\":false,\"camera\":false,\"caption\":\"Ready to Wear Fall\\\/Winter 2016-2017\",\"created_timestamp\":\"February 1, 2016 4:30 pm\",\"copyright\":\"\\u00c2\\u00a9 2016 Estrop-Barcelona PHOTOGRAPH FOR EDITORIAL USE ONLY\",\"focal_length\":false,\"iso\":false,\"shutter_speed\":false,\"flash\":false,\"title\":\"Ready to Wear Fall\\\/Winter 2016-2017\",\"keywords\":\"Fall\\\/Winter 2016-2017,Ready to Wear\",\"width\":667,\"height\":1000,\"saved\":true,\"thumbnail\":{\"width\":220,\"height\":220,\"ewww_image_optimizer\":\"Reduced by 11.2% (2.9&nbsp;kB)\"},\"webview\":{\"0\":667,\"1\":1000,\"2\":2,\"3\":\"width=\\\"667\\\" height=\\\"1000\\\"\",\"bits\":8,\"channels\":3,\"mime\":\"image\\\/jpeg\",\"ewww_image_optimizer\":\"Reduced by 11.0% (7.0&nbsp;kB) - Previously Optimized\"},\"0\":false,\"ewww_image_optimizer\":\"Reduced by 8.7% (12.7&nbsp;kB)\",\"views\":\"1\",\"likes\":\"0\"},\"title\":\"Ready to Wear Fall\\\/Winter 2016-2017\",\"description\":\"<p>Ready to Wear Fall\\\/Winter 2016-2017<\\\/p>\",\"link\":null,\"link_target\":\"\",\"download\":\"https:\\\/\\\/bobvarela.com\\\/wp-content\\\/flagallery\\\/pau-esteve-en-el-080-barcelona-fashion-fallwinter-2016-2017\\\/pau_esteve_013.jpg\",\"ratio\":0.6670000000000000373034936274052597582340240478515625},{\"id\":\"22519\",\"image\":\"https:\\\/\\\/bobvarela.com\\\/wp-content\\\/flagallery\\\/pau-esteve-en-el-080-barcelona-fashion-fallwinter-2016-2017\\\/webview\\\/pau_esteve_014.jpg\",\"thumb\":\"https:\\\/\\\/bobvarela.com\\\/wp-content\\\/flagallery\\\/pau-esteve-en-el-080-barcelona-fashion-fallwinter-2016-2017\\\/thumbs\\\/thumbs_pau_esteve_014.jpg\",\"file\":\"pau_esteve_014.jpg\",\"meta\":{\"aperture\":false,\"credit\":false,\"camera\":false,\"caption\":\"Ready to Wear Fall\\\/Winter 2016-2017\",\"created_timestamp\":\"February 1, 2016 4:30 pm\",\"copyright\":\"\\u00c2\\u00a9 2016 Estrop-Barcelona PHOTOGRAPH FOR EDITORIAL USE ONLY\",\"focal_length\":false,\"iso\":false,\"shutter_speed\":false,\"flash\":false,\"title\":\"Ready to Wear Fall\\\/Winter 2016-2017\",\"keywords\":\"Fall\\\/Winter 2016-2017,Ready to Wear\",\"width\":667,\"height\":1000,\"saved\":true,\"thumbnail\":{\"width\":220,\"height\":220,\"ewww_image_optimizer\":\"Reduced by 8.4% (2.5&nbsp;kB)\"},\"webview\":{\"0\":667,\"1\":1000,\"2\":2,\"3\":\"width=\\\"667\\\" height=\\\"1000\\\"\",\"bits\":8,\"channels\":3,\"mime\":\"image\\\/jpeg\",\"ewww_image_optimizer\":\"Reduced by 5.7% (4.2&nbsp;kB) - Previously Optimized\"},\"0\":false,\"ewww_image_optimizer\":\"Reduced by 4.8% (7.4&nbsp;kB)\",\"views\":\"2\",\"likes\":\"0\"},\"title\":\"Ready to Wear Fall\\\/Winter 2016-2017\",\"description\":\"<p>Ready to Wear Fall\\\/Winter 2016-2017<\\\/p>\",\"link\":null,\"link_target\":\"\",\"download\":\"https:\\\/\\\/bobvarela.com\\\/wp-content\\\/flagallery\\\/pau-esteve-en-el-080-barcelona-fashion-fallwinter-2016-2017\\\/pau_esteve_014.jpg\",\"ratio\":0.6670000000000000373034936274052597582340240478515625},{\"id\":\"22520\",\"image\":\"https:\\\/\\\/bobvarela.com\\\/wp-content\\\/flagallery\\\/pau-esteve-en-el-080-barcelona-fashion-fallwinter-2016-2017\\\/webview\\\/pau_esteve_015.jpg\",\"thumb\":\"https:\\\/\\\/bobvarela.com\\\/wp-content\\\/flagallery\\\/pau-esteve-en-el-080-barcelona-fashion-fallwinter-2016-2017\\\/thumbs\\\/thumbs_pau_esteve_015.jpg\",\"file\":\"pau_esteve_015.jpg\",\"meta\":{\"aperture\":false,\"credit\":false,\"camera\":false,\"caption\":\"Ready to Wear Fall\\\/Winter 2016-2017\",\"created_timestamp\":\"February 1, 2016 4:30 pm\",\"copyright\":\"\\u00c2\\u00a9 2016 Estrop-Barcelona PHOTOGRAPH FOR EDITORIAL USE ONLY\",\"focal_length\":false,\"iso\":false,\"shutter_speed\":false,\"flash\":false,\"title\":\"Ready to Wear Fall\\\/Winter 2016-2017\",\"keywords\":\"Fall\\\/Winter 2016-2017,Ready to Wear\",\"width\":667,\"height\":1000,\"saved\":true,\"thumbnail\":{\"width\":220,\"height\":220,\"ewww_image_optimizer\":\"Reduced by 13.1% (4.0&nbsp;kB)\"},\"webview\":{\"0\":667,\"1\":1000,\"2\":2,\"3\":\"width=\\\"667\\\" height=\\\"1000\\\"\",\"bits\":8,\"channels\":3,\"mime\":\"image\\\/jpeg\",\"ewww_image_optimizer\":\"Reduced by 5.2% (5.4&nbsp;kB) - Previously Optimized\"},\"0\":false,\"ewww_image_optimizer\":\"Reduced by 6.7% (12.7&nbsp;kB)\",\"views\":\"1\",\"likes\":\"0\"},\"title\":\"Ready to Wear Fall\\\/Winter 2016-2017\",\"description\":\"<p>Ready to Wear Fall\\\/Winter 2016-2017<\\\/p>\",\"link\":null,\"link_target\":\"\",\"download\":\"https:\\\/\\\/bobvarela.com\\\/wp-content\\\/flagallery\\\/pau-esteve-en-el-080-barcelona-fashion-fallwinter-2016-2017\\\/pau_esteve_015.jpg\",\"ratio\":0.6670000000000000373034936274052597582340240478515625},{\"id\":\"22521\",\"image\":\"https:\\\/\\\/bobvarela.com\\\/wp-content\\\/flagallery\\\/pau-esteve-en-el-080-barcelona-fashion-fallwinter-2016-2017\\\/webview\\\/pau_esteve_016.jpg\",\"thumb\":\"https:\\\/\\\/bobvarela.com\\\/wp-content\\\/flagallery\\\/pau-esteve-en-el-080-barcelona-fashion-fallwinter-2016-2017\\\/thumbs\\\/thumbs_pau_esteve_016.jpg\",\"file\":\"pau_esteve_016.jpg\",\"meta\":{\"aperture\":false,\"credit\":false,\"camera\":false,\"caption\":\"Ready to Wear Fall\\\/Winter 2016-2017\",\"created_timestamp\":\"February 1, 2016 4:30 pm\",\"copyright\":\"\\u00c2\\u00a9 2016 Estrop-Barcelona PHOTOGRAPH FOR EDITORIAL USE ONLY\",\"focal_length\":false,\"iso\":false,\"shutter_speed\":false,\"flash\":false,\"title\":\"Ready to Wear Fall\\\/Winter 2016-2017\",\"keywords\":\"Fall\\\/Winter 2016-2017,Ready to Wear\",\"width\":667,\"height\":1000,\"saved\":true,\"thumbnail\":{\"width\":220,\"height\":220,\"ewww_image_optimizer\":\"Reduced by 13.0% (4.3&nbsp;kB)\"},\"webview\":{\"0\":667,\"1\":1000,\"2\":2,\"3\":\"width=\\\"667\\\" height=\\\"1000\\\"\",\"bits\":8,\"channels\":3,\"mime\":\"image\\\/jpeg\",\"ewww_image_optimizer\":\"Reduced by 7.1% (8.4&nbsp;kB) - Previously Optimized\"},\"0\":false,\"ewww_image_optimizer\":\"Reduced by 6.7% (11.0&nbsp;kB)\",\"views\":\"1\",\"likes\":\"0\"},\"title\":\"Ready to Wear Fall\\\/Winter 2016-2017\",\"description\":\"<p>Ready to Wear Fall\\\/Winter 2016-2017<\\\/p>\",\"link\":null,\"link_target\":\"\",\"download\":\"https:\\\/\\\/bobvarela.com\\\/wp-content\\\/flagallery\\\/pau-esteve-en-el-080-barcelona-fashion-fallwinter-2016-2017\\\/pau_esteve_016.jpg\",\"ratio\":0.6670000000000000373034936274052597582340240478515625},{\"id\":\"22522\",\"image\":\"https:\\\/\\\/bobvarela.com\\\/wp-content\\\/flagallery\\\/pau-esteve-en-el-080-barcelona-fashion-fallwinter-2016-2017\\\/webview\\\/pau_esteve_017.jpg\",\"thumb\":\"https:\\\/\\\/bobvarela.com\\\/wp-content\\\/flagallery\\\/pau-esteve-en-el-080-barcelona-fashion-fallwinter-2016-2017\\\/thumbs\\\/thumbs_pau_esteve_017.jpg\",\"file\":\"pau_esteve_017.jpg\",\"meta\":{\"aperture\":false,\"credit\":false,\"camera\":false,\"caption\":\"Ready to Wear Fall\\\/Winter 2016-2017\",\"created_timestamp\":\"February 1, 2016 4:30 pm\",\"copyright\":\"\\u00c2\\u00a9 2016 Estrop-Barcelona PHOTOGRAPH FOR EDITORIAL USE ONLY\",\"focal_length\":false,\"iso\":false,\"shutter_speed\":false,\"flash\":false,\"title\":\"Ready to Wear Fall\\\/Winter 2016-2017\",\"keywords\":\"Fall\\\/Winter 2016-2017,Ready to Wear\",\"width\":667,\"height\":1000,\"saved\":true,\"thumbnail\":{\"width\":220,\"height\":220,\"ewww_image_optimizer\":\"Reduced by 10.1% (2.8&nbsp;kB)\"},\"webview\":{\"0\":667,\"1\":1000,\"2\":2,\"3\":\"width=\\\"667\\\" height=\\\"1000\\\"\",\"bits\":8,\"channels\":3,\"mime\":\"image\\\/jpeg\",\"ewww_image_optimizer\":\"Reduced by 5.2% (4.7&nbsp;kB) - Previously Optimized\"},\"0\":false,\"ewww_image_optimizer\":\"Reduced by 5.5% (9.4&nbsp;kB)\",\"views\":\"1\",\"likes\":\"0\"},\"title\":\"Ready to Wear Fall\\\/Winter 2016-2017\",\"description\":\"<p>Ready to Wear Fall\\\/Winter 2016-2017<\\\/p>\",\"link\":null,\"link_target\":\"\",\"download\":\"https:\\\/\\\/bobvarela.com\\\/wp-content\\\/flagallery\\\/pau-esteve-en-el-080-barcelona-fashion-fallwinter-2016-2017\\\/pau_esteve_017.jpg\",\"ratio\":0.6670000000000000373034936274052597582340240478515625},{\"id\":\"22523\",\"image\":\"https:\\\/\\\/bobvarela.com\\\/wp-content\\\/flagallery\\\/pau-esteve-en-el-080-barcelona-fashion-fallwinter-2016-2017\\\/webview\\\/pau_esteve_018.jpg\",\"thumb\":\"https:\\\/\\\/bobvarela.com\\\/wp-content\\\/flagallery\\\/pau-esteve-en-el-080-barcelona-fashion-fallwinter-2016-2017\\\/thumbs\\\/thumbs_pau_esteve_018.jpg\",\"file\":\"pau_esteve_018.jpg\",\"meta\":{\"aperture\":false,\"credit\":false,\"camera\":false,\"caption\":\"Ready to Wear Fall\\\/Winter 2016-2017\",\"created_timestamp\":\"February 1, 2016 4:30 pm\",\"copyright\":\"\\u00c2\\u00a9 2016 Estrop-Barcelona PHOTOGRAPH FOR EDITORIAL USE ONLY\",\"focal_length\":false,\"iso\":false,\"shutter_speed\":false,\"flash\":false,\"title\":\"Ready to Wear Fall\\\/Winter 2016-2017\",\"keywords\":\"Fall\\\/Winter 2016-2017,Ready to Wear\",\"width\":667,\"height\":1000,\"saved\":true,\"thumbnail\":{\"width\":220,\"height\":220,\"ewww_image_optimizer\":\"Reduced by 11.0% (3.6&nbsp;kB)\"},\"webview\":{\"0\":667,\"1\":1000,\"2\":2,\"3\":\"width=\\\"667\\\" height=\\\"1000\\\"\",\"bits\":8,\"channels\":3,\"mime\":\"image\\\/jpeg\",\"ewww_image_optimizer\":\"Reduced by 6.3% (5.7&nbsp;kB) - Previously Optimized\"},\"0\":false,\"ewww_image_optimizer\":\"Reduced by 5.9% (10.1&nbsp;kB)\",\"views\":\"3\",\"likes\":\"0\"},\"title\":\"Ready to Wear Fall\\\/Winter 2016-2017\",\"description\":\"<p>Ready to Wear Fall\\\/Winter 2016-2017<\\\/p>\",\"link\":null,\"link_target\":\"\",\"download\":\"https:\\\/\\\/bobvarela.com\\\/wp-content\\\/flagallery\\\/pau-esteve-en-el-080-barcelona-fashion-fallwinter-2016-2017\\\/pau_esteve_018.jpg\",\"ratio\":0.6670000000000000373034936274052597582340240478515625},{\"id\":\"22524\",\"image\":\"https:\\\/\\\/bobvarela.com\\\/wp-content\\\/flagallery\\\/pau-esteve-en-el-080-barcelona-fashion-fallwinter-2016-2017\\\/webview\\\/pau_esteve_019.jpg\",\"thumb\":\"https:\\\/\\\/bobvarela.com\\\/wp-content\\\/flagallery\\\/pau-esteve-en-el-080-barcelona-fashion-fallwinter-2016-2017\\\/thumbs\\\/thumbs_pau_esteve_019.jpg\",\"file\":\"pau_esteve_019.jpg\",\"meta\":{\"aperture\":false,\"credit\":false,\"camera\":false,\"caption\":\"Ready to Wear Fall\\\/Winter 2016-2017\",\"created_timestamp\":\"February 1, 2016 4:31 pm\",\"copyright\":\"\\u00c2\\u00a9 2016 Estrop-Barcelona PHOTOGRAPH FOR EDITORIAL USE ONLY\",\"focal_length\":false,\"iso\":false,\"shutter_speed\":false,\"flash\":false,\"title\":\"Ready to Wear Fall\\\/Winter 2016-2017\",\"keywords\":\"Fall\\\/Winter 2016-2017,Ready to Wear\",\"width\":667,\"height\":1000,\"saved\":true,\"thumbnail\":{\"width\":220,\"height\":220,\"ewww_image_optimizer\":\"Reduced by 10.1% (2.6&nbsp;kB)\"},\"webview\":{\"0\":667,\"1\":1000,\"2\":2,\"3\":\"width=\\\"667\\\" height=\\\"1000\\\"\",\"bits\":8,\"channels\":3,\"mime\":\"image\\\/jpeg\",\"ewww_image_optimizer\":\"Reduced by 4.4% (3.3&nbsp;kB) - Previously Optimized\"},\"0\":false,\"ewww_image_optimizer\":\"Reduced by 4.7% (6.7&nbsp;kB)\",\"views\":\"3\",\"likes\":\"0\"},\"title\":\"Ready to Wear Fall\\\/Winter 2016-2017\",\"description\":\"<p>Ready to Wear Fall\\\/Winter 2016-2017<\\\/p>\",\"link\":null,\"link_target\":\"\",\"download\":\"https:\\\/\\\/bobvarela.com\\\/wp-content\\\/flagallery\\\/pau-esteve-en-el-080-barcelona-fashion-fallwinter-2016-2017\\\/pau_esteve_019.jpg\",\"ratio\":0.6670000000000000373034936274052597582340240478515625},{\"id\":\"22525\",\"image\":\"https:\\\/\\\/bobvarela.com\\\/wp-content\\\/flagallery\\\/pau-esteve-en-el-080-barcelona-fashion-fallwinter-2016-2017\\\/webview\\\/pau_esteve_020.jpg\",\"thumb\":\"https:\\\/\\\/bobvarela.com\\\/wp-content\\\/flagallery\\\/pau-esteve-en-el-080-barcelona-fashion-fallwinter-2016-2017\\\/thumbs\\\/thumbs_pau_esteve_020.jpg\",\"file\":\"pau_esteve_020.jpg\",\"meta\":{\"aperture\":false,\"credit\":false,\"camera\":false,\"caption\":\"Ready to Wear Fall\\\/Winter 2016-2017\",\"created_timestamp\":\"February 1, 2016 4:31 pm\",\"copyright\":\"\\u00c2\\u00a9 2016 Estrop-Barcelona PHOTOGRAPH FOR EDITORIAL USE ONLY\",\"focal_length\":false,\"iso\":false,\"shutter_speed\":false,\"flash\":false,\"title\":\"Ready to Wear Fall\\\/Winter 2016-2017\",\"keywords\":\"Fall\\\/Winter 2016-2017,Ready to Wear\",\"width\":667,\"height\":1000,\"saved\":true,\"thumbnail\":{\"width\":220,\"height\":220,\"ewww_image_optimizer\":\"Reduced by 9.2% (2.2&nbsp;kB)\"},\"webview\":{\"0\":667,\"1\":1000,\"2\":2,\"3\":\"width=\\\"667\\\" height=\\\"1000\\\"\",\"bits\":8,\"channels\":3,\"mime\":\"image\\\/jpeg\",\"ewww_image_optimizer\":\"Reduced by 6.4% (4.1&nbsp;kB) - Previously Optimized\"},\"0\":false,\"ewww_image_optimizer\":\"Reduced by 6.5% (8.6&nbsp;kB)\",\"views\":\"4\",\"likes\":\"0\"},\"title\":\"Ready to Wear Fall\\\/Winter 2016-2017\",\"description\":\"<p>Ready to Wear Fall\\\/Winter 2016-2017<\\\/p>\",\"link\":null,\"link_target\":\"\",\"download\":\"https:\\\/\\\/bobvarela.com\\\/wp-content\\\/flagallery\\\/pau-esteve-en-el-080-barcelona-fashion-fallwinter-2016-2017\\\/pau_esteve_020.jpg\",\"ratio\":0.6670000000000000373034936274052597582340240478515625},{\"id\":\"22526\",\"image\":\"https:\\\/\\\/bobvarela.com\\\/wp-content\\\/flagallery\\\/pau-esteve-en-el-080-barcelona-fashion-fallwinter-2016-2017\\\/webview\\\/pau_esteve_021.jpg\",\"thumb\":\"https:\\\/\\\/bobvarela.com\\\/wp-content\\\/flagallery\\\/pau-esteve-en-el-080-barcelona-fashion-fallwinter-2016-2017\\\/thumbs\\\/thumbs_pau_esteve_021.jpg\",\"file\":\"pau_esteve_021.jpg\",\"meta\":{\"aperture\":false,\"credit\":false,\"camera\":false,\"caption\":\"Ready to Wear Fall\\\/Winter 2016-2017\",\"created_timestamp\":\"February 1, 2016 4:31 pm\",\"copyright\":\"\\u00c2\\u00a9 2016 Estrop-Barcelona PHOTOGRAPH FOR EDITORIAL USE ONLY\",\"focal_length\":false,\"iso\":false,\"shutter_speed\":false,\"flash\":false,\"title\":\"Ready to Wear Fall\\\/Winter 2016-2017\",\"keywords\":\"Fall\\\/Winter 2016-2017,Ready to Wear\",\"width\":667,\"height\":1000,\"saved\":true,\"thumbnail\":{\"width\":220,\"height\":220,\"ewww_image_optimizer\":\"Reduced by 11.3% (3.7&nbsp;kB)\"},\"webview\":{\"0\":667,\"1\":1000,\"2\":2,\"3\":\"width=\\\"667\\\" height=\\\"1000\\\"\",\"bits\":8,\"channels\":3,\"mime\":\"image\\\/jpeg\",\"ewww_image_optimizer\":\"Reduced by 8.3% (8.7&nbsp;kB) - Previously Optimized\"},\"0\":false,\"ewww_image_optimizer\":\"Reduced by 8.2% (12.1&nbsp;kB)\",\"views\":\"4\",\"likes\":\"0\"},\"title\":\"Ready to Wear Fall\\\/Winter 2016-2017\",\"description\":\"<p>Ready to Wear Fall\\\/Winter 2016-2017<\\\/p>\",\"link\":null,\"link_target\":\"\",\"download\":\"https:\\\/\\\/bobvarela.com\\\/wp-content\\\/flagallery\\\/pau-esteve-en-el-080-barcelona-fashion-fallwinter-2016-2017\\\/pau_esteve_021.jpg\",\"ratio\":0.6670000000000000373034936274052597582340240478515625},{\"id\":\"22527\",\"image\":\"https:\\\/\\\/bobvarela.com\\\/wp-content\\\/flagallery\\\/pau-esteve-en-el-080-barcelona-fashion-fallwinter-2016-2017\\\/webview\\\/pau_esteve_022.jpg\",\"thumb\":\"https:\\\/\\\/bobvarela.com\\\/wp-content\\\/flagallery\\\/pau-esteve-en-el-080-barcelona-fashion-fallwinter-2016-2017\\\/thumbs\\\/thumbs_pau_esteve_022.jpg\",\"file\":\"pau_esteve_022.jpg\",\"meta\":{\"aperture\":false,\"credit\":false,\"camera\":false,\"caption\":\"Ready to Wear Fall\\\/Winter 2016-2017\",\"created_timestamp\":\"February 1, 2016 4:31 pm\",\"copyright\":\"\\u00c2\\u00a9 2016 Estrop-Barcelona PHOTOGRAPH FOR EDITORIAL USE ONLY\",\"focal_length\":false,\"iso\":false,\"shutter_speed\":false,\"flash\":false,\"title\":\"Ready to Wear Fall\\\/Winter 2016-2017\",\"keywords\":\"Fall\\\/Winter 2016-2017,Ready to Wear\",\"width\":667,\"height\":1000,\"saved\":true,\"thumbnail\":{\"width\":220,\"height\":220,\"ewww_image_optimizer\":\"Reduced by 8.3% (2.0&nbsp;kB)\"},\"webview\":{\"0\":667,\"1\":1000,\"2\":2,\"3\":\"width=\\\"667\\\" height=\\\"1000\\\"\",\"bits\":8,\"channels\":3,\"mime\":\"image\\\/jpeg\",\"ewww_image_optimizer\":\"Reduced by 5.8% (4.6&nbsp;kB) - Previously Optimized\"},\"0\":false,\"ewww_image_optimizer\":\"Reduced by 5.6% (8.5&nbsp;kB)\",\"views\":\"2\",\"likes\":\"0\"},\"title\":\"Ready to Wear Fall\\\/Winter 2016-2017\",\"description\":\"<p>Ready to Wear Fall\\\/Winter 2016-2017<\\\/p>\",\"link\":null,\"link_target\":\"\",\"download\":\"https:\\\/\\\/bobvarela.com\\\/wp-content\\\/flagallery\\\/pau-esteve-en-el-080-barcelona-fashion-fallwinter-2016-2017\\\/pau_esteve_022.jpg\",\"ratio\":0.6670000000000000373034936274052597582340240478515625},{\"id\":\"22528\",\"image\":\"https:\\\/\\\/bobvarela.com\\\/wp-content\\\/flagallery\\\/pau-esteve-en-el-080-barcelona-fashion-fallwinter-2016-2017\\\/webview\\\/pau_esteve_023.jpg\",\"thumb\":\"https:\\\/\\\/bobvarela.com\\\/wp-content\\\/flagallery\\\/pau-esteve-en-el-080-barcelona-fashion-fallwinter-2016-2017\\\/thumbs\\\/thumbs_pau_esteve_023.jpg\",\"file\":\"pau_esteve_023.jpg\",\"meta\":{\"aperture\":false,\"credit\":false,\"camera\":false,\"caption\":\"Ready to Wear Fall\\\/Winter 2016-2017\",\"created_timestamp\":\"February 1, 2016 4:31 pm\",\"copyright\":\"\\u00c2\\u00a9 2016 Estrop-Barcelona PHOTOGRAPH FOR EDITORIAL USE ONLY\",\"focal_length\":false,\"iso\":false,\"shutter_speed\":false,\"flash\":false,\"title\":\"Ready to Wear Fall\\\/Winter 2016-2017\",\"keywords\":\"Fall\\\/Winter 2016-2017,Ready to Wear\",\"width\":667,\"height\":1000,\"saved\":true,\"thumbnail\":{\"width\":220,\"height\":220,\"ewww_image_optimizer\":\"Reduced by 7.7% (2.1&nbsp;kB)\"},\"webview\":{\"0\":667,\"1\":1000,\"2\":2,\"3\":\"width=\\\"667\\\" height=\\\"1000\\\"\",\"bits\":8,\"channels\":3,\"mime\":\"image\\\/jpeg\",\"ewww_image_optimizer\":\"Reduced by 5.7% (5.0&nbsp;kB) - Previously Optimized\"},\"0\":false,\"ewww_image_optimizer\":\"Reduced by 5.6% (9.5&nbsp;kB)\",\"views\":\"2\",\"likes\":\"0\"},\"title\":\"Ready to Wear Fall\\\/Winter 2016-2017\",\"description\":\"<p>Ready to Wear Fall\\\/Winter 2016-2017<\\\/p>\",\"link\":null,\"link_target\":\"\",\"download\":\"https:\\\/\\\/bobvarela.com\\\/wp-content\\\/flagallery\\\/pau-esteve-en-el-080-barcelona-fashion-fallwinter-2016-2017\\\/pau_esteve_023.jpg\",\"ratio\":0.6670000000000000373034936274052597582340240478515625},{\"id\":\"22529\",\"image\":\"https:\\\/\\\/bobvarela.com\\\/wp-content\\\/flagallery\\\/pau-esteve-en-el-080-barcelona-fashion-fallwinter-2016-2017\\\/webview\\\/pau_esteve_024.jpg\",\"thumb\":\"https:\\\/\\\/bobvarela.com\\\/wp-content\\\/flagallery\\\/pau-esteve-en-el-080-barcelona-fashion-fallwinter-2016-2017\\\/thumbs\\\/thumbs_pau_esteve_024.jpg\",\"file\":\"pau_esteve_024.jpg\",\"meta\":{\"aperture\":false,\"credit\":false,\"camera\":false,\"caption\":\"Ready to Wear Fall\\\/Winter 2016-2017\",\"created_timestamp\":\"February 1, 2016 4:31 pm\",\"copyright\":\"\\u00c2\\u00a9 2016 Estrop-Barcelona PHOTOGRAPH FOR EDITORIAL USE ONLY\",\"focal_length\":false,\"iso\":false,\"shutter_speed\":false,\"flash\":false,\"title\":\"Ready to Wear Fall\\\/Winter 2016-2017\",\"keywords\":\"Fall\\\/Winter 2016-2017,Ready to Wear\",\"width\":667,\"height\":1000,\"saved\":true,\"thumbnail\":{\"width\":220,\"height\":220,\"ewww_image_optimizer\":\"Reduced by 10.7% (3.7&nbsp;kB)\"},\"webview\":{\"0\":667,\"1\":1000,\"2\":2,\"3\":\"width=\\\"667\\\" height=\\\"1000\\\"\",\"bits\":8,\"channels\":3,\"mime\":\"image\\\/jpeg\",\"ewww_image_optimizer\":\"Reduced by 6.5% (8.0&nbsp;kB) - Previously Optimized\"},\"0\":false,\"ewww_image_optimizer\":\"Reduced by 6.0% (9.7&nbsp;kB)\",\"views\":\"2\",\"likes\":\"0\"},\"title\":\"Ready to Wear Fall\\\/Winter 2016-2017\",\"description\":\"<p>Ready to Wear Fall\\\/Winter 2016-2017<\\\/p>\",\"link\":null,\"link_target\":\"\",\"download\":\"https:\\\/\\\/bobvarela.com\\\/wp-content\\\/flagallery\\\/pau-esteve-en-el-080-barcelona-fashion-fallwinter-2016-2017\\\/pau_esteve_024.jpg\",\"ratio\":0.6670000000000000373034936274052597582340240478515625},{\"id\":\"22530\",\"image\":\"https:\\\/\\\/bobvarela.com\\\/wp-content\\\/flagallery\\\/pau-esteve-en-el-080-barcelona-fashion-fallwinter-2016-2017\\\/webview\\\/pau_esteve_025.jpg\",\"thumb\":\"https:\\\/\\\/bobvarela.com\\\/wp-content\\\/flagallery\\\/pau-esteve-en-el-080-barcelona-fashion-fallwinter-2016-2017\\\/thumbs\\\/thumbs_pau_esteve_025.jpg\",\"file\":\"pau_esteve_025.jpg\",\"meta\":{\"aperture\":false,\"credit\":false,\"camera\":false,\"caption\":\"Ready to Wear Fall\\\/Winter 2016-2017\",\"created_timestamp\":\"February 1, 2016 4:31 pm\",\"copyright\":\"\\u00c2\\u00a9 2016 Estrop-Barcelona PHOTOGRAPH FOR EDITORIAL USE ONLY\",\"focal_length\":false,\"iso\":false,\"shutter_speed\":false,\"flash\":false,\"title\":\"Ready to Wear Fall\\\/Winter 2016-2017\",\"keywords\":\"Fall\\\/Winter 2016-2017,Ready to Wear\",\"width\":667,\"height\":1000,\"saved\":true,\"thumbnail\":{\"width\":220,\"height\":220,\"ewww_image_optimizer\":\"Reduced by 8.7% (2.2&nbsp;kB)\"},\"webview\":{\"0\":667,\"1\":1000,\"2\":2,\"3\":\"width=\\\"667\\\" height=\\\"1000\\\"\",\"bits\":8,\"channels\":3,\"mime\":\"image\\\/jpeg\",\"ewww_image_optimizer\":\"Reduced by 5.0% (3.8&nbsp;kB) - Previously Optimized\"},\"0\":false,\"ewww_image_optimizer\":\"Reduced by 5.3% (7.8&nbsp;kB)\",\"views\":\"3\",\"likes\":\"0\"},\"title\":\"Ready to Wear Fall\\\/Winter 2016-2017\",\"description\":\"<p>Ready to Wear Fall\\\/Winter 2016-2017<\\\/p>\",\"link\":null,\"link_target\":\"\",\"download\":\"https:\\\/\\\/bobvarela.com\\\/wp-content\\\/flagallery\\\/pau-esteve-en-el-080-barcelona-fashion-fallwinter-2016-2017\\\/pau_esteve_025.jpg\",\"ratio\":0.6670000000000000373034936274052597582340240478515625},{\"id\":\"22531\",\"image\":\"https:\\\/\\\/bobvarela.com\\\/wp-content\\\/flagallery\\\/pau-esteve-en-el-080-barcelona-fashion-fallwinter-2016-2017\\\/webview\\\/pau_esteve_026.jpg\",\"thumb\":\"https:\\\/\\\/bobvarela.com\\\/wp-content\\\/flagallery\\\/pau-esteve-en-el-080-barcelona-fashion-fallwinter-2016-2017\\\/thumbs\\\/thumbs_pau_esteve_026.jpg\",\"file\":\"pau_esteve_026.jpg\",\"meta\":{\"aperture\":false,\"credit\":false,\"camera\":false,\"caption\":\"Ready to Wear Fall\\\/Winter 2016-2017\",\"created_timestamp\":\"February 1, 2016 4:31 pm\",\"copyright\":\"\\u00c2\\u00a9 2016 Estrop-Barcelona PHOTOGRAPH FOR EDITORIAL USE ONLY\",\"focal_length\":false,\"iso\":false,\"shutter_speed\":false,\"flash\":false,\"title\":\"Ready to Wear Fall\\\/Winter 2016-2017\",\"keywords\":\"Fall\\\/Winter 2016-2017,Ready to Wear\",\"width\":667,\"height\":1000,\"saved\":true,\"thumbnail\":{\"width\":220,\"height\":220,\"ewww_image_optimizer\":\"Reduced by 7.9% (2.3&nbsp;kB)\"},\"webview\":{\"0\":667,\"1\":1000,\"2\":2,\"3\":\"width=\\\"667\\\" height=\\\"1000\\\"\",\"bits\":8,\"channels\":3,\"mime\":\"image\\\/jpeg\",\"ewww_image_optimizer\":\"Reduced by 5.6% (4.5&nbsp;kB) - Previously Optimized\"},\"0\":false,\"ewww_image_optimizer\":\"Reduced by 5.2% (7.9&nbsp;kB)\",\"views\":\"3\",\"likes\":\"0\"},\"title\":\"Ready to Wear Fall\\\/Winter 2016-2017\",\"description\":\"<p>Ready to Wear Fall\\\/Winter 2016-2017<\\\/p>\",\"link\":null,\"link_target\":\"\",\"download\":\"https:\\\/\\\/bobvarela.com\\\/wp-content\\\/flagallery\\\/pau-esteve-en-el-080-barcelona-fashion-fallwinter-2016-2017\\\/pau_esteve_026.jpg\",\"ratio\":0.6670000000000000373034936274052597582340240478515625},{\"id\":\"22532\",\"image\":\"https:\\\/\\\/bobvarela.com\\\/wp-content\\\/flagallery\\\/pau-esteve-en-el-080-barcelona-fashion-fallwinter-2016-2017\\\/webview\\\/pau_esteve_027.jpg\",\"thumb\":\"https:\\\/\\\/bobvarela.com\\\/wp-content\\\/flagallery\\\/pau-esteve-en-el-080-barcelona-fashion-fallwinter-2016-2017\\\/thumbs\\\/thumbs_pau_esteve_027.jpg\",\"file\":\"pau_esteve_027.jpg\",\"meta\":{\"aperture\":false,\"credit\":false,\"camera\":false,\"caption\":\"Ready to Wear Fall\\\/Winter 2016-2017\",\"created_timestamp\":\"February 1, 2016 4:31 pm\",\"copyright\":\"\\u00c2\\u00a9 2016 Estrop-Barcelona PHOTOGRAPH FOR EDITORIAL USE ONLY\",\"focal_length\":false,\"iso\":false,\"shutter_speed\":false,\"flash\":false,\"title\":\"Ready to Wear Fall\\\/Winter 2016-2017\",\"keywords\":\"Fall\\\/Winter 2016-2017,Ready to Wear\",\"width\":667,\"height\":1000,\"saved\":true,\"thumbnail\":{\"width\":220,\"height\":220,\"ewww_image_optimizer\":\"Reduced by 9.9% (4.1&nbsp;kB)\"},\"webview\":{\"0\":667,\"1\":1000,\"2\":2,\"3\":\"width=\\\"667\\\" height=\\\"1000\\\"\",\"bits\":8,\"channels\":3,\"mime\":\"image\\\/jpeg\",\"ewww_image_optimizer\":\"Reduced by 3.9% (5.1&nbsp;kB) - Previously Optimized\"},\"0\":false,\"ewww_image_optimizer\":\"Reduced by 3.7% (5.9&nbsp;kB)\",\"views\":\"2\",\"likes\":\"0\"},\"title\":\"Ready to Wear Fall\\\/Winter 2016-2017\",\"description\":\"<p>Ready to Wear Fall\\\/Winter 2016-2017<\\\/p>\",\"link\":null,\"link_target\":\"\",\"download\":\"https:\\\/\\\/bobvarela.com\\\/wp-content\\\/flagallery\\\/pau-esteve-en-el-080-barcelona-fashion-fallwinter-2016-2017\\\/pau_esteve_027.jpg\",\"ratio\":0.6670000000000000373034936274052597582340240478515625},{\"id\":\"22533\",\"image\":\"https:\\\/\\\/bobvarela.com\\\/wp-content\\\/flagallery\\\/pau-esteve-en-el-080-barcelona-fashion-fallwinter-2016-2017\\\/webview\\\/pau_esteve_028.jpg\",\"thumb\":\"https:\\\/\\\/bobvarela.com\\\/wp-content\\\/flagallery\\\/pau-esteve-en-el-080-barcelona-fashion-fallwinter-2016-2017\\\/thumbs\\\/thumbs_pau_esteve_028.jpg\",\"file\":\"pau_esteve_028.jpg\",\"meta\":{\"aperture\":false,\"credit\":false,\"camera\":false,\"caption\":\"Ready to Wear Fall\\\/Winter 2016-2017\",\"created_timestamp\":\"February 1, 2016 4:31 pm\",\"copyright\":\"\\u00c2\\u00a9 2016 Estrop-Barcelona PHOTOGRAPH FOR EDITORIAL USE ONLY\",\"focal_length\":false,\"iso\":false,\"shutter_speed\":false,\"flash\":false,\"title\":\"Ready to Wear Fall\\\/Winter 2016-2017\",\"keywords\":\"Fall\\\/Winter 2016-2017,Ready to Wear\",\"width\":667,\"height\":1000,\"saved\":true,\"thumbnail\":{\"width\":220,\"height\":220,\"ewww_image_optimizer\":\"Reduced by 8.2% (2.0&nbsp;kB)\"},\"webview\":{\"0\":667,\"1\":1000,\"2\":2,\"3\":\"width=\\\"667\\\" height=\\\"1000\\\"\",\"bits\":8,\"channels\":3,\"mime\":\"image\\\/jpeg\",\"ewww_image_optimizer\":\"Reduced by 5.4% (4.3&nbsp;kB) - Previously Optimized\"},\"0\":false,\"ewww_image_optimizer\":\"Reduced by 5.3% (8.1&nbsp;kB)\",\"views\":\"1\",\"likes\":\"0\"},\"title\":\"Ready to Wear Fall\\\/Winter 2016-2017\",\"description\":\"<p>Ready to Wear Fall\\\/Winter 2016-2017<\\\/p>\",\"link\":null,\"link_target\":\"\",\"download\":\"https:\\\/\\\/bobvarela.com\\\/wp-content\\\/flagallery\\\/pau-esteve-en-el-080-barcelona-fashion-fallwinter-2016-2017\\\/pau_esteve_028.jpg\",\"ratio\":0.6670000000000000373034936274052597582340240478515625},{\"id\":\"22534\",\"image\":\"https:\\\/\\\/bobvarela.com\\\/wp-content\\\/flagallery\\\/pau-esteve-en-el-080-barcelona-fashion-fallwinter-2016-2017\\\/webview\\\/pau_esteve_029.jpg\",\"thumb\":\"https:\\\/\\\/bobvarela.com\\\/wp-content\\\/flagallery\\\/pau-esteve-en-el-080-barcelona-fashion-fallwinter-2016-2017\\\/thumbs\\\/thumbs_pau_esteve_029.jpg\",\"file\":\"pau_esteve_029.jpg\",\"meta\":{\"aperture\":false,\"credit\":false,\"camera\":false,\"caption\":\"Ready to Wear Fall\\\/Winter 2016-2017\",\"created_timestamp\":\"February 1, 2016 4:31 pm\",\"copyright\":\"\\u00c2\\u00a9 2016 Estrop-Barcelona PHOTOGRAPH FOR EDITORIAL USE ONLY\",\"focal_length\":false,\"iso\":false,\"shutter_speed\":false,\"flash\":false,\"title\":\"Ready to Wear Fall\\\/Winter 2016-2017\",\"keywords\":\"Fall\\\/Winter 2016-2017,Ready to Wear\",\"width\":667,\"height\":1000,\"saved\":true,\"thumbnail\":{\"width\":220,\"height\":220,\"ewww_image_optimizer\":\"Reduced by 7.0% (2.1&nbsp;kB)\"},\"webview\":{\"0\":667,\"1\":1000,\"2\":2,\"3\":\"width=\\\"667\\\" height=\\\"1000\\\"\",\"bits\":8,\"channels\":3,\"mime\":\"image\\\/jpeg\",\"ewww_image_optimizer\":\"Reduced by 5.5% (4.5&nbsp;kB) - Previously Optimized\"},\"0\":false,\"ewww_image_optimizer\":\"Reduced by 4.7% (7.7&nbsp;kB)\",\"views\":\"3\",\"likes\":\"0\"},\"title\":\"Ready to Wear Fall\\\/Winter 2016-2017\",\"description\":\"<p>Ready to Wear Fall\\\/Winter 2016-2017<\\\/p>\",\"link\":null,\"link_target\":\"\",\"download\":\"https:\\\/\\\/bobvarela.com\\\/wp-content\\\/flagallery\\\/pau-esteve-en-el-080-barcelona-fashion-fallwinter-2016-2017\\\/pau_esteve_029.jpg\",\"ratio\":0.6670000000000000373034936274052597582340240478515625},{\"id\":\"22535\",\"image\":\"https:\\\/\\\/bobvarela.com\\\/wp-content\\\/flagallery\\\/pau-esteve-en-el-080-barcelona-fashion-fallwinter-2016-2017\\\/webview\\\/pau_esteve_030.jpg\",\"thumb\":\"https:\\\/\\\/bobvarela.com\\\/wp-content\\\/flagallery\\\/pau-esteve-en-el-080-barcelona-fashion-fallwinter-2016-2017\\\/thumbs\\\/thumbs_pau_esteve_030.jpg\",\"file\":\"pau_esteve_030.jpg\",\"meta\":{\"aperture\":false,\"credit\":false,\"camera\":false,\"caption\":\"Ready to Wear Fall\\\/Winter 2016-2017\",\"created_timestamp\":\"February 1, 2016 4:31 pm\",\"copyright\":\"\\u00c2\\u00a9 2016 Estrop-Barcelona PHOTOGRAPH FOR EDITORIAL USE ONLY\",\"focal_length\":false,\"iso\":false,\"shutter_speed\":false,\"flash\":false,\"title\":\"Ready to Wear Fall\\\/Winter 2016-2017\",\"keywords\":\"Fall\\\/Winter 2016-2017,Ready to Wear\",\"width\":667,\"height\":1000,\"saved\":true,\"thumbnail\":{\"width\":220,\"height\":220,\"ewww_image_optimizer\":\"Reduced by 8.3% (2.6&nbsp;kB)\"},\"webview\":{\"0\":667,\"1\":1000,\"2\":2,\"3\":\"width=\\\"667\\\" height=\\\"1000\\\"\",\"bits\":8,\"channels\":3,\"mime\":\"image\\\/jpeg\",\"ewww_image_optimizer\":\"Reduced by 5.1% (4.9&nbsp;kB) - Previously Optimized\"},\"0\":false,\"ewww_image_optimizer\":\"Reduced by 4.6% (8.9&nbsp;kB)\",\"views\":\"1\",\"likes\":\"0\"},\"title\":\"Ready to Wear Fall\\\/Winter 2016-2017\",\"description\":\"<p>Ready to Wear Fall\\\/Winter 2016-2017<\\\/p>\",\"link\":null,\"link_target\":\"\",\"download\":\"https:\\\/\\\/bobvarela.com\\\/wp-content\\\/flagallery\\\/pau-esteve-en-el-080-barcelona-fashion-fallwinter-2016-2017\\\/pau_esteve_030.jpg\",\"ratio\":0.6670000000000000373034936274052597582340240478515625},{\"id\":\"22536\",\"image\":\"https:\\\/\\\/bobvarela.com\\\/wp-content\\\/flagallery\\\/pau-esteve-en-el-080-barcelona-fashion-fallwinter-2016-2017\\\/webview\\\/pau_esteve_031.jpg\",\"thumb\":\"https:\\\/\\\/bobvarela.com\\\/wp-content\\\/flagallery\\\/pau-esteve-en-el-080-barcelona-fashion-fallwinter-2016-2017\\\/thumbs\\\/thumbs_pau_esteve_031.jpg\",\"file\":\"pau_esteve_031.jpg\",\"meta\":{\"aperture\":false,\"credit\":false,\"camera\":false,\"caption\":\"Ready to Wear Fall\\\/Winter 2016-2017\",\"created_timestamp\":\"February 1, 2016 4:32 pm\",\"copyright\":\"\\u00c2\\u00a9 2016 Estrop-Barcelona PHOTOGRAPH FOR EDITORIAL USE ONLY\",\"focal_length\":false,\"iso\":false,\"shutter_speed\":false,\"flash\":false,\"title\":\"Ready to Wear Fall\\\/Winter 2016-2017\",\"keywords\":\"Fall\\\/Winter 2016-2017,Ready to Wear\",\"width\":667,\"height\":1000,\"saved\":true,\"thumbnail\":{\"width\":220,\"height\":220,\"ewww_image_optimizer\":\"Reduced by 9.0% (2.2&nbsp;kB)\"},\"webview\":{\"0\":667,\"1\":1000,\"2\":2,\"3\":\"width=\\\"667\\\" height=\\\"1000\\\"\",\"bits\":8,\"channels\":3,\"mime\":\"image\\\/jpeg\",\"ewww_image_optimizer\":\"Reduced by 5.4% (4.4&nbsp;kB) - Previously Optimized\"},\"0\":false,\"ewww_image_optimizer\":\"Reduced by 6.4% (10.1&nbsp;kB)\",\"views\":\"1\",\"likes\":\"0\"},\"title\":\"Ready to Wear Fall\\\/Winter 2016-2017\",\"description\":\"<p>Ready to Wear Fall\\\/Winter 2016-2017<\\\/p>\",\"link\":null,\"link_target\":\"\",\"download\":\"https:\\\/\\\/bobvarela.com\\\/wp-content\\\/flagallery\\\/pau-esteve-en-el-080-barcelona-fashion-fallwinter-2016-2017\\\/pau_esteve_031.jpg\",\"ratio\":0.6670000000000000373034936274052597582340240478515625},{\"id\":\"22537\",\"image\":\"https:\\\/\\\/bobvarela.com\\\/wp-content\\\/flagallery\\\/pau-esteve-en-el-080-barcelona-fashion-fallwinter-2016-2017\\\/webview\\\/pau_esteve_032.jpg\",\"thumb\":\"https:\\\/\\\/bobvarela.com\\\/wp-content\\\/flagallery\\\/pau-esteve-en-el-080-barcelona-fashion-fallwinter-2016-2017\\\/thumbs\\\/thumbs_pau_esteve_032.jpg\",\"file\":\"pau_esteve_032.jpg\",\"meta\":{\"aperture\":false,\"credit\":false,\"camera\":false,\"caption\":\"Ready to Wear Fall\\\/Winter 2016-2017\",\"created_timestamp\":\"February 1, 2016 4:32 pm\",\"copyright\":\"\\u00c2\\u00a9 2016 Estrop-Barcelona PHOTOGRAPH FOR EDITORIAL USE ONLY\",\"focal_length\":false,\"iso\":false,\"shutter_speed\":false,\"flash\":false,\"title\":\"Ready to Wear Fall\\\/Winter 2016-2017\",\"keywords\":\"Fall\\\/Winter 2016-2017,Ready to Wear\",\"width\":667,\"height\":1000,\"saved\":true,\"thumbnail\":{\"width\":220,\"height\":220,\"ewww_image_optimizer\":\"Reduced by 9.0% (1.9&nbsp;kB)\"},\"webview\":{\"0\":667,\"1\":1000,\"2\":2,\"3\":\"width=\\\"667\\\" height=\\\"1000\\\"\",\"bits\":8,\"channels\":3,\"mime\":\"image\\\/jpeg\",\"ewww_image_optimizer\":\"Reduced by 6.3% (3.8&nbsp;kB) - Previously Optimized\"},\"0\":false,\"ewww_image_optimizer\":\"Reduced by 9.4% (18.8&nbsp;kB)\",\"views\":\"1\",\"likes\":\"0\"},\"title\":\"Ready to Wear Fall\\\/Winter 2016-2017\",\"description\":\"<p>Ready to Wear Fall\\\/Winter 2016-2017<\\\/p>\",\"link\":null,\"link_target\":\"\",\"download\":\"https:\\\/\\\/bobvarela.com\\\/wp-content\\\/flagallery\\\/pau-esteve-en-el-080-barcelona-fashion-fallwinter-2016-2017\\\/pau_esteve_032.jpg\",\"ratio\":0.6670000000000000373034936274052597582340240478515625},{\"id\":\"22538\",\"image\":\"https:\\\/\\\/bobvarela.com\\\/wp-content\\\/flagallery\\\/pau-esteve-en-el-080-barcelona-fashion-fallwinter-2016-2017\\\/webview\\\/pau_esteve_033.jpg\",\"thumb\":\"https:\\\/\\\/bobvarela.com\\\/wp-content\\\/flagallery\\\/pau-esteve-en-el-080-barcelona-fashion-fallwinter-2016-2017\\\/thumbs\\\/thumbs_pau_esteve_033.jpg\",\"file\":\"pau_esteve_033.jpg\",\"meta\":{\"aperture\":false,\"credit\":false,\"camera\":false,\"caption\":\"Ready to Wear Fall\\\/Winter 2016-2017\",\"created_timestamp\":\"February 1, 2016 4:32 pm\",\"copyright\":\"\\u00c2\\u00a9 2016 Estrop-Barcelona PHOTOGRAPH FOR EDITORIAL USE ONLY\",\"focal_length\":false,\"iso\":false,\"shutter_speed\":false,\"flash\":false,\"title\":\"Ready to Wear Fall\\\/Winter 2016-2017\",\"keywords\":\"Fall\\\/Winter 2016-2017,Ready to Wear\",\"width\":667,\"height\":1000,\"saved\":true,\"thumbnail\":{\"width\":220,\"height\":220,\"ewww_image_optimizer\":\"Reduced by 9.6% (2.4&nbsp;kB)\"},\"webview\":{\"0\":667,\"1\":1000,\"2\":2,\"3\":\"width=\\\"667\\\" height=\\\"1000\\\"\",\"bits\":8,\"channels\":3,\"mime\":\"image\\\/jpeg\",\"ewww_image_optimizer\":\"Reduced by 5.3% (4.2&nbsp;kB) - Previously Optimized\"},\"0\":false,\"ewww_image_optimizer\":\"Reduced by 5.7% (8.7&nbsp;kB)\",\"views\":\"0\",\"likes\":\"0\"},\"title\":\"Ready to Wear Fall\\\/Winter 2016-2017\",\"description\":\"<p>Ready to Wear Fall\\\/Winter 2016-2017<\\\/p>\",\"link\":null,\"link_target\":\"\",\"download\":\"https:\\\/\\\/bobvarela.com\\\/wp-content\\\/flagallery\\\/pau-esteve-en-el-080-barcelona-fashion-fallwinter-2016-2017\\\/pau_esteve_033.jpg\",\"ratio\":0.6670000000000000373034936274052597582340240478515625},{\"id\":\"22539\",\"image\":\"https:\\\/\\\/bobvarela.com\\\/wp-content\\\/flagallery\\\/pau-esteve-en-el-080-barcelona-fashion-fallwinter-2016-2017\\\/webview\\\/pau_esteve_034.jpg\",\"thumb\":\"https:\\\/\\\/bobvarela.com\\\/wp-content\\\/flagallery\\\/pau-esteve-en-el-080-barcelona-fashion-fallwinter-2016-2017\\\/thumbs\\\/thumbs_pau_esteve_034.jpg\",\"file\":\"pau_esteve_034.jpg\",\"meta\":{\"aperture\":false,\"credit\":false,\"camera\":false,\"caption\":\"Ready to Wear Fall\\\/Winter 2016-2017\",\"created_timestamp\":\"February 1, 2016 4:32 pm\",\"copyright\":\"\\u00c2\\u00a9 2016 Estrop-Barcelona PHOTOGRAPH FOR EDITORIAL USE ONLY\",\"focal_length\":false,\"iso\":false,\"shutter_speed\":false,\"flash\":false,\"title\":\"Ready to Wear Fall\\\/Winter 2016-2017\",\"keywords\":\"Fall\\\/Winter 2016-2017,Ready to Wear\",\"width\":667,\"height\":1000,\"saved\":true,\"thumbnail\":{\"width\":220,\"height\":220,\"ewww_image_optimizer\":\"Reduced by 12.4% (3.3&nbsp;kB)\"},\"webview\":{\"0\":667,\"1\":1000,\"2\":2,\"3\":\"width=\\\"667\\\" height=\\\"1000\\\"\",\"bits\":8,\"channels\":3,\"mime\":\"image\\\/jpeg\",\"ewww_image_optimizer\":\"Reduced by 7.1% (5.3&nbsp;kB) - Previously Optimized\"},\"0\":false,\"ewww_image_optimizer\":\"Reduced by 7.3% (10.8&nbsp;kB)\",\"views\":\"2\",\"likes\":\"0\"},\"title\":\"Ready to Wear Fall\\\/Winter 2016-2017\",\"description\":\"<p>Ready to Wear Fall\\\/Winter 2016-2017<\\\/p>\",\"link\":null,\"link_target\":\"\",\"download\":\"https:\\\/\\\/bobvarela.com\\\/wp-content\\\/flagallery\\\/pau-esteve-en-el-080-barcelona-fashion-fallwinter-2016-2017\\\/pau_esteve_034.jpg\",\"ratio\":0.6670000000000000373034936274052597582340240478515625},{\"id\":\"22540\",\"image\":\"https:\\\/\\\/bobvarela.com\\\/wp-content\\\/flagallery\\\/pau-esteve-en-el-080-barcelona-fashion-fallwinter-2016-2017\\\/webview\\\/pau_esteve_035.jpg\",\"thumb\":\"https:\\\/\\\/bobvarela.com\\\/wp-content\\\/flagallery\\\/pau-esteve-en-el-080-barcelona-fashion-fallwinter-2016-2017\\\/thumbs\\\/thumbs_pau_esteve_035.jpg\",\"file\":\"pau_esteve_035.jpg\",\"meta\":{\"aperture\":false,\"credit\":false,\"camera\":false,\"caption\":\"Ready to Wear Fall\\\/Winter 2016-2017\",\"created_timestamp\":\"February 1, 2016 4:32 pm\",\"copyright\":\"\\u00c2\\u00a9 2016 Estrop-Barcelona PHOTOGRAPH FOR EDITORIAL USE ONLY\",\"focal_length\":false,\"iso\":false,\"shutter_speed\":false,\"flash\":false,\"title\":\"Ready to Wear Fall\\\/Winter 2016-2017\",\"keywords\":\"Fall\\\/Winter 2016-2017,Ready to Wear\",\"width\":667,\"height\":1000,\"saved\":true,\"thumbnail\":{\"width\":220,\"height\":220,\"ewww_image_optimizer\":\"Reduced by 9.6% (2.4&nbsp;kB)\"},\"webview\":{\"0\":667,\"1\":1000,\"2\":2,\"3\":\"width=\\\"667\\\" height=\\\"1000\\\"\",\"bits\":8,\"channels\":3,\"mime\":\"image\\\/jpeg\",\"ewww_image_optimizer\":\"Reduced by 4.6% (3.6&nbsp;kB) - Previously Optimized\"},\"0\":false,\"ewww_image_optimizer\":\"Reduced by 5.7% (8.5&nbsp;kB)\",\"views\":\"1\",\"likes\":\"0\"},\"title\":\"Ready to Wear Fall\\\/Winter 2016-2017\",\"description\":\"<p>Ready to Wear Fall\\\/Winter 2016-2017<\\\/p>\",\"link\":null,\"link_target\":\"\",\"download\":\"https:\\\/\\\/bobvarela.com\\\/wp-content\\\/flagallery\\\/pau-esteve-en-el-080-barcelona-fashion-fallwinter-2016-2017\\\/pau_esteve_035.jpg\",\"ratio\":0.6670000000000000373034936274052597582340240478515625},{\"id\":\"22541\",\"image\":\"https:\\\/\\\/bobvarela.com\\\/wp-content\\\/flagallery\\\/pau-esteve-en-el-080-barcelona-fashion-fallwinter-2016-2017\\\/webview\\\/pau_esteve_036.jpg\",\"thumb\":\"https:\\\/\\\/bobvarela.com\\\/wp-content\\\/flagallery\\\/pau-esteve-en-el-080-barcelona-fashion-fallwinter-2016-2017\\\/thumbs\\\/thumbs_pau_esteve_036.jpg\",\"file\":\"pau_esteve_036.jpg\",\"meta\":{\"aperture\":false,\"credit\":false,\"camera\":false,\"caption\":\"Ready to Wear Fall\\\/Winter 2016-2017\",\"created_timestamp\":\"February 1, 2016 4:32 pm\",\"copyright\":\"\\u00c2\\u00a9 2016 Estrop-Barcelona PHOTOGRAPH FOR EDITORIAL USE ONLY\",\"focal_length\":false,\"iso\":false,\"shutter_speed\":false,\"flash\":false,\"title\":\"Ready to Wear Fall\\\/Winter 2016-2017\",\"keywords\":\"Fall\\\/Winter 2016-2017,Ready to Wear\",\"width\":667,\"height\":1000,\"saved\":true,\"thumbnail\":{\"width\":220,\"height\":220,\"ewww_image_optimizer\":\"Reduced by 10.0% (2.8&nbsp;kB)\"},\"webview\":{\"0\":667,\"1\":1000,\"2\":2,\"3\":\"width=\\\"667\\\" height=\\\"1000\\\"\",\"bits\":8,\"channels\":3,\"mime\":\"image\\\/jpeg\",\"ewww_image_optimizer\":\"Reduced by 5.4% (4.4&nbsp;kB) - Previously Optimized\"},\"0\":false,\"ewww_image_optimizer\":\"Reduced by 6.1% (9.7&nbsp;kB)\",\"views\":\"1\",\"likes\":\"0\"},\"title\":\"Ready to Wear Fall\\\/Winter 2016-2017\",\"description\":\"<p>Ready to Wear Fall\\\/Winter 2016-2017<\\\/p>\",\"link\":null,\"link_target\":\"\",\"download\":\"https:\\\/\\\/bobvarela.com\\\/wp-content\\\/flagallery\\\/pau-esteve-en-el-080-barcelona-fashion-fallwinter-2016-2017\\\/pau_esteve_036.jpg\",\"ratio\":0.6670000000000000373034936274052597582340240478515625},{\"id\":\"22542\",\"image\":\"https:\\\/\\\/bobvarela.com\\\/wp-content\\\/flagallery\\\/pau-esteve-en-el-080-barcelona-fashion-fallwinter-2016-2017\\\/webview\\\/pau_esteve_037.jpg\",\"thumb\":\"https:\\\/\\\/bobvarela.com\\\/wp-content\\\/flagallery\\\/pau-esteve-en-el-080-barcelona-fashion-fallwinter-2016-2017\\\/thumbs\\\/thumbs_pau_esteve_037.jpg\",\"file\":\"pau_esteve_037.jpg\",\"meta\":{\"aperture\":false,\"credit\":false,\"camera\":false,\"caption\":\"Ready to Wear Fall\\\/Winter 2016-2017\",\"created_timestamp\":\"February 1, 2016 4:32 pm\",\"copyright\":\"\\u00c2\\u00a9 2016 Estrop-Barcelona PHOTOGRAPH FOR EDITORIAL USE ONLY\",\"focal_length\":false,\"iso\":false,\"shutter_speed\":false,\"flash\":false,\"title\":\"Ready to Wear Fall\\\/Winter 2016-2017\",\"keywords\":\"Fall\\\/Winter 2016-2017,Ready to Wear\",\"width\":667,\"height\":1000,\"saved\":true,\"thumbnail\":{\"width\":220,\"height\":220,\"ewww_image_optimizer\":\"Reduced by 9.2% (3.6&nbsp;kB)\"},\"webview\":{\"0\":667,\"1\":1000,\"2\":2,\"3\":\"width=\\\"667\\\" height=\\\"1000\\\"\",\"bits\":8,\"channels\":3,\"mime\":\"image\\\/jpeg\",\"ewww_image_optimizer\":\"Reduced by 5.2% (5.9&nbsp;kB) - Previously Optimized\"},\"0\":false,\"ewww_image_optimizer\":\"Reduced by 3.7% (6.0&nbsp;kB)\",\"views\":\"1\",\"likes\":\"0\"},\"title\":\"Ready to Wear Fall\\\/Winter 2016-2017\",\"description\":\"<p>Ready to Wear Fall\\\/Winter 2016-2017<\\\/p>\",\"link\":null,\"link_target\":\"\",\"download\":\"https:\\\/\\\/bobvarela.com\\\/wp-content\\\/flagallery\\\/pau-esteve-en-el-080-barcelona-fashion-fallwinter-2016-2017\\\/pau_esteve_037.jpg\",\"ratio\":0.6670000000000000373034936274052597582340240478515625},{\"id\":\"22543\",\"image\":\"https:\\\/\\\/bobvarela.com\\\/wp-content\\\/flagallery\\\/pau-esteve-en-el-080-barcelona-fashion-fallwinter-2016-2017\\\/webview\\\/pau_esteve_038.jpg\",\"thumb\":\"https:\\\/\\\/bobvarela.com\\\/wp-content\\\/flagallery\\\/pau-esteve-en-el-080-barcelona-fashion-fallwinter-2016-2017\\\/thumbs\\\/thumbs_pau_esteve_038.jpg\",\"file\":\"pau_esteve_038.jpg\",\"meta\":{\"aperture\":false,\"credit\":false,\"camera\":false,\"caption\":\"Ready to Wear Fall\\\/Winter 2016-2017\",\"created_timestamp\":\"February 1, 2016 4:33 pm\",\"copyright\":\"\\u00c2\\u00a9 2016 Estrop-Barcelona PHOTOGRAPH FOR EDITORIAL USE ONLY\",\"focal_length\":false,\"iso\":false,\"shutter_speed\":false,\"flash\":false,\"title\":\"Ready to Wear Fall\\\/Winter 2016-2017\",\"keywords\":\"Fall\\\/Winter 2016-2017,Ready to Wear\",\"width\":667,\"height\":1000,\"saved\":true,\"thumbnail\":{\"width\":220,\"height\":220,\"ewww_image_optimizer\":\"Reduced by 7.7% (1.8&nbsp;kB)\"},\"webview\":{\"0\":667,\"1\":1000,\"2\":2,\"3\":\"width=\\\"667\\\" height=\\\"1000\\\"\",\"bits\":8,\"channels\":3,\"mime\":\"image\\\/jpeg\",\"ewww_image_optimizer\":\"Reduced by 5.8% (4.5&nbsp;kB) - Previously Optimized\"},\"0\":false,\"ewww_image_optimizer\":\"Reduced by 6.4% (9.7&nbsp;kB)\",\"views\":\"0\",\"likes\":\"0\"},\"title\":\"Ready to Wear Fall\\\/Winter 2016-2017\",\"description\":\"<p>Ready to Wear Fall\\\/Winter 2016-2017<\\\/p>\",\"link\":null,\"link_target\":\"\",\"download\":\"https:\\\/\\\/bobvarela.com\\\/wp-content\\\/flagallery\\\/pau-esteve-en-el-080-barcelona-fashion-fallwinter-2016-2017\\\/pau_esteve_038.jpg\",\"ratio\":0.6670000000000000373034936274052597582340240478515625},{\"id\":\"22544\",\"image\":\"https:\\\/\\\/bobvarela.com\\\/wp-content\\\/flagallery\\\/pau-esteve-en-el-080-barcelona-fashion-fallwinter-2016-2017\\\/webview\\\/pau_esteve_039.jpg\",\"thumb\":\"https:\\\/\\\/bobvarela.com\\\/wp-content\\\/flagallery\\\/pau-esteve-en-el-080-barcelona-fashion-fallwinter-2016-2017\\\/thumbs\\\/thumbs_pau_esteve_039.jpg\",\"file\":\"pau_esteve_039.jpg\",\"meta\":{\"aperture\":false,\"credit\":false,\"camera\":false,\"caption\":\"Ready to Wear Fall\\\/Winter 2016-2017\",\"created_timestamp\":\"February 1, 2016 4:33 pm\",\"copyright\":\"\\u00c2\\u00a9 2016 Estrop-Barcelona PHOTOGRAPH FOR EDITORIAL USE ONLY\",\"focal_length\":false,\"iso\":false,\"shutter_speed\":false,\"flash\":false,\"title\":\"Ready to Wear Fall\\\/Winter 2016-2017\",\"keywords\":\"Fall\\\/Winter 2016-2017,Ready to Wear\",\"width\":667,\"height\":1000,\"saved\":true,\"thumbnail\":{\"width\":220,\"height\":220,\"ewww_image_optimizer\":\"Reduced by 7.8% (2.1&nbsp;kB)\"},\"webview\":{\"0\":667,\"1\":1000,\"2\":2,\"3\":\"width=\\\"667\\\" height=\\\"1000\\\"\",\"bits\":8,\"channels\":3,\"mime\":\"image\\\/jpeg\",\"ewww_image_optimizer\":\"Reduced by 5.5% (4.5&nbsp;kB) - Previously Optimized\"},\"0\":false,\"ewww_image_optimizer\":\"Reduced by 4.8% (8.0&nbsp;kB)\",\"views\":\"1\",\"likes\":\"0\"},\"title\":\"Ready to Wear Fall\\\/Winter 2016-2017\",\"description\":\"<p>Ready to Wear Fall\\\/Winter 2016-2017<\\\/p>\",\"link\":null,\"link_target\":\"\",\"download\":\"https:\\\/\\\/bobvarela.com\\\/wp-content\\\/flagallery\\\/pau-esteve-en-el-080-barcelona-fashion-fallwinter-2016-2017\\\/pau_esteve_039.jpg\",\"ratio\":0.6670000000000000373034936274052597582340240478515625},{\"id\":\"22545\",\"image\":\"https:\\\/\\\/bobvarela.com\\\/wp-content\\\/flagallery\\\/pau-esteve-en-el-080-barcelona-fashion-fallwinter-2016-2017\\\/webview\\\/pau_esteve_040.jpg\",\"thumb\":\"https:\\\/\\\/bobvarela.com\\\/wp-content\\\/flagallery\\\/pau-esteve-en-el-080-barcelona-fashion-fallwinter-2016-2017\\\/thumbs\\\/thumbs_pau_esteve_040.jpg\",\"file\":\"pau_esteve_040.jpg\",\"meta\":{\"aperture\":false,\"credit\":false,\"camera\":false,\"caption\":\"Ready to Wear Fall\\\/Winter 2016-2017\",\"created_timestamp\":\"February 1, 2016 4:33 pm\",\"copyright\":\"\\u00c2\\u00a9 2016 Estrop-Barcelona PHOTOGRAPH FOR EDITORIAL USE ONLY\",\"focal_length\":false,\"iso\":false,\"shutter_speed\":false,\"flash\":false,\"title\":\"Ready to Wear Fall\\\/Winter 2016-2017\",\"keywords\":\"Fall\\\/Winter 2016-2017,Ready to Wear\",\"width\":667,\"height\":1000,\"saved\":true,\"thumbnail\":{\"width\":220,\"height\":220,\"ewww_image_optimizer\":\"Reduced by 9.9% (3.1&nbsp;kB)\"},\"webview\":{\"0\":667,\"1\":1000,\"2\":2,\"3\":\"width=\\\"667\\\" height=\\\"1000\\\"\",\"bits\":8,\"channels\":3,\"mime\":\"image\\\/jpeg\",\"ewww_image_optimizer\":\"Reduced by 5.9% (4.2&nbsp;kB) - Previously Optimized\"},\"0\":false,\"ewww_image_optimizer\":\"Reduced by 5.4% (7.6&nbsp;kB)\",\"views\":\"0\",\"likes\":\"0\"},\"title\":\"Ready to Wear Fall\\\/Winter 2016-2017\",\"description\":\"<p>Ready to Wear Fall\\\/Winter 2016-2017<\\\/p>\",\"link\":null,\"link_target\":\"\",\"download\":\"https:\\\/\\\/bobvarela.com\\\/wp-content\\\/flagallery\\\/pau-esteve-en-el-080-barcelona-fashion-fallwinter-2016-2017\\\/pau_esteve_040.jpg\",\"ratio\":0.6670000000000000373034936274052597582340240478515625},{\"id\":\"22546\",\"image\":\"https:\\\/\\\/bobvarela.com\\\/wp-content\\\/flagallery\\\/pau-esteve-en-el-080-barcelona-fashion-fallwinter-2016-2017\\\/webview\\\/pau_esteve_041.jpg\",\"thumb\":\"https:\\\/\\\/bobvarela.com\\\/wp-content\\\/flagallery\\\/pau-esteve-en-el-080-barcelona-fashion-fallwinter-2016-2017\\\/thumbs\\\/thumbs_pau_esteve_041.jpg\",\"file\":\"pau_esteve_041.jpg\",\"meta\":{\"aperture\":false,\"credit\":false,\"camera\":false,\"caption\":\"Ready to Wear Fall\\\/Winter 2016-2017\",\"created_timestamp\":\"February 1, 2016 4:33 pm\",\"copyright\":\"\\u00c2\\u00a9 2016 Estrop-Barcelona PHOTOGRAPH FOR EDITORIAL USE ONLY\",\"focal_length\":false,\"iso\":false,\"shutter_speed\":false,\"flash\":false,\"title\":\"Ready to Wear Fall\\\/Winter 2016-2017\",\"keywords\":\"Fall\\\/Winter 2016-2017,Ready to Wear\",\"width\":667,\"height\":1000,\"saved\":true,\"thumbnail\":{\"width\":220,\"height\":220,\"ewww_image_optimizer\":\"Reduced by 9.1% (2.3&nbsp;kB)\"},\"webview\":{\"0\":667,\"1\":1000,\"2\":2,\"3\":\"width=\\\"667\\\" height=\\\"1000\\\"\",\"bits\":8,\"channels\":3,\"mime\":\"image\\\/jpeg\",\"ewww_image_optimizer\":\"Reduced by 4.7% (3.8&nbsp;kB) - Previously Optimized\"},\"0\":false,\"ewww_image_optimizer\":\"Reduced by 5.0% (7.7&nbsp;kB)\",\"views\":\"0\",\"likes\":\"0\"},\"title\":\"Ready to Wear Fall\\\/Winter 2016-2017\",\"description\":\"<p>Ready to Wear Fall\\\/Winter 2016-2017<\\\/p>\",\"link\":null,\"link_target\":\"\",\"download\":\"https:\\\/\\\/bobvarela.com\\\/wp-content\\\/flagallery\\\/pau-esteve-en-el-080-barcelona-fashion-fallwinter-2016-2017\\\/pau_esteve_041.jpg\",\"ratio\":0.6670000000000000373034936274052597582340240478515625},{\"id\":\"22547\",\"image\":\"https:\\\/\\\/bobvarela.com\\\/wp-content\\\/flagallery\\\/pau-esteve-en-el-080-barcelona-fashion-fallwinter-2016-2017\\\/webview\\\/pau_esteve_042.jpg\",\"thumb\":\"https:\\\/\\\/bobvarela.com\\\/wp-content\\\/flagallery\\\/pau-esteve-en-el-080-barcelona-fashion-fallwinter-2016-2017\\\/thumbs\\\/thumbs_pau_esteve_042.jpg\",\"file\":\"pau_esteve_042.jpg\",\"meta\":{\"aperture\":false,\"credit\":false,\"camera\":false,\"caption\":\"Ready to Wear Fall\\\/Winter 2016-2017\",\"created_timestamp\":\"February 1, 2016 4:33 pm\",\"copyright\":\"\\u00c2\\u00a9 2016 Estrop-Barcelona PHOTOGRAPH FOR EDITORIAL USE ONLY\",\"focal_length\":false,\"iso\":false,\"shutter_speed\":false,\"flash\":false,\"title\":\"Ready to Wear Fall\\\/Winter 2016-2017\",\"keywords\":\"Fall\\\/Winter 2016-2017,Ready to Wear\",\"width\":667,\"height\":1000,\"saved\":true,\"thumbnail\":{\"width\":220,\"height\":220,\"ewww_image_optimizer\":\"Reduced by 9.3% (2.4&nbsp;kB)\"},\"webview\":{\"0\":667,\"1\":1000,\"2\":2,\"3\":\"width=\\\"667\\\" height=\\\"1000\\\"\",\"bits\":8,\"channels\":3,\"mime\":\"image\\\/jpeg\",\"ewww_image_optimizer\":\"Reduced by 6.1% (4.3&nbsp;kB) - Previously Optimized\"},\"0\":false,\"ewww_image_optimizer\":\"Reduced by 6.2% (8.8&nbsp;kB)\",\"views\":\"2\",\"likes\":\"0\"},\"title\":\"Ready to Wear Fall\\\/Winter 2016-2017\",\"description\":\"<p>Ready to Wear Fall\\\/Winter 2016-2017<\\\/p>\",\"link\":null,\"link_target\":\"\",\"download\":\"https:\\\/\\\/bobvarela.com\\\/wp-content\\\/flagallery\\\/pau-esteve-en-el-080-barcelona-fashion-fallwinter-2016-2017\\\/pau_esteve_042.jpg\",\"ratio\":0.6670000000000000373034936274052597582340240478515625},{\"id\":\"22548\",\"image\":\"https:\\\/\\\/bobvarela.com\\\/wp-content\\\/flagallery\\\/pau-esteve-en-el-080-barcelona-fashion-fallwinter-2016-2017\\\/webview\\\/pau_esteve_043.jpg\",\"thumb\":\"https:\\\/\\\/bobvarela.com\\\/wp-content\\\/flagallery\\\/pau-esteve-en-el-080-barcelona-fashion-fallwinter-2016-2017\\\/thumbs\\\/thumbs_pau_esteve_043.jpg\",\"file\":\"pau_esteve_043.jpg\",\"meta\":{\"aperture\":false,\"credit\":false,\"camera\":false,\"caption\":\"Ready to Wear Fall\\\/Winter 2016-2017\",\"created_timestamp\":\"February 1, 2016 4:33 pm\",\"copyright\":\"\\u00c2\\u00a9 2016 Estrop-Barcelona PHOTOGRAPH FOR EDITORIAL USE ONLY\",\"focal_length\":false,\"iso\":false,\"shutter_speed\":false,\"flash\":false,\"title\":\"Ready to Wear Fall\\\/Winter 2016-2017\",\"keywords\":\"Fall\\\/Winter 2016-2017,Ready to Wear\",\"width\":667,\"height\":1000,\"saved\":true,\"thumbnail\":{\"width\":220,\"height\":220,\"ewww_image_optimizer\":\"Reduced by 9.7% (3.0&nbsp;kB)\"},\"webview\":{\"0\":667,\"1\":1000,\"2\":2,\"3\":\"width=\\\"667\\\" height=\\\"1000\\\"\",\"bits\":8,\"channels\":3,\"mime\":\"image\\\/jpeg\",\"ewww_image_optimizer\":\"Reduced by 7.0% (5.2&nbsp;kB) - Previously Optimized\"},\"0\":false,\"ewww_image_optimizer\":\"Reduced by 6.2% (9.6&nbsp;kB)\",\"views\":\"0\",\"likes\":\"0\"},\"title\":\"Ready to Wear Fall\\\/Winter 2016-2017\",\"description\":\"<p>Ready to Wear Fall\\\/Winter 2016-2017<\\\/p>\",\"link\":null,\"link_target\":\"\",\"download\":\"https:\\\/\\\/bobvarela.com\\\/wp-content\\\/flagallery\\\/pau-esteve-en-el-080-barcelona-fashion-fallwinter-2016-2017\\\/pau_esteve_043.jpg\",\"ratio\":0.6670000000000000373034936274052597582340240478515625},{\"id\":\"22549\",\"image\":\"https:\\\/\\\/bobvarela.com\\\/wp-content\\\/flagallery\\\/pau-esteve-en-el-080-barcelona-fashion-fallwinter-2016-2017\\\/webview\\\/pau_esteve_044.jpg\",\"thumb\":\"https:\\\/\\\/bobvarela.com\\\/wp-content\\\/flagallery\\\/pau-esteve-en-el-080-barcelona-fashion-fallwinter-2016-2017\\\/thumbs\\\/thumbs_pau_esteve_044.jpg\",\"file\":\"pau_esteve_044.jpg\",\"meta\":{\"aperture\":false,\"credit\":false,\"camera\":false,\"caption\":\"Ready to Wear Fall\\\/Winter 2016-2017\",\"created_timestamp\":\"February 1, 2016 4:33 pm\",\"copyright\":\"\\u00c2\\u00a9 2016 Estrop-Barcelona PHOTOGRAPH FOR EDITORIAL USE ONLY\",\"focal_length\":false,\"iso\":false,\"shutter_speed\":false,\"flash\":false,\"title\":\"Ready to Wear Fall\\\/Winter 2016-2017\",\"keywords\":\"Fall\\\/Winter 2016-2017,Ready to Wear\",\"width\":667,\"height\":1000,\"saved\":true,\"thumbnail\":{\"width\":220,\"height\":220,\"ewww_image_optimizer\":\"Reduced by 9.4% (2.9&nbsp;kB)\"},\"webview\":{\"0\":667,\"1\":1000,\"2\":2,\"3\":\"width=\\\"667\\\" height=\\\"1000\\\"\",\"bits\":8,\"channels\":3,\"mime\":\"image\\\/jpeg\",\"ewww_image_optimizer\":\"Reduced by 5.4% (5.8&nbsp;kB) - Previously Optimized\"},\"0\":false,\"ewww_image_optimizer\":\"Reduced by 5.4% (10.5&nbsp;kB)\",\"views\":\"1\",\"likes\":\"0\"},\"title\":\"Ready to Wear Fall\\\/Winter 2016-2017\",\"description\":\"<p>Ready to Wear Fall\\\/Winter 2016-2017<\\\/p>\",\"link\":null,\"link_target\":\"\",\"download\":\"https:\\\/\\\/bobvarela.com\\\/wp-content\\\/flagallery\\\/pau-esteve-en-el-080-barcelona-fashion-fallwinter-2016-2017\\\/pau_esteve_044.jpg\",\"ratio\":0.6670000000000000373034936274052597582340240478515625},{\"id\":\"22550\",\"image\":\"https:\\\/\\\/bobvarela.com\\\/wp-content\\\/flagallery\\\/pau-esteve-en-el-080-barcelona-fashion-fallwinter-2016-2017\\\/webview\\\/pau_esteve_045.jpg\",\"thumb\":\"https:\\\/\\\/bobvarela.com\\\/wp-content\\\/flagallery\\\/pau-esteve-en-el-080-barcelona-fashion-fallwinter-2016-2017\\\/thumbs\\\/thumbs_pau_esteve_045.jpg\",\"file\":\"pau_esteve_045.jpg\",\"meta\":{\"aperture\":false,\"credit\":false,\"camera\":false,\"caption\":\"Ready to Wear Fall\\\/Winter 2016-2017\",\"created_timestamp\":\"February 1, 2016 4:33 pm\",\"copyright\":\"\\u00c2\\u00a9 2016 Estrop-Barcelona PHOTOGRAPH FOR EDITORIAL USE ONLY\",\"focal_length\":false,\"iso\":false,\"shutter_speed\":false,\"flash\":false,\"title\":\"Ready to Wear Fall\\\/Winter 2016-2017\",\"keywords\":\"Fall\\\/Winter 2016-2017,Ready to Wear\",\"width\":667,\"height\":1000,\"saved\":true,\"thumbnail\":{\"width\":220,\"height\":220,\"ewww_image_optimizer\":\"Reduced by 10.7% (3.3&nbsp;kB)\"},\"webview\":{\"0\":667,\"1\":1000,\"2\":2,\"3\":\"width=\\\"667\\\" height=\\\"1000\\\"\",\"bits\":8,\"channels\":3,\"mime\":\"image\\\/jpeg\",\"ewww_image_optimizer\":\"Reduced by 7.2% (8.4&nbsp;kB) - Previously Optimized\"},\"0\":false,\"ewww_image_optimizer\":\"Reduced by 6.2% (9.9&nbsp;kB)\",\"views\":\"1\",\"likes\":\"0\"},\"title\":\"Ready to Wear Fall\\\/Winter 2016-2017\",\"description\":\"<p>Ready to Wear Fall\\\/Winter 2016-2017<\\\/p>\",\"link\":null,\"link_target\":\"\",\"download\":\"https:\\\/\\\/bobvarela.com\\\/wp-content\\\/flagallery\\\/pau-esteve-en-el-080-barcelona-fashion-fallwinter-2016-2017\\\/pau_esteve_045.jpg\",\"ratio\":0.6670000000000000373034936274052597582340240478515625},{\"id\":\"22551\",\"image\":\"https:\\\/\\\/bobvarela.com\\\/wp-content\\\/flagallery\\\/pau-esteve-en-el-080-barcelona-fashion-fallwinter-2016-2017\\\/webview\\\/pau_esteve_046.jpg\",\"thumb\":\"https:\\\/\\\/bobvarela.com\\\/wp-content\\\/flagallery\\\/pau-esteve-en-el-080-barcelona-fashion-fallwinter-2016-2017\\\/thumbs\\\/thumbs_pau_esteve_046.jpg\",\"file\":\"pau_esteve_046.jpg\",\"meta\":{\"aperture\":false,\"credit\":false,\"camera\":false,\"caption\":\"Ready to Wear Fall\\\/Winter 2016-2017\",\"created_timestamp\":\"February 1, 2016 4:33 pm\",\"copyright\":\"\\u00c2\\u00a9 2016 Estrop-Barcelona PHOTOGRAPH FOR EDITORIAL USE ONLY\",\"focal_length\":false,\"iso\":false,\"shutter_speed\":false,\"flash\":false,\"title\":\"Ready to Wear Fall\\\/Winter 2016-2017\",\"keywords\":\"Fall\\\/Winter 2016-2017,Ready to Wear\",\"width\":667,\"height\":1000,\"saved\":true,\"thumbnail\":{\"width\":220,\"height\":220,\"ewww_image_optimizer\":\"Reduced by 8.5% (3.2&nbsp;kB)\"},\"webview\":{\"0\":667,\"1\":1000,\"2\":2,\"3\":\"width=\\\"667\\\" height=\\\"1000\\\"\",\"bits\":8,\"channels\":3,\"mime\":\"image\\\/jpeg\",\"ewww_image_optimizer\":\"Reduced by 5.3% (6.6&nbsp;kB) - Previously Optimized\"},\"0\":false,\"ewww_image_optimizer\":\"Reduced by 3.3% (5.9&nbsp;kB)\",\"views\":\"1\",\"likes\":\"0\"},\"title\":\"Ready to Wear Fall\\\/Winter 2016-2017\",\"description\":\"<p>Ready to Wear Fall\\\/Winter 2016-2017<\\\/p>\",\"link\":null,\"link_target\":\"\",\"download\":\"https:\\\/\\\/bobvarela.com\\\/wp-content\\\/flagallery\\\/pau-esteve-en-el-080-barcelona-fashion-fallwinter-2016-2017\\\/pau_esteve_046.jpg\",\"ratio\":0.6670000000000000373034936274052597582340240478515625},{\"id\":\"22552\",\"image\":\"https:\\\/\\\/bobvarela.com\\\/wp-content\\\/flagallery\\\/pau-esteve-en-el-080-barcelona-fashion-fallwinter-2016-2017\\\/webview\\\/pau_esteve_047.jpg\",\"thumb\":\"https:\\\/\\\/bobvarela.com\\\/wp-content\\\/flagallery\\\/pau-esteve-en-el-080-barcelona-fashion-fallwinter-2016-2017\\\/thumbs\\\/thumbs_pau_esteve_047.jpg\",\"file\":\"pau_esteve_047.jpg\",\"meta\":{\"aperture\":false,\"credit\":false,\"camera\":false,\"caption\":\"Ready to Wear Fall\\\/Winter 2016-2017\",\"created_timestamp\":\"February 1, 2016 4:33 pm\",\"copyright\":\"\\u00c2\\u00a9 2016 Estrop-Barcelona PHOTOGRAPH FOR EDITORIAL USE ONLY\",\"focal_length\":false,\"iso\":false,\"shutter_speed\":false,\"flash\":false,\"title\":\"Ready to Wear Fall\\\/Winter 2016-2017\",\"keywords\":\"Fall\\\/Winter 2016-2017,Ready to Wear\",\"width\":667,\"height\":1000,\"saved\":true,\"thumbnail\":{\"width\":220,\"height\":220,\"ewww_image_optimizer\":\"Reduced by 9.5% (2.3&nbsp;kB)\"},\"webview\":{\"0\":667,\"1\":1000,\"2\":2,\"3\":\"width=\\\"667\\\" height=\\\"1000\\\"\",\"bits\":8,\"channels\":3,\"mime\":\"image\\\/jpeg\",\"ewww_image_optimizer\":\"Reduced by 5.4% (4.6&nbsp;kB) - Previously Optimized\"},\"0\":false,\"ewww_image_optimizer\":\"Reduced by 5.7% (9.0&nbsp;kB)\",\"views\":\"0\",\"likes\":\"0\"},\"title\":\"Ready to Wear Fall\\\/Winter 2016-2017\",\"description\":\"<p>Ready to Wear Fall\\\/Winter 2016-2017<\\\/p>\",\"link\":null,\"link_target\":\"\",\"download\":\"https:\\\/\\\/bobvarela.com\\\/wp-content\\\/flagallery\\\/pau-esteve-en-el-080-barcelona-fashion-fallwinter-2016-2017\\\/pau_esteve_047.jpg\",\"ratio\":0.6670000000000000373034936274052597582340240478515625},{\"id\":\"22553\",\"image\":\"https:\\\/\\\/bobvarela.com\\\/wp-content\\\/flagallery\\\/pau-esteve-en-el-080-barcelona-fashion-fallwinter-2016-2017\\\/webview\\\/pau_esteve_048.jpg\",\"thumb\":\"https:\\\/\\\/bobvarela.com\\\/wp-content\\\/flagallery\\\/pau-esteve-en-el-080-barcelona-fashion-fallwinter-2016-2017\\\/thumbs\\\/thumbs_pau_esteve_048.jpg\",\"file\":\"pau_esteve_048.jpg\",\"meta\":{\"aperture\":false,\"credit\":false,\"camera\":false,\"caption\":\"Ready to Wear Fall\\\/Winter 2016-2017\",\"created_timestamp\":\"February 1, 2016 4:33 pm\",\"copyright\":\"\\u00c2\\u00a9 2016 Estrop-Barcelona PHOTOGRAPH FOR EDITORIAL USE ONLY\",\"focal_length\":false,\"iso\":false,\"shutter_speed\":false,\"flash\":false,\"title\":\"Ready to Wear Fall\\\/Winter 2016-2017\",\"keywords\":\"Fall\\\/Winter 2016-2017,Ready to Wear\",\"width\":667,\"height\":1000,\"saved\":true,\"thumbnail\":{\"width\":220,\"height\":220,\"ewww_image_optimizer\":\"Reduced by 12.3% (3.5&nbsp;kB)\"},\"webview\":{\"0\":667,\"1\":1000,\"2\":2,\"3\":\"width=\\\"667\\\" height=\\\"1000\\\"\",\"bits\":8,\"channels\":3,\"mime\":\"image\\\/jpeg\",\"ewww_image_optimizer\":\"Reduced by 6.8% (6.0&nbsp;kB) - Previously Optimized\"},\"0\":false,\"ewww_image_optimizer\":\"Reduced by 6.9% (11.4&nbsp;kB)\",\"views\":\"0\",\"likes\":\"0\"},\"title\":\"Ready to Wear Fall\\\/Winter 2016-2017\",\"description\":\"<p>Ready to Wear Fall\\\/Winter 2016-2017<\\\/p>\",\"link\":null,\"link_target\":\"\",\"download\":\"https:\\\/\\\/bobvarela.com\\\/wp-content\\\/flagallery\\\/pau-esteve-en-el-080-barcelona-fashion-fallwinter-2016-2017\\\/pau_esteve_048.jpg\",\"ratio\":0.6670000000000000373034936274052597582340240478515625},{\"id\":\"22554\",\"image\":\"https:\\\/\\\/bobvarela.com\\\/wp-content\\\/flagallery\\\/pau-esteve-en-el-080-barcelona-fashion-fallwinter-2016-2017\\\/webview\\\/pau_esteve_049.jpg\",\"thumb\":\"https:\\\/\\\/bobvarela.com\\\/wp-content\\\/flagallery\\\/pau-esteve-en-el-080-barcelona-fashion-fallwinter-2016-2017\\\/thumbs\\\/thumbs_pau_esteve_049.jpg\",\"file\":\"pau_esteve_049.jpg\",\"meta\":{\"aperture\":false,\"credit\":false,\"camera\":false,\"caption\":\"Ready to Wear Fall\\\/Winter 2016-2017\",\"created_timestamp\":\"February 1, 2016 4:34 pm\",\"copyright\":\"\\u00c2\\u00a9 2016 Estrop-Barcelona PHOTOGRAPH FOR EDITORIAL USE ONLY\",\"focal_length\":false,\"iso\":false,\"shutter_speed\":false,\"flash\":false,\"title\":\"Ready to Wear Fall\\\/Winter 2016-2017\",\"keywords\":\"Fall\\\/Winter 2016-2017,Ready to Wear\",\"width\":667,\"height\":1000,\"saved\":true,\"thumbnail\":{\"width\":220,\"height\":220,\"ewww_image_optimizer\":\"Reduced by 10.3% (2.8&nbsp;kB)\"},\"webview\":{\"0\":667,\"1\":1000,\"2\":2,\"3\":\"width=\\\"667\\\" height=\\\"1000\\\"\",\"bits\":8,\"channels\":3,\"mime\":\"image\\\/jpeg\",\"ewww_image_optimizer\":\"Reduced by 4.7% (4.2&nbsp;kB) - Previously Optimized\"},\"0\":false,\"ewww_image_optimizer\":\"Reduced by 5.5% (9.2&nbsp;kB)\",\"views\":\"1\",\"likes\":\"0\"},\"title\":\"Ready to Wear Fall\\\/Winter 2016-2017\",\"description\":\"<p>Ready to Wear Fall\\\/Winter 2016-2017<\\\/p>\",\"link\":null,\"link_target\":\"\",\"download\":\"https:\\\/\\\/bobvarela.com\\\/wp-content\\\/flagallery\\\/pau-esteve-en-el-080-barcelona-fashion-fallwinter-2016-2017\\\/pau_esteve_049.jpg\",\"ratio\":0.6670000000000000373034936274052597582340240478515625},{\"id\":\"22555\",\"image\":\"https:\\\/\\\/bobvarela.com\\\/wp-content\\\/flagallery\\\/pau-esteve-en-el-080-barcelona-fashion-fallwinter-2016-2017\\\/webview\\\/pau_esteve_050.jpg\",\"thumb\":\"https:\\\/\\\/bobvarela.com\\\/wp-content\\\/flagallery\\\/pau-esteve-en-el-080-barcelona-fashion-fallwinter-2016-2017\\\/thumbs\\\/thumbs_pau_esteve_050.jpg\",\"file\":\"pau_esteve_050.jpg\",\"meta\":{\"aperture\":false,\"credit\":false,\"camera\":false,\"caption\":\"Ready to Wear Fall\\\/Winter 2016-2017\",\"created_timestamp\":\"February 1, 2016 4:34 pm\",\"copyright\":\"\\u00c2\\u00a9 2016 Estrop-Barcelona PHOTOGRAPH FOR EDITORIAL USE ONLY\",\"focal_length\":false,\"iso\":false,\"shutter_speed\":false,\"flash\":false,\"title\":\"Ready to Wear Fall\\\/Winter 2016-2017\",\"keywords\":\"Fall\\\/Winter 2016-2017,Ready to Wear\",\"width\":667,\"height\":1000,\"saved\":true,\"thumbnail\":{\"width\":220,\"height\":220,\"ewww_image_optimizer\":\"Reduced by 11.4% (3.5&nbsp;kB)\"},\"webview\":{\"0\":667,\"1\":1000,\"2\":2,\"3\":\"width=\\\"667\\\" height=\\\"1000\\\"\",\"bits\":8,\"channels\":3,\"mime\":\"image\\\/jpeg\",\"ewww_image_optimizer\":\"Reduced by 6.0% (5.6&nbsp;kB) - Previously Optimized\"},\"0\":false,\"ewww_image_optimizer\":\"Reduced by 7.0% (12.6&nbsp;kB)\",\"views\":\"0\",\"likes\":\"0\"},\"title\":\"Ready to Wear Fall\\\/Winter 2016-2017\",\"description\":\"<p>Ready to Wear Fall\\\/Winter 2016-2017<\\\/p>\",\"link\":null,\"link_target\":\"\",\"download\":\"https:\\\/\\\/bobvarela.com\\\/wp-content\\\/flagallery\\\/pau-esteve-en-el-080-barcelona-fashion-fallwinter-2016-2017\\\/pau_esteve_050.jpg\",\"ratio\":0.6670000000000000373034936274052597582340240478515625},{\"id\":\"22556\",\"image\":\"https:\\\/\\\/bobvarela.com\\\/wp-content\\\/flagallery\\\/pau-esteve-en-el-080-barcelona-fashion-fallwinter-2016-2017\\\/webview\\\/pau_esteve_051.jpg\",\"thumb\":\"https:\\\/\\\/bobvarela.com\\\/wp-content\\\/flagallery\\\/pau-esteve-en-el-080-barcelona-fashion-fallwinter-2016-2017\\\/thumbs\\\/thumbs_pau_esteve_051.jpg\",\"file\":\"pau_esteve_051.jpg\",\"meta\":{\"aperture\":false,\"credit\":false,\"camera\":false,\"caption\":\"Ready to Wear Fall\\\/Winter 2016-2017\",\"created_timestamp\":\"February 1, 2016 4:34 pm\",\"copyright\":\"\\u00c2\\u00a9 2016 Estrop-Barcelona PHOTOGRAPH FOR EDITORIAL USE ONLY\",\"focal_length\":false,\"iso\":false,\"shutter_speed\":false,\"flash\":false,\"title\":\"Ready to Wear Fall\\\/Winter 2016-2017\",\"keywords\":\"Fall\\\/Winter 2016-2017,Ready to Wear\",\"width\":667,\"height\":1000,\"saved\":true,\"thumbnail\":{\"width\":220,\"height\":220,\"ewww_image_optimizer\":\"Reduced by 6.9% (2.2&nbsp;kB)\"},\"webview\":{\"0\":667,\"1\":1000,\"2\":2,\"3\":\"width=\\\"667\\\" height=\\\"1000\\\"\",\"bits\":8,\"channels\":3,\"mime\":\"image\\\/jpeg\",\"ewww_image_optimizer\":\"Reduced by 8.3% (9.9&nbsp;kB) - Previously Optimized\"},\"0\":false,\"ewww_image_optimizer\":\"Reduced by 6.2% (9.7&nbsp;kB)\",\"views\":\"1\",\"likes\":\"0\"},\"title\":\"Ready to Wear Fall\\\/Winter 2016-2017\",\"description\":\"<p>Ready to Wear Fall\\\/Winter 2016-2017<\\\/p>\",\"link\":null,\"link_target\":\"\",\"download\":\"https:\\\/\\\/bobvarela.com\\\/wp-content\\\/flagallery\\\/pau-esteve-en-el-080-barcelona-fashion-fallwinter-2016-2017\\\/pau_esteve_051.jpg\",\"ratio\":0.6670000000000000373034936274052597582340240478515625},{\"id\":\"22557\",\"image\":\"https:\\\/\\\/bobvarela.com\\\/wp-content\\\/flagallery\\\/pau-esteve-en-el-080-barcelona-fashion-fallwinter-2016-2017\\\/webview\\\/pau_esteve_052.jpg\",\"thumb\":\"https:\\\/\\\/bobvarela.com\\\/wp-content\\\/flagallery\\\/pau-esteve-en-el-080-barcelona-fashion-fallwinter-2016-2017\\\/thumbs\\\/thumbs_pau_esteve_052.jpg\",\"file\":\"pau_esteve_052.jpg\",\"meta\":{\"aperture\":false,\"credit\":false,\"camera\":false,\"caption\":\"Ready to Wear Fall\\\/Winter 2016-2017\",\"created_timestamp\":\"February 1, 2016 4:34 pm\",\"copyright\":\"\\u00c2\\u00a9 2016 Estrop-Barcelona PHOTOGRAPH FOR EDITORIAL USE ONLY\",\"focal_length\":false,\"iso\":false,\"shutter_speed\":false,\"flash\":false,\"title\":\"Ready to Wear Fall\\\/Winter 2016-2017\",\"keywords\":\"Fall\\\/Winter 2016-2017,Ready to Wear\",\"width\":667,\"height\":1000,\"saved\":true,\"thumbnail\":{\"width\":220,\"height\":220,\"ewww_image_optimizer\":\"Reduced by 8.4% (2.4&nbsp;kB)\"},\"webview\":{\"0\":667,\"1\":1000,\"2\":2,\"3\":\"width=\\\"667\\\" height=\\\"1000\\\"\",\"bits\":8,\"channels\":3,\"mime\":\"image\\\/jpeg\",\"ewww_image_optimizer\":\"Reduced by 5.3% (5.2&nbsp;kB) - Previously Optimized\"},\"0\":false,\"ewww_image_optimizer\":\"Reduced by 5.3% (9.4&nbsp;kB)\",\"views\":\"0\",\"likes\":\"0\"},\"title\":\"Ready to Wear Fall\\\/Winter 2016-2017\",\"description\":\"<p>Ready to Wear Fall\\\/Winter 2016-2017<\\\/p>\",\"link\":null,\"link_target\":\"\",\"download\":\"https:\\\/\\\/bobvarela.com\\\/wp-content\\\/flagallery\\\/pau-esteve-en-el-080-barcelona-fashion-fallwinter-2016-2017\\\/pau_esteve_052.jpg\",\"ratio\":0.6670000000000000373034936274052597582340240478515625},{\"id\":\"22558\",\"image\":\"https:\\\/\\\/bobvarela.com\\\/wp-content\\\/flagallery\\\/pau-esteve-en-el-080-barcelona-fashion-fallwinter-2016-2017\\\/webview\\\/pau_esteve_053.jpg\",\"thumb\":\"https:\\\/\\\/bobvarela.com\\\/wp-content\\\/flagallery\\\/pau-esteve-en-el-080-barcelona-fashion-fallwinter-2016-2017\\\/thumbs\\\/thumbs_pau_esteve_053.jpg\",\"file\":\"pau_esteve_053.jpg\",\"meta\":{\"aperture\":false,\"credit\":false,\"camera\":false,\"caption\":\"Ready to Wear Fall\\\/Winter 2016-2017\",\"created_timestamp\":\"February 1, 2016 4:34 pm\",\"copyright\":\"\\u00c2\\u00a9 2016 Estrop-Barcelona PHOTOGRAPH FOR EDITORIAL USE ONLY\",\"focal_length\":false,\"iso\":false,\"shutter_speed\":false,\"flash\":false,\"title\":\"Ready to Wear Fall\\\/Winter 2016-2017\",\"keywords\":\"Fall\\\/Winter 2016-2017,Ready to Wear\",\"width\":667,\"height\":1000,\"saved\":true,\"thumbnail\":{\"width\":220,\"height\":220,\"ewww_image_optimizer\":\"Reduced by 11.0% (3.6&nbsp;kB)\"},\"webview\":{\"0\":667,\"1\":1000,\"2\":2,\"3\":\"width=\\\"667\\\" height=\\\"1000\\\"\",\"bits\":8,\"channels\":3,\"mime\":\"image\\\/jpeg\",\"ewww_image_optimizer\":\"Reduced by 6.5% (7.1&nbsp;kB) - Previously Optimized\"},\"0\":false,\"ewww_image_optimizer\":\"Reduced by 6.1% (12.0&nbsp;kB)\",\"views\":\"0\",\"likes\":\"0\"},\"title\":\"Ready to Wear Fall\\\/Winter 2016-2017\",\"description\":\"<p>Ready to Wear Fall\\\/Winter 2016-2017<\\\/p>\",\"link\":null,\"link_target\":\"\",\"download\":\"https:\\\/\\\/bobvarela.com\\\/wp-content\\\/flagallery\\\/pau-esteve-en-el-080-barcelona-fashion-fallwinter-2016-2017\\\/pau_esteve_053.jpg\",\"ratio\":0.6670000000000000373034936274052597582340240478515625},{\"id\":\"22559\",\"image\":\"https:\\\/\\\/bobvarela.com\\\/wp-content\\\/flagallery\\\/pau-esteve-en-el-080-barcelona-fashion-fallwinter-2016-2017\\\/webview\\\/pau_esteve_054.jpg\",\"thumb\":\"https:\\\/\\\/bobvarela.com\\\/wp-content\\\/flagallery\\\/pau-esteve-en-el-080-barcelona-fashion-fallwinter-2016-2017\\\/thumbs\\\/thumbs_pau_esteve_054.jpg\",\"file\":\"pau_esteve_054.jpg\",\"meta\":{\"aperture\":false,\"credit\":false,\"camera\":false,\"caption\":\"Ready to Wear Fall\\\/Winter 2016-2017\",\"created_timestamp\":\"February 1, 2016 4:34 pm\",\"copyright\":\"\\u00c2\\u00a9 2016 Estrop-Barcelona PHOTOGRAPH FOR EDITORIAL USE ONLY\",\"focal_length\":false,\"iso\":false,\"shutter_speed\":false,\"flash\":false,\"title\":\"Ready to Wear Fall\\\/Winter 2016-2017\",\"keywords\":\"Fall\\\/Winter 2016-2017,Ready to Wear\",\"width\":667,\"height\":1000,\"saved\":true,\"thumbnail\":{\"width\":220,\"height\":220,\"ewww_image_optimizer\":\"Reduced by 8.2% (1.7&nbsp;kB)\"},\"webview\":{\"0\":667,\"1\":1000,\"2\":2,\"3\":\"width=\\\"667\\\" height=\\\"1000\\\"\",\"bits\":8,\"channels\":3,\"mime\":\"image\\\/jpeg\",\"ewww_image_optimizer\":\"Reduced by 5.7% (4.0&nbsp;kB) - Previously Optimized\"},\"0\":false,\"ewww_image_optimizer\":\"Reduced by 5.6% (7.6&nbsp;kB)\",\"views\":\"2\",\"likes\":\"0\"},\"title\":\"Ready to Wear Fall\\\/Winter 2016-2017\",\"description\":\"<p>Ready to Wear Fall\\\/Winter 2016-2017<\\\/p>\",\"link\":null,\"link_target\":\"\",\"download\":\"https:\\\/\\\/bobvarela.com\\\/wp-content\\\/flagallery\\\/pau-esteve-en-el-080-barcelona-fashion-fallwinter-2016-2017\\\/pau_esteve_054.jpg\",\"ratio\":0.6670000000000000373034936274052597582340240478515625},{\"id\":\"22560\",\"image\":\"https:\\\/\\\/bobvarela.com\\\/wp-content\\\/flagallery\\\/pau-esteve-en-el-080-barcelona-fashion-fallwinter-2016-2017\\\/webview\\\/pau_esteve_055.jpg\",\"thumb\":\"https:\\\/\\\/bobvarela.com\\\/wp-content\\\/flagallery\\\/pau-esteve-en-el-080-barcelona-fashion-fallwinter-2016-2017\\\/thumbs\\\/thumbs_pau_esteve_055.jpg\",\"file\":\"pau_esteve_055.jpg\",\"meta\":{\"aperture\":false,\"credit\":false,\"camera\":false,\"caption\":\"Ready to Wear Fall\\\/Winter 2016-2017\",\"created_timestamp\":\"February 1, 2016 4:34 pm\",\"copyright\":\"\\u00c2\\u00a9 2016 Estrop-Barcelona PHOTOGRAPH FOR EDITORIAL USE ONLY\",\"focal_length\":false,\"iso\":false,\"shutter_speed\":false,\"flash\":false,\"title\":\"Ready to Wear Fall\\\/Winter 2016-2017\",\"keywords\":\"Fall\\\/Winter 2016-2017,Ready to Wear\",\"width\":667,\"height\":1000,\"saved\":true,\"thumbnail\":{\"width\":220,\"height\":220,\"ewww_image_optimizer\":\"Reduced by 8.2% (2.0&nbsp;kB)\"},\"webview\":{\"0\":667,\"1\":1000,\"2\":2,\"3\":\"width=\\\"667\\\" height=\\\"1000\\\"\",\"bits\":8,\"channels\":3,\"mime\":\"image\\\/jpeg\",\"ewww_image_optimizer\":\"Reduced by 6.6% (4.5&nbsp;kB) - Previously Optimized\"},\"0\":false,\"ewww_image_optimizer\":\"Reduced by 5.9% (8.1&nbsp;kB)\",\"views\":\"0\",\"likes\":\"0\"},\"title\":\"Ready to Wear Fall\\\/Winter 2016-2017\",\"description\":\"<p>Ready to Wear Fall\\\/Winter 2016-2017<\\\/p>\",\"link\":null,\"link_target\":\"\",\"download\":\"https:\\\/\\\/bobvarela.com\\\/wp-content\\\/flagallery\\\/pau-esteve-en-el-080-barcelona-fashion-fallwinter-2016-2017\\\/pau_esteve_055.jpg\",\"ratio\":0.6670000000000000373034936274052597582340240478515625},{\"id\":\"22561\",\"image\":\"https:\\\/\\\/bobvarela.com\\\/wp-content\\\/flagallery\\\/pau-esteve-en-el-080-barcelona-fashion-fallwinter-2016-2017\\\/webview\\\/pau_esteve_056.jpg\",\"thumb\":\"https:\\\/\\\/bobvarela.com\\\/wp-content\\\/flagallery\\\/pau-esteve-en-el-080-barcelona-fashion-fallwinter-2016-2017\\\/thumbs\\\/thumbs_pau_esteve_056.jpg\",\"file\":\"pau_esteve_056.jpg\",\"meta\":{\"aperture\":false,\"credit\":false,\"camera\":false,\"caption\":\"Ready to Wear Fall\\\/Winter 2016-2017\",\"created_timestamp\":\"February 1, 2016 4:34 pm\",\"copyright\":\"\\u00c2\\u00a9 2016 Estrop-Barcelona PHOTOGRAPH FOR EDITORIAL USE ONLY\",\"focal_length\":false,\"iso\":false,\"shutter_speed\":false,\"flash\":false,\"title\":\"Ready to Wear Fall\\\/Winter 2016-2017\",\"keywords\":\"Fall\\\/Winter 2016-2017,Ready to Wear\",\"width\":667,\"height\":1000,\"saved\":true,\"thumbnail\":{\"width\":220,\"height\":220,\"ewww_image_optimizer\":\"Reduced by 8.6% (2.0&nbsp;kB)\"},\"webview\":{\"0\":667,\"1\":1000,\"2\":2,\"3\":\"width=\\\"667\\\" height=\\\"1000\\\"\",\"bits\":8,\"channels\":3,\"mime\":\"image\\\/jpeg\",\"ewww_image_optimizer\":\"Reduced by 5.9% (4.4&nbsp;kB) - Previously Optimized\"},\"0\":false,\"ewww_image_optimizer\":\"Reduced by 5.9% (8.4&nbsp;kB)\",\"views\":\"1\",\"likes\":\"0\"},\"title\":\"Ready to Wear Fall\\\/Winter 2016-2017\",\"description\":\"<p>Ready to Wear Fall\\\/Winter 2016-2017<\\\/p>\",\"link\":null,\"link_target\":\"\",\"download\":\"https:\\\/\\\/bobvarela.com\\\/wp-content\\\/flagallery\\\/pau-esteve-en-el-080-barcelona-fashion-fallwinter-2016-2017\\\/pau_esteve_056.jpg\",\"ratio\":0.6670000000000000373034936274052597582340240478515625},{\"id\":\"22562\",\"image\":\"https:\\\/\\\/bobvarela.com\\\/wp-content\\\/flagallery\\\/pau-esteve-en-el-080-barcelona-fashion-fallwinter-2016-2017\\\/webview\\\/pau_esteve_057.jpg\",\"thumb\":\"https:\\\/\\\/bobvarela.com\\\/wp-content\\\/flagallery\\\/pau-esteve-en-el-080-barcelona-fashion-fallwinter-2016-2017\\\/thumbs\\\/thumbs_pau_esteve_057.jpg\",\"file\":\"pau_esteve_057.jpg\",\"meta\":{\"aperture\":false,\"credit\":false,\"camera\":false,\"caption\":\"Ready to Wear Fall\\\/Winter 2016-2017\",\"created_timestamp\":\"February 1, 2016 4:34 pm\",\"copyright\":\"\\u00c2\\u00a9 2016 Estrop-Barcelona PHOTOGRAPH FOR EDITORIAL USE ONLY\",\"focal_length\":false,\"iso\":false,\"shutter_speed\":false,\"flash\":false,\"title\":\"Ready to Wear Fall\\\/Winter 2016-2017\",\"keywords\":\"Fall\\\/Winter 2016-2017,Ready to Wear\",\"width\":667,\"height\":1000,\"saved\":true,\"thumbnail\":{\"width\":220,\"height\":220,\"ewww_image_optimizer\":\"Reduced by 9.3% (2.5&nbsp;kB)\"},\"webview\":{\"0\":667,\"1\":1000,\"2\":2,\"3\":\"width=\\\"667\\\" height=\\\"1000\\\"\",\"bits\":8,\"channels\":3,\"mime\":\"image\\\/jpeg\",\"ewww_image_optimizer\":\"Reduced by 5.2% (4.1&nbsp;kB) - Previously Optimized\"},\"0\":false,\"ewww_image_optimizer\":\"Reduced by 5.4% (8.4&nbsp;kB)\",\"views\":\"2\",\"likes\":\"0\"},\"title\":\"Ready to Wear Fall\\\/Winter 2016-2017\",\"description\":\"<p>Ready to Wear Fall\\\/Winter 2016-2017<\\\/p>\",\"link\":null,\"link_target\":\"\",\"download\":\"https:\\\/\\\/bobvarela.com\\\/wp-content\\\/flagallery\\\/pau-esteve-en-el-080-barcelona-fashion-fallwinter-2016-2017\\\/pau_esteve_057.jpg\",\"ratio\":0.6670000000000000373034936274052597582340240478515625},{\"id\":\"22563\",\"image\":\"https:\\\/\\\/bobvarela.com\\\/wp-content\\\/flagallery\\\/pau-esteve-en-el-080-barcelona-fashion-fallwinter-2016-2017\\\/webview\\\/pau_esteve_058.jpg\",\"thumb\":\"https:\\\/\\\/bobvarela.com\\\/wp-content\\\/flagallery\\\/pau-esteve-en-el-080-barcelona-fashion-fallwinter-2016-2017\\\/thumbs\\\/thumbs_pau_esteve_058.jpg\",\"file\":\"pau_esteve_058.jpg\",\"meta\":{\"aperture\":false,\"credit\":false,\"camera\":false,\"caption\":\"Ready to Wear Fall\\\/Winter 2016-2017\",\"created_timestamp\":\"February 1, 2016 4:35 pm\",\"copyright\":\"\\u00c2\\u00a9 2016 Estrop-Barcelona PHOTOGRAPH FOR EDITORIAL USE ONLY\",\"focal_length\":false,\"iso\":false,\"shutter_speed\":false,\"flash\":false,\"title\":\"Ready to Wear Fall\\\/Winter 2016-2017\",\"keywords\":\"Fall\\\/Winter 2016-2017,Ready to Wear\",\"width\":667,\"height\":1000,\"saved\":true,\"thumbnail\":{\"width\":220,\"height\":220,\"ewww_image_optimizer\":\"Reduced by 9.3% (2.4&nbsp;kB)\"},\"webview\":{\"0\":667,\"1\":1000,\"2\":2,\"3\":\"width=\\\"667\\\" height=\\\"1000\\\"\",\"bits\":8,\"channels\":3,\"mime\":\"image\\\/jpeg\",\"ewww_image_optimizer\":\"Reduced by 4.7% (4.0&nbsp;kB) - Previously Optimized\"},\"0\":false,\"ewww_image_optimizer\":\"Reduced by 5.6% (8.9&nbsp;kB)\",\"views\":\"0\",\"likes\":\"0\"},\"title\":\"Ready to Wear Fall\\\/Winter 2016-2017\",\"description\":\"<p>Ready to Wear Fall\\\/Winter 2016-2017<\\\/p>\",\"link\":null,\"link_target\":\"\",\"download\":\"https:\\\/\\\/bobvarela.com\\\/wp-content\\\/flagallery\\\/pau-esteve-en-el-080-barcelona-fashion-fallwinter-2016-2017\\\/pau_esteve_058.jpg\",\"ratio\":0.6670000000000000373034936274052597582340240478515625},{\"id\":\"22564\",\"image\":\"https:\\\/\\\/bobvarela.com\\\/wp-content\\\/flagallery\\\/pau-esteve-en-el-080-barcelona-fashion-fallwinter-2016-2017\\\/webview\\\/pau_esteve_059.jpg\",\"thumb\":\"https:\\\/\\\/bobvarela.com\\\/wp-content\\\/flagallery\\\/pau-esteve-en-el-080-barcelona-fashion-fallwinter-2016-2017\\\/thumbs\\\/thumbs_pau_esteve_059.jpg\",\"file\":\"pau_esteve_059.jpg\",\"meta\":{\"aperture\":false,\"credit\":false,\"camera\":false,\"caption\":\"Ready to Wear Fall\\\/Winter 2016-2017\",\"created_timestamp\":\"February 1, 2016 4:35 pm\",\"copyright\":\"\\u00c2\\u00a9 2016 Estrop-Barcelona PHOTOGRAPH FOR EDITORIAL USE ONLY\",\"focal_length\":false,\"iso\":false,\"shutter_speed\":false,\"flash\":false,\"title\":\"Ready to Wear Fall\\\/Winter 2016-2017\",\"keywords\":\"Fall\\\/Winter 2016-2017,Ready to Wear\",\"width\":667,\"height\":1000,\"saved\":true,\"thumbnail\":{\"width\":220,\"height\":220,\"ewww_image_optimizer\":\"Reduced by 9.5% (2.5&nbsp;kB)\"},\"webview\":{\"0\":667,\"1\":1000,\"2\":2,\"3\":\"width=\\\"667\\\" height=\\\"1000\\\"\",\"bits\":8,\"channels\":3,\"mime\":\"image\\\/jpeg\",\"ewww_image_optimizer\":\"Reduced by 6.0% (5.0&nbsp;kB) - Previously Optimized\"},\"0\":false,\"ewww_image_optimizer\":\"Reduced by 7.2% (12.1&nbsp;kB)\",\"views\":\"0\",\"likes\":\"0\"},\"title\":\"Ready to Wear Fall\\\/Winter 2016-2017\",\"description\":\"<p>Ready to Wear Fall\\\/Winter 2016-2017<\\\/p>\",\"link\":null,\"link_target\":\"\",\"download\":\"https:\\\/\\\/bobvarela.com\\\/wp-content\\\/flagallery\\\/pau-esteve-en-el-080-barcelona-fashion-fallwinter-2016-2017\\\/pau_esteve_059.jpg\",\"ratio\":0.6670000000000000373034936274052597582340240478515625},{\"id\":\"22565\",\"image\":\"https:\\\/\\\/bobvarela.com\\\/wp-content\\\/flagallery\\\/pau-esteve-en-el-080-barcelona-fashion-fallwinter-2016-2017\\\/webview\\\/pau_esteve_060.jpg\",\"thumb\":\"https:\\\/\\\/bobvarela.com\\\/wp-content\\\/flagallery\\\/pau-esteve-en-el-080-barcelona-fashion-fallwinter-2016-2017\\\/thumbs\\\/thumbs_pau_esteve_060.jpg\",\"file\":\"pau_esteve_060.jpg\",\"meta\":{\"aperture\":false,\"credit\":false,\"camera\":false,\"caption\":\"Ready to Wear Fall\\\/Winter 2016-2017\",\"created_timestamp\":\"February 1, 2016 4:35 pm\",\"copyright\":\"\\u00c2\\u00a9 2016 Estrop-Barcelona PHOTOGRAPH FOR EDITORIAL USE ONLY\",\"focal_length\":false,\"iso\":false,\"shutter_speed\":false,\"flash\":false,\"title\":\"Ready to Wear Fall\\\/Winter 2016-2017\",\"keywords\":\"Fall\\\/Winter 2016-2017,Ready to Wear\",\"width\":667,\"height\":1000,\"saved\":true,\"thumbnail\":{\"width\":220,\"height\":220,\"ewww_image_optimizer\":\"Reduced by 12.9% (5.3&nbsp;kB)\"},\"webview\":{\"0\":667,\"1\":1000,\"2\":2,\"3\":\"width=\\\"667\\\" height=\\\"1000\\\"\",\"bits\":8,\"channels\":3,\"mime\":\"image\\\/jpeg\",\"ewww_image_optimizer\":\"Reduced by 4.9% (6.4&nbsp;kB) - Previously Optimized\"},\"0\":false,\"ewww_image_optimizer\":\"Reduced by 5.4% (8.7&nbsp;kB)\",\"views\":\"2\",\"likes\":\"0\"},\"title\":\"Ready to Wear Fall\\\/Winter 2016-2017\",\"description\":\"<p>Ready to Wear Fall\\\/Winter 2016-2017<\\\/p>\",\"link\":null,\"link_target\":\"\",\"download\":\"https:\\\/\\\/bobvarela.com\\\/wp-content\\\/flagallery\\\/pau-esteve-en-el-080-barcelona-fashion-fallwinter-2016-2017\\\/pau_esteve_060.jpg\",\"ratio\":0.6670000000000000373034936274052597582340240478515625}]}; var container = $('#FlaGallery_sc1_318'); container.photomania(settings, content); window.FlaGallery_sc1_318 = container.data('photomania'); }); <\/script><\/div><noscript id=\"noscript_FlaGallery_sc1_318\"><img class=\"skip-lazy no-lazyload noLazy\" data-lazy-src=\"\" src =\"https:\/\/bobvarela.com\/wp-content\/flagallery\/pau-esteve-en-el-080-barcelona-fashion-fallwinter-2016-2017\/pau_esteve_001.jpg\" alt=\"Ready to Wear Fall\/Winter 2016-2017\" \/><img class=\"skip-lazy no-lazyload noLazy\" data-lazy-src=\"\" src =\"https:\/\/bobvarela.com\/wp-content\/flagallery\/pau-esteve-en-el-080-barcelona-fashion-fallwinter-2016-2017\/pau_esteve_002.jpg\" alt=\"Ready to Wear Fall\/Winter 2016-2017\" \/><img class=\"skip-lazy no-lazyload noLazy\" data-lazy-src=\"\" src =\"https:\/\/bobvarela.com\/wp-content\/flagallery\/pau-esteve-en-el-080-barcelona-fashion-fallwinter-2016-2017\/pau_esteve_003.jpg\" alt=\"Ready to Wear Fall\/Winter 2016-2017\" \/><img class=\"skip-lazy no-lazyload noLazy\" data-lazy-src=\"\" src =\"https:\/\/bobvarela.com\/wp-content\/flagallery\/pau-esteve-en-el-080-barcelona-fashion-fallwinter-2016-2017\/pau_esteve_004.jpg\" alt=\"Ready to Wear Fall\/Winter 2016-2017\" \/><img class=\"skip-lazy no-lazyload noLazy\" data-lazy-src=\"\" src =\"https:\/\/bobvarela.com\/wp-content\/flagallery\/pau-esteve-en-el-080-barcelona-fashion-fallwinter-2016-2017\/pau_esteve_005.jpg\" alt=\"Ready to Wear Fall\/Winter 2016-2017\" \/><img class=\"skip-lazy no-lazyload noLazy\" data-lazy-src=\"\" src =\"https:\/\/bobvarela.com\/wp-content\/flagallery\/pau-esteve-en-el-080-barcelona-fashion-fallwinter-2016-2017\/pau_esteve_006.jpg\" alt=\"Ready to Wear Fall\/Winter 2016-2017\" \/><img class=\"skip-lazy no-lazyload noLazy\" data-lazy-src=\"\" src =\"https:\/\/bobvarela.com\/wp-content\/flagallery\/pau-esteve-en-el-080-barcelona-fashion-fallwinter-2016-2017\/pau_esteve_007.jpg\" alt=\"Ready to Wear Fall\/Winter 2016-2017\" \/><img class=\"skip-lazy no-lazyload noLazy\" data-lazy-src=\"\" src =\"https:\/\/bobvarela.com\/wp-content\/flagallery\/pau-esteve-en-el-080-barcelona-fashion-fallwinter-2016-2017\/pau_esteve_008.jpg\" alt=\"Ready to Wear Fall\/Winter 2016-2017\" \/><img class=\"skip-lazy no-lazyload noLazy\" data-lazy-src=\"\" src =\"https:\/\/bobvarela.com\/wp-content\/flagallery\/pau-esteve-en-el-080-barcelona-fashion-fallwinter-2016-2017\/pau_esteve_009.jpg\" alt=\"Ready to Wear Fall\/Winter 2016-2017\" \/><img class=\"skip-lazy no-lazyload noLazy\" data-lazy-src=\"\" src =\"https:\/\/bobvarela.com\/wp-content\/flagallery\/pau-esteve-en-el-080-barcelona-fashion-fallwinter-2016-2017\/pau_esteve_010.jpg\" alt=\"Ready to Wear Fall\/Winter 2016-2017\" \/><img class=\"skip-lazy no-lazyload noLazy\" data-lazy-src=\"\" src =\"https:\/\/bobvarela.com\/wp-content\/flagallery\/pau-esteve-en-el-080-barcelona-fashion-fallwinter-2016-2017\/pau_esteve_011.jpg\" alt=\"Ready to Wear Fall\/Winter 2016-2017\" \/><img class=\"skip-lazy no-lazyload noLazy\" data-lazy-src=\"\" src =\"https:\/\/bobvarela.com\/wp-content\/flagallery\/pau-esteve-en-el-080-barcelona-fashion-fallwinter-2016-2017\/pau_esteve_012.jpg\" alt=\"Ready to Wear Fall\/Winter 2016-2017\" \/><img class=\"skip-lazy no-lazyload noLazy\" data-lazy-src=\"\" src =\"https:\/\/bobvarela.com\/wp-content\/flagallery\/pau-esteve-en-el-080-barcelona-fashion-fallwinter-2016-2017\/pau_esteve_013.jpg\" alt=\"Ready to Wear Fall\/Winter 2016-2017\" \/><img class=\"skip-lazy no-lazyload noLazy\" data-lazy-src=\"\" src =\"https:\/\/bobvarela.com\/wp-content\/flagallery\/pau-esteve-en-el-080-barcelona-fashion-fallwinter-2016-2017\/pau_esteve_014.jpg\" alt=\"Ready to Wear Fall\/Winter 2016-2017\" \/><img class=\"skip-lazy no-lazyload noLazy\" data-lazy-src=\"\" src =\"https:\/\/bobvarela.com\/wp-content\/flagallery\/pau-esteve-en-el-080-barcelona-fashion-fallwinter-2016-2017\/pau_esteve_015.jpg\" alt=\"Ready to Wear Fall\/Winter 2016-2017\" \/><img class=\"skip-lazy no-lazyload noLazy\" data-lazy-src=\"\" src =\"https:\/\/bobvarela.com\/wp-content\/flagallery\/pau-esteve-en-el-080-barcelona-fashion-fallwinter-2016-2017\/pau_esteve_016.jpg\" alt=\"Ready to Wear Fall\/Winter 2016-2017\" \/><img class=\"skip-lazy no-lazyload noLazy\" data-lazy-src=\"\" src =\"https:\/\/bobvarela.com\/wp-content\/flagallery\/pau-esteve-en-el-080-barcelona-fashion-fallwinter-2016-2017\/pau_esteve_017.jpg\" alt=\"Ready to Wear Fall\/Winter 2016-2017\" \/><img class=\"skip-lazy no-lazyload noLazy\" data-lazy-src=\"\" src =\"https:\/\/bobvarela.com\/wp-content\/flagallery\/pau-esteve-en-el-080-barcelona-fashion-fallwinter-2016-2017\/pau_esteve_018.jpg\" alt=\"Ready to Wear Fall\/Winter 2016-2017\" \/><img class=\"skip-lazy no-lazyload noLazy\" data-lazy-src=\"\" src =\"https:\/\/bobvarela.com\/wp-content\/flagallery\/pau-esteve-en-el-080-barcelona-fashion-fallwinter-2016-2017\/pau_esteve_019.jpg\" alt=\"Ready to Wear Fall\/Winter 2016-2017\" \/><img class=\"skip-lazy no-lazyload noLazy\" data-lazy-src=\"\" src =\"https:\/\/bobvarela.com\/wp-content\/flagallery\/pau-esteve-en-el-080-barcelona-fashion-fallwinter-2016-2017\/pau_esteve_020.jpg\" alt=\"Ready to Wear Fall\/Winter 2016-2017\" \/><img class=\"skip-lazy no-lazyload noLazy\" data-lazy-src=\"\" src =\"https:\/\/bobvarela.com\/wp-content\/flagallery\/pau-esteve-en-el-080-barcelona-fashion-fallwinter-2016-2017\/pau_esteve_021.jpg\" alt=\"Ready to Wear Fall\/Winter 2016-2017\" \/><img class=\"skip-lazy no-lazyload noLazy\" data-lazy-src=\"\" src =\"https:\/\/bobvarela.com\/wp-content\/flagallery\/pau-esteve-en-el-080-barcelona-fashion-fallwinter-2016-2017\/pau_esteve_022.jpg\" alt=\"Ready to Wear Fall\/Winter 2016-2017\" \/><img class=\"skip-lazy no-lazyload noLazy\" data-lazy-src=\"\" src =\"https:\/\/bobvarela.com\/wp-content\/flagallery\/pau-esteve-en-el-080-barcelona-fashion-fallwinter-2016-2017\/pau_esteve_023.jpg\" alt=\"Ready to Wear Fall\/Winter 2016-2017\" \/><img class=\"skip-lazy no-lazyload noLazy\" data-lazy-src=\"\" src =\"https:\/\/bobvarela.com\/wp-content\/flagallery\/pau-esteve-en-el-080-barcelona-fashion-fallwinter-2016-2017\/pau_esteve_024.jpg\" alt=\"Ready to Wear Fall\/Winter 2016-2017\" \/><img class=\"skip-lazy no-lazyload noLazy\" data-lazy-src=\"\" src =\"https:\/\/bobvarela.com\/wp-content\/flagallery\/pau-esteve-en-el-080-barcelona-fashion-fallwinter-2016-2017\/pau_esteve_025.jpg\" alt=\"Ready to Wear Fall\/Winter 2016-2017\" \/><img class=\"skip-lazy no-lazyload noLazy\" data-lazy-src=\"\" src =\"https:\/\/bobvarela.com\/wp-content\/flagallery\/pau-esteve-en-el-080-barcelona-fashion-fallwinter-2016-2017\/pau_esteve_026.jpg\" alt=\"Ready to Wear Fall\/Winter 2016-2017\" \/><img class=\"skip-lazy no-lazyload noLazy\" data-lazy-src=\"\" src =\"https:\/\/bobvarela.com\/wp-content\/flagallery\/pau-esteve-en-el-080-barcelona-fashion-fallwinter-2016-2017\/pau_esteve_027.jpg\" alt=\"Ready to Wear Fall\/Winter 2016-2017\" \/><img class=\"skip-lazy no-lazyload noLazy\" data-lazy-src=\"\" src =\"https:\/\/bobvarela.com\/wp-content\/flagallery\/pau-esteve-en-el-080-barcelona-fashion-fallwinter-2016-2017\/pau_esteve_028.jpg\" alt=\"Ready to Wear Fall\/Winter 2016-2017\" \/><img class=\"skip-lazy no-lazyload noLazy\" data-lazy-src=\"\" src =\"https:\/\/bobvarela.com\/wp-content\/flagallery\/pau-esteve-en-el-080-barcelona-fashion-fallwinter-2016-2017\/pau_esteve_029.jpg\" alt=\"Ready to Wear Fall\/Winter 2016-2017\" \/><img class=\"skip-lazy no-lazyload noLazy\" data-lazy-src=\"\" src =\"https:\/\/bobvarela.com\/wp-content\/flagallery\/pau-esteve-en-el-080-barcelona-fashion-fallwinter-2016-2017\/pau_esteve_030.jpg\" alt=\"Ready to Wear Fall\/Winter 2016-2017\" \/><img class=\"skip-lazy no-lazyload noLazy\" data-lazy-src=\"\" src =\"https:\/\/bobvarela.com\/wp-content\/flagallery\/pau-esteve-en-el-080-barcelona-fashion-fallwinter-2016-2017\/pau_esteve_031.jpg\" alt=\"Ready to Wear Fall\/Winter 2016-2017\" \/><img class=\"skip-lazy no-lazyload noLazy\" data-lazy-src=\"\" src =\"https:\/\/bobvarela.com\/wp-content\/flagallery\/pau-esteve-en-el-080-barcelona-fashion-fallwinter-2016-2017\/pau_esteve_032.jpg\" alt=\"Ready to Wear Fall\/Winter 2016-2017\" \/><img class=\"skip-lazy no-lazyload noLazy\" data-lazy-src=\"\" src =\"https:\/\/bobvarela.com\/wp-content\/flagallery\/pau-esteve-en-el-080-barcelona-fashion-fallwinter-2016-2017\/pau_esteve_033.jpg\" alt=\"Ready to Wear Fall\/Winter 2016-2017\" \/><img class=\"skip-lazy no-lazyload noLazy\" data-lazy-src=\"\" src =\"https:\/\/bobvarela.com\/wp-content\/flagallery\/pau-esteve-en-el-080-barcelona-fashion-fallwinter-2016-2017\/pau_esteve_034.jpg\" alt=\"Ready to Wear Fall\/Winter 2016-2017\" \/><img class=\"skip-lazy no-lazyload noLazy\" data-lazy-src=\"\" src =\"https:\/\/bobvarela.com\/wp-content\/flagallery\/pau-esteve-en-el-080-barcelona-fashion-fallwinter-2016-2017\/pau_esteve_035.jpg\" alt=\"Ready to Wear Fall\/Winter 2016-2017\" \/><img class=\"skip-lazy no-lazyload noLazy\" data-lazy-src=\"\" src =\"https:\/\/bobvarela.com\/wp-content\/flagallery\/pau-esteve-en-el-080-barcelona-fashion-fallwinter-2016-2017\/pau_esteve_036.jpg\" alt=\"Ready to Wear Fall\/Winter 2016-2017\" \/><img class=\"skip-lazy no-lazyload noLazy\" data-lazy-src=\"\" src =\"https:\/\/bobvarela.com\/wp-content\/flagallery\/pau-esteve-en-el-080-barcelona-fashion-fallwinter-2016-2017\/pau_esteve_037.jpg\" alt=\"Ready to Wear Fall\/Winter 2016-2017\" \/><img class=\"skip-lazy no-lazyload noLazy\" data-lazy-src=\"\" src =\"https:\/\/bobvarela.com\/wp-content\/flagallery\/pau-esteve-en-el-080-barcelona-fashion-fallwinter-2016-2017\/pau_esteve_038.jpg\" alt=\"Ready to Wear Fall\/Winter 2016-2017\" \/><img class=\"skip-lazy no-lazyload noLazy\" data-lazy-src=\"\" src =\"https:\/\/bobvarela.com\/wp-content\/flagallery\/pau-esteve-en-el-080-barcelona-fashion-fallwinter-2016-2017\/pau_esteve_039.jpg\" alt=\"Ready to Wear Fall\/Winter 2016-2017\" \/><img class=\"skip-lazy no-lazyload noLazy\" data-lazy-src=\"\" src =\"https:\/\/bobvarela.com\/wp-content\/flagallery\/pau-esteve-en-el-080-barcelona-fashion-fallwinter-2016-2017\/pau_esteve_040.jpg\" alt=\"Ready to Wear Fall\/Winter 2016-2017\" \/><img class=\"skip-lazy no-lazyload noLazy\" data-lazy-src=\"\" src =\"https:\/\/bobvarela.com\/wp-content\/flagallery\/pau-esteve-en-el-080-barcelona-fashion-fallwinter-2016-2017\/pau_esteve_041.jpg\" alt=\"Ready to Wear Fall\/Winter 2016-2017\" \/><img class=\"skip-lazy no-lazyload noLazy\" data-lazy-src=\"\" src =\"https:\/\/bobvarela.com\/wp-content\/flagallery\/pau-esteve-en-el-080-barcelona-fashion-fallwinter-2016-2017\/pau_esteve_042.jpg\" alt=\"Ready to Wear Fall\/Winter 2016-2017\" \/><img class=\"skip-lazy no-lazyload noLazy\" data-lazy-src=\"\" src =\"https:\/\/bobvarela.com\/wp-content\/flagallery\/pau-esteve-en-el-080-barcelona-fashion-fallwinter-2016-2017\/pau_esteve_043.jpg\" alt=\"Ready to Wear Fall\/Winter 2016-2017\" \/><img class=\"skip-lazy no-lazyload noLazy\" data-lazy-src=\"\" src =\"https:\/\/bobvarela.com\/wp-content\/flagallery\/pau-esteve-en-el-080-barcelona-fashion-fallwinter-2016-2017\/pau_esteve_044.jpg\" alt=\"Ready to Wear Fall\/Winter 2016-2017\" \/><img class=\"skip-lazy no-lazyload noLazy\" data-lazy-src=\"\" src =\"https:\/\/bobvarela.com\/wp-content\/flagallery\/pau-esteve-en-el-080-barcelona-fashion-fallwinter-2016-2017\/pau_esteve_045.jpg\" alt=\"Ready to Wear Fall\/Winter 2016-2017\" \/><img class=\"skip-lazy no-lazyload noLazy\" data-lazy-src=\"\" src =\"https:\/\/bobvarela.com\/wp-content\/flagallery\/pau-esteve-en-el-080-barcelona-fashion-fallwinter-2016-2017\/pau_esteve_046.jpg\" alt=\"Ready to Wear Fall\/Winter 2016-2017\" \/><img class=\"skip-lazy no-lazyload noLazy\" data-lazy-src=\"\" src =\"https:\/\/bobvarela.com\/wp-content\/flagallery\/pau-esteve-en-el-080-barcelona-fashion-fallwinter-2016-2017\/pau_esteve_047.jpg\" alt=\"Ready to Wear Fall\/Winter 2016-2017\" \/><img class=\"skip-lazy no-lazyload noLazy\" data-lazy-src=\"\" src =\"https:\/\/bobvarela.com\/wp-content\/flagallery\/pau-esteve-en-el-080-barcelona-fashion-fallwinter-2016-2017\/pau_esteve_048.jpg\" alt=\"Ready to Wear Fall\/Winter 2016-2017\" \/><img class=\"skip-lazy no-lazyload noLazy\" data-lazy-src=\"\" src =\"https:\/\/bobvarela.com\/wp-content\/flagallery\/pau-esteve-en-el-080-barcelona-fashion-fallwinter-2016-2017\/pau_esteve_049.jpg\" alt=\"Ready to Wear Fall\/Winter 2016-2017\" \/><img class=\"skip-lazy no-lazyload noLazy\" data-lazy-src=\"\" src =\"https:\/\/bobvarela.com\/wp-content\/flagallery\/pau-esteve-en-el-080-barcelona-fashion-fallwinter-2016-2017\/pau_esteve_050.jpg\" alt=\"Ready to Wear Fall\/Winter 2016-2017\" \/><img class=\"skip-lazy no-lazyload noLazy\" data-lazy-src=\"\" src =\"https:\/\/bobvarela.com\/wp-content\/flagallery\/pau-esteve-en-el-080-barcelona-fashion-fallwinter-2016-2017\/pau_esteve_051.jpg\" alt=\"Ready to Wear Fall\/Winter 2016-2017\" \/><img class=\"skip-lazy no-lazyload noLazy\" data-lazy-src=\"\" src =\"https:\/\/bobvarela.com\/wp-content\/flagallery\/pau-esteve-en-el-080-barcelona-fashion-fallwinter-2016-2017\/pau_esteve_052.jpg\" alt=\"Ready to Wear Fall\/Winter 2016-2017\" \/><img class=\"skip-lazy no-lazyload noLazy\" data-lazy-src=\"\" src =\"https:\/\/bobvarela.com\/wp-content\/flagallery\/pau-esteve-en-el-080-barcelona-fashion-fallwinter-2016-2017\/pau_esteve_053.jpg\" alt=\"Ready to Wear Fall\/Winter 2016-2017\" \/><img class=\"skip-lazy no-lazyload noLazy\" data-lazy-src=\"\" src =\"https:\/\/bobvarela.com\/wp-content\/flagallery\/pau-esteve-en-el-080-barcelona-fashion-fallwinter-2016-2017\/pau_esteve_054.jpg\" alt=\"Ready to Wear Fall\/Winter 2016-2017\" \/><img class=\"skip-lazy no-lazyload noLazy\" data-lazy-src=\"\" src =\"https:\/\/bobvarela.com\/wp-content\/flagallery\/pau-esteve-en-el-080-barcelona-fashion-fallwinter-2016-2017\/pau_esteve_055.jpg\" alt=\"Ready to Wear Fall\/Winter 2016-2017\" \/><img class=\"skip-lazy no-lazyload noLazy\" data-lazy-src=\"\" src =\"https:\/\/bobvarela.com\/wp-content\/flagallery\/pau-esteve-en-el-080-barcelona-fashion-fallwinter-2016-2017\/pau_esteve_056.jpg\" alt=\"Ready to Wear Fall\/Winter 2016-2017\" \/><img class=\"skip-lazy no-lazyload noLazy\" data-lazy-src=\"\" src =\"https:\/\/bobvarela.com\/wp-content\/flagallery\/pau-esteve-en-el-080-barcelona-fashion-fallwinter-2016-2017\/pau_esteve_057.jpg\" alt=\"Ready to Wear Fall\/Winter 2016-2017\" \/><img class=\"skip-lazy no-lazyload noLazy\" data-lazy-src=\"\" src =\"https:\/\/bobvarela.com\/wp-content\/flagallery\/pau-esteve-en-el-080-barcelona-fashion-fallwinter-2016-2017\/pau_esteve_058.jpg\" alt=\"Ready to Wear Fall\/Winter 2016-2017\" \/><img class=\"skip-lazy no-lazyload noLazy\" data-lazy-src=\"\" src =\"https:\/\/bobvarela.com\/wp-content\/flagallery\/pau-esteve-en-el-080-barcelona-fashion-fallwinter-2016-2017\/pau_esteve_059.jpg\" alt=\"Ready to Wear Fall\/Winter 2016-2017\" \/><img class=\"skip-lazy no-lazyload noLazy\" data-lazy-src=\"\" src =\"https:\/\/bobvarela.com\/wp-content\/flagallery\/pau-esteve-en-el-080-barcelona-fashion-fallwinter-2016-2017\/pau_esteve_060.jpg\" alt=\"Ready to Wear Fall\/Winter 2016-2017\" \/><\/noscript> <\/p>\n<p align=\"justify\">Fotos cortesia de 080 BARCELONA FASHION <\/p>\n","protected":false},"excerpt":{"rendered":"<p>COLECCI\u00d3N &#8211; DUST El polvo acumulado, como consciencia de la realidad, es el punto de partida de Pau Esteve para desarrollar su colecci\u00f3n oto\u00f1o-invierno 2016\/2017. Investiga el presente para desarrollar una colecci\u00f3n que transmita la esencia del momento: el vivir&hellip;<\/p>\n<p class=\"more-link-p\"><a class=\"more-link\" href=\"https:\/\/bobvarela.com\/?p=91812\">Read more &rarr;<\/a><\/p>\n","protected":false},"author":1,"featured_media":0,"comment_status":"open","ping_status":"open","sticky":false,"template":"","format":"standard","meta":{"ngg_post_thumbnail":0,"footnotes":""},"categories":[478,4],"tags":[],"class_list":["post-91812","post","type-post","status-publish","format-standard","hentry","category-080-barcelona","category-moda"],"_links":{"self":[{"href":"https:\/\/bobvarela.com\/index.php?rest_route=\/wp\/v2\/posts\/91812","targetHints":{"allow":["GET"]}}],"collection":[{"href":"https:\/\/bobvarela.com\/index.php?rest_route=\/wp\/v2\/posts"}],"about":[{"href":"https:\/\/bobvarela.com\/index.php?rest_route=\/wp\/v2\/types\/post"}],"author":[{"embeddable":true,"href":"https:\/\/bobvarela.com\/index.php?rest_route=\/wp\/v2\/users\/1"}],"replies":[{"embeddable":true,"href":"https:\/\/bobvarela.com\/index.php?rest_route=%2Fwp%2Fv2%2Fcomments&post=91812"}],"version-history":[{"count":1,"href":"https:\/\/bobvarela.com\/index.php?rest_route=\/wp\/v2\/posts\/91812\/revisions"}],"predecessor-version":[{"id":91813,"href":"https:\/\/bobvarela.com\/index.php?rest_route=\/wp\/v2\/posts\/91812\/revisions\/91813"}],"wp:attachment":[{"href":"https:\/\/bobvarela.com\/index.php?rest_route=%2Fwp%2Fv2%2Fmedia&parent=91812"}],"wp:term":[{"taxonomy":"category","embeddable":true,"href":"https:\/\/bobvarela.com\/index.php?rest_route=%2Fwp%2Fv2%2Fcategories&post=91812"},{"taxonomy":"post_tag","embeddable":true,"href":"https:\/\/bobvarela.com\/index.php?rest_route=%2Fwp%2Fv2%2Ftags&post=91812"}],"curies":[{"name":"wp","href":"https:\/\/api.w.org\/{rel}","templated":true}]}}