{"id":91814,"date":"2016-02-01T19:54:04","date_gmt":"2016-02-01T23:54:04","guid":{"rendered":"https:\/\/bobvarela.com\/?p=91814"},"modified":"2016-02-01T19:54:04","modified_gmt":"2016-02-01T23:54:04","slug":"celia-vela-en-el-080-barcelona-fashion-fallwinter-2016-2017","status":"publish","type":"post","link":"https:\/\/bobvarela.com\/?p=91814","title":{"rendered":"Celia Vela en el 080 BARCELONA FASHION Fall\/Winter 2016-2017"},"content":{"rendered":"<p align=\"justify\"><font size=\"3\">Celia Vela debuta en la Pasarela Gaud\u00ed de Barcelona. Actualmente participa en la 080 Barcelona Fashion. Tiene tienda propia en Figueras. Sus colecciones se pueden encontrar tambi\u00e9n en Jap\u00f3n, pa\u00eds al que viaja por primera vez en el 1999 y por el que queda fascinada. Actualmente, cuenta con un <em>showroom <\/em>propio en Tokio. Tambi\u00e9n ha presentado sus nuevas colecciones en el Sal\u00f3n Atmosph\u00e8re de la semana de los Creadores de Par\u00eds. Ha colaborado con Coty-Astor, Moda FAD, Bcn Moda Centre, Dupont, el C\u00edrculo Textil y Lucky Strike, entre otras. Desde el 1998 ha recibido diversos premios, ha participado en exposiciones, mesas redondas y conferencias sobre moda. La femineidad, la sofisticaci\u00f3n y el cuidado por los detalles son su sello.<\/font><\/p>\n<p align=\"justify\"><div class=\"flagallery photomania_skin\" id=\"FlaGallery_sc1_319\" ><style type=\"text\/css\" class=\"flagallery_skin_style_import\">#FlaGallery_sc1_319 .flagpm_preload {opacity:0;}#FlaGallery_sc1_319 .swiper-big-images img.flagpm_the_photo { max-height:100%; max-width:100%; display:inline; width:auto; height:auto !important; object-fit:unset; vertical-align:middle; border:none; }#FlaGallery_sc1_319 .flagpm_focus .swiper-big-images img.flagpm_the_photo { width:auto; height:auto; object-fit:unset; }#FlaGallery_sc1_319 .swiper-small-images img.flagpm_photo { max-width:none; max-height:none; }#FlaGallery_sc1_319 .swiper-small-images img.flagpm_photo.flagpm_photo_landscape { width:auto; height:100% !important; }#FlaGallery_sc1_319 .swiper-small-images img.flagpm_photo.flagpm_photo_portrait { width:100%; height:auto !important; }#FlaGallery_sc1_319 .flagpm_gallery_sources_list p { margin:7px 0; padding:0; font-size:inherit; }#FlaGallery_sc1_319 .flagpm_photo_details .flagpm_description_wrap a,#FlaGallery_sc1_319 .flagpm_big_button_wrap .flagpm_button.flagpm_like.flagpm_liked,#FlaGallery_sc1_319 .flagpm_big_button_wrap .flagpm_button.flagpm_like.flagpm_liked:hover {color:#0099e5;}#FlaGallery_sc1_319 .flagpm_photo_show .flagpm_big_button {background-color:#0099e5;}#FlaGallery_sc1_319 .swiper-small-images div.flagpm_photo.swiper-slide-active {border-color:#02adea;}#FlaGallery_sc1_319 .flagpm_photo_header .flagpm_name_wrap .flagpm_title_author a:hover,#FlaGallery_sc1_319 .flagpm_photo_details .flagpm_description_wrap a:hover {color:#02adea;}#FlaGallery_sc1_319 .flagpm_photo_show .flagpm_big_button:hover,#FlaGallery_sc1_319 .flagpm_focus_actions ul .flagpm_button.like.flagpm_liked {background-color:#02adea;}<\/style> <div class=\"flagpm_photo_show flagpm_w960 flagpm_w640 flagpm_w480 flagpm_preload\"> <div class=\"flagpm_photo_wrap has_prev_photo has_next_photo\"> <div class=\"swiper-container swiper-big-images\"> <div class=\"flagpm_photo_arrow_next flagpm_photo_arrow flagpm_next\"> <div title=\"Next\" class=\"flagpm_arrow\"><\/div> <\/div> <div class=\"flagpm_photo_arrow_previous flagpm_photo_arrow flagpm_prev\"> <div title=\"Previous\" class=\"flagpm_arrow\"><\/div> <\/div> <div class=\"swiper-wrapper\"><div class=\"swiper-slide\" data-hash=\"flagallery22568\" data-photo-id=\"22568\"><span class=\"flagpm_va\"><\/span><img decoding=\"async\" src=\"https:\/\/bobvarela.com\/wp-content\/flagallery\/celia-vela-en-el-080-barcelona-fashion-fallwinter-2016-2017\/webview\/celia_vela_002.jpg\" data-src=\"https:\/\/bobvarela.com\/wp-content\/flagallery\/celia-vela-en-el-080-barcelona-fashion-fallwinter-2016-2017\/webview\/celia_vela_002.jpg\" alt=\"Ready to Wear Fall\/Winter 2016-2017\" class=\"noLazy flagpm_the_photo swiper-lazy\"><div class=\"swiper-lazy-preloader swiper-lazy-preloader-black\"><\/div><\/div><div class=\"swiper-slide\" data-hash=\"flagallery22569\" data-photo-id=\"22569\"><span class=\"flagpm_va\"><\/span><img data-src=\"https:\/\/bobvarela.com\/wp-content\/flagallery\/celia-vela-en-el-080-barcelona-fashion-fallwinter-2016-2017\/webview\/celia_vela_003.jpg\" alt=\"Ready to Wear Fall\/Winter 2016-2017\" class=\"noLazy flagpm_the_photo swiper-lazy\"><div class=\"swiper-lazy-preloader swiper-lazy-preloader-black\"><\/div><\/div><div class=\"swiper-slide\" data-hash=\"flagallery22570\" data-photo-id=\"22570\"><span class=\"flagpm_va\"><\/span><img data-src=\"https:\/\/bobvarela.com\/wp-content\/flagallery\/celia-vela-en-el-080-barcelona-fashion-fallwinter-2016-2017\/webview\/celia_vela_004.jpg\" alt=\"Ready to Wear Fall\/Winter 2016-2017\" class=\"noLazy flagpm_the_photo swiper-lazy\"><div class=\"swiper-lazy-preloader swiper-lazy-preloader-black\"><\/div><\/div><div class=\"swiper-slide\" data-hash=\"flagallery22571\" data-photo-id=\"22571\"><span class=\"flagpm_va\"><\/span><img data-src=\"https:\/\/bobvarela.com\/wp-content\/flagallery\/celia-vela-en-el-080-barcelona-fashion-fallwinter-2016-2017\/webview\/celia_vela_005.jpg\" alt=\"Ready to Wear Fall\/Winter 2016-2017\" class=\"noLazy flagpm_the_photo swiper-lazy\"><div class=\"swiper-lazy-preloader swiper-lazy-preloader-black\"><\/div><\/div><div class=\"swiper-slide\" data-hash=\"flagallery22572\" data-photo-id=\"22572\"><span class=\"flagpm_va\"><\/span><img data-src=\"https:\/\/bobvarela.com\/wp-content\/flagallery\/celia-vela-en-el-080-barcelona-fashion-fallwinter-2016-2017\/webview\/celia_vela_006.jpg\" alt=\"Ready to Wear Fall\/Winter 2016-2017\" class=\"noLazy flagpm_the_photo swiper-lazy\"><div class=\"swiper-lazy-preloader swiper-lazy-preloader-black\"><\/div><\/div><div class=\"swiper-slide\" data-hash=\"flagallery22573\" data-photo-id=\"22573\"><span class=\"flagpm_va\"><\/span><img data-src=\"https:\/\/bobvarela.com\/wp-content\/flagallery\/celia-vela-en-el-080-barcelona-fashion-fallwinter-2016-2017\/webview\/celia_vela_007.jpg\" alt=\"Ready to Wear Fall\/Winter 2016-2017\" class=\"noLazy flagpm_the_photo swiper-lazy\"><div class=\"swiper-lazy-preloader swiper-lazy-preloader-black\"><\/div><\/div><div class=\"swiper-slide\" data-hash=\"flagallery22574\" data-photo-id=\"22574\"><span class=\"flagpm_va\"><\/span><img data-src=\"https:\/\/bobvarela.com\/wp-content\/flagallery\/celia-vela-en-el-080-barcelona-fashion-fallwinter-2016-2017\/webview\/celia_vela_008.jpg\" alt=\"Ready to Wear Fall\/Winter 2016-2017\" class=\"noLazy flagpm_the_photo swiper-lazy\"><div class=\"swiper-lazy-preloader swiper-lazy-preloader-black\"><\/div><\/div><div class=\"swiper-slide\" data-hash=\"flagallery22575\" data-photo-id=\"22575\"><span class=\"flagpm_va\"><\/span><img data-src=\"https:\/\/bobvarela.com\/wp-content\/flagallery\/celia-vela-en-el-080-barcelona-fashion-fallwinter-2016-2017\/webview\/celia_vela_009.jpg\" alt=\"Ready to Wear Fall\/Winter 2016-2017\" class=\"noLazy flagpm_the_photo swiper-lazy\"><div class=\"swiper-lazy-preloader swiper-lazy-preloader-black\"><\/div><\/div><div class=\"swiper-slide\" data-hash=\"flagallery22576\" data-photo-id=\"22576\"><span class=\"flagpm_va\"><\/span><img data-src=\"https:\/\/bobvarela.com\/wp-content\/flagallery\/celia-vela-en-el-080-barcelona-fashion-fallwinter-2016-2017\/webview\/celia_vela_010.jpg\" alt=\"Ready to Wear Fall\/Winter 2016-2017\" class=\"noLazy flagpm_the_photo swiper-lazy\"><div class=\"swiper-lazy-preloader swiper-lazy-preloader-black\"><\/div><\/div><div class=\"swiper-slide\" data-hash=\"flagallery22577\" data-photo-id=\"22577\"><span class=\"flagpm_va\"><\/span><img data-src=\"https:\/\/bobvarela.com\/wp-content\/flagallery\/celia-vela-en-el-080-barcelona-fashion-fallwinter-2016-2017\/webview\/celia_vela_011.jpg\" alt=\"Ready to Wear Fall\/Winter 2016-2017\" class=\"noLazy flagpm_the_photo swiper-lazy\"><div class=\"swiper-lazy-preloader swiper-lazy-preloader-black\"><\/div><\/div><div class=\"swiper-slide\" data-hash=\"flagallery22578\" data-photo-id=\"22578\"><span class=\"flagpm_va\"><\/span><img data-src=\"https:\/\/bobvarela.com\/wp-content\/flagallery\/celia-vela-en-el-080-barcelona-fashion-fallwinter-2016-2017\/webview\/celia_vela_012.jpg\" alt=\"Ready to Wear Fall\/Winter 2016-2017\" class=\"noLazy flagpm_the_photo swiper-lazy\"><div class=\"swiper-lazy-preloader swiper-lazy-preloader-black\"><\/div><\/div><div class=\"swiper-slide\" data-hash=\"flagallery22579\" data-photo-id=\"22579\"><span class=\"flagpm_va\"><\/span><img data-src=\"https:\/\/bobvarela.com\/wp-content\/flagallery\/celia-vela-en-el-080-barcelona-fashion-fallwinter-2016-2017\/webview\/celia_vela_013.jpg\" alt=\"Ready to Wear Fall\/Winter 2016-2017\" class=\"noLazy flagpm_the_photo swiper-lazy\"><div class=\"swiper-lazy-preloader swiper-lazy-preloader-black\"><\/div><\/div><div class=\"swiper-slide\" data-hash=\"flagallery22580\" data-photo-id=\"22580\"><span class=\"flagpm_va\"><\/span><img data-src=\"https:\/\/bobvarela.com\/wp-content\/flagallery\/celia-vela-en-el-080-barcelona-fashion-fallwinter-2016-2017\/webview\/celia_vela_014.jpg\" alt=\"Ready to Wear Fall\/Winter 2016-2017\" class=\"noLazy flagpm_the_photo swiper-lazy\"><div class=\"swiper-lazy-preloader swiper-lazy-preloader-black\"><\/div><\/div><div class=\"swiper-slide\" data-hash=\"flagallery22581\" data-photo-id=\"22581\"><span class=\"flagpm_va\"><\/span><img data-src=\"https:\/\/bobvarela.com\/wp-content\/flagallery\/celia-vela-en-el-080-barcelona-fashion-fallwinter-2016-2017\/webview\/celia_vela_015.jpg\" alt=\"Ready to Wear Fall\/Winter 2016-2017\" class=\"noLazy flagpm_the_photo swiper-lazy\"><div class=\"swiper-lazy-preloader swiper-lazy-preloader-black\"><\/div><\/div><div class=\"swiper-slide\" data-hash=\"flagallery22582\" data-photo-id=\"22582\"><span class=\"flagpm_va\"><\/span><img data-src=\"https:\/\/bobvarela.com\/wp-content\/flagallery\/celia-vela-en-el-080-barcelona-fashion-fallwinter-2016-2017\/webview\/celia_vela_016.jpg\" alt=\"Ready to Wear Fall\/Winter 2016-2017\" class=\"noLazy flagpm_the_photo swiper-lazy\"><div class=\"swiper-lazy-preloader swiper-lazy-preloader-black\"><\/div><\/div><div class=\"swiper-slide\" data-hash=\"flagallery22583\" data-photo-id=\"22583\"><span class=\"flagpm_va\"><\/span><img data-src=\"https:\/\/bobvarela.com\/wp-content\/flagallery\/celia-vela-en-el-080-barcelona-fashion-fallwinter-2016-2017\/webview\/celia_vela_017.jpg\" alt=\"Ready to Wear Fall\/Winter 2016-2017\" class=\"noLazy flagpm_the_photo swiper-lazy\"><div class=\"swiper-lazy-preloader swiper-lazy-preloader-black\"><\/div><\/div><div class=\"swiper-slide\" data-hash=\"flagallery22584\" data-photo-id=\"22584\"><span class=\"flagpm_va\"><\/span><img data-src=\"https:\/\/bobvarela.com\/wp-content\/flagallery\/celia-vela-en-el-080-barcelona-fashion-fallwinter-2016-2017\/webview\/celia_vela_018.jpg\" alt=\"Ready to Wear Fall\/Winter 2016-2017\" class=\"noLazy flagpm_the_photo swiper-lazy\"><div class=\"swiper-lazy-preloader swiper-lazy-preloader-black\"><\/div><\/div><div class=\"swiper-slide\" data-hash=\"flagallery22585\" data-photo-id=\"22585\"><span class=\"flagpm_va\"><\/span><img data-src=\"https:\/\/bobvarela.com\/wp-content\/flagallery\/celia-vela-en-el-080-barcelona-fashion-fallwinter-2016-2017\/webview\/celia_vela_019.jpg\" alt=\"Ready to Wear Fall\/Winter 2016-2017\" class=\"noLazy flagpm_the_photo swiper-lazy\"><div class=\"swiper-lazy-preloader swiper-lazy-preloader-black\"><\/div><\/div><div class=\"swiper-slide\" data-hash=\"flagallery22586\" data-photo-id=\"22586\"><span class=\"flagpm_va\"><\/span><img data-src=\"https:\/\/bobvarela.com\/wp-content\/flagallery\/celia-vela-en-el-080-barcelona-fashion-fallwinter-2016-2017\/webview\/celia_vela_020.jpg\" alt=\"Ready to Wear Fall\/Winter 2016-2017\" class=\"noLazy flagpm_the_photo swiper-lazy\"><div class=\"swiper-lazy-preloader swiper-lazy-preloader-black\"><\/div><\/div><div class=\"swiper-slide\" data-hash=\"flagallery22587\" data-photo-id=\"22587\"><span class=\"flagpm_va\"><\/span><img data-src=\"https:\/\/bobvarela.com\/wp-content\/flagallery\/celia-vela-en-el-080-barcelona-fashion-fallwinter-2016-2017\/webview\/celia_vela_021.jpg\" alt=\"Ready to Wear Fall\/Winter 2016-2017\" class=\"noLazy flagpm_the_photo swiper-lazy\"><div class=\"swiper-lazy-preloader swiper-lazy-preloader-black\"><\/div><\/div><div class=\"swiper-slide\" data-hash=\"flagallery22588\" data-photo-id=\"22588\"><span class=\"flagpm_va\"><\/span><img data-src=\"https:\/\/bobvarela.com\/wp-content\/flagallery\/celia-vela-en-el-080-barcelona-fashion-fallwinter-2016-2017\/webview\/celia_vela_022.jpg\" alt=\"Ready to Wear Fall\/Winter 2016-2017\" class=\"noLazy flagpm_the_photo swiper-lazy\"><div class=\"swiper-lazy-preloader swiper-lazy-preloader-black\"><\/div><\/div><div class=\"swiper-slide\" data-hash=\"flagallery22589\" data-photo-id=\"22589\"><span class=\"flagpm_va\"><\/span><img data-src=\"https:\/\/bobvarela.com\/wp-content\/flagallery\/celia-vela-en-el-080-barcelona-fashion-fallwinter-2016-2017\/webview\/celia_vela_023.jpg\" alt=\"Ready to Wear Fall\/Winter 2016-2017\" class=\"noLazy flagpm_the_photo swiper-lazy\"><div class=\"swiper-lazy-preloader swiper-lazy-preloader-black\"><\/div><\/div><div class=\"swiper-slide\" data-hash=\"flagallery22590\" data-photo-id=\"22590\"><span class=\"flagpm_va\"><\/span><img data-src=\"https:\/\/bobvarela.com\/wp-content\/flagallery\/celia-vela-en-el-080-barcelona-fashion-fallwinter-2016-2017\/webview\/celia_vela_024.jpg\" alt=\"Ready to Wear Fall\/Winter 2016-2017\" class=\"noLazy flagpm_the_photo swiper-lazy\"><div class=\"swiper-lazy-preloader swiper-lazy-preloader-black\"><\/div><\/div><div class=\"swiper-slide\" data-hash=\"flagallery22591\" data-photo-id=\"22591\"><span class=\"flagpm_va\"><\/span><img data-src=\"https:\/\/bobvarela.com\/wp-content\/flagallery\/celia-vela-en-el-080-barcelona-fashion-fallwinter-2016-2017\/webview\/celia_vela_025.jpg\" alt=\"Ready to Wear Fall\/Winter 2016-2017\" class=\"noLazy flagpm_the_photo swiper-lazy\"><div class=\"swiper-lazy-preloader swiper-lazy-preloader-black\"><\/div><\/div><div class=\"swiper-slide\" data-hash=\"flagallery22592\" data-photo-id=\"22592\"><span class=\"flagpm_va\"><\/span><img data-src=\"https:\/\/bobvarela.com\/wp-content\/flagallery\/celia-vela-en-el-080-barcelona-fashion-fallwinter-2016-2017\/webview\/celia_vela_026.jpg\" alt=\"Ready to Wear Fall\/Winter 2016-2017\" class=\"noLazy flagpm_the_photo swiper-lazy\"><div class=\"swiper-lazy-preloader swiper-lazy-preloader-black\"><\/div><\/div><div class=\"swiper-slide\" data-hash=\"flagallery22593\" data-photo-id=\"22593\"><span class=\"flagpm_va\"><\/span><img data-src=\"https:\/\/bobvarela.com\/wp-content\/flagallery\/celia-vela-en-el-080-barcelona-fashion-fallwinter-2016-2017\/webview\/celia_vela_027.jpg\" alt=\"Ready to Wear Fall\/Winter 2016-2017\" class=\"noLazy flagpm_the_photo swiper-lazy\"><div class=\"swiper-lazy-preloader swiper-lazy-preloader-black\"><\/div><\/div><div class=\"swiper-slide\" data-hash=\"flagallery22594\" data-photo-id=\"22594\"><span class=\"flagpm_va\"><\/span><img data-src=\"https:\/\/bobvarela.com\/wp-content\/flagallery\/celia-vela-en-el-080-barcelona-fashion-fallwinter-2016-2017\/webview\/celia_vela_028.jpg\" alt=\"Ready to Wear Fall\/Winter 2016-2017\" class=\"noLazy flagpm_the_photo swiper-lazy\"><div class=\"swiper-lazy-preloader swiper-lazy-preloader-black\"><\/div><\/div><div class=\"swiper-slide\" data-hash=\"flagallery22595\" data-photo-id=\"22595\"><span class=\"flagpm_va\"><\/span><img data-src=\"https:\/\/bobvarela.com\/wp-content\/flagallery\/celia-vela-en-el-080-barcelona-fashion-fallwinter-2016-2017\/webview\/celia_vela_029.jpg\" alt=\"Ready to Wear Fall\/Winter 2016-2017\" class=\"noLazy flagpm_the_photo swiper-lazy\"><div class=\"swiper-lazy-preloader swiper-lazy-preloader-black\"><\/div><\/div><div class=\"swiper-slide\" data-hash=\"flagallery22596\" data-photo-id=\"22596\"><span class=\"flagpm_va\"><\/span><img data-src=\"https:\/\/bobvarela.com\/wp-content\/flagallery\/celia-vela-en-el-080-barcelona-fashion-fallwinter-2016-2017\/webview\/celia_vela_030.jpg\" alt=\"Ready to Wear Fall\/Winter 2016-2017\" class=\"noLazy flagpm_the_photo swiper-lazy\"><div class=\"swiper-lazy-preloader swiper-lazy-preloader-black\"><\/div><\/div><div class=\"swiper-slide\" data-hash=\"flagallery22597\" data-photo-id=\"22597\"><span class=\"flagpm_va\"><\/span><img data-src=\"https:\/\/bobvarela.com\/wp-content\/flagallery\/celia-vela-en-el-080-barcelona-fashion-fallwinter-2016-2017\/webview\/celia_vela_031.jpg\" alt=\"Ready to Wear Fall\/Winter 2016-2017\" class=\"noLazy flagpm_the_photo swiper-lazy\"><div class=\"swiper-lazy-preloader swiper-lazy-preloader-black\"><\/div><\/div><div class=\"swiper-slide\" data-hash=\"flagallery22598\" data-photo-id=\"22598\"><span class=\"flagpm_va\"><\/span><img data-src=\"https:\/\/bobvarela.com\/wp-content\/flagallery\/celia-vela-en-el-080-barcelona-fashion-fallwinter-2016-2017\/webview\/celia_vela_032.jpg\" alt=\"Ready to Wear Fall\/Winter 2016-2017\" class=\"noLazy flagpm_the_photo swiper-lazy\"><div class=\"swiper-lazy-preloader swiper-lazy-preloader-black\"><\/div><\/div><div class=\"swiper-slide\" data-hash=\"flagallery22599\" data-photo-id=\"22599\"><span class=\"flagpm_va\"><\/span><img data-src=\"https:\/\/bobvarela.com\/wp-content\/flagallery\/celia-vela-en-el-080-barcelona-fashion-fallwinter-2016-2017\/webview\/celia_vela_033.jpg\" alt=\"Ready to Wear Fall\/Winter 2016-2017\" class=\"noLazy flagpm_the_photo swiper-lazy\"><div class=\"swiper-lazy-preloader swiper-lazy-preloader-black\"><\/div><\/div><div class=\"swiper-slide\" data-hash=\"flagallery22600\" data-photo-id=\"22600\"><span class=\"flagpm_va\"><\/span><img data-src=\"https:\/\/bobvarela.com\/wp-content\/flagallery\/celia-vela-en-el-080-barcelona-fashion-fallwinter-2016-2017\/webview\/celia_vela_034.jpg\" alt=\"Ready to Wear Fall\/Winter 2016-2017\" class=\"noLazy flagpm_the_photo swiper-lazy\"><div class=\"swiper-lazy-preloader swiper-lazy-preloader-black\"><\/div><\/div><div class=\"swiper-slide\" data-hash=\"flagallery22601\" data-photo-id=\"22601\"><span class=\"flagpm_va\"><\/span><img data-src=\"https:\/\/bobvarela.com\/wp-content\/flagallery\/celia-vela-en-el-080-barcelona-fashion-fallwinter-2016-2017\/webview\/celia_vela_035.jpg\" alt=\"Ready to Wear Fall\/Winter 2016-2017\" class=\"noLazy flagpm_the_photo swiper-lazy\"><div class=\"swiper-lazy-preloader swiper-lazy-preloader-black\"><\/div><\/div><div class=\"swiper-slide\" data-hash=\"flagallery22602\" data-photo-id=\"22602\"><span class=\"flagpm_va\"><\/span><img data-src=\"https:\/\/bobvarela.com\/wp-content\/flagallery\/celia-vela-en-el-080-barcelona-fashion-fallwinter-2016-2017\/webview\/celia_vela_036.jpg\" alt=\"Ready to Wear Fall\/Winter 2016-2017\" class=\"noLazy flagpm_the_photo swiper-lazy\"><div class=\"swiper-lazy-preloader swiper-lazy-preloader-black\"><\/div><\/div><div class=\"swiper-slide\" data-hash=\"flagallery22603\" data-photo-id=\"22603\"><span class=\"flagpm_va\"><\/span><img data-src=\"https:\/\/bobvarela.com\/wp-content\/flagallery\/celia-vela-en-el-080-barcelona-fashion-fallwinter-2016-2017\/webview\/celia_vela_037.jpg\" alt=\"Ready to Wear Fall\/Winter 2016-2017\" class=\"noLazy flagpm_the_photo swiper-lazy\"><div class=\"swiper-lazy-preloader swiper-lazy-preloader-black\"><\/div><\/div><div class=\"swiper-slide\" data-hash=\"flagallery22604\" data-photo-id=\"22604\"><span class=\"flagpm_va\"><\/span><img data-src=\"https:\/\/bobvarela.com\/wp-content\/flagallery\/celia-vela-en-el-080-barcelona-fashion-fallwinter-2016-2017\/webview\/celia_vela_038.jpg\" alt=\"Ready to Wear Fall\/Winter 2016-2017\" class=\"noLazy flagpm_the_photo swiper-lazy\"><div class=\"swiper-lazy-preloader swiper-lazy-preloader-black\"><\/div><\/div><div class=\"swiper-slide\" data-hash=\"flagallery22605\" data-photo-id=\"22605\"><span class=\"flagpm_va\"><\/span><img data-src=\"https:\/\/bobvarela.com\/wp-content\/flagallery\/celia-vela-en-el-080-barcelona-fashion-fallwinter-2016-2017\/webview\/celia_vela_039.jpg\" alt=\"Ready to Wear Fall\/Winter 2016-2017\" class=\"noLazy flagpm_the_photo swiper-lazy\"><div class=\"swiper-lazy-preloader swiper-lazy-preloader-black\"><\/div><\/div><div class=\"swiper-slide\" data-hash=\"flagallery22606\" data-photo-id=\"22606\"><span class=\"flagpm_va\"><\/span><img data-src=\"https:\/\/bobvarela.com\/wp-content\/flagallery\/celia-vela-en-el-080-barcelona-fashion-fallwinter-2016-2017\/webview\/celia_vela_040.jpg\" alt=\"Ready to Wear Fall\/Winter 2016-2017\" class=\"noLazy flagpm_the_photo swiper-lazy\"><div class=\"swiper-lazy-preloader swiper-lazy-preloader-black\"><\/div><\/div><div class=\"swiper-slide\" data-hash=\"flagallery22607\" data-photo-id=\"22607\"><span class=\"flagpm_va\"><\/span><img data-src=\"https:\/\/bobvarela.com\/wp-content\/flagallery\/celia-vela-en-el-080-barcelona-fashion-fallwinter-2016-2017\/webview\/celia_vela_041.jpg\" alt=\"Ready to Wear Fall\/Winter 2016-2017\" class=\"noLazy flagpm_the_photo swiper-lazy\"><div class=\"swiper-lazy-preloader swiper-lazy-preloader-black\"><\/div><\/div><div class=\"swiper-slide\" data-hash=\"flagallery22608\" data-photo-id=\"22608\"><span class=\"flagpm_va\"><\/span><img data-src=\"https:\/\/bobvarela.com\/wp-content\/flagallery\/celia-vela-en-el-080-barcelona-fashion-fallwinter-2016-2017\/webview\/celia_vela_042.jpg\" alt=\"Ready to Wear Fall\/Winter 2016-2017\" class=\"noLazy flagpm_the_photo swiper-lazy\"><div class=\"swiper-lazy-preloader swiper-lazy-preloader-black\"><\/div><\/div><div class=\"swiper-slide\" data-hash=\"flagallery22609\" data-photo-id=\"22609\"><span class=\"flagpm_va\"><\/span><img data-src=\"https:\/\/bobvarela.com\/wp-content\/flagallery\/celia-vela-en-el-080-barcelona-fashion-fallwinter-2016-2017\/webview\/celia_vela_043.jpg\" alt=\"Ready to Wear Fall\/Winter 2016-2017\" class=\"noLazy flagpm_the_photo swiper-lazy\"><div class=\"swiper-lazy-preloader swiper-lazy-preloader-black\"><\/div><\/div><div class=\"swiper-slide\" data-hash=\"flagallery22610\" data-photo-id=\"22610\"><span class=\"flagpm_va\"><\/span><img data-src=\"https:\/\/bobvarela.com\/wp-content\/flagallery\/celia-vela-en-el-080-barcelona-fashion-fallwinter-2016-2017\/webview\/celia_vela_044.jpg\" alt=\"Ready to Wear Fall\/Winter 2016-2017\" class=\"noLazy flagpm_the_photo swiper-lazy\"><div class=\"swiper-lazy-preloader swiper-lazy-preloader-black\"><\/div><\/div><div class=\"swiper-slide\" data-hash=\"flagallery22611\" data-photo-id=\"22611\"><span class=\"flagpm_va\"><\/span><img data-src=\"https:\/\/bobvarela.com\/wp-content\/flagallery\/celia-vela-en-el-080-barcelona-fashion-fallwinter-2016-2017\/webview\/celia_vela_045.jpg\" alt=\"Ready to Wear Fall\/Winter 2016-2017\" class=\"noLazy flagpm_the_photo swiper-lazy\"><div class=\"swiper-lazy-preloader swiper-lazy-preloader-black\"><\/div><\/div><div class=\"swiper-slide\" data-hash=\"flagallery22612\" data-photo-id=\"22612\"><span class=\"flagpm_va\"><\/span><img data-src=\"https:\/\/bobvarela.com\/wp-content\/flagallery\/celia-vela-en-el-080-barcelona-fashion-fallwinter-2016-2017\/webview\/celia_vela_046.jpg\" alt=\"Ready to Wear Fall\/Winter 2016-2017\" class=\"noLazy flagpm_the_photo swiper-lazy\"><div class=\"swiper-lazy-preloader swiper-lazy-preloader-black\"><\/div><\/div><div class=\"swiper-slide\" data-hash=\"flagallery22613\" data-photo-id=\"22613\"><span class=\"flagpm_va\"><\/span><img data-src=\"https:\/\/bobvarela.com\/wp-content\/flagallery\/celia-vela-en-el-080-barcelona-fashion-fallwinter-2016-2017\/webview\/celia_vela_047.jpg\" alt=\"Ready to Wear Fall\/Winter 2016-2017\" class=\"noLazy flagpm_the_photo swiper-lazy\"><div class=\"swiper-lazy-preloader swiper-lazy-preloader-black\"><\/div><\/div><div class=\"swiper-slide\" data-hash=\"flagallery22614\" data-photo-id=\"22614\"><span class=\"flagpm_va\"><\/span><img data-src=\"https:\/\/bobvarela.com\/wp-content\/flagallery\/celia-vela-en-el-080-barcelona-fashion-fallwinter-2016-2017\/webview\/celia_vela_048.jpg\" alt=\"Ready to Wear Fall\/Winter 2016-2017\" class=\"noLazy flagpm_the_photo swiper-lazy\"><div class=\"swiper-lazy-preloader swiper-lazy-preloader-black\"><\/div><\/div><div class=\"swiper-slide\" data-hash=\"flagallery22615\" data-photo-id=\"22615\"><span class=\"flagpm_va\"><\/span><img data-src=\"https:\/\/bobvarela.com\/wp-content\/flagallery\/celia-vela-en-el-080-barcelona-fashion-fallwinter-2016-2017\/webview\/celia_vela_049.jpg\" alt=\"Ready to Wear Fall\/Winter 2016-2017\" class=\"noLazy flagpm_the_photo swiper-lazy\"><div class=\"swiper-lazy-preloader swiper-lazy-preloader-black\"><\/div><\/div><div class=\"swiper-slide\" data-hash=\"flagallery22616\" data-photo-id=\"22616\"><span class=\"flagpm_va\"><\/span><img data-src=\"https:\/\/bobvarela.com\/wp-content\/flagallery\/celia-vela-en-el-080-barcelona-fashion-fallwinter-2016-2017\/webview\/celia_vela_050.jpg\" alt=\"Ready to Wear Fall\/Winter 2016-2017\" class=\"noLazy flagpm_the_photo swiper-lazy\"><div class=\"swiper-lazy-preloader swiper-lazy-preloader-black\"><\/div><\/div><div class=\"swiper-slide\" data-hash=\"flagallery22617\" data-photo-id=\"22617\"><span class=\"flagpm_va\"><\/span><img data-src=\"https:\/\/bobvarela.com\/wp-content\/flagallery\/celia-vela-en-el-080-barcelona-fashion-fallwinter-2016-2017\/webview\/celia_vela_051.jpg\" alt=\"Ready to Wear Fall\/Winter 2016-2017\" class=\"noLazy flagpm_the_photo swiper-lazy\"><div class=\"swiper-lazy-preloader swiper-lazy-preloader-black\"><\/div><\/div><div class=\"swiper-slide\" data-hash=\"flagallery22618\" data-photo-id=\"22618\"><span class=\"flagpm_va\"><\/span><img data-src=\"https:\/\/bobvarela.com\/wp-content\/flagallery\/celia-vela-en-el-080-barcelona-fashion-fallwinter-2016-2017\/webview\/celia_vela_052.jpg\" alt=\"Ready to Wear Fall\/Winter 2016-2017\" class=\"noLazy flagpm_the_photo swiper-lazy\"><div class=\"swiper-lazy-preloader swiper-lazy-preloader-black\"><\/div><\/div><div class=\"swiper-slide\" data-hash=\"flagallery22619\" data-photo-id=\"22619\"><span class=\"flagpm_va\"><\/span><img data-src=\"https:\/\/bobvarela.com\/wp-content\/flagallery\/celia-vela-en-el-080-barcelona-fashion-fallwinter-2016-2017\/webview\/celia_vela_053.jpg\" alt=\"Ready to Wear Fall\/Winter 2016-2017\" class=\"noLazy flagpm_the_photo swiper-lazy\"><div class=\"swiper-lazy-preloader swiper-lazy-preloader-black\"><\/div><\/div><div class=\"swiper-slide\" data-hash=\"flagallery22620\" data-photo-id=\"22620\"><span class=\"flagpm_va\"><\/span><img data-src=\"https:\/\/bobvarela.com\/wp-content\/flagallery\/celia-vela-en-el-080-barcelona-fashion-fallwinter-2016-2017\/webview\/celia_vela_054.jpg\" alt=\"Ready to Wear Fall\/Winter 2016-2017\" class=\"noLazy flagpm_the_photo swiper-lazy\"><div class=\"swiper-lazy-preloader swiper-lazy-preloader-black\"><\/div><\/div><div class=\"swiper-slide\" data-hash=\"flagallery22621\" data-photo-id=\"22621\"><span class=\"flagpm_va\"><\/span><img data-src=\"https:\/\/bobvarela.com\/wp-content\/flagallery\/celia-vela-en-el-080-barcelona-fashion-fallwinter-2016-2017\/webview\/celia_vela_055.jpg\" alt=\"Ready to Wear Fall\/Winter 2016-2017\" class=\"noLazy flagpm_the_photo swiper-lazy\"><div class=\"swiper-lazy-preloader swiper-lazy-preloader-black\"><\/div><\/div><div class=\"swiper-slide\" data-hash=\"flagallery22622\" data-photo-id=\"22622\"><span class=\"flagpm_va\"><\/span><img data-src=\"https:\/\/bobvarela.com\/wp-content\/flagallery\/celia-vela-en-el-080-barcelona-fashion-fallwinter-2016-2017\/webview\/celia_vela_056.jpg\" alt=\"Ready to Wear Fall\/Winter 2016-2017\" class=\"noLazy flagpm_the_photo swiper-lazy\"><div class=\"swiper-lazy-preloader swiper-lazy-preloader-black\"><\/div><\/div><div class=\"swiper-slide\" data-hash=\"flagallery22623\" data-photo-id=\"22623\"><span class=\"flagpm_va\"><\/span><img data-src=\"https:\/\/bobvarela.com\/wp-content\/flagallery\/celia-vela-en-el-080-barcelona-fashion-fallwinter-2016-2017\/webview\/celia_vela_057.jpg\" alt=\"Ready to Wear Fall\/Winter 2016-2017\" class=\"noLazy flagpm_the_photo swiper-lazy\"><div class=\"swiper-lazy-preloader swiper-lazy-preloader-black\"><\/div><\/div><div class=\"swiper-slide\" data-hash=\"flagallery22624\" data-photo-id=\"22624\"><span class=\"flagpm_va\"><\/span><img data-src=\"https:\/\/bobvarela.com\/wp-content\/flagallery\/celia-vela-en-el-080-barcelona-fashion-fallwinter-2016-2017\/webview\/celia_vela_058.jpg\" alt=\"Ready to Wear Fall\/Winter 2016-2017\" class=\"noLazy flagpm_the_photo swiper-lazy\"><div class=\"swiper-lazy-preloader swiper-lazy-preloader-black\"><\/div><\/div><div class=\"swiper-slide\" data-hash=\"flagallery22625\" data-photo-id=\"22625\"><span class=\"flagpm_va\"><\/span><img data-src=\"https:\/\/bobvarela.com\/wp-content\/flagallery\/celia-vela-en-el-080-barcelona-fashion-fallwinter-2016-2017\/webview\/celia_vela_059.jpg\" alt=\"Ready to Wear Fall\/Winter 2016-2017\" class=\"noLazy flagpm_the_photo swiper-lazy\"><div class=\"swiper-lazy-preloader swiper-lazy-preloader-black\"><\/div><\/div><div class=\"swiper-slide\" data-hash=\"flagallery22626\" data-photo-id=\"22626\"><span class=\"flagpm_va\"><\/span><img data-src=\"https:\/\/bobvarela.com\/wp-content\/flagallery\/celia-vela-en-el-080-barcelona-fashion-fallwinter-2016-2017\/webview\/celia_vela_060.jpg\" alt=\"Ready to Wear Fall\/Winter 2016-2017\" class=\"noLazy flagpm_the_photo swiper-lazy\"><div class=\"swiper-lazy-preloader swiper-lazy-preloader-black\"><\/div><\/div><div class=\"swiper-slide\" data-hash=\"flagallery22627\" data-photo-id=\"22627\"><span class=\"flagpm_va\"><\/span><img data-src=\"https:\/\/bobvarela.com\/wp-content\/flagallery\/celia-vela-en-el-080-barcelona-fashion-fallwinter-2016-2017\/webview\/celia_vela_061.jpg\" alt=\"Ready to Wear Fall\/Winter 2016-2017\" class=\"noLazy flagpm_the_photo swiper-lazy\"><div class=\"swiper-lazy-preloader swiper-lazy-preloader-black\"><\/div><\/div> <\/div> <\/div> <\/div> <div class=\"flagpm_photo_header\"> <div class=\"flagpm_wrapper flagpm_clearfix\"> <div class=\"flagpm_focus_actions\"> <ul class=\"flagpm_focus_share\"> <li style=\"list-style:none;\" class=\"flagpm_share_wrapper\"> <a class=\"flagpm_button flagpm_share\">Share<\/a> <ul class=\"flagpm_sharelizers flagpm_clearfix\"> <li style=\"list-style:none;\"><a class=\"flagpm_button flagpm_facebook flagpm_sharelizer\">Facebook<\/a><\/li> <li style=\"list-style:none;\"><a class=\"flagpm_button flagpm_twitter flagpm_sharelizer\">Twitter<\/a><\/li> <li style=\"list-style:none;\"><a class=\"flagpm_button flagpm_pinterest flagpm_sharelizer\">Pinterest<\/a><\/li> <li style=\"list-style:none;\"><a class=\"flagpm_button flagpm_stumbleupon flagpm_sharelizer\">StumbleUpon<\/a><\/li> <\/ul> <\/li> <\/ul> <ul class=\"flagpm_focus_like_fave flagpm_clearfix\"> <li style=\"list-style:none;\"><a class=\"flagpm_button flagpm_like\">Like<\/a><\/li> <\/ul> <ul class=\"flagpm_focus_arrows flagpm_clearfix\"> <li style=\"list-style:none;\"><a class=\"flagpm_button flagpm_photo_arrow_previous flagpm_prev\">Previous<\/a><\/li> <li style=\"list-style:none;\"><a class=\"flagpm_button flagpm_photo_arrow_next flagpm_next\">Next<\/a><\/li> <\/ul> <\/div> <div class=\"flagpm_name_wrap flagpm_clearfix flagpm_no_avatar\"> <div class=\"flagpm_title_author\"> <div class=\"flagpm_title\">Ready to Wear Fall\/Winter 2016-2017<\/div> <\/div> <\/div> <div class=\"flagpm_actions flagpm_clearfix\"> <div class=\"flagpm_carousel flagpm_has_previous flagpm_has_next\"> <div class=\"flagpm_previous_button\"><\/div> <div class=\"flagpm_photo_carousel\"> <div class=\"swiper-container swiper-small-images\"> <div class=\"swiper-wrapper\"><div class=\"swiper-slide flagpm_photo\" data-photo-id=\"22568\"><img decoding=\"async\" src=\"https:\/\/bobvarela.com\/wp-content\/flagallery\/celia-vela-en-el-080-barcelona-fashion-fallwinter-2016-2017\/thumbs\/thumbs_celia_vela_002.jpg\" data-src=\"https:\/\/bobvarela.com\/wp-content\/flagallery\/celia-vela-en-el-080-barcelona-fashion-fallwinter-2016-2017\/thumbs\/thumbs_celia_vela_002.jpg\" alt=\"Ready to Wear Fall\/Winter 2016-2017\" class=\"noLazy flagpm_photo swiper-lazy flagpm_photo_portrait\"><span class=\"swiper-lazy-preloader swiper-lazy-preloader-black\"><\/span><\/div><div class=\"swiper-slide flagpm_photo\" data-photo-id=\"22569\"><img data-src=\"https:\/\/bobvarela.com\/wp-content\/flagallery\/celia-vela-en-el-080-barcelona-fashion-fallwinter-2016-2017\/thumbs\/thumbs_celia_vela_003.jpg\" alt=\"Ready to Wear Fall\/Winter 2016-2017\" class=\"noLazy flagpm_photo swiper-lazy flagpm_photo_portrait\"><span class=\"swiper-lazy-preloader swiper-lazy-preloader-black\"><\/span><\/div><div class=\"swiper-slide flagpm_photo\" data-photo-id=\"22570\"><img data-src=\"https:\/\/bobvarela.com\/wp-content\/flagallery\/celia-vela-en-el-080-barcelona-fashion-fallwinter-2016-2017\/thumbs\/thumbs_celia_vela_004.jpg\" alt=\"Ready to Wear Fall\/Winter 2016-2017\" class=\"noLazy flagpm_photo swiper-lazy flagpm_photo_portrait\"><span class=\"swiper-lazy-preloader swiper-lazy-preloader-black\"><\/span><\/div><div class=\"swiper-slide flagpm_photo\" data-photo-id=\"22571\"><img data-src=\"https:\/\/bobvarela.com\/wp-content\/flagallery\/celia-vela-en-el-080-barcelona-fashion-fallwinter-2016-2017\/thumbs\/thumbs_celia_vela_005.jpg\" alt=\"Ready to Wear Fall\/Winter 2016-2017\" class=\"noLazy flagpm_photo swiper-lazy flagpm_photo_portrait\"><span class=\"swiper-lazy-preloader swiper-lazy-preloader-black\"><\/span><\/div><div class=\"swiper-slide flagpm_photo\" data-photo-id=\"22572\"><img data-src=\"https:\/\/bobvarela.com\/wp-content\/flagallery\/celia-vela-en-el-080-barcelona-fashion-fallwinter-2016-2017\/thumbs\/thumbs_celia_vela_006.jpg\" alt=\"Ready to Wear Fall\/Winter 2016-2017\" class=\"noLazy flagpm_photo swiper-lazy flagpm_photo_portrait\"><span class=\"swiper-lazy-preloader swiper-lazy-preloader-black\"><\/span><\/div><div class=\"swiper-slide flagpm_photo\" data-photo-id=\"22573\"><img data-src=\"https:\/\/bobvarela.com\/wp-content\/flagallery\/celia-vela-en-el-080-barcelona-fashion-fallwinter-2016-2017\/thumbs\/thumbs_celia_vela_007.jpg\" alt=\"Ready to Wear Fall\/Winter 2016-2017\" class=\"noLazy flagpm_photo swiper-lazy flagpm_photo_portrait\"><span class=\"swiper-lazy-preloader swiper-lazy-preloader-black\"><\/span><\/div><div class=\"swiper-slide flagpm_photo\" data-photo-id=\"22574\"><img data-src=\"https:\/\/bobvarela.com\/wp-content\/flagallery\/celia-vela-en-el-080-barcelona-fashion-fallwinter-2016-2017\/thumbs\/thumbs_celia_vela_008.jpg\" alt=\"Ready to Wear Fall\/Winter 2016-2017\" class=\"noLazy flagpm_photo swiper-lazy flagpm_photo_portrait\"><span class=\"swiper-lazy-preloader swiper-lazy-preloader-black\"><\/span><\/div><div class=\"swiper-slide flagpm_photo\" data-photo-id=\"22575\"><img data-src=\"https:\/\/bobvarela.com\/wp-content\/flagallery\/celia-vela-en-el-080-barcelona-fashion-fallwinter-2016-2017\/thumbs\/thumbs_celia_vela_009.jpg\" alt=\"Ready to Wear Fall\/Winter 2016-2017\" class=\"noLazy flagpm_photo swiper-lazy flagpm_photo_portrait\"><span class=\"swiper-lazy-preloader swiper-lazy-preloader-black\"><\/span><\/div><div class=\"swiper-slide flagpm_photo\" data-photo-id=\"22576\"><img data-src=\"https:\/\/bobvarela.com\/wp-content\/flagallery\/celia-vela-en-el-080-barcelona-fashion-fallwinter-2016-2017\/thumbs\/thumbs_celia_vela_010.jpg\" alt=\"Ready to Wear Fall\/Winter 2016-2017\" class=\"noLazy flagpm_photo swiper-lazy flagpm_photo_portrait\"><span class=\"swiper-lazy-preloader swiper-lazy-preloader-black\"><\/span><\/div><div class=\"swiper-slide flagpm_photo\" data-photo-id=\"22577\"><img data-src=\"https:\/\/bobvarela.com\/wp-content\/flagallery\/celia-vela-en-el-080-barcelona-fashion-fallwinter-2016-2017\/thumbs\/thumbs_celia_vela_011.jpg\" alt=\"Ready to Wear Fall\/Winter 2016-2017\" class=\"noLazy flagpm_photo swiper-lazy flagpm_photo_portrait\"><span class=\"swiper-lazy-preloader swiper-lazy-preloader-black\"><\/span><\/div><div class=\"swiper-slide flagpm_photo\" data-photo-id=\"22578\"><img data-src=\"https:\/\/bobvarela.com\/wp-content\/flagallery\/celia-vela-en-el-080-barcelona-fashion-fallwinter-2016-2017\/thumbs\/thumbs_celia_vela_012.jpg\" alt=\"Ready to Wear Fall\/Winter 2016-2017\" class=\"noLazy flagpm_photo swiper-lazy flagpm_photo_portrait\"><span class=\"swiper-lazy-preloader swiper-lazy-preloader-black\"><\/span><\/div><div class=\"swiper-slide flagpm_photo\" data-photo-id=\"22579\"><img data-src=\"https:\/\/bobvarela.com\/wp-content\/flagallery\/celia-vela-en-el-080-barcelona-fashion-fallwinter-2016-2017\/thumbs\/thumbs_celia_vela_013.jpg\" alt=\"Ready to Wear Fall\/Winter 2016-2017\" class=\"noLazy flagpm_photo swiper-lazy flagpm_photo_portrait\"><span class=\"swiper-lazy-preloader swiper-lazy-preloader-black\"><\/span><\/div><div class=\"swiper-slide flagpm_photo\" data-photo-id=\"22580\"><img data-src=\"https:\/\/bobvarela.com\/wp-content\/flagallery\/celia-vela-en-el-080-barcelona-fashion-fallwinter-2016-2017\/thumbs\/thumbs_celia_vela_014.jpg\" alt=\"Ready to Wear Fall\/Winter 2016-2017\" class=\"noLazy flagpm_photo swiper-lazy flagpm_photo_portrait\"><span class=\"swiper-lazy-preloader swiper-lazy-preloader-black\"><\/span><\/div><div class=\"swiper-slide flagpm_photo\" data-photo-id=\"22581\"><img data-src=\"https:\/\/bobvarela.com\/wp-content\/flagallery\/celia-vela-en-el-080-barcelona-fashion-fallwinter-2016-2017\/thumbs\/thumbs_celia_vela_015.jpg\" alt=\"Ready to Wear Fall\/Winter 2016-2017\" class=\"noLazy flagpm_photo swiper-lazy flagpm_photo_portrait\"><span class=\"swiper-lazy-preloader swiper-lazy-preloader-black\"><\/span><\/div><div class=\"swiper-slide flagpm_photo\" data-photo-id=\"22582\"><img data-src=\"https:\/\/bobvarela.com\/wp-content\/flagallery\/celia-vela-en-el-080-barcelona-fashion-fallwinter-2016-2017\/thumbs\/thumbs_celia_vela_016.jpg\" alt=\"Ready to Wear Fall\/Winter 2016-2017\" class=\"noLazy flagpm_photo swiper-lazy flagpm_photo_landscape\"><span class=\"swiper-lazy-preloader swiper-lazy-preloader-black\"><\/span><\/div><div class=\"swiper-slide flagpm_photo\" data-photo-id=\"22583\"><img data-src=\"https:\/\/bobvarela.com\/wp-content\/flagallery\/celia-vela-en-el-080-barcelona-fashion-fallwinter-2016-2017\/thumbs\/thumbs_celia_vela_017.jpg\" alt=\"Ready to Wear Fall\/Winter 2016-2017\" class=\"noLazy flagpm_photo swiper-lazy flagpm_photo_portrait\"><span class=\"swiper-lazy-preloader swiper-lazy-preloader-black\"><\/span><\/div><div class=\"swiper-slide flagpm_photo\" data-photo-id=\"22584\"><img data-src=\"https:\/\/bobvarela.com\/wp-content\/flagallery\/celia-vela-en-el-080-barcelona-fashion-fallwinter-2016-2017\/thumbs\/thumbs_celia_vela_018.jpg\" alt=\"Ready to Wear Fall\/Winter 2016-2017\" class=\"noLazy flagpm_photo swiper-lazy flagpm_photo_portrait\"><span class=\"swiper-lazy-preloader swiper-lazy-preloader-black\"><\/span><\/div><div class=\"swiper-slide flagpm_photo\" data-photo-id=\"22585\"><img data-src=\"https:\/\/bobvarela.com\/wp-content\/flagallery\/celia-vela-en-el-080-barcelona-fashion-fallwinter-2016-2017\/thumbs\/thumbs_celia_vela_019.jpg\" alt=\"Ready to Wear Fall\/Winter 2016-2017\" class=\"noLazy flagpm_photo swiper-lazy flagpm_photo_portrait\"><span class=\"swiper-lazy-preloader swiper-lazy-preloader-black\"><\/span><\/div><div class=\"swiper-slide flagpm_photo\" data-photo-id=\"22586\"><img data-src=\"https:\/\/bobvarela.com\/wp-content\/flagallery\/celia-vela-en-el-080-barcelona-fashion-fallwinter-2016-2017\/thumbs\/thumbs_celia_vela_020.jpg\" alt=\"Ready to Wear Fall\/Winter 2016-2017\" class=\"noLazy flagpm_photo swiper-lazy flagpm_photo_portrait\"><span class=\"swiper-lazy-preloader swiper-lazy-preloader-black\"><\/span><\/div><div class=\"swiper-slide flagpm_photo\" data-photo-id=\"22587\"><img data-src=\"https:\/\/bobvarela.com\/wp-content\/flagallery\/celia-vela-en-el-080-barcelona-fashion-fallwinter-2016-2017\/thumbs\/thumbs_celia_vela_021.jpg\" alt=\"Ready to Wear Fall\/Winter 2016-2017\" class=\"noLazy flagpm_photo swiper-lazy flagpm_photo_portrait\"><span class=\"swiper-lazy-preloader swiper-lazy-preloader-black\"><\/span><\/div><div class=\"swiper-slide flagpm_photo\" data-photo-id=\"22588\"><img data-src=\"https:\/\/bobvarela.com\/wp-content\/flagallery\/celia-vela-en-el-080-barcelona-fashion-fallwinter-2016-2017\/thumbs\/thumbs_celia_vela_022.jpg\" alt=\"Ready to Wear Fall\/Winter 2016-2017\" class=\"noLazy flagpm_photo swiper-lazy flagpm_photo_portrait\"><span class=\"swiper-lazy-preloader swiper-lazy-preloader-black\"><\/span><\/div><div class=\"swiper-slide flagpm_photo\" data-photo-id=\"22589\"><img data-src=\"https:\/\/bobvarela.com\/wp-content\/flagallery\/celia-vela-en-el-080-barcelona-fashion-fallwinter-2016-2017\/thumbs\/thumbs_celia_vela_023.jpg\" alt=\"Ready to Wear Fall\/Winter 2016-2017\" class=\"noLazy flagpm_photo swiper-lazy flagpm_photo_portrait\"><span class=\"swiper-lazy-preloader swiper-lazy-preloader-black\"><\/span><\/div><div class=\"swiper-slide flagpm_photo\" data-photo-id=\"22590\"><img data-src=\"https:\/\/bobvarela.com\/wp-content\/flagallery\/celia-vela-en-el-080-barcelona-fashion-fallwinter-2016-2017\/thumbs\/thumbs_celia_vela_024.jpg\" alt=\"Ready to Wear Fall\/Winter 2016-2017\" class=\"noLazy flagpm_photo swiper-lazy flagpm_photo_portrait\"><span class=\"swiper-lazy-preloader swiper-lazy-preloader-black\"><\/span><\/div><div class=\"swiper-slide flagpm_photo\" data-photo-id=\"22591\"><img data-src=\"https:\/\/bobvarela.com\/wp-content\/flagallery\/celia-vela-en-el-080-barcelona-fashion-fallwinter-2016-2017\/thumbs\/thumbs_celia_vela_025.jpg\" alt=\"Ready to Wear Fall\/Winter 2016-2017\" class=\"noLazy flagpm_photo swiper-lazy flagpm_photo_portrait\"><span class=\"swiper-lazy-preloader swiper-lazy-preloader-black\"><\/span><\/div><div class=\"swiper-slide flagpm_photo\" data-photo-id=\"22592\"><img data-src=\"https:\/\/bobvarela.com\/wp-content\/flagallery\/celia-vela-en-el-080-barcelona-fashion-fallwinter-2016-2017\/thumbs\/thumbs_celia_vela_026.jpg\" alt=\"Ready to Wear Fall\/Winter 2016-2017\" class=\"noLazy flagpm_photo swiper-lazy flagpm_photo_portrait\"><span class=\"swiper-lazy-preloader swiper-lazy-preloader-black\"><\/span><\/div><div class=\"swiper-slide flagpm_photo\" data-photo-id=\"22593\"><img data-src=\"https:\/\/bobvarela.com\/wp-content\/flagallery\/celia-vela-en-el-080-barcelona-fashion-fallwinter-2016-2017\/thumbs\/thumbs_celia_vela_027.jpg\" alt=\"Ready to Wear Fall\/Winter 2016-2017\" class=\"noLazy flagpm_photo swiper-lazy flagpm_photo_portrait\"><span class=\"swiper-lazy-preloader swiper-lazy-preloader-black\"><\/span><\/div><div class=\"swiper-slide flagpm_photo\" data-photo-id=\"22594\"><img data-src=\"https:\/\/bobvarela.com\/wp-content\/flagallery\/celia-vela-en-el-080-barcelona-fashion-fallwinter-2016-2017\/thumbs\/thumbs_celia_vela_028.jpg\" alt=\"Ready to Wear Fall\/Winter 2016-2017\" class=\"noLazy flagpm_photo swiper-lazy flagpm_photo_portrait\"><span class=\"swiper-lazy-preloader swiper-lazy-preloader-black\"><\/span><\/div><div class=\"swiper-slide flagpm_photo\" data-photo-id=\"22595\"><img data-src=\"https:\/\/bobvarela.com\/wp-content\/flagallery\/celia-vela-en-el-080-barcelona-fashion-fallwinter-2016-2017\/thumbs\/thumbs_celia_vela_029.jpg\" alt=\"Ready to Wear Fall\/Winter 2016-2017\" class=\"noLazy flagpm_photo swiper-lazy flagpm_photo_portrait\"><span class=\"swiper-lazy-preloader swiper-lazy-preloader-black\"><\/span><\/div><div class=\"swiper-slide flagpm_photo\" data-photo-id=\"22596\"><img data-src=\"https:\/\/bobvarela.com\/wp-content\/flagallery\/celia-vela-en-el-080-barcelona-fashion-fallwinter-2016-2017\/thumbs\/thumbs_celia_vela_030.jpg\" alt=\"Ready to Wear Fall\/Winter 2016-2017\" class=\"noLazy flagpm_photo swiper-lazy flagpm_photo_portrait\"><span class=\"swiper-lazy-preloader swiper-lazy-preloader-black\"><\/span><\/div><div class=\"swiper-slide flagpm_photo\" data-photo-id=\"22597\"><img data-src=\"https:\/\/bobvarela.com\/wp-content\/flagallery\/celia-vela-en-el-080-barcelona-fashion-fallwinter-2016-2017\/thumbs\/thumbs_celia_vela_031.jpg\" alt=\"Ready to Wear Fall\/Winter 2016-2017\" class=\"noLazy flagpm_photo swiper-lazy flagpm_photo_portrait\"><span class=\"swiper-lazy-preloader swiper-lazy-preloader-black\"><\/span><\/div><div class=\"swiper-slide flagpm_photo\" data-photo-id=\"22598\"><img data-src=\"https:\/\/bobvarela.com\/wp-content\/flagallery\/celia-vela-en-el-080-barcelona-fashion-fallwinter-2016-2017\/thumbs\/thumbs_celia_vela_032.jpg\" alt=\"Ready to Wear Fall\/Winter 2016-2017\" class=\"noLazy flagpm_photo swiper-lazy flagpm_photo_portrait\"><span class=\"swiper-lazy-preloader swiper-lazy-preloader-black\"><\/span><\/div><div class=\"swiper-slide flagpm_photo\" data-photo-id=\"22599\"><img data-src=\"https:\/\/bobvarela.com\/wp-content\/flagallery\/celia-vela-en-el-080-barcelona-fashion-fallwinter-2016-2017\/thumbs\/thumbs_celia_vela_033.jpg\" alt=\"Ready to Wear Fall\/Winter 2016-2017\" class=\"noLazy flagpm_photo swiper-lazy flagpm_photo_portrait\"><span class=\"swiper-lazy-preloader swiper-lazy-preloader-black\"><\/span><\/div><div class=\"swiper-slide flagpm_photo\" data-photo-id=\"22600\"><img data-src=\"https:\/\/bobvarela.com\/wp-content\/flagallery\/celia-vela-en-el-080-barcelona-fashion-fallwinter-2016-2017\/thumbs\/thumbs_celia_vela_034.jpg\" alt=\"Ready to Wear Fall\/Winter 2016-2017\" class=\"noLazy flagpm_photo swiper-lazy flagpm_photo_portrait\"><span class=\"swiper-lazy-preloader swiper-lazy-preloader-black\"><\/span><\/div><div class=\"swiper-slide flagpm_photo\" data-photo-id=\"22601\"><img data-src=\"https:\/\/bobvarela.com\/wp-content\/flagallery\/celia-vela-en-el-080-barcelona-fashion-fallwinter-2016-2017\/thumbs\/thumbs_celia_vela_035.jpg\" alt=\"Ready to Wear Fall\/Winter 2016-2017\" class=\"noLazy flagpm_photo swiper-lazy flagpm_photo_portrait\"><span class=\"swiper-lazy-preloader swiper-lazy-preloader-black\"><\/span><\/div><div class=\"swiper-slide flagpm_photo\" data-photo-id=\"22602\"><img data-src=\"https:\/\/bobvarela.com\/wp-content\/flagallery\/celia-vela-en-el-080-barcelona-fashion-fallwinter-2016-2017\/thumbs\/thumbs_celia_vela_036.jpg\" alt=\"Ready to Wear Fall\/Winter 2016-2017\" class=\"noLazy flagpm_photo swiper-lazy flagpm_photo_portrait\"><span class=\"swiper-lazy-preloader swiper-lazy-preloader-black\"><\/span><\/div><div class=\"swiper-slide flagpm_photo\" data-photo-id=\"22603\"><img data-src=\"https:\/\/bobvarela.com\/wp-content\/flagallery\/celia-vela-en-el-080-barcelona-fashion-fallwinter-2016-2017\/thumbs\/thumbs_celia_vela_037.jpg\" alt=\"Ready to Wear Fall\/Winter 2016-2017\" class=\"noLazy flagpm_photo swiper-lazy flagpm_photo_portrait\"><span class=\"swiper-lazy-preloader swiper-lazy-preloader-black\"><\/span><\/div><div class=\"swiper-slide flagpm_photo\" data-photo-id=\"22604\"><img data-src=\"https:\/\/bobvarela.com\/wp-content\/flagallery\/celia-vela-en-el-080-barcelona-fashion-fallwinter-2016-2017\/thumbs\/thumbs_celia_vela_038.jpg\" alt=\"Ready to Wear Fall\/Winter 2016-2017\" class=\"noLazy flagpm_photo swiper-lazy flagpm_photo_portrait\"><span class=\"swiper-lazy-preloader swiper-lazy-preloader-black\"><\/span><\/div><div class=\"swiper-slide flagpm_photo\" data-photo-id=\"22605\"><img data-src=\"https:\/\/bobvarela.com\/wp-content\/flagallery\/celia-vela-en-el-080-barcelona-fashion-fallwinter-2016-2017\/thumbs\/thumbs_celia_vela_039.jpg\" alt=\"Ready to Wear Fall\/Winter 2016-2017\" class=\"noLazy flagpm_photo swiper-lazy flagpm_photo_portrait\"><span class=\"swiper-lazy-preloader swiper-lazy-preloader-black\"><\/span><\/div><div class=\"swiper-slide flagpm_photo\" data-photo-id=\"22606\"><img data-src=\"https:\/\/bobvarela.com\/wp-content\/flagallery\/celia-vela-en-el-080-barcelona-fashion-fallwinter-2016-2017\/thumbs\/thumbs_celia_vela_040.jpg\" alt=\"Ready to Wear Fall\/Winter 2016-2017\" class=\"noLazy flagpm_photo swiper-lazy flagpm_photo_portrait\"><span class=\"swiper-lazy-preloader swiper-lazy-preloader-black\"><\/span><\/div><div class=\"swiper-slide flagpm_photo\" data-photo-id=\"22607\"><img data-src=\"https:\/\/bobvarela.com\/wp-content\/flagallery\/celia-vela-en-el-080-barcelona-fashion-fallwinter-2016-2017\/thumbs\/thumbs_celia_vela_041.jpg\" alt=\"Ready to Wear Fall\/Winter 2016-2017\" class=\"noLazy flagpm_photo swiper-lazy flagpm_photo_portrait\"><span class=\"swiper-lazy-preloader swiper-lazy-preloader-black\"><\/span><\/div><div class=\"swiper-slide flagpm_photo\" data-photo-id=\"22608\"><img data-src=\"https:\/\/bobvarela.com\/wp-content\/flagallery\/celia-vela-en-el-080-barcelona-fashion-fallwinter-2016-2017\/thumbs\/thumbs_celia_vela_042.jpg\" alt=\"Ready to Wear Fall\/Winter 2016-2017\" class=\"noLazy flagpm_photo swiper-lazy flagpm_photo_portrait\"><span class=\"swiper-lazy-preloader swiper-lazy-preloader-black\"><\/span><\/div><div class=\"swiper-slide flagpm_photo\" data-photo-id=\"22609\"><img data-src=\"https:\/\/bobvarela.com\/wp-content\/flagallery\/celia-vela-en-el-080-barcelona-fashion-fallwinter-2016-2017\/thumbs\/thumbs_celia_vela_043.jpg\" alt=\"Ready to Wear Fall\/Winter 2016-2017\" class=\"noLazy flagpm_photo swiper-lazy flagpm_photo_portrait\"><span class=\"swiper-lazy-preloader swiper-lazy-preloader-black\"><\/span><\/div><div class=\"swiper-slide flagpm_photo\" data-photo-id=\"22610\"><img data-src=\"https:\/\/bobvarela.com\/wp-content\/flagallery\/celia-vela-en-el-080-barcelona-fashion-fallwinter-2016-2017\/thumbs\/thumbs_celia_vela_044.jpg\" alt=\"Ready to Wear Fall\/Winter 2016-2017\" class=\"noLazy flagpm_photo swiper-lazy flagpm_photo_portrait\"><span class=\"swiper-lazy-preloader swiper-lazy-preloader-black\"><\/span><\/div><div class=\"swiper-slide flagpm_photo\" data-photo-id=\"22611\"><img data-src=\"https:\/\/bobvarela.com\/wp-content\/flagallery\/celia-vela-en-el-080-barcelona-fashion-fallwinter-2016-2017\/thumbs\/thumbs_celia_vela_045.jpg\" alt=\"Ready to Wear Fall\/Winter 2016-2017\" class=\"noLazy flagpm_photo swiper-lazy flagpm_photo_portrait\"><span class=\"swiper-lazy-preloader swiper-lazy-preloader-black\"><\/span><\/div><div class=\"swiper-slide flagpm_photo\" data-photo-id=\"22612\"><img data-src=\"https:\/\/bobvarela.com\/wp-content\/flagallery\/celia-vela-en-el-080-barcelona-fashion-fallwinter-2016-2017\/thumbs\/thumbs_celia_vela_046.jpg\" alt=\"Ready to Wear Fall\/Winter 2016-2017\" class=\"noLazy flagpm_photo swiper-lazy flagpm_photo_portrait\"><span class=\"swiper-lazy-preloader swiper-lazy-preloader-black\"><\/span><\/div><div class=\"swiper-slide flagpm_photo\" data-photo-id=\"22613\"><img data-src=\"https:\/\/bobvarela.com\/wp-content\/flagallery\/celia-vela-en-el-080-barcelona-fashion-fallwinter-2016-2017\/thumbs\/thumbs_celia_vela_047.jpg\" alt=\"Ready to Wear Fall\/Winter 2016-2017\" class=\"noLazy flagpm_photo swiper-lazy flagpm_photo_portrait\"><span class=\"swiper-lazy-preloader swiper-lazy-preloader-black\"><\/span><\/div><div class=\"swiper-slide flagpm_photo\" data-photo-id=\"22614\"><img data-src=\"https:\/\/bobvarela.com\/wp-content\/flagallery\/celia-vela-en-el-080-barcelona-fashion-fallwinter-2016-2017\/thumbs\/thumbs_celia_vela_048.jpg\" alt=\"Ready to Wear Fall\/Winter 2016-2017\" class=\"noLazy flagpm_photo swiper-lazy flagpm_photo_portrait\"><span class=\"swiper-lazy-preloader swiper-lazy-preloader-black\"><\/span><\/div><div class=\"swiper-slide flagpm_photo\" data-photo-id=\"22615\"><img data-src=\"https:\/\/bobvarela.com\/wp-content\/flagallery\/celia-vela-en-el-080-barcelona-fashion-fallwinter-2016-2017\/thumbs\/thumbs_celia_vela_049.jpg\" alt=\"Ready to Wear Fall\/Winter 2016-2017\" class=\"noLazy flagpm_photo swiper-lazy flagpm_photo_portrait\"><span class=\"swiper-lazy-preloader swiper-lazy-preloader-black\"><\/span><\/div><div class=\"swiper-slide flagpm_photo\" data-photo-id=\"22616\"><img data-src=\"https:\/\/bobvarela.com\/wp-content\/flagallery\/celia-vela-en-el-080-barcelona-fashion-fallwinter-2016-2017\/thumbs\/thumbs_celia_vela_050.jpg\" alt=\"Ready to Wear Fall\/Winter 2016-2017\" class=\"noLazy flagpm_photo swiper-lazy flagpm_photo_portrait\"><span class=\"swiper-lazy-preloader swiper-lazy-preloader-black\"><\/span><\/div><div class=\"swiper-slide flagpm_photo\" data-photo-id=\"22617\"><img data-src=\"https:\/\/bobvarela.com\/wp-content\/flagallery\/celia-vela-en-el-080-barcelona-fashion-fallwinter-2016-2017\/thumbs\/thumbs_celia_vela_051.jpg\" alt=\"Ready to Wear Fall\/Winter 2016-2017\" class=\"noLazy flagpm_photo swiper-lazy flagpm_photo_portrait\"><span class=\"swiper-lazy-preloader swiper-lazy-preloader-black\"><\/span><\/div><div class=\"swiper-slide flagpm_photo\" data-photo-id=\"22618\"><img data-src=\"https:\/\/bobvarela.com\/wp-content\/flagallery\/celia-vela-en-el-080-barcelona-fashion-fallwinter-2016-2017\/thumbs\/thumbs_celia_vela_052.jpg\" alt=\"Ready to Wear Fall\/Winter 2016-2017\" class=\"noLazy flagpm_photo swiper-lazy flagpm_photo_landscape\"><span class=\"swiper-lazy-preloader swiper-lazy-preloader-black\"><\/span><\/div><div class=\"swiper-slide flagpm_photo\" data-photo-id=\"22619\"><img data-src=\"https:\/\/bobvarela.com\/wp-content\/flagallery\/celia-vela-en-el-080-barcelona-fashion-fallwinter-2016-2017\/thumbs\/thumbs_celia_vela_053.jpg\" alt=\"Ready to Wear Fall\/Winter 2016-2017\" class=\"noLazy flagpm_photo swiper-lazy flagpm_photo_portrait\"><span class=\"swiper-lazy-preloader swiper-lazy-preloader-black\"><\/span><\/div><div class=\"swiper-slide flagpm_photo\" data-photo-id=\"22620\"><img data-src=\"https:\/\/bobvarela.com\/wp-content\/flagallery\/celia-vela-en-el-080-barcelona-fashion-fallwinter-2016-2017\/thumbs\/thumbs_celia_vela_054.jpg\" alt=\"Ready to Wear Fall\/Winter 2016-2017\" class=\"noLazy flagpm_photo swiper-lazy flagpm_photo_portrait\"><span class=\"swiper-lazy-preloader swiper-lazy-preloader-black\"><\/span><\/div><div class=\"swiper-slide flagpm_photo\" data-photo-id=\"22621\"><img data-src=\"https:\/\/bobvarela.com\/wp-content\/flagallery\/celia-vela-en-el-080-barcelona-fashion-fallwinter-2016-2017\/thumbs\/thumbs_celia_vela_055.jpg\" alt=\"Ready to Wear Fall\/Winter 2016-2017\" class=\"noLazy flagpm_photo swiper-lazy flagpm_photo_portrait\"><span class=\"swiper-lazy-preloader swiper-lazy-preloader-black\"><\/span><\/div><div class=\"swiper-slide flagpm_photo\" data-photo-id=\"22622\"><img data-src=\"https:\/\/bobvarela.com\/wp-content\/flagallery\/celia-vela-en-el-080-barcelona-fashion-fallwinter-2016-2017\/thumbs\/thumbs_celia_vela_056.jpg\" alt=\"Ready to Wear Fall\/Winter 2016-2017\" class=\"noLazy flagpm_photo swiper-lazy flagpm_photo_portrait\"><span class=\"swiper-lazy-preloader swiper-lazy-preloader-black\"><\/span><\/div><div class=\"swiper-slide flagpm_photo\" data-photo-id=\"22623\"><img data-src=\"https:\/\/bobvarela.com\/wp-content\/flagallery\/celia-vela-en-el-080-barcelona-fashion-fallwinter-2016-2017\/thumbs\/thumbs_celia_vela_057.jpg\" alt=\"Ready to Wear Fall\/Winter 2016-2017\" class=\"noLazy flagpm_photo swiper-lazy flagpm_photo_portrait\"><span class=\"swiper-lazy-preloader swiper-lazy-preloader-black\"><\/span><\/div><div class=\"swiper-slide flagpm_photo\" data-photo-id=\"22624\"><img data-src=\"https:\/\/bobvarela.com\/wp-content\/flagallery\/celia-vela-en-el-080-barcelona-fashion-fallwinter-2016-2017\/thumbs\/thumbs_celia_vela_058.jpg\" alt=\"Ready to Wear Fall\/Winter 2016-2017\" class=\"noLazy flagpm_photo swiper-lazy flagpm_photo_portrait\"><span class=\"swiper-lazy-preloader swiper-lazy-preloader-black\"><\/span><\/div><div class=\"swiper-slide flagpm_photo\" data-photo-id=\"22625\"><img data-src=\"https:\/\/bobvarela.com\/wp-content\/flagallery\/celia-vela-en-el-080-barcelona-fashion-fallwinter-2016-2017\/thumbs\/thumbs_celia_vela_059.jpg\" alt=\"Ready to Wear Fall\/Winter 2016-2017\" class=\"noLazy flagpm_photo swiper-lazy flagpm_photo_portrait\"><span class=\"swiper-lazy-preloader swiper-lazy-preloader-black\"><\/span><\/div><div class=\"swiper-slide flagpm_photo\" data-photo-id=\"22626\"><img data-src=\"https:\/\/bobvarela.com\/wp-content\/flagallery\/celia-vela-en-el-080-barcelona-fashion-fallwinter-2016-2017\/thumbs\/thumbs_celia_vela_060.jpg\" alt=\"Ready to Wear Fall\/Winter 2016-2017\" class=\"noLazy flagpm_photo swiper-lazy flagpm_photo_portrait\"><span class=\"swiper-lazy-preloader swiper-lazy-preloader-black\"><\/span><\/div><div class=\"swiper-slide flagpm_photo\" data-photo-id=\"22627\"><img data-src=\"https:\/\/bobvarela.com\/wp-content\/flagallery\/celia-vela-en-el-080-barcelona-fashion-fallwinter-2016-2017\/thumbs\/thumbs_celia_vela_061.jpg\" alt=\"Ready to Wear Fall\/Winter 2016-2017\" class=\"noLazy flagpm_photo swiper-lazy flagpm_photo_portrait\"><span class=\"swiper-lazy-preloader swiper-lazy-preloader-black\"><\/span><\/div> <\/div> <\/div> <\/div> <div class=\"flagpm_next_button\"><\/div> <\/div> <div class=\"flagpm_big_button_wrap\"> <div class=\"flagpm_share_wrapper\"> <a class=\"flagpm_button flagpm_share\">Share<\/a> <div class=\"flagpm_sharelizers_wrap\"> <ul class=\"flagpm_sharelizers\"> <li style=\"list-style:none;\"><a class=\"flagpm_button flagpm_facebook flagpm_sharelizer\">Facebook<\/a><\/li> <li style=\"list-style:none;\"><a class=\"flagpm_button flagpm_twitter flagpm_sharelizer\">Twitter<\/a><\/li> <li style=\"list-style:none;\"><a class=\"flagpm_button flagpm_pinterest flagpm_sharelizer\">Pinterest<\/a><\/li> <li style=\"list-style:none;\"><a class=\"flagpm_button flagpm_stumbleupon flagpm_sharelizer\">StumbleUpon<\/a><\/li> <\/ul> <\/div> <\/div> <a class=\"flagpm_button flagpm_like\">Like<\/a> <\/div> <div class=\"flagpm_big_button_wrap\"> <a class=\"flagpm_big_button flagpm_download_button\" href=\"https:\/\/bobvarela.com\/wp-content\/flagallery\/celia-vela-en-el-080-barcelona-fashion-fallwinter-2016-2017\/celia_vela_002.jpg\" download=\"celia_vela_002.jpg\"> <span class=\"flagpm_icon\"><\/span> <span class=\"flagpm_label\">Download<\/span> <\/a> <\/div> <div class=\"flagpm_big_button_wrap\"> <a class=\"flagpm_big_button flagpm_link_button flagpm_inactive\" > <span class=\"flagpm_icon\"><\/span> <span class=\"flagpm_label\">Open Link<\/span> <\/a> <\/div> <\/div> <\/div> <\/div> <div class=\"flagpm_focus_close_full\"> <span><a class=\"flagpm_button flagpm_close\">Close<\/a><\/span> <span><a class=\"flagpm_button flagpm_full\">Full<\/a><\/span> <\/div> <div class=\"flagpm_photo_details\"> <div class=\"flagpm_description_wrap\"> <div class=\"details_title\">Description<\/div> <div class=\"flagpm_description_text_wrap\"> <div class=\"flagpm_slide_description\"><p>Ready to Wear Fall\/Winter 2016-2017<\/p><\/div> <\/div> <\/div> <\/div> <div class=\"flagpm_focus_footer\"> <div class=\"flagpm_focus_keyboard\"> <div class=\"flagpm_focus_keyboard_title\">Keyboard Shortcuts <a class=\"flagpm_focus_keyboard_dismiss\">Dismiss<\/a><\/div> <ul> <li style=\"list-style:none;\"><a data-key=\"p\" class=\"flagpm_key\">S<\/a><span class=\"flagpm_label\">Slideshow<\/span><\/li> <li style=\"list-style:none;\"><a data-key=\"m\" class=\"flagpm_key\">M<\/a><span class=\"flagpm_label\">Maximize<\/span><\/li> <li style=\"list-style:none;\"><a data-key=\"left\" class=\"flagpm_key\">&nbsp;<\/a><span class=\"flagpm_label\">Previous<\/span><\/li> <li style=\"list-style:none;\"><a data-key=\"right\" class=\"flagpm_key\">&nbsp;<\/a><span class=\"flagpm_label\">Next<\/span><\/li> <li style=\"list-style:none;\"><a data-key=\"escape\" class=\"flagpm_key flagpm_esc\">esc<\/a><span class=\"flagpm_label\">Close<\/span><\/li> <\/ul> <\/div> <\/div> <\/div> <script type=\"text\/javascript\"> jQuery(function($) { var settings = {\"base_gallery_width\":\"800\",\"base_gallery_height\":\"500\",\"gallery_min_height\":\"230\",\"scale_mode\":\"fit\",\"initial_slide\":0,\"slideshow_autoplay\":\"0\",\"slideshow_delay\":\"7000\",\"gallery_focus\":\"0\",\"gallery_maximized\":\"0\",\"gallery_focus_maximized\":\"0\",\"keyboard_help\":\"1\",\"show_download_button\":\"1\",\"show_link_button\":\"1\",\"show_description\":\"1\",\"show_share_button\":\"1\",\"show_like_button\":\"1\",\"link_color\":\"#0099e5\",\"link_color_hover\":\"#02adea\",\"download_button_text\":\"Download\",\"link_button_text\":\"Open Link\",\"description_title\":\"Description\",\"key\":\"\",\"name\":\"\",\"gallID\":\"sc1_319\"}; var content = {\"data\":[{\"id\":\"22568\",\"image\":\"https:\\\/\\\/bobvarela.com\\\/wp-content\\\/flagallery\\\/celia-vela-en-el-080-barcelona-fashion-fallwinter-2016-2017\\\/webview\\\/celia_vela_002.jpg\",\"thumb\":\"https:\\\/\\\/bobvarela.com\\\/wp-content\\\/flagallery\\\/celia-vela-en-el-080-barcelona-fashion-fallwinter-2016-2017\\\/thumbs\\\/thumbs_celia_vela_002.jpg\",\"file\":\"celia_vela_002.jpg\",\"meta\":{\"aperture\":false,\"credit\":false,\"camera\":false,\"caption\":\"Ready to Wear Fall\\\/Winter 2016-2017\",\"created_timestamp\":\"February 1, 2016 5:43 pm\",\"copyright\":\"\\u00c2\\u00a9 2016 Estrop-Barcelona PHOTOGRAPH FOR EDITORIAL USE ONLY\",\"focal_length\":false,\"iso\":false,\"shutter_speed\":false,\"flash\":false,\"title\":\"Ready to Wear Fall\\\/Winter 2016-2017\",\"keywords\":\"Fall\\\/Winter 2016-2017,Ready to Wear\",\"width\":667,\"height\":1000,\"saved\":true,\"thumbnail\":{\"width\":220,\"height\":220,\"ewww_image_optimizer\":\"Reduced by 16.5% (5.6&nbsp;kB)\"},\"webview\":{\"0\":667,\"1\":1000,\"2\":2,\"3\":\"width=\\\"667\\\" height=\\\"1000\\\"\",\"bits\":8,\"channels\":3,\"mime\":\"image\\\/jpeg\",\"ewww_image_optimizer\":\"Reduced by 7.6% (9.3&nbsp;kB) - Previously Optimized\"},\"0\":false,\"ewww_image_optimizer\":\"Reduced by 7.7% (12.8&nbsp;kB)\",\"views\":\"99\",\"likes\":\"0\"},\"title\":\"Ready to Wear Fall\\\/Winter 2016-2017\",\"description\":\"<p>Ready to Wear Fall\\\/Winter 2016-2017<\\\/p>\",\"link\":null,\"link_target\":\"\",\"download\":\"https:\\\/\\\/bobvarela.com\\\/wp-content\\\/flagallery\\\/celia-vela-en-el-080-barcelona-fashion-fallwinter-2016-2017\\\/celia_vela_002.jpg\",\"ratio\":0.6670000000000000373034936274052597582340240478515625},{\"id\":\"22569\",\"image\":\"https:\\\/\\\/bobvarela.com\\\/wp-content\\\/flagallery\\\/celia-vela-en-el-080-barcelona-fashion-fallwinter-2016-2017\\\/webview\\\/celia_vela_003.jpg\",\"thumb\":\"https:\\\/\\\/bobvarela.com\\\/wp-content\\\/flagallery\\\/celia-vela-en-el-080-barcelona-fashion-fallwinter-2016-2017\\\/thumbs\\\/thumbs_celia_vela_003.jpg\",\"file\":\"celia_vela_003.jpg\",\"meta\":{\"aperture\":false,\"credit\":false,\"camera\":false,\"caption\":\"Ready to Wear Fall\\\/Winter 2016-2017\",\"created_timestamp\":\"February 1, 2016 5:43 pm\",\"copyright\":\"\\u00c2\\u00a9 2016 Estrop-Barcelona PHOTOGRAPH FOR EDITORIAL USE ONLY\",\"focal_length\":false,\"iso\":false,\"shutter_speed\":false,\"flash\":false,\"title\":\"Ready to Wear Fall\\\/Winter 2016-2017\",\"keywords\":\"Fall\\\/Winter 2016-2017,Ready to Wear\",\"width\":667,\"height\":1000,\"saved\":true,\"thumbnail\":{\"width\":220,\"height\":220,\"ewww_image_optimizer\":\"Reduced by 19.9% (8.6&nbsp;kB)\"},\"webview\":{\"0\":667,\"1\":1000,\"2\":2,\"3\":\"width=\\\"667\\\" height=\\\"1000\\\"\",\"bits\":8,\"channels\":3,\"mime\":\"image\\\/jpeg\",\"ewww_image_optimizer\":\"Reduced by 7.8% (12.3&nbsp;kB) - Previously Optimized\"},\"0\":false,\"ewww_image_optimizer\":\"Reduced by 8.4% (13.8&nbsp;kB)\",\"views\":\"1\",\"likes\":\"0\"},\"title\":\"Ready to Wear Fall\\\/Winter 2016-2017\",\"description\":\"<p>Ready to Wear Fall\\\/Winter 2016-2017<\\\/p>\",\"link\":null,\"link_target\":\"\",\"download\":\"https:\\\/\\\/bobvarela.com\\\/wp-content\\\/flagallery\\\/celia-vela-en-el-080-barcelona-fashion-fallwinter-2016-2017\\\/celia_vela_003.jpg\",\"ratio\":0.6670000000000000373034936274052597582340240478515625},{\"id\":\"22570\",\"image\":\"https:\\\/\\\/bobvarela.com\\\/wp-content\\\/flagallery\\\/celia-vela-en-el-080-barcelona-fashion-fallwinter-2016-2017\\\/webview\\\/celia_vela_004.jpg\",\"thumb\":\"https:\\\/\\\/bobvarela.com\\\/wp-content\\\/flagallery\\\/celia-vela-en-el-080-barcelona-fashion-fallwinter-2016-2017\\\/thumbs\\\/thumbs_celia_vela_004.jpg\",\"file\":\"celia_vela_004.jpg\",\"meta\":{\"aperture\":false,\"credit\":false,\"camera\":false,\"caption\":\"Ready to Wear Fall\\\/Winter 2016-2017\",\"created_timestamp\":\"February 1, 2016 5:44 pm\",\"copyright\":\"\\u00c2\\u00a9 2016 Estrop-Barcelona PHOTOGRAPH FOR EDITORIAL USE ONLY\",\"focal_length\":false,\"iso\":false,\"shutter_speed\":false,\"flash\":false,\"title\":\"Ready to Wear Fall\\\/Winter 2016-2017\",\"keywords\":\"Fall\\\/Winter 2016-2017,Ready to Wear\",\"width\":667,\"height\":1000,\"saved\":true,\"thumbnail\":{\"width\":220,\"height\":220,\"ewww_image_optimizer\":\"Reduced by 12.5% (3.9&nbsp;kB)\"},\"webview\":{\"0\":667,\"1\":1000,\"2\":2,\"3\":\"width=\\\"667\\\" height=\\\"1000\\\"\",\"bits\":8,\"channels\":3,\"mime\":\"image\\\/jpeg\",\"ewww_image_optimizer\":\"Reduced by 5.2% (5.2&nbsp;kB) - Previously Optimized\"},\"0\":false,\"ewww_image_optimizer\":\"Reduced by 6.3% (11.6&nbsp;kB)\",\"views\":\"1\",\"likes\":\"0\"},\"title\":\"Ready to Wear Fall\\\/Winter 2016-2017\",\"description\":\"<p>Ready to Wear Fall\\\/Winter 2016-2017<\\\/p>\",\"link\":null,\"link_target\":\"\",\"download\":\"https:\\\/\\\/bobvarela.com\\\/wp-content\\\/flagallery\\\/celia-vela-en-el-080-barcelona-fashion-fallwinter-2016-2017\\\/celia_vela_004.jpg\",\"ratio\":0.6670000000000000373034936274052597582340240478515625},{\"id\":\"22571\",\"image\":\"https:\\\/\\\/bobvarela.com\\\/wp-content\\\/flagallery\\\/celia-vela-en-el-080-barcelona-fashion-fallwinter-2016-2017\\\/webview\\\/celia_vela_005.jpg\",\"thumb\":\"https:\\\/\\\/bobvarela.com\\\/wp-content\\\/flagallery\\\/celia-vela-en-el-080-barcelona-fashion-fallwinter-2016-2017\\\/thumbs\\\/thumbs_celia_vela_005.jpg\",\"file\":\"celia_vela_005.jpg\",\"meta\":{\"aperture\":false,\"credit\":false,\"camera\":false,\"caption\":\"Ready to Wear Fall\\\/Winter 2016-2017\",\"created_timestamp\":\"February 1, 2016 5:44 pm\",\"copyright\":\"\\u00c2\\u00a9 2016 Estrop-Barcelona PHOTOGRAPH FOR EDITORIAL USE ONLY\",\"focal_length\":false,\"iso\":false,\"shutter_speed\":false,\"flash\":false,\"title\":\"Ready to Wear Fall\\\/Winter 2016-2017\",\"keywords\":\"Fall\\\/Winter 2016-2017,Ready to Wear\",\"width\":667,\"height\":1000,\"saved\":true,\"thumbnail\":{\"width\":220,\"height\":220,\"ewww_image_optimizer\":\"Reduced by 17.2% (6.6&nbsp;kB)\"},\"webview\":{\"0\":667,\"1\":1000,\"2\":2,\"3\":\"width=\\\"667\\\" height=\\\"1000\\\"\",\"bits\":8,\"channels\":3,\"mime\":\"image\\\/jpeg\",\"ewww_image_optimizer\":\"Reduced by 7.9% (9.4&nbsp;kB) - Previously Optimized\"},\"0\":false,\"ewww_image_optimizer\":\"Reduced by 7.3% (12.3&nbsp;kB)\",\"views\":\"2\",\"likes\":\"0\"},\"title\":\"Ready to Wear Fall\\\/Winter 2016-2017\",\"description\":\"<p>Ready to Wear Fall\\\/Winter 2016-2017<\\\/p>\",\"link\":null,\"link_target\":\"\",\"download\":\"https:\\\/\\\/bobvarela.com\\\/wp-content\\\/flagallery\\\/celia-vela-en-el-080-barcelona-fashion-fallwinter-2016-2017\\\/celia_vela_005.jpg\",\"ratio\":0.6670000000000000373034936274052597582340240478515625},{\"id\":\"22572\",\"image\":\"https:\\\/\\\/bobvarela.com\\\/wp-content\\\/flagallery\\\/celia-vela-en-el-080-barcelona-fashion-fallwinter-2016-2017\\\/webview\\\/celia_vela_006.jpg\",\"thumb\":\"https:\\\/\\\/bobvarela.com\\\/wp-content\\\/flagallery\\\/celia-vela-en-el-080-barcelona-fashion-fallwinter-2016-2017\\\/thumbs\\\/thumbs_celia_vela_006.jpg\",\"file\":\"celia_vela_006.jpg\",\"meta\":{\"aperture\":false,\"credit\":false,\"camera\":false,\"caption\":\"Ready to Wear Fall\\\/Winter 2016-2017\",\"created_timestamp\":\"February 1, 2016 5:44 pm\",\"copyright\":\"\\u00c2\\u00a9 2016 Estrop-Barcelona PHOTOGRAPH FOR EDITORIAL USE ONLY\",\"focal_length\":false,\"iso\":false,\"shutter_speed\":false,\"flash\":false,\"title\":\"Ready to Wear Fall\\\/Winter 2016-2017\",\"keywords\":\"Fall\\\/Winter 2016-2017,Ready to Wear\",\"width\":667,\"height\":1000,\"saved\":true,\"thumbnail\":{\"width\":220,\"height\":220,\"ewww_image_optimizer\":\"Reduced by 14.5% (6.8&nbsp;kB)\"},\"webview\":{\"0\":667,\"1\":1000,\"2\":2,\"3\":\"width=\\\"667\\\" height=\\\"1000\\\"\",\"bits\":8,\"channels\":3,\"mime\":\"image\\\/jpeg\",\"ewww_image_optimizer\":\"Reduced by 6.2% (9.8&nbsp;kB) - Previously Optimized\"},\"0\":false,\"ewww_image_optimizer\":\"Reduced by 5.2% (9.8&nbsp;kB)\",\"views\":\"0\",\"likes\":\"0\"},\"title\":\"Ready to Wear Fall\\\/Winter 2016-2017\",\"description\":\"<p>Ready to Wear Fall\\\/Winter 2016-2017<\\\/p>\",\"link\":null,\"link_target\":\"\",\"download\":\"https:\\\/\\\/bobvarela.com\\\/wp-content\\\/flagallery\\\/celia-vela-en-el-080-barcelona-fashion-fallwinter-2016-2017\\\/celia_vela_006.jpg\",\"ratio\":0.6670000000000000373034936274052597582340240478515625},{\"id\":\"22573\",\"image\":\"https:\\\/\\\/bobvarela.com\\\/wp-content\\\/flagallery\\\/celia-vela-en-el-080-barcelona-fashion-fallwinter-2016-2017\\\/webview\\\/celia_vela_007.jpg\",\"thumb\":\"https:\\\/\\\/bobvarela.com\\\/wp-content\\\/flagallery\\\/celia-vela-en-el-080-barcelona-fashion-fallwinter-2016-2017\\\/thumbs\\\/thumbs_celia_vela_007.jpg\",\"file\":\"celia_vela_007.jpg\",\"meta\":{\"aperture\":false,\"credit\":false,\"camera\":false,\"caption\":\"Ready to Wear Fall\\\/Winter 2016-2017\",\"created_timestamp\":\"February 1, 2016 5:44 pm\",\"copyright\":\"\\u00c2\\u00a9 2016 Estrop-Barcelona PHOTOGRAPH FOR EDITORIAL USE ONLY\",\"focal_length\":false,\"iso\":false,\"shutter_speed\":false,\"flash\":false,\"title\":\"Ready to Wear Fall\\\/Winter 2016-2017\",\"keywords\":\"Fall\\\/Winter 2016-2017,Ready to Wear\",\"width\":667,\"height\":1000,\"saved\":true,\"thumbnail\":{\"width\":220,\"height\":220,\"ewww_image_optimizer\":\"Reduced by 16.9% (5.5&nbsp;kB)\"},\"webview\":{\"0\":667,\"1\":1000,\"2\":2,\"3\":\"width=\\\"667\\\" height=\\\"1000\\\"\",\"bits\":8,\"channels\":3,\"mime\":\"image\\\/jpeg\",\"ewww_image_optimizer\":\"Reduced by 7.6% (8.9&nbsp;kB) - Previously Optimized\"},\"0\":false,\"ewww_image_optimizer\":\"Reduced by 7.8% (12.7&nbsp;kB)\",\"views\":\"2\",\"likes\":\"0\"},\"title\":\"Ready to Wear Fall\\\/Winter 2016-2017\",\"description\":\"<p>Ready to Wear Fall\\\/Winter 2016-2017<\\\/p>\",\"link\":null,\"link_target\":\"\",\"download\":\"https:\\\/\\\/bobvarela.com\\\/wp-content\\\/flagallery\\\/celia-vela-en-el-080-barcelona-fashion-fallwinter-2016-2017\\\/celia_vela_007.jpg\",\"ratio\":0.6670000000000000373034936274052597582340240478515625},{\"id\":\"22574\",\"image\":\"https:\\\/\\\/bobvarela.com\\\/wp-content\\\/flagallery\\\/celia-vela-en-el-080-barcelona-fashion-fallwinter-2016-2017\\\/webview\\\/celia_vela_008.jpg\",\"thumb\":\"https:\\\/\\\/bobvarela.com\\\/wp-content\\\/flagallery\\\/celia-vela-en-el-080-barcelona-fashion-fallwinter-2016-2017\\\/thumbs\\\/thumbs_celia_vela_008.jpg\",\"file\":\"celia_vela_008.jpg\",\"meta\":{\"aperture\":false,\"credit\":false,\"camera\":false,\"caption\":\"Ready to Wear Fall\\\/Winter 2016-2017\",\"created_timestamp\":\"February 1, 2016 5:44 pm\",\"copyright\":\"\\u00c2\\u00a9 2016 Estrop-Barcelona PHOTOGRAPH FOR EDITORIAL USE ONLY\",\"focal_length\":false,\"iso\":false,\"shutter_speed\":false,\"flash\":false,\"title\":\"Ready to Wear Fall\\\/Winter 2016-2017\",\"keywords\":\"Fall\\\/Winter 2016-2017,Ready to Wear\",\"width\":667,\"height\":1000,\"saved\":true,\"thumbnail\":{\"width\":220,\"height\":220,\"ewww_image_optimizer\":\"Reduced by 21.1% (10.7&nbsp;kB)\"},\"webview\":{\"0\":667,\"1\":1000,\"2\":2,\"3\":\"width=\\\"667\\\" height=\\\"1000\\\"\",\"bits\":8,\"channels\":3,\"mime\":\"image\\\/jpeg\",\"ewww_image_optimizer\":\"Reduced by 7.9% (14.1&nbsp;kB) - Previously Optimized\"},\"0\":false,\"ewww_image_optimizer\":\"Reduced by 8.1% (14.9&nbsp;kB)\",\"views\":\"0\",\"likes\":\"0\"},\"title\":\"Ready to Wear Fall\\\/Winter 2016-2017\",\"description\":\"<p>Ready to Wear Fall\\\/Winter 2016-2017<\\\/p>\",\"link\":null,\"link_target\":\"\",\"download\":\"https:\\\/\\\/bobvarela.com\\\/wp-content\\\/flagallery\\\/celia-vela-en-el-080-barcelona-fashion-fallwinter-2016-2017\\\/celia_vela_008.jpg\",\"ratio\":0.6670000000000000373034936274052597582340240478515625},{\"id\":\"22575\",\"image\":\"https:\\\/\\\/bobvarela.com\\\/wp-content\\\/flagallery\\\/celia-vela-en-el-080-barcelona-fashion-fallwinter-2016-2017\\\/webview\\\/celia_vela_009.jpg\",\"thumb\":\"https:\\\/\\\/bobvarela.com\\\/wp-content\\\/flagallery\\\/celia-vela-en-el-080-barcelona-fashion-fallwinter-2016-2017\\\/thumbs\\\/thumbs_celia_vela_009.jpg\",\"file\":\"celia_vela_009.jpg\",\"meta\":{\"aperture\":false,\"credit\":false,\"camera\":false,\"caption\":\"Ready to Wear Fall\\\/Winter 2016-2017\",\"created_timestamp\":\"February 1, 2016 5:44 pm\",\"copyright\":\"\\u00c2\\u00a9 2016 Estrop-Barcelona PHOTOGRAPH FOR EDITORIAL USE ONLY\",\"focal_length\":false,\"iso\":false,\"shutter_speed\":false,\"flash\":false,\"title\":\"Ready to Wear Fall\\\/Winter 2016-2017\",\"keywords\":\"Fall\\\/Winter 2016-2017,Ready to Wear\",\"width\":667,\"height\":1000,\"saved\":true,\"thumbnail\":{\"width\":220,\"height\":220,\"ewww_image_optimizer\":\"Reduced by 17.6% (9.6&nbsp;kB)\"},\"webview\":{\"0\":667,\"1\":1000,\"2\":2,\"3\":\"width=\\\"667\\\" height=\\\"1000\\\"\",\"bits\":8,\"channels\":3,\"mime\":\"image\\\/jpeg\",\"ewww_image_optimizer\":\"Reduced by 6.4% (11.5&nbsp;kB) - Previously Optimized\"},\"0\":false,\"ewww_image_optimizer\":\"Reduced by 5.9% (10.6&nbsp;kB)\",\"views\":\"1\",\"likes\":\"0\"},\"title\":\"Ready to Wear Fall\\\/Winter 2016-2017\",\"description\":\"<p>Ready to Wear Fall\\\/Winter 2016-2017<\\\/p>\",\"link\":null,\"link_target\":\"\",\"download\":\"https:\\\/\\\/bobvarela.com\\\/wp-content\\\/flagallery\\\/celia-vela-en-el-080-barcelona-fashion-fallwinter-2016-2017\\\/celia_vela_009.jpg\",\"ratio\":0.6670000000000000373034936274052597582340240478515625},{\"id\":\"22576\",\"image\":\"https:\\\/\\\/bobvarela.com\\\/wp-content\\\/flagallery\\\/celia-vela-en-el-080-barcelona-fashion-fallwinter-2016-2017\\\/webview\\\/celia_vela_010.jpg\",\"thumb\":\"https:\\\/\\\/bobvarela.com\\\/wp-content\\\/flagallery\\\/celia-vela-en-el-080-barcelona-fashion-fallwinter-2016-2017\\\/thumbs\\\/thumbs_celia_vela_010.jpg\",\"file\":\"celia_vela_010.jpg\",\"meta\":{\"aperture\":false,\"credit\":false,\"camera\":false,\"caption\":\"Ready to Wear Fall\\\/Winter 2016-2017\",\"created_timestamp\":\"February 1, 2016 5:44 pm\",\"copyright\":\"\\u00c2\\u00a9 2016 Estrop-Barcelona PHOTOGRAPH FOR EDITORIAL USE ONLY\",\"focal_length\":false,\"iso\":false,\"shutter_speed\":false,\"flash\":false,\"title\":\"Ready to Wear Fall\\\/Winter 2016-2017\",\"keywords\":\"Fall\\\/Winter 2016-2017,Ready to Wear\",\"width\":667,\"height\":1000,\"saved\":true,\"thumbnail\":{\"width\":220,\"height\":220,\"ewww_image_optimizer\":\"Reduced by 15.2% (4.9&nbsp;kB)\"},\"webview\":{\"0\":667,\"1\":1000,\"2\":2,\"3\":\"width=\\\"667\\\" height=\\\"1000\\\"\",\"bits\":8,\"channels\":3,\"mime\":\"image\\\/jpeg\",\"ewww_image_optimizer\":\"Reduced by 7.0% (8.0&nbsp;kB) - Previously Optimized\"},\"0\":false,\"ewww_image_optimizer\":\"Reduced by 7.2% (11.3&nbsp;kB)\",\"views\":\"0\",\"likes\":\"0\"},\"title\":\"Ready to Wear Fall\\\/Winter 2016-2017\",\"description\":\"<p>Ready to Wear Fall\\\/Winter 2016-2017<\\\/p>\",\"link\":null,\"link_target\":\"\",\"download\":\"https:\\\/\\\/bobvarela.com\\\/wp-content\\\/flagallery\\\/celia-vela-en-el-080-barcelona-fashion-fallwinter-2016-2017\\\/celia_vela_010.jpg\",\"ratio\":0.6670000000000000373034936274052597582340240478515625},{\"id\":\"22577\",\"image\":\"https:\\\/\\\/bobvarela.com\\\/wp-content\\\/flagallery\\\/celia-vela-en-el-080-barcelona-fashion-fallwinter-2016-2017\\\/webview\\\/celia_vela_011.jpg\",\"thumb\":\"https:\\\/\\\/bobvarela.com\\\/wp-content\\\/flagallery\\\/celia-vela-en-el-080-barcelona-fashion-fallwinter-2016-2017\\\/thumbs\\\/thumbs_celia_vela_011.jpg\",\"file\":\"celia_vela_011.jpg\",\"meta\":{\"aperture\":false,\"credit\":false,\"camera\":false,\"caption\":\"Ready to Wear Fall\\\/Winter 2016-2017\",\"created_timestamp\":\"February 1, 2016 5:44 pm\",\"copyright\":\"\\u00c2\\u00a9 2016 Estrop-Barcelona PHOTOGRAPH FOR EDITORIAL USE ONLY\",\"focal_length\":false,\"iso\":false,\"shutter_speed\":false,\"flash\":false,\"title\":\"Ready to Wear Fall\\\/Winter 2016-2017\",\"keywords\":\"Fall\\\/Winter 2016-2017,Ready to Wear\",\"width\":667,\"height\":1000,\"saved\":true,\"thumbnail\":{\"width\":220,\"height\":220,\"ewww_image_optimizer\":\"Reduced by 20.8% (10.3&nbsp;kB)\"},\"webview\":{\"0\":667,\"1\":1000,\"2\":2,\"3\":\"width=\\\"667\\\" height=\\\"1000\\\"\",\"bits\":8,\"channels\":3,\"mime\":\"image\\\/jpeg\",\"ewww_image_optimizer\":\"Reduced by 7.7% (13.0&nbsp;kB) - Previously Optimized\"},\"0\":false,\"ewww_image_optimizer\":\"Reduced by 8.1% (14.0&nbsp;kB)\",\"views\":\"2\",\"likes\":\"0\"},\"title\":\"Ready to Wear Fall\\\/Winter 2016-2017\",\"description\":\"<p>Ready to Wear Fall\\\/Winter 2016-2017<\\\/p>\",\"link\":null,\"link_target\":\"\",\"download\":\"https:\\\/\\\/bobvarela.com\\\/wp-content\\\/flagallery\\\/celia-vela-en-el-080-barcelona-fashion-fallwinter-2016-2017\\\/celia_vela_011.jpg\",\"ratio\":0.6670000000000000373034936274052597582340240478515625},{\"id\":\"22578\",\"image\":\"https:\\\/\\\/bobvarela.com\\\/wp-content\\\/flagallery\\\/celia-vela-en-el-080-barcelona-fashion-fallwinter-2016-2017\\\/webview\\\/celia_vela_012.jpg\",\"thumb\":\"https:\\\/\\\/bobvarela.com\\\/wp-content\\\/flagallery\\\/celia-vela-en-el-080-barcelona-fashion-fallwinter-2016-2017\\\/thumbs\\\/thumbs_celia_vela_012.jpg\",\"file\":\"celia_vela_012.jpg\",\"meta\":{\"aperture\":false,\"credit\":false,\"camera\":false,\"caption\":\"Ready to Wear Fall\\\/Winter 2016-2017\",\"created_timestamp\":\"February 1, 2016 5:44 pm\",\"copyright\":\"\\u00c2\\u00a9 2016 Estrop-Barcelona PHOTOGRAPH FOR EDITORIAL USE ONLY\",\"focal_length\":false,\"iso\":false,\"shutter_speed\":false,\"flash\":false,\"title\":\"Ready to Wear Fall\\\/Winter 2016-2017\",\"keywords\":\"Fall\\\/Winter 2016-2017,Ready to Wear\",\"width\":667,\"height\":1000,\"saved\":true,\"thumbnail\":{\"width\":220,\"height\":220,\"ewww_image_optimizer\":\"Reduced by 17.5% (11.1&nbsp;kB)\"},\"webview\":{\"0\":667,\"1\":1000,\"2\":2,\"3\":\"width=\\\"667\\\" height=\\\"1000\\\"\",\"bits\":8,\"channels\":3,\"mime\":\"image\\\/jpeg\",\"ewww_image_optimizer\":\"Reduced by 6.8% (11.5&nbsp;kB)\"},\"0\":false,\"ewww_image_optimizer\":\"Reduced by 6.8% (11.5&nbsp;kB)\",\"views\":\"0\",\"likes\":\"0\"},\"title\":\"Ready to Wear Fall\\\/Winter 2016-2017\",\"description\":\"<p>Ready to Wear Fall\\\/Winter 2016-2017<\\\/p>\",\"link\":null,\"link_target\":\"\",\"download\":\"https:\\\/\\\/bobvarela.com\\\/wp-content\\\/flagallery\\\/celia-vela-en-el-080-barcelona-fashion-fallwinter-2016-2017\\\/celia_vela_012.jpg\",\"ratio\":0.6670000000000000373034936274052597582340240478515625},{\"id\":\"22579\",\"image\":\"https:\\\/\\\/bobvarela.com\\\/wp-content\\\/flagallery\\\/celia-vela-en-el-080-barcelona-fashion-fallwinter-2016-2017\\\/webview\\\/celia_vela_013.jpg\",\"thumb\":\"https:\\\/\\\/bobvarela.com\\\/wp-content\\\/flagallery\\\/celia-vela-en-el-080-barcelona-fashion-fallwinter-2016-2017\\\/thumbs\\\/thumbs_celia_vela_013.jpg\",\"file\":\"celia_vela_013.jpg\",\"meta\":{\"aperture\":false,\"credit\":false,\"camera\":false,\"caption\":\"Ready to Wear Fall\\\/Winter 2016-2017\",\"created_timestamp\":\"February 1, 2016 5:45 pm\",\"copyright\":\"\\u00c2\\u00a9 2016 Estrop-Barcelona PHOTOGRAPH FOR EDITORIAL USE ONLY\",\"focal_length\":false,\"iso\":false,\"shutter_speed\":false,\"flash\":false,\"title\":\"Ready to Wear Fall\\\/Winter 2016-2017\",\"keywords\":\"Fall\\\/Winter 2016-2017,Ready to Wear\",\"width\":667,\"height\":1000,\"saved\":true,\"thumbnail\":{\"width\":220,\"height\":220,\"ewww_image_optimizer\":\"Reduced by 10.2% (3.1&nbsp;kB)\"},\"webview\":{\"0\":667,\"1\":1000,\"2\":2,\"3\":\"width=\\\"667\\\" height=\\\"1000\\\"\",\"bits\":8,\"channels\":3,\"mime\":\"image\\\/jpeg\",\"ewww_image_optimizer\":\"Reduced by 7.0% (6.2&nbsp;kB) - Previously Optimized\"},\"0\":false,\"ewww_image_optimizer\":\"Reduced by 6.0% (10.4&nbsp;kB)\",\"views\":\"0\",\"likes\":\"0\"},\"title\":\"Ready to Wear Fall\\\/Winter 2016-2017\",\"description\":\"<p>Ready to Wear Fall\\\/Winter 2016-2017<\\\/p>\",\"link\":null,\"link_target\":\"\",\"download\":\"https:\\\/\\\/bobvarela.com\\\/wp-content\\\/flagallery\\\/celia-vela-en-el-080-barcelona-fashion-fallwinter-2016-2017\\\/celia_vela_013.jpg\",\"ratio\":0.6670000000000000373034936274052597582340240478515625},{\"id\":\"22580\",\"image\":\"https:\\\/\\\/bobvarela.com\\\/wp-content\\\/flagallery\\\/celia-vela-en-el-080-barcelona-fashion-fallwinter-2016-2017\\\/webview\\\/celia_vela_014.jpg\",\"thumb\":\"https:\\\/\\\/bobvarela.com\\\/wp-content\\\/flagallery\\\/celia-vela-en-el-080-barcelona-fashion-fallwinter-2016-2017\\\/thumbs\\\/thumbs_celia_vela_014.jpg\",\"file\":\"celia_vela_014.jpg\",\"meta\":{\"aperture\":false,\"credit\":false,\"camera\":false,\"caption\":\"Ready to Wear Fall\\\/Winter 2016-2017\",\"created_timestamp\":\"February 1, 2016 5:45 pm\",\"copyright\":\"\\u00c2\\u00a9 2016 Estrop-Barcelona PHOTOGRAPH FOR EDITORIAL USE ONLY\",\"focal_length\":false,\"iso\":false,\"shutter_speed\":false,\"flash\":false,\"title\":\"Ready to Wear Fall\\\/Winter 2016-2017\",\"keywords\":\"Fall\\\/Winter 2016-2017,Ready to Wear\",\"width\":667,\"height\":1000,\"saved\":true,\"thumbnail\":{\"width\":220,\"height\":220,\"ewww_image_optimizer\":\"Reduced by 11.1% (2.9&nbsp;kB)\"},\"webview\":{\"0\":667,\"1\":1000,\"2\":2,\"3\":\"width=\\\"667\\\" height=\\\"1000\\\"\",\"bits\":8,\"channels\":3,\"mime\":\"image\\\/jpeg\",\"ewww_image_optimizer\":\"Reduced by 5.0% (4.1&nbsp;kB) - Previously Optimized\"},\"0\":false,\"ewww_image_optimizer\":\"Reduced by 5.6% (8.7&nbsp;kB)\",\"views\":\"1\",\"likes\":\"0\"},\"title\":\"Ready to Wear Fall\\\/Winter 2016-2017\",\"description\":\"<p>Ready to Wear Fall\\\/Winter 2016-2017<\\\/p>\",\"link\":null,\"link_target\":\"\",\"download\":\"https:\\\/\\\/bobvarela.com\\\/wp-content\\\/flagallery\\\/celia-vela-en-el-080-barcelona-fashion-fallwinter-2016-2017\\\/celia_vela_014.jpg\",\"ratio\":0.6670000000000000373034936274052597582340240478515625},{\"id\":\"22581\",\"image\":\"https:\\\/\\\/bobvarela.com\\\/wp-content\\\/flagallery\\\/celia-vela-en-el-080-barcelona-fashion-fallwinter-2016-2017\\\/webview\\\/celia_vela_015.jpg\",\"thumb\":\"https:\\\/\\\/bobvarela.com\\\/wp-content\\\/flagallery\\\/celia-vela-en-el-080-barcelona-fashion-fallwinter-2016-2017\\\/thumbs\\\/thumbs_celia_vela_015.jpg\",\"file\":\"celia_vela_015.jpg\",\"meta\":{\"aperture\":false,\"credit\":false,\"camera\":false,\"caption\":\"Ready to Wear Fall\\\/Winter 2016-2017\",\"created_timestamp\":\"February 1, 2016 5:45 pm\",\"copyright\":\"\\u00c2\\u00a9 2016 Estrop-Barcelona PHOTOGRAPH FOR EDITORIAL USE ONLY\",\"focal_length\":false,\"iso\":false,\"shutter_speed\":false,\"flash\":false,\"title\":\"Ready to Wear Fall\\\/Winter 2016-2017\",\"keywords\":\"Fall\\\/Winter 2016-2017,Ready to Wear\",\"width\":667,\"height\":1000,\"saved\":true,\"thumbnail\":{\"width\":220,\"height\":220,\"ewww_image_optimizer\":\"Reduced by 13.1% (4.0&nbsp;kB)\"},\"webview\":{\"0\":667,\"1\":1000,\"2\":2,\"3\":\"width=\\\"667\\\" height=\\\"1000\\\"\",\"bits\":8,\"channels\":3,\"mime\":\"image\\\/jpeg\",\"ewww_image_optimizer\":\"Reduced by 5.8% (5.1&nbsp;kB) - Previously Optimized\"},\"0\":false,\"ewww_image_optimizer\":\"Reduced by 7.1% (11.7&nbsp;kB)\",\"views\":\"2\",\"likes\":\"0\"},\"title\":\"Ready to Wear Fall\\\/Winter 2016-2017\",\"description\":\"<p>Ready to Wear Fall\\\/Winter 2016-2017<\\\/p>\",\"link\":null,\"link_target\":\"\",\"download\":\"https:\\\/\\\/bobvarela.com\\\/wp-content\\\/flagallery\\\/celia-vela-en-el-080-barcelona-fashion-fallwinter-2016-2017\\\/celia_vela_015.jpg\",\"ratio\":0.6670000000000000373034936274052597582340240478515625},{\"id\":\"22582\",\"image\":\"https:\\\/\\\/bobvarela.com\\\/wp-content\\\/flagallery\\\/celia-vela-en-el-080-barcelona-fashion-fallwinter-2016-2017\\\/webview\\\/celia_vela_016.jpg\",\"thumb\":\"https:\\\/\\\/bobvarela.com\\\/wp-content\\\/flagallery\\\/celia-vela-en-el-080-barcelona-fashion-fallwinter-2016-2017\\\/thumbs\\\/thumbs_celia_vela_016.jpg\",\"file\":\"celia_vela_016.jpg\",\"meta\":{\"aperture\":false,\"credit\":false,\"camera\":false,\"caption\":\"Ready to Wear Fall\\\/Winter 2016-2017\",\"created_timestamp\":\"February 1, 2016 5:45 pm\",\"copyright\":\"\\u00c2\\u00a9 2016 Estrop-Barcelona PHOTOGRAPH FOR EDITORIAL USE ONLY\",\"focal_length\":false,\"iso\":false,\"shutter_speed\":false,\"flash\":false,\"title\":\"Ready to Wear Fall\\\/Winter 2016-2017\",\"keywords\":\"Fall\\\/Winter 2016-2017,Ready to Wear\",\"width\":1000,\"height\":667,\"saved\":true,\"thumbnail\":{\"width\":220,\"height\":220,\"ewww_image_optimizer\":\"Reduced by 13.5% (5.4&nbsp;kB)\"},\"webview\":{\"0\":1000,\"1\":667,\"2\":2,\"3\":\"width=\\\"1000\\\" height=\\\"667\\\"\",\"bits\":8,\"channels\":3,\"mime\":\"image\\\/jpeg\",\"ewww_image_optimizer\":\"Reduced by 6.6% (7.1&nbsp;kB) - Previously Optimized\"},\"0\":false,\"ewww_image_optimizer\":\"Reduced by 7.4% (14.7&nbsp;kB)\",\"views\":\"0\",\"likes\":\"0\"},\"title\":\"Ready to Wear Fall\\\/Winter 2016-2017\",\"description\":\"<p>Ready to Wear Fall\\\/Winter 2016-2017<\\\/p>\",\"link\":null,\"link_target\":\"\",\"download\":\"https:\\\/\\\/bobvarela.com\\\/wp-content\\\/flagallery\\\/celia-vela-en-el-080-barcelona-fashion-fallwinter-2016-2017\\\/celia_vela_016.jpg\",\"ratio\":1.4992503748125936002821845249854959547519683837890625},{\"id\":\"22583\",\"image\":\"https:\\\/\\\/bobvarela.com\\\/wp-content\\\/flagallery\\\/celia-vela-en-el-080-barcelona-fashion-fallwinter-2016-2017\\\/webview\\\/celia_vela_017.jpg\",\"thumb\":\"https:\\\/\\\/bobvarela.com\\\/wp-content\\\/flagallery\\\/celia-vela-en-el-080-barcelona-fashion-fallwinter-2016-2017\\\/thumbs\\\/thumbs_celia_vela_017.jpg\",\"file\":\"celia_vela_017.jpg\",\"meta\":{\"aperture\":false,\"credit\":false,\"camera\":false,\"caption\":\"Ready to Wear Fall\\\/Winter 2016-2017\",\"created_timestamp\":\"February 1, 2016 5:45 pm\",\"copyright\":\"\\u00c2\\u00a9 2016 Estrop-Barcelona PHOTOGRAPH FOR EDITORIAL USE ONLY\",\"focal_length\":false,\"iso\":false,\"shutter_speed\":false,\"flash\":false,\"title\":\"Ready to Wear Fall\\\/Winter 2016-2017\",\"keywords\":\"Fall\\\/Winter 2016-2017,Ready to Wear\",\"width\":667,\"height\":1000,\"saved\":true,\"thumbnail\":{\"width\":220,\"height\":220,\"ewww_image_optimizer\":\"Reduced by 12.6% (3.6&nbsp;kB)\"},\"webview\":{\"0\":667,\"1\":1000,\"2\":2,\"3\":\"width=\\\"667\\\" height=\\\"1000\\\"\",\"bits\":8,\"channels\":3,\"mime\":\"image\\\/jpeg\",\"ewww_image_optimizer\":\"Reduced by 6.0% (6.6&nbsp;kB) - Previously Optimized\"},\"0\":false,\"ewww_image_optimizer\":\"Reduced by 7.7% (14.8&nbsp;kB)\",\"views\":\"0\",\"likes\":\"0\"},\"title\":\"Ready to Wear Fall\\\/Winter 2016-2017\",\"description\":\"<p>Ready to Wear Fall\\\/Winter 2016-2017<\\\/p>\",\"link\":null,\"link_target\":\"\",\"download\":\"https:\\\/\\\/bobvarela.com\\\/wp-content\\\/flagallery\\\/celia-vela-en-el-080-barcelona-fashion-fallwinter-2016-2017\\\/celia_vela_017.jpg\",\"ratio\":0.6670000000000000373034936274052597582340240478515625},{\"id\":\"22584\",\"image\":\"https:\\\/\\\/bobvarela.com\\\/wp-content\\\/flagallery\\\/celia-vela-en-el-080-barcelona-fashion-fallwinter-2016-2017\\\/webview\\\/celia_vela_018.jpg\",\"thumb\":\"https:\\\/\\\/bobvarela.com\\\/wp-content\\\/flagallery\\\/celia-vela-en-el-080-barcelona-fashion-fallwinter-2016-2017\\\/thumbs\\\/thumbs_celia_vela_018.jpg\",\"file\":\"celia_vela_018.jpg\",\"meta\":{\"aperture\":false,\"credit\":false,\"camera\":false,\"caption\":\"Ready to Wear Fall\\\/Winter 2016-2017\",\"created_timestamp\":\"February 1, 2016 5:45 pm\",\"copyright\":\"\\u00c2\\u00a9 2016 Estrop-Barcelona PHOTOGRAPH FOR EDITORIAL USE ONLY\",\"focal_length\":false,\"iso\":false,\"shutter_speed\":false,\"flash\":false,\"title\":\"Ready to Wear Fall\\\/Winter 2016-2017\",\"keywords\":\"Fall\\\/Winter 2016-2017,Ready to Wear\",\"width\":667,\"height\":1000,\"saved\":true,\"thumbnail\":{\"width\":220,\"height\":220,\"ewww_image_optimizer\":\"Reduced by 10.3% (2.8&nbsp;kB)\"},\"webview\":{\"0\":667,\"1\":1000,\"2\":2,\"3\":\"width=\\\"667\\\" height=\\\"1000\\\"\",\"bits\":8,\"channels\":3,\"mime\":\"image\\\/jpeg\",\"ewww_image_optimizer\":\"Reduced by 6.2% (6.7&nbsp;kB) - Previously Optimized\"},\"0\":false,\"ewww_image_optimizer\":\"Reduced by 8.2% (16.0&nbsp;kB)\",\"views\":\"0\",\"likes\":\"0\"},\"title\":\"Ready to Wear Fall\\\/Winter 2016-2017\",\"description\":\"<p>Ready to Wear Fall\\\/Winter 2016-2017<\\\/p>\",\"link\":null,\"link_target\":\"\",\"download\":\"https:\\\/\\\/bobvarela.com\\\/wp-content\\\/flagallery\\\/celia-vela-en-el-080-barcelona-fashion-fallwinter-2016-2017\\\/celia_vela_018.jpg\",\"ratio\":0.6670000000000000373034936274052597582340240478515625},{\"id\":\"22585\",\"image\":\"https:\\\/\\\/bobvarela.com\\\/wp-content\\\/flagallery\\\/celia-vela-en-el-080-barcelona-fashion-fallwinter-2016-2017\\\/webview\\\/celia_vela_019.jpg\",\"thumb\":\"https:\\\/\\\/bobvarela.com\\\/wp-content\\\/flagallery\\\/celia-vela-en-el-080-barcelona-fashion-fallwinter-2016-2017\\\/thumbs\\\/thumbs_celia_vela_019.jpg\",\"file\":\"celia_vela_019.jpg\",\"meta\":{\"aperture\":false,\"credit\":false,\"camera\":false,\"caption\":\"Ready to Wear Fall\\\/Winter 2016-2017\",\"created_timestamp\":\"February 1, 2016 5:45 pm\",\"copyright\":\"\\u00c2\\u00a9 2016 Estrop-Barcelona PHOTOGRAPH FOR EDITORIAL USE ONLY\",\"focal_length\":false,\"iso\":false,\"shutter_speed\":false,\"flash\":false,\"title\":\"Ready to Wear Fall\\\/Winter 2016-2017\",\"keywords\":\"Fall\\\/Winter 2016-2017,Ready to Wear\",\"width\":667,\"height\":1000,\"saved\":true,\"thumbnail\":{\"width\":220,\"height\":220,\"ewww_image_optimizer\":\"Reduced by 13.0% (4.2&nbsp;kB)\"},\"webview\":{\"0\":667,\"1\":1000,\"2\":2,\"3\":\"width=\\\"667\\\" height=\\\"1000\\\"\",\"bits\":8,\"channels\":3,\"mime\":\"image\\\/jpeg\",\"ewww_image_optimizer\":\"Reduced by 5.1% (5.1&nbsp;kB) - Previously Optimized\"},\"0\":false,\"ewww_image_optimizer\":\"Reduced by 6.3% (11.9&nbsp;kB)\",\"views\":\"2\",\"likes\":\"0\"},\"title\":\"Ready to Wear Fall\\\/Winter 2016-2017\",\"description\":\"<p>Ready to Wear Fall\\\/Winter 2016-2017<\\\/p>\",\"link\":null,\"link_target\":\"\",\"download\":\"https:\\\/\\\/bobvarela.com\\\/wp-content\\\/flagallery\\\/celia-vela-en-el-080-barcelona-fashion-fallwinter-2016-2017\\\/celia_vela_019.jpg\",\"ratio\":0.6670000000000000373034936274052597582340240478515625},{\"id\":\"22586\",\"image\":\"https:\\\/\\\/bobvarela.com\\\/wp-content\\\/flagallery\\\/celia-vela-en-el-080-barcelona-fashion-fallwinter-2016-2017\\\/webview\\\/celia_vela_020.jpg\",\"thumb\":\"https:\\\/\\\/bobvarela.com\\\/wp-content\\\/flagallery\\\/celia-vela-en-el-080-barcelona-fashion-fallwinter-2016-2017\\\/thumbs\\\/thumbs_celia_vela_020.jpg\",\"file\":\"celia_vela_020.jpg\",\"meta\":{\"aperture\":false,\"credit\":false,\"camera\":false,\"caption\":\"Ready to Wear Fall\\\/Winter 2016-2017\",\"created_timestamp\":\"February 1, 2016 5:45 pm\",\"copyright\":\"\\u00c2\\u00a9 2016 Estrop-Barcelona PHOTOGRAPH FOR EDITORIAL USE ONLY\",\"focal_length\":false,\"iso\":false,\"shutter_speed\":false,\"flash\":false,\"title\":\"Ready to Wear Fall\\\/Winter 2016-2017\",\"keywords\":\"Fall\\\/Winter 2016-2017,Ready to Wear\",\"width\":667,\"height\":1000,\"saved\":true,\"thumbnail\":{\"width\":220,\"height\":220,\"ewww_image_optimizer\":\"Reduced by 17.3% (6.8&nbsp;kB)\"},\"webview\":{\"0\":667,\"1\":1000,\"2\":2,\"3\":\"width=\\\"667\\\" height=\\\"1000\\\"\",\"bits\":8,\"channels\":3,\"mime\":\"image\\\/jpeg\",\"ewww_image_optimizer\":\"Reduced by 7.6% (9.6&nbsp;kB) - Previously Optimized\"},\"0\":false,\"ewww_image_optimizer\":\"Reduced by 7.4% (13.4&nbsp;kB)\",\"views\":\"1\",\"likes\":\"0\"},\"title\":\"Ready to Wear Fall\\\/Winter 2016-2017\",\"description\":\"<p>Ready to Wear Fall\\\/Winter 2016-2017<\\\/p>\",\"link\":null,\"link_target\":\"\",\"download\":\"https:\\\/\\\/bobvarela.com\\\/wp-content\\\/flagallery\\\/celia-vela-en-el-080-barcelona-fashion-fallwinter-2016-2017\\\/celia_vela_020.jpg\",\"ratio\":0.6670000000000000373034936274052597582340240478515625},{\"id\":\"22587\",\"image\":\"https:\\\/\\\/bobvarela.com\\\/wp-content\\\/flagallery\\\/celia-vela-en-el-080-barcelona-fashion-fallwinter-2016-2017\\\/webview\\\/celia_vela_021.jpg\",\"thumb\":\"https:\\\/\\\/bobvarela.com\\\/wp-content\\\/flagallery\\\/celia-vela-en-el-080-barcelona-fashion-fallwinter-2016-2017\\\/thumbs\\\/thumbs_celia_vela_021.jpg\",\"file\":\"celia_vela_021.jpg\",\"meta\":{\"aperture\":false,\"credit\":false,\"camera\":false,\"caption\":\"Ready to Wear Fall\\\/Winter 2016-2017\",\"created_timestamp\":\"February 1, 2016 5:45 pm\",\"copyright\":\"\\u00c2\\u00a9 2016 Estrop-Barcelona PHOTOGRAPH FOR EDITORIAL USE ONLY\",\"focal_length\":false,\"iso\":false,\"shutter_speed\":false,\"flash\":false,\"title\":\"Ready to Wear Fall\\\/Winter 2016-2017\",\"keywords\":\"Fall\\\/Winter 2016-2017,Ready to Wear\",\"width\":667,\"height\":1000,\"saved\":true,\"thumbnail\":{\"width\":220,\"height\":220,\"ewww_image_optimizer\":\"Reduced by 16.9% (10.1&nbsp;kB)\"},\"webview\":{\"0\":667,\"1\":1000,\"2\":2,\"3\":\"width=\\\"667\\\" height=\\\"1000\\\"\",\"bits\":8,\"channels\":3,\"mime\":\"image\\\/jpeg\",\"ewww_image_optimizer\":\"Reduced by 7.0% (13.7&nbsp;kB) - Previously Optimized\"},\"0\":false,\"ewww_image_optimizer\":\"Reduced by 5.6% (10.9&nbsp;kB)\",\"views\":\"2\",\"likes\":\"0\"},\"title\":\"Ready to Wear Fall\\\/Winter 2016-2017\",\"description\":\"<p>Ready to Wear Fall\\\/Winter 2016-2017<\\\/p>\",\"link\":null,\"link_target\":\"\",\"download\":\"https:\\\/\\\/bobvarela.com\\\/wp-content\\\/flagallery\\\/celia-vela-en-el-080-barcelona-fashion-fallwinter-2016-2017\\\/celia_vela_021.jpg\",\"ratio\":0.6670000000000000373034936274052597582340240478515625},{\"id\":\"22588\",\"image\":\"https:\\\/\\\/bobvarela.com\\\/wp-content\\\/flagallery\\\/celia-vela-en-el-080-barcelona-fashion-fallwinter-2016-2017\\\/webview\\\/celia_vela_022.jpg\",\"thumb\":\"https:\\\/\\\/bobvarela.com\\\/wp-content\\\/flagallery\\\/celia-vela-en-el-080-barcelona-fashion-fallwinter-2016-2017\\\/thumbs\\\/thumbs_celia_vela_022.jpg\",\"file\":\"celia_vela_022.jpg\",\"meta\":{\"aperture\":false,\"credit\":false,\"camera\":false,\"caption\":\"Ready to Wear Fall\\\/Winter 2016-2017\",\"created_timestamp\":\"February 1, 2016 5:45 pm\",\"copyright\":\"\\u00c2\\u00a9 2016 Estrop-Barcelona PHOTOGRAPH FOR EDITORIAL USE ONLY\",\"focal_length\":false,\"iso\":false,\"shutter_speed\":false,\"flash\":false,\"title\":\"Ready to Wear Fall\\\/Winter 2016-2017\",\"keywords\":\"Fall\\\/Winter 2016-2017,Ready to Wear\",\"width\":667,\"height\":1000,\"saved\":true,\"thumbnail\":{\"width\":220,\"height\":220,\"ewww_image_optimizer\":\"Reduced by 10.6% (2.9&nbsp;kB)\"},\"webview\":{\"0\":667,\"1\":1000,\"2\":2,\"3\":\"width=\\\"667\\\" height=\\\"1000\\\"\",\"bits\":8,\"channels\":3,\"mime\":\"image\\\/jpeg\",\"ewww_image_optimizer\":\"Reduced by 5.9% (5.8&nbsp;kB) - Previously Optimized\"},\"0\":false,\"ewww_image_optimizer\":\"Reduced by 6.4% (11.3&nbsp;kB)\",\"views\":\"0\",\"likes\":\"0\"},\"title\":\"Ready to Wear Fall\\\/Winter 2016-2017\",\"description\":\"<p>Ready to Wear Fall\\\/Winter 2016-2017<\\\/p>\",\"link\":null,\"link_target\":\"\",\"download\":\"https:\\\/\\\/bobvarela.com\\\/wp-content\\\/flagallery\\\/celia-vela-en-el-080-barcelona-fashion-fallwinter-2016-2017\\\/celia_vela_022.jpg\",\"ratio\":0.6670000000000000373034936274052597582340240478515625},{\"id\":\"22589\",\"image\":\"https:\\\/\\\/bobvarela.com\\\/wp-content\\\/flagallery\\\/celia-vela-en-el-080-barcelona-fashion-fallwinter-2016-2017\\\/webview\\\/celia_vela_023.jpg\",\"thumb\":\"https:\\\/\\\/bobvarela.com\\\/wp-content\\\/flagallery\\\/celia-vela-en-el-080-barcelona-fashion-fallwinter-2016-2017\\\/thumbs\\\/thumbs_celia_vela_023.jpg\",\"file\":\"celia_vela_023.jpg\",\"meta\":{\"aperture\":false,\"credit\":false,\"camera\":false,\"caption\":\"Ready to Wear Fall\\\/Winter 2016-2017\",\"created_timestamp\":\"February 1, 2016 5:46 pm\",\"copyright\":\"\\u00c2\\u00a9 2016 Estrop-Barcelona PHOTOGRAPH FOR EDITORIAL USE ONLY\",\"focal_length\":false,\"iso\":false,\"shutter_speed\":false,\"flash\":false,\"title\":\"Ready to Wear Fall\\\/Winter 2016-2017\",\"keywords\":\"Fall\\\/Winter 2016-2017,Ready to Wear\",\"width\":667,\"height\":1000,\"saved\":true,\"thumbnail\":{\"width\":220,\"height\":220,\"ewww_image_optimizer\":\"Reduced by 15.5% (6.5&nbsp;kB)\"},\"webview\":{\"0\":667,\"1\":1000,\"2\":2,\"3\":\"width=\\\"667\\\" height=\\\"1000\\\"\",\"bits\":8,\"channels\":3,\"mime\":\"image\\\/jpeg\",\"ewww_image_optimizer\":\"Reduced by 6.5% (9.9&nbsp;kB) - Previously Optimized\"},\"0\":false,\"ewww_image_optimizer\":\"Reduced by 7.5% (13.5&nbsp;kB)\",\"views\":\"2\",\"likes\":\"0\"},\"title\":\"Ready to Wear Fall\\\/Winter 2016-2017\",\"description\":\"<p>Ready to Wear Fall\\\/Winter 2016-2017<\\\/p>\",\"link\":null,\"link_target\":\"\",\"download\":\"https:\\\/\\\/bobvarela.com\\\/wp-content\\\/flagallery\\\/celia-vela-en-el-080-barcelona-fashion-fallwinter-2016-2017\\\/celia_vela_023.jpg\",\"ratio\":0.6670000000000000373034936274052597582340240478515625},{\"id\":\"22590\",\"image\":\"https:\\\/\\\/bobvarela.com\\\/wp-content\\\/flagallery\\\/celia-vela-en-el-080-barcelona-fashion-fallwinter-2016-2017\\\/webview\\\/celia_vela_024.jpg\",\"thumb\":\"https:\\\/\\\/bobvarela.com\\\/wp-content\\\/flagallery\\\/celia-vela-en-el-080-barcelona-fashion-fallwinter-2016-2017\\\/thumbs\\\/thumbs_celia_vela_024.jpg\",\"file\":\"celia_vela_024.jpg\",\"meta\":{\"aperture\":false,\"credit\":false,\"camera\":false,\"caption\":\"Ready to Wear Fall\\\/Winter 2016-2017\",\"created_timestamp\":\"February 1, 2016 5:46 pm\",\"copyright\":\"\\u00c2\\u00a9 2016 Estrop-Barcelona PHOTOGRAPH FOR EDITORIAL USE ONLY\",\"focal_length\":false,\"iso\":false,\"shutter_speed\":false,\"flash\":false,\"title\":\"Ready to Wear Fall\\\/Winter 2016-2017\",\"keywords\":\"Fall\\\/Winter 2016-2017,Ready to Wear\",\"width\":667,\"height\":1000,\"saved\":true,\"thumbnail\":{\"width\":220,\"height\":220,\"ewww_image_optimizer\":\"Reduced by 12.7% (6.6&nbsp;kB)\"},\"webview\":{\"0\":667,\"1\":1000,\"2\":2,\"3\":\"width=\\\"667\\\" height=\\\"1000\\\"\",\"bits\":8,\"channels\":3,\"mime\":\"image\\\/jpeg\",\"ewww_image_optimizer\":\"Reduced by 8.1% (14.6&nbsp;kB)\"},\"0\":false,\"ewww_image_optimizer\":\"Reduced by 8.1% (14.6&nbsp;kB)\",\"views\":\"0\",\"likes\":\"0\"},\"title\":\"Ready to Wear Fall\\\/Winter 2016-2017\",\"description\":\"<p>Ready to Wear Fall\\\/Winter 2016-2017<\\\/p>\",\"link\":null,\"link_target\":\"\",\"download\":\"https:\\\/\\\/bobvarela.com\\\/wp-content\\\/flagallery\\\/celia-vela-en-el-080-barcelona-fashion-fallwinter-2016-2017\\\/celia_vela_024.jpg\",\"ratio\":0.6670000000000000373034936274052597582340240478515625},{\"id\":\"22591\",\"image\":\"https:\\\/\\\/bobvarela.com\\\/wp-content\\\/flagallery\\\/celia-vela-en-el-080-barcelona-fashion-fallwinter-2016-2017\\\/webview\\\/celia_vela_025.jpg\",\"thumb\":\"https:\\\/\\\/bobvarela.com\\\/wp-content\\\/flagallery\\\/celia-vela-en-el-080-barcelona-fashion-fallwinter-2016-2017\\\/thumbs\\\/thumbs_celia_vela_025.jpg\",\"file\":\"celia_vela_025.jpg\",\"meta\":{\"aperture\":false,\"credit\":false,\"camera\":false,\"caption\":\"Ready to Wear Fall\\\/Winter 2016-2017\",\"created_timestamp\":\"February 1, 2016 5:46 pm\",\"copyright\":\"\\u00c2\\u00a9 2016 Estrop-Barcelona PHOTOGRAPH FOR EDITORIAL USE ONLY\",\"focal_length\":false,\"iso\":false,\"shutter_speed\":false,\"flash\":false,\"title\":\"Ready to Wear Fall\\\/Winter 2016-2017\",\"keywords\":\"Fall\\\/Winter 2016-2017,Ready to Wear\",\"width\":667,\"height\":1000,\"saved\":true,\"thumbnail\":{\"width\":220,\"height\":220,\"ewww_image_optimizer\":\"Reduced by 15.2% (8.0&nbsp;kB)\"},\"webview\":{\"0\":667,\"1\":1000,\"2\":2,\"3\":\"width=\\\"667\\\" height=\\\"1000\\\"\",\"bits\":8,\"channels\":3,\"mime\":\"image\\\/jpeg\",\"ewww_image_optimizer\":\"Reduced by 6.2% (11.3&nbsp;kB) - Previously Optimized\"},\"0\":false,\"ewww_image_optimizer\":\"Reduced by 5.5% (10.0&nbsp;kB)\",\"views\":\"2\",\"likes\":\"0\"},\"title\":\"Ready to Wear Fall\\\/Winter 2016-2017\",\"description\":\"<p>Ready to Wear Fall\\\/Winter 2016-2017<\\\/p>\",\"link\":null,\"link_target\":\"\",\"download\":\"https:\\\/\\\/bobvarela.com\\\/wp-content\\\/flagallery\\\/celia-vela-en-el-080-barcelona-fashion-fallwinter-2016-2017\\\/celia_vela_025.jpg\",\"ratio\":0.6670000000000000373034936274052597582340240478515625},{\"id\":\"22592\",\"image\":\"https:\\\/\\\/bobvarela.com\\\/wp-content\\\/flagallery\\\/celia-vela-en-el-080-barcelona-fashion-fallwinter-2016-2017\\\/webview\\\/celia_vela_026.jpg\",\"thumb\":\"https:\\\/\\\/bobvarela.com\\\/wp-content\\\/flagallery\\\/celia-vela-en-el-080-barcelona-fashion-fallwinter-2016-2017\\\/thumbs\\\/thumbs_celia_vela_026.jpg\",\"file\":\"celia_vela_026.jpg\",\"meta\":{\"aperture\":false,\"credit\":false,\"camera\":false,\"caption\":\"Ready to Wear Fall\\\/Winter 2016-2017\",\"created_timestamp\":\"February 1, 2016 5:45 pm\",\"copyright\":\"\\u00c2\\u00a9 2016 Estrop-Barcelona PHOTOGRAPH FOR EDITORIAL USE ONLY\",\"focal_length\":false,\"iso\":false,\"shutter_speed\":false,\"flash\":false,\"title\":\"Ready to Wear Fall\\\/Winter 2016-2017\",\"keywords\":\"Fall\\\/Winter 2016-2017,Ready to Wear\",\"width\":667,\"height\":1000,\"saved\":true,\"thumbnail\":{\"width\":220,\"height\":220,\"ewww_image_optimizer\":\"Reduced by 17.2% (8.3&nbsp;kB)\"},\"webview\":{\"0\":667,\"1\":1000,\"2\":2,\"3\":\"width=\\\"667\\\" height=\\\"1000\\\"\",\"bits\":8,\"channels\":3,\"mime\":\"image\\\/jpeg\",\"ewww_image_optimizer\":\"Reduced by 7.1% (11.7&nbsp;kB) - Previously Optimized\"},\"0\":false,\"ewww_image_optimizer\":\"Reduced by 6.1% (10.0&nbsp;kB)\",\"views\":\"0\",\"likes\":\"0\"},\"title\":\"Ready to Wear Fall\\\/Winter 2016-2017\",\"description\":\"<p>Ready to Wear Fall\\\/Winter 2016-2017<\\\/p>\",\"link\":null,\"link_target\":\"\",\"download\":\"https:\\\/\\\/bobvarela.com\\\/wp-content\\\/flagallery\\\/celia-vela-en-el-080-barcelona-fashion-fallwinter-2016-2017\\\/celia_vela_026.jpg\",\"ratio\":0.6670000000000000373034936274052597582340240478515625},{\"id\":\"22593\",\"image\":\"https:\\\/\\\/bobvarela.com\\\/wp-content\\\/flagallery\\\/celia-vela-en-el-080-barcelona-fashion-fallwinter-2016-2017\\\/webview\\\/celia_vela_027.jpg\",\"thumb\":\"https:\\\/\\\/bobvarela.com\\\/wp-content\\\/flagallery\\\/celia-vela-en-el-080-barcelona-fashion-fallwinter-2016-2017\\\/thumbs\\\/thumbs_celia_vela_027.jpg\",\"file\":\"celia_vela_027.jpg\",\"meta\":{\"aperture\":false,\"credit\":false,\"camera\":false,\"caption\":\"Ready to Wear Fall\\\/Winter 2016-2017\",\"created_timestamp\":\"February 1, 2016 5:46 pm\",\"copyright\":\"\\u00c2\\u00a9 2016 Estrop-Barcelona PHOTOGRAPH FOR EDITORIAL USE ONLY\",\"focal_length\":false,\"iso\":false,\"shutter_speed\":false,\"flash\":false,\"title\":\"Ready to Wear Fall\\\/Winter 2016-2017\",\"keywords\":\"Fall\\\/Winter 2016-2017,Ready to Wear\",\"width\":667,\"height\":1000,\"saved\":true,\"thumbnail\":{\"width\":220,\"height\":220,\"ewww_image_optimizer\":\"Reduced by 14.3% (4.2&nbsp;kB)\"},\"webview\":{\"0\":667,\"1\":1000,\"2\":2,\"3\":\"width=\\\"667\\\" height=\\\"1000\\\"\",\"bits\":8,\"channels\":3,\"mime\":\"image\\\/jpeg\",\"ewww_image_optimizer\":\"Reduced by 5.7% (6.1&nbsp;kB) - Previously Optimized\"},\"0\":false,\"ewww_image_optimizer\":\"Reduced by 7.4% (13.8&nbsp;kB)\",\"views\":\"2\",\"likes\":\"0\"},\"title\":\"Ready to Wear Fall\\\/Winter 2016-2017\",\"description\":\"<p>Ready to Wear Fall\\\/Winter 2016-2017<\\\/p>\",\"link\":null,\"link_target\":\"\",\"download\":\"https:\\\/\\\/bobvarela.com\\\/wp-content\\\/flagallery\\\/celia-vela-en-el-080-barcelona-fashion-fallwinter-2016-2017\\\/celia_vela_027.jpg\",\"ratio\":0.6670000000000000373034936274052597582340240478515625},{\"id\":\"22594\",\"image\":\"https:\\\/\\\/bobvarela.com\\\/wp-content\\\/flagallery\\\/celia-vela-en-el-080-barcelona-fashion-fallwinter-2016-2017\\\/webview\\\/celia_vela_028.jpg\",\"thumb\":\"https:\\\/\\\/bobvarela.com\\\/wp-content\\\/flagallery\\\/celia-vela-en-el-080-barcelona-fashion-fallwinter-2016-2017\\\/thumbs\\\/thumbs_celia_vela_028.jpg\",\"file\":\"celia_vela_028.jpg\",\"meta\":{\"aperture\":false,\"credit\":false,\"camera\":false,\"caption\":\"Ready to Wear Fall\\\/Winter 2016-2017\",\"created_timestamp\":\"February 1, 2016 5:46 pm\",\"copyright\":\"\\u00c2\\u00a9 2016 Estrop-Barcelona PHOTOGRAPH FOR EDITORIAL USE ONLY\",\"focal_length\":false,\"iso\":false,\"shutter_speed\":false,\"flash\":false,\"title\":\"Ready to Wear Fall\\\/Winter 2016-2017\",\"keywords\":\"Fall\\\/Winter 2016-2017,Ready to Wear\",\"width\":667,\"height\":1000,\"saved\":true,\"thumbnail\":{\"width\":220,\"height\":220,\"ewww_image_optimizer\":\"Reduced by 21.7% (10.4&nbsp;kB)\"},\"webview\":{\"0\":667,\"1\":1000,\"2\":2,\"3\":\"width=\\\"667\\\" height=\\\"1000\\\"\",\"bits\":8,\"channels\":3,\"mime\":\"image\\\/jpeg\",\"ewww_image_optimizer\":\"Reduced by 14.4% (26.7&nbsp;kB) - Previously Optimized\"},\"0\":false,\"ewww_image_optimizer\":\"Reduced by 15.0% (25.4&nbsp;kB)\",\"views\":\"0\",\"likes\":\"0\"},\"title\":\"Ready to Wear Fall\\\/Winter 2016-2017\",\"description\":\"<p>Ready to Wear Fall\\\/Winter 2016-2017<\\\/p>\",\"link\":null,\"link_target\":\"\",\"download\":\"https:\\\/\\\/bobvarela.com\\\/wp-content\\\/flagallery\\\/celia-vela-en-el-080-barcelona-fashion-fallwinter-2016-2017\\\/celia_vela_028.jpg\",\"ratio\":0.6670000000000000373034936274052597582340240478515625},{\"id\":\"22595\",\"image\":\"https:\\\/\\\/bobvarela.com\\\/wp-content\\\/flagallery\\\/celia-vela-en-el-080-barcelona-fashion-fallwinter-2016-2017\\\/webview\\\/celia_vela_029.jpg\",\"thumb\":\"https:\\\/\\\/bobvarela.com\\\/wp-content\\\/flagallery\\\/celia-vela-en-el-080-barcelona-fashion-fallwinter-2016-2017\\\/thumbs\\\/thumbs_celia_vela_029.jpg\",\"file\":\"celia_vela_029.jpg\",\"meta\":{\"aperture\":false,\"credit\":false,\"camera\":false,\"caption\":\"Ready to Wear Fall\\\/Winter 2016-2017\",\"created_timestamp\":\"February 1, 2016 5:46 pm\",\"copyright\":\"\\u00c2\\u00a9 2016 Estrop-Barcelona PHOTOGRAPH FOR EDITORIAL USE ONLY\",\"focal_length\":false,\"iso\":false,\"shutter_speed\":false,\"flash\":false,\"title\":\"Ready to Wear Fall\\\/Winter 2016-2017\",\"keywords\":\"Fall\\\/Winter 2016-2017,Ready to Wear\",\"width\":667,\"height\":1000,\"saved\":true,\"thumbnail\":{\"width\":220,\"height\":220,\"ewww_image_optimizer\":\"Reduced by 9.8% (2.3&nbsp;kB)\"},\"webview\":{\"0\":667,\"1\":1000,\"2\":2,\"3\":\"width=\\\"667\\\" height=\\\"1000\\\"\",\"bits\":8,\"channels\":3,\"mime\":\"image\\\/jpeg\",\"ewww_image_optimizer\":\"Reduced by 5.9% (4.7&nbsp;kB) - Previously Optimized\"},\"0\":false,\"ewww_image_optimizer\":\"Reduced by 6.2% (9.1&nbsp;kB)\",\"views\":\"0\",\"likes\":\"0\"},\"title\":\"Ready to Wear Fall\\\/Winter 2016-2017\",\"description\":\"<p>Ready to Wear Fall\\\/Winter 2016-2017<\\\/p>\",\"link\":null,\"link_target\":\"\",\"download\":\"https:\\\/\\\/bobvarela.com\\\/wp-content\\\/flagallery\\\/celia-vela-en-el-080-barcelona-fashion-fallwinter-2016-2017\\\/celia_vela_029.jpg\",\"ratio\":0.6670000000000000373034936274052597582340240478515625},{\"id\":\"22596\",\"image\":\"https:\\\/\\\/bobvarela.com\\\/wp-content\\\/flagallery\\\/celia-vela-en-el-080-barcelona-fashion-fallwinter-2016-2017\\\/webview\\\/celia_vela_030.jpg\",\"thumb\":\"https:\\\/\\\/bobvarela.com\\\/wp-content\\\/flagallery\\\/celia-vela-en-el-080-barcelona-fashion-fallwinter-2016-2017\\\/thumbs\\\/thumbs_celia_vela_030.jpg\",\"file\":\"celia_vela_030.jpg\",\"meta\":{\"aperture\":false,\"credit\":false,\"camera\":false,\"caption\":\"Ready to Wear Fall\\\/Winter 2016-2017\",\"created_timestamp\":\"February 1, 2016 5:46 pm\",\"copyright\":\"\\u00c2\\u00a9 2016 Estrop-Barcelona PHOTOGRAPH FOR EDITORIAL USE ONLY\",\"focal_length\":false,\"iso\":false,\"shutter_speed\":false,\"flash\":false,\"title\":\"Ready to Wear Fall\\\/Winter 2016-2017\",\"keywords\":\"Fall\\\/Winter 2016-2017,Ready to Wear\",\"width\":667,\"height\":1000,\"saved\":true,\"thumbnail\":{\"width\":220,\"height\":220,\"ewww_image_optimizer\":\"Reduced by 11.5% (3.8&nbsp;kB)\"},\"webview\":{\"0\":667,\"1\":1000,\"2\":2,\"3\":\"width=\\\"667\\\" height=\\\"1000\\\"\",\"bits\":8,\"channels\":3,\"mime\":\"image\\\/jpeg\",\"ewww_image_optimizer\":\"Reduced by 6.1% (6.2&nbsp;kB) - Previously Optimized\"},\"0\":false,\"ewww_image_optimizer\":\"Reduced by 6.6% (12.5&nbsp;kB)\",\"views\":\"1\",\"likes\":\"0\"},\"title\":\"Ready to Wear Fall\\\/Winter 2016-2017\",\"description\":\"<p>Ready to Wear Fall\\\/Winter 2016-2017<\\\/p>\",\"link\":null,\"link_target\":\"\",\"download\":\"https:\\\/\\\/bobvarela.com\\\/wp-content\\\/flagallery\\\/celia-vela-en-el-080-barcelona-fashion-fallwinter-2016-2017\\\/celia_vela_030.jpg\",\"ratio\":0.6670000000000000373034936274052597582340240478515625},{\"id\":\"22597\",\"image\":\"https:\\\/\\\/bobvarela.com\\\/wp-content\\\/flagallery\\\/celia-vela-en-el-080-barcelona-fashion-fallwinter-2016-2017\\\/webview\\\/celia_vela_031.jpg\",\"thumb\":\"https:\\\/\\\/bobvarela.com\\\/wp-content\\\/flagallery\\\/celia-vela-en-el-080-barcelona-fashion-fallwinter-2016-2017\\\/thumbs\\\/thumbs_celia_vela_031.jpg\",\"file\":\"celia_vela_031.jpg\",\"meta\":{\"aperture\":false,\"credit\":false,\"camera\":false,\"caption\":\"Ready to Wear Fall\\\/Winter 2016-2017\",\"created_timestamp\":\"February 1, 2016 5:46 pm\",\"copyright\":\"\\u00c2\\u00a9 2016 Estrop-Barcelona PHOTOGRAPH FOR EDITORIAL USE ONLY\",\"focal_length\":false,\"iso\":false,\"shutter_speed\":false,\"flash\":false,\"title\":\"Ready to Wear Fall\\\/Winter 2016-2017\",\"keywords\":\"Fall\\\/Winter 2016-2017,Ready to Wear\",\"width\":667,\"height\":1000,\"saved\":true,\"thumbnail\":{\"width\":220,\"height\":220,\"ewww_image_optimizer\":\"Reduced by 10.4% (3.3&nbsp;kB)\"},\"webview\":{\"0\":667,\"1\":1000,\"2\":2,\"3\":\"width=\\\"667\\\" height=\\\"1000\\\"\",\"bits\":8,\"channels\":3,\"mime\":\"image\\\/jpeg\",\"ewww_image_optimizer\":\"Reduced by 6.6% (6.3&nbsp;kB) - Previously Optimized\"},\"0\":false,\"ewww_image_optimizer\":\"Reduced by 6.3% (11.7&nbsp;kB)\",\"views\":\"1\",\"likes\":\"0\"},\"title\":\"Ready to Wear Fall\\\/Winter 2016-2017\",\"description\":\"<p>Ready to Wear Fall\\\/Winter 2016-2017<\\\/p>\",\"link\":null,\"link_target\":\"\",\"download\":\"https:\\\/\\\/bobvarela.com\\\/wp-content\\\/flagallery\\\/celia-vela-en-el-080-barcelona-fashion-fallwinter-2016-2017\\\/celia_vela_031.jpg\",\"ratio\":0.6670000000000000373034936274052597582340240478515625},{\"id\":\"22598\",\"image\":\"https:\\\/\\\/bobvarela.com\\\/wp-content\\\/flagallery\\\/celia-vela-en-el-080-barcelona-fashion-fallwinter-2016-2017\\\/webview\\\/celia_vela_032.jpg\",\"thumb\":\"https:\\\/\\\/bobvarela.com\\\/wp-content\\\/flagallery\\\/celia-vela-en-el-080-barcelona-fashion-fallwinter-2016-2017\\\/thumbs\\\/thumbs_celia_vela_032.jpg\",\"file\":\"celia_vela_032.jpg\",\"meta\":{\"aperture\":false,\"credit\":false,\"camera\":false,\"caption\":\"Ready to Wear Fall\\\/Winter 2016-2017\",\"created_timestamp\":\"February 1, 2016 5:46 pm\",\"copyright\":\"\\u00c2\\u00a9 2016 Estrop-Barcelona PHOTOGRAPH FOR EDITORIAL USE ONLY\",\"focal_length\":false,\"iso\":false,\"shutter_speed\":false,\"flash\":false,\"title\":\"Ready to Wear Fall\\\/Winter 2016-2017\",\"keywords\":\"Fall\\\/Winter 2016-2017,Ready to Wear\",\"width\":667,\"height\":1000,\"saved\":true,\"thumbnail\":{\"width\":220,\"height\":220,\"ewww_image_optimizer\":\"Reduced by 8.9% (1.8&nbsp;kB)\"},\"webview\":{\"0\":667,\"1\":1000,\"2\":2,\"3\":\"width=\\\"667\\\" height=\\\"1000\\\"\",\"bits\":8,\"channels\":3,\"mime\":\"image\\\/jpeg\",\"ewww_image_optimizer\":\"Reduced by 6.4% (3.9&nbsp;kB) - Previously Optimized\"},\"0\":false,\"ewww_image_optimizer\":\"Reduced by 10.9% (21.4&nbsp;kB)\",\"views\":\"0\",\"likes\":\"0\"},\"title\":\"Ready to Wear Fall\\\/Winter 2016-2017\",\"description\":\"<p>Ready to Wear Fall\\\/Winter 2016-2017<\\\/p>\",\"link\":null,\"link_target\":\"\",\"download\":\"https:\\\/\\\/bobvarela.com\\\/wp-content\\\/flagallery\\\/celia-vela-en-el-080-barcelona-fashion-fallwinter-2016-2017\\\/celia_vela_032.jpg\",\"ratio\":0.6670000000000000373034936274052597582340240478515625},{\"id\":\"22599\",\"image\":\"https:\\\/\\\/bobvarela.com\\\/wp-content\\\/flagallery\\\/celia-vela-en-el-080-barcelona-fashion-fallwinter-2016-2017\\\/webview\\\/celia_vela_033.jpg\",\"thumb\":\"https:\\\/\\\/bobvarela.com\\\/wp-content\\\/flagallery\\\/celia-vela-en-el-080-barcelona-fashion-fallwinter-2016-2017\\\/thumbs\\\/thumbs_celia_vela_033.jpg\",\"file\":\"celia_vela_033.jpg\",\"meta\":{\"aperture\":false,\"credit\":false,\"camera\":false,\"caption\":\"Ready to Wear Fall\\\/Winter 2016-2017\",\"created_timestamp\":\"February 1, 2016 5:46 pm\",\"copyright\":\"\\u00c2\\u00a9 2016 Estrop-Barcelona PHOTOGRAPH FOR EDITORIAL USE ONLY\",\"focal_length\":false,\"iso\":false,\"shutter_speed\":false,\"flash\":false,\"title\":\"Ready to Wear Fall\\\/Winter 2016-2017\",\"keywords\":\"Fall\\\/Winter 2016-2017,Ready to Wear\",\"width\":667,\"height\":1000,\"saved\":true,\"thumbnail\":{\"width\":220,\"height\":220,\"ewww_image_optimizer\":\"Reduced by 10.4% (2.9&nbsp;kB)\"},\"webview\":{\"0\":667,\"1\":1000,\"2\":2,\"3\":\"width=\\\"667\\\" height=\\\"1000\\\"\",\"bits\":8,\"channels\":3,\"mime\":\"image\\\/jpeg\",\"ewww_image_optimizer\":\"Reduced by 7.0% (6.5&nbsp;kB) - Previously Optimized\"},\"0\":false,\"ewww_image_optimizer\":\"Reduced by 7.3% (12.2&nbsp;kB)\",\"views\":\"1\",\"likes\":\"0\"},\"title\":\"Ready to Wear Fall\\\/Winter 2016-2017\",\"description\":\"<p>Ready to Wear Fall\\\/Winter 2016-2017<\\\/p>\",\"link\":null,\"link_target\":\"\",\"download\":\"https:\\\/\\\/bobvarela.com\\\/wp-content\\\/flagallery\\\/celia-vela-en-el-080-barcelona-fashion-fallwinter-2016-2017\\\/celia_vela_033.jpg\",\"ratio\":0.6670000000000000373034936274052597582340240478515625},{\"id\":\"22600\",\"image\":\"https:\\\/\\\/bobvarela.com\\\/wp-content\\\/flagallery\\\/celia-vela-en-el-080-barcelona-fashion-fallwinter-2016-2017\\\/webview\\\/celia_vela_034.jpg\",\"thumb\":\"https:\\\/\\\/bobvarela.com\\\/wp-content\\\/flagallery\\\/celia-vela-en-el-080-barcelona-fashion-fallwinter-2016-2017\\\/thumbs\\\/thumbs_celia_vela_034.jpg\",\"file\":\"celia_vela_034.jpg\",\"meta\":{\"aperture\":false,\"credit\":false,\"camera\":false,\"caption\":\"Ready to Wear Fall\\\/Winter 2016-2017\",\"created_timestamp\":\"February 1, 2016 5:46 pm\",\"copyright\":\"\\u00c2\\u00a9 2016 Estrop-Barcelona PHOTOGRAPH FOR EDITORIAL USE ONLY\",\"focal_length\":false,\"iso\":false,\"shutter_speed\":false,\"flash\":false,\"title\":\"Ready to Wear Fall\\\/Winter 2016-2017\",\"keywords\":\"Fall\\\/Winter 2016-2017,Ready to Wear\",\"width\":667,\"height\":1000,\"saved\":true,\"thumbnail\":{\"width\":220,\"height\":220,\"ewww_image_optimizer\":\"Reduced by 7.5% (2.2&nbsp;kB)\"},\"webview\":{\"0\":667,\"1\":1000,\"2\":2,\"3\":\"width=\\\"667\\\" height=\\\"1000\\\"\",\"bits\":8,\"channels\":3,\"mime\":\"image\\\/jpeg\",\"ewww_image_optimizer\":\"Reduced by 6.6% (8.1&nbsp;kB) - Previously Optimized\"},\"0\":false,\"ewww_image_optimizer\":\"Reduced by 5.9% (9.4&nbsp;kB)\",\"views\":\"0\",\"likes\":\"0\"},\"title\":\"Ready to Wear Fall\\\/Winter 2016-2017\",\"description\":\"<p>Ready to Wear Fall\\\/Winter 2016-2017<\\\/p>\",\"link\":null,\"link_target\":\"\",\"download\":\"https:\\\/\\\/bobvarela.com\\\/wp-content\\\/flagallery\\\/celia-vela-en-el-080-barcelona-fashion-fallwinter-2016-2017\\\/celia_vela_034.jpg\",\"ratio\":0.6670000000000000373034936274052597582340240478515625},{\"id\":\"22601\",\"image\":\"https:\\\/\\\/bobvarela.com\\\/wp-content\\\/flagallery\\\/celia-vela-en-el-080-barcelona-fashion-fallwinter-2016-2017\\\/webview\\\/celia_vela_035.jpg\",\"thumb\":\"https:\\\/\\\/bobvarela.com\\\/wp-content\\\/flagallery\\\/celia-vela-en-el-080-barcelona-fashion-fallwinter-2016-2017\\\/thumbs\\\/thumbs_celia_vela_035.jpg\",\"file\":\"celia_vela_035.jpg\",\"meta\":{\"aperture\":false,\"credit\":false,\"camera\":false,\"caption\":\"Ready to Wear Fall\\\/Winter 2016-2017\",\"created_timestamp\":\"February 1, 2016 5:47 pm\",\"copyright\":\"\\u00c2\\u00a9 2016 Estrop-Barcelona PHOTOGRAPH FOR EDITORIAL USE ONLY\",\"focal_length\":false,\"iso\":false,\"shutter_speed\":false,\"flash\":false,\"title\":\"Ready to Wear Fall\\\/Winter 2016-2017\",\"keywords\":\"Fall\\\/Winter 2016-2017,Ready to Wear\",\"width\":667,\"height\":1000,\"saved\":true,\"thumbnail\":{\"width\":220,\"height\":220,\"ewww_image_optimizer\":\"Reduced by 8.2% (2.0&nbsp;kB)\"},\"webview\":{\"0\":667,\"1\":1000,\"2\":2,\"3\":\"width=\\\"667\\\" height=\\\"1000\\\"\",\"bits\":8,\"channels\":3,\"mime\":\"image\\\/jpeg\",\"ewww_image_optimizer\":\"Reduced by 5.6% (4.5&nbsp;kB) - Previously Optimized\"},\"0\":false,\"ewww_image_optimizer\":\"Reduced by 5.4% (8.2&nbsp;kB)\",\"views\":\"2\",\"likes\":\"0\"},\"title\":\"Ready to Wear Fall\\\/Winter 2016-2017\",\"description\":\"<p>Ready to Wear Fall\\\/Winter 2016-2017<\\\/p>\",\"link\":null,\"link_target\":\"\",\"download\":\"https:\\\/\\\/bobvarela.com\\\/wp-content\\\/flagallery\\\/celia-vela-en-el-080-barcelona-fashion-fallwinter-2016-2017\\\/celia_vela_035.jpg\",\"ratio\":0.6670000000000000373034936274052597582340240478515625},{\"id\":\"22602\",\"image\":\"https:\\\/\\\/bobvarela.com\\\/wp-content\\\/flagallery\\\/celia-vela-en-el-080-barcelona-fashion-fallwinter-2016-2017\\\/webview\\\/celia_vela_036.jpg\",\"thumb\":\"https:\\\/\\\/bobvarela.com\\\/wp-content\\\/flagallery\\\/celia-vela-en-el-080-barcelona-fashion-fallwinter-2016-2017\\\/thumbs\\\/thumbs_celia_vela_036.jpg\",\"file\":\"celia_vela_036.jpg\",\"meta\":{\"aperture\":false,\"credit\":false,\"camera\":false,\"caption\":\"Ready to Wear Fall\\\/Winter 2016-2017\",\"created_timestamp\":\"February 1, 2016 5:47 pm\",\"copyright\":\"\\u00c2\\u00a9 2016 Estrop-Barcelona PHOTOGRAPH FOR EDITORIAL USE ONLY\",\"focal_length\":false,\"iso\":false,\"shutter_speed\":false,\"flash\":false,\"title\":\"Ready to Wear Fall\\\/Winter 2016-2017\",\"keywords\":\"Fall\\\/Winter 2016-2017,Ready to Wear\",\"width\":667,\"height\":1000,\"saved\":true,\"thumbnail\":{\"width\":220,\"height\":220,\"ewww_image_optimizer\":\"Reduced by 9.3% (2.6&nbsp;kB)\"},\"webview\":{\"0\":667,\"1\":1000,\"2\":2,\"3\":\"width=\\\"667\\\" height=\\\"1000\\\"\",\"bits\":8,\"channels\":3,\"mime\":\"image\\\/jpeg\",\"ewww_image_optimizer\":\"Reduced by 5.7% (4.9&nbsp;kB) - Previously Optimized\"},\"0\":false,\"ewww_image_optimizer\":\"Reduced by 5.9% (9.6&nbsp;kB)\",\"views\":\"2\",\"likes\":\"0\"},\"title\":\"Ready to Wear Fall\\\/Winter 2016-2017\",\"description\":\"<p>Ready to Wear Fall\\\/Winter 2016-2017<\\\/p>\",\"link\":null,\"link_target\":\"\",\"download\":\"https:\\\/\\\/bobvarela.com\\\/wp-content\\\/flagallery\\\/celia-vela-en-el-080-barcelona-fashion-fallwinter-2016-2017\\\/celia_vela_036.jpg\",\"ratio\":0.6670000000000000373034936274052597582340240478515625},{\"id\":\"22603\",\"image\":\"https:\\\/\\\/bobvarela.com\\\/wp-content\\\/flagallery\\\/celia-vela-en-el-080-barcelona-fashion-fallwinter-2016-2017\\\/webview\\\/celia_vela_037.jpg\",\"thumb\":\"https:\\\/\\\/bobvarela.com\\\/wp-content\\\/flagallery\\\/celia-vela-en-el-080-barcelona-fashion-fallwinter-2016-2017\\\/thumbs\\\/thumbs_celia_vela_037.jpg\",\"file\":\"celia_vela_037.jpg\",\"meta\":{\"aperture\":false,\"credit\":false,\"camera\":false,\"caption\":\"Ready to Wear Fall\\\/Winter 2016-2017\",\"created_timestamp\":\"February 1, 2016 5:47 pm\",\"copyright\":\"\\u00c2\\u00a9 2016 Estrop-Barcelona PHOTOGRAPH FOR EDITORIAL USE ONLY\",\"focal_length\":false,\"iso\":false,\"shutter_speed\":false,\"flash\":false,\"title\":\"Ready to Wear Fall\\\/Winter 2016-2017\",\"keywords\":\"Fall\\\/Winter 2016-2017,Ready to Wear\",\"width\":667,\"height\":1000,\"saved\":true,\"thumbnail\":{\"width\":220,\"height\":220,\"ewww_image_optimizer\":\"Reduced by 8.2% (2.2&nbsp;kB)\"},\"webview\":{\"0\":667,\"1\":1000,\"2\":2,\"3\":\"width=\\\"667\\\" height=\\\"1000\\\"\",\"bits\":8,\"channels\":3,\"mime\":\"image\\\/jpeg\",\"ewww_image_optimizer\":\"Reduced by 5.5% (4.8&nbsp;kB) - Previously Optimized\"},\"0\":false,\"ewww_image_optimizer\":\"Reduced by 5.7% (9.3&nbsp;kB)\",\"views\":\"1\",\"likes\":\"0\"},\"title\":\"Ready to Wear Fall\\\/Winter 2016-2017\",\"description\":\"<p>Ready to Wear Fall\\\/Winter 2016-2017<\\\/p>\",\"link\":null,\"link_target\":\"\",\"download\":\"https:\\\/\\\/bobvarela.com\\\/wp-content\\\/flagallery\\\/celia-vela-en-el-080-barcelona-fashion-fallwinter-2016-2017\\\/celia_vela_037.jpg\",\"ratio\":0.6670000000000000373034936274052597582340240478515625},{\"id\":\"22604\",\"image\":\"https:\\\/\\\/bobvarela.com\\\/wp-content\\\/flagallery\\\/celia-vela-en-el-080-barcelona-fashion-fallwinter-2016-2017\\\/webview\\\/celia_vela_038.jpg\",\"thumb\":\"https:\\\/\\\/bobvarela.com\\\/wp-content\\\/flagallery\\\/celia-vela-en-el-080-barcelona-fashion-fallwinter-2016-2017\\\/thumbs\\\/thumbs_celia_vela_038.jpg\",\"file\":\"celia_vela_038.jpg\",\"meta\":{\"aperture\":false,\"credit\":false,\"camera\":false,\"caption\":\"Ready to Wear Fall\\\/Winter 2016-2017\",\"created_timestamp\":\"February 1, 2016 5:47 pm\",\"copyright\":\"\\u00c2\\u00a9 2016 Estrop-Barcelona PHOTOGRAPH FOR EDITORIAL USE ONLY\",\"focal_length\":false,\"iso\":false,\"shutter_speed\":false,\"flash\":false,\"title\":\"Ready to Wear Fall\\\/Winter 2016-2017\",\"keywords\":\"Fall\\\/Winter 2016-2017,Ready to Wear\",\"width\":667,\"height\":1000,\"saved\":true,\"thumbnail\":{\"width\":220,\"height\":220,\"ewww_image_optimizer\":\"Reduced by 9.4% (2.7&nbsp;kB)\"},\"webview\":{\"0\":667,\"1\":1000,\"2\":2,\"3\":\"width=\\\"667\\\" height=\\\"1000\\\"\",\"bits\":8,\"channels\":3,\"mime\":\"image\\\/jpeg\",\"ewww_image_optimizer\":\"Reduced by 5.8% (5.2&nbsp;kB) - Previously Optimized\"},\"0\":false,\"ewww_image_optimizer\":\"Reduced by 6.3% (10.5&nbsp;kB)\",\"views\":\"2\",\"likes\":\"0\"},\"title\":\"Ready to Wear Fall\\\/Winter 2016-2017\",\"description\":\"<p>Ready to Wear Fall\\\/Winter 2016-2017<\\\/p>\",\"link\":null,\"link_target\":\"\",\"download\":\"https:\\\/\\\/bobvarela.com\\\/wp-content\\\/flagallery\\\/celia-vela-en-el-080-barcelona-fashion-fallwinter-2016-2017\\\/celia_vela_038.jpg\",\"ratio\":0.6670000000000000373034936274052597582340240478515625},{\"id\":\"22605\",\"image\":\"https:\\\/\\\/bobvarela.com\\\/wp-content\\\/flagallery\\\/celia-vela-en-el-080-barcelona-fashion-fallwinter-2016-2017\\\/webview\\\/celia_vela_039.jpg\",\"thumb\":\"https:\\\/\\\/bobvarela.com\\\/wp-content\\\/flagallery\\\/celia-vela-en-el-080-barcelona-fashion-fallwinter-2016-2017\\\/thumbs\\\/thumbs_celia_vela_039.jpg\",\"file\":\"celia_vela_039.jpg\",\"meta\":{\"aperture\":false,\"credit\":false,\"camera\":false,\"caption\":\"Ready to Wear Fall\\\/Winter 2016-2017\",\"created_timestamp\":\"February 1, 2016 5:47 pm\",\"copyright\":\"\\u00c2\\u00a9 2016 Estrop-Barcelona PHOTOGRAPH FOR EDITORIAL USE ONLY\",\"focal_length\":false,\"iso\":false,\"shutter_speed\":false,\"flash\":false,\"title\":\"Ready to Wear Fall\\\/Winter 2016-2017\",\"keywords\":\"Fall\\\/Winter 2016-2017,Ready to Wear\",\"width\":667,\"height\":1000,\"saved\":true,\"thumbnail\":{\"width\":220,\"height\":220,\"ewww_image_optimizer\":\"Reduced by 9.5% (2.7&nbsp;kB)\"},\"webview\":{\"0\":667,\"1\":1000,\"2\":2,\"3\":\"width=\\\"667\\\" height=\\\"1000\\\"\",\"bits\":8,\"channels\":3,\"mime\":\"image\\\/jpeg\",\"ewww_image_optimizer\":\"Reduced by 5.4% (5.4&nbsp;kB) - Previously Optimized\"},\"0\":false,\"ewww_image_optimizer\":\"Reduced by 5.5% (10.1&nbsp;kB)\",\"views\":\"2\",\"likes\":\"0\"},\"title\":\"Ready to Wear Fall\\\/Winter 2016-2017\",\"description\":\"<p>Ready to Wear Fall\\\/Winter 2016-2017<\\\/p>\",\"link\":null,\"link_target\":\"\",\"download\":\"https:\\\/\\\/bobvarela.com\\\/wp-content\\\/flagallery\\\/celia-vela-en-el-080-barcelona-fashion-fallwinter-2016-2017\\\/celia_vela_039.jpg\",\"ratio\":0.6670000000000000373034936274052597582340240478515625},{\"id\":\"22606\",\"image\":\"https:\\\/\\\/bobvarela.com\\\/wp-content\\\/flagallery\\\/celia-vela-en-el-080-barcelona-fashion-fallwinter-2016-2017\\\/webview\\\/celia_vela_040.jpg\",\"thumb\":\"https:\\\/\\\/bobvarela.com\\\/wp-content\\\/flagallery\\\/celia-vela-en-el-080-barcelona-fashion-fallwinter-2016-2017\\\/thumbs\\\/thumbs_celia_vela_040.jpg\",\"file\":\"celia_vela_040.jpg\",\"meta\":{\"aperture\":false,\"credit\":false,\"camera\":false,\"caption\":\"Ready to Wear Fall\\\/Winter 2016-2017\",\"created_timestamp\":\"February 1, 2016 5:47 pm\",\"copyright\":\"\\u00c2\\u00a9 2016 Estrop-Barcelona PHOTOGRAPH FOR EDITORIAL USE ONLY\",\"focal_length\":false,\"iso\":false,\"shutter_speed\":false,\"flash\":false,\"title\":\"Ready to Wear Fall\\\/Winter 2016-2017\",\"keywords\":\"Fall\\\/Winter 2016-2017,Ready to Wear\",\"width\":667,\"height\":1000,\"saved\":true,\"thumbnail\":{\"width\":220,\"height\":220,\"ewww_image_optimizer\":\"Reduced by 12.9% (4.4&nbsp;kB)\"},\"webview\":{\"0\":667,\"1\":1000,\"2\":2,\"3\":\"width=\\\"667\\\" height=\\\"1000\\\"\",\"bits\":8,\"channels\":3,\"mime\":\"image\\\/jpeg\",\"ewww_image_optimizer\":\"Reduced by 7.2% (9.2&nbsp;kB) - Previously Optimized\"},\"0\":false,\"ewww_image_optimizer\":\"Reduced by 6.3% (11.0&nbsp;kB)\",\"views\":\"0\",\"likes\":\"0\"},\"title\":\"Ready to Wear Fall\\\/Winter 2016-2017\",\"description\":\"<p>Ready to Wear Fall\\\/Winter 2016-2017<\\\/p>\",\"link\":null,\"link_target\":\"\",\"download\":\"https:\\\/\\\/bobvarela.com\\\/wp-content\\\/flagallery\\\/celia-vela-en-el-080-barcelona-fashion-fallwinter-2016-2017\\\/celia_vela_040.jpg\",\"ratio\":0.6670000000000000373034936274052597582340240478515625},{\"id\":\"22607\",\"image\":\"https:\\\/\\\/bobvarela.com\\\/wp-content\\\/flagallery\\\/celia-vela-en-el-080-barcelona-fashion-fallwinter-2016-2017\\\/webview\\\/celia_vela_041.jpg\",\"thumb\":\"https:\\\/\\\/bobvarela.com\\\/wp-content\\\/flagallery\\\/celia-vela-en-el-080-barcelona-fashion-fallwinter-2016-2017\\\/thumbs\\\/thumbs_celia_vela_041.jpg\",\"file\":\"celia_vela_041.jpg\",\"meta\":{\"aperture\":false,\"credit\":false,\"camera\":false,\"caption\":\"Ready to Wear Fall\\\/Winter 2016-2017\",\"created_timestamp\":\"February 1, 2016 5:47 pm\",\"copyright\":\"\\u00c2\\u00a9 2016 Estrop-Barcelona PHOTOGRAPH FOR EDITORIAL USE ONLY\",\"focal_length\":false,\"iso\":false,\"shutter_speed\":false,\"flash\":false,\"title\":\"Ready to Wear Fall\\\/Winter 2016-2017\",\"keywords\":\"Fall\\\/Winter 2016-2017,Ready to Wear\",\"width\":667,\"height\":1000,\"saved\":true,\"thumbnail\":{\"width\":220,\"height\":220,\"ewww_image_optimizer\":\"Reduced by 12.2% (5.0&nbsp;kB)\"},\"webview\":{\"0\":667,\"1\":1000,\"2\":2,\"3\":\"width=\\\"667\\\" height=\\\"1000\\\"\",\"bits\":8,\"channels\":3,\"mime\":\"image\\\/jpeg\",\"ewww_image_optimizer\":\"Reduced by 5.8% (8.4&nbsp;kB) - Previously Optimized\"},\"0\":false,\"ewww_image_optimizer\":\"Reduced by 4.8% (9.4&nbsp;kB)\",\"views\":\"1\",\"likes\":\"0\"},\"title\":\"Ready to Wear Fall\\\/Winter 2016-2017\",\"description\":\"<p>Ready to Wear Fall\\\/Winter 2016-2017<\\\/p>\",\"link\":null,\"link_target\":\"\",\"download\":\"https:\\\/\\\/bobvarela.com\\\/wp-content\\\/flagallery\\\/celia-vela-en-el-080-barcelona-fashion-fallwinter-2016-2017\\\/celia_vela_041.jpg\",\"ratio\":0.6670000000000000373034936274052597582340240478515625},{\"id\":\"22608\",\"image\":\"https:\\\/\\\/bobvarela.com\\\/wp-content\\\/flagallery\\\/celia-vela-en-el-080-barcelona-fashion-fallwinter-2016-2017\\\/webview\\\/celia_vela_042.jpg\",\"thumb\":\"https:\\\/\\\/bobvarela.com\\\/wp-content\\\/flagallery\\\/celia-vela-en-el-080-barcelona-fashion-fallwinter-2016-2017\\\/thumbs\\\/thumbs_celia_vela_042.jpg\",\"file\":\"celia_vela_042.jpg\",\"meta\":{\"aperture\":false,\"credit\":false,\"camera\":false,\"caption\":\"Ready to Wear Fall\\\/Winter 2016-2017\",\"created_timestamp\":\"February 1, 2016 5:47 pm\",\"copyright\":\"\\u00c2\\u00a9 2016 Estrop-Barcelona PHOTOGRAPH FOR EDITORIAL USE ONLY\",\"focal_length\":false,\"iso\":false,\"shutter_speed\":false,\"flash\":false,\"title\":\"Ready to Wear Fall\\\/Winter 2016-2017\",\"keywords\":\"Fall\\\/Winter 2016-2017,Ready to Wear\",\"width\":667,\"height\":1000,\"saved\":true,\"thumbnail\":{\"width\":220,\"height\":220,\"ewww_image_optimizer\":\"Reduced by 8.5% (2.2&nbsp;kB)\"},\"webview\":{\"0\":667,\"1\":1000,\"2\":2,\"3\":\"width=\\\"667\\\" height=\\\"1000\\\"\",\"bits\":8,\"channels\":3,\"mime\":\"image\\\/jpeg\",\"ewww_image_optimizer\":\"Reduced by 5.9% (5.4&nbsp;kB) - Previously Optimized\"},\"0\":false,\"ewww_image_optimizer\":\"Reduced by 6.4% (10.7&nbsp;kB)\",\"views\":\"1\",\"likes\":\"0\"},\"title\":\"Ready to Wear Fall\\\/Winter 2016-2017\",\"description\":\"<p>Ready to Wear Fall\\\/Winter 2016-2017<\\\/p>\",\"link\":null,\"link_target\":\"\",\"download\":\"https:\\\/\\\/bobvarela.com\\\/wp-content\\\/flagallery\\\/celia-vela-en-el-080-barcelona-fashion-fallwinter-2016-2017\\\/celia_vela_042.jpg\",\"ratio\":0.6670000000000000373034936274052597582340240478515625},{\"id\":\"22609\",\"image\":\"https:\\\/\\\/bobvarela.com\\\/wp-content\\\/flagallery\\\/celia-vela-en-el-080-barcelona-fashion-fallwinter-2016-2017\\\/webview\\\/celia_vela_043.jpg\",\"thumb\":\"https:\\\/\\\/bobvarela.com\\\/wp-content\\\/flagallery\\\/celia-vela-en-el-080-barcelona-fashion-fallwinter-2016-2017\\\/thumbs\\\/thumbs_celia_vela_043.jpg\",\"file\":\"celia_vela_043.jpg\",\"meta\":{\"aperture\":false,\"credit\":false,\"camera\":false,\"caption\":\"Ready to Wear Fall\\\/Winter 2016-2017\",\"created_timestamp\":\"February 1, 2016 5:47 pm\",\"copyright\":\"\\u00c2\\u00a9 2016 Estrop-Barcelona PHOTOGRAPH FOR EDITORIAL USE ONLY\",\"focal_length\":false,\"iso\":false,\"shutter_speed\":false,\"flash\":false,\"title\":\"Ready to Wear Fall\\\/Winter 2016-2017\",\"keywords\":\"Fall\\\/Winter 2016-2017,Ready to Wear\",\"width\":667,\"height\":1000,\"saved\":true,\"thumbnail\":{\"width\":220,\"height\":220,\"ewww_image_optimizer\":\"Reduced by 10.6% (3.2&nbsp;kB)\"},\"webview\":{\"0\":667,\"1\":1000,\"2\":2,\"3\":\"width=\\\"667\\\" height=\\\"1000\\\"\",\"bits\":8,\"channels\":3,\"mime\":\"image\\\/jpeg\",\"ewww_image_optimizer\":\"Reduced by 7.2% (8.4&nbsp;kB) - Previously Optimized\"},\"0\":false,\"ewww_image_optimizer\":\"Reduced by 6.5% (10.2&nbsp;kB)\",\"views\":\"2\",\"likes\":\"0\"},\"title\":\"Ready to Wear Fall\\\/Winter 2016-2017\",\"description\":\"<p>Ready to Wear Fall\\\/Winter 2016-2017<\\\/p>\",\"link\":null,\"link_target\":\"\",\"download\":\"https:\\\/\\\/bobvarela.com\\\/wp-content\\\/flagallery\\\/celia-vela-en-el-080-barcelona-fashion-fallwinter-2016-2017\\\/celia_vela_043.jpg\",\"ratio\":0.6670000000000000373034936274052597582340240478515625},{\"id\":\"22610\",\"image\":\"https:\\\/\\\/bobvarela.com\\\/wp-content\\\/flagallery\\\/celia-vela-en-el-080-barcelona-fashion-fallwinter-2016-2017\\\/webview\\\/celia_vela_044.jpg\",\"thumb\":\"https:\\\/\\\/bobvarela.com\\\/wp-content\\\/flagallery\\\/celia-vela-en-el-080-barcelona-fashion-fallwinter-2016-2017\\\/thumbs\\\/thumbs_celia_vela_044.jpg\",\"file\":\"celia_vela_044.jpg\",\"meta\":{\"aperture\":false,\"credit\":false,\"camera\":false,\"caption\":\"Ready to Wear Fall\\\/Winter 2016-2017\",\"created_timestamp\":\"February 1, 2016 5:47 pm\",\"copyright\":\"\\u00c2\\u00a9 2016 Estrop-Barcelona PHOTOGRAPH FOR EDITORIAL USE ONLY\",\"focal_length\":false,\"iso\":false,\"shutter_speed\":false,\"flash\":false,\"title\":\"Ready to Wear Fall\\\/Winter 2016-2017\",\"keywords\":\"Fall\\\/Winter 2016-2017,Ready to Wear\",\"width\":667,\"height\":1000,\"saved\":true,\"thumbnail\":{\"width\":220,\"height\":220,\"ewww_image_optimizer\":\"Reduced by 10.5% (3.6&nbsp;kB)\"},\"webview\":{\"0\":667,\"1\":1000,\"2\":2,\"3\":\"width=\\\"667\\\" height=\\\"1000\\\"\",\"bits\":8,\"channels\":3,\"mime\":\"image\\\/jpeg\",\"ewww_image_optimizer\":\"Reduced by 5.1% (4.7&nbsp;kB) - Previously Optimized\"},\"0\":false,\"ewww_image_optimizer\":\"Reduced by 5.8% (10.0&nbsp;kB)\",\"views\":\"0\",\"likes\":\"0\"},\"title\":\"Ready to Wear Fall\\\/Winter 2016-2017\",\"description\":\"<p>Ready to Wear Fall\\\/Winter 2016-2017<\\\/p>\",\"link\":null,\"link_target\":\"\",\"download\":\"https:\\\/\\\/bobvarela.com\\\/wp-content\\\/flagallery\\\/celia-vela-en-el-080-barcelona-fashion-fallwinter-2016-2017\\\/celia_vela_044.jpg\",\"ratio\":0.6670000000000000373034936274052597582340240478515625},{\"id\":\"22611\",\"image\":\"https:\\\/\\\/bobvarela.com\\\/wp-content\\\/flagallery\\\/celia-vela-en-el-080-barcelona-fashion-fallwinter-2016-2017\\\/webview\\\/celia_vela_045.jpg\",\"thumb\":\"https:\\\/\\\/bobvarela.com\\\/wp-content\\\/flagallery\\\/celia-vela-en-el-080-barcelona-fashion-fallwinter-2016-2017\\\/thumbs\\\/thumbs_celia_vela_045.jpg\",\"file\":\"celia_vela_045.jpg\",\"meta\":{\"aperture\":false,\"credit\":false,\"camera\":false,\"caption\":\"Ready to Wear Fall\\\/Winter 2016-2017\",\"created_timestamp\":\"February 1, 2016 5:48 pm\",\"copyright\":\"\\u00c2\\u00a9 2016 Estrop-Barcelona PHOTOGRAPH FOR EDITORIAL USE ONLY\",\"focal_length\":false,\"iso\":false,\"shutter_speed\":false,\"flash\":false,\"title\":\"Ready to Wear Fall\\\/Winter 2016-2017\",\"keywords\":\"Fall\\\/Winter 2016-2017,Ready to Wear\",\"width\":667,\"height\":1000,\"saved\":true,\"thumbnail\":{\"width\":220,\"height\":220,\"ewww_image_optimizer\":\"Reduced by 9.0% (2.3&nbsp;kB)\"},\"webview\":{\"0\":667,\"1\":1000,\"2\":2,\"3\":\"width=\\\"667\\\" height=\\\"1000\\\"\",\"bits\":8,\"channels\":3,\"mime\":\"image\\\/jpeg\",\"ewww_image_optimizer\":\"Reduced by 5.3% (4.5&nbsp;kB) - Previously Optimized\"},\"0\":false,\"ewww_image_optimizer\":\"Reduced by 5.2% (8.3&nbsp;kB)\",\"views\":\"0\",\"likes\":\"0\"},\"title\":\"Ready to Wear Fall\\\/Winter 2016-2017\",\"description\":\"<p>Ready to Wear Fall\\\/Winter 2016-2017<\\\/p>\",\"link\":null,\"link_target\":\"\",\"download\":\"https:\\\/\\\/bobvarela.com\\\/wp-content\\\/flagallery\\\/celia-vela-en-el-080-barcelona-fashion-fallwinter-2016-2017\\\/celia_vela_045.jpg\",\"ratio\":0.6670000000000000373034936274052597582340240478515625},{\"id\":\"22612\",\"image\":\"https:\\\/\\\/bobvarela.com\\\/wp-content\\\/flagallery\\\/celia-vela-en-el-080-barcelona-fashion-fallwinter-2016-2017\\\/webview\\\/celia_vela_046.jpg\",\"thumb\":\"https:\\\/\\\/bobvarela.com\\\/wp-content\\\/flagallery\\\/celia-vela-en-el-080-barcelona-fashion-fallwinter-2016-2017\\\/thumbs\\\/thumbs_celia_vela_046.jpg\",\"file\":\"celia_vela_046.jpg\",\"meta\":{\"aperture\":false,\"credit\":false,\"camera\":false,\"caption\":\"Ready to Wear Fall\\\/Winter 2016-2017\",\"created_timestamp\":\"February 1, 2016 5:48 pm\",\"copyright\":\"\\u00c2\\u00a9 2016 Estrop-Barcelona PHOTOGRAPH FOR EDITORIAL USE ONLY\",\"focal_length\":false,\"iso\":false,\"shutter_speed\":false,\"flash\":false,\"title\":\"Ready to Wear Fall\\\/Winter 2016-2017\",\"keywords\":\"Fall\\\/Winter 2016-2017,Ready to Wear\",\"width\":667,\"height\":1000,\"saved\":true,\"thumbnail\":{\"width\":220,\"height\":220,\"ewww_image_optimizer\":\"Reduced by 10.6% (3.2&nbsp;kB)\"},\"webview\":{\"0\":667,\"1\":1000,\"2\":2,\"3\":\"width=\\\"667\\\" height=\\\"1000\\\"\",\"bits\":8,\"channels\":3,\"mime\":\"image\\\/jpeg\",\"ewww_image_optimizer\":\"Reduced by 5.9% (5.5&nbsp;kB) - Previously Optimized\"},\"0\":false,\"ewww_image_optimizer\":\"Reduced by 6.3% (11.4&nbsp;kB)\",\"views\":\"2\",\"likes\":\"0\"},\"title\":\"Ready to Wear Fall\\\/Winter 2016-2017\",\"description\":\"<p>Ready to Wear Fall\\\/Winter 2016-2017<\\\/p>\",\"link\":null,\"link_target\":\"\",\"download\":\"https:\\\/\\\/bobvarela.com\\\/wp-content\\\/flagallery\\\/celia-vela-en-el-080-barcelona-fashion-fallwinter-2016-2017\\\/celia_vela_046.jpg\",\"ratio\":0.6670000000000000373034936274052597582340240478515625},{\"id\":\"22613\",\"image\":\"https:\\\/\\\/bobvarela.com\\\/wp-content\\\/flagallery\\\/celia-vela-en-el-080-barcelona-fashion-fallwinter-2016-2017\\\/webview\\\/celia_vela_047.jpg\",\"thumb\":\"https:\\\/\\\/bobvarela.com\\\/wp-content\\\/flagallery\\\/celia-vela-en-el-080-barcelona-fashion-fallwinter-2016-2017\\\/thumbs\\\/thumbs_celia_vela_047.jpg\",\"file\":\"celia_vela_047.jpg\",\"meta\":{\"aperture\":false,\"credit\":false,\"camera\":false,\"caption\":\"Ready to Wear Fall\\\/Winter 2016-2017\",\"created_timestamp\":\"February 1, 2016 5:48 pm\",\"copyright\":\"\\u00c2\\u00a9 2016 Estrop-Barcelona PHOTOGRAPH FOR EDITORIAL USE ONLY\",\"focal_length\":false,\"iso\":false,\"shutter_speed\":false,\"flash\":false,\"title\":\"Ready to Wear Fall\\\/Winter 2016-2017\",\"keywords\":\"Fall\\\/Winter 2016-2017,Ready to Wear\",\"width\":667,\"height\":1000,\"saved\":true,\"thumbnail\":{\"width\":220,\"height\":220,\"ewww_image_optimizer\":\"Reduced by 9.8% (2.6&nbsp;kB)\"},\"webview\":{\"0\":667,\"1\":1000,\"2\":2,\"3\":\"width=\\\"667\\\" height=\\\"1000\\\"\",\"bits\":8,\"channels\":3,\"mime\":\"image\\\/jpeg\",\"ewww_image_optimizer\":\"Reduced by 5.9% (5.6&nbsp;kB) - Previously Optimized\"},\"0\":false,\"ewww_image_optimizer\":\"Reduced by 6.0% (10.4&nbsp;kB)\",\"views\":\"1\",\"likes\":\"0\"},\"title\":\"Ready to Wear Fall\\\/Winter 2016-2017\",\"description\":\"<p>Ready to Wear Fall\\\/Winter 2016-2017<\\\/p>\",\"link\":null,\"link_target\":\"\",\"download\":\"https:\\\/\\\/bobvarela.com\\\/wp-content\\\/flagallery\\\/celia-vela-en-el-080-barcelona-fashion-fallwinter-2016-2017\\\/celia_vela_047.jpg\",\"ratio\":0.6670000000000000373034936274052597582340240478515625},{\"id\":\"22614\",\"image\":\"https:\\\/\\\/bobvarela.com\\\/wp-content\\\/flagallery\\\/celia-vela-en-el-080-barcelona-fashion-fallwinter-2016-2017\\\/webview\\\/celia_vela_048.jpg\",\"thumb\":\"https:\\\/\\\/bobvarela.com\\\/wp-content\\\/flagallery\\\/celia-vela-en-el-080-barcelona-fashion-fallwinter-2016-2017\\\/thumbs\\\/thumbs_celia_vela_048.jpg\",\"file\":\"celia_vela_048.jpg\",\"meta\":{\"aperture\":false,\"credit\":false,\"camera\":false,\"caption\":\"Ready to Wear Fall\\\/Winter 2016-2017\",\"created_timestamp\":\"February 1, 2016 5:48 pm\",\"copyright\":\"\\u00c2\\u00a9 2016 Estrop-Barcelona PHOTOGRAPH FOR EDITORIAL USE ONLY\",\"focal_length\":false,\"iso\":false,\"shutter_speed\":false,\"flash\":false,\"title\":\"Ready to Wear Fall\\\/Winter 2016-2017\",\"keywords\":\"Fall\\\/Winter 2016-2017,Ready to Wear\",\"width\":667,\"height\":1000,\"saved\":true,\"thumbnail\":{\"width\":220,\"height\":220,\"ewww_image_optimizer\":\"Reduced by 12.3% (3.9&nbsp;kB)\"},\"webview\":{\"0\":667,\"1\":1000,\"2\":2,\"3\":\"width=\\\"667\\\" height=\\\"1000\\\"\",\"bits\":8,\"channels\":3,\"mime\":\"image\\\/jpeg\",\"ewww_image_optimizer\":\"Reduced by 7.4% (9.5&nbsp;kB) - Previously Optimized\"},\"0\":false,\"ewww_image_optimizer\":\"Reduced by 6.4% (11.3&nbsp;kB)\",\"views\":\"1\",\"likes\":\"0\"},\"title\":\"Ready to Wear Fall\\\/Winter 2016-2017\",\"description\":\"<p>Ready to Wear Fall\\\/Winter 2016-2017<\\\/p>\",\"link\":null,\"link_target\":\"\",\"download\":\"https:\\\/\\\/bobvarela.com\\\/wp-content\\\/flagallery\\\/celia-vela-en-el-080-barcelona-fashion-fallwinter-2016-2017\\\/celia_vela_048.jpg\",\"ratio\":0.6670000000000000373034936274052597582340240478515625},{\"id\":\"22615\",\"image\":\"https:\\\/\\\/bobvarela.com\\\/wp-content\\\/flagallery\\\/celia-vela-en-el-080-barcelona-fashion-fallwinter-2016-2017\\\/webview\\\/celia_vela_049.jpg\",\"thumb\":\"https:\\\/\\\/bobvarela.com\\\/wp-content\\\/flagallery\\\/celia-vela-en-el-080-barcelona-fashion-fallwinter-2016-2017\\\/thumbs\\\/thumbs_celia_vela_049.jpg\",\"file\":\"celia_vela_049.jpg\",\"meta\":{\"aperture\":false,\"credit\":false,\"camera\":false,\"caption\":\"Ready to Wear Fall\\\/Winter 2016-2017\",\"created_timestamp\":\"February 1, 2016 5:48 pm\",\"copyright\":\"\\u00c2\\u00a9 2016 Estrop-Barcelona PHOTOGRAPH FOR EDITORIAL USE ONLY\",\"focal_length\":false,\"iso\":false,\"shutter_speed\":false,\"flash\":false,\"title\":\"Ready to Wear Fall\\\/Winter 2016-2017\",\"keywords\":\"Fall\\\/Winter 2016-2017,Ready to Wear\",\"width\":667,\"height\":1000,\"saved\":true,\"thumbnail\":{\"width\":220,\"height\":220,\"ewww_image_optimizer\":\"Reduced by 11.2% (5.0&nbsp;kB)\"},\"webview\":{\"0\":667,\"1\":1000,\"2\":2,\"3\":\"width=\\\"667\\\" height=\\\"1000\\\"\",\"bits\":8,\"channels\":3,\"mime\":\"image\\\/jpeg\",\"ewww_image_optimizer\":\"Reduced by 5.4% (8.3&nbsp;kB) - Previously Optimized\"},\"0\":false,\"ewww_image_optimizer\":\"Reduced by 5.6% (9.7&nbsp;kB)\",\"views\":\"0\",\"likes\":\"0\"},\"title\":\"Ready to Wear Fall\\\/Winter 2016-2017\",\"description\":\"<p>Ready to Wear Fall\\\/Winter 2016-2017<\\\/p>\",\"link\":null,\"link_target\":\"\",\"download\":\"https:\\\/\\\/bobvarela.com\\\/wp-content\\\/flagallery\\\/celia-vela-en-el-080-barcelona-fashion-fallwinter-2016-2017\\\/celia_vela_049.jpg\",\"ratio\":0.6670000000000000373034936274052597582340240478515625},{\"id\":\"22616\",\"image\":\"https:\\\/\\\/bobvarela.com\\\/wp-content\\\/flagallery\\\/celia-vela-en-el-080-barcelona-fashion-fallwinter-2016-2017\\\/webview\\\/celia_vela_050.jpg\",\"thumb\":\"https:\\\/\\\/bobvarela.com\\\/wp-content\\\/flagallery\\\/celia-vela-en-el-080-barcelona-fashion-fallwinter-2016-2017\\\/thumbs\\\/thumbs_celia_vela_050.jpg\",\"file\":\"celia_vela_050.jpg\",\"meta\":{\"aperture\":false,\"credit\":false,\"camera\":false,\"caption\":\"Ready to Wear Fall\\\/Winter 2016-2017\",\"created_timestamp\":\"February 1, 2016 5:48 pm\",\"copyright\":\"\\u00c2\\u00a9 2016 Estrop-Barcelona PHOTOGRAPH FOR EDITORIAL USE ONLY\",\"focal_length\":false,\"iso\":false,\"shutter_speed\":false,\"flash\":false,\"title\":\"Ready to Wear Fall\\\/Winter 2016-2017\",\"keywords\":\"Fall\\\/Winter 2016-2017,Ready to Wear\",\"width\":667,\"height\":1000,\"saved\":true,\"thumbnail\":{\"width\":220,\"height\":220,\"ewww_image_optimizer\":\"Reduced by 8.1% (2.2&nbsp;kB)\"},\"webview\":{\"0\":667,\"1\":1000,\"2\":2,\"3\":\"width=\\\"667\\\" height=\\\"1000\\\"\",\"bits\":8,\"channels\":3,\"mime\":\"image\\\/jpeg\",\"ewww_image_optimizer\":\"Reduced by 5.1% (4.4&nbsp;kB) - Previously Optimized\"},\"0\":false,\"ewww_image_optimizer\":\"Reduced by 5.1% (8.5&nbsp;kB)\",\"views\":\"1\",\"likes\":\"0\"},\"title\":\"Ready to Wear Fall\\\/Winter 2016-2017\",\"description\":\"<p>Ready to Wear Fall\\\/Winter 2016-2017<\\\/p>\",\"link\":null,\"link_target\":\"\",\"download\":\"https:\\\/\\\/bobvarela.com\\\/wp-content\\\/flagallery\\\/celia-vela-en-el-080-barcelona-fashion-fallwinter-2016-2017\\\/celia_vela_050.jpg\",\"ratio\":0.6670000000000000373034936274052597582340240478515625},{\"id\":\"22617\",\"image\":\"https:\\\/\\\/bobvarela.com\\\/wp-content\\\/flagallery\\\/celia-vela-en-el-080-barcelona-fashion-fallwinter-2016-2017\\\/webview\\\/celia_vela_051.jpg\",\"thumb\":\"https:\\\/\\\/bobvarela.com\\\/wp-content\\\/flagallery\\\/celia-vela-en-el-080-barcelona-fashion-fallwinter-2016-2017\\\/thumbs\\\/thumbs_celia_vela_051.jpg\",\"file\":\"celia_vela_051.jpg\",\"meta\":{\"aperture\":false,\"credit\":false,\"camera\":false,\"caption\":\"Ready to Wear Fall\\\/Winter 2016-2017\",\"created_timestamp\":\"February 1, 2016 5:48 pm\",\"copyright\":\"\\u00c2\\u00a9 2016 Estrop-Barcelona PHOTOGRAPH FOR EDITORIAL USE ONLY\",\"focal_length\":false,\"iso\":false,\"shutter_speed\":false,\"flash\":false,\"title\":\"Ready to Wear Fall\\\/Winter 2016-2017\",\"keywords\":\"Fall\\\/Winter 2016-2017,Ready to Wear\",\"width\":667,\"height\":1000,\"saved\":true,\"thumbnail\":{\"width\":220,\"height\":220,\"ewww_image_optimizer\":\"Reduced by 8.8% (2.6&nbsp;kB)\"},\"webview\":{\"0\":667,\"1\":1000,\"2\":2,\"3\":\"width=\\\"667\\\" height=\\\"1000\\\"\",\"bits\":8,\"channels\":3,\"mime\":\"image\\\/jpeg\",\"ewww_image_optimizer\":\"Reduced by 6.7% (7.3&nbsp;kB) - Previously Optimized\"},\"0\":false,\"ewww_image_optimizer\":\"Reduced by 5.2% (8.2&nbsp;kB)\",\"views\":\"2\",\"likes\":\"0\"},\"title\":\"Ready to Wear Fall\\\/Winter 2016-2017\",\"description\":\"<p>Ready to Wear Fall\\\/Winter 2016-2017<\\\/p>\",\"link\":null,\"link_target\":\"\",\"download\":\"https:\\\/\\\/bobvarela.com\\\/wp-content\\\/flagallery\\\/celia-vela-en-el-080-barcelona-fashion-fallwinter-2016-2017\\\/celia_vela_051.jpg\",\"ratio\":0.6670000000000000373034936274052597582340240478515625},{\"id\":\"22618\",\"image\":\"https:\\\/\\\/bobvarela.com\\\/wp-content\\\/flagallery\\\/celia-vela-en-el-080-barcelona-fashion-fallwinter-2016-2017\\\/webview\\\/celia_vela_052.jpg\",\"thumb\":\"https:\\\/\\\/bobvarela.com\\\/wp-content\\\/flagallery\\\/celia-vela-en-el-080-barcelona-fashion-fallwinter-2016-2017\\\/thumbs\\\/thumbs_celia_vela_052.jpg\",\"file\":\"celia_vela_052.jpg\",\"meta\":{\"aperture\":false,\"credit\":false,\"camera\":false,\"caption\":\"Ready to Wear Fall\\\/Winter 2016-2017\",\"created_timestamp\":\"February 1, 2016 5:48 pm\",\"copyright\":\"\\u00c2\\u00a9 2016 Estrop-Barcelona PHOTOGRAPH FOR EDITORIAL USE ONLY\",\"focal_length\":false,\"iso\":false,\"shutter_speed\":false,\"flash\":false,\"title\":\"Ready to Wear Fall\\\/Winter 2016-2017\",\"keywords\":\"Fall\\\/Winter 2016-2017,Ready to Wear\",\"width\":1000,\"height\":667,\"saved\":true,\"thumbnail\":{\"width\":220,\"height\":220,\"ewww_image_optimizer\":\"Reduced by 9.5% (3.6&nbsp;kB)\"},\"webview\":{\"0\":1000,\"1\":667,\"2\":2,\"3\":\"width=\\\"1000\\\" height=\\\"667\\\"\",\"bits\":8,\"channels\":3,\"mime\":\"image\\\/jpeg\",\"ewww_image_optimizer\":\"Reduced by 7.6% (8.3&nbsp;kB) - Previously Optimized\"},\"0\":false,\"ewww_image_optimizer\":\"Reduced by 6.0% (9.6&nbsp;kB)\",\"views\":\"0\",\"likes\":\"0\"},\"title\":\"Ready to Wear Fall\\\/Winter 2016-2017\",\"description\":\"<p>Ready to Wear Fall\\\/Winter 2016-2017<\\\/p>\",\"link\":null,\"link_target\":\"\",\"download\":\"https:\\\/\\\/bobvarela.com\\\/wp-content\\\/flagallery\\\/celia-vela-en-el-080-barcelona-fashion-fallwinter-2016-2017\\\/celia_vela_052.jpg\",\"ratio\":1.4992503748125936002821845249854959547519683837890625},{\"id\":\"22619\",\"image\":\"https:\\\/\\\/bobvarela.com\\\/wp-content\\\/flagallery\\\/celia-vela-en-el-080-barcelona-fashion-fallwinter-2016-2017\\\/webview\\\/celia_vela_053.jpg\",\"thumb\":\"https:\\\/\\\/bobvarela.com\\\/wp-content\\\/flagallery\\\/celia-vela-en-el-080-barcelona-fashion-fallwinter-2016-2017\\\/thumbs\\\/thumbs_celia_vela_053.jpg\",\"file\":\"celia_vela_053.jpg\",\"meta\":{\"aperture\":false,\"credit\":false,\"camera\":false,\"caption\":\"Ready to Wear Fall\\\/Winter 2016-2017\",\"created_timestamp\":\"February 1, 2016 5:49 pm\",\"copyright\":\"\\u00c2\\u00a9 2016 Estrop-Barcelona PHOTOGRAPH FOR EDITORIAL USE ONLY\",\"focal_length\":false,\"iso\":false,\"shutter_speed\":false,\"flash\":false,\"title\":\"Ready to Wear Fall\\\/Winter 2016-2017\",\"keywords\":\"Fall\\\/Winter 2016-2017,Ready to Wear\",\"width\":667,\"height\":1000,\"saved\":true,\"thumbnail\":{\"width\":220,\"height\":220,\"ewww_image_optimizer\":\"Reduced by 9.3% (2.5&nbsp;kB)\"},\"webview\":{\"0\":667,\"1\":1000,\"2\":2,\"3\":\"width=\\\"667\\\" height=\\\"1000\\\"\",\"bits\":8,\"channels\":3,\"mime\":\"image\\\/jpeg\",\"ewww_image_optimizer\":\"Reduced by 5.0% (4.6&nbsp;kB) - Previously Optimized\"},\"0\":false,\"ewww_image_optimizer\":\"Reduced by 5.5% (10.2&nbsp;kB)\",\"views\":\"1\",\"likes\":\"0\"},\"title\":\"Ready to Wear Fall\\\/Winter 2016-2017\",\"description\":\"<p>Ready to Wear Fall\\\/Winter 2016-2017<\\\/p>\",\"link\":null,\"link_target\":\"\",\"download\":\"https:\\\/\\\/bobvarela.com\\\/wp-content\\\/flagallery\\\/celia-vela-en-el-080-barcelona-fashion-fallwinter-2016-2017\\\/celia_vela_053.jpg\",\"ratio\":0.6670000000000000373034936274052597582340240478515625},{\"id\":\"22620\",\"image\":\"https:\\\/\\\/bobvarela.com\\\/wp-content\\\/flagallery\\\/celia-vela-en-el-080-barcelona-fashion-fallwinter-2016-2017\\\/webview\\\/celia_vela_054.jpg\",\"thumb\":\"https:\\\/\\\/bobvarela.com\\\/wp-content\\\/flagallery\\\/celia-vela-en-el-080-barcelona-fashion-fallwinter-2016-2017\\\/thumbs\\\/thumbs_celia_vela_054.jpg\",\"file\":\"celia_vela_054.jpg\",\"meta\":{\"aperture\":false,\"credit\":false,\"camera\":false,\"caption\":\"Ready to Wear Fall\\\/Winter 2016-2017\",\"created_timestamp\":\"February 1, 2016 5:49 pm\",\"copyright\":\"\\u00c2\\u00a9 2016 Estrop-Barcelona PHOTOGRAPH FOR EDITORIAL USE ONLY\",\"focal_length\":false,\"iso\":false,\"shutter_speed\":false,\"flash\":false,\"title\":\"Ready to Wear Fall\\\/Winter 2016-2017\",\"keywords\":\"Fall\\\/Winter 2016-2017,Ready to Wear\",\"width\":667,\"height\":1000,\"saved\":true,\"thumbnail\":{\"width\":220,\"height\":220,\"ewww_image_optimizer\":\"Reduced by 11.7% (4.4&nbsp;kB)\"},\"webview\":{\"0\":667,\"1\":1000,\"2\":2,\"3\":\"width=\\\"667\\\" height=\\\"1000\\\"\",\"bits\":8,\"channels\":3,\"mime\":\"image\\\/jpeg\",\"ewww_image_optimizer\":\"Reduced by 6.0% (8.3&nbsp;kB) - Previously Optimized\"},\"0\":false,\"ewww_image_optimizer\":\"Reduced by 7.2% (12.8&nbsp;kB)\",\"views\":\"0\",\"likes\":\"0\"},\"title\":\"Ready to Wear Fall\\\/Winter 2016-2017\",\"description\":\"<p>Ready to Wear Fall\\\/Winter 2016-2017<\\\/p>\",\"link\":null,\"link_target\":\"\",\"download\":\"https:\\\/\\\/bobvarela.com\\\/wp-content\\\/flagallery\\\/celia-vela-en-el-080-barcelona-fashion-fallwinter-2016-2017\\\/celia_vela_054.jpg\",\"ratio\":0.6670000000000000373034936274052597582340240478515625},{\"id\":\"22621\",\"image\":\"https:\\\/\\\/bobvarela.com\\\/wp-content\\\/flagallery\\\/celia-vela-en-el-080-barcelona-fashion-fallwinter-2016-2017\\\/webview\\\/celia_vela_055.jpg\",\"thumb\":\"https:\\\/\\\/bobvarela.com\\\/wp-content\\\/flagallery\\\/celia-vela-en-el-080-barcelona-fashion-fallwinter-2016-2017\\\/thumbs\\\/thumbs_celia_vela_055.jpg\",\"file\":\"celia_vela_055.jpg\",\"meta\":{\"aperture\":false,\"credit\":false,\"camera\":false,\"caption\":\"Ready to Wear Fall\\\/Winter 2016-2017\",\"created_timestamp\":\"February 1, 2016 5:49 pm\",\"copyright\":\"\\u00c2\\u00a9 2016 Estrop-Barcelona PHOTOGRAPH FOR EDITORIAL USE ONLY\",\"focal_length\":false,\"iso\":false,\"shutter_speed\":false,\"flash\":false,\"title\":\"Ready to Wear Fall\\\/Winter 2016-2017\",\"keywords\":\"Fall\\\/Winter 2016-2017,Ready to Wear\",\"width\":667,\"height\":1000,\"saved\":true,\"thumbnail\":{\"width\":220,\"height\":220,\"ewww_image_optimizer\":\"Reduced by 8.2% (3.0&nbsp;kB)\"},\"webview\":{\"0\":667,\"1\":1000,\"2\":2,\"3\":\"width=\\\"667\\\" height=\\\"1000\\\"\",\"bits\":8,\"channels\":3,\"mime\":\"image\\\/jpeg\",\"ewww_image_optimizer\":\"Reduced by 3.3% (2.9&nbsp;kB) - Previously Optimized\"},\"0\":false,\"ewww_image_optimizer\":\"Reduced by 2.9% (5.4&nbsp;kB)\",\"views\":\"2\",\"likes\":\"0\"},\"title\":\"Ready to Wear Fall\\\/Winter 2016-2017\",\"description\":\"<p>Ready to Wear Fall\\\/Winter 2016-2017<\\\/p>\",\"link\":null,\"link_target\":\"\",\"download\":\"https:\\\/\\\/bobvarela.com\\\/wp-content\\\/flagallery\\\/celia-vela-en-el-080-barcelona-fashion-fallwinter-2016-2017\\\/celia_vela_055.jpg\",\"ratio\":0.6670000000000000373034936274052597582340240478515625},{\"id\":\"22622\",\"image\":\"https:\\\/\\\/bobvarela.com\\\/wp-content\\\/flagallery\\\/celia-vela-en-el-080-barcelona-fashion-fallwinter-2016-2017\\\/webview\\\/celia_vela_056.jpg\",\"thumb\":\"https:\\\/\\\/bobvarela.com\\\/wp-content\\\/flagallery\\\/celia-vela-en-el-080-barcelona-fashion-fallwinter-2016-2017\\\/thumbs\\\/thumbs_celia_vela_056.jpg\",\"file\":\"celia_vela_056.jpg\",\"meta\":{\"aperture\":false,\"credit\":false,\"camera\":false,\"caption\":\"Ready to Wear Fall\\\/Winter 2016-2017\",\"created_timestamp\":\"February 1, 2016 5:49 pm\",\"copyright\":\"\\u00c2\\u00a9 2016 Estrop-Barcelona PHOTOGRAPH FOR EDITORIAL USE ONLY\",\"focal_length\":false,\"iso\":false,\"shutter_speed\":false,\"flash\":false,\"title\":\"Ready to Wear Fall\\\/Winter 2016-2017\",\"keywords\":\"Fall\\\/Winter 2016-2017,Ready to Wear\",\"width\":667,\"height\":1000,\"saved\":true,\"thumbnail\":{\"width\":220,\"height\":220,\"ewww_image_optimizer\":\"Reduced by 8.7% (2.4&nbsp;kB)\"},\"webview\":{\"0\":667,\"1\":1000,\"2\":2,\"3\":\"width=\\\"667\\\" height=\\\"1000\\\"\",\"bits\":8,\"channels\":3,\"mime\":\"image\\\/jpeg\",\"ewww_image_optimizer\":\"Reduced by 4.8% (4.2&nbsp;kB) - Previously Optimized\"},\"0\":false,\"ewww_image_optimizer\":\"Reduced by 4.8% (8.2&nbsp;kB)\",\"views\":\"0\",\"likes\":\"0\"},\"title\":\"Ready to Wear Fall\\\/Winter 2016-2017\",\"description\":\"<p>Ready to Wear Fall\\\/Winter 2016-2017<\\\/p>\",\"link\":null,\"link_target\":\"\",\"download\":\"https:\\\/\\\/bobvarela.com\\\/wp-content\\\/flagallery\\\/celia-vela-en-el-080-barcelona-fashion-fallwinter-2016-2017\\\/celia_vela_056.jpg\",\"ratio\":0.6670000000000000373034936274052597582340240478515625},{\"id\":\"22623\",\"image\":\"https:\\\/\\\/bobvarela.com\\\/wp-content\\\/flagallery\\\/celia-vela-en-el-080-barcelona-fashion-fallwinter-2016-2017\\\/webview\\\/celia_vela_057.jpg\",\"thumb\":\"https:\\\/\\\/bobvarela.com\\\/wp-content\\\/flagallery\\\/celia-vela-en-el-080-barcelona-fashion-fallwinter-2016-2017\\\/thumbs\\\/thumbs_celia_vela_057.jpg\",\"file\":\"celia_vela_057.jpg\",\"meta\":{\"aperture\":false,\"credit\":false,\"camera\":false,\"caption\":\"Ready to Wear Fall\\\/Winter 2016-2017\",\"created_timestamp\":\"February 1, 2016 5:49 pm\",\"copyright\":\"\\u00c2\\u00a9 2016 Estrop-Barcelona PHOTOGRAPH FOR EDITORIAL USE ONLY\",\"focal_length\":false,\"iso\":false,\"shutter_speed\":false,\"flash\":false,\"title\":\"Ready to Wear Fall\\\/Winter 2016-2017\",\"keywords\":\"Fall\\\/Winter 2016-2017,Ready to Wear\",\"width\":667,\"height\":1000,\"saved\":true,\"thumbnail\":{\"width\":220,\"height\":220,\"ewww_image_optimizer\":\"Reduced by 8.7% (2.9&nbsp;kB)\"},\"webview\":{\"0\":667,\"1\":1000,\"2\":2,\"3\":\"width=\\\"667\\\" height=\\\"1000\\\"\",\"bits\":8,\"channels\":3,\"mime\":\"image\\\/jpeg\",\"ewww_image_optimizer\":\"Reduced by 6.4% (8.2&nbsp;kB) - Previously Optimized\"},\"0\":false,\"ewww_image_optimizer\":\"Reduced by 4.9% (8.9&nbsp;kB)\",\"views\":\"1\",\"likes\":\"0\"},\"title\":\"Ready to Wear Fall\\\/Winter 2016-2017\",\"description\":\"<p>Ready to Wear Fall\\\/Winter 2016-2017<\\\/p>\",\"link\":null,\"link_target\":\"\",\"download\":\"https:\\\/\\\/bobvarela.com\\\/wp-content\\\/flagallery\\\/celia-vela-en-el-080-barcelona-fashion-fallwinter-2016-2017\\\/celia_vela_057.jpg\",\"ratio\":0.6670000000000000373034936274052597582340240478515625},{\"id\":\"22624\",\"image\":\"https:\\\/\\\/bobvarela.com\\\/wp-content\\\/flagallery\\\/celia-vela-en-el-080-barcelona-fashion-fallwinter-2016-2017\\\/webview\\\/celia_vela_058.jpg\",\"thumb\":\"https:\\\/\\\/bobvarela.com\\\/wp-content\\\/flagallery\\\/celia-vela-en-el-080-barcelona-fashion-fallwinter-2016-2017\\\/thumbs\\\/thumbs_celia_vela_058.jpg\",\"file\":\"celia_vela_058.jpg\",\"meta\":{\"aperture\":false,\"credit\":false,\"camera\":false,\"caption\":\"Ready to Wear Fall\\\/Winter 2016-2017\",\"created_timestamp\":\"February 1, 2016 5:49 pm\",\"copyright\":\"\\u00c2\\u00a9 2016 Estrop-Barcelona PHOTOGRAPH FOR EDITORIAL USE ONLY\",\"focal_length\":false,\"iso\":false,\"shutter_speed\":false,\"flash\":false,\"title\":\"Ready to Wear Fall\\\/Winter 2016-2017\",\"keywords\":\"Fall\\\/Winter 2016-2017,Ready to Wear\",\"width\":667,\"height\":1000,\"saved\":true,\"thumbnail\":{\"width\":220,\"height\":220,\"ewww_image_optimizer\":\"Reduced by 10.3% (2.9&nbsp;kB)\"},\"webview\":{\"0\":667,\"1\":1000,\"2\":2,\"3\":\"width=\\\"667\\\" height=\\\"1000\\\"\",\"bits\":8,\"channels\":3,\"mime\":\"image\\\/jpeg\",\"ewww_image_optimizer\":\"Reduced by 4.3% (3.5&nbsp;kB) - Previously Optimized\"},\"0\":false,\"ewww_image_optimizer\":\"Reduced by 4.8% (7.8&nbsp;kB)\",\"views\":\"2\",\"likes\":\"0\"},\"title\":\"Ready to Wear Fall\\\/Winter 2016-2017\",\"description\":\"<p>Ready to Wear Fall\\\/Winter 2016-2017<\\\/p>\",\"link\":null,\"link_target\":\"\",\"download\":\"https:\\\/\\\/bobvarela.com\\\/wp-content\\\/flagallery\\\/celia-vela-en-el-080-barcelona-fashion-fallwinter-2016-2017\\\/celia_vela_058.jpg\",\"ratio\":0.6670000000000000373034936274052597582340240478515625},{\"id\":\"22625\",\"image\":\"https:\\\/\\\/bobvarela.com\\\/wp-content\\\/flagallery\\\/celia-vela-en-el-080-barcelona-fashion-fallwinter-2016-2017\\\/webview\\\/celia_vela_059.jpg\",\"thumb\":\"https:\\\/\\\/bobvarela.com\\\/wp-content\\\/flagallery\\\/celia-vela-en-el-080-barcelona-fashion-fallwinter-2016-2017\\\/thumbs\\\/thumbs_celia_vela_059.jpg\",\"file\":\"celia_vela_059.jpg\",\"meta\":{\"aperture\":false,\"credit\":false,\"camera\":false,\"caption\":\"Ready to Wear Fall\\\/Winter 2016-2017\",\"created_timestamp\":\"February 1, 2016 5:49 pm\",\"copyright\":\"\\u00c2\\u00a9 2016 Estrop-Barcelona PHOTOGRAPH FOR EDITORIAL USE ONLY\",\"focal_length\":false,\"iso\":false,\"shutter_speed\":false,\"flash\":false,\"title\":\"Ready to Wear Fall\\\/Winter 2016-2017\",\"keywords\":\"Fall\\\/Winter 2016-2017,Ready to Wear\",\"width\":667,\"height\":1000,\"saved\":true,\"thumbnail\":{\"width\":220,\"height\":220,\"ewww_image_optimizer\":\"Reduced by 11.2% (3.3&nbsp;kB)\"},\"webview\":{\"0\":667,\"1\":1000,\"2\":2,\"3\":\"width=\\\"667\\\" height=\\\"1000\\\"\",\"bits\":8,\"channels\":3,\"mime\":\"image\\\/jpeg\",\"ewww_image_optimizer\":\"Reduced by 5.1% (4.1&nbsp;kB) - Previously Optimized\"},\"0\":false,\"ewww_image_optimizer\":\"Reduced by 6.1% (9.9&nbsp;kB)\",\"views\":\"2\",\"likes\":\"0\"},\"title\":\"Ready to Wear Fall\\\/Winter 2016-2017\",\"description\":\"<p>Ready to Wear Fall\\\/Winter 2016-2017<\\\/p>\",\"link\":null,\"link_target\":\"\",\"download\":\"https:\\\/\\\/bobvarela.com\\\/wp-content\\\/flagallery\\\/celia-vela-en-el-080-barcelona-fashion-fallwinter-2016-2017\\\/celia_vela_059.jpg\",\"ratio\":0.6670000000000000373034936274052597582340240478515625},{\"id\":\"22626\",\"image\":\"https:\\\/\\\/bobvarela.com\\\/wp-content\\\/flagallery\\\/celia-vela-en-el-080-barcelona-fashion-fallwinter-2016-2017\\\/webview\\\/celia_vela_060.jpg\",\"thumb\":\"https:\\\/\\\/bobvarela.com\\\/wp-content\\\/flagallery\\\/celia-vela-en-el-080-barcelona-fashion-fallwinter-2016-2017\\\/thumbs\\\/thumbs_celia_vela_060.jpg\",\"file\":\"celia_vela_060.jpg\",\"meta\":{\"aperture\":false,\"credit\":false,\"camera\":false,\"caption\":\"Ready to Wear Fall\\\/Winter 2016-2017\",\"created_timestamp\":\"February 1, 2016 5:49 pm\",\"copyright\":\"\\u00c2\\u00a9 2016 Estrop-Barcelona PHOTOGRAPH FOR EDITORIAL USE ONLY\",\"focal_length\":false,\"iso\":false,\"shutter_speed\":false,\"flash\":false,\"title\":\"Ready to Wear Fall\\\/Winter 2016-2017\",\"keywords\":\"Fall\\\/Winter 2016-2017,Ready to Wear\",\"width\":667,\"height\":1000,\"saved\":true,\"thumbnail\":{\"width\":220,\"height\":220,\"ewww_image_optimizer\":\"Reduced by 11.0% (4.1&nbsp;kB)\"},\"webview\":{\"0\":667,\"1\":1000,\"2\":2,\"3\":\"width=\\\"667\\\" height=\\\"1000\\\"\",\"bits\":8,\"channels\":3,\"mime\":\"image\\\/jpeg\",\"ewww_image_optimizer\":\"Reduced by 5.8% (6.9&nbsp;kB) - Previously Optimized\"},\"0\":false,\"ewww_image_optimizer\":\"Reduced by 5.1% (8.8&nbsp;kB)\",\"views\":\"2\",\"likes\":\"0\"},\"title\":\"Ready to Wear Fall\\\/Winter 2016-2017\",\"description\":\"<p>Ready to Wear Fall\\\/Winter 2016-2017<\\\/p>\",\"link\":null,\"link_target\":\"\",\"download\":\"https:\\\/\\\/bobvarela.com\\\/wp-content\\\/flagallery\\\/celia-vela-en-el-080-barcelona-fashion-fallwinter-2016-2017\\\/celia_vela_060.jpg\",\"ratio\":0.6670000000000000373034936274052597582340240478515625},{\"id\":\"22627\",\"image\":\"https:\\\/\\\/bobvarela.com\\\/wp-content\\\/flagallery\\\/celia-vela-en-el-080-barcelona-fashion-fallwinter-2016-2017\\\/webview\\\/celia_vela_061.jpg\",\"thumb\":\"https:\\\/\\\/bobvarela.com\\\/wp-content\\\/flagallery\\\/celia-vela-en-el-080-barcelona-fashion-fallwinter-2016-2017\\\/thumbs\\\/thumbs_celia_vela_061.jpg\",\"file\":\"celia_vela_061.jpg\",\"meta\":{\"aperture\":false,\"credit\":false,\"camera\":false,\"caption\":\"Ready to Wear Fall\\\/Winter 2016-2017\",\"created_timestamp\":\"February 1, 2016 5:50 pm\",\"copyright\":\"\\u00c2\\u00a9 2016 Estrop-Barcelona PHOTOGRAPH FOR EDITORIAL USE ONLY\",\"focal_length\":false,\"iso\":false,\"shutter_speed\":false,\"flash\":false,\"title\":\"Ready to Wear Fall\\\/Winter 2016-2017\",\"keywords\":\"Fall\\\/Winter 2016-2017,Ready to Wear\",\"width\":667,\"height\":1000,\"saved\":true,\"thumbnail\":{\"width\":220,\"height\":220,\"ewww_image_optimizer\":\"Reduced by 7.0% (1.9&nbsp;kB)\"},\"webview\":{\"0\":667,\"1\":1000,\"2\":2,\"3\":\"width=\\\"667\\\" height=\\\"1000\\\"\",\"bits\":8,\"channels\":3,\"mime\":\"image\\\/jpeg\",\"ewww_image_optimizer\":\"Reduced by 5.4% (5.0&nbsp;kB) - Previously Optimized\"},\"0\":false,\"ewww_image_optimizer\":\"Reduced by 5.2% (9.1&nbsp;kB)\",\"views\":\"2\",\"likes\":\"0\"},\"title\":\"Ready to Wear Fall\\\/Winter 2016-2017\",\"description\":\"<p>Ready to Wear Fall\\\/Winter 2016-2017<\\\/p>\",\"link\":null,\"link_target\":\"\",\"download\":\"https:\\\/\\\/bobvarela.com\\\/wp-content\\\/flagallery\\\/celia-vela-en-el-080-barcelona-fashion-fallwinter-2016-2017\\\/celia_vela_061.jpg\",\"ratio\":0.6670000000000000373034936274052597582340240478515625}]}; var container = $('#FlaGallery_sc1_319'); container.photomania(settings, content); window.FlaGallery_sc1_319 = container.data('photomania'); }); <\/script><\/div><noscript id=\"noscript_FlaGallery_sc1_319\"><img class=\"skip-lazy no-lazyload noLazy\" data-lazy-src=\"\" src =\"https:\/\/bobvarela.com\/wp-content\/flagallery\/celia-vela-en-el-080-barcelona-fashion-fallwinter-2016-2017\/celia_vela_002.jpg\" alt=\"Ready to Wear Fall\/Winter 2016-2017\" \/><img class=\"skip-lazy no-lazyload noLazy\" data-lazy-src=\"\" src =\"https:\/\/bobvarela.com\/wp-content\/flagallery\/celia-vela-en-el-080-barcelona-fashion-fallwinter-2016-2017\/celia_vela_003.jpg\" alt=\"Ready to Wear Fall\/Winter 2016-2017\" \/><img class=\"skip-lazy no-lazyload noLazy\" data-lazy-src=\"\" src =\"https:\/\/bobvarela.com\/wp-content\/flagallery\/celia-vela-en-el-080-barcelona-fashion-fallwinter-2016-2017\/celia_vela_004.jpg\" alt=\"Ready to Wear Fall\/Winter 2016-2017\" \/><img class=\"skip-lazy no-lazyload noLazy\" data-lazy-src=\"\" src =\"https:\/\/bobvarela.com\/wp-content\/flagallery\/celia-vela-en-el-080-barcelona-fashion-fallwinter-2016-2017\/celia_vela_005.jpg\" alt=\"Ready to Wear Fall\/Winter 2016-2017\" \/><img class=\"skip-lazy no-lazyload noLazy\" data-lazy-src=\"\" src =\"https:\/\/bobvarela.com\/wp-content\/flagallery\/celia-vela-en-el-080-barcelona-fashion-fallwinter-2016-2017\/celia_vela_006.jpg\" alt=\"Ready to Wear Fall\/Winter 2016-2017\" \/><img class=\"skip-lazy no-lazyload noLazy\" data-lazy-src=\"\" src =\"https:\/\/bobvarela.com\/wp-content\/flagallery\/celia-vela-en-el-080-barcelona-fashion-fallwinter-2016-2017\/celia_vela_007.jpg\" alt=\"Ready to Wear Fall\/Winter 2016-2017\" \/><img class=\"skip-lazy no-lazyload noLazy\" data-lazy-src=\"\" src =\"https:\/\/bobvarela.com\/wp-content\/flagallery\/celia-vela-en-el-080-barcelona-fashion-fallwinter-2016-2017\/celia_vela_008.jpg\" alt=\"Ready to Wear Fall\/Winter 2016-2017\" \/><img class=\"skip-lazy no-lazyload noLazy\" data-lazy-src=\"\" src =\"https:\/\/bobvarela.com\/wp-content\/flagallery\/celia-vela-en-el-080-barcelona-fashion-fallwinter-2016-2017\/celia_vela_009.jpg\" alt=\"Ready to Wear Fall\/Winter 2016-2017\" \/><img class=\"skip-lazy no-lazyload noLazy\" data-lazy-src=\"\" src =\"https:\/\/bobvarela.com\/wp-content\/flagallery\/celia-vela-en-el-080-barcelona-fashion-fallwinter-2016-2017\/celia_vela_010.jpg\" alt=\"Ready to Wear Fall\/Winter 2016-2017\" \/><img class=\"skip-lazy no-lazyload noLazy\" data-lazy-src=\"\" src =\"https:\/\/bobvarela.com\/wp-content\/flagallery\/celia-vela-en-el-080-barcelona-fashion-fallwinter-2016-2017\/celia_vela_011.jpg\" alt=\"Ready to Wear Fall\/Winter 2016-2017\" \/><img class=\"skip-lazy no-lazyload noLazy\" data-lazy-src=\"\" src =\"https:\/\/bobvarela.com\/wp-content\/flagallery\/celia-vela-en-el-080-barcelona-fashion-fallwinter-2016-2017\/celia_vela_012.jpg\" alt=\"Ready to Wear Fall\/Winter 2016-2017\" \/><img class=\"skip-lazy no-lazyload noLazy\" data-lazy-src=\"\" src =\"https:\/\/bobvarela.com\/wp-content\/flagallery\/celia-vela-en-el-080-barcelona-fashion-fallwinter-2016-2017\/celia_vela_013.jpg\" alt=\"Ready to Wear Fall\/Winter 2016-2017\" \/><img class=\"skip-lazy no-lazyload noLazy\" data-lazy-src=\"\" src =\"https:\/\/bobvarela.com\/wp-content\/flagallery\/celia-vela-en-el-080-barcelona-fashion-fallwinter-2016-2017\/celia_vela_014.jpg\" alt=\"Ready to Wear Fall\/Winter 2016-2017\" \/><img class=\"skip-lazy no-lazyload noLazy\" data-lazy-src=\"\" src =\"https:\/\/bobvarela.com\/wp-content\/flagallery\/celia-vela-en-el-080-barcelona-fashion-fallwinter-2016-2017\/celia_vela_015.jpg\" alt=\"Ready to Wear Fall\/Winter 2016-2017\" \/><img class=\"skip-lazy no-lazyload noLazy\" data-lazy-src=\"\" src =\"https:\/\/bobvarela.com\/wp-content\/flagallery\/celia-vela-en-el-080-barcelona-fashion-fallwinter-2016-2017\/celia_vela_016.jpg\" alt=\"Ready to Wear Fall\/Winter 2016-2017\" \/><img class=\"skip-lazy no-lazyload noLazy\" data-lazy-src=\"\" src =\"https:\/\/bobvarela.com\/wp-content\/flagallery\/celia-vela-en-el-080-barcelona-fashion-fallwinter-2016-2017\/celia_vela_017.jpg\" alt=\"Ready to Wear Fall\/Winter 2016-2017\" \/><img class=\"skip-lazy no-lazyload noLazy\" data-lazy-src=\"\" src =\"https:\/\/bobvarela.com\/wp-content\/flagallery\/celia-vela-en-el-080-barcelona-fashion-fallwinter-2016-2017\/celia_vela_018.jpg\" alt=\"Ready to Wear Fall\/Winter 2016-2017\" \/><img class=\"skip-lazy no-lazyload noLazy\" data-lazy-src=\"\" src =\"https:\/\/bobvarela.com\/wp-content\/flagallery\/celia-vela-en-el-080-barcelona-fashion-fallwinter-2016-2017\/celia_vela_019.jpg\" alt=\"Ready to Wear Fall\/Winter 2016-2017\" \/><img class=\"skip-lazy no-lazyload noLazy\" data-lazy-src=\"\" src =\"https:\/\/bobvarela.com\/wp-content\/flagallery\/celia-vela-en-el-080-barcelona-fashion-fallwinter-2016-2017\/celia_vela_020.jpg\" alt=\"Ready to Wear Fall\/Winter 2016-2017\" \/><img class=\"skip-lazy no-lazyload noLazy\" data-lazy-src=\"\" src =\"https:\/\/bobvarela.com\/wp-content\/flagallery\/celia-vela-en-el-080-barcelona-fashion-fallwinter-2016-2017\/celia_vela_021.jpg\" alt=\"Ready to Wear Fall\/Winter 2016-2017\" \/><img class=\"skip-lazy no-lazyload noLazy\" data-lazy-src=\"\" src =\"https:\/\/bobvarela.com\/wp-content\/flagallery\/celia-vela-en-el-080-barcelona-fashion-fallwinter-2016-2017\/celia_vela_022.jpg\" alt=\"Ready to Wear Fall\/Winter 2016-2017\" \/><img class=\"skip-lazy no-lazyload noLazy\" data-lazy-src=\"\" src =\"https:\/\/bobvarela.com\/wp-content\/flagallery\/celia-vela-en-el-080-barcelona-fashion-fallwinter-2016-2017\/celia_vela_023.jpg\" alt=\"Ready to Wear Fall\/Winter 2016-2017\" \/><img class=\"skip-lazy no-lazyload noLazy\" data-lazy-src=\"\" src =\"https:\/\/bobvarela.com\/wp-content\/flagallery\/celia-vela-en-el-080-barcelona-fashion-fallwinter-2016-2017\/celia_vela_024.jpg\" alt=\"Ready to Wear Fall\/Winter 2016-2017\" \/><img class=\"skip-lazy no-lazyload noLazy\" data-lazy-src=\"\" src =\"https:\/\/bobvarela.com\/wp-content\/flagallery\/celia-vela-en-el-080-barcelona-fashion-fallwinter-2016-2017\/celia_vela_025.jpg\" alt=\"Ready to Wear Fall\/Winter 2016-2017\" \/><img class=\"skip-lazy no-lazyload noLazy\" data-lazy-src=\"\" src =\"https:\/\/bobvarela.com\/wp-content\/flagallery\/celia-vela-en-el-080-barcelona-fashion-fallwinter-2016-2017\/celia_vela_026.jpg\" alt=\"Ready to Wear Fall\/Winter 2016-2017\" \/><img class=\"skip-lazy no-lazyload noLazy\" data-lazy-src=\"\" src =\"https:\/\/bobvarela.com\/wp-content\/flagallery\/celia-vela-en-el-080-barcelona-fashion-fallwinter-2016-2017\/celia_vela_027.jpg\" alt=\"Ready to Wear Fall\/Winter 2016-2017\" \/><img class=\"skip-lazy no-lazyload noLazy\" data-lazy-src=\"\" src =\"https:\/\/bobvarela.com\/wp-content\/flagallery\/celia-vela-en-el-080-barcelona-fashion-fallwinter-2016-2017\/celia_vela_028.jpg\" alt=\"Ready to Wear Fall\/Winter 2016-2017\" \/><img class=\"skip-lazy no-lazyload noLazy\" data-lazy-src=\"\" src =\"https:\/\/bobvarela.com\/wp-content\/flagallery\/celia-vela-en-el-080-barcelona-fashion-fallwinter-2016-2017\/celia_vela_029.jpg\" alt=\"Ready to Wear Fall\/Winter 2016-2017\" \/><img class=\"skip-lazy no-lazyload noLazy\" data-lazy-src=\"\" src =\"https:\/\/bobvarela.com\/wp-content\/flagallery\/celia-vela-en-el-080-barcelona-fashion-fallwinter-2016-2017\/celia_vela_030.jpg\" alt=\"Ready to Wear Fall\/Winter 2016-2017\" \/><img class=\"skip-lazy no-lazyload noLazy\" data-lazy-src=\"\" src =\"https:\/\/bobvarela.com\/wp-content\/flagallery\/celia-vela-en-el-080-barcelona-fashion-fallwinter-2016-2017\/celia_vela_031.jpg\" alt=\"Ready to Wear Fall\/Winter 2016-2017\" \/><img class=\"skip-lazy no-lazyload noLazy\" data-lazy-src=\"\" src =\"https:\/\/bobvarela.com\/wp-content\/flagallery\/celia-vela-en-el-080-barcelona-fashion-fallwinter-2016-2017\/celia_vela_032.jpg\" alt=\"Ready to Wear Fall\/Winter 2016-2017\" \/><img class=\"skip-lazy no-lazyload noLazy\" data-lazy-src=\"\" src =\"https:\/\/bobvarela.com\/wp-content\/flagallery\/celia-vela-en-el-080-barcelona-fashion-fallwinter-2016-2017\/celia_vela_033.jpg\" alt=\"Ready to Wear Fall\/Winter 2016-2017\" \/><img class=\"skip-lazy no-lazyload noLazy\" data-lazy-src=\"\" src =\"https:\/\/bobvarela.com\/wp-content\/flagallery\/celia-vela-en-el-080-barcelona-fashion-fallwinter-2016-2017\/celia_vela_034.jpg\" alt=\"Ready to Wear Fall\/Winter 2016-2017\" \/><img class=\"skip-lazy no-lazyload noLazy\" data-lazy-src=\"\" src =\"https:\/\/bobvarela.com\/wp-content\/flagallery\/celia-vela-en-el-080-barcelona-fashion-fallwinter-2016-2017\/celia_vela_035.jpg\" alt=\"Ready to Wear Fall\/Winter 2016-2017\" \/><img class=\"skip-lazy no-lazyload noLazy\" data-lazy-src=\"\" src =\"https:\/\/bobvarela.com\/wp-content\/flagallery\/celia-vela-en-el-080-barcelona-fashion-fallwinter-2016-2017\/celia_vela_036.jpg\" alt=\"Ready to Wear Fall\/Winter 2016-2017\" \/><img class=\"skip-lazy no-lazyload noLazy\" data-lazy-src=\"\" src =\"https:\/\/bobvarela.com\/wp-content\/flagallery\/celia-vela-en-el-080-barcelona-fashion-fallwinter-2016-2017\/celia_vela_037.jpg\" alt=\"Ready to Wear Fall\/Winter 2016-2017\" \/><img class=\"skip-lazy no-lazyload noLazy\" data-lazy-src=\"\" src =\"https:\/\/bobvarela.com\/wp-content\/flagallery\/celia-vela-en-el-080-barcelona-fashion-fallwinter-2016-2017\/celia_vela_038.jpg\" alt=\"Ready to Wear Fall\/Winter 2016-2017\" \/><img class=\"skip-lazy no-lazyload noLazy\" data-lazy-src=\"\" src =\"https:\/\/bobvarela.com\/wp-content\/flagallery\/celia-vela-en-el-080-barcelona-fashion-fallwinter-2016-2017\/celia_vela_039.jpg\" alt=\"Ready to Wear Fall\/Winter 2016-2017\" \/><img class=\"skip-lazy no-lazyload noLazy\" data-lazy-src=\"\" src =\"https:\/\/bobvarela.com\/wp-content\/flagallery\/celia-vela-en-el-080-barcelona-fashion-fallwinter-2016-2017\/celia_vela_040.jpg\" alt=\"Ready to Wear Fall\/Winter 2016-2017\" \/><img class=\"skip-lazy no-lazyload noLazy\" data-lazy-src=\"\" src =\"https:\/\/bobvarela.com\/wp-content\/flagallery\/celia-vela-en-el-080-barcelona-fashion-fallwinter-2016-2017\/celia_vela_041.jpg\" alt=\"Ready to Wear Fall\/Winter 2016-2017\" \/><img class=\"skip-lazy no-lazyload noLazy\" data-lazy-src=\"\" src =\"https:\/\/bobvarela.com\/wp-content\/flagallery\/celia-vela-en-el-080-barcelona-fashion-fallwinter-2016-2017\/celia_vela_042.jpg\" alt=\"Ready to Wear Fall\/Winter 2016-2017\" \/><img class=\"skip-lazy no-lazyload noLazy\" data-lazy-src=\"\" src =\"https:\/\/bobvarela.com\/wp-content\/flagallery\/celia-vela-en-el-080-barcelona-fashion-fallwinter-2016-2017\/celia_vela_043.jpg\" alt=\"Ready to Wear Fall\/Winter 2016-2017\" \/><img class=\"skip-lazy no-lazyload noLazy\" data-lazy-src=\"\" src =\"https:\/\/bobvarela.com\/wp-content\/flagallery\/celia-vela-en-el-080-barcelona-fashion-fallwinter-2016-2017\/celia_vela_044.jpg\" alt=\"Ready to Wear Fall\/Winter 2016-2017\" \/><img class=\"skip-lazy no-lazyload noLazy\" data-lazy-src=\"\" src =\"https:\/\/bobvarela.com\/wp-content\/flagallery\/celia-vela-en-el-080-barcelona-fashion-fallwinter-2016-2017\/celia_vela_045.jpg\" alt=\"Ready to Wear Fall\/Winter 2016-2017\" \/><img class=\"skip-lazy no-lazyload noLazy\" data-lazy-src=\"\" src =\"https:\/\/bobvarela.com\/wp-content\/flagallery\/celia-vela-en-el-080-barcelona-fashion-fallwinter-2016-2017\/celia_vela_046.jpg\" alt=\"Ready to Wear Fall\/Winter 2016-2017\" \/><img class=\"skip-lazy no-lazyload noLazy\" data-lazy-src=\"\" src =\"https:\/\/bobvarela.com\/wp-content\/flagallery\/celia-vela-en-el-080-barcelona-fashion-fallwinter-2016-2017\/celia_vela_047.jpg\" alt=\"Ready to Wear Fall\/Winter 2016-2017\" \/><img class=\"skip-lazy no-lazyload noLazy\" data-lazy-src=\"\" src =\"https:\/\/bobvarela.com\/wp-content\/flagallery\/celia-vela-en-el-080-barcelona-fashion-fallwinter-2016-2017\/celia_vela_048.jpg\" alt=\"Ready to Wear Fall\/Winter 2016-2017\" \/><img class=\"skip-lazy no-lazyload noLazy\" data-lazy-src=\"\" src =\"https:\/\/bobvarela.com\/wp-content\/flagallery\/celia-vela-en-el-080-barcelona-fashion-fallwinter-2016-2017\/celia_vela_049.jpg\" alt=\"Ready to Wear Fall\/Winter 2016-2017\" \/><img class=\"skip-lazy no-lazyload noLazy\" data-lazy-src=\"\" src =\"https:\/\/bobvarela.com\/wp-content\/flagallery\/celia-vela-en-el-080-barcelona-fashion-fallwinter-2016-2017\/celia_vela_050.jpg\" alt=\"Ready to Wear Fall\/Winter 2016-2017\" \/><img class=\"skip-lazy no-lazyload noLazy\" data-lazy-src=\"\" src =\"https:\/\/bobvarela.com\/wp-content\/flagallery\/celia-vela-en-el-080-barcelona-fashion-fallwinter-2016-2017\/celia_vela_051.jpg\" alt=\"Ready to Wear Fall\/Winter 2016-2017\" \/><img class=\"skip-lazy no-lazyload noLazy\" data-lazy-src=\"\" src =\"https:\/\/bobvarela.com\/wp-content\/flagallery\/celia-vela-en-el-080-barcelona-fashion-fallwinter-2016-2017\/celia_vela_052.jpg\" alt=\"Ready to Wear Fall\/Winter 2016-2017\" \/><img class=\"skip-lazy no-lazyload noLazy\" data-lazy-src=\"\" src =\"https:\/\/bobvarela.com\/wp-content\/flagallery\/celia-vela-en-el-080-barcelona-fashion-fallwinter-2016-2017\/celia_vela_053.jpg\" alt=\"Ready to Wear Fall\/Winter 2016-2017\" \/><img class=\"skip-lazy no-lazyload noLazy\" data-lazy-src=\"\" src =\"https:\/\/bobvarela.com\/wp-content\/flagallery\/celia-vela-en-el-080-barcelona-fashion-fallwinter-2016-2017\/celia_vela_054.jpg\" alt=\"Ready to Wear Fall\/Winter 2016-2017\" \/><img class=\"skip-lazy no-lazyload noLazy\" data-lazy-src=\"\" src =\"https:\/\/bobvarela.com\/wp-content\/flagallery\/celia-vela-en-el-080-barcelona-fashion-fallwinter-2016-2017\/celia_vela_055.jpg\" alt=\"Ready to Wear Fall\/Winter 2016-2017\" \/><img class=\"skip-lazy no-lazyload noLazy\" data-lazy-src=\"\" src =\"https:\/\/bobvarela.com\/wp-content\/flagallery\/celia-vela-en-el-080-barcelona-fashion-fallwinter-2016-2017\/celia_vela_056.jpg\" alt=\"Ready to Wear Fall\/Winter 2016-2017\" \/><img class=\"skip-lazy no-lazyload noLazy\" data-lazy-src=\"\" src =\"https:\/\/bobvarela.com\/wp-content\/flagallery\/celia-vela-en-el-080-barcelona-fashion-fallwinter-2016-2017\/celia_vela_057.jpg\" alt=\"Ready to Wear Fall\/Winter 2016-2017\" \/><img class=\"skip-lazy no-lazyload noLazy\" data-lazy-src=\"\" src =\"https:\/\/bobvarela.com\/wp-content\/flagallery\/celia-vela-en-el-080-barcelona-fashion-fallwinter-2016-2017\/celia_vela_058.jpg\" alt=\"Ready to Wear Fall\/Winter 2016-2017\" \/><img class=\"skip-lazy no-lazyload noLazy\" data-lazy-src=\"\" src =\"https:\/\/bobvarela.com\/wp-content\/flagallery\/celia-vela-en-el-080-barcelona-fashion-fallwinter-2016-2017\/celia_vela_059.jpg\" alt=\"Ready to Wear Fall\/Winter 2016-2017\" \/><img class=\"skip-lazy no-lazyload noLazy\" data-lazy-src=\"\" src =\"https:\/\/bobvarela.com\/wp-content\/flagallery\/celia-vela-en-el-080-barcelona-fashion-fallwinter-2016-2017\/celia_vela_060.jpg\" alt=\"Ready to Wear Fall\/Winter 2016-2017\" \/><img class=\"skip-lazy no-lazyload noLazy\" data-lazy-src=\"\" src =\"https:\/\/bobvarela.com\/wp-content\/flagallery\/celia-vela-en-el-080-barcelona-fashion-fallwinter-2016-2017\/celia_vela_061.jpg\" alt=\"Ready to Wear Fall\/Winter 2016-2017\" \/><\/noscript> <\/p>\n<p align=\"justify\">Fotos cortesia de 080 BARCELONA FASHION <\/p>\n","protected":false},"excerpt":{"rendered":"<p>Celia Vela debuta en la Pasarela Gaud\u00ed de Barcelona. Actualmente participa en la 080 Barcelona Fashion. Tiene tienda propia en Figueras. Sus colecciones se pueden encontrar tambi\u00e9n en Jap\u00f3n, pa\u00eds al que viaja por primera vez en el 1999 y&hellip;<\/p>\n<p class=\"more-link-p\"><a class=\"more-link\" href=\"https:\/\/bobvarela.com\/?p=91814\">Read more &rarr;<\/a><\/p>\n","protected":false},"author":1,"featured_media":0,"comment_status":"open","ping_status":"open","sticky":false,"template":"","format":"standard","meta":{"ngg_post_thumbnail":0,"footnotes":""},"categories":[478,4],"tags":[],"class_list":["post-91814","post","type-post","status-publish","format-standard","hentry","category-080-barcelona","category-moda"],"_links":{"self":[{"href":"https:\/\/bobvarela.com\/index.php?rest_route=\/wp\/v2\/posts\/91814","targetHints":{"allow":["GET"]}}],"collection":[{"href":"https:\/\/bobvarela.com\/index.php?rest_route=\/wp\/v2\/posts"}],"about":[{"href":"https:\/\/bobvarela.com\/index.php?rest_route=\/wp\/v2\/types\/post"}],"author":[{"embeddable":true,"href":"https:\/\/bobvarela.com\/index.php?rest_route=\/wp\/v2\/users\/1"}],"replies":[{"embeddable":true,"href":"https:\/\/bobvarela.com\/index.php?rest_route=%2Fwp%2Fv2%2Fcomments&post=91814"}],"version-history":[{"count":1,"href":"https:\/\/bobvarela.com\/index.php?rest_route=\/wp\/v2\/posts\/91814\/revisions"}],"predecessor-version":[{"id":91815,"href":"https:\/\/bobvarela.com\/index.php?rest_route=\/wp\/v2\/posts\/91814\/revisions\/91815"}],"wp:attachment":[{"href":"https:\/\/bobvarela.com\/index.php?rest_route=%2Fwp%2Fv2%2Fmedia&parent=91814"}],"wp:term":[{"taxonomy":"category","embeddable":true,"href":"https:\/\/bobvarela.com\/index.php?rest_route=%2Fwp%2Fv2%2Fcategories&post=91814"},{"taxonomy":"post_tag","embeddable":true,"href":"https:\/\/bobvarela.com\/index.php?rest_route=%2Fwp%2Fv2%2Ftags&post=91814"}],"curies":[{"name":"wp","href":"https:\/\/api.w.org\/{rel}","templated":true}]}}