{"id":91818,"date":"2016-02-01T21:04:44","date_gmt":"2016-02-02T01:04:44","guid":{"rendered":"https:\/\/bobvarela.com\/?p=91818"},"modified":"2016-02-01T21:04:44","modified_gmt":"2016-02-02T01:04:44","slug":"tcn-en-el-080-barcelona-fashion-fallwinter-2016-2017","status":"publish","type":"post","link":"https:\/\/bobvarela.com\/?p=91818","title":{"rendered":"TCN en el 080 BARCELONA FASHION Fall\/Winter 2016-2017"},"content":{"rendered":"<p align=\"justify\"><font size=\"3\">La colecci\u00f3n de oto\u00f1o-invierno de TCN 2016 -2017 marca un hito en la historia de la marca. El <em>pr\u00eat-\u00e0-porter<\/em> es el protagonista de la colecci\u00f3n, pero la corseter\u00eda y la lencer\u00eda se entremezclan una vez m\u00e1s haciendo de la fusi\u00f3n el icono de estilo TCN.<\/font><\/p>\n<p align=\"justify\"><font size=\"3\">Los tejidos est\u00e1n dominados por las texturas c\u00e1lidas y dulces, como la lana y el cashmere&#160; que encuentran en los abrigos su mejor forma de salir a la calle, mientras que los algodones y los terciopelos se dejan para las prendas que tocan la piel, los jers\u00e9is, los pantalones, los tops\u2026.En la corseter\u00eda el tul es el protagonista, unas veces en estampado y otras en su versi\u00f3n lisa, que juega a entremezclarse con vestidos y tops que salen del armario de la lencer\u00eda para vestirse&#160; sobrepuestos a todo.<\/font><\/p>\n<p align=\"justify\"><div class=\"flagallery photomania_skin\" id=\"FlaGallery_sc1_321\" ><style type=\"text\/css\" class=\"flagallery_skin_style_import\">#FlaGallery_sc1_321 .flagpm_preload {opacity:0;}#FlaGallery_sc1_321 .swiper-big-images img.flagpm_the_photo { max-height:100%; max-width:100%; display:inline; width:auto; height:auto !important; object-fit:unset; vertical-align:middle; border:none; }#FlaGallery_sc1_321 .flagpm_focus .swiper-big-images img.flagpm_the_photo { width:auto; height:auto; object-fit:unset; }#FlaGallery_sc1_321 .swiper-small-images img.flagpm_photo { max-width:none; max-height:none; }#FlaGallery_sc1_321 .swiper-small-images img.flagpm_photo.flagpm_photo_landscape { width:auto; height:100% !important; }#FlaGallery_sc1_321 .swiper-small-images img.flagpm_photo.flagpm_photo_portrait { width:100%; height:auto !important; }#FlaGallery_sc1_321 .flagpm_gallery_sources_list p { margin:7px 0; padding:0; font-size:inherit; }#FlaGallery_sc1_321 .flagpm_photo_details .flagpm_description_wrap a,#FlaGallery_sc1_321 .flagpm_big_button_wrap .flagpm_button.flagpm_like.flagpm_liked,#FlaGallery_sc1_321 .flagpm_big_button_wrap .flagpm_button.flagpm_like.flagpm_liked:hover {color:#0099e5;}#FlaGallery_sc1_321 .flagpm_photo_show .flagpm_big_button {background-color:#0099e5;}#FlaGallery_sc1_321 .swiper-small-images div.flagpm_photo.swiper-slide-active {border-color:#02adea;}#FlaGallery_sc1_321 .flagpm_photo_header .flagpm_name_wrap .flagpm_title_author a:hover,#FlaGallery_sc1_321 .flagpm_photo_details .flagpm_description_wrap a:hover {color:#02adea;}#FlaGallery_sc1_321 .flagpm_photo_show .flagpm_big_button:hover,#FlaGallery_sc1_321 .flagpm_focus_actions ul .flagpm_button.like.flagpm_liked {background-color:#02adea;}<\/style> <div class=\"flagpm_photo_show flagpm_w960 flagpm_w640 flagpm_w480 flagpm_preload\"> <div class=\"flagpm_photo_wrap has_prev_photo has_next_photo\"> <div class=\"swiper-container swiper-big-images\"> <div class=\"flagpm_photo_arrow_next flagpm_photo_arrow flagpm_next\"> <div title=\"Next\" class=\"flagpm_arrow\"><\/div> <\/div> <div class=\"flagpm_photo_arrow_previous flagpm_photo_arrow flagpm_prev\"> <div title=\"Previous\" class=\"flagpm_arrow\"><\/div> <\/div> <div class=\"swiper-wrapper\"><div class=\"swiper-slide\" data-hash=\"flagallery22778\" data-photo-id=\"22778\"><span class=\"flagpm_va\"><\/span><img decoding=\"async\" src=\"https:\/\/bobvarela.com\/wp-content\/flagallery\/tcn-en-el-080-barcelona-fashion-fallwinter-2016-2017\/webview\/tcn_001.jpg\" data-src=\"https:\/\/bobvarela.com\/wp-content\/flagallery\/tcn-en-el-080-barcelona-fashion-fallwinter-2016-2017\/webview\/tcn_001.jpg\" alt=\"Ready to Wear Fall\/Winter 2016-2017\" class=\"noLazy flagpm_the_photo swiper-lazy\"><div class=\"swiper-lazy-preloader swiper-lazy-preloader-black\"><\/div><\/div><div class=\"swiper-slide\" data-hash=\"flagallery22779\" data-photo-id=\"22779\"><span class=\"flagpm_va\"><\/span><img data-src=\"https:\/\/bobvarela.com\/wp-content\/flagallery\/tcn-en-el-080-barcelona-fashion-fallwinter-2016-2017\/webview\/tcn_002.jpg\" alt=\"Ready to Wear Fall\/Winter 2016-2017\" class=\"noLazy flagpm_the_photo swiper-lazy\"><div class=\"swiper-lazy-preloader swiper-lazy-preloader-black\"><\/div><\/div><div class=\"swiper-slide\" data-hash=\"flagallery22780\" data-photo-id=\"22780\"><span class=\"flagpm_va\"><\/span><img data-src=\"https:\/\/bobvarela.com\/wp-content\/flagallery\/tcn-en-el-080-barcelona-fashion-fallwinter-2016-2017\/webview\/tcn_003.jpg\" alt=\"Ready to Wear Fall\/Winter 2016-2017\" class=\"noLazy flagpm_the_photo swiper-lazy\"><div class=\"swiper-lazy-preloader swiper-lazy-preloader-black\"><\/div><\/div><div class=\"swiper-slide\" data-hash=\"flagallery22781\" data-photo-id=\"22781\"><span class=\"flagpm_va\"><\/span><img data-src=\"https:\/\/bobvarela.com\/wp-content\/flagallery\/tcn-en-el-080-barcelona-fashion-fallwinter-2016-2017\/webview\/tcn_004.jpg\" alt=\"Ready to Wear Fall\/Winter 2016-2017\" class=\"noLazy flagpm_the_photo swiper-lazy\"><div class=\"swiper-lazy-preloader swiper-lazy-preloader-black\"><\/div><\/div><div class=\"swiper-slide\" data-hash=\"flagallery22782\" data-photo-id=\"22782\"><span class=\"flagpm_va\"><\/span><img data-src=\"https:\/\/bobvarela.com\/wp-content\/flagallery\/tcn-en-el-080-barcelona-fashion-fallwinter-2016-2017\/webview\/tcn_005.jpg\" alt=\"Ready to Wear Fall\/Winter 2016-2017\" class=\"noLazy flagpm_the_photo swiper-lazy\"><div class=\"swiper-lazy-preloader swiper-lazy-preloader-black\"><\/div><\/div><div class=\"swiper-slide\" data-hash=\"flagallery22783\" data-photo-id=\"22783\"><span class=\"flagpm_va\"><\/span><img data-src=\"https:\/\/bobvarela.com\/wp-content\/flagallery\/tcn-en-el-080-barcelona-fashion-fallwinter-2016-2017\/webview\/tcn_006.jpg\" alt=\"Ready to Wear Fall\/Winter 2016-2017\" class=\"noLazy flagpm_the_photo swiper-lazy\"><div class=\"swiper-lazy-preloader swiper-lazy-preloader-black\"><\/div><\/div><div class=\"swiper-slide\" data-hash=\"flagallery22784\" data-photo-id=\"22784\"><span class=\"flagpm_va\"><\/span><img data-src=\"https:\/\/bobvarela.com\/wp-content\/flagallery\/tcn-en-el-080-barcelona-fashion-fallwinter-2016-2017\/webview\/tcn_007.jpg\" alt=\"Ready to Wear Fall\/Winter 2016-2017\" class=\"noLazy flagpm_the_photo swiper-lazy\"><div class=\"swiper-lazy-preloader swiper-lazy-preloader-black\"><\/div><\/div><div class=\"swiper-slide\" data-hash=\"flagallery22785\" data-photo-id=\"22785\"><span class=\"flagpm_va\"><\/span><img data-src=\"https:\/\/bobvarela.com\/wp-content\/flagallery\/tcn-en-el-080-barcelona-fashion-fallwinter-2016-2017\/webview\/tcn_008.jpg\" alt=\"Ready to Wear Fall\/Winter 2016-2017\" class=\"noLazy flagpm_the_photo swiper-lazy\"><div class=\"swiper-lazy-preloader swiper-lazy-preloader-black\"><\/div><\/div><div class=\"swiper-slide\" data-hash=\"flagallery22786\" data-photo-id=\"22786\"><span class=\"flagpm_va\"><\/span><img data-src=\"https:\/\/bobvarela.com\/wp-content\/flagallery\/tcn-en-el-080-barcelona-fashion-fallwinter-2016-2017\/webview\/tcn_009.jpg\" alt=\"Ready to Wear Fall\/Winter 2016-2017\" class=\"noLazy flagpm_the_photo swiper-lazy\"><div class=\"swiper-lazy-preloader swiper-lazy-preloader-black\"><\/div><\/div><div class=\"swiper-slide\" data-hash=\"flagallery22787\" data-photo-id=\"22787\"><span class=\"flagpm_va\"><\/span><img data-src=\"https:\/\/bobvarela.com\/wp-content\/flagallery\/tcn-en-el-080-barcelona-fashion-fallwinter-2016-2017\/webview\/tcn_010.jpg\" alt=\"Ready to Wear Fall\/Winter 2016-2017\" class=\"noLazy flagpm_the_photo swiper-lazy\"><div class=\"swiper-lazy-preloader swiper-lazy-preloader-black\"><\/div><\/div><div class=\"swiper-slide\" data-hash=\"flagallery22788\" data-photo-id=\"22788\"><span class=\"flagpm_va\"><\/span><img data-src=\"https:\/\/bobvarela.com\/wp-content\/flagallery\/tcn-en-el-080-barcelona-fashion-fallwinter-2016-2017\/webview\/tcn_011.jpg\" alt=\"Ready to Wear Fall\/Winter 2016-2017\" class=\"noLazy flagpm_the_photo swiper-lazy\"><div class=\"swiper-lazy-preloader swiper-lazy-preloader-black\"><\/div><\/div><div class=\"swiper-slide\" data-hash=\"flagallery22789\" data-photo-id=\"22789\"><span class=\"flagpm_va\"><\/span><img data-src=\"https:\/\/bobvarela.com\/wp-content\/flagallery\/tcn-en-el-080-barcelona-fashion-fallwinter-2016-2017\/webview\/tcn_012.jpg\" alt=\"Ready to Wear Fall\/Winter 2016-2017\" class=\"noLazy flagpm_the_photo swiper-lazy\"><div class=\"swiper-lazy-preloader swiper-lazy-preloader-black\"><\/div><\/div><div class=\"swiper-slide\" data-hash=\"flagallery22790\" data-photo-id=\"22790\"><span class=\"flagpm_va\"><\/span><img data-src=\"https:\/\/bobvarela.com\/wp-content\/flagallery\/tcn-en-el-080-barcelona-fashion-fallwinter-2016-2017\/webview\/tcn_013.jpg\" alt=\"Ready to Wear Fall\/Winter 2016-2017\" class=\"noLazy flagpm_the_photo swiper-lazy\"><div class=\"swiper-lazy-preloader swiper-lazy-preloader-black\"><\/div><\/div><div class=\"swiper-slide\" data-hash=\"flagallery22791\" data-photo-id=\"22791\"><span class=\"flagpm_va\"><\/span><img data-src=\"https:\/\/bobvarela.com\/wp-content\/flagallery\/tcn-en-el-080-barcelona-fashion-fallwinter-2016-2017\/webview\/tcn_014.jpg\" alt=\"Ready to Wear Fall\/Winter 2016-2017\" class=\"noLazy flagpm_the_photo swiper-lazy\"><div class=\"swiper-lazy-preloader swiper-lazy-preloader-black\"><\/div><\/div><div class=\"swiper-slide\" data-hash=\"flagallery22792\" data-photo-id=\"22792\"><span class=\"flagpm_va\"><\/span><img data-src=\"https:\/\/bobvarela.com\/wp-content\/flagallery\/tcn-en-el-080-barcelona-fashion-fallwinter-2016-2017\/webview\/tcn_015.jpg\" alt=\"Ready to Wear Fall\/Winter 2016-2017\" class=\"noLazy flagpm_the_photo swiper-lazy\"><div class=\"swiper-lazy-preloader swiper-lazy-preloader-black\"><\/div><\/div><div class=\"swiper-slide\" data-hash=\"flagallery22793\" data-photo-id=\"22793\"><span class=\"flagpm_va\"><\/span><img data-src=\"https:\/\/bobvarela.com\/wp-content\/flagallery\/tcn-en-el-080-barcelona-fashion-fallwinter-2016-2017\/webview\/tcn_016.jpg\" alt=\"Ready to Wear Fall\/Winter 2016-2017\" class=\"noLazy flagpm_the_photo swiper-lazy\"><div class=\"swiper-lazy-preloader swiper-lazy-preloader-black\"><\/div><\/div><div class=\"swiper-slide\" data-hash=\"flagallery22794\" data-photo-id=\"22794\"><span class=\"flagpm_va\"><\/span><img data-src=\"https:\/\/bobvarela.com\/wp-content\/flagallery\/tcn-en-el-080-barcelona-fashion-fallwinter-2016-2017\/webview\/tcn_017.jpg\" alt=\"Ready to Wear Fall\/Winter 2016-2017\" class=\"noLazy flagpm_the_photo swiper-lazy\"><div class=\"swiper-lazy-preloader swiper-lazy-preloader-black\"><\/div><\/div><div class=\"swiper-slide\" data-hash=\"flagallery22795\" data-photo-id=\"22795\"><span class=\"flagpm_va\"><\/span><img data-src=\"https:\/\/bobvarela.com\/wp-content\/flagallery\/tcn-en-el-080-barcelona-fashion-fallwinter-2016-2017\/webview\/tcn_018.jpg\" alt=\"Ready to Wear Fall\/Winter 2016-2017\" class=\"noLazy flagpm_the_photo swiper-lazy\"><div class=\"swiper-lazy-preloader swiper-lazy-preloader-black\"><\/div><\/div><div class=\"swiper-slide\" data-hash=\"flagallery22796\" data-photo-id=\"22796\"><span class=\"flagpm_va\"><\/span><img data-src=\"https:\/\/bobvarela.com\/wp-content\/flagallery\/tcn-en-el-080-barcelona-fashion-fallwinter-2016-2017\/webview\/tcn_019.jpg\" alt=\"Ready to Wear Fall\/Winter 2016-2017\" class=\"noLazy flagpm_the_photo swiper-lazy\"><div class=\"swiper-lazy-preloader swiper-lazy-preloader-black\"><\/div><\/div><div class=\"swiper-slide\" data-hash=\"flagallery22797\" data-photo-id=\"22797\"><span class=\"flagpm_va\"><\/span><img data-src=\"https:\/\/bobvarela.com\/wp-content\/flagallery\/tcn-en-el-080-barcelona-fashion-fallwinter-2016-2017\/webview\/tcn_020.jpg\" alt=\"Ready to Wear Fall\/Winter 2016-2017\" class=\"noLazy flagpm_the_photo swiper-lazy\"><div class=\"swiper-lazy-preloader swiper-lazy-preloader-black\"><\/div><\/div><div class=\"swiper-slide\" data-hash=\"flagallery22798\" data-photo-id=\"22798\"><span class=\"flagpm_va\"><\/span><img data-src=\"https:\/\/bobvarela.com\/wp-content\/flagallery\/tcn-en-el-080-barcelona-fashion-fallwinter-2016-2017\/webview\/tcn_021.jpg\" alt=\"Ready to Wear Fall\/Winter 2016-2017\" class=\"noLazy flagpm_the_photo swiper-lazy\"><div class=\"swiper-lazy-preloader swiper-lazy-preloader-black\"><\/div><\/div><div class=\"swiper-slide\" data-hash=\"flagallery22799\" data-photo-id=\"22799\"><span class=\"flagpm_va\"><\/span><img data-src=\"https:\/\/bobvarela.com\/wp-content\/flagallery\/tcn-en-el-080-barcelona-fashion-fallwinter-2016-2017\/webview\/tcn_022.jpg\" alt=\"Ready to Wear Fall\/Winter 2016-2017\" class=\"noLazy flagpm_the_photo swiper-lazy\"><div class=\"swiper-lazy-preloader swiper-lazy-preloader-black\"><\/div><\/div><div class=\"swiper-slide\" data-hash=\"flagallery22800\" data-photo-id=\"22800\"><span class=\"flagpm_va\"><\/span><img data-src=\"https:\/\/bobvarela.com\/wp-content\/flagallery\/tcn-en-el-080-barcelona-fashion-fallwinter-2016-2017\/webview\/tcn_023.jpg\" alt=\"Ready to Wear Fall\/Winter 2016-2017\" class=\"noLazy flagpm_the_photo swiper-lazy\"><div class=\"swiper-lazy-preloader swiper-lazy-preloader-black\"><\/div><\/div><div class=\"swiper-slide\" data-hash=\"flagallery22801\" data-photo-id=\"22801\"><span class=\"flagpm_va\"><\/span><img data-src=\"https:\/\/bobvarela.com\/wp-content\/flagallery\/tcn-en-el-080-barcelona-fashion-fallwinter-2016-2017\/webview\/tcn_024.jpg\" alt=\"Ready to Wear Fall\/Winter 2016-2017\" class=\"noLazy flagpm_the_photo swiper-lazy\"><div class=\"swiper-lazy-preloader swiper-lazy-preloader-black\"><\/div><\/div><div class=\"swiper-slide\" data-hash=\"flagallery22802\" data-photo-id=\"22802\"><span class=\"flagpm_va\"><\/span><img data-src=\"https:\/\/bobvarela.com\/wp-content\/flagallery\/tcn-en-el-080-barcelona-fashion-fallwinter-2016-2017\/webview\/tcn_025.jpg\" alt=\"Ready to Wear Fall\/Winter 2016-2017\" class=\"noLazy flagpm_the_photo swiper-lazy\"><div class=\"swiper-lazy-preloader swiper-lazy-preloader-black\"><\/div><\/div><div class=\"swiper-slide\" data-hash=\"flagallery22803\" data-photo-id=\"22803\"><span class=\"flagpm_va\"><\/span><img data-src=\"https:\/\/bobvarela.com\/wp-content\/flagallery\/tcn-en-el-080-barcelona-fashion-fallwinter-2016-2017\/webview\/tcn_026.jpg\" alt=\"Ready to Wear Fall\/Winter 2016-2017\" class=\"noLazy flagpm_the_photo swiper-lazy\"><div class=\"swiper-lazy-preloader swiper-lazy-preloader-black\"><\/div><\/div><div class=\"swiper-slide\" data-hash=\"flagallery22804\" data-photo-id=\"22804\"><span class=\"flagpm_va\"><\/span><img data-src=\"https:\/\/bobvarela.com\/wp-content\/flagallery\/tcn-en-el-080-barcelona-fashion-fallwinter-2016-2017\/webview\/tcn_027.jpg\" alt=\"Ready to Wear Fall\/Winter 2016-2017\" class=\"noLazy flagpm_the_photo swiper-lazy\"><div class=\"swiper-lazy-preloader swiper-lazy-preloader-black\"><\/div><\/div><div class=\"swiper-slide\" data-hash=\"flagallery22805\" data-photo-id=\"22805\"><span class=\"flagpm_va\"><\/span><img data-src=\"https:\/\/bobvarela.com\/wp-content\/flagallery\/tcn-en-el-080-barcelona-fashion-fallwinter-2016-2017\/webview\/tcn_028.jpg\" alt=\"Ready to Wear Fall\/Winter 2016-2017\" class=\"noLazy flagpm_the_photo swiper-lazy\"><div class=\"swiper-lazy-preloader swiper-lazy-preloader-black\"><\/div><\/div><div class=\"swiper-slide\" data-hash=\"flagallery22806\" data-photo-id=\"22806\"><span class=\"flagpm_va\"><\/span><img data-src=\"https:\/\/bobvarela.com\/wp-content\/flagallery\/tcn-en-el-080-barcelona-fashion-fallwinter-2016-2017\/webview\/tcn_029.jpg\" alt=\"Ready to Wear Fall\/Winter 2016-2017\" class=\"noLazy flagpm_the_photo swiper-lazy\"><div class=\"swiper-lazy-preloader swiper-lazy-preloader-black\"><\/div><\/div><div class=\"swiper-slide\" data-hash=\"flagallery22807\" data-photo-id=\"22807\"><span class=\"flagpm_va\"><\/span><img data-src=\"https:\/\/bobvarela.com\/wp-content\/flagallery\/tcn-en-el-080-barcelona-fashion-fallwinter-2016-2017\/webview\/tcn_030.jpg\" alt=\"Ready to Wear Fall\/Winter 2016-2017\" class=\"noLazy flagpm_the_photo swiper-lazy\"><div class=\"swiper-lazy-preloader swiper-lazy-preloader-black\"><\/div><\/div><div class=\"swiper-slide\" data-hash=\"flagallery22808\" data-photo-id=\"22808\"><span class=\"flagpm_va\"><\/span><img data-src=\"https:\/\/bobvarela.com\/wp-content\/flagallery\/tcn-en-el-080-barcelona-fashion-fallwinter-2016-2017\/webview\/tcn_031.jpg\" alt=\"Ready to Wear Fall\/Winter 2016-2017\" class=\"noLazy flagpm_the_photo swiper-lazy\"><div class=\"swiper-lazy-preloader swiper-lazy-preloader-black\"><\/div><\/div><div class=\"swiper-slide\" data-hash=\"flagallery22809\" data-photo-id=\"22809\"><span class=\"flagpm_va\"><\/span><img data-src=\"https:\/\/bobvarela.com\/wp-content\/flagallery\/tcn-en-el-080-barcelona-fashion-fallwinter-2016-2017\/webview\/tcn_032.jpg\" alt=\"Ready to Wear Fall\/Winter 2016-2017\" class=\"noLazy flagpm_the_photo swiper-lazy\"><div class=\"swiper-lazy-preloader swiper-lazy-preloader-black\"><\/div><\/div><div class=\"swiper-slide\" data-hash=\"flagallery22810\" data-photo-id=\"22810\"><span class=\"flagpm_va\"><\/span><img data-src=\"https:\/\/bobvarela.com\/wp-content\/flagallery\/tcn-en-el-080-barcelona-fashion-fallwinter-2016-2017\/webview\/tcn_033.jpg\" alt=\"Ready to Wear Fall\/Winter 2016-2017\" class=\"noLazy flagpm_the_photo swiper-lazy\"><div class=\"swiper-lazy-preloader swiper-lazy-preloader-black\"><\/div><\/div><div class=\"swiper-slide\" data-hash=\"flagallery22811\" data-photo-id=\"22811\"><span class=\"flagpm_va\"><\/span><img data-src=\"https:\/\/bobvarela.com\/wp-content\/flagallery\/tcn-en-el-080-barcelona-fashion-fallwinter-2016-2017\/webview\/tcn_034.jpg\" alt=\"Ready to Wear Fall\/Winter 2016-2017\" class=\"noLazy flagpm_the_photo swiper-lazy\"><div class=\"swiper-lazy-preloader swiper-lazy-preloader-black\"><\/div><\/div><div class=\"swiper-slide\" data-hash=\"flagallery22812\" data-photo-id=\"22812\"><span class=\"flagpm_va\"><\/span><img data-src=\"https:\/\/bobvarela.com\/wp-content\/flagallery\/tcn-en-el-080-barcelona-fashion-fallwinter-2016-2017\/webview\/tcn_035.jpg\" alt=\"Ready to Wear Fall\/Winter 2016-2017\" class=\"noLazy flagpm_the_photo swiper-lazy\"><div class=\"swiper-lazy-preloader swiper-lazy-preloader-black\"><\/div><\/div><div class=\"swiper-slide\" data-hash=\"flagallery22813\" data-photo-id=\"22813\"><span class=\"flagpm_va\"><\/span><img data-src=\"https:\/\/bobvarela.com\/wp-content\/flagallery\/tcn-en-el-080-barcelona-fashion-fallwinter-2016-2017\/webview\/tcn_036.jpg\" alt=\"Ready to Wear Fall\/Winter 2016-2017\" class=\"noLazy flagpm_the_photo swiper-lazy\"><div class=\"swiper-lazy-preloader swiper-lazy-preloader-black\"><\/div><\/div><div class=\"swiper-slide\" data-hash=\"flagallery22814\" data-photo-id=\"22814\"><span class=\"flagpm_va\"><\/span><img data-src=\"https:\/\/bobvarela.com\/wp-content\/flagallery\/tcn-en-el-080-barcelona-fashion-fallwinter-2016-2017\/webview\/tcn_037.jpg\" alt=\"Ready to Wear Fall\/Winter 2016-2017\" class=\"noLazy flagpm_the_photo swiper-lazy\"><div class=\"swiper-lazy-preloader swiper-lazy-preloader-black\"><\/div><\/div><div class=\"swiper-slide\" data-hash=\"flagallery22815\" data-photo-id=\"22815\"><span class=\"flagpm_va\"><\/span><img data-src=\"https:\/\/bobvarela.com\/wp-content\/flagallery\/tcn-en-el-080-barcelona-fashion-fallwinter-2016-2017\/webview\/tcn_038.jpg\" alt=\"Ready to Wear Fall\/Winter 2016-2017\" class=\"noLazy flagpm_the_photo swiper-lazy\"><div class=\"swiper-lazy-preloader swiper-lazy-preloader-black\"><\/div><\/div><div class=\"swiper-slide\" data-hash=\"flagallery22816\" data-photo-id=\"22816\"><span class=\"flagpm_va\"><\/span><img data-src=\"https:\/\/bobvarela.com\/wp-content\/flagallery\/tcn-en-el-080-barcelona-fashion-fallwinter-2016-2017\/webview\/tcn_039.jpg\" alt=\"Ready to Wear Fall\/Winter 2016-2017\" class=\"noLazy flagpm_the_photo swiper-lazy\"><div class=\"swiper-lazy-preloader swiper-lazy-preloader-black\"><\/div><\/div><div class=\"swiper-slide\" data-hash=\"flagallery22817\" data-photo-id=\"22817\"><span class=\"flagpm_va\"><\/span><img data-src=\"https:\/\/bobvarela.com\/wp-content\/flagallery\/tcn-en-el-080-barcelona-fashion-fallwinter-2016-2017\/webview\/tcn_040.jpg\" alt=\"Ready to Wear Fall\/Winter 2016-2017\" class=\"noLazy flagpm_the_photo swiper-lazy\"><div class=\"swiper-lazy-preloader swiper-lazy-preloader-black\"><\/div><\/div><div class=\"swiper-slide\" data-hash=\"flagallery22818\" data-photo-id=\"22818\"><span class=\"flagpm_va\"><\/span><img data-src=\"https:\/\/bobvarela.com\/wp-content\/flagallery\/tcn-en-el-080-barcelona-fashion-fallwinter-2016-2017\/webview\/tcn_041.jpg\" alt=\"Ready to Wear Fall\/Winter 2016-2017\" class=\"noLazy flagpm_the_photo swiper-lazy\"><div class=\"swiper-lazy-preloader swiper-lazy-preloader-black\"><\/div><\/div><div class=\"swiper-slide\" data-hash=\"flagallery22819\" data-photo-id=\"22819\"><span class=\"flagpm_va\"><\/span><img data-src=\"https:\/\/bobvarela.com\/wp-content\/flagallery\/tcn-en-el-080-barcelona-fashion-fallwinter-2016-2017\/webview\/tcn_042.jpg\" alt=\"Ready to Wear Fall\/Winter 2016-2017\" class=\"noLazy flagpm_the_photo swiper-lazy\"><div class=\"swiper-lazy-preloader swiper-lazy-preloader-black\"><\/div><\/div><div class=\"swiper-slide\" data-hash=\"flagallery22820\" data-photo-id=\"22820\"><span class=\"flagpm_va\"><\/span><img data-src=\"https:\/\/bobvarela.com\/wp-content\/flagallery\/tcn-en-el-080-barcelona-fashion-fallwinter-2016-2017\/webview\/tcn_043.jpg\" alt=\"Ready to Wear Fall\/Winter 2016-2017\" class=\"noLazy flagpm_the_photo swiper-lazy\"><div class=\"swiper-lazy-preloader swiper-lazy-preloader-black\"><\/div><\/div><div class=\"swiper-slide\" data-hash=\"flagallery22821\" data-photo-id=\"22821\"><span class=\"flagpm_va\"><\/span><img data-src=\"https:\/\/bobvarela.com\/wp-content\/flagallery\/tcn-en-el-080-barcelona-fashion-fallwinter-2016-2017\/webview\/tcn_044.jpg\" alt=\"Ready to Wear Fall\/Winter 2016-2017\" class=\"noLazy flagpm_the_photo swiper-lazy\"><div class=\"swiper-lazy-preloader swiper-lazy-preloader-black\"><\/div><\/div><div class=\"swiper-slide\" data-hash=\"flagallery22822\" data-photo-id=\"22822\"><span class=\"flagpm_va\"><\/span><img data-src=\"https:\/\/bobvarela.com\/wp-content\/flagallery\/tcn-en-el-080-barcelona-fashion-fallwinter-2016-2017\/webview\/tcn_045.jpg\" alt=\"Ready to Wear Fall\/Winter 2016-2017\" class=\"noLazy flagpm_the_photo swiper-lazy\"><div class=\"swiper-lazy-preloader swiper-lazy-preloader-black\"><\/div><\/div><div class=\"swiper-slide\" data-hash=\"flagallery22823\" data-photo-id=\"22823\"><span class=\"flagpm_va\"><\/span><img data-src=\"https:\/\/bobvarela.com\/wp-content\/flagallery\/tcn-en-el-080-barcelona-fashion-fallwinter-2016-2017\/webview\/tcn_046.jpg\" alt=\"Ready to Wear Fall\/Winter 2016-2017\" class=\"noLazy flagpm_the_photo swiper-lazy\"><div class=\"swiper-lazy-preloader swiper-lazy-preloader-black\"><\/div><\/div><div class=\"swiper-slide\" data-hash=\"flagallery22824\" data-photo-id=\"22824\"><span class=\"flagpm_va\"><\/span><img data-src=\"https:\/\/bobvarela.com\/wp-content\/flagallery\/tcn-en-el-080-barcelona-fashion-fallwinter-2016-2017\/webview\/tcn_047.jpg\" alt=\"Ready to Wear Fall\/Winter 2016-2017\" class=\"noLazy flagpm_the_photo swiper-lazy\"><div class=\"swiper-lazy-preloader swiper-lazy-preloader-black\"><\/div><\/div><div class=\"swiper-slide\" data-hash=\"flagallery22825\" data-photo-id=\"22825\"><span class=\"flagpm_va\"><\/span><img data-src=\"https:\/\/bobvarela.com\/wp-content\/flagallery\/tcn-en-el-080-barcelona-fashion-fallwinter-2016-2017\/webview\/tcn_048.jpg\" alt=\"Ready to Wear Fall\/Winter 2016-2017\" class=\"noLazy flagpm_the_photo swiper-lazy\"><div class=\"swiper-lazy-preloader swiper-lazy-preloader-black\"><\/div><\/div><div class=\"swiper-slide\" data-hash=\"flagallery22826\" data-photo-id=\"22826\"><span class=\"flagpm_va\"><\/span><img data-src=\"https:\/\/bobvarela.com\/wp-content\/flagallery\/tcn-en-el-080-barcelona-fashion-fallwinter-2016-2017\/webview\/tcn_049.jpg\" alt=\"Ready to Wear Fall\/Winter 2016-2017\" class=\"noLazy flagpm_the_photo swiper-lazy\"><div class=\"swiper-lazy-preloader swiper-lazy-preloader-black\"><\/div><\/div><div class=\"swiper-slide\" data-hash=\"flagallery22827\" data-photo-id=\"22827\"><span class=\"flagpm_va\"><\/span><img data-src=\"https:\/\/bobvarela.com\/wp-content\/flagallery\/tcn-en-el-080-barcelona-fashion-fallwinter-2016-2017\/webview\/tcn_050.jpg\" alt=\"Ready to Wear Fall\/Winter 2016-2017\" class=\"noLazy flagpm_the_photo swiper-lazy\"><div class=\"swiper-lazy-preloader swiper-lazy-preloader-black\"><\/div><\/div><div class=\"swiper-slide\" data-hash=\"flagallery22828\" data-photo-id=\"22828\"><span class=\"flagpm_va\"><\/span><img data-src=\"https:\/\/bobvarela.com\/wp-content\/flagallery\/tcn-en-el-080-barcelona-fashion-fallwinter-2016-2017\/webview\/tcn_051.jpg\" alt=\"Ready to Wear Fall\/Winter 2016-2017\" class=\"noLazy flagpm_the_photo swiper-lazy\"><div class=\"swiper-lazy-preloader swiper-lazy-preloader-black\"><\/div><\/div><div class=\"swiper-slide\" data-hash=\"flagallery22829\" data-photo-id=\"22829\"><span class=\"flagpm_va\"><\/span><img data-src=\"https:\/\/bobvarela.com\/wp-content\/flagallery\/tcn-en-el-080-barcelona-fashion-fallwinter-2016-2017\/webview\/tcn_052.jpg\" alt=\"Ready to Wear Fall\/Winter 2016-2017\" class=\"noLazy flagpm_the_photo swiper-lazy\"><div class=\"swiper-lazy-preloader swiper-lazy-preloader-black\"><\/div><\/div><div class=\"swiper-slide\" data-hash=\"flagallery22830\" data-photo-id=\"22830\"><span class=\"flagpm_va\"><\/span><img data-src=\"https:\/\/bobvarela.com\/wp-content\/flagallery\/tcn-en-el-080-barcelona-fashion-fallwinter-2016-2017\/webview\/tcn_053.jpg\" alt=\"Ready to Wear Fall\/Winter 2016-2017\" class=\"noLazy flagpm_the_photo swiper-lazy\"><div class=\"swiper-lazy-preloader swiper-lazy-preloader-black\"><\/div><\/div><div class=\"swiper-slide\" data-hash=\"flagallery22831\" data-photo-id=\"22831\"><span class=\"flagpm_va\"><\/span><img data-src=\"https:\/\/bobvarela.com\/wp-content\/flagallery\/tcn-en-el-080-barcelona-fashion-fallwinter-2016-2017\/webview\/tcn_054.jpg\" alt=\"Ready to Wear Fall\/Winter 2016-2017\" class=\"noLazy flagpm_the_photo swiper-lazy\"><div class=\"swiper-lazy-preloader swiper-lazy-preloader-black\"><\/div><\/div><div class=\"swiper-slide\" data-hash=\"flagallery22832\" data-photo-id=\"22832\"><span class=\"flagpm_va\"><\/span><img data-src=\"https:\/\/bobvarela.com\/wp-content\/flagallery\/tcn-en-el-080-barcelona-fashion-fallwinter-2016-2017\/webview\/tcn_055.jpg\" alt=\"Ready to Wear Fall\/Winter 2016-2017\" class=\"noLazy flagpm_the_photo swiper-lazy\"><div class=\"swiper-lazy-preloader swiper-lazy-preloader-black\"><\/div><\/div><div class=\"swiper-slide\" data-hash=\"flagallery22833\" data-photo-id=\"22833\"><span class=\"flagpm_va\"><\/span><img data-src=\"https:\/\/bobvarela.com\/wp-content\/flagallery\/tcn-en-el-080-barcelona-fashion-fallwinter-2016-2017\/webview\/tcn_056.jpg\" alt=\"Ready to Wear Fall\/Winter 2016-2017\" class=\"noLazy flagpm_the_photo swiper-lazy\"><div class=\"swiper-lazy-preloader swiper-lazy-preloader-black\"><\/div><\/div><div class=\"swiper-slide\" data-hash=\"flagallery22834\" data-photo-id=\"22834\"><span class=\"flagpm_va\"><\/span><img data-src=\"https:\/\/bobvarela.com\/wp-content\/flagallery\/tcn-en-el-080-barcelona-fashion-fallwinter-2016-2017\/webview\/tcn_057.jpg\" alt=\"Ready to Wear Fall\/Winter 2016-2017\" class=\"noLazy flagpm_the_photo swiper-lazy\"><div class=\"swiper-lazy-preloader swiper-lazy-preloader-black\"><\/div><\/div><div class=\"swiper-slide\" data-hash=\"flagallery22835\" data-photo-id=\"22835\"><span class=\"flagpm_va\"><\/span><img data-src=\"https:\/\/bobvarela.com\/wp-content\/flagallery\/tcn-en-el-080-barcelona-fashion-fallwinter-2016-2017\/webview\/tcn_058.jpg\" alt=\"Ready to Wear Fall\/Winter 2016-2017\" class=\"noLazy flagpm_the_photo swiper-lazy\"><div class=\"swiper-lazy-preloader swiper-lazy-preloader-black\"><\/div><\/div><div class=\"swiper-slide\" data-hash=\"flagallery22836\" data-photo-id=\"22836\"><span class=\"flagpm_va\"><\/span><img data-src=\"https:\/\/bobvarela.com\/wp-content\/flagallery\/tcn-en-el-080-barcelona-fashion-fallwinter-2016-2017\/webview\/tcn_059.jpg\" alt=\"Ready to Wear Fall\/Winter 2016-2017\" class=\"noLazy flagpm_the_photo swiper-lazy\"><div class=\"swiper-lazy-preloader swiper-lazy-preloader-black\"><\/div><\/div><div class=\"swiper-slide\" data-hash=\"flagallery22837\" data-photo-id=\"22837\"><span class=\"flagpm_va\"><\/span><img data-src=\"https:\/\/bobvarela.com\/wp-content\/flagallery\/tcn-en-el-080-barcelona-fashion-fallwinter-2016-2017\/webview\/tcn_060.jpg\" alt=\"Ready to Wear Fall\/Winter 2016-2017\" class=\"noLazy flagpm_the_photo swiper-lazy\"><div class=\"swiper-lazy-preloader swiper-lazy-preloader-black\"><\/div><\/div> <\/div> <\/div> <\/div> <div class=\"flagpm_photo_header\"> <div class=\"flagpm_wrapper flagpm_clearfix\"> <div class=\"flagpm_focus_actions\"> <ul class=\"flagpm_focus_share\"> <li style=\"list-style:none;\" class=\"flagpm_share_wrapper\"> <a class=\"flagpm_button flagpm_share\">Share<\/a> <ul class=\"flagpm_sharelizers flagpm_clearfix\"> <li style=\"list-style:none;\"><a class=\"flagpm_button flagpm_facebook flagpm_sharelizer\">Facebook<\/a><\/li> <li style=\"list-style:none;\"><a class=\"flagpm_button flagpm_twitter flagpm_sharelizer\">Twitter<\/a><\/li> <li style=\"list-style:none;\"><a class=\"flagpm_button flagpm_pinterest flagpm_sharelizer\">Pinterest<\/a><\/li> <li style=\"list-style:none;\"><a class=\"flagpm_button flagpm_stumbleupon flagpm_sharelizer\">StumbleUpon<\/a><\/li> <\/ul> <\/li> <\/ul> <ul class=\"flagpm_focus_like_fave flagpm_clearfix\"> <li style=\"list-style:none;\"><a class=\"flagpm_button flagpm_like\">Like<\/a><\/li> <\/ul> <ul class=\"flagpm_focus_arrows flagpm_clearfix\"> <li style=\"list-style:none;\"><a class=\"flagpm_button flagpm_photo_arrow_previous flagpm_prev\">Previous<\/a><\/li> <li style=\"list-style:none;\"><a class=\"flagpm_button flagpm_photo_arrow_next flagpm_next\">Next<\/a><\/li> <\/ul> <\/div> <div class=\"flagpm_name_wrap flagpm_clearfix flagpm_no_avatar\"> <div class=\"flagpm_title_author\"> <div class=\"flagpm_title\">Ready to Wear Fall\/Winter 2016-2017<\/div> <\/div> <\/div> <div class=\"flagpm_actions flagpm_clearfix\"> <div class=\"flagpm_carousel flagpm_has_previous flagpm_has_next\"> <div class=\"flagpm_previous_button\"><\/div> <div class=\"flagpm_photo_carousel\"> <div class=\"swiper-container swiper-small-images\"> <div class=\"swiper-wrapper\"><div class=\"swiper-slide flagpm_photo\" data-photo-id=\"22778\"><img decoding=\"async\" src=\"https:\/\/bobvarela.com\/wp-content\/flagallery\/tcn-en-el-080-barcelona-fashion-fallwinter-2016-2017\/thumbs\/thumbs_tcn_001.jpg\" data-src=\"https:\/\/bobvarela.com\/wp-content\/flagallery\/tcn-en-el-080-barcelona-fashion-fallwinter-2016-2017\/thumbs\/thumbs_tcn_001.jpg\" alt=\"Ready to Wear Fall\/Winter 2016-2017\" class=\"noLazy flagpm_photo swiper-lazy flagpm_photo_portrait\"><span class=\"swiper-lazy-preloader swiper-lazy-preloader-black\"><\/span><\/div><div class=\"swiper-slide flagpm_photo\" data-photo-id=\"22779\"><img data-src=\"https:\/\/bobvarela.com\/wp-content\/flagallery\/tcn-en-el-080-barcelona-fashion-fallwinter-2016-2017\/thumbs\/thumbs_tcn_002.jpg\" alt=\"Ready to Wear Fall\/Winter 2016-2017\" class=\"noLazy flagpm_photo swiper-lazy flagpm_photo_portrait\"><span class=\"swiper-lazy-preloader swiper-lazy-preloader-black\"><\/span><\/div><div class=\"swiper-slide flagpm_photo\" data-photo-id=\"22780\"><img data-src=\"https:\/\/bobvarela.com\/wp-content\/flagallery\/tcn-en-el-080-barcelona-fashion-fallwinter-2016-2017\/thumbs\/thumbs_tcn_003.jpg\" alt=\"Ready to Wear Fall\/Winter 2016-2017\" class=\"noLazy flagpm_photo swiper-lazy flagpm_photo_portrait\"><span class=\"swiper-lazy-preloader swiper-lazy-preloader-black\"><\/span><\/div><div class=\"swiper-slide flagpm_photo\" data-photo-id=\"22781\"><img data-src=\"https:\/\/bobvarela.com\/wp-content\/flagallery\/tcn-en-el-080-barcelona-fashion-fallwinter-2016-2017\/thumbs\/thumbs_tcn_004.jpg\" alt=\"Ready to Wear Fall\/Winter 2016-2017\" class=\"noLazy flagpm_photo swiper-lazy flagpm_photo_portrait\"><span class=\"swiper-lazy-preloader swiper-lazy-preloader-black\"><\/span><\/div><div class=\"swiper-slide flagpm_photo\" data-photo-id=\"22782\"><img data-src=\"https:\/\/bobvarela.com\/wp-content\/flagallery\/tcn-en-el-080-barcelona-fashion-fallwinter-2016-2017\/thumbs\/thumbs_tcn_005.jpg\" alt=\"Ready to Wear Fall\/Winter 2016-2017\" class=\"noLazy flagpm_photo swiper-lazy flagpm_photo_portrait\"><span class=\"swiper-lazy-preloader swiper-lazy-preloader-black\"><\/span><\/div><div class=\"swiper-slide flagpm_photo\" data-photo-id=\"22783\"><img data-src=\"https:\/\/bobvarela.com\/wp-content\/flagallery\/tcn-en-el-080-barcelona-fashion-fallwinter-2016-2017\/thumbs\/thumbs_tcn_006.jpg\" alt=\"Ready to Wear Fall\/Winter 2016-2017\" class=\"noLazy flagpm_photo swiper-lazy flagpm_photo_portrait\"><span class=\"swiper-lazy-preloader swiper-lazy-preloader-black\"><\/span><\/div><div class=\"swiper-slide flagpm_photo\" data-photo-id=\"22784\"><img data-src=\"https:\/\/bobvarela.com\/wp-content\/flagallery\/tcn-en-el-080-barcelona-fashion-fallwinter-2016-2017\/thumbs\/thumbs_tcn_007.jpg\" alt=\"Ready to Wear Fall\/Winter 2016-2017\" class=\"noLazy flagpm_photo swiper-lazy flagpm_photo_portrait\"><span class=\"swiper-lazy-preloader swiper-lazy-preloader-black\"><\/span><\/div><div class=\"swiper-slide flagpm_photo\" data-photo-id=\"22785\"><img data-src=\"https:\/\/bobvarela.com\/wp-content\/flagallery\/tcn-en-el-080-barcelona-fashion-fallwinter-2016-2017\/thumbs\/thumbs_tcn_008.jpg\" alt=\"Ready to Wear Fall\/Winter 2016-2017\" class=\"noLazy flagpm_photo swiper-lazy flagpm_photo_portrait\"><span class=\"swiper-lazy-preloader swiper-lazy-preloader-black\"><\/span><\/div><div class=\"swiper-slide flagpm_photo\" data-photo-id=\"22786\"><img data-src=\"https:\/\/bobvarela.com\/wp-content\/flagallery\/tcn-en-el-080-barcelona-fashion-fallwinter-2016-2017\/thumbs\/thumbs_tcn_009.jpg\" alt=\"Ready to Wear Fall\/Winter 2016-2017\" class=\"noLazy flagpm_photo swiper-lazy flagpm_photo_portrait\"><span class=\"swiper-lazy-preloader swiper-lazy-preloader-black\"><\/span><\/div><div class=\"swiper-slide flagpm_photo\" data-photo-id=\"22787\"><img data-src=\"https:\/\/bobvarela.com\/wp-content\/flagallery\/tcn-en-el-080-barcelona-fashion-fallwinter-2016-2017\/thumbs\/thumbs_tcn_010.jpg\" alt=\"Ready to Wear Fall\/Winter 2016-2017\" class=\"noLazy flagpm_photo swiper-lazy flagpm_photo_portrait\"><span class=\"swiper-lazy-preloader swiper-lazy-preloader-black\"><\/span><\/div><div class=\"swiper-slide flagpm_photo\" data-photo-id=\"22788\"><img data-src=\"https:\/\/bobvarela.com\/wp-content\/flagallery\/tcn-en-el-080-barcelona-fashion-fallwinter-2016-2017\/thumbs\/thumbs_tcn_011.jpg\" alt=\"Ready to Wear Fall\/Winter 2016-2017\" class=\"noLazy flagpm_photo swiper-lazy flagpm_photo_portrait\"><span class=\"swiper-lazy-preloader swiper-lazy-preloader-black\"><\/span><\/div><div class=\"swiper-slide flagpm_photo\" data-photo-id=\"22789\"><img data-src=\"https:\/\/bobvarela.com\/wp-content\/flagallery\/tcn-en-el-080-barcelona-fashion-fallwinter-2016-2017\/thumbs\/thumbs_tcn_012.jpg\" alt=\"Ready to Wear Fall\/Winter 2016-2017\" class=\"noLazy flagpm_photo swiper-lazy flagpm_photo_portrait\"><span class=\"swiper-lazy-preloader swiper-lazy-preloader-black\"><\/span><\/div><div class=\"swiper-slide flagpm_photo\" data-photo-id=\"22790\"><img data-src=\"https:\/\/bobvarela.com\/wp-content\/flagallery\/tcn-en-el-080-barcelona-fashion-fallwinter-2016-2017\/thumbs\/thumbs_tcn_013.jpg\" alt=\"Ready to Wear Fall\/Winter 2016-2017\" class=\"noLazy flagpm_photo swiper-lazy flagpm_photo_portrait\"><span class=\"swiper-lazy-preloader swiper-lazy-preloader-black\"><\/span><\/div><div class=\"swiper-slide flagpm_photo\" data-photo-id=\"22791\"><img data-src=\"https:\/\/bobvarela.com\/wp-content\/flagallery\/tcn-en-el-080-barcelona-fashion-fallwinter-2016-2017\/thumbs\/thumbs_tcn_014.jpg\" alt=\"Ready to Wear Fall\/Winter 2016-2017\" class=\"noLazy flagpm_photo swiper-lazy flagpm_photo_portrait\"><span class=\"swiper-lazy-preloader swiper-lazy-preloader-black\"><\/span><\/div><div class=\"swiper-slide flagpm_photo\" data-photo-id=\"22792\"><img data-src=\"https:\/\/bobvarela.com\/wp-content\/flagallery\/tcn-en-el-080-barcelona-fashion-fallwinter-2016-2017\/thumbs\/thumbs_tcn_015.jpg\" alt=\"Ready to Wear Fall\/Winter 2016-2017\" class=\"noLazy flagpm_photo swiper-lazy flagpm_photo_portrait\"><span class=\"swiper-lazy-preloader swiper-lazy-preloader-black\"><\/span><\/div><div class=\"swiper-slide flagpm_photo\" data-photo-id=\"22793\"><img data-src=\"https:\/\/bobvarela.com\/wp-content\/flagallery\/tcn-en-el-080-barcelona-fashion-fallwinter-2016-2017\/thumbs\/thumbs_tcn_016.jpg\" alt=\"Ready to Wear Fall\/Winter 2016-2017\" class=\"noLazy flagpm_photo swiper-lazy flagpm_photo_portrait\"><span class=\"swiper-lazy-preloader swiper-lazy-preloader-black\"><\/span><\/div><div class=\"swiper-slide flagpm_photo\" data-photo-id=\"22794\"><img data-src=\"https:\/\/bobvarela.com\/wp-content\/flagallery\/tcn-en-el-080-barcelona-fashion-fallwinter-2016-2017\/thumbs\/thumbs_tcn_017.jpg\" alt=\"Ready to Wear Fall\/Winter 2016-2017\" class=\"noLazy flagpm_photo swiper-lazy flagpm_photo_portrait\"><span class=\"swiper-lazy-preloader swiper-lazy-preloader-black\"><\/span><\/div><div class=\"swiper-slide flagpm_photo\" data-photo-id=\"22795\"><img data-src=\"https:\/\/bobvarela.com\/wp-content\/flagallery\/tcn-en-el-080-barcelona-fashion-fallwinter-2016-2017\/thumbs\/thumbs_tcn_018.jpg\" alt=\"Ready to Wear Fall\/Winter 2016-2017\" class=\"noLazy flagpm_photo swiper-lazy flagpm_photo_portrait\"><span class=\"swiper-lazy-preloader swiper-lazy-preloader-black\"><\/span><\/div><div class=\"swiper-slide flagpm_photo\" data-photo-id=\"22796\"><img data-src=\"https:\/\/bobvarela.com\/wp-content\/flagallery\/tcn-en-el-080-barcelona-fashion-fallwinter-2016-2017\/thumbs\/thumbs_tcn_019.jpg\" alt=\"Ready to Wear Fall\/Winter 2016-2017\" class=\"noLazy flagpm_photo swiper-lazy flagpm_photo_portrait\"><span class=\"swiper-lazy-preloader swiper-lazy-preloader-black\"><\/span><\/div><div class=\"swiper-slide flagpm_photo\" data-photo-id=\"22797\"><img data-src=\"https:\/\/bobvarela.com\/wp-content\/flagallery\/tcn-en-el-080-barcelona-fashion-fallwinter-2016-2017\/thumbs\/thumbs_tcn_020.jpg\" alt=\"Ready to Wear Fall\/Winter 2016-2017\" class=\"noLazy flagpm_photo swiper-lazy flagpm_photo_landscape\"><span class=\"swiper-lazy-preloader swiper-lazy-preloader-black\"><\/span><\/div><div class=\"swiper-slide flagpm_photo\" data-photo-id=\"22798\"><img data-src=\"https:\/\/bobvarela.com\/wp-content\/flagallery\/tcn-en-el-080-barcelona-fashion-fallwinter-2016-2017\/thumbs\/thumbs_tcn_021.jpg\" alt=\"Ready to Wear Fall\/Winter 2016-2017\" class=\"noLazy flagpm_photo swiper-lazy flagpm_photo_portrait\"><span class=\"swiper-lazy-preloader swiper-lazy-preloader-black\"><\/span><\/div><div class=\"swiper-slide flagpm_photo\" data-photo-id=\"22799\"><img data-src=\"https:\/\/bobvarela.com\/wp-content\/flagallery\/tcn-en-el-080-barcelona-fashion-fallwinter-2016-2017\/thumbs\/thumbs_tcn_022.jpg\" alt=\"Ready to Wear Fall\/Winter 2016-2017\" class=\"noLazy flagpm_photo swiper-lazy flagpm_photo_portrait\"><span class=\"swiper-lazy-preloader swiper-lazy-preloader-black\"><\/span><\/div><div class=\"swiper-slide flagpm_photo\" data-photo-id=\"22800\"><img data-src=\"https:\/\/bobvarela.com\/wp-content\/flagallery\/tcn-en-el-080-barcelona-fashion-fallwinter-2016-2017\/thumbs\/thumbs_tcn_023.jpg\" alt=\"Ready to Wear Fall\/Winter 2016-2017\" class=\"noLazy flagpm_photo swiper-lazy flagpm_photo_portrait\"><span class=\"swiper-lazy-preloader swiper-lazy-preloader-black\"><\/span><\/div><div class=\"swiper-slide flagpm_photo\" data-photo-id=\"22801\"><img data-src=\"https:\/\/bobvarela.com\/wp-content\/flagallery\/tcn-en-el-080-barcelona-fashion-fallwinter-2016-2017\/thumbs\/thumbs_tcn_024.jpg\" alt=\"Ready to Wear Fall\/Winter 2016-2017\" class=\"noLazy flagpm_photo swiper-lazy flagpm_photo_portrait\"><span class=\"swiper-lazy-preloader swiper-lazy-preloader-black\"><\/span><\/div><div class=\"swiper-slide flagpm_photo\" data-photo-id=\"22802\"><img data-src=\"https:\/\/bobvarela.com\/wp-content\/flagallery\/tcn-en-el-080-barcelona-fashion-fallwinter-2016-2017\/thumbs\/thumbs_tcn_025.jpg\" alt=\"Ready to Wear Fall\/Winter 2016-2017\" class=\"noLazy flagpm_photo swiper-lazy flagpm_photo_portrait\"><span class=\"swiper-lazy-preloader swiper-lazy-preloader-black\"><\/span><\/div><div class=\"swiper-slide flagpm_photo\" data-photo-id=\"22803\"><img data-src=\"https:\/\/bobvarela.com\/wp-content\/flagallery\/tcn-en-el-080-barcelona-fashion-fallwinter-2016-2017\/thumbs\/thumbs_tcn_026.jpg\" alt=\"Ready to Wear Fall\/Winter 2016-2017\" class=\"noLazy flagpm_photo swiper-lazy flagpm_photo_portrait\"><span class=\"swiper-lazy-preloader swiper-lazy-preloader-black\"><\/span><\/div><div class=\"swiper-slide flagpm_photo\" data-photo-id=\"22804\"><img data-src=\"https:\/\/bobvarela.com\/wp-content\/flagallery\/tcn-en-el-080-barcelona-fashion-fallwinter-2016-2017\/thumbs\/thumbs_tcn_027.jpg\" alt=\"Ready to Wear Fall\/Winter 2016-2017\" class=\"noLazy flagpm_photo swiper-lazy flagpm_photo_portrait\"><span class=\"swiper-lazy-preloader swiper-lazy-preloader-black\"><\/span><\/div><div class=\"swiper-slide flagpm_photo\" data-photo-id=\"22805\"><img data-src=\"https:\/\/bobvarela.com\/wp-content\/flagallery\/tcn-en-el-080-barcelona-fashion-fallwinter-2016-2017\/thumbs\/thumbs_tcn_028.jpg\" alt=\"Ready to Wear Fall\/Winter 2016-2017\" class=\"noLazy flagpm_photo swiper-lazy flagpm_photo_portrait\"><span class=\"swiper-lazy-preloader swiper-lazy-preloader-black\"><\/span><\/div><div class=\"swiper-slide flagpm_photo\" data-photo-id=\"22806\"><img data-src=\"https:\/\/bobvarela.com\/wp-content\/flagallery\/tcn-en-el-080-barcelona-fashion-fallwinter-2016-2017\/thumbs\/thumbs_tcn_029.jpg\" alt=\"Ready to Wear Fall\/Winter 2016-2017\" class=\"noLazy flagpm_photo swiper-lazy flagpm_photo_portrait\"><span class=\"swiper-lazy-preloader swiper-lazy-preloader-black\"><\/span><\/div><div class=\"swiper-slide flagpm_photo\" data-photo-id=\"22807\"><img data-src=\"https:\/\/bobvarela.com\/wp-content\/flagallery\/tcn-en-el-080-barcelona-fashion-fallwinter-2016-2017\/thumbs\/thumbs_tcn_030.jpg\" alt=\"Ready to Wear Fall\/Winter 2016-2017\" class=\"noLazy flagpm_photo swiper-lazy flagpm_photo_portrait\"><span class=\"swiper-lazy-preloader swiper-lazy-preloader-black\"><\/span><\/div><div class=\"swiper-slide flagpm_photo\" data-photo-id=\"22808\"><img data-src=\"https:\/\/bobvarela.com\/wp-content\/flagallery\/tcn-en-el-080-barcelona-fashion-fallwinter-2016-2017\/thumbs\/thumbs_tcn_031.jpg\" alt=\"Ready to Wear Fall\/Winter 2016-2017\" class=\"noLazy flagpm_photo swiper-lazy flagpm_photo_portrait\"><span class=\"swiper-lazy-preloader swiper-lazy-preloader-black\"><\/span><\/div><div class=\"swiper-slide flagpm_photo\" data-photo-id=\"22809\"><img data-src=\"https:\/\/bobvarela.com\/wp-content\/flagallery\/tcn-en-el-080-barcelona-fashion-fallwinter-2016-2017\/thumbs\/thumbs_tcn_032.jpg\" alt=\"Ready to Wear Fall\/Winter 2016-2017\" class=\"noLazy flagpm_photo swiper-lazy flagpm_photo_portrait\"><span class=\"swiper-lazy-preloader swiper-lazy-preloader-black\"><\/span><\/div><div class=\"swiper-slide flagpm_photo\" data-photo-id=\"22810\"><img data-src=\"https:\/\/bobvarela.com\/wp-content\/flagallery\/tcn-en-el-080-barcelona-fashion-fallwinter-2016-2017\/thumbs\/thumbs_tcn_033.jpg\" alt=\"Ready to Wear Fall\/Winter 2016-2017\" class=\"noLazy flagpm_photo swiper-lazy flagpm_photo_portrait\"><span class=\"swiper-lazy-preloader swiper-lazy-preloader-black\"><\/span><\/div><div class=\"swiper-slide flagpm_photo\" data-photo-id=\"22811\"><img data-src=\"https:\/\/bobvarela.com\/wp-content\/flagallery\/tcn-en-el-080-barcelona-fashion-fallwinter-2016-2017\/thumbs\/thumbs_tcn_034.jpg\" alt=\"Ready to Wear Fall\/Winter 2016-2017\" class=\"noLazy flagpm_photo swiper-lazy flagpm_photo_portrait\"><span class=\"swiper-lazy-preloader swiper-lazy-preloader-black\"><\/span><\/div><div class=\"swiper-slide flagpm_photo\" data-photo-id=\"22812\"><img data-src=\"https:\/\/bobvarela.com\/wp-content\/flagallery\/tcn-en-el-080-barcelona-fashion-fallwinter-2016-2017\/thumbs\/thumbs_tcn_035.jpg\" alt=\"Ready to Wear Fall\/Winter 2016-2017\" class=\"noLazy flagpm_photo swiper-lazy flagpm_photo_portrait\"><span class=\"swiper-lazy-preloader swiper-lazy-preloader-black\"><\/span><\/div><div class=\"swiper-slide flagpm_photo\" data-photo-id=\"22813\"><img data-src=\"https:\/\/bobvarela.com\/wp-content\/flagallery\/tcn-en-el-080-barcelona-fashion-fallwinter-2016-2017\/thumbs\/thumbs_tcn_036.jpg\" alt=\"Ready to Wear Fall\/Winter 2016-2017\" class=\"noLazy flagpm_photo swiper-lazy flagpm_photo_portrait\"><span class=\"swiper-lazy-preloader swiper-lazy-preloader-black\"><\/span><\/div><div class=\"swiper-slide flagpm_photo\" data-photo-id=\"22814\"><img data-src=\"https:\/\/bobvarela.com\/wp-content\/flagallery\/tcn-en-el-080-barcelona-fashion-fallwinter-2016-2017\/thumbs\/thumbs_tcn_037.jpg\" alt=\"Ready to Wear Fall\/Winter 2016-2017\" class=\"noLazy flagpm_photo swiper-lazy flagpm_photo_portrait\"><span class=\"swiper-lazy-preloader swiper-lazy-preloader-black\"><\/span><\/div><div class=\"swiper-slide flagpm_photo\" data-photo-id=\"22815\"><img data-src=\"https:\/\/bobvarela.com\/wp-content\/flagallery\/tcn-en-el-080-barcelona-fashion-fallwinter-2016-2017\/thumbs\/thumbs_tcn_038.jpg\" alt=\"Ready to Wear Fall\/Winter 2016-2017\" class=\"noLazy flagpm_photo swiper-lazy flagpm_photo_portrait\"><span class=\"swiper-lazy-preloader swiper-lazy-preloader-black\"><\/span><\/div><div class=\"swiper-slide flagpm_photo\" data-photo-id=\"22816\"><img data-src=\"https:\/\/bobvarela.com\/wp-content\/flagallery\/tcn-en-el-080-barcelona-fashion-fallwinter-2016-2017\/thumbs\/thumbs_tcn_039.jpg\" alt=\"Ready to Wear Fall\/Winter 2016-2017\" class=\"noLazy flagpm_photo swiper-lazy flagpm_photo_portrait\"><span class=\"swiper-lazy-preloader swiper-lazy-preloader-black\"><\/span><\/div><div class=\"swiper-slide flagpm_photo\" data-photo-id=\"22817\"><img data-src=\"https:\/\/bobvarela.com\/wp-content\/flagallery\/tcn-en-el-080-barcelona-fashion-fallwinter-2016-2017\/thumbs\/thumbs_tcn_040.jpg\" alt=\"Ready to Wear Fall\/Winter 2016-2017\" class=\"noLazy flagpm_photo swiper-lazy flagpm_photo_portrait\"><span class=\"swiper-lazy-preloader swiper-lazy-preloader-black\"><\/span><\/div><div class=\"swiper-slide flagpm_photo\" data-photo-id=\"22818\"><img data-src=\"https:\/\/bobvarela.com\/wp-content\/flagallery\/tcn-en-el-080-barcelona-fashion-fallwinter-2016-2017\/thumbs\/thumbs_tcn_041.jpg\" alt=\"Ready to Wear Fall\/Winter 2016-2017\" class=\"noLazy flagpm_photo swiper-lazy flagpm_photo_portrait\"><span class=\"swiper-lazy-preloader swiper-lazy-preloader-black\"><\/span><\/div><div class=\"swiper-slide flagpm_photo\" data-photo-id=\"22819\"><img data-src=\"https:\/\/bobvarela.com\/wp-content\/flagallery\/tcn-en-el-080-barcelona-fashion-fallwinter-2016-2017\/thumbs\/thumbs_tcn_042.jpg\" alt=\"Ready to Wear Fall\/Winter 2016-2017\" class=\"noLazy flagpm_photo swiper-lazy flagpm_photo_portrait\"><span class=\"swiper-lazy-preloader swiper-lazy-preloader-black\"><\/span><\/div><div class=\"swiper-slide flagpm_photo\" data-photo-id=\"22820\"><img data-src=\"https:\/\/bobvarela.com\/wp-content\/flagallery\/tcn-en-el-080-barcelona-fashion-fallwinter-2016-2017\/thumbs\/thumbs_tcn_043.jpg\" alt=\"Ready to Wear Fall\/Winter 2016-2017\" class=\"noLazy flagpm_photo swiper-lazy flagpm_photo_portrait\"><span class=\"swiper-lazy-preloader swiper-lazy-preloader-black\"><\/span><\/div><div class=\"swiper-slide flagpm_photo\" data-photo-id=\"22821\"><img data-src=\"https:\/\/bobvarela.com\/wp-content\/flagallery\/tcn-en-el-080-barcelona-fashion-fallwinter-2016-2017\/thumbs\/thumbs_tcn_044.jpg\" alt=\"Ready to Wear Fall\/Winter 2016-2017\" class=\"noLazy flagpm_photo swiper-lazy flagpm_photo_portrait\"><span class=\"swiper-lazy-preloader swiper-lazy-preloader-black\"><\/span><\/div><div class=\"swiper-slide flagpm_photo\" data-photo-id=\"22822\"><img data-src=\"https:\/\/bobvarela.com\/wp-content\/flagallery\/tcn-en-el-080-barcelona-fashion-fallwinter-2016-2017\/thumbs\/thumbs_tcn_045.jpg\" alt=\"Ready to Wear Fall\/Winter 2016-2017\" class=\"noLazy flagpm_photo swiper-lazy flagpm_photo_portrait\"><span class=\"swiper-lazy-preloader swiper-lazy-preloader-black\"><\/span><\/div><div class=\"swiper-slide flagpm_photo\" data-photo-id=\"22823\"><img data-src=\"https:\/\/bobvarela.com\/wp-content\/flagallery\/tcn-en-el-080-barcelona-fashion-fallwinter-2016-2017\/thumbs\/thumbs_tcn_046.jpg\" alt=\"Ready to Wear Fall\/Winter 2016-2017\" class=\"noLazy flagpm_photo swiper-lazy flagpm_photo_portrait\"><span class=\"swiper-lazy-preloader swiper-lazy-preloader-black\"><\/span><\/div><div class=\"swiper-slide flagpm_photo\" data-photo-id=\"22824\"><img data-src=\"https:\/\/bobvarela.com\/wp-content\/flagallery\/tcn-en-el-080-barcelona-fashion-fallwinter-2016-2017\/thumbs\/thumbs_tcn_047.jpg\" alt=\"Ready to Wear Fall\/Winter 2016-2017\" class=\"noLazy flagpm_photo swiper-lazy flagpm_photo_portrait\"><span class=\"swiper-lazy-preloader swiper-lazy-preloader-black\"><\/span><\/div><div class=\"swiper-slide flagpm_photo\" data-photo-id=\"22825\"><img data-src=\"https:\/\/bobvarela.com\/wp-content\/flagallery\/tcn-en-el-080-barcelona-fashion-fallwinter-2016-2017\/thumbs\/thumbs_tcn_048.jpg\" alt=\"Ready to Wear Fall\/Winter 2016-2017\" class=\"noLazy flagpm_photo swiper-lazy flagpm_photo_portrait\"><span class=\"swiper-lazy-preloader swiper-lazy-preloader-black\"><\/span><\/div><div class=\"swiper-slide flagpm_photo\" data-photo-id=\"22826\"><img data-src=\"https:\/\/bobvarela.com\/wp-content\/flagallery\/tcn-en-el-080-barcelona-fashion-fallwinter-2016-2017\/thumbs\/thumbs_tcn_049.jpg\" alt=\"Ready to Wear Fall\/Winter 2016-2017\" class=\"noLazy flagpm_photo swiper-lazy flagpm_photo_portrait\"><span class=\"swiper-lazy-preloader swiper-lazy-preloader-black\"><\/span><\/div><div class=\"swiper-slide flagpm_photo\" data-photo-id=\"22827\"><img data-src=\"https:\/\/bobvarela.com\/wp-content\/flagallery\/tcn-en-el-080-barcelona-fashion-fallwinter-2016-2017\/thumbs\/thumbs_tcn_050.jpg\" alt=\"Ready to Wear Fall\/Winter 2016-2017\" class=\"noLazy flagpm_photo swiper-lazy flagpm_photo_portrait\"><span class=\"swiper-lazy-preloader swiper-lazy-preloader-black\"><\/span><\/div><div class=\"swiper-slide flagpm_photo\" data-photo-id=\"22828\"><img data-src=\"https:\/\/bobvarela.com\/wp-content\/flagallery\/tcn-en-el-080-barcelona-fashion-fallwinter-2016-2017\/thumbs\/thumbs_tcn_051.jpg\" alt=\"Ready to Wear Fall\/Winter 2016-2017\" class=\"noLazy flagpm_photo swiper-lazy flagpm_photo_portrait\"><span class=\"swiper-lazy-preloader swiper-lazy-preloader-black\"><\/span><\/div><div class=\"swiper-slide flagpm_photo\" data-photo-id=\"22829\"><img data-src=\"https:\/\/bobvarela.com\/wp-content\/flagallery\/tcn-en-el-080-barcelona-fashion-fallwinter-2016-2017\/thumbs\/thumbs_tcn_052.jpg\" alt=\"Ready to Wear Fall\/Winter 2016-2017\" class=\"noLazy flagpm_photo swiper-lazy flagpm_photo_portrait\"><span class=\"swiper-lazy-preloader swiper-lazy-preloader-black\"><\/span><\/div><div class=\"swiper-slide flagpm_photo\" data-photo-id=\"22830\"><img data-src=\"https:\/\/bobvarela.com\/wp-content\/flagallery\/tcn-en-el-080-barcelona-fashion-fallwinter-2016-2017\/thumbs\/thumbs_tcn_053.jpg\" alt=\"Ready to Wear Fall\/Winter 2016-2017\" class=\"noLazy flagpm_photo swiper-lazy flagpm_photo_portrait\"><span class=\"swiper-lazy-preloader swiper-lazy-preloader-black\"><\/span><\/div><div class=\"swiper-slide flagpm_photo\" data-photo-id=\"22831\"><img data-src=\"https:\/\/bobvarela.com\/wp-content\/flagallery\/tcn-en-el-080-barcelona-fashion-fallwinter-2016-2017\/thumbs\/thumbs_tcn_054.jpg\" alt=\"Ready to Wear Fall\/Winter 2016-2017\" class=\"noLazy flagpm_photo swiper-lazy flagpm_photo_portrait\"><span class=\"swiper-lazy-preloader swiper-lazy-preloader-black\"><\/span><\/div><div class=\"swiper-slide flagpm_photo\" data-photo-id=\"22832\"><img data-src=\"https:\/\/bobvarela.com\/wp-content\/flagallery\/tcn-en-el-080-barcelona-fashion-fallwinter-2016-2017\/thumbs\/thumbs_tcn_055.jpg\" alt=\"Ready to Wear Fall\/Winter 2016-2017\" class=\"noLazy flagpm_photo swiper-lazy flagpm_photo_portrait\"><span class=\"swiper-lazy-preloader swiper-lazy-preloader-black\"><\/span><\/div><div class=\"swiper-slide flagpm_photo\" data-photo-id=\"22833\"><img data-src=\"https:\/\/bobvarela.com\/wp-content\/flagallery\/tcn-en-el-080-barcelona-fashion-fallwinter-2016-2017\/thumbs\/thumbs_tcn_056.jpg\" alt=\"Ready to Wear Fall\/Winter 2016-2017\" class=\"noLazy flagpm_photo swiper-lazy flagpm_photo_portrait\"><span class=\"swiper-lazy-preloader swiper-lazy-preloader-black\"><\/span><\/div><div class=\"swiper-slide flagpm_photo\" data-photo-id=\"22834\"><img data-src=\"https:\/\/bobvarela.com\/wp-content\/flagallery\/tcn-en-el-080-barcelona-fashion-fallwinter-2016-2017\/thumbs\/thumbs_tcn_057.jpg\" alt=\"Ready to Wear Fall\/Winter 2016-2017\" class=\"noLazy flagpm_photo swiper-lazy flagpm_photo_portrait\"><span class=\"swiper-lazy-preloader swiper-lazy-preloader-black\"><\/span><\/div><div class=\"swiper-slide flagpm_photo\" data-photo-id=\"22835\"><img data-src=\"https:\/\/bobvarela.com\/wp-content\/flagallery\/tcn-en-el-080-barcelona-fashion-fallwinter-2016-2017\/thumbs\/thumbs_tcn_058.jpg\" alt=\"Ready to Wear Fall\/Winter 2016-2017\" class=\"noLazy flagpm_photo swiper-lazy flagpm_photo_portrait\"><span class=\"swiper-lazy-preloader swiper-lazy-preloader-black\"><\/span><\/div><div class=\"swiper-slide flagpm_photo\" data-photo-id=\"22836\"><img data-src=\"https:\/\/bobvarela.com\/wp-content\/flagallery\/tcn-en-el-080-barcelona-fashion-fallwinter-2016-2017\/thumbs\/thumbs_tcn_059.jpg\" alt=\"Ready to Wear Fall\/Winter 2016-2017\" class=\"noLazy flagpm_photo swiper-lazy flagpm_photo_portrait\"><span class=\"swiper-lazy-preloader swiper-lazy-preloader-black\"><\/span><\/div><div class=\"swiper-slide flagpm_photo\" data-photo-id=\"22837\"><img data-src=\"https:\/\/bobvarela.com\/wp-content\/flagallery\/tcn-en-el-080-barcelona-fashion-fallwinter-2016-2017\/thumbs\/thumbs_tcn_060.jpg\" alt=\"Ready to Wear Fall\/Winter 2016-2017\" class=\"noLazy flagpm_photo swiper-lazy flagpm_photo_portrait\"><span class=\"swiper-lazy-preloader swiper-lazy-preloader-black\"><\/span><\/div> <\/div> <\/div> <\/div> <div class=\"flagpm_next_button\"><\/div> <\/div> <div class=\"flagpm_big_button_wrap\"> <div class=\"flagpm_share_wrapper\"> <a class=\"flagpm_button flagpm_share\">Share<\/a> <div class=\"flagpm_sharelizers_wrap\"> <ul class=\"flagpm_sharelizers\"> <li style=\"list-style:none;\"><a class=\"flagpm_button flagpm_facebook flagpm_sharelizer\">Facebook<\/a><\/li> <li style=\"list-style:none;\"><a class=\"flagpm_button flagpm_twitter flagpm_sharelizer\">Twitter<\/a><\/li> <li style=\"list-style:none;\"><a class=\"flagpm_button flagpm_pinterest flagpm_sharelizer\">Pinterest<\/a><\/li> <li style=\"list-style:none;\"><a class=\"flagpm_button flagpm_stumbleupon flagpm_sharelizer\">StumbleUpon<\/a><\/li> <\/ul> <\/div> <\/div> <a class=\"flagpm_button flagpm_like\">Like<\/a> <\/div> <div class=\"flagpm_big_button_wrap\"> <a class=\"flagpm_big_button flagpm_download_button\" href=\"https:\/\/bobvarela.com\/wp-content\/flagallery\/tcn-en-el-080-barcelona-fashion-fallwinter-2016-2017\/tcn_001.jpg\" download=\"tcn_001.jpg\"> <span class=\"flagpm_icon\"><\/span> <span class=\"flagpm_label\">Download<\/span> <\/a> <\/div> <div class=\"flagpm_big_button_wrap\"> <a class=\"flagpm_big_button flagpm_link_button flagpm_inactive\" > <span class=\"flagpm_icon\"><\/span> <span class=\"flagpm_label\">Open Link<\/span> <\/a> <\/div> <\/div> <\/div> <\/div> <div class=\"flagpm_focus_close_full\"> <span><a class=\"flagpm_button flagpm_close\">Close<\/a><\/span> <span><a class=\"flagpm_button flagpm_full\">Full<\/a><\/span> <\/div> <div class=\"flagpm_photo_details\"> <div class=\"flagpm_description_wrap\"> <div class=\"details_title\">Description<\/div> <div class=\"flagpm_description_text_wrap\"> <div class=\"flagpm_slide_description\"><p>Ready to Wear Fall\/Winter 2016-2017<\/p><\/div> <\/div> <\/div> <\/div> <div class=\"flagpm_focus_footer\"> <div class=\"flagpm_focus_keyboard\"> <div class=\"flagpm_focus_keyboard_title\">Keyboard Shortcuts <a class=\"flagpm_focus_keyboard_dismiss\">Dismiss<\/a><\/div> <ul> <li style=\"list-style:none;\"><a data-key=\"p\" class=\"flagpm_key\">S<\/a><span class=\"flagpm_label\">Slideshow<\/span><\/li> <li style=\"list-style:none;\"><a data-key=\"m\" class=\"flagpm_key\">M<\/a><span class=\"flagpm_label\">Maximize<\/span><\/li> <li style=\"list-style:none;\"><a data-key=\"left\" class=\"flagpm_key\">&nbsp;<\/a><span class=\"flagpm_label\">Previous<\/span><\/li> <li style=\"list-style:none;\"><a data-key=\"right\" class=\"flagpm_key\">&nbsp;<\/a><span class=\"flagpm_label\">Next<\/span><\/li> <li style=\"list-style:none;\"><a data-key=\"escape\" class=\"flagpm_key flagpm_esc\">esc<\/a><span class=\"flagpm_label\">Close<\/span><\/li> <\/ul> <\/div> <\/div> <\/div> <script type=\"text\/javascript\"> jQuery(function($) { var settings = {\"base_gallery_width\":\"800\",\"base_gallery_height\":\"500\",\"gallery_min_height\":\"230\",\"scale_mode\":\"fit\",\"initial_slide\":0,\"slideshow_autoplay\":\"0\",\"slideshow_delay\":\"7000\",\"gallery_focus\":\"0\",\"gallery_maximized\":\"0\",\"gallery_focus_maximized\":\"0\",\"keyboard_help\":\"1\",\"show_download_button\":\"1\",\"show_link_button\":\"1\",\"show_description\":\"1\",\"show_share_button\":\"1\",\"show_like_button\":\"1\",\"link_color\":\"#0099e5\",\"link_color_hover\":\"#02adea\",\"download_button_text\":\"Download\",\"link_button_text\":\"Open Link\",\"description_title\":\"Description\",\"key\":\"\",\"name\":\"\",\"gallID\":\"sc1_321\"}; var content = {\"data\":[{\"id\":\"22778\",\"image\":\"https:\\\/\\\/bobvarela.com\\\/wp-content\\\/flagallery\\\/tcn-en-el-080-barcelona-fashion-fallwinter-2016-2017\\\/webview\\\/tcn_001.jpg\",\"thumb\":\"https:\\\/\\\/bobvarela.com\\\/wp-content\\\/flagallery\\\/tcn-en-el-080-barcelona-fashion-fallwinter-2016-2017\\\/thumbs\\\/thumbs_tcn_001.jpg\",\"file\":\"tcn_001.jpg\",\"meta\":{\"aperture\":false,\"credit\":false,\"camera\":false,\"caption\":\"Ready to Wear Fall\\\/Winter 2016-2017\",\"created_timestamp\":\"February 1, 2016 8:19 pm\",\"copyright\":\"\\u00c2\\u00a9 2016 Estrop-Barcelona PHOTOGRAPH FOR EDITORIAL USE ONLY\",\"focal_length\":false,\"iso\":false,\"shutter_speed\":false,\"flash\":false,\"title\":\"Ready to Wear Fall\\\/Winter 2016-2017\",\"keywords\":\"Fall\\\/Winter 2016-2017,Ready to Wear\",\"width\":667,\"height\":1000,\"saved\":true,\"thumbnail\":{\"width\":220,\"height\":220,\"ewww_image_optimizer\":\"Reduced by 9.8% (2.8&nbsp;kB)\"},\"webview\":{\"0\":667,\"1\":1000,\"2\":2,\"3\":\"width=\\\"667\\\" height=\\\"1000\\\"\",\"bits\":8,\"channels\":3,\"mime\":\"image\\\/jpeg\",\"ewww_image_optimizer\":\"Reduced by 4.5% (3.8&nbsp;kB) - Previously Optimized\"},\"0\":false,\"ewww_image_optimizer\":\"Reduced by 5.3% (8.6&nbsp;kB)\",\"views\":\"138\",\"likes\":\"0\"},\"title\":\"Ready to Wear Fall\\\/Winter 2016-2017\",\"description\":\"<p>Ready to Wear Fall\\\/Winter 2016-2017<\\\/p>\",\"link\":null,\"link_target\":\"\",\"download\":\"https:\\\/\\\/bobvarela.com\\\/wp-content\\\/flagallery\\\/tcn-en-el-080-barcelona-fashion-fallwinter-2016-2017\\\/tcn_001.jpg\",\"ratio\":0.6670000000000000373034936274052597582340240478515625},{\"id\":\"22779\",\"image\":\"https:\\\/\\\/bobvarela.com\\\/wp-content\\\/flagallery\\\/tcn-en-el-080-barcelona-fashion-fallwinter-2016-2017\\\/webview\\\/tcn_002.jpg\",\"thumb\":\"https:\\\/\\\/bobvarela.com\\\/wp-content\\\/flagallery\\\/tcn-en-el-080-barcelona-fashion-fallwinter-2016-2017\\\/thumbs\\\/thumbs_tcn_002.jpg\",\"file\":\"tcn_002.jpg\",\"meta\":{\"aperture\":false,\"credit\":false,\"camera\":false,\"caption\":\"Ready to Wear Fall\\\/Winter 2016-2017\",\"created_timestamp\":\"February 1, 2016 8:19 pm\",\"copyright\":\"\\u00c2\\u00a9 2016 Estrop-Barcelona PHOTOGRAPH FOR EDITORIAL USE ONLY\",\"focal_length\":false,\"iso\":false,\"shutter_speed\":false,\"flash\":false,\"title\":\"Ready to Wear Fall\\\/Winter 2016-2017\",\"keywords\":\"Fall\\\/Winter 2016-2017,Ready to Wear\",\"width\":667,\"height\":1000,\"saved\":true,\"thumbnail\":{\"width\":220,\"height\":220,\"ewww_image_optimizer\":\"Reduced by 12.1% (3.4&nbsp;kB)\"},\"webview\":{\"0\":667,\"1\":1000,\"2\":2,\"3\":\"width=\\\"667\\\" height=\\\"1000\\\"\",\"bits\":8,\"channels\":3,\"mime\":\"image\\\/jpeg\",\"ewww_image_optimizer\":\"Reduced by 4.7% (3.4&nbsp;kB) - Previously Optimized\"},\"0\":false,\"ewww_image_optimizer\":\"Reduced by 6.2% (8.3&nbsp;kB)\",\"views\":\"2\",\"likes\":\"0\"},\"title\":\"Ready to Wear Fall\\\/Winter 2016-2017\",\"description\":\"<p>Ready to Wear Fall\\\/Winter 2016-2017<\\\/p>\",\"link\":null,\"link_target\":\"\",\"download\":\"https:\\\/\\\/bobvarela.com\\\/wp-content\\\/flagallery\\\/tcn-en-el-080-barcelona-fashion-fallwinter-2016-2017\\\/tcn_002.jpg\",\"ratio\":0.6670000000000000373034936274052597582340240478515625},{\"id\":\"22780\",\"image\":\"https:\\\/\\\/bobvarela.com\\\/wp-content\\\/flagallery\\\/tcn-en-el-080-barcelona-fashion-fallwinter-2016-2017\\\/webview\\\/tcn_003.jpg\",\"thumb\":\"https:\\\/\\\/bobvarela.com\\\/wp-content\\\/flagallery\\\/tcn-en-el-080-barcelona-fashion-fallwinter-2016-2017\\\/thumbs\\\/thumbs_tcn_003.jpg\",\"file\":\"tcn_003.jpg\",\"meta\":{\"aperture\":false,\"credit\":false,\"camera\":false,\"caption\":\"Ready to Wear Fall\\\/Winter 2016-2017\",\"created_timestamp\":\"February 1, 2016 8:19 pm\",\"copyright\":\"\\u00c2\\u00a9 2016 Estrop-Barcelona PHOTOGRAPH FOR EDITORIAL USE ONLY\",\"focal_length\":false,\"iso\":false,\"shutter_speed\":false,\"flash\":false,\"title\":\"Ready to Wear Fall\\\/Winter 2016-2017\",\"keywords\":\"Fall\\\/Winter 2016-2017,Ready to Wear\",\"width\":667,\"height\":1000,\"saved\":true,\"thumbnail\":{\"width\":220,\"height\":220,\"ewww_image_optimizer\":\"Reduced by 14.4% (5.0&nbsp;kB)\"},\"webview\":{\"0\":667,\"1\":1000,\"2\":2,\"3\":\"width=\\\"667\\\" height=\\\"1000\\\"\",\"bits\":8,\"channels\":3,\"mime\":\"image\\\/jpeg\",\"ewww_image_optimizer\":\"Reduced by 5.8% (5.6&nbsp;kB) - Previously Optimized\"},\"0\":false,\"ewww_image_optimizer\":\"Reduced by 8.2% (14.3&nbsp;kB)\",\"views\":\"2\",\"likes\":\"0\"},\"title\":\"Ready to Wear Fall\\\/Winter 2016-2017\",\"description\":\"<p>Ready to Wear Fall\\\/Winter 2016-2017<\\\/p>\",\"link\":null,\"link_target\":\"\",\"download\":\"https:\\\/\\\/bobvarela.com\\\/wp-content\\\/flagallery\\\/tcn-en-el-080-barcelona-fashion-fallwinter-2016-2017\\\/tcn_003.jpg\",\"ratio\":0.6670000000000000373034936274052597582340240478515625},{\"id\":\"22781\",\"image\":\"https:\\\/\\\/bobvarela.com\\\/wp-content\\\/flagallery\\\/tcn-en-el-080-barcelona-fashion-fallwinter-2016-2017\\\/webview\\\/tcn_004.jpg\",\"thumb\":\"https:\\\/\\\/bobvarela.com\\\/wp-content\\\/flagallery\\\/tcn-en-el-080-barcelona-fashion-fallwinter-2016-2017\\\/thumbs\\\/thumbs_tcn_004.jpg\",\"file\":\"tcn_004.jpg\",\"meta\":{\"aperture\":false,\"credit\":false,\"camera\":false,\"caption\":\"Ready to Wear Fall\\\/Winter 2016-2017\",\"created_timestamp\":\"February 1, 2016 8:19 pm\",\"copyright\":\"\\u00c2\\u00a9 2016 Estrop-Barcelona PHOTOGRAPH FOR EDITORIAL USE ONLY\",\"focal_length\":false,\"iso\":false,\"shutter_speed\":false,\"flash\":false,\"title\":\"Ready to Wear Fall\\\/Winter 2016-2017\",\"keywords\":\"Fall\\\/Winter 2016-2017,Ready to Wear\",\"width\":667,\"height\":1000,\"saved\":true,\"thumbnail\":{\"width\":220,\"height\":220,\"ewww_image_optimizer\":\"Reduced by 11.9% (3.8&nbsp;kB)\"},\"webview\":{\"0\":667,\"1\":1000,\"2\":2,\"3\":\"width=\\\"667\\\" height=\\\"1000\\\"\",\"bits\":8,\"channels\":3,\"mime\":\"image\\\/jpeg\",\"ewww_image_optimizer\":\"Reduced by 5.1% (5.8&nbsp;kB) - Previously Optimized\"},\"0\":false,\"ewww_image_optimizer\":\"Reduced by 5.4% (8.3&nbsp;kB)\",\"views\":\"4\",\"likes\":\"0\"},\"title\":\"Ready to Wear Fall\\\/Winter 2016-2017\",\"description\":\"<p>Ready to Wear Fall\\\/Winter 2016-2017<\\\/p>\",\"link\":null,\"link_target\":\"\",\"download\":\"https:\\\/\\\/bobvarela.com\\\/wp-content\\\/flagallery\\\/tcn-en-el-080-barcelona-fashion-fallwinter-2016-2017\\\/tcn_004.jpg\",\"ratio\":0.6670000000000000373034936274052597582340240478515625},{\"id\":\"22782\",\"image\":\"https:\\\/\\\/bobvarela.com\\\/wp-content\\\/flagallery\\\/tcn-en-el-080-barcelona-fashion-fallwinter-2016-2017\\\/webview\\\/tcn_005.jpg\",\"thumb\":\"https:\\\/\\\/bobvarela.com\\\/wp-content\\\/flagallery\\\/tcn-en-el-080-barcelona-fashion-fallwinter-2016-2017\\\/thumbs\\\/thumbs_tcn_005.jpg\",\"file\":\"tcn_005.jpg\",\"meta\":{\"aperture\":false,\"credit\":false,\"camera\":false,\"caption\":\"Ready to Wear Fall\\\/Winter 2016-2017\",\"created_timestamp\":\"February 1, 2016 8:19 pm\",\"copyright\":\"\\u00c2\\u00a9 2016 Estrop-Barcelona PHOTOGRAPH FOR EDITORIAL USE ONLY\",\"focal_length\":false,\"iso\":false,\"shutter_speed\":false,\"flash\":false,\"title\":\"Ready to Wear Fall\\\/Winter 2016-2017\",\"keywords\":\"Fall\\\/Winter 2016-2017,Ready to Wear\",\"width\":667,\"height\":1000,\"saved\":true,\"thumbnail\":{\"width\":220,\"height\":220,\"ewww_image_optimizer\":\"Reduced by 13.1% (5.0&nbsp;kB)\"},\"webview\":{\"0\":667,\"1\":1000,\"2\":2,\"3\":\"width=\\\"667\\\" height=\\\"1000\\\"\",\"bits\":8,\"channels\":3,\"mime\":\"image\\\/jpeg\",\"ewww_image_optimizer\":\"Reduced by 7.3% (10.1&nbsp;kB) - Previously Optimized\"},\"0\":false,\"ewww_image_optimizer\":\"Reduced by 6.5% (12.1&nbsp;kB)\",\"views\":\"2\",\"likes\":\"0\"},\"title\":\"Ready to Wear Fall\\\/Winter 2016-2017\",\"description\":\"<p>Ready to Wear Fall\\\/Winter 2016-2017<\\\/p>\",\"link\":null,\"link_target\":\"\",\"download\":\"https:\\\/\\\/bobvarela.com\\\/wp-content\\\/flagallery\\\/tcn-en-el-080-barcelona-fashion-fallwinter-2016-2017\\\/tcn_005.jpg\",\"ratio\":0.6670000000000000373034936274052597582340240478515625},{\"id\":\"22783\",\"image\":\"https:\\\/\\\/bobvarela.com\\\/wp-content\\\/flagallery\\\/tcn-en-el-080-barcelona-fashion-fallwinter-2016-2017\\\/webview\\\/tcn_006.jpg\",\"thumb\":\"https:\\\/\\\/bobvarela.com\\\/wp-content\\\/flagallery\\\/tcn-en-el-080-barcelona-fashion-fallwinter-2016-2017\\\/thumbs\\\/thumbs_tcn_006.jpg\",\"file\":\"tcn_006.jpg\",\"meta\":{\"aperture\":false,\"credit\":false,\"camera\":false,\"caption\":\"Ready to Wear Fall\\\/Winter 2016-2017\",\"created_timestamp\":\"February 1, 2016 8:19 pm\",\"copyright\":\"\\u00c2\\u00a9 2016 Estrop-Barcelona PHOTOGRAPH FOR EDITORIAL USE ONLY\",\"focal_length\":false,\"iso\":false,\"shutter_speed\":false,\"flash\":false,\"title\":\"Ready to Wear Fall\\\/Winter 2016-2017\",\"keywords\":\"Fall\\\/Winter 2016-2017,Ready to Wear\",\"width\":667,\"height\":1000,\"saved\":true,\"thumbnail\":{\"width\":220,\"height\":220,\"ewww_image_optimizer\":\"Reduced by 12.0% (6.0&nbsp;kB)\"},\"webview\":{\"0\":667,\"1\":1000,\"2\":2,\"3\":\"width=\\\"667\\\" height=\\\"1000\\\"\",\"bits\":8,\"channels\":3,\"mime\":\"image\\\/jpeg\",\"ewww_image_optimizer\":\"Reduced by 7.0% (12.1&nbsp;kB) - Previously Optimized\"},\"0\":false,\"ewww_image_optimizer\":\"Reduced by 5.6% (9.2&nbsp;kB)\",\"views\":\"3\",\"likes\":\"0\"},\"title\":\"Ready to Wear Fall\\\/Winter 2016-2017\",\"description\":\"<p>Ready to Wear Fall\\\/Winter 2016-2017<\\\/p>\",\"link\":null,\"link_target\":\"\",\"download\":\"https:\\\/\\\/bobvarela.com\\\/wp-content\\\/flagallery\\\/tcn-en-el-080-barcelona-fashion-fallwinter-2016-2017\\\/tcn_006.jpg\",\"ratio\":0.6670000000000000373034936274052597582340240478515625},{\"id\":\"22784\",\"image\":\"https:\\\/\\\/bobvarela.com\\\/wp-content\\\/flagallery\\\/tcn-en-el-080-barcelona-fashion-fallwinter-2016-2017\\\/webview\\\/tcn_007.jpg\",\"thumb\":\"https:\\\/\\\/bobvarela.com\\\/wp-content\\\/flagallery\\\/tcn-en-el-080-barcelona-fashion-fallwinter-2016-2017\\\/thumbs\\\/thumbs_tcn_007.jpg\",\"file\":\"tcn_007.jpg\",\"meta\":{\"aperture\":false,\"credit\":false,\"camera\":false,\"caption\":\"Ready to Wear Fall\\\/Winter 2016-2017\",\"created_timestamp\":\"February 1, 2016 8:19 pm\",\"copyright\":\"\\u00c2\\u00a9 2016 Estrop-Barcelona PHOTOGRAPH FOR EDITORIAL USE ONLY\",\"focal_length\":false,\"iso\":false,\"shutter_speed\":false,\"flash\":false,\"title\":\"Ready to Wear Fall\\\/Winter 2016-2017\",\"keywords\":\"Fall\\\/Winter 2016-2017,Ready to Wear\",\"width\":667,\"height\":1000,\"saved\":true,\"thumbnail\":{\"width\":220,\"height\":220,\"ewww_image_optimizer\":\"Reduced by 9.7% (3.0&nbsp;kB)\"},\"webview\":{\"0\":667,\"1\":1000,\"2\":2,\"3\":\"width=\\\"667\\\" height=\\\"1000\\\"\",\"bits\":8,\"channels\":3,\"mime\":\"image\\\/jpeg\",\"ewww_image_optimizer\":\"Reduced by 4.5% (4.4&nbsp;kB) - Previously Optimized\"},\"0\":false,\"ewww_image_optimizer\":\"Reduced by 5.6% (10.9&nbsp;kB)\",\"views\":\"3\",\"likes\":\"0\"},\"title\":\"Ready to Wear Fall\\\/Winter 2016-2017\",\"description\":\"<p>Ready to Wear Fall\\\/Winter 2016-2017<\\\/p>\",\"link\":null,\"link_target\":\"\",\"download\":\"https:\\\/\\\/bobvarela.com\\\/wp-content\\\/flagallery\\\/tcn-en-el-080-barcelona-fashion-fallwinter-2016-2017\\\/tcn_007.jpg\",\"ratio\":0.6670000000000000373034936274052597582340240478515625},{\"id\":\"22785\",\"image\":\"https:\\\/\\\/bobvarela.com\\\/wp-content\\\/flagallery\\\/tcn-en-el-080-barcelona-fashion-fallwinter-2016-2017\\\/webview\\\/tcn_008.jpg\",\"thumb\":\"https:\\\/\\\/bobvarela.com\\\/wp-content\\\/flagallery\\\/tcn-en-el-080-barcelona-fashion-fallwinter-2016-2017\\\/thumbs\\\/thumbs_tcn_008.jpg\",\"file\":\"tcn_008.jpg\",\"meta\":{\"aperture\":false,\"credit\":false,\"camera\":false,\"caption\":\"Ready to Wear Fall\\\/Winter 2016-2017\",\"created_timestamp\":\"February 1, 2016 8:19 pm\",\"copyright\":\"\\u00c2\\u00a9 2016 Estrop-Barcelona PHOTOGRAPH FOR EDITORIAL USE ONLY\",\"focal_length\":false,\"iso\":false,\"shutter_speed\":false,\"flash\":false,\"title\":\"Ready to Wear Fall\\\/Winter 2016-2017\",\"keywords\":\"Fall\\\/Winter 2016-2017,Ready to Wear\",\"width\":667,\"height\":1000,\"saved\":true,\"thumbnail\":{\"width\":220,\"height\":220,\"ewww_image_optimizer\":\"Reduced by 11.5% (3.8&nbsp;kB)\"},\"webview\":{\"0\":667,\"1\":1000,\"2\":2,\"3\":\"width=\\\"667\\\" height=\\\"1000\\\"\",\"bits\":8,\"channels\":3,\"mime\":\"image\\\/jpeg\",\"ewww_image_optimizer\":\"Reduced by 7.0% (7.9&nbsp;kB) - Previously Optimized\"},\"0\":false,\"ewww_image_optimizer\":\"Reduced by 5.6% (9.5&nbsp;kB)\",\"views\":\"5\",\"likes\":\"0\"},\"title\":\"Ready to Wear Fall\\\/Winter 2016-2017\",\"description\":\"<p>Ready to Wear Fall\\\/Winter 2016-2017<\\\/p>\",\"link\":null,\"link_target\":\"\",\"download\":\"https:\\\/\\\/bobvarela.com\\\/wp-content\\\/flagallery\\\/tcn-en-el-080-barcelona-fashion-fallwinter-2016-2017\\\/tcn_008.jpg\",\"ratio\":0.6670000000000000373034936274052597582340240478515625},{\"id\":\"22786\",\"image\":\"https:\\\/\\\/bobvarela.com\\\/wp-content\\\/flagallery\\\/tcn-en-el-080-barcelona-fashion-fallwinter-2016-2017\\\/webview\\\/tcn_009.jpg\",\"thumb\":\"https:\\\/\\\/bobvarela.com\\\/wp-content\\\/flagallery\\\/tcn-en-el-080-barcelona-fashion-fallwinter-2016-2017\\\/thumbs\\\/thumbs_tcn_009.jpg\",\"file\":\"tcn_009.jpg\",\"meta\":{\"aperture\":false,\"credit\":false,\"camera\":false,\"caption\":\"Ready to Wear Fall\\\/Winter 2016-2017\",\"created_timestamp\":\"February 1, 2016 8:19 pm\",\"copyright\":\"\\u00c2\\u00a9 2016 Estrop-Barcelona PHOTOGRAPH FOR EDITORIAL USE ONLY\",\"focal_length\":false,\"iso\":false,\"shutter_speed\":false,\"flash\":false,\"title\":\"Ready to Wear Fall\\\/Winter 2016-2017\",\"keywords\":\"Fall\\\/Winter 2016-2017,Ready to Wear\",\"width\":667,\"height\":1000,\"saved\":true,\"thumbnail\":{\"width\":220,\"height\":220,\"ewww_image_optimizer\":\"Reduced by 11.6% (3.5&nbsp;kB)\"},\"webview\":{\"0\":667,\"1\":1000,\"2\":2,\"3\":\"width=\\\"667\\\" height=\\\"1000\\\"\",\"bits\":8,\"channels\":3,\"mime\":\"image\\\/jpeg\",\"ewww_image_optimizer\":\"Reduced by 5.6% (5.7&nbsp;kB) - Previously Optimized\"},\"0\":false,\"ewww_image_optimizer\":\"Reduced by 6.7% (12.5&nbsp;kB)\",\"views\":\"3\",\"likes\":\"0\"},\"title\":\"Ready to Wear Fall\\\/Winter 2016-2017\",\"description\":\"<p>Ready to Wear Fall\\\/Winter 2016-2017<\\\/p>\",\"link\":null,\"link_target\":\"\",\"download\":\"https:\\\/\\\/bobvarela.com\\\/wp-content\\\/flagallery\\\/tcn-en-el-080-barcelona-fashion-fallwinter-2016-2017\\\/tcn_009.jpg\",\"ratio\":0.6670000000000000373034936274052597582340240478515625},{\"id\":\"22787\",\"image\":\"https:\\\/\\\/bobvarela.com\\\/wp-content\\\/flagallery\\\/tcn-en-el-080-barcelona-fashion-fallwinter-2016-2017\\\/webview\\\/tcn_010.jpg\",\"thumb\":\"https:\\\/\\\/bobvarela.com\\\/wp-content\\\/flagallery\\\/tcn-en-el-080-barcelona-fashion-fallwinter-2016-2017\\\/thumbs\\\/thumbs_tcn_010.jpg\",\"file\":\"tcn_010.jpg\",\"meta\":{\"aperture\":false,\"credit\":false,\"camera\":false,\"caption\":\"Ready to Wear Fall\\\/Winter 2016-2017\",\"created_timestamp\":\"February 1, 2016 8:19 pm\",\"copyright\":\"\\u00c2\\u00a9 2016 Estrop-Barcelona PHOTOGRAPH FOR EDITORIAL USE ONLY\",\"focal_length\":false,\"iso\":false,\"shutter_speed\":false,\"flash\":false,\"title\":\"Ready to Wear Fall\\\/Winter 2016-2017\",\"keywords\":\"Fall\\\/Winter 2016-2017,Ready to Wear\",\"width\":667,\"height\":1000,\"saved\":true,\"thumbnail\":{\"width\":220,\"height\":220,\"ewww_image_optimizer\":\"Reduced by 15.1% (5.9&nbsp;kB)\"},\"webview\":{\"0\":667,\"1\":1000,\"2\":2,\"3\":\"width=\\\"667\\\" height=\\\"1000\\\"\",\"bits\":8,\"channels\":3,\"mime\":\"image\\\/jpeg\",\"ewww_image_optimizer\":\"Reduced by 5.9% (8.3&nbsp;kB) - Previously Optimized\"},\"0\":false,\"ewww_image_optimizer\":\"Reduced by 7.3% (12.2&nbsp;kB)\",\"views\":\"3\",\"likes\":\"0\"},\"title\":\"Ready to Wear Fall\\\/Winter 2016-2017\",\"description\":\"<p>Ready to Wear Fall\\\/Winter 2016-2017<\\\/p>\",\"link\":null,\"link_target\":\"\",\"download\":\"https:\\\/\\\/bobvarela.com\\\/wp-content\\\/flagallery\\\/tcn-en-el-080-barcelona-fashion-fallwinter-2016-2017\\\/tcn_010.jpg\",\"ratio\":0.6670000000000000373034936274052597582340240478515625},{\"id\":\"22788\",\"image\":\"https:\\\/\\\/bobvarela.com\\\/wp-content\\\/flagallery\\\/tcn-en-el-080-barcelona-fashion-fallwinter-2016-2017\\\/webview\\\/tcn_011.jpg\",\"thumb\":\"https:\\\/\\\/bobvarela.com\\\/wp-content\\\/flagallery\\\/tcn-en-el-080-barcelona-fashion-fallwinter-2016-2017\\\/thumbs\\\/thumbs_tcn_011.jpg\",\"file\":\"tcn_011.jpg\",\"meta\":{\"aperture\":false,\"credit\":false,\"camera\":false,\"caption\":\"Ready to Wear Fall\\\/Winter 2016-2017\",\"created_timestamp\":\"February 1, 2016 8:20 pm\",\"copyright\":\"\\u00c2\\u00a9 2016 Estrop-Barcelona PHOTOGRAPH FOR EDITORIAL USE ONLY\",\"focal_length\":false,\"iso\":false,\"shutter_speed\":false,\"flash\":false,\"title\":\"Ready to Wear Fall\\\/Winter 2016-2017\",\"keywords\":\"Fall\\\/Winter 2016-2017,Ready to Wear\",\"width\":667,\"height\":1000,\"saved\":true,\"thumbnail\":{\"width\":220,\"height\":220,\"ewww_image_optimizer\":\"Reduced by 9.7% (2.4&nbsp;kB)\"},\"webview\":{\"0\":667,\"1\":1000,\"2\":2,\"3\":\"width=\\\"667\\\" height=\\\"1000\\\"\",\"bits\":8,\"channels\":3,\"mime\":\"image\\\/jpeg\",\"ewww_image_optimizer\":\"Reduced by 4.6% (3.5&nbsp;kB) - Previously Optimized\"},\"0\":false,\"ewww_image_optimizer\":\"Reduced by 5.4% (7.9&nbsp;kB)\",\"views\":\"3\",\"likes\":\"0\"},\"title\":\"Ready to Wear Fall\\\/Winter 2016-2017\",\"description\":\"<p>Ready to Wear Fall\\\/Winter 2016-2017<\\\/p>\",\"link\":null,\"link_target\":\"\",\"download\":\"https:\\\/\\\/bobvarela.com\\\/wp-content\\\/flagallery\\\/tcn-en-el-080-barcelona-fashion-fallwinter-2016-2017\\\/tcn_011.jpg\",\"ratio\":0.6670000000000000373034936274052597582340240478515625},{\"id\":\"22789\",\"image\":\"https:\\\/\\\/bobvarela.com\\\/wp-content\\\/flagallery\\\/tcn-en-el-080-barcelona-fashion-fallwinter-2016-2017\\\/webview\\\/tcn_012.jpg\",\"thumb\":\"https:\\\/\\\/bobvarela.com\\\/wp-content\\\/flagallery\\\/tcn-en-el-080-barcelona-fashion-fallwinter-2016-2017\\\/thumbs\\\/thumbs_tcn_012.jpg\",\"file\":\"tcn_012.jpg\",\"meta\":{\"aperture\":false,\"credit\":false,\"camera\":false,\"caption\":\"Ready to Wear Fall\\\/Winter 2016-2017\",\"created_timestamp\":\"February 1, 2016 8:20 pm\",\"copyright\":\"\\u00c2\\u00a9 2016 Estrop-Barcelona PHOTOGRAPH FOR EDITORIAL USE ONLY\",\"focal_length\":false,\"iso\":false,\"shutter_speed\":false,\"flash\":false,\"title\":\"Ready to Wear Fall\\\/Winter 2016-2017\",\"keywords\":\"Fall\\\/Winter 2016-2017,Ready to Wear\",\"width\":667,\"height\":1000,\"saved\":true,\"thumbnail\":{\"width\":220,\"height\":220,\"ewww_image_optimizer\":\"Reduced by 10.4% (2.9&nbsp;kB)\"},\"webview\":{\"0\":667,\"1\":1000,\"2\":2,\"3\":\"width=\\\"667\\\" height=\\\"1000\\\"\",\"bits\":8,\"channels\":3,\"mime\":\"image\\\/jpeg\",\"ewww_image_optimizer\":\"Reduced by 6.1% (4.4&nbsp;kB) - Previously Optimized\"},\"0\":false,\"ewww_image_optimizer\":\"Reduced by 5.8% (8.5&nbsp;kB)\",\"views\":\"5\",\"likes\":\"0\"},\"title\":\"Ready to Wear Fall\\\/Winter 2016-2017\",\"description\":\"<p>Ready to Wear Fall\\\/Winter 2016-2017<\\\/p>\",\"link\":null,\"link_target\":\"\",\"download\":\"https:\\\/\\\/bobvarela.com\\\/wp-content\\\/flagallery\\\/tcn-en-el-080-barcelona-fashion-fallwinter-2016-2017\\\/tcn_012.jpg\",\"ratio\":0.6670000000000000373034936274052597582340240478515625},{\"id\":\"22790\",\"image\":\"https:\\\/\\\/bobvarela.com\\\/wp-content\\\/flagallery\\\/tcn-en-el-080-barcelona-fashion-fallwinter-2016-2017\\\/webview\\\/tcn_013.jpg\",\"thumb\":\"https:\\\/\\\/bobvarela.com\\\/wp-content\\\/flagallery\\\/tcn-en-el-080-barcelona-fashion-fallwinter-2016-2017\\\/thumbs\\\/thumbs_tcn_013.jpg\",\"file\":\"tcn_013.jpg\",\"meta\":{\"aperture\":false,\"credit\":false,\"camera\":false,\"caption\":\"Ready to Wear Fall\\\/Winter 2016-2017\",\"created_timestamp\":\"February 1, 2016 8:20 pm\",\"copyright\":\"\\u00c2\\u00a9 2016 Estrop-Barcelona PHOTOGRAPH FOR EDITORIAL USE ONLY\",\"focal_length\":false,\"iso\":false,\"shutter_speed\":false,\"flash\":false,\"title\":\"Ready to Wear Fall\\\/Winter 2016-2017\",\"keywords\":\"Fall\\\/Winter 2016-2017,Ready to Wear\",\"width\":667,\"height\":1000,\"saved\":true,\"thumbnail\":{\"width\":220,\"height\":220,\"ewww_image_optimizer\":\"Reduced by 9.3% (2.9&nbsp;kB)\"},\"webview\":{\"0\":667,\"1\":1000,\"2\":2,\"3\":\"width=\\\"667\\\" height=\\\"1000\\\"\",\"bits\":8,\"channels\":3,\"mime\":\"image\\\/jpeg\",\"ewww_image_optimizer\":\"Reduced by 5.6% (6.5&nbsp;kB) - Previously Optimized\"},\"0\":false,\"ewww_image_optimizer\":\"Reduced by 4.6% (7.4&nbsp;kB)\",\"views\":\"7\",\"likes\":\"0\"},\"title\":\"Ready to Wear Fall\\\/Winter 2016-2017\",\"description\":\"<p>Ready to Wear Fall\\\/Winter 2016-2017<\\\/p>\",\"link\":null,\"link_target\":\"\",\"download\":\"https:\\\/\\\/bobvarela.com\\\/wp-content\\\/flagallery\\\/tcn-en-el-080-barcelona-fashion-fallwinter-2016-2017\\\/tcn_013.jpg\",\"ratio\":0.6670000000000000373034936274052597582340240478515625},{\"id\":\"22791\",\"image\":\"https:\\\/\\\/bobvarela.com\\\/wp-content\\\/flagallery\\\/tcn-en-el-080-barcelona-fashion-fallwinter-2016-2017\\\/webview\\\/tcn_014.jpg\",\"thumb\":\"https:\\\/\\\/bobvarela.com\\\/wp-content\\\/flagallery\\\/tcn-en-el-080-barcelona-fashion-fallwinter-2016-2017\\\/thumbs\\\/thumbs_tcn_014.jpg\",\"file\":\"tcn_014.jpg\",\"meta\":{\"aperture\":false,\"credit\":false,\"camera\":false,\"caption\":\"Ready to Wear Fall\\\/Winter 2016-2017\",\"created_timestamp\":\"February 1, 2016 8:20 pm\",\"copyright\":\"\\u00c2\\u00a9 2016 Estrop-Barcelona PHOTOGRAPH FOR EDITORIAL USE ONLY\",\"focal_length\":false,\"iso\":false,\"shutter_speed\":false,\"flash\":false,\"title\":\"Ready to Wear Fall\\\/Winter 2016-2017\",\"keywords\":\"Fall\\\/Winter 2016-2017,Ready to Wear\",\"width\":667,\"height\":1000,\"saved\":true,\"thumbnail\":{\"width\":220,\"height\":220,\"ewww_image_optimizer\":\"Reduced by 11.5% (3.9&nbsp;kB)\"},\"webview\":{\"0\":667,\"1\":1000,\"2\":2,\"3\":\"width=\\\"667\\\" height=\\\"1000\\\"\",\"bits\":8,\"channels\":3,\"mime\":\"image\\\/jpeg\",\"ewww_image_optimizer\":\"Reduced by 5.9% (6.4&nbsp;kB) - Previously Optimized\"},\"0\":false,\"ewww_image_optimizer\":\"Reduced by 4.2% (6.6&nbsp;kB)\",\"views\":\"6\",\"likes\":\"0\"},\"title\":\"Ready to Wear Fall\\\/Winter 2016-2017\",\"description\":\"<p>Ready to Wear Fall\\\/Winter 2016-2017<\\\/p>\",\"link\":null,\"link_target\":\"\",\"download\":\"https:\\\/\\\/bobvarela.com\\\/wp-content\\\/flagallery\\\/tcn-en-el-080-barcelona-fashion-fallwinter-2016-2017\\\/tcn_014.jpg\",\"ratio\":0.6670000000000000373034936274052597582340240478515625},{\"id\":\"22792\",\"image\":\"https:\\\/\\\/bobvarela.com\\\/wp-content\\\/flagallery\\\/tcn-en-el-080-barcelona-fashion-fallwinter-2016-2017\\\/webview\\\/tcn_015.jpg\",\"thumb\":\"https:\\\/\\\/bobvarela.com\\\/wp-content\\\/flagallery\\\/tcn-en-el-080-barcelona-fashion-fallwinter-2016-2017\\\/thumbs\\\/thumbs_tcn_015.jpg\",\"file\":\"tcn_015.jpg\",\"meta\":{\"aperture\":false,\"credit\":false,\"camera\":false,\"caption\":\"Ready to Wear Fall\\\/Winter 2016-2017\",\"created_timestamp\":\"February 1, 2016 8:20 pm\",\"copyright\":\"\\u00c2\\u00a9 2016 Estrop-Barcelona PHOTOGRAPH FOR EDITORIAL USE ONLY\",\"focal_length\":false,\"iso\":false,\"shutter_speed\":false,\"flash\":false,\"title\":\"Ready to Wear Fall\\\/Winter 2016-2017\",\"keywords\":\"Fall\\\/Winter 2016-2017,Ready to Wear\",\"width\":667,\"height\":1000,\"saved\":true,\"thumbnail\":{\"width\":220,\"height\":220,\"ewww_image_optimizer\":\"Reduced by 9.8% (4.1&nbsp;kB)\"},\"webview\":{\"0\":667,\"1\":1000,\"2\":2,\"3\":\"width=\\\"667\\\" height=\\\"1000\\\"\",\"bits\":8,\"channels\":3,\"mime\":\"image\\\/jpeg\",\"ewww_image_optimizer\":\"Reduced by 6.6% (8.2&nbsp;kB) - Previously Optimized\"},\"0\":false,\"ewww_image_optimizer\":\"Reduced by 3.7% (6.4&nbsp;kB)\",\"views\":\"5\",\"likes\":\"0\"},\"title\":\"Ready to Wear Fall\\\/Winter 2016-2017\",\"description\":\"<p>Ready to Wear Fall\\\/Winter 2016-2017<\\\/p>\",\"link\":null,\"link_target\":\"\",\"download\":\"https:\\\/\\\/bobvarela.com\\\/wp-content\\\/flagallery\\\/tcn-en-el-080-barcelona-fashion-fallwinter-2016-2017\\\/tcn_015.jpg\",\"ratio\":0.6670000000000000373034936274052597582340240478515625},{\"id\":\"22793\",\"image\":\"https:\\\/\\\/bobvarela.com\\\/wp-content\\\/flagallery\\\/tcn-en-el-080-barcelona-fashion-fallwinter-2016-2017\\\/webview\\\/tcn_016.jpg\",\"thumb\":\"https:\\\/\\\/bobvarela.com\\\/wp-content\\\/flagallery\\\/tcn-en-el-080-barcelona-fashion-fallwinter-2016-2017\\\/thumbs\\\/thumbs_tcn_016.jpg\",\"file\":\"tcn_016.jpg\",\"meta\":{\"aperture\":false,\"credit\":false,\"camera\":false,\"caption\":\"Ready to Wear Fall\\\/Winter 2016-2017\",\"created_timestamp\":\"February 1, 2016 8:20 pm\",\"copyright\":\"\\u00c2\\u00a9 2016 Estrop-Barcelona PHOTOGRAPH FOR EDITORIAL USE ONLY\",\"focal_length\":false,\"iso\":false,\"shutter_speed\":false,\"flash\":false,\"title\":\"Ready to Wear Fall\\\/Winter 2016-2017\",\"keywords\":\"Fall\\\/Winter 2016-2017,Ready to Wear\",\"width\":667,\"height\":1000,\"saved\":true,\"thumbnail\":{\"width\":220,\"height\":220,\"ewww_image_optimizer\":\"Reduced by 10.1% (3.1&nbsp;kB)\"},\"webview\":{\"0\":667,\"1\":1000,\"2\":2,\"3\":\"width=\\\"667\\\" height=\\\"1000\\\"\",\"bits\":8,\"channels\":3,\"mime\":\"image\\\/jpeg\",\"ewww_image_optimizer\":\"Reduced by 5.1% (5.3&nbsp;kB) - Previously Optimized\"},\"0\":false,\"ewww_image_optimizer\":\"Reduced by 5.9% (11.2&nbsp;kB)\",\"views\":\"2\",\"likes\":\"0\"},\"title\":\"Ready to Wear Fall\\\/Winter 2016-2017\",\"description\":\"<p>Ready to Wear Fall\\\/Winter 2016-2017<\\\/p>\",\"link\":null,\"link_target\":\"\",\"download\":\"https:\\\/\\\/bobvarela.com\\\/wp-content\\\/flagallery\\\/tcn-en-el-080-barcelona-fashion-fallwinter-2016-2017\\\/tcn_016.jpg\",\"ratio\":0.6670000000000000373034936274052597582340240478515625},{\"id\":\"22794\",\"image\":\"https:\\\/\\\/bobvarela.com\\\/wp-content\\\/flagallery\\\/tcn-en-el-080-barcelona-fashion-fallwinter-2016-2017\\\/webview\\\/tcn_017.jpg\",\"thumb\":\"https:\\\/\\\/bobvarela.com\\\/wp-content\\\/flagallery\\\/tcn-en-el-080-barcelona-fashion-fallwinter-2016-2017\\\/thumbs\\\/thumbs_tcn_017.jpg\",\"file\":\"tcn_017.jpg\",\"meta\":{\"aperture\":false,\"credit\":false,\"camera\":false,\"caption\":\"Ready to Wear Fall\\\/Winter 2016-2017\",\"created_timestamp\":\"February 1, 2016 8:20 pm\",\"copyright\":\"\\u00c2\\u00a9 2016 Estrop-Barcelona PHOTOGRAPH FOR EDITORIAL USE ONLY\",\"focal_length\":false,\"iso\":false,\"shutter_speed\":false,\"flash\":false,\"title\":\"Ready to Wear Fall\\\/Winter 2016-2017\",\"keywords\":\"Fall\\\/Winter 2016-2017,Ready to Wear\",\"width\":667,\"height\":1000,\"saved\":true,\"thumbnail\":{\"width\":220,\"height\":220,\"ewww_image_optimizer\":\"Reduced by 10.8% (3.6&nbsp;kB)\"},\"webview\":{\"0\":667,\"1\":1000,\"2\":2,\"3\":\"width=\\\"667\\\" height=\\\"1000\\\"\",\"bits\":8,\"channels\":3,\"mime\":\"image\\\/jpeg\",\"ewww_image_optimizer\":\"Reduced by 5.2% (5.5&nbsp;kB) - Previously Optimized\"},\"0\":false,\"ewww_image_optimizer\":\"Reduced by 5.8% (11.5&nbsp;kB)\",\"views\":\"4\",\"likes\":\"0\"},\"title\":\"Ready to Wear Fall\\\/Winter 2016-2017\",\"description\":\"<p>Ready to Wear Fall\\\/Winter 2016-2017<\\\/p>\",\"link\":null,\"link_target\":\"\",\"download\":\"https:\\\/\\\/bobvarela.com\\\/wp-content\\\/flagallery\\\/tcn-en-el-080-barcelona-fashion-fallwinter-2016-2017\\\/tcn_017.jpg\",\"ratio\":0.6670000000000000373034936274052597582340240478515625},{\"id\":\"22795\",\"image\":\"https:\\\/\\\/bobvarela.com\\\/wp-content\\\/flagallery\\\/tcn-en-el-080-barcelona-fashion-fallwinter-2016-2017\\\/webview\\\/tcn_018.jpg\",\"thumb\":\"https:\\\/\\\/bobvarela.com\\\/wp-content\\\/flagallery\\\/tcn-en-el-080-barcelona-fashion-fallwinter-2016-2017\\\/thumbs\\\/thumbs_tcn_018.jpg\",\"file\":\"tcn_018.jpg\",\"meta\":{\"aperture\":false,\"credit\":false,\"camera\":false,\"caption\":\"Ready to Wear Fall\\\/Winter 2016-2017\",\"created_timestamp\":\"February 1, 2016 8:20 pm\",\"copyright\":\"\\u00c2\\u00a9 2016 Estrop-Barcelona PHOTOGRAPH FOR EDITORIAL USE ONLY\",\"focal_length\":false,\"iso\":false,\"shutter_speed\":false,\"flash\":false,\"title\":\"Ready to Wear Fall\\\/Winter 2016-2017\",\"keywords\":\"Fall\\\/Winter 2016-2017,Ready to Wear\",\"width\":667,\"height\":1000,\"saved\":true,\"thumbnail\":{\"width\":220,\"height\":220,\"ewww_image_optimizer\":\"Reduced by 10.1% (2.4&nbsp;kB)\"},\"webview\":{\"0\":667,\"1\":1000,\"2\":2,\"3\":\"width=\\\"667\\\" height=\\\"1000\\\"\",\"bits\":8,\"channels\":3,\"mime\":\"image\\\/jpeg\",\"ewww_image_optimizer\":\"Reduced by 5.2% (3.8&nbsp;kB) - Previously Optimized\"},\"0\":false,\"ewww_image_optimizer\":\"Reduced by 5.8% (8.0&nbsp;kB)\",\"views\":\"2\",\"likes\":\"0\"},\"title\":\"Ready to Wear Fall\\\/Winter 2016-2017\",\"description\":\"<p>Ready to Wear Fall\\\/Winter 2016-2017<\\\/p>\",\"link\":null,\"link_target\":\"\",\"download\":\"https:\\\/\\\/bobvarela.com\\\/wp-content\\\/flagallery\\\/tcn-en-el-080-barcelona-fashion-fallwinter-2016-2017\\\/tcn_018.jpg\",\"ratio\":0.6670000000000000373034936274052597582340240478515625},{\"id\":\"22796\",\"image\":\"https:\\\/\\\/bobvarela.com\\\/wp-content\\\/flagallery\\\/tcn-en-el-080-barcelona-fashion-fallwinter-2016-2017\\\/webview\\\/tcn_019.jpg\",\"thumb\":\"https:\\\/\\\/bobvarela.com\\\/wp-content\\\/flagallery\\\/tcn-en-el-080-barcelona-fashion-fallwinter-2016-2017\\\/thumbs\\\/thumbs_tcn_019.jpg\",\"file\":\"tcn_019.jpg\",\"meta\":{\"aperture\":false,\"credit\":false,\"camera\":false,\"caption\":\"Ready to Wear Fall\\\/Winter 2016-2017\",\"created_timestamp\":\"February 1, 2016 8:20 pm\",\"copyright\":\"\\u00c2\\u00a9 2016 Estrop-Barcelona PHOTOGRAPH FOR EDITORIAL USE ONLY\",\"focal_length\":false,\"iso\":false,\"shutter_speed\":false,\"flash\":false,\"title\":\"Ready to Wear Fall\\\/Winter 2016-2017\",\"keywords\":\"Fall\\\/Winter 2016-2017,Ready to Wear\",\"width\":667,\"height\":1000,\"saved\":true,\"thumbnail\":{\"width\":220,\"height\":220,\"ewww_image_optimizer\":\"Reduced by 12.1% (3.7&nbsp;kB)\"},\"webview\":{\"0\":667,\"1\":1000,\"2\":2,\"3\":\"width=\\\"667\\\" height=\\\"1000\\\"\",\"bits\":8,\"channels\":3,\"mime\":\"image\\\/jpeg\",\"ewww_image_optimizer\":\"Reduced by 6.7% (4.7&nbsp;kB) - Previously Optimized\"},\"0\":false,\"ewww_image_optimizer\":\"Reduced by 7.0% (9.7&nbsp;kB)\",\"views\":\"3\",\"likes\":\"0\"},\"title\":\"Ready to Wear Fall\\\/Winter 2016-2017\",\"description\":\"<p>Ready to Wear Fall\\\/Winter 2016-2017<\\\/p>\",\"link\":null,\"link_target\":\"\",\"download\":\"https:\\\/\\\/bobvarela.com\\\/wp-content\\\/flagallery\\\/tcn-en-el-080-barcelona-fashion-fallwinter-2016-2017\\\/tcn_019.jpg\",\"ratio\":0.6670000000000000373034936274052597582340240478515625},{\"id\":\"22797\",\"image\":\"https:\\\/\\\/bobvarela.com\\\/wp-content\\\/flagallery\\\/tcn-en-el-080-barcelona-fashion-fallwinter-2016-2017\\\/webview\\\/tcn_020.jpg\",\"thumb\":\"https:\\\/\\\/bobvarela.com\\\/wp-content\\\/flagallery\\\/tcn-en-el-080-barcelona-fashion-fallwinter-2016-2017\\\/thumbs\\\/thumbs_tcn_020.jpg\",\"file\":\"tcn_020.jpg\",\"meta\":{\"aperture\":false,\"credit\":false,\"camera\":false,\"caption\":\"Ready to Wear Fall\\\/Winter 2016-2017\",\"created_timestamp\":\"February 1, 2016 8:20 pm\",\"copyright\":\"\\u00c2\\u00a9 2016 Estrop-Barcelona PHOTOGRAPH FOR EDITORIAL USE ONLY\",\"focal_length\":false,\"iso\":false,\"shutter_speed\":false,\"flash\":false,\"title\":\"Ready to Wear Fall\\\/Winter 2016-2017\",\"keywords\":\"Fall\\\/Winter 2016-2017,Ready to Wear\",\"width\":1000,\"height\":667,\"saved\":true,\"thumbnail\":{\"width\":220,\"height\":220,\"ewww_image_optimizer\":\"Reduced by 11.3% (3.6&nbsp;kB)\"},\"webview\":{\"0\":1000,\"1\":667,\"2\":2,\"3\":\"width=\\\"1000\\\" height=\\\"667\\\"\",\"bits\":8,\"channels\":3,\"mime\":\"image\\\/jpeg\",\"ewww_image_optimizer\":\"Reduced by 7.6% (4.1&nbsp;kB) - Previously Optimized\"},\"0\":false,\"ewww_image_optimizer\":\"Reduced by 10.7% (19.7&nbsp;kB)\",\"views\":\"2\",\"likes\":\"0\"},\"title\":\"Ready to Wear Fall\\\/Winter 2016-2017\",\"description\":\"<p>Ready to Wear Fall\\\/Winter 2016-2017<\\\/p>\",\"link\":null,\"link_target\":\"\",\"download\":\"https:\\\/\\\/bobvarela.com\\\/wp-content\\\/flagallery\\\/tcn-en-el-080-barcelona-fashion-fallwinter-2016-2017\\\/tcn_020.jpg\",\"ratio\":1.4992503748125936002821845249854959547519683837890625},{\"id\":\"22798\",\"image\":\"https:\\\/\\\/bobvarela.com\\\/wp-content\\\/flagallery\\\/tcn-en-el-080-barcelona-fashion-fallwinter-2016-2017\\\/webview\\\/tcn_021.jpg\",\"thumb\":\"https:\\\/\\\/bobvarela.com\\\/wp-content\\\/flagallery\\\/tcn-en-el-080-barcelona-fashion-fallwinter-2016-2017\\\/thumbs\\\/thumbs_tcn_021.jpg\",\"file\":\"tcn_021.jpg\",\"meta\":{\"aperture\":false,\"credit\":false,\"camera\":false,\"caption\":\"Ready to Wear Fall\\\/Winter 2016-2017\",\"created_timestamp\":\"February 1, 2016 8:20 pm\",\"copyright\":\"\\u00c2\\u00a9 2016 Estrop-Barcelona PHOTOGRAPH FOR EDITORIAL USE ONLY\",\"focal_length\":false,\"iso\":false,\"shutter_speed\":false,\"flash\":false,\"title\":\"Ready to Wear Fall\\\/Winter 2016-2017\",\"keywords\":\"Fall\\\/Winter 2016-2017,Ready to Wear\",\"width\":667,\"height\":1000,\"saved\":true,\"thumbnail\":{\"width\":220,\"height\":220,\"ewww_image_optimizer\":\"Reduced by 8.9% (3.2&nbsp;kB)\"},\"webview\":{\"0\":667,\"1\":1000,\"2\":2,\"3\":\"width=\\\"667\\\" height=\\\"1000\\\"\",\"bits\":8,\"channels\":3,\"mime\":\"image\\\/jpeg\",\"ewww_image_optimizer\":\"Reduced by 5.9% (6.4&nbsp;kB) - Previously Optimized\"},\"0\":false,\"ewww_image_optimizer\":\"Reduced by 4.4% (6.5&nbsp;kB)\",\"views\":\"3\",\"likes\":\"0\"},\"title\":\"Ready to Wear Fall\\\/Winter 2016-2017\",\"description\":\"<p>Ready to Wear Fall\\\/Winter 2016-2017<\\\/p>\",\"link\":null,\"link_target\":\"\",\"download\":\"https:\\\/\\\/bobvarela.com\\\/wp-content\\\/flagallery\\\/tcn-en-el-080-barcelona-fashion-fallwinter-2016-2017\\\/tcn_021.jpg\",\"ratio\":0.6670000000000000373034936274052597582340240478515625},{\"id\":\"22799\",\"image\":\"https:\\\/\\\/bobvarela.com\\\/wp-content\\\/flagallery\\\/tcn-en-el-080-barcelona-fashion-fallwinter-2016-2017\\\/webview\\\/tcn_022.jpg\",\"thumb\":\"https:\\\/\\\/bobvarela.com\\\/wp-content\\\/flagallery\\\/tcn-en-el-080-barcelona-fashion-fallwinter-2016-2017\\\/thumbs\\\/thumbs_tcn_022.jpg\",\"file\":\"tcn_022.jpg\",\"meta\":{\"aperture\":false,\"credit\":false,\"camera\":false,\"caption\":\"Ready to Wear Fall\\\/Winter 2016-2017\",\"created_timestamp\":\"February 1, 2016 8:20 pm\",\"copyright\":\"\\u00c2\\u00a9 2016 Estrop-Barcelona PHOTOGRAPH FOR EDITORIAL USE ONLY\",\"focal_length\":false,\"iso\":false,\"shutter_speed\":false,\"flash\":false,\"title\":\"Ready to Wear Fall\\\/Winter 2016-2017\",\"keywords\":\"Fall\\\/Winter 2016-2017,Ready to Wear\",\"width\":667,\"height\":1000,\"saved\":true,\"thumbnail\":{\"width\":220,\"height\":220,\"ewww_image_optimizer\":\"Reduced by 10.5% (2.8&nbsp;kB)\"},\"webview\":{\"0\":667,\"1\":1000,\"2\":2,\"3\":\"width=\\\"667\\\" height=\\\"1000\\\"\",\"bits\":8,\"channels\":3,\"mime\":\"image\\\/jpeg\",\"ewww_image_optimizer\":\"Reduced by 5.0% (4.8&nbsp;kB) - Previously Optimized\"},\"0\":false,\"ewww_image_optimizer\":\"Reduced by 6.1% (10.8&nbsp;kB)\",\"views\":\"4\",\"likes\":\"0\"},\"title\":\"Ready to Wear Fall\\\/Winter 2016-2017\",\"description\":\"<p>Ready to Wear Fall\\\/Winter 2016-2017<\\\/p>\",\"link\":null,\"link_target\":\"\",\"download\":\"https:\\\/\\\/bobvarela.com\\\/wp-content\\\/flagallery\\\/tcn-en-el-080-barcelona-fashion-fallwinter-2016-2017\\\/tcn_022.jpg\",\"ratio\":0.6670000000000000373034936274052597582340240478515625},{\"id\":\"22800\",\"image\":\"https:\\\/\\\/bobvarela.com\\\/wp-content\\\/flagallery\\\/tcn-en-el-080-barcelona-fashion-fallwinter-2016-2017\\\/webview\\\/tcn_023.jpg\",\"thumb\":\"https:\\\/\\\/bobvarela.com\\\/wp-content\\\/flagallery\\\/tcn-en-el-080-barcelona-fashion-fallwinter-2016-2017\\\/thumbs\\\/thumbs_tcn_023.jpg\",\"file\":\"tcn_023.jpg\",\"meta\":{\"aperture\":false,\"credit\":false,\"camera\":false,\"caption\":\"Ready to Wear Fall\\\/Winter 2016-2017\",\"created_timestamp\":\"February 1, 2016 8:20 pm\",\"copyright\":\"\\u00c2\\u00a9 2016 Estrop-Barcelona PHOTOGRAPH FOR EDITORIAL USE ONLY\",\"focal_length\":false,\"iso\":false,\"shutter_speed\":false,\"flash\":false,\"title\":\"Ready to Wear Fall\\\/Winter 2016-2017\",\"keywords\":\"Fall\\\/Winter 2016-2017,Ready to Wear\",\"width\":667,\"height\":1000,\"saved\":true,\"thumbnail\":{\"width\":220,\"height\":220,\"ewww_image_optimizer\":\"Reduced by 10.0% (2.5&nbsp;kB)\"},\"webview\":{\"0\":667,\"1\":1000,\"2\":2,\"3\":\"width=\\\"667\\\" height=\\\"1000\\\"\",\"bits\":8,\"channels\":3,\"mime\":\"image\\\/jpeg\",\"ewww_image_optimizer\":\"Reduced by 7.0% (7.0&nbsp;kB) - Previously Optimized\"},\"0\":false,\"ewww_image_optimizer\":\"Reduced by 8.3% (15.2&nbsp;kB)\",\"views\":\"2\",\"likes\":\"0\"},\"title\":\"Ready to Wear Fall\\\/Winter 2016-2017\",\"description\":\"<p>Ready to Wear Fall\\\/Winter 2016-2017<\\\/p>\",\"link\":null,\"link_target\":\"\",\"download\":\"https:\\\/\\\/bobvarela.com\\\/wp-content\\\/flagallery\\\/tcn-en-el-080-barcelona-fashion-fallwinter-2016-2017\\\/tcn_023.jpg\",\"ratio\":0.6670000000000000373034936274052597582340240478515625},{\"id\":\"22801\",\"image\":\"https:\\\/\\\/bobvarela.com\\\/wp-content\\\/flagallery\\\/tcn-en-el-080-barcelona-fashion-fallwinter-2016-2017\\\/webview\\\/tcn_024.jpg\",\"thumb\":\"https:\\\/\\\/bobvarela.com\\\/wp-content\\\/flagallery\\\/tcn-en-el-080-barcelona-fashion-fallwinter-2016-2017\\\/thumbs\\\/thumbs_tcn_024.jpg\",\"file\":\"tcn_024.jpg\",\"meta\":{\"aperture\":false,\"credit\":false,\"camera\":false,\"caption\":\"Ready to Wear Fall\\\/Winter 2016-2017\",\"created_timestamp\":\"February 1, 2016 8:20 pm\",\"copyright\":\"\\u00c2\\u00a9 2016 Estrop-Barcelona PHOTOGRAPH FOR EDITORIAL USE ONLY\",\"focal_length\":false,\"iso\":false,\"shutter_speed\":false,\"flash\":false,\"title\":\"Ready to Wear Fall\\\/Winter 2016-2017\",\"keywords\":\"Fall\\\/Winter 2016-2017,Ready to Wear\",\"width\":667,\"height\":1000,\"saved\":true,\"thumbnail\":{\"width\":220,\"height\":220,\"ewww_image_optimizer\":\"Reduced by 10.6% (3.2&nbsp;kB)\"},\"webview\":{\"0\":667,\"1\":1000,\"2\":2,\"3\":\"width=\\\"667\\\" height=\\\"1000\\\"\",\"bits\":8,\"channels\":3,\"mime\":\"image\\\/jpeg\",\"ewww_image_optimizer\":\"Reduced by 7.0% (5.9&nbsp;kB) - Previously Optimized\"},\"0\":false,\"ewww_image_optimizer\":\"Reduced by 6.7% (11.7&nbsp;kB)\",\"views\":\"2\",\"likes\":\"0\"},\"title\":\"Ready to Wear Fall\\\/Winter 2016-2017\",\"description\":\"<p>Ready to Wear Fall\\\/Winter 2016-2017<\\\/p>\",\"link\":null,\"link_target\":\"\",\"download\":\"https:\\\/\\\/bobvarela.com\\\/wp-content\\\/flagallery\\\/tcn-en-el-080-barcelona-fashion-fallwinter-2016-2017\\\/tcn_024.jpg\",\"ratio\":0.6670000000000000373034936274052597582340240478515625},{\"id\":\"22802\",\"image\":\"https:\\\/\\\/bobvarela.com\\\/wp-content\\\/flagallery\\\/tcn-en-el-080-barcelona-fashion-fallwinter-2016-2017\\\/webview\\\/tcn_025.jpg\",\"thumb\":\"https:\\\/\\\/bobvarela.com\\\/wp-content\\\/flagallery\\\/tcn-en-el-080-barcelona-fashion-fallwinter-2016-2017\\\/thumbs\\\/thumbs_tcn_025.jpg\",\"file\":\"tcn_025.jpg\",\"meta\":{\"aperture\":false,\"credit\":false,\"camera\":false,\"caption\":\"Ready to Wear Fall\\\/Winter 2016-2017\",\"created_timestamp\":\"February 1, 2016 8:20 pm\",\"copyright\":\"\\u00c2\\u00a9 2016 Estrop-Barcelona PHOTOGRAPH FOR EDITORIAL USE ONLY\",\"focal_length\":false,\"iso\":false,\"shutter_speed\":false,\"flash\":false,\"title\":\"Ready to Wear Fall\\\/Winter 2016-2017\",\"keywords\":\"Fall\\\/Winter 2016-2017,Ready to Wear\",\"width\":667,\"height\":1000,\"saved\":true,\"thumbnail\":{\"width\":220,\"height\":220,\"ewww_image_optimizer\":\"Reduced by 12.1% (3.9&nbsp;kB)\"},\"webview\":{\"0\":667,\"1\":1000,\"2\":2,\"3\":\"width=\\\"667\\\" height=\\\"1000\\\"\",\"bits\":8,\"channels\":3,\"mime\":\"image\\\/jpeg\",\"ewww_image_optimizer\":\"Reduced by 8.4% (8.9&nbsp;kB) - Previously Optimized\"},\"0\":false,\"ewww_image_optimizer\":\"Reduced by 7.7% (12.0&nbsp;kB)\",\"views\":\"2\",\"likes\":\"0\"},\"title\":\"Ready to Wear Fall\\\/Winter 2016-2017\",\"description\":\"<p>Ready to Wear Fall\\\/Winter 2016-2017<\\\/p>\",\"link\":null,\"link_target\":\"\",\"download\":\"https:\\\/\\\/bobvarela.com\\\/wp-content\\\/flagallery\\\/tcn-en-el-080-barcelona-fashion-fallwinter-2016-2017\\\/tcn_025.jpg\",\"ratio\":0.6670000000000000373034936274052597582340240478515625},{\"id\":\"22803\",\"image\":\"https:\\\/\\\/bobvarela.com\\\/wp-content\\\/flagallery\\\/tcn-en-el-080-barcelona-fashion-fallwinter-2016-2017\\\/webview\\\/tcn_026.jpg\",\"thumb\":\"https:\\\/\\\/bobvarela.com\\\/wp-content\\\/flagallery\\\/tcn-en-el-080-barcelona-fashion-fallwinter-2016-2017\\\/thumbs\\\/thumbs_tcn_026.jpg\",\"file\":\"tcn_026.jpg\",\"meta\":{\"aperture\":false,\"credit\":false,\"camera\":false,\"caption\":\"Ready to Wear Fall\\\/Winter 2016-2017\",\"created_timestamp\":\"February 1, 2016 8:21 pm\",\"copyright\":\"\\u00c2\\u00a9 2016 Estrop-Barcelona PHOTOGRAPH FOR EDITORIAL USE ONLY\",\"focal_length\":false,\"iso\":false,\"shutter_speed\":false,\"flash\":false,\"title\":\"Ready to Wear Fall\\\/Winter 2016-2017\",\"keywords\":\"Fall\\\/Winter 2016-2017,Ready to Wear\",\"width\":667,\"height\":1000,\"saved\":true,\"thumbnail\":{\"width\":220,\"height\":220,\"ewww_image_optimizer\":\"Reduced by 10.7% (3.1&nbsp;kB)\"},\"webview\":{\"0\":667,\"1\":1000,\"2\":2,\"3\":\"width=\\\"667\\\" height=\\\"1000\\\"\",\"bits\":8,\"channels\":3,\"mime\":\"image\\\/jpeg\",\"ewww_image_optimizer\":\"Reduced by 5.3% (5.6&nbsp;kB) - Previously Optimized\"},\"0\":false,\"ewww_image_optimizer\":\"Reduced by 6.4% (12.2&nbsp;kB)\",\"views\":\"3\",\"likes\":\"0\"},\"title\":\"Ready to Wear Fall\\\/Winter 2016-2017\",\"description\":\"<p>Ready to Wear Fall\\\/Winter 2016-2017<\\\/p>\",\"link\":null,\"link_target\":\"\",\"download\":\"https:\\\/\\\/bobvarela.com\\\/wp-content\\\/flagallery\\\/tcn-en-el-080-barcelona-fashion-fallwinter-2016-2017\\\/tcn_026.jpg\",\"ratio\":0.6670000000000000373034936274052597582340240478515625},{\"id\":\"22804\",\"image\":\"https:\\\/\\\/bobvarela.com\\\/wp-content\\\/flagallery\\\/tcn-en-el-080-barcelona-fashion-fallwinter-2016-2017\\\/webview\\\/tcn_027.jpg\",\"thumb\":\"https:\\\/\\\/bobvarela.com\\\/wp-content\\\/flagallery\\\/tcn-en-el-080-barcelona-fashion-fallwinter-2016-2017\\\/thumbs\\\/thumbs_tcn_027.jpg\",\"file\":\"tcn_027.jpg\",\"meta\":{\"aperture\":false,\"credit\":false,\"camera\":false,\"caption\":\"Ready to Wear Fall\\\/Winter 2016-2017\",\"created_timestamp\":\"February 1, 2016 8:21 pm\",\"copyright\":\"\\u00c2\\u00a9 2016 Estrop-Barcelona PHOTOGRAPH FOR EDITORIAL USE ONLY\",\"focal_length\":false,\"iso\":false,\"shutter_speed\":false,\"flash\":false,\"title\":\"Ready to Wear Fall\\\/Winter 2016-2017\",\"keywords\":\"Fall\\\/Winter 2016-2017,Ready to Wear\",\"width\":667,\"height\":1000,\"saved\":true,\"thumbnail\":{\"width\":220,\"height\":220,\"ewww_image_optimizer\":\"Reduced by 13.0% (4.4&nbsp;kB)\"},\"webview\":{\"0\":667,\"1\":1000,\"2\":2,\"3\":\"width=\\\"667\\\" height=\\\"1000\\\"\",\"bits\":8,\"channels\":3,\"mime\":\"image\\\/jpeg\",\"ewww_image_optimizer\":\"Reduced by 6.4% (8.0&nbsp;kB) - Previously Optimized\"},\"0\":false,\"ewww_image_optimizer\":\"Reduced by 6.2% (10.4&nbsp;kB)\",\"views\":\"2\",\"likes\":\"0\"},\"title\":\"Ready to Wear Fall\\\/Winter 2016-2017\",\"description\":\"<p>Ready to Wear Fall\\\/Winter 2016-2017<\\\/p>\",\"link\":null,\"link_target\":\"\",\"download\":\"https:\\\/\\\/bobvarela.com\\\/wp-content\\\/flagallery\\\/tcn-en-el-080-barcelona-fashion-fallwinter-2016-2017\\\/tcn_027.jpg\",\"ratio\":0.6670000000000000373034936274052597582340240478515625},{\"id\":\"22805\",\"image\":\"https:\\\/\\\/bobvarela.com\\\/wp-content\\\/flagallery\\\/tcn-en-el-080-barcelona-fashion-fallwinter-2016-2017\\\/webview\\\/tcn_028.jpg\",\"thumb\":\"https:\\\/\\\/bobvarela.com\\\/wp-content\\\/flagallery\\\/tcn-en-el-080-barcelona-fashion-fallwinter-2016-2017\\\/thumbs\\\/thumbs_tcn_028.jpg\",\"file\":\"tcn_028.jpg\",\"meta\":{\"aperture\":false,\"credit\":false,\"camera\":false,\"caption\":\"Ready to Wear Fall\\\/Winter 2016-2017\",\"created_timestamp\":\"February 1, 2016 8:21 pm\",\"copyright\":\"\\u00c2\\u00a9 2016 Estrop-Barcelona PHOTOGRAPH FOR EDITORIAL USE ONLY\",\"focal_length\":false,\"iso\":false,\"shutter_speed\":false,\"flash\":false,\"title\":\"Ready to Wear Fall\\\/Winter 2016-2017\",\"keywords\":\"Fall\\\/Winter 2016-2017,Ready to Wear\",\"width\":667,\"height\":1000,\"saved\":true,\"thumbnail\":{\"width\":220,\"height\":220,\"ewww_image_optimizer\":\"Reduced by 10.3% (3.2&nbsp;kB)\"},\"webview\":{\"0\":667,\"1\":1000,\"2\":2,\"3\":\"width=\\\"667\\\" height=\\\"1000\\\"\",\"bits\":8,\"channels\":3,\"mime\":\"image\\\/jpeg\",\"ewww_image_optimizer\":\"Reduced by 4.5% (4.6&nbsp;kB) - Previously Optimized\"},\"0\":false,\"ewww_image_optimizer\":\"Reduced by 5.6% (11.0&nbsp;kB)\",\"views\":\"2\",\"likes\":\"0\"},\"title\":\"Ready to Wear Fall\\\/Winter 2016-2017\",\"description\":\"<p>Ready to Wear Fall\\\/Winter 2016-2017<\\\/p>\",\"link\":null,\"link_target\":\"\",\"download\":\"https:\\\/\\\/bobvarela.com\\\/wp-content\\\/flagallery\\\/tcn-en-el-080-barcelona-fashion-fallwinter-2016-2017\\\/tcn_028.jpg\",\"ratio\":0.6670000000000000373034936274052597582340240478515625},{\"id\":\"22806\",\"image\":\"https:\\\/\\\/bobvarela.com\\\/wp-content\\\/flagallery\\\/tcn-en-el-080-barcelona-fashion-fallwinter-2016-2017\\\/webview\\\/tcn_029.jpg\",\"thumb\":\"https:\\\/\\\/bobvarela.com\\\/wp-content\\\/flagallery\\\/tcn-en-el-080-barcelona-fashion-fallwinter-2016-2017\\\/thumbs\\\/thumbs_tcn_029.jpg\",\"file\":\"tcn_029.jpg\",\"meta\":{\"aperture\":false,\"credit\":false,\"camera\":false,\"caption\":\"Ready to Wear Fall\\\/Winter 2016-2017\",\"created_timestamp\":\"February 1, 2016 8:21 pm\",\"copyright\":\"\\u00c2\\u00a9 2016 Estrop-Barcelona PHOTOGRAPH FOR EDITORIAL USE ONLY\",\"focal_length\":false,\"iso\":false,\"shutter_speed\":false,\"flash\":false,\"title\":\"Ready to Wear Fall\\\/Winter 2016-2017\",\"keywords\":\"Fall\\\/Winter 2016-2017,Ready to Wear\",\"width\":667,\"height\":1000,\"saved\":true,\"thumbnail\":{\"width\":220,\"height\":220,\"ewww_image_optimizer\":\"Reduced by 12.0% (3.9&nbsp;kB)\"},\"webview\":{\"0\":667,\"1\":1000,\"2\":2,\"3\":\"width=\\\"667\\\" height=\\\"1000\\\"\",\"bits\":8,\"channels\":3,\"mime\":\"image\\\/jpeg\",\"ewww_image_optimizer\":\"Reduced by 7.0% (8.1&nbsp;kB) - Previously Optimized\"},\"0\":false,\"ewww_image_optimizer\":\"Reduced by 5.5% (9.3&nbsp;kB)\",\"views\":\"2\",\"likes\":\"0\"},\"title\":\"Ready to Wear Fall\\\/Winter 2016-2017\",\"description\":\"<p>Ready to Wear Fall\\\/Winter 2016-2017<\\\/p>\",\"link\":null,\"link_target\":\"\",\"download\":\"https:\\\/\\\/bobvarela.com\\\/wp-content\\\/flagallery\\\/tcn-en-el-080-barcelona-fashion-fallwinter-2016-2017\\\/tcn_029.jpg\",\"ratio\":0.6670000000000000373034936274052597582340240478515625},{\"id\":\"22807\",\"image\":\"https:\\\/\\\/bobvarela.com\\\/wp-content\\\/flagallery\\\/tcn-en-el-080-barcelona-fashion-fallwinter-2016-2017\\\/webview\\\/tcn_030.jpg\",\"thumb\":\"https:\\\/\\\/bobvarela.com\\\/wp-content\\\/flagallery\\\/tcn-en-el-080-barcelona-fashion-fallwinter-2016-2017\\\/thumbs\\\/thumbs_tcn_030.jpg\",\"file\":\"tcn_030.jpg\",\"meta\":{\"aperture\":false,\"credit\":false,\"camera\":false,\"caption\":\"Ready to Wear Fall\\\/Winter 2016-2017\",\"created_timestamp\":\"February 1, 2016 8:21 pm\",\"copyright\":\"\\u00c2\\u00a9 2016 Estrop-Barcelona PHOTOGRAPH FOR EDITORIAL USE ONLY\",\"focal_length\":false,\"iso\":false,\"shutter_speed\":false,\"flash\":false,\"title\":\"Ready to Wear Fall\\\/Winter 2016-2017\",\"keywords\":\"Fall\\\/Winter 2016-2017,Ready to Wear\",\"width\":667,\"height\":1000,\"saved\":true,\"thumbnail\":{\"width\":220,\"height\":220,\"ewww_image_optimizer\":\"Reduced by 10.3% (4.6&nbsp;kB)\"},\"webview\":{\"0\":667,\"1\":1000,\"2\":2,\"3\":\"width=\\\"667\\\" height=\\\"1000\\\"\",\"bits\":8,\"channels\":3,\"mime\":\"image\\\/jpeg\",\"ewww_image_optimizer\":\"Reduced by 6.0% (8.4&nbsp;kB) - Previously Optimized\"},\"0\":false,\"ewww_image_optimizer\":\"Reduced by 3.8% (7.3&nbsp;kB)\",\"views\":\"2\",\"likes\":\"0\"},\"title\":\"Ready to Wear Fall\\\/Winter 2016-2017\",\"description\":\"<p>Ready to Wear Fall\\\/Winter 2016-2017<\\\/p>\",\"link\":null,\"link_target\":\"\",\"download\":\"https:\\\/\\\/bobvarela.com\\\/wp-content\\\/flagallery\\\/tcn-en-el-080-barcelona-fashion-fallwinter-2016-2017\\\/tcn_030.jpg\",\"ratio\":0.6670000000000000373034936274052597582340240478515625},{\"id\":\"22808\",\"image\":\"https:\\\/\\\/bobvarela.com\\\/wp-content\\\/flagallery\\\/tcn-en-el-080-barcelona-fashion-fallwinter-2016-2017\\\/webview\\\/tcn_031.jpg\",\"thumb\":\"https:\\\/\\\/bobvarela.com\\\/wp-content\\\/flagallery\\\/tcn-en-el-080-barcelona-fashion-fallwinter-2016-2017\\\/thumbs\\\/thumbs_tcn_031.jpg\",\"file\":\"tcn_031.jpg\",\"meta\":{\"aperture\":false,\"credit\":false,\"camera\":false,\"caption\":\"Ready to Wear Fall\\\/Winter 2016-2017\",\"created_timestamp\":\"February 1, 2016 8:21 pm\",\"copyright\":\"\\u00c2\\u00a9 2016 Estrop-Barcelona PHOTOGRAPH FOR EDITORIAL USE ONLY\",\"focal_length\":false,\"iso\":false,\"shutter_speed\":false,\"flash\":false,\"title\":\"Ready to Wear Fall\\\/Winter 2016-2017\",\"keywords\":\"Fall\\\/Winter 2016-2017,Ready to Wear\",\"width\":667,\"height\":1000,\"saved\":true,\"thumbnail\":{\"width\":220,\"height\":220,\"ewww_image_optimizer\":\"Reduced by 7.8% (2.1&nbsp;kB)\"},\"webview\":{\"0\":667,\"1\":1000,\"2\":2,\"3\":\"width=\\\"667\\\" height=\\\"1000\\\"\",\"bits\":8,\"channels\":3,\"mime\":\"image\\\/jpeg\",\"ewww_image_optimizer\":\"Reduced by 4.9% (4.9&nbsp;kB) - Previously Optimized\"},\"0\":false,\"ewww_image_optimizer\":\"Reduced by 5.6% (10.7&nbsp;kB)\",\"views\":\"2\",\"likes\":\"0\"},\"title\":\"Ready to Wear Fall\\\/Winter 2016-2017\",\"description\":\"<p>Ready to Wear Fall\\\/Winter 2016-2017<\\\/p>\",\"link\":null,\"link_target\":\"\",\"download\":\"https:\\\/\\\/bobvarela.com\\\/wp-content\\\/flagallery\\\/tcn-en-el-080-barcelona-fashion-fallwinter-2016-2017\\\/tcn_031.jpg\",\"ratio\":0.6670000000000000373034936274052597582340240478515625},{\"id\":\"22809\",\"image\":\"https:\\\/\\\/bobvarela.com\\\/wp-content\\\/flagallery\\\/tcn-en-el-080-barcelona-fashion-fallwinter-2016-2017\\\/webview\\\/tcn_032.jpg\",\"thumb\":\"https:\\\/\\\/bobvarela.com\\\/wp-content\\\/flagallery\\\/tcn-en-el-080-barcelona-fashion-fallwinter-2016-2017\\\/thumbs\\\/thumbs_tcn_032.jpg\",\"file\":\"tcn_032.jpg\",\"meta\":{\"aperture\":false,\"credit\":false,\"camera\":false,\"caption\":\"Ready to Wear Fall\\\/Winter 2016-2017\",\"created_timestamp\":\"February 1, 2016 8:21 pm\",\"copyright\":\"\\u00c2\\u00a9 2016 Estrop-Barcelona PHOTOGRAPH FOR EDITORIAL USE ONLY\",\"focal_length\":false,\"iso\":false,\"shutter_speed\":false,\"flash\":false,\"title\":\"Ready to Wear Fall\\\/Winter 2016-2017\",\"keywords\":\"Fall\\\/Winter 2016-2017,Ready to Wear\",\"width\":667,\"height\":1000,\"saved\":true,\"thumbnail\":{\"width\":220,\"height\":220,\"ewww_image_optimizer\":\"Reduced by 6.7% (1.8&nbsp;kB)\"},\"webview\":{\"0\":667,\"1\":1000,\"2\":2,\"3\":\"width=\\\"667\\\" height=\\\"1000\\\"\",\"bits\":8,\"channels\":3,\"mime\":\"image\\\/jpeg\",\"ewww_image_optimizer\":\"Reduced by 6.3% (4.9&nbsp;kB) - Previously Optimized\"},\"0\":false,\"ewww_image_optimizer\":\"Reduced by 5.6% (8.8&nbsp;kB)\",\"views\":\"2\",\"likes\":\"0\"},\"title\":\"Ready to Wear Fall\\\/Winter 2016-2017\",\"description\":\"<p>Ready to Wear Fall\\\/Winter 2016-2017<\\\/p>\",\"link\":null,\"link_target\":\"\",\"download\":\"https:\\\/\\\/bobvarela.com\\\/wp-content\\\/flagallery\\\/tcn-en-el-080-barcelona-fashion-fallwinter-2016-2017\\\/tcn_032.jpg\",\"ratio\":0.6670000000000000373034936274052597582340240478515625},{\"id\":\"22810\",\"image\":\"https:\\\/\\\/bobvarela.com\\\/wp-content\\\/flagallery\\\/tcn-en-el-080-barcelona-fashion-fallwinter-2016-2017\\\/webview\\\/tcn_033.jpg\",\"thumb\":\"https:\\\/\\\/bobvarela.com\\\/wp-content\\\/flagallery\\\/tcn-en-el-080-barcelona-fashion-fallwinter-2016-2017\\\/thumbs\\\/thumbs_tcn_033.jpg\",\"file\":\"tcn_033.jpg\",\"meta\":{\"aperture\":false,\"credit\":false,\"camera\":false,\"caption\":\"Ready to Wear Fall\\\/Winter 2016-2017\",\"created_timestamp\":\"February 1, 2016 8:21 pm\",\"copyright\":\"\\u00c2\\u00a9 2016 Estrop-Barcelona PHOTOGRAPH FOR EDITORIAL USE ONLY\",\"focal_length\":false,\"iso\":false,\"shutter_speed\":false,\"flash\":false,\"title\":\"Ready to Wear Fall\\\/Winter 2016-2017\",\"keywords\":\"Fall\\\/Winter 2016-2017,Ready to Wear\",\"width\":667,\"height\":1000,\"saved\":true,\"thumbnail\":{\"width\":220,\"height\":220,\"ewww_image_optimizer\":\"Reduced by 5.7% (1.8&nbsp;kB)\"},\"webview\":{\"0\":667,\"1\":1000,\"2\":2,\"3\":\"width=\\\"667\\\" height=\\\"1000\\\"\",\"bits\":8,\"channels\":3,\"mime\":\"image\\\/jpeg\",\"ewww_image_optimizer\":\"Reduced by 6.4% (6.0&nbsp;kB) - Previously Optimized\"},\"0\":false,\"ewww_image_optimizer\":\"Reduced by 4.7% (8.7&nbsp;kB)\",\"views\":\"2\",\"likes\":\"0\"},\"title\":\"Ready to Wear Fall\\\/Winter 2016-2017\",\"description\":\"<p>Ready to Wear Fall\\\/Winter 2016-2017<\\\/p>\",\"link\":null,\"link_target\":\"\",\"download\":\"https:\\\/\\\/bobvarela.com\\\/wp-content\\\/flagallery\\\/tcn-en-el-080-barcelona-fashion-fallwinter-2016-2017\\\/tcn_033.jpg\",\"ratio\":0.6670000000000000373034936274052597582340240478515625},{\"id\":\"22811\",\"image\":\"https:\\\/\\\/bobvarela.com\\\/wp-content\\\/flagallery\\\/tcn-en-el-080-barcelona-fashion-fallwinter-2016-2017\\\/webview\\\/tcn_034.jpg\",\"thumb\":\"https:\\\/\\\/bobvarela.com\\\/wp-content\\\/flagallery\\\/tcn-en-el-080-barcelona-fashion-fallwinter-2016-2017\\\/thumbs\\\/thumbs_tcn_034.jpg\",\"file\":\"tcn_034.jpg\",\"meta\":{\"aperture\":false,\"credit\":false,\"camera\":false,\"caption\":\"Ready to Wear Fall\\\/Winter 2016-2017\",\"created_timestamp\":\"February 1, 2016 8:21 pm\",\"copyright\":\"\\u00c2\\u00a9 2016 Estrop-Barcelona PHOTOGRAPH FOR EDITORIAL USE ONLY\",\"focal_length\":false,\"iso\":false,\"shutter_speed\":false,\"flash\":false,\"title\":\"Ready to Wear Fall\\\/Winter 2016-2017\",\"keywords\":\"Fall\\\/Winter 2016-2017,Ready to Wear\",\"width\":667,\"height\":1000,\"saved\":true,\"thumbnail\":{\"width\":220,\"height\":220,\"ewww_image_optimizer\":\"Reduced by 7.9% (2.8&nbsp;kB)\"},\"webview\":{\"0\":667,\"1\":1000,\"2\":2,\"3\":\"width=\\\"667\\\" height=\\\"1000\\\"\",\"bits\":8,\"channels\":3,\"mime\":\"image\\\/jpeg\",\"ewww_image_optimizer\":\"Reduced by 4.3% (3.8&nbsp;kB) - Previously Optimized\"},\"0\":false,\"ewww_image_optimizer\":\"Reduced by 4.2% (7.2&nbsp;kB)\",\"views\":\"4\",\"likes\":\"0\"},\"title\":\"Ready to Wear Fall\\\/Winter 2016-2017\",\"description\":\"<p>Ready to Wear Fall\\\/Winter 2016-2017<\\\/p>\",\"link\":null,\"link_target\":\"\",\"download\":\"https:\\\/\\\/bobvarela.com\\\/wp-content\\\/flagallery\\\/tcn-en-el-080-barcelona-fashion-fallwinter-2016-2017\\\/tcn_034.jpg\",\"ratio\":0.6670000000000000373034936274052597582340240478515625},{\"id\":\"22812\",\"image\":\"https:\\\/\\\/bobvarela.com\\\/wp-content\\\/flagallery\\\/tcn-en-el-080-barcelona-fashion-fallwinter-2016-2017\\\/webview\\\/tcn_035.jpg\",\"thumb\":\"https:\\\/\\\/bobvarela.com\\\/wp-content\\\/flagallery\\\/tcn-en-el-080-barcelona-fashion-fallwinter-2016-2017\\\/thumbs\\\/thumbs_tcn_035.jpg\",\"file\":\"tcn_035.jpg\",\"meta\":{\"aperture\":false,\"credit\":false,\"camera\":false,\"caption\":\"Ready to Wear Fall\\\/Winter 2016-2017\",\"created_timestamp\":\"February 1, 2016 8:21 pm\",\"copyright\":\"\\u00c2\\u00a9 2016 Estrop-Barcelona PHOTOGRAPH FOR EDITORIAL USE ONLY\",\"focal_length\":false,\"iso\":false,\"shutter_speed\":false,\"flash\":false,\"title\":\"Ready to Wear Fall\\\/Winter 2016-2017\",\"keywords\":\"Fall\\\/Winter 2016-2017,Ready to Wear\",\"width\":667,\"height\":1000,\"saved\":true,\"thumbnail\":{\"width\":220,\"height\":220,\"ewww_image_optimizer\":\"Reduced by 9.1% (2.5&nbsp;kB)\"},\"webview\":{\"0\":667,\"1\":1000,\"2\":2,\"3\":\"width=\\\"667\\\" height=\\\"1000\\\"\",\"bits\":8,\"channels\":3,\"mime\":\"image\\\/jpeg\",\"ewww_image_optimizer\":\"Reduced by 5.6% (5.6&nbsp;kB) - Previously Optimized\"},\"0\":false,\"ewww_image_optimizer\":\"Reduced by 5.8% (10.5&nbsp;kB)\",\"views\":\"3\",\"likes\":\"0\"},\"title\":\"Ready to Wear Fall\\\/Winter 2016-2017\",\"description\":\"<p>Ready to Wear Fall\\\/Winter 2016-2017<\\\/p>\",\"link\":null,\"link_target\":\"\",\"download\":\"https:\\\/\\\/bobvarela.com\\\/wp-content\\\/flagallery\\\/tcn-en-el-080-barcelona-fashion-fallwinter-2016-2017\\\/tcn_035.jpg\",\"ratio\":0.6670000000000000373034936274052597582340240478515625},{\"id\":\"22813\",\"image\":\"https:\\\/\\\/bobvarela.com\\\/wp-content\\\/flagallery\\\/tcn-en-el-080-barcelona-fashion-fallwinter-2016-2017\\\/webview\\\/tcn_036.jpg\",\"thumb\":\"https:\\\/\\\/bobvarela.com\\\/wp-content\\\/flagallery\\\/tcn-en-el-080-barcelona-fashion-fallwinter-2016-2017\\\/thumbs\\\/thumbs_tcn_036.jpg\",\"file\":\"tcn_036.jpg\",\"meta\":{\"aperture\":false,\"credit\":false,\"camera\":false,\"caption\":\"Ready to Wear Fall\\\/Winter 2016-2017\",\"created_timestamp\":\"February 1, 2016 8:21 pm\",\"copyright\":\"\\u00c2\\u00a9 2016 Estrop-Barcelona PHOTOGRAPH FOR EDITORIAL USE ONLY\",\"focal_length\":false,\"iso\":false,\"shutter_speed\":false,\"flash\":false,\"title\":\"Ready to Wear Fall\\\/Winter 2016-2017\",\"keywords\":\"Fall\\\/Winter 2016-2017,Ready to Wear\",\"width\":667,\"height\":1000,\"saved\":true,\"thumbnail\":{\"width\":220,\"height\":220,\"ewww_image_optimizer\":\"Reduced by 10.4% (3.1&nbsp;kB)\"},\"webview\":{\"0\":667,\"1\":1000,\"2\":2,\"3\":\"width=\\\"667\\\" height=\\\"1000\\\"\",\"bits\":8,\"channels\":3,\"mime\":\"image\\\/jpeg\",\"ewww_image_optimizer\":\"Reduced by 6.8% (7.1&nbsp;kB) - Previously Optimized\"},\"0\":false,\"ewww_image_optimizer\":\"Reduced by 6.3% (12.1&nbsp;kB)\",\"views\":\"2\",\"likes\":\"0\"},\"title\":\"Ready to Wear Fall\\\/Winter 2016-2017\",\"description\":\"<p>Ready to Wear Fall\\\/Winter 2016-2017<\\\/p>\",\"link\":null,\"link_target\":\"\",\"download\":\"https:\\\/\\\/bobvarela.com\\\/wp-content\\\/flagallery\\\/tcn-en-el-080-barcelona-fashion-fallwinter-2016-2017\\\/tcn_036.jpg\",\"ratio\":0.6670000000000000373034936274052597582340240478515625},{\"id\":\"22814\",\"image\":\"https:\\\/\\\/bobvarela.com\\\/wp-content\\\/flagallery\\\/tcn-en-el-080-barcelona-fashion-fallwinter-2016-2017\\\/webview\\\/tcn_037.jpg\",\"thumb\":\"https:\\\/\\\/bobvarela.com\\\/wp-content\\\/flagallery\\\/tcn-en-el-080-barcelona-fashion-fallwinter-2016-2017\\\/thumbs\\\/thumbs_tcn_037.jpg\",\"file\":\"tcn_037.jpg\",\"meta\":{\"aperture\":false,\"credit\":false,\"camera\":false,\"caption\":\"Ready to Wear Fall\\\/Winter 2016-2017\",\"created_timestamp\":\"February 1, 2016 8:21 pm\",\"copyright\":\"\\u00c2\\u00a9 2016 Estrop-Barcelona PHOTOGRAPH FOR EDITORIAL USE ONLY\",\"focal_length\":false,\"iso\":false,\"shutter_speed\":false,\"flash\":false,\"title\":\"Ready to Wear Fall\\\/Winter 2016-2017\",\"keywords\":\"Fall\\\/Winter 2016-2017,Ready to Wear\",\"width\":667,\"height\":1000,\"saved\":true,\"thumbnail\":{\"width\":220,\"height\":220,\"ewww_image_optimizer\":\"Reduced by 11.4% (3.6&nbsp;kB)\"},\"webview\":{\"0\":667,\"1\":1000,\"2\":2,\"3\":\"width=\\\"667\\\" height=\\\"1000\\\"\",\"bits\":8,\"channels\":3,\"mime\":\"image\\\/jpeg\",\"ewww_image_optimizer\":\"Reduced by 4.9% (5.4&nbsp;kB) - Previously Optimized\"},\"0\":false,\"ewww_image_optimizer\":\"Reduced by 6.0% (11.7&nbsp;kB)\",\"views\":\"2\",\"likes\":\"0\"},\"title\":\"Ready to Wear Fall\\\/Winter 2016-2017\",\"description\":\"<p>Ready to Wear Fall\\\/Winter 2016-2017<\\\/p>\",\"link\":null,\"link_target\":\"\",\"download\":\"https:\\\/\\\/bobvarela.com\\\/wp-content\\\/flagallery\\\/tcn-en-el-080-barcelona-fashion-fallwinter-2016-2017\\\/tcn_037.jpg\",\"ratio\":0.6670000000000000373034936274052597582340240478515625},{\"id\":\"22815\",\"image\":\"https:\\\/\\\/bobvarela.com\\\/wp-content\\\/flagallery\\\/tcn-en-el-080-barcelona-fashion-fallwinter-2016-2017\\\/webview\\\/tcn_038.jpg\",\"thumb\":\"https:\\\/\\\/bobvarela.com\\\/wp-content\\\/flagallery\\\/tcn-en-el-080-barcelona-fashion-fallwinter-2016-2017\\\/thumbs\\\/thumbs_tcn_038.jpg\",\"file\":\"tcn_038.jpg\",\"meta\":{\"aperture\":false,\"credit\":false,\"camera\":false,\"caption\":\"Ready to Wear Fall\\\/Winter 2016-2017\",\"created_timestamp\":\"February 1, 2016 8:21 pm\",\"copyright\":\"\\u00c2\\u00a9 2016 Estrop-Barcelona PHOTOGRAPH FOR EDITORIAL USE ONLY\",\"focal_length\":false,\"iso\":false,\"shutter_speed\":false,\"flash\":false,\"title\":\"Ready to Wear Fall\\\/Winter 2016-2017\",\"keywords\":\"Fall\\\/Winter 2016-2017,Ready to Wear\",\"width\":667,\"height\":1000,\"saved\":true,\"thumbnail\":{\"width\":220,\"height\":220,\"ewww_image_optimizer\":\"Reduced by 14.1% (5.5&nbsp;kB)\"},\"webview\":{\"0\":667,\"1\":1000,\"2\":2,\"3\":\"width=\\\"667\\\" height=\\\"1000\\\"\",\"bits\":8,\"channels\":3,\"mime\":\"image\\\/jpeg\",\"ewww_image_optimizer\":\"Reduced by 6.2% (8.8&nbsp;kB) - Previously Optimized\"},\"0\":false,\"ewww_image_optimizer\":\"Reduced by 6.3% (12.1&nbsp;kB)\",\"views\":\"3\",\"likes\":\"0\"},\"title\":\"Ready to Wear Fall\\\/Winter 2016-2017\",\"description\":\"<p>Ready to Wear Fall\\\/Winter 2016-2017<\\\/p>\",\"link\":null,\"link_target\":\"\",\"download\":\"https:\\\/\\\/bobvarela.com\\\/wp-content\\\/flagallery\\\/tcn-en-el-080-barcelona-fashion-fallwinter-2016-2017\\\/tcn_038.jpg\",\"ratio\":0.6670000000000000373034936274052597582340240478515625},{\"id\":\"22816\",\"image\":\"https:\\\/\\\/bobvarela.com\\\/wp-content\\\/flagallery\\\/tcn-en-el-080-barcelona-fashion-fallwinter-2016-2017\\\/webview\\\/tcn_039.jpg\",\"thumb\":\"https:\\\/\\\/bobvarela.com\\\/wp-content\\\/flagallery\\\/tcn-en-el-080-barcelona-fashion-fallwinter-2016-2017\\\/thumbs\\\/thumbs_tcn_039.jpg\",\"file\":\"tcn_039.jpg\",\"meta\":{\"aperture\":false,\"credit\":false,\"camera\":false,\"caption\":\"Ready to Wear Fall\\\/Winter 2016-2017\",\"created_timestamp\":\"February 1, 2016 8:21 pm\",\"copyright\":\"\\u00c2\\u00a9 2016 Estrop-Barcelona PHOTOGRAPH FOR EDITORIAL USE ONLY\",\"focal_length\":false,\"iso\":false,\"shutter_speed\":false,\"flash\":false,\"title\":\"Ready to Wear Fall\\\/Winter 2016-2017\",\"keywords\":\"Fall\\\/Winter 2016-2017,Ready to Wear\",\"width\":667,\"height\":1000,\"saved\":true,\"thumbnail\":{\"width\":220,\"height\":220,\"ewww_image_optimizer\":\"Reduced by 11.5% (4.5&nbsp;kB)\"},\"webview\":{\"0\":667,\"1\":1000,\"2\":2,\"3\":\"width=\\\"667\\\" height=\\\"1000\\\"\",\"bits\":8,\"channels\":3,\"mime\":\"image\\\/jpeg\",\"ewww_image_optimizer\":\"Reduced by 6.8% (9.4&nbsp;kB) - Previously Optimized\"},\"0\":false,\"ewww_image_optimizer\":\"Reduced by 6.1% (11.1&nbsp;kB)\",\"views\":\"3\",\"likes\":\"0\"},\"title\":\"Ready to Wear Fall\\\/Winter 2016-2017\",\"description\":\"<p>Ready to Wear Fall\\\/Winter 2016-2017<\\\/p>\",\"link\":null,\"link_target\":\"\",\"download\":\"https:\\\/\\\/bobvarela.com\\\/wp-content\\\/flagallery\\\/tcn-en-el-080-barcelona-fashion-fallwinter-2016-2017\\\/tcn_039.jpg\",\"ratio\":0.6670000000000000373034936274052597582340240478515625},{\"id\":\"22817\",\"image\":\"https:\\\/\\\/bobvarela.com\\\/wp-content\\\/flagallery\\\/tcn-en-el-080-barcelona-fashion-fallwinter-2016-2017\\\/webview\\\/tcn_040.jpg\",\"thumb\":\"https:\\\/\\\/bobvarela.com\\\/wp-content\\\/flagallery\\\/tcn-en-el-080-barcelona-fashion-fallwinter-2016-2017\\\/thumbs\\\/thumbs_tcn_040.jpg\",\"file\":\"tcn_040.jpg\",\"meta\":{\"aperture\":false,\"credit\":false,\"camera\":false,\"caption\":\"Ready to Wear Fall\\\/Winter 2016-2017\",\"created_timestamp\":\"February 1, 2016 8:22 pm\",\"copyright\":\"\\u00c2\\u00a9 2016 Estrop-Barcelona PHOTOGRAPH FOR EDITORIAL USE ONLY\",\"focal_length\":false,\"iso\":false,\"shutter_speed\":false,\"flash\":false,\"title\":\"Ready to Wear Fall\\\/Winter 2016-2017\",\"keywords\":\"Fall\\\/Winter 2016-2017,Ready to Wear\",\"width\":667,\"height\":1000,\"saved\":true,\"thumbnail\":{\"width\":220,\"height\":220,\"ewww_image_optimizer\":\"Reduced by 8.1% (2.0&nbsp;kB)\"},\"webview\":{\"0\":667,\"1\":1000,\"2\":2,\"3\":\"width=\\\"667\\\" height=\\\"1000\\\"\",\"bits\":8,\"channels\":3,\"mime\":\"image\\\/jpeg\",\"ewww_image_optimizer\":\"Reduced by 5.4% (4.4&nbsp;kB) - Previously Optimized\"},\"0\":false,\"ewww_image_optimizer\":\"Reduced by 5.6% (8.5&nbsp;kB)\",\"views\":\"3\",\"likes\":\"0\"},\"title\":\"Ready to Wear Fall\\\/Winter 2016-2017\",\"description\":\"<p>Ready to Wear Fall\\\/Winter 2016-2017<\\\/p>\",\"link\":null,\"link_target\":\"\",\"download\":\"https:\\\/\\\/bobvarela.com\\\/wp-content\\\/flagallery\\\/tcn-en-el-080-barcelona-fashion-fallwinter-2016-2017\\\/tcn_040.jpg\",\"ratio\":0.6670000000000000373034936274052597582340240478515625},{\"id\":\"22818\",\"image\":\"https:\\\/\\\/bobvarela.com\\\/wp-content\\\/flagallery\\\/tcn-en-el-080-barcelona-fashion-fallwinter-2016-2017\\\/webview\\\/tcn_041.jpg\",\"thumb\":\"https:\\\/\\\/bobvarela.com\\\/wp-content\\\/flagallery\\\/tcn-en-el-080-barcelona-fashion-fallwinter-2016-2017\\\/thumbs\\\/thumbs_tcn_041.jpg\",\"file\":\"tcn_041.jpg\",\"meta\":{\"aperture\":false,\"credit\":false,\"camera\":false,\"caption\":\"Ready to Wear Fall\\\/Winter 2016-2017\",\"created_timestamp\":\"February 1, 2016 8:22 pm\",\"copyright\":\"\\u00c2\\u00a9 2016 Estrop-Barcelona PHOTOGRAPH FOR EDITORIAL USE ONLY\",\"focal_length\":false,\"iso\":false,\"shutter_speed\":false,\"flash\":false,\"title\":\"Ready to Wear Fall\\\/Winter 2016-2017\",\"keywords\":\"Fall\\\/Winter 2016-2017,Ready to Wear\",\"width\":667,\"height\":1000,\"saved\":true,\"thumbnail\":{\"width\":220,\"height\":220,\"ewww_image_optimizer\":\"Reduced by 8.2% (2.2&nbsp;kB)\"},\"webview\":{\"0\":667,\"1\":1000,\"2\":2,\"3\":\"width=\\\"667\\\" height=\\\"1000\\\"\",\"bits\":8,\"channels\":3,\"mime\":\"image\\\/jpeg\",\"ewww_image_optimizer\":\"Reduced by 6.0% (4.1&nbsp;kB) - Previously Optimized\"},\"0\":false,\"ewww_image_optimizer\":\"Reduced by 5.4% (7.3&nbsp;kB)\",\"views\":\"6\",\"likes\":\"0\"},\"title\":\"Ready to Wear Fall\\\/Winter 2016-2017\",\"description\":\"<p>Ready to Wear Fall\\\/Winter 2016-2017<\\\/p>\",\"link\":null,\"link_target\":\"\",\"download\":\"https:\\\/\\\/bobvarela.com\\\/wp-content\\\/flagallery\\\/tcn-en-el-080-barcelona-fashion-fallwinter-2016-2017\\\/tcn_041.jpg\",\"ratio\":0.6670000000000000373034936274052597582340240478515625},{\"id\":\"22819\",\"image\":\"https:\\\/\\\/bobvarela.com\\\/wp-content\\\/flagallery\\\/tcn-en-el-080-barcelona-fashion-fallwinter-2016-2017\\\/webview\\\/tcn_042.jpg\",\"thumb\":\"https:\\\/\\\/bobvarela.com\\\/wp-content\\\/flagallery\\\/tcn-en-el-080-barcelona-fashion-fallwinter-2016-2017\\\/thumbs\\\/thumbs_tcn_042.jpg\",\"file\":\"tcn_042.jpg\",\"meta\":{\"aperture\":false,\"credit\":false,\"camera\":false,\"caption\":\"Ready to Wear Fall\\\/Winter 2016-2017\",\"created_timestamp\":\"February 1, 2016 8:22 pm\",\"copyright\":\"\\u00c2\\u00a9 2016 Estrop-Barcelona PHOTOGRAPH FOR EDITORIAL USE ONLY\",\"focal_length\":false,\"iso\":false,\"shutter_speed\":false,\"flash\":false,\"title\":\"Ready to Wear Fall\\\/Winter 2016-2017\",\"keywords\":\"Fall\\\/Winter 2016-2017,Ready to Wear\",\"width\":667,\"height\":1000,\"saved\":true,\"thumbnail\":{\"width\":220,\"height\":220,\"ewww_image_optimizer\":\"Reduced by 9.5% (2.8&nbsp;kB)\"},\"webview\":{\"0\":667,\"1\":1000,\"2\":2,\"3\":\"width=\\\"667\\\" height=\\\"1000\\\"\",\"bits\":8,\"channels\":3,\"mime\":\"image\\\/jpeg\",\"ewww_image_optimizer\":\"Reduced by 4.6% (4.5&nbsp;kB) - Previously Optimized\"},\"0\":false,\"ewww_image_optimizer\":\"Reduced by 5.5% (9.7&nbsp;kB)\",\"views\":\"6\",\"likes\":\"0\"},\"title\":\"Ready to Wear Fall\\\/Winter 2016-2017\",\"description\":\"<p>Ready to Wear Fall\\\/Winter 2016-2017<\\\/p>\",\"link\":null,\"link_target\":\"\",\"download\":\"https:\\\/\\\/bobvarela.com\\\/wp-content\\\/flagallery\\\/tcn-en-el-080-barcelona-fashion-fallwinter-2016-2017\\\/tcn_042.jpg\",\"ratio\":0.6670000000000000373034936274052597582340240478515625},{\"id\":\"22820\",\"image\":\"https:\\\/\\\/bobvarela.com\\\/wp-content\\\/flagallery\\\/tcn-en-el-080-barcelona-fashion-fallwinter-2016-2017\\\/webview\\\/tcn_043.jpg\",\"thumb\":\"https:\\\/\\\/bobvarela.com\\\/wp-content\\\/flagallery\\\/tcn-en-el-080-barcelona-fashion-fallwinter-2016-2017\\\/thumbs\\\/thumbs_tcn_043.jpg\",\"file\":\"tcn_043.jpg\",\"meta\":{\"aperture\":false,\"credit\":false,\"camera\":false,\"caption\":\"Ready to Wear Fall\\\/Winter 2016-2017\",\"created_timestamp\":\"February 1, 2016 8:22 pm\",\"copyright\":\"\\u00c2\\u00a9 2016 Estrop-Barcelona PHOTOGRAPH FOR EDITORIAL USE ONLY\",\"focal_length\":false,\"iso\":false,\"shutter_speed\":false,\"flash\":false,\"title\":\"Ready to Wear Fall\\\/Winter 2016-2017\",\"keywords\":\"Fall\\\/Winter 2016-2017,Ready to Wear\",\"width\":667,\"height\":1000,\"saved\":true,\"thumbnail\":{\"width\":220,\"height\":220,\"ewww_image_optimizer\":\"Reduced by 11.5% (3.9&nbsp;kB)\"},\"webview\":{\"0\":667,\"1\":1000,\"2\":2,\"3\":\"width=\\\"667\\\" height=\\\"1000\\\"\",\"bits\":8,\"channels\":3,\"mime\":\"image\\\/jpeg\",\"ewww_image_optimizer\":\"Reduced by 5.2% (6.8&nbsp;kB) - Previously Optimized\"},\"0\":false,\"ewww_image_optimizer\":\"Reduced by 5.7% (10.2&nbsp;kB)\",\"views\":\"5\",\"likes\":\"0\"},\"title\":\"Ready to Wear Fall\\\/Winter 2016-2017\",\"description\":\"<p>Ready to Wear Fall\\\/Winter 2016-2017<\\\/p>\",\"link\":null,\"link_target\":\"\",\"download\":\"https:\\\/\\\/bobvarela.com\\\/wp-content\\\/flagallery\\\/tcn-en-el-080-barcelona-fashion-fallwinter-2016-2017\\\/tcn_043.jpg\",\"ratio\":0.6670000000000000373034936274052597582340240478515625},{\"id\":\"22821\",\"image\":\"https:\\\/\\\/bobvarela.com\\\/wp-content\\\/flagallery\\\/tcn-en-el-080-barcelona-fashion-fallwinter-2016-2017\\\/webview\\\/tcn_044.jpg\",\"thumb\":\"https:\\\/\\\/bobvarela.com\\\/wp-content\\\/flagallery\\\/tcn-en-el-080-barcelona-fashion-fallwinter-2016-2017\\\/thumbs\\\/thumbs_tcn_044.jpg\",\"file\":\"tcn_044.jpg\",\"meta\":{\"aperture\":false,\"credit\":false,\"camera\":false,\"caption\":\"Ready to Wear Fall\\\/Winter 2016-2017\",\"created_timestamp\":\"February 1, 2016 8:22 pm\",\"copyright\":\"\\u00c2\\u00a9 2016 Estrop-Barcelona PHOTOGRAPH FOR EDITORIAL USE ONLY\",\"focal_length\":false,\"iso\":false,\"shutter_speed\":false,\"flash\":false,\"title\":\"Ready to Wear Fall\\\/Winter 2016-2017\",\"keywords\":\"Fall\\\/Winter 2016-2017,Ready to Wear\",\"width\":667,\"height\":1000,\"saved\":true,\"thumbnail\":{\"width\":220,\"height\":220,\"ewww_image_optimizer\":\"Reduced by 11.0% (4.0&nbsp;kB)\"},\"webview\":{\"0\":667,\"1\":1000,\"2\":2,\"3\":\"width=\\\"667\\\" height=\\\"1000\\\"\",\"bits\":8,\"channels\":3,\"mime\":\"image\\\/jpeg\",\"ewww_image_optimizer\":\"Reduced by 5.7% (7.9&nbsp;kB) - Previously Optimized\"},\"0\":false,\"ewww_image_optimizer\":\"Reduced by 6.7% (11.0&nbsp;kB)\",\"views\":\"5\",\"likes\":\"0\"},\"title\":\"Ready to Wear Fall\\\/Winter 2016-2017\",\"description\":\"<p>Ready to Wear Fall\\\/Winter 2016-2017<\\\/p>\",\"link\":null,\"link_target\":\"\",\"download\":\"https:\\\/\\\/bobvarela.com\\\/wp-content\\\/flagallery\\\/tcn-en-el-080-barcelona-fashion-fallwinter-2016-2017\\\/tcn_044.jpg\",\"ratio\":0.6670000000000000373034936274052597582340240478515625},{\"id\":\"22822\",\"image\":\"https:\\\/\\\/bobvarela.com\\\/wp-content\\\/flagallery\\\/tcn-en-el-080-barcelona-fashion-fallwinter-2016-2017\\\/webview\\\/tcn_045.jpg\",\"thumb\":\"https:\\\/\\\/bobvarela.com\\\/wp-content\\\/flagallery\\\/tcn-en-el-080-barcelona-fashion-fallwinter-2016-2017\\\/thumbs\\\/thumbs_tcn_045.jpg\",\"file\":\"tcn_045.jpg\",\"meta\":{\"aperture\":false,\"credit\":false,\"camera\":false,\"caption\":\"Ready to Wear Fall\\\/Winter 2016-2017\",\"created_timestamp\":\"February 1, 2016 8:22 pm\",\"copyright\":\"\\u00c2\\u00a9 2016 Estrop-Barcelona PHOTOGRAPH FOR EDITORIAL USE ONLY\",\"focal_length\":false,\"iso\":false,\"shutter_speed\":false,\"flash\":false,\"title\":\"Ready to Wear Fall\\\/Winter 2016-2017\",\"keywords\":\"Fall\\\/Winter 2016-2017,Ready to Wear\",\"width\":667,\"height\":1000,\"saved\":true,\"thumbnail\":{\"width\":220,\"height\":220,\"ewww_image_optimizer\":\"Reduced by 11.7% (3.8&nbsp;kB)\"},\"webview\":{\"0\":667,\"1\":1000,\"2\":2,\"3\":\"width=\\\"667\\\" height=\\\"1000\\\"\",\"bits\":8,\"channels\":3,\"mime\":\"image\\\/jpeg\",\"ewww_image_optimizer\":\"Reduced by 6.2% (7.1&nbsp;kB) - Previously Optimized\"},\"0\":false,\"ewww_image_optimizer\":\"Reduced by 5.9% (9.4&nbsp;kB)\",\"views\":\"4\",\"likes\":\"0\"},\"title\":\"Ready to Wear Fall\\\/Winter 2016-2017\",\"description\":\"<p>Ready to Wear Fall\\\/Winter 2016-2017<\\\/p>\",\"link\":null,\"link_target\":\"\",\"download\":\"https:\\\/\\\/bobvarela.com\\\/wp-content\\\/flagallery\\\/tcn-en-el-080-barcelona-fashion-fallwinter-2016-2017\\\/tcn_045.jpg\",\"ratio\":0.6670000000000000373034936274052597582340240478515625},{\"id\":\"22823\",\"image\":\"https:\\\/\\\/bobvarela.com\\\/wp-content\\\/flagallery\\\/tcn-en-el-080-barcelona-fashion-fallwinter-2016-2017\\\/webview\\\/tcn_046.jpg\",\"thumb\":\"https:\\\/\\\/bobvarela.com\\\/wp-content\\\/flagallery\\\/tcn-en-el-080-barcelona-fashion-fallwinter-2016-2017\\\/thumbs\\\/thumbs_tcn_046.jpg\",\"file\":\"tcn_046.jpg\",\"meta\":{\"aperture\":false,\"credit\":false,\"camera\":false,\"caption\":\"Ready to Wear Fall\\\/Winter 2016-2017\",\"created_timestamp\":\"February 1, 2016 8:22 pm\",\"copyright\":\"\\u00c2\\u00a9 2016 Estrop-Barcelona PHOTOGRAPH FOR EDITORIAL USE ONLY\",\"focal_length\":false,\"iso\":false,\"shutter_speed\":false,\"flash\":false,\"title\":\"Ready to Wear Fall\\\/Winter 2016-2017\",\"keywords\":\"Fall\\\/Winter 2016-2017,Ready to Wear\",\"width\":667,\"height\":1000,\"saved\":true,\"thumbnail\":{\"width\":220,\"height\":220,\"ewww_image_optimizer\":\"Reduced by 13.7% (5.4&nbsp;kB)\"},\"webview\":{\"0\":667,\"1\":1000,\"2\":2,\"3\":\"width=\\\"667\\\" height=\\\"1000\\\"\",\"bits\":8,\"channels\":3,\"mime\":\"image\\\/jpeg\",\"ewww_image_optimizer\":\"Reduced by 7.5% (10.6&nbsp;kB) - Previously Optimized\"},\"0\":false,\"ewww_image_optimizer\":\"Reduced by 6.1% (11.8&nbsp;kB)\",\"views\":\"3\",\"likes\":\"0\"},\"title\":\"Ready to Wear Fall\\\/Winter 2016-2017\",\"description\":\"<p>Ready to Wear Fall\\\/Winter 2016-2017<\\\/p>\",\"link\":null,\"link_target\":\"\",\"download\":\"https:\\\/\\\/bobvarela.com\\\/wp-content\\\/flagallery\\\/tcn-en-el-080-barcelona-fashion-fallwinter-2016-2017\\\/tcn_046.jpg\",\"ratio\":0.6670000000000000373034936274052597582340240478515625},{\"id\":\"22824\",\"image\":\"https:\\\/\\\/bobvarela.com\\\/wp-content\\\/flagallery\\\/tcn-en-el-080-barcelona-fashion-fallwinter-2016-2017\\\/webview\\\/tcn_047.jpg\",\"thumb\":\"https:\\\/\\\/bobvarela.com\\\/wp-content\\\/flagallery\\\/tcn-en-el-080-barcelona-fashion-fallwinter-2016-2017\\\/thumbs\\\/thumbs_tcn_047.jpg\",\"file\":\"tcn_047.jpg\",\"meta\":{\"aperture\":false,\"credit\":false,\"camera\":false,\"caption\":\"Ready to Wear Fall\\\/Winter 2016-2017\",\"created_timestamp\":\"February 1, 2016 8:22 pm\",\"copyright\":\"\\u00c2\\u00a9 2016 Estrop-Barcelona PHOTOGRAPH FOR EDITORIAL USE ONLY\",\"focal_length\":false,\"iso\":false,\"shutter_speed\":false,\"flash\":false,\"title\":\"Ready to Wear Fall\\\/Winter 2016-2017\",\"keywords\":\"Fall\\\/Winter 2016-2017,Ready to Wear\",\"width\":667,\"height\":1000,\"saved\":true,\"thumbnail\":{\"width\":220,\"height\":220,\"ewww_image_optimizer\":\"Reduced by 8.4% (2.5&nbsp;kB)\"},\"webview\":{\"0\":667,\"1\":1000,\"2\":2,\"3\":\"width=\\\"667\\\" height=\\\"1000\\\"\",\"bits\":8,\"channels\":3,\"mime\":\"image\\\/jpeg\",\"ewww_image_optimizer\":\"Reduced by 5.6% (6.3&nbsp;kB) - Previously Optimized\"},\"0\":false,\"ewww_image_optimizer\":\"Reduced by 5.3% (8.2&nbsp;kB)\",\"views\":\"3\",\"likes\":\"0\"},\"title\":\"Ready to Wear Fall\\\/Winter 2016-2017\",\"description\":\"<p>Ready to Wear Fall\\\/Winter 2016-2017<\\\/p>\",\"link\":null,\"link_target\":\"\",\"download\":\"https:\\\/\\\/bobvarela.com\\\/wp-content\\\/flagallery\\\/tcn-en-el-080-barcelona-fashion-fallwinter-2016-2017\\\/tcn_047.jpg\",\"ratio\":0.6670000000000000373034936274052597582340240478515625},{\"id\":\"22825\",\"image\":\"https:\\\/\\\/bobvarela.com\\\/wp-content\\\/flagallery\\\/tcn-en-el-080-barcelona-fashion-fallwinter-2016-2017\\\/webview\\\/tcn_048.jpg\",\"thumb\":\"https:\\\/\\\/bobvarela.com\\\/wp-content\\\/flagallery\\\/tcn-en-el-080-barcelona-fashion-fallwinter-2016-2017\\\/thumbs\\\/thumbs_tcn_048.jpg\",\"file\":\"tcn_048.jpg\",\"meta\":{\"aperture\":false,\"credit\":false,\"camera\":false,\"caption\":\"Ready to Wear Fall\\\/Winter 2016-2017\",\"created_timestamp\":\"February 1, 2016 8:22 pm\",\"copyright\":\"\\u00c2\\u00a9 2016 Estrop-Barcelona PHOTOGRAPH FOR EDITORIAL USE ONLY\",\"focal_length\":false,\"iso\":false,\"shutter_speed\":false,\"flash\":false,\"title\":\"Ready to Wear Fall\\\/Winter 2016-2017\",\"keywords\":\"Fall\\\/Winter 2016-2017,Ready to Wear\",\"width\":667,\"height\":1000,\"saved\":true,\"thumbnail\":{\"width\":220,\"height\":220,\"ewww_image_optimizer\":\"Reduced by 9.0% (3.0&nbsp;kB)\"},\"webview\":{\"0\":667,\"1\":1000,\"2\":2,\"3\":\"width=\\\"667\\\" height=\\\"1000\\\"\",\"bits\":8,\"channels\":3,\"mime\":\"image\\\/jpeg\",\"ewww_image_optimizer\":\"Reduced by 6.3% (7.2&nbsp;kB) - Previously Optimized\"},\"0\":false,\"ewww_image_optimizer\":\"Reduced by 5.2% (8.4&nbsp;kB)\",\"views\":\"2\",\"likes\":\"0\"},\"title\":\"Ready to Wear Fall\\\/Winter 2016-2017\",\"description\":\"<p>Ready to Wear Fall\\\/Winter 2016-2017<\\\/p>\",\"link\":null,\"link_target\":\"\",\"download\":\"https:\\\/\\\/bobvarela.com\\\/wp-content\\\/flagallery\\\/tcn-en-el-080-barcelona-fashion-fallwinter-2016-2017\\\/tcn_048.jpg\",\"ratio\":0.6670000000000000373034936274052597582340240478515625},{\"id\":\"22826\",\"image\":\"https:\\\/\\\/bobvarela.com\\\/wp-content\\\/flagallery\\\/tcn-en-el-080-barcelona-fashion-fallwinter-2016-2017\\\/webview\\\/tcn_049.jpg\",\"thumb\":\"https:\\\/\\\/bobvarela.com\\\/wp-content\\\/flagallery\\\/tcn-en-el-080-barcelona-fashion-fallwinter-2016-2017\\\/thumbs\\\/thumbs_tcn_049.jpg\",\"file\":\"tcn_049.jpg\",\"meta\":{\"aperture\":false,\"credit\":false,\"camera\":false,\"caption\":\"Ready to Wear Fall\\\/Winter 2016-2017\",\"created_timestamp\":\"February 1, 2016 8:23 pm\",\"copyright\":\"\\u00c2\\u00a9 2016 Estrop-Barcelona PHOTOGRAPH FOR EDITORIAL USE ONLY\",\"focal_length\":false,\"iso\":false,\"shutter_speed\":false,\"flash\":false,\"title\":\"Ready to Wear Fall\\\/Winter 2016-2017\",\"keywords\":\"Fall\\\/Winter 2016-2017,Ready to Wear\",\"width\":667,\"height\":1000,\"saved\":true,\"thumbnail\":{\"width\":220,\"height\":220,\"ewww_image_optimizer\":\"Reduced by 9.6% (3.0&nbsp;kB)\"},\"webview\":{\"0\":667,\"1\":1000,\"2\":2,\"3\":\"width=\\\"667\\\" height=\\\"1000\\\"\",\"bits\":8,\"channels\":3,\"mime\":\"image\\\/jpeg\",\"ewww_image_optimizer\":\"Reduced by 6.1% (7.4&nbsp;kB) - Previously Optimized\"},\"0\":false,\"ewww_image_optimizer\":\"Reduced by 5.5% (9.4&nbsp;kB)\",\"views\":\"4\",\"likes\":\"0\"},\"title\":\"Ready to Wear Fall\\\/Winter 2016-2017\",\"description\":\"<p>Ready to Wear Fall\\\/Winter 2016-2017<\\\/p>\",\"link\":null,\"link_target\":\"\",\"download\":\"https:\\\/\\\/bobvarela.com\\\/wp-content\\\/flagallery\\\/tcn-en-el-080-barcelona-fashion-fallwinter-2016-2017\\\/tcn_049.jpg\",\"ratio\":0.6670000000000000373034936274052597582340240478515625},{\"id\":\"22827\",\"image\":\"https:\\\/\\\/bobvarela.com\\\/wp-content\\\/flagallery\\\/tcn-en-el-080-barcelona-fashion-fallwinter-2016-2017\\\/webview\\\/tcn_050.jpg\",\"thumb\":\"https:\\\/\\\/bobvarela.com\\\/wp-content\\\/flagallery\\\/tcn-en-el-080-barcelona-fashion-fallwinter-2016-2017\\\/thumbs\\\/thumbs_tcn_050.jpg\",\"file\":\"tcn_050.jpg\",\"meta\":{\"aperture\":false,\"credit\":false,\"camera\":false,\"caption\":\"Ready to Wear Fall\\\/Winter 2016-2017\",\"created_timestamp\":\"February 1, 2016 8:23 pm\",\"copyright\":\"\\u00c2\\u00a9 2016 Estrop-Barcelona PHOTOGRAPH FOR EDITORIAL USE ONLY\",\"focal_length\":false,\"iso\":false,\"shutter_speed\":false,\"flash\":false,\"title\":\"Ready to Wear Fall\\\/Winter 2016-2017\",\"keywords\":\"Fall\\\/Winter 2016-2017,Ready to Wear\",\"width\":667,\"height\":1000,\"saved\":true,\"thumbnail\":{\"width\":220,\"height\":220,\"ewww_image_optimizer\":\"Reduced by 11.2% (4.1&nbsp;kB)\"},\"webview\":{\"0\":667,\"1\":1000,\"2\":2,\"3\":\"width=\\\"667\\\" height=\\\"1000\\\"\",\"bits\":8,\"channels\":3,\"mime\":\"image\\\/jpeg\",\"ewww_image_optimizer\":\"Reduced by 6.7% (9.3&nbsp;kB) - Previously Optimized\"},\"0\":false,\"ewww_image_optimizer\":\"Reduced by 5.2% (9.9&nbsp;kB)\",\"views\":\"3\",\"likes\":\"0\"},\"title\":\"Ready to Wear Fall\\\/Winter 2016-2017\",\"description\":\"<p>Ready to Wear Fall\\\/Winter 2016-2017<\\\/p>\",\"link\":null,\"link_target\":\"\",\"download\":\"https:\\\/\\\/bobvarela.com\\\/wp-content\\\/flagallery\\\/tcn-en-el-080-barcelona-fashion-fallwinter-2016-2017\\\/tcn_050.jpg\",\"ratio\":0.6670000000000000373034936274052597582340240478515625},{\"id\":\"22828\",\"image\":\"https:\\\/\\\/bobvarela.com\\\/wp-content\\\/flagallery\\\/tcn-en-el-080-barcelona-fashion-fallwinter-2016-2017\\\/webview\\\/tcn_051.jpg\",\"thumb\":\"https:\\\/\\\/bobvarela.com\\\/wp-content\\\/flagallery\\\/tcn-en-el-080-barcelona-fashion-fallwinter-2016-2017\\\/thumbs\\\/thumbs_tcn_051.jpg\",\"file\":\"tcn_051.jpg\",\"meta\":{\"aperture\":false,\"credit\":false,\"camera\":false,\"caption\":\"Ready to Wear Fall\\\/Winter 2016-2017\",\"created_timestamp\":\"February 1, 2016 8:23 pm\",\"copyright\":\"\\u00c2\\u00a9 2016 Estrop-Barcelona PHOTOGRAPH FOR EDITORIAL USE ONLY\",\"focal_length\":false,\"iso\":false,\"shutter_speed\":false,\"flash\":false,\"title\":\"Ready to Wear Fall\\\/Winter 2016-2017\",\"keywords\":\"Fall\\\/Winter 2016-2017,Ready to Wear\",\"width\":667,\"height\":1000,\"saved\":true,\"thumbnail\":{\"width\":220,\"height\":220,\"ewww_image_optimizer\":\"Reduced by 12.1% (5.6&nbsp;kB)\"},\"webview\":{\"0\":667,\"1\":1000,\"2\":2,\"3\":\"width=\\\"667\\\" height=\\\"1000\\\"\",\"bits\":8,\"channels\":3,\"mime\":\"image\\\/jpeg\",\"ewww_image_optimizer\":\"Reduced by 5.7% (8.2&nbsp;kB) - Previously Optimized\"},\"0\":false,\"ewww_image_optimizer\":\"Reduced by 4.9% (8.1&nbsp;kB)\",\"views\":\"3\",\"likes\":\"0\"},\"title\":\"Ready to Wear Fall\\\/Winter 2016-2017\",\"description\":\"<p>Ready to Wear Fall\\\/Winter 2016-2017<\\\/p>\",\"link\":null,\"link_target\":\"\",\"download\":\"https:\\\/\\\/bobvarela.com\\\/wp-content\\\/flagallery\\\/tcn-en-el-080-barcelona-fashion-fallwinter-2016-2017\\\/tcn_051.jpg\",\"ratio\":0.6670000000000000373034936274052597582340240478515625},{\"id\":\"22829\",\"image\":\"https:\\\/\\\/bobvarela.com\\\/wp-content\\\/flagallery\\\/tcn-en-el-080-barcelona-fashion-fallwinter-2016-2017\\\/webview\\\/tcn_052.jpg\",\"thumb\":\"https:\\\/\\\/bobvarela.com\\\/wp-content\\\/flagallery\\\/tcn-en-el-080-barcelona-fashion-fallwinter-2016-2017\\\/thumbs\\\/thumbs_tcn_052.jpg\",\"file\":\"tcn_052.jpg\",\"meta\":{\"aperture\":false,\"credit\":false,\"camera\":false,\"caption\":\"Ready to Wear Fall\\\/Winter 2016-2017\",\"created_timestamp\":\"February 1, 2016 8:23 pm\",\"copyright\":\"\\u00c2\\u00a9 2016 Estrop-Barcelona PHOTOGRAPH FOR EDITORIAL USE ONLY\",\"focal_length\":false,\"iso\":false,\"shutter_speed\":false,\"flash\":false,\"title\":\"Ready to Wear Fall\\\/Winter 2016-2017\",\"keywords\":\"Fall\\\/Winter 2016-2017,Ready to Wear\",\"width\":667,\"height\":1000,\"saved\":true,\"thumbnail\":{\"width\":220,\"height\":220,\"ewww_image_optimizer\":\"Reduced by 9.5% (2.9&nbsp;kB)\"},\"webview\":{\"0\":667,\"1\":1000,\"2\":2,\"3\":\"width=\\\"667\\\" height=\\\"1000\\\"\",\"bits\":8,\"channels\":3,\"mime\":\"image\\\/jpeg\",\"ewww_image_optimizer\":\"Reduced by 5.2% (5.9&nbsp;kB) - Previously Optimized\"},\"0\":false,\"ewww_image_optimizer\":\"Reduced by 4.8% (7.8&nbsp;kB)\",\"views\":\"2\",\"likes\":\"0\"},\"title\":\"Ready to Wear Fall\\\/Winter 2016-2017\",\"description\":\"<p>Ready to Wear Fall\\\/Winter 2016-2017<\\\/p>\",\"link\":null,\"link_target\":\"\",\"download\":\"https:\\\/\\\/bobvarela.com\\\/wp-content\\\/flagallery\\\/tcn-en-el-080-barcelona-fashion-fallwinter-2016-2017\\\/tcn_052.jpg\",\"ratio\":0.6670000000000000373034936274052597582340240478515625},{\"id\":\"22830\",\"image\":\"https:\\\/\\\/bobvarela.com\\\/wp-content\\\/flagallery\\\/tcn-en-el-080-barcelona-fashion-fallwinter-2016-2017\\\/webview\\\/tcn_053.jpg\",\"thumb\":\"https:\\\/\\\/bobvarela.com\\\/wp-content\\\/flagallery\\\/tcn-en-el-080-barcelona-fashion-fallwinter-2016-2017\\\/thumbs\\\/thumbs_tcn_053.jpg\",\"file\":\"tcn_053.jpg\",\"meta\":{\"aperture\":false,\"credit\":false,\"camera\":false,\"caption\":\"Ready to Wear Fall\\\/Winter 2016-2017\",\"created_timestamp\":\"February 1, 2016 8:23 pm\",\"copyright\":\"\\u00c2\\u00a9 2016 Estrop-Barcelona PHOTOGRAPH FOR EDITORIAL USE ONLY\",\"focal_length\":false,\"iso\":false,\"shutter_speed\":false,\"flash\":false,\"title\":\"Ready to Wear Fall\\\/Winter 2016-2017\",\"keywords\":\"Fall\\\/Winter 2016-2017,Ready to Wear\",\"width\":667,\"height\":1000,\"saved\":true,\"thumbnail\":{\"width\":220,\"height\":220,\"ewww_image_optimizer\":\"Reduced by 8.9% (2.7&nbsp;kB)\"},\"webview\":{\"0\":667,\"1\":1000,\"2\":2,\"3\":\"width=\\\"667\\\" height=\\\"1000\\\"\",\"bits\":8,\"channels\":3,\"mime\":\"image\\\/jpeg\",\"ewww_image_optimizer\":\"Reduced by 6.1% (6.8&nbsp;kB) - Previously Optimized\"},\"0\":false,\"ewww_image_optimizer\":\"Reduced by 4.9% (7.9&nbsp;kB)\",\"views\":\"2\",\"likes\":\"0\"},\"title\":\"Ready to Wear Fall\\\/Winter 2016-2017\",\"description\":\"<p>Ready to Wear Fall\\\/Winter 2016-2017<\\\/p>\",\"link\":null,\"link_target\":\"\",\"download\":\"https:\\\/\\\/bobvarela.com\\\/wp-content\\\/flagallery\\\/tcn-en-el-080-barcelona-fashion-fallwinter-2016-2017\\\/tcn_053.jpg\",\"ratio\":0.6670000000000000373034936274052597582340240478515625},{\"id\":\"22831\",\"image\":\"https:\\\/\\\/bobvarela.com\\\/wp-content\\\/flagallery\\\/tcn-en-el-080-barcelona-fashion-fallwinter-2016-2017\\\/webview\\\/tcn_054.jpg\",\"thumb\":\"https:\\\/\\\/bobvarela.com\\\/wp-content\\\/flagallery\\\/tcn-en-el-080-barcelona-fashion-fallwinter-2016-2017\\\/thumbs\\\/thumbs_tcn_054.jpg\",\"file\":\"tcn_054.jpg\",\"meta\":{\"aperture\":false,\"credit\":false,\"camera\":false,\"caption\":\"Ready to Wear Fall\\\/Winter 2016-2017\",\"created_timestamp\":\"February 1, 2016 8:23 pm\",\"copyright\":\"\\u00c2\\u00a9 2016 Estrop-Barcelona PHOTOGRAPH FOR EDITORIAL USE ONLY\",\"focal_length\":false,\"iso\":false,\"shutter_speed\":false,\"flash\":false,\"title\":\"Ready to Wear Fall\\\/Winter 2016-2017\",\"keywords\":\"Fall\\\/Winter 2016-2017,Ready to Wear\",\"width\":667,\"height\":1000,\"saved\":true,\"thumbnail\":{\"width\":220,\"height\":220,\"ewww_image_optimizer\":\"Reduced by 11.2% (3.6&nbsp;kB)\"},\"webview\":{\"0\":667,\"1\":1000,\"2\":2,\"3\":\"width=\\\"667\\\" height=\\\"1000\\\"\",\"bits\":8,\"channels\":3,\"mime\":\"image\\\/jpeg\",\"ewww_image_optimizer\":\"Reduced by 6.3% (7.3&nbsp;kB) - Previously Optimized\"},\"0\":false,\"ewww_image_optimizer\":\"Reduced by 5.9% (10.4&nbsp;kB)\",\"views\":\"4\",\"likes\":\"0\"},\"title\":\"Ready to Wear Fall\\\/Winter 2016-2017\",\"description\":\"<p>Ready to Wear Fall\\\/Winter 2016-2017<\\\/p>\",\"link\":null,\"link_target\":\"\",\"download\":\"https:\\\/\\\/bobvarela.com\\\/wp-content\\\/flagallery\\\/tcn-en-el-080-barcelona-fashion-fallwinter-2016-2017\\\/tcn_054.jpg\",\"ratio\":0.6670000000000000373034936274052597582340240478515625},{\"id\":\"22832\",\"image\":\"https:\\\/\\\/bobvarela.com\\\/wp-content\\\/flagallery\\\/tcn-en-el-080-barcelona-fashion-fallwinter-2016-2017\\\/webview\\\/tcn_055.jpg\",\"thumb\":\"https:\\\/\\\/bobvarela.com\\\/wp-content\\\/flagallery\\\/tcn-en-el-080-barcelona-fashion-fallwinter-2016-2017\\\/thumbs\\\/thumbs_tcn_055.jpg\",\"file\":\"tcn_055.jpg\",\"meta\":{\"aperture\":false,\"credit\":false,\"camera\":false,\"caption\":\"Ready to Wear Fall\\\/Winter 2016-2017\",\"created_timestamp\":\"February 1, 2016 8:23 pm\",\"copyright\":\"\\u00c2\\u00a9 2016 Estrop-Barcelona PHOTOGRAPH FOR EDITORIAL USE ONLY\",\"focal_length\":false,\"iso\":false,\"shutter_speed\":false,\"flash\":false,\"title\":\"Ready to Wear Fall\\\/Winter 2016-2017\",\"keywords\":\"Fall\\\/Winter 2016-2017,Ready to Wear\",\"width\":667,\"height\":1000,\"saved\":true,\"thumbnail\":{\"width\":220,\"height\":220,\"ewww_image_optimizer\":\"Reduced by 15.6% (6.6&nbsp;kB)\"},\"webview\":{\"0\":667,\"1\":1000,\"2\":2,\"3\":\"width=\\\"667\\\" height=\\\"1000\\\"\",\"bits\":8,\"channels\":3,\"mime\":\"image\\\/jpeg\",\"ewww_image_optimizer\":\"Reduced by 6.8% (10.0&nbsp;kB) - Previously Optimized\"},\"0\":false,\"ewww_image_optimizer\":\"Reduced by 7.4% (14.1&nbsp;kB)\",\"views\":\"4\",\"likes\":\"0\"},\"title\":\"Ready to Wear Fall\\\/Winter 2016-2017\",\"description\":\"<p>Ready to Wear Fall\\\/Winter 2016-2017<\\\/p>\",\"link\":null,\"link_target\":\"\",\"download\":\"https:\\\/\\\/bobvarela.com\\\/wp-content\\\/flagallery\\\/tcn-en-el-080-barcelona-fashion-fallwinter-2016-2017\\\/tcn_055.jpg\",\"ratio\":0.6670000000000000373034936274052597582340240478515625},{\"id\":\"22833\",\"image\":\"https:\\\/\\\/bobvarela.com\\\/wp-content\\\/flagallery\\\/tcn-en-el-080-barcelona-fashion-fallwinter-2016-2017\\\/webview\\\/tcn_056.jpg\",\"thumb\":\"https:\\\/\\\/bobvarela.com\\\/wp-content\\\/flagallery\\\/tcn-en-el-080-barcelona-fashion-fallwinter-2016-2017\\\/thumbs\\\/thumbs_tcn_056.jpg\",\"file\":\"tcn_056.jpg\",\"meta\":{\"aperture\":false,\"credit\":false,\"camera\":false,\"caption\":\"Ready to Wear Fall\\\/Winter 2016-2017\",\"created_timestamp\":\"February 1, 2016 8:24 pm\",\"copyright\":\"\\u00c2\\u00a9 2016 Estrop-Barcelona PHOTOGRAPH FOR EDITORIAL USE ONLY\",\"focal_length\":false,\"iso\":false,\"shutter_speed\":false,\"flash\":false,\"title\":\"Ready to Wear Fall\\\/Winter 2016-2017\",\"keywords\":\"Fall\\\/Winter 2016-2017,Ready to Wear\",\"width\":667,\"height\":1000,\"saved\":true,\"thumbnail\":{\"width\":220,\"height\":220,\"ewww_image_optimizer\":\"Reduced by 9.5% (2.9&nbsp;kB)\"},\"webview\":{\"0\":667,\"1\":1000,\"2\":2,\"3\":\"width=\\\"667\\\" height=\\\"1000\\\"\",\"bits\":8,\"channels\":3,\"mime\":\"image\\\/jpeg\",\"ewww_image_optimizer\":\"Reduced by 4.7% (4.2&nbsp;kB) - Previously Optimized\"},\"0\":false,\"ewww_image_optimizer\":\"Reduced by 5.5% (9.7&nbsp;kB)\",\"views\":\"5\",\"likes\":\"0\"},\"title\":\"Ready to Wear Fall\\\/Winter 2016-2017\",\"description\":\"<p>Ready to Wear Fall\\\/Winter 2016-2017<\\\/p>\",\"link\":null,\"link_target\":\"\",\"download\":\"https:\\\/\\\/bobvarela.com\\\/wp-content\\\/flagallery\\\/tcn-en-el-080-barcelona-fashion-fallwinter-2016-2017\\\/tcn_056.jpg\",\"ratio\":0.6670000000000000373034936274052597582340240478515625},{\"id\":\"22834\",\"image\":\"https:\\\/\\\/bobvarela.com\\\/wp-content\\\/flagallery\\\/tcn-en-el-080-barcelona-fashion-fallwinter-2016-2017\\\/webview\\\/tcn_057.jpg\",\"thumb\":\"https:\\\/\\\/bobvarela.com\\\/wp-content\\\/flagallery\\\/tcn-en-el-080-barcelona-fashion-fallwinter-2016-2017\\\/thumbs\\\/thumbs_tcn_057.jpg\",\"file\":\"tcn_057.jpg\",\"meta\":{\"aperture\":false,\"credit\":false,\"camera\":false,\"caption\":\"Ready to Wear Fall\\\/Winter 2016-2017\",\"created_timestamp\":\"February 1, 2016 8:24 pm\",\"copyright\":\"\\u00c2\\u00a9 2016 Estrop-Barcelona PHOTOGRAPH FOR EDITORIAL USE ONLY\",\"focal_length\":false,\"iso\":false,\"shutter_speed\":false,\"flash\":false,\"title\":\"Ready to Wear Fall\\\/Winter 2016-2017\",\"keywords\":\"Fall\\\/Winter 2016-2017,Ready to Wear\",\"width\":667,\"height\":1000,\"saved\":true,\"thumbnail\":{\"width\":220,\"height\":220,\"ewww_image_optimizer\":\"Reduced by 13.3% (5.6&nbsp;kB)\"},\"webview\":{\"0\":667,\"1\":1000,\"2\":2,\"3\":\"width=\\\"667\\\" height=\\\"1000\\\"\",\"bits\":8,\"channels\":3,\"mime\":\"image\\\/jpeg\",\"ewww_image_optimizer\":\"Reduced by 7.0% (9.1&nbsp;kB) - Previously Optimized\"},\"0\":false,\"ewww_image_optimizer\":\"Reduced by 5.5% (10.4&nbsp;kB)\",\"views\":\"6\",\"likes\":\"0\"},\"title\":\"Ready to Wear Fall\\\/Winter 2016-2017\",\"description\":\"<p>Ready to Wear Fall\\\/Winter 2016-2017<\\\/p>\",\"link\":null,\"link_target\":\"\",\"download\":\"https:\\\/\\\/bobvarela.com\\\/wp-content\\\/flagallery\\\/tcn-en-el-080-barcelona-fashion-fallwinter-2016-2017\\\/tcn_057.jpg\",\"ratio\":0.6670000000000000373034936274052597582340240478515625},{\"id\":\"22835\",\"image\":\"https:\\\/\\\/bobvarela.com\\\/wp-content\\\/flagallery\\\/tcn-en-el-080-barcelona-fashion-fallwinter-2016-2017\\\/webview\\\/tcn_058.jpg\",\"thumb\":\"https:\\\/\\\/bobvarela.com\\\/wp-content\\\/flagallery\\\/tcn-en-el-080-barcelona-fashion-fallwinter-2016-2017\\\/thumbs\\\/thumbs_tcn_058.jpg\",\"file\":\"tcn_058.jpg\",\"meta\":{\"aperture\":false,\"credit\":false,\"camera\":false,\"caption\":\"Ready to Wear Fall\\\/Winter 2016-2017\",\"created_timestamp\":\"February 1, 2016 8:24 pm\",\"copyright\":\"\\u00c2\\u00a9 2016 Estrop-Barcelona PHOTOGRAPH FOR EDITORIAL USE ONLY\",\"focal_length\":false,\"iso\":false,\"shutter_speed\":false,\"flash\":false,\"title\":\"Ready to Wear Fall\\\/Winter 2016-2017\",\"keywords\":\"Fall\\\/Winter 2016-2017,Ready to Wear\",\"width\":667,\"height\":1000,\"saved\":true,\"thumbnail\":{\"width\":220,\"height\":220,\"ewww_image_optimizer\":\"Reduced by 9.5% (4.3&nbsp;kB)\"},\"webview\":{\"0\":667,\"1\":1000,\"2\":2,\"3\":\"width=\\\"667\\\" height=\\\"1000\\\"\",\"bits\":8,\"channels\":3,\"mime\":\"image\\\/jpeg\",\"ewww_image_optimizer\":\"Reduced by 5.0% (6.7&nbsp;kB) - Previously Optimized\"},\"0\":false,\"ewww_image_optimizer\":\"Reduced by 4.6% (7.1&nbsp;kB)\",\"views\":\"5\",\"likes\":\"0\"},\"title\":\"Ready to Wear Fall\\\/Winter 2016-2017\",\"description\":\"<p>Ready to Wear Fall\\\/Winter 2016-2017<\\\/p>\",\"link\":null,\"link_target\":\"\",\"download\":\"https:\\\/\\\/bobvarela.com\\\/wp-content\\\/flagallery\\\/tcn-en-el-080-barcelona-fashion-fallwinter-2016-2017\\\/tcn_058.jpg\",\"ratio\":0.6670000000000000373034936274052597582340240478515625},{\"id\":\"22836\",\"image\":\"https:\\\/\\\/bobvarela.com\\\/wp-content\\\/flagallery\\\/tcn-en-el-080-barcelona-fashion-fallwinter-2016-2017\\\/webview\\\/tcn_059.jpg\",\"thumb\":\"https:\\\/\\\/bobvarela.com\\\/wp-content\\\/flagallery\\\/tcn-en-el-080-barcelona-fashion-fallwinter-2016-2017\\\/thumbs\\\/thumbs_tcn_059.jpg\",\"file\":\"tcn_059.jpg\",\"meta\":{\"aperture\":false,\"credit\":false,\"camera\":false,\"caption\":\"Ready to Wear Fall\\\/Winter 2016-2017\",\"created_timestamp\":\"February 1, 2016 8:24 pm\",\"copyright\":\"\\u00c2\\u00a9 2016 Estrop-Barcelona PHOTOGRAPH FOR EDITORIAL USE ONLY\",\"focal_length\":false,\"iso\":false,\"shutter_speed\":false,\"flash\":false,\"title\":\"Ready to Wear Fall\\\/Winter 2016-2017\",\"keywords\":\"Fall\\\/Winter 2016-2017,Ready to Wear\",\"width\":667,\"height\":1000,\"saved\":true,\"thumbnail\":{\"width\":220,\"height\":220,\"ewww_image_optimizer\":\"Reduced by 11.0% (3.5&nbsp;kB)\"},\"webview\":{\"0\":667,\"1\":1000,\"2\":2,\"3\":\"width=\\\"667\\\" height=\\\"1000\\\"\",\"bits\":8,\"channels\":3,\"mime\":\"image\\\/jpeg\",\"ewww_image_optimizer\":\"Reduced by 6.5% (7.7&nbsp;kB) - Previously Optimized\"},\"0\":false,\"ewww_image_optimizer\":\"Reduced by 5.9% (9.6&nbsp;kB)\",\"views\":\"3\",\"likes\":\"0\"},\"title\":\"Ready to Wear Fall\\\/Winter 2016-2017\",\"description\":\"<p>Ready to Wear Fall\\\/Winter 2016-2017<\\\/p>\",\"link\":null,\"link_target\":\"\",\"download\":\"https:\\\/\\\/bobvarela.com\\\/wp-content\\\/flagallery\\\/tcn-en-el-080-barcelona-fashion-fallwinter-2016-2017\\\/tcn_059.jpg\",\"ratio\":0.6670000000000000373034936274052597582340240478515625},{\"id\":\"22837\",\"image\":\"https:\\\/\\\/bobvarela.com\\\/wp-content\\\/flagallery\\\/tcn-en-el-080-barcelona-fashion-fallwinter-2016-2017\\\/webview\\\/tcn_060.jpg\",\"thumb\":\"https:\\\/\\\/bobvarela.com\\\/wp-content\\\/flagallery\\\/tcn-en-el-080-barcelona-fashion-fallwinter-2016-2017\\\/thumbs\\\/thumbs_tcn_060.jpg\",\"file\":\"tcn_060.jpg\",\"meta\":{\"aperture\":false,\"credit\":false,\"camera\":false,\"caption\":\"Ready to Wear Fall\\\/Winter 2016-2017\",\"created_timestamp\":\"February 1, 2016 8:24 pm\",\"copyright\":\"\\u00c2\\u00a9 2016 Estrop-Barcelona PHOTOGRAPH FOR EDITORIAL USE ONLY\",\"focal_length\":false,\"iso\":false,\"shutter_speed\":false,\"flash\":false,\"title\":\"Ready to Wear Fall\\\/Winter 2016-2017\",\"keywords\":\"Fall\\\/Winter 2016-2017,Ready to Wear\",\"width\":667,\"height\":1000,\"saved\":true,\"thumbnail\":{\"width\":220,\"height\":220,\"ewww_image_optimizer\":\"Reduced by 16.1% (7.6&nbsp;kB)\"},\"webview\":{\"0\":667,\"1\":1000,\"2\":2,\"3\":\"width=\\\"667\\\" height=\\\"1000\\\"\",\"bits\":8,\"channels\":3,\"mime\":\"image\\\/jpeg\",\"ewww_image_optimizer\":\"Reduced by 7.2% (11.7&nbsp;kB) - Previously Optimized\"},\"0\":false,\"ewww_image_optimizer\":\"Reduced by 6.5% (12.4&nbsp;kB)\",\"views\":\"5\",\"likes\":\"0\"},\"title\":\"Ready to Wear Fall\\\/Winter 2016-2017\",\"description\":\"<p>Ready to Wear Fall\\\/Winter 2016-2017<\\\/p>\",\"link\":null,\"link_target\":\"\",\"download\":\"https:\\\/\\\/bobvarela.com\\\/wp-content\\\/flagallery\\\/tcn-en-el-080-barcelona-fashion-fallwinter-2016-2017\\\/tcn_060.jpg\",\"ratio\":0.6670000000000000373034936274052597582340240478515625}]}; var container = $('#FlaGallery_sc1_321'); container.photomania(settings, content); window.FlaGallery_sc1_321 = container.data('photomania'); }); <\/script><\/div><noscript id=\"noscript_FlaGallery_sc1_321\"><img class=\"skip-lazy no-lazyload noLazy\" data-lazy-src=\"\" src =\"https:\/\/bobvarela.com\/wp-content\/flagallery\/tcn-en-el-080-barcelona-fashion-fallwinter-2016-2017\/tcn_001.jpg\" alt=\"Ready to Wear Fall\/Winter 2016-2017\" \/><img class=\"skip-lazy no-lazyload noLazy\" data-lazy-src=\"\" src =\"https:\/\/bobvarela.com\/wp-content\/flagallery\/tcn-en-el-080-barcelona-fashion-fallwinter-2016-2017\/tcn_002.jpg\" alt=\"Ready to Wear Fall\/Winter 2016-2017\" \/><img class=\"skip-lazy no-lazyload noLazy\" data-lazy-src=\"\" src =\"https:\/\/bobvarela.com\/wp-content\/flagallery\/tcn-en-el-080-barcelona-fashion-fallwinter-2016-2017\/tcn_003.jpg\" alt=\"Ready to Wear Fall\/Winter 2016-2017\" \/><img class=\"skip-lazy no-lazyload noLazy\" data-lazy-src=\"\" src =\"https:\/\/bobvarela.com\/wp-content\/flagallery\/tcn-en-el-080-barcelona-fashion-fallwinter-2016-2017\/tcn_004.jpg\" alt=\"Ready to Wear Fall\/Winter 2016-2017\" \/><img class=\"skip-lazy no-lazyload noLazy\" data-lazy-src=\"\" src =\"https:\/\/bobvarela.com\/wp-content\/flagallery\/tcn-en-el-080-barcelona-fashion-fallwinter-2016-2017\/tcn_005.jpg\" alt=\"Ready to Wear Fall\/Winter 2016-2017\" \/><img class=\"skip-lazy no-lazyload noLazy\" data-lazy-src=\"\" src =\"https:\/\/bobvarela.com\/wp-content\/flagallery\/tcn-en-el-080-barcelona-fashion-fallwinter-2016-2017\/tcn_006.jpg\" alt=\"Ready to Wear Fall\/Winter 2016-2017\" \/><img class=\"skip-lazy no-lazyload noLazy\" data-lazy-src=\"\" src =\"https:\/\/bobvarela.com\/wp-content\/flagallery\/tcn-en-el-080-barcelona-fashion-fallwinter-2016-2017\/tcn_007.jpg\" alt=\"Ready to Wear Fall\/Winter 2016-2017\" \/><img class=\"skip-lazy no-lazyload noLazy\" data-lazy-src=\"\" src =\"https:\/\/bobvarela.com\/wp-content\/flagallery\/tcn-en-el-080-barcelona-fashion-fallwinter-2016-2017\/tcn_008.jpg\" alt=\"Ready to Wear Fall\/Winter 2016-2017\" \/><img class=\"skip-lazy no-lazyload noLazy\" data-lazy-src=\"\" src =\"https:\/\/bobvarela.com\/wp-content\/flagallery\/tcn-en-el-080-barcelona-fashion-fallwinter-2016-2017\/tcn_009.jpg\" alt=\"Ready to Wear Fall\/Winter 2016-2017\" \/><img class=\"skip-lazy no-lazyload noLazy\" data-lazy-src=\"\" src =\"https:\/\/bobvarela.com\/wp-content\/flagallery\/tcn-en-el-080-barcelona-fashion-fallwinter-2016-2017\/tcn_010.jpg\" alt=\"Ready to Wear Fall\/Winter 2016-2017\" \/><img class=\"skip-lazy no-lazyload noLazy\" data-lazy-src=\"\" src =\"https:\/\/bobvarela.com\/wp-content\/flagallery\/tcn-en-el-080-barcelona-fashion-fallwinter-2016-2017\/tcn_011.jpg\" alt=\"Ready to Wear Fall\/Winter 2016-2017\" \/><img class=\"skip-lazy no-lazyload noLazy\" data-lazy-src=\"\" src =\"https:\/\/bobvarela.com\/wp-content\/flagallery\/tcn-en-el-080-barcelona-fashion-fallwinter-2016-2017\/tcn_012.jpg\" alt=\"Ready to Wear Fall\/Winter 2016-2017\" \/><img class=\"skip-lazy no-lazyload noLazy\" data-lazy-src=\"\" src =\"https:\/\/bobvarela.com\/wp-content\/flagallery\/tcn-en-el-080-barcelona-fashion-fallwinter-2016-2017\/tcn_013.jpg\" alt=\"Ready to Wear Fall\/Winter 2016-2017\" \/><img class=\"skip-lazy no-lazyload noLazy\" data-lazy-src=\"\" src =\"https:\/\/bobvarela.com\/wp-content\/flagallery\/tcn-en-el-080-barcelona-fashion-fallwinter-2016-2017\/tcn_014.jpg\" alt=\"Ready to Wear Fall\/Winter 2016-2017\" \/><img class=\"skip-lazy no-lazyload noLazy\" data-lazy-src=\"\" src =\"https:\/\/bobvarela.com\/wp-content\/flagallery\/tcn-en-el-080-barcelona-fashion-fallwinter-2016-2017\/tcn_015.jpg\" alt=\"Ready to Wear Fall\/Winter 2016-2017\" \/><img class=\"skip-lazy no-lazyload noLazy\" data-lazy-src=\"\" src =\"https:\/\/bobvarela.com\/wp-content\/flagallery\/tcn-en-el-080-barcelona-fashion-fallwinter-2016-2017\/tcn_016.jpg\" alt=\"Ready to Wear Fall\/Winter 2016-2017\" \/><img class=\"skip-lazy no-lazyload noLazy\" data-lazy-src=\"\" src =\"https:\/\/bobvarela.com\/wp-content\/flagallery\/tcn-en-el-080-barcelona-fashion-fallwinter-2016-2017\/tcn_017.jpg\" alt=\"Ready to Wear Fall\/Winter 2016-2017\" \/><img class=\"skip-lazy no-lazyload noLazy\" data-lazy-src=\"\" src =\"https:\/\/bobvarela.com\/wp-content\/flagallery\/tcn-en-el-080-barcelona-fashion-fallwinter-2016-2017\/tcn_018.jpg\" alt=\"Ready to Wear Fall\/Winter 2016-2017\" \/><img class=\"skip-lazy no-lazyload noLazy\" data-lazy-src=\"\" src =\"https:\/\/bobvarela.com\/wp-content\/flagallery\/tcn-en-el-080-barcelona-fashion-fallwinter-2016-2017\/tcn_019.jpg\" alt=\"Ready to Wear Fall\/Winter 2016-2017\" \/><img class=\"skip-lazy no-lazyload noLazy\" data-lazy-src=\"\" src =\"https:\/\/bobvarela.com\/wp-content\/flagallery\/tcn-en-el-080-barcelona-fashion-fallwinter-2016-2017\/tcn_020.jpg\" alt=\"Ready to Wear Fall\/Winter 2016-2017\" \/><img class=\"skip-lazy no-lazyload noLazy\" data-lazy-src=\"\" src =\"https:\/\/bobvarela.com\/wp-content\/flagallery\/tcn-en-el-080-barcelona-fashion-fallwinter-2016-2017\/tcn_021.jpg\" alt=\"Ready to Wear Fall\/Winter 2016-2017\" \/><img class=\"skip-lazy no-lazyload noLazy\" data-lazy-src=\"\" src =\"https:\/\/bobvarela.com\/wp-content\/flagallery\/tcn-en-el-080-barcelona-fashion-fallwinter-2016-2017\/tcn_022.jpg\" alt=\"Ready to Wear Fall\/Winter 2016-2017\" \/><img class=\"skip-lazy no-lazyload noLazy\" data-lazy-src=\"\" src =\"https:\/\/bobvarela.com\/wp-content\/flagallery\/tcn-en-el-080-barcelona-fashion-fallwinter-2016-2017\/tcn_023.jpg\" alt=\"Ready to Wear Fall\/Winter 2016-2017\" \/><img class=\"skip-lazy no-lazyload noLazy\" data-lazy-src=\"\" src =\"https:\/\/bobvarela.com\/wp-content\/flagallery\/tcn-en-el-080-barcelona-fashion-fallwinter-2016-2017\/tcn_024.jpg\" alt=\"Ready to Wear Fall\/Winter 2016-2017\" \/><img class=\"skip-lazy no-lazyload noLazy\" data-lazy-src=\"\" src =\"https:\/\/bobvarela.com\/wp-content\/flagallery\/tcn-en-el-080-barcelona-fashion-fallwinter-2016-2017\/tcn_025.jpg\" alt=\"Ready to Wear Fall\/Winter 2016-2017\" \/><img class=\"skip-lazy no-lazyload noLazy\" data-lazy-src=\"\" src =\"https:\/\/bobvarela.com\/wp-content\/flagallery\/tcn-en-el-080-barcelona-fashion-fallwinter-2016-2017\/tcn_026.jpg\" alt=\"Ready to Wear Fall\/Winter 2016-2017\" \/><img class=\"skip-lazy no-lazyload noLazy\" data-lazy-src=\"\" src =\"https:\/\/bobvarela.com\/wp-content\/flagallery\/tcn-en-el-080-barcelona-fashion-fallwinter-2016-2017\/tcn_027.jpg\" alt=\"Ready to Wear Fall\/Winter 2016-2017\" \/><img class=\"skip-lazy no-lazyload noLazy\" data-lazy-src=\"\" src =\"https:\/\/bobvarela.com\/wp-content\/flagallery\/tcn-en-el-080-barcelona-fashion-fallwinter-2016-2017\/tcn_028.jpg\" alt=\"Ready to Wear Fall\/Winter 2016-2017\" \/><img class=\"skip-lazy no-lazyload noLazy\" data-lazy-src=\"\" src =\"https:\/\/bobvarela.com\/wp-content\/flagallery\/tcn-en-el-080-barcelona-fashion-fallwinter-2016-2017\/tcn_029.jpg\" alt=\"Ready to Wear Fall\/Winter 2016-2017\" \/><img class=\"skip-lazy no-lazyload noLazy\" data-lazy-src=\"\" src =\"https:\/\/bobvarela.com\/wp-content\/flagallery\/tcn-en-el-080-barcelona-fashion-fallwinter-2016-2017\/tcn_030.jpg\" alt=\"Ready to Wear Fall\/Winter 2016-2017\" \/><img class=\"skip-lazy no-lazyload noLazy\" data-lazy-src=\"\" src =\"https:\/\/bobvarela.com\/wp-content\/flagallery\/tcn-en-el-080-barcelona-fashion-fallwinter-2016-2017\/tcn_031.jpg\" alt=\"Ready to Wear Fall\/Winter 2016-2017\" \/><img class=\"skip-lazy no-lazyload noLazy\" data-lazy-src=\"\" src =\"https:\/\/bobvarela.com\/wp-content\/flagallery\/tcn-en-el-080-barcelona-fashion-fallwinter-2016-2017\/tcn_032.jpg\" alt=\"Ready to Wear Fall\/Winter 2016-2017\" \/><img class=\"skip-lazy no-lazyload noLazy\" data-lazy-src=\"\" src =\"https:\/\/bobvarela.com\/wp-content\/flagallery\/tcn-en-el-080-barcelona-fashion-fallwinter-2016-2017\/tcn_033.jpg\" alt=\"Ready to Wear Fall\/Winter 2016-2017\" \/><img class=\"skip-lazy no-lazyload noLazy\" data-lazy-src=\"\" src =\"https:\/\/bobvarela.com\/wp-content\/flagallery\/tcn-en-el-080-barcelona-fashion-fallwinter-2016-2017\/tcn_034.jpg\" alt=\"Ready to Wear Fall\/Winter 2016-2017\" \/><img class=\"skip-lazy no-lazyload noLazy\" data-lazy-src=\"\" src =\"https:\/\/bobvarela.com\/wp-content\/flagallery\/tcn-en-el-080-barcelona-fashion-fallwinter-2016-2017\/tcn_035.jpg\" alt=\"Ready to Wear Fall\/Winter 2016-2017\" \/><img class=\"skip-lazy no-lazyload noLazy\" data-lazy-src=\"\" src =\"https:\/\/bobvarela.com\/wp-content\/flagallery\/tcn-en-el-080-barcelona-fashion-fallwinter-2016-2017\/tcn_036.jpg\" alt=\"Ready to Wear Fall\/Winter 2016-2017\" \/><img class=\"skip-lazy no-lazyload noLazy\" data-lazy-src=\"\" src =\"https:\/\/bobvarela.com\/wp-content\/flagallery\/tcn-en-el-080-barcelona-fashion-fallwinter-2016-2017\/tcn_037.jpg\" alt=\"Ready to Wear Fall\/Winter 2016-2017\" \/><img class=\"skip-lazy no-lazyload noLazy\" data-lazy-src=\"\" src =\"https:\/\/bobvarela.com\/wp-content\/flagallery\/tcn-en-el-080-barcelona-fashion-fallwinter-2016-2017\/tcn_038.jpg\" alt=\"Ready to Wear Fall\/Winter 2016-2017\" \/><img class=\"skip-lazy no-lazyload noLazy\" data-lazy-src=\"\" src =\"https:\/\/bobvarela.com\/wp-content\/flagallery\/tcn-en-el-080-barcelona-fashion-fallwinter-2016-2017\/tcn_039.jpg\" alt=\"Ready to Wear Fall\/Winter 2016-2017\" \/><img class=\"skip-lazy no-lazyload noLazy\" data-lazy-src=\"\" src =\"https:\/\/bobvarela.com\/wp-content\/flagallery\/tcn-en-el-080-barcelona-fashion-fallwinter-2016-2017\/tcn_040.jpg\" alt=\"Ready to Wear Fall\/Winter 2016-2017\" \/><img class=\"skip-lazy no-lazyload noLazy\" data-lazy-src=\"\" src =\"https:\/\/bobvarela.com\/wp-content\/flagallery\/tcn-en-el-080-barcelona-fashion-fallwinter-2016-2017\/tcn_041.jpg\" alt=\"Ready to Wear Fall\/Winter 2016-2017\" \/><img class=\"skip-lazy no-lazyload noLazy\" data-lazy-src=\"\" src =\"https:\/\/bobvarela.com\/wp-content\/flagallery\/tcn-en-el-080-barcelona-fashion-fallwinter-2016-2017\/tcn_042.jpg\" alt=\"Ready to Wear Fall\/Winter 2016-2017\" \/><img class=\"skip-lazy no-lazyload noLazy\" data-lazy-src=\"\" src =\"https:\/\/bobvarela.com\/wp-content\/flagallery\/tcn-en-el-080-barcelona-fashion-fallwinter-2016-2017\/tcn_043.jpg\" alt=\"Ready to Wear Fall\/Winter 2016-2017\" \/><img class=\"skip-lazy no-lazyload noLazy\" data-lazy-src=\"\" src =\"https:\/\/bobvarela.com\/wp-content\/flagallery\/tcn-en-el-080-barcelona-fashion-fallwinter-2016-2017\/tcn_044.jpg\" alt=\"Ready to Wear Fall\/Winter 2016-2017\" \/><img class=\"skip-lazy no-lazyload noLazy\" data-lazy-src=\"\" src =\"https:\/\/bobvarela.com\/wp-content\/flagallery\/tcn-en-el-080-barcelona-fashion-fallwinter-2016-2017\/tcn_045.jpg\" alt=\"Ready to Wear Fall\/Winter 2016-2017\" \/><img class=\"skip-lazy no-lazyload noLazy\" data-lazy-src=\"\" src =\"https:\/\/bobvarela.com\/wp-content\/flagallery\/tcn-en-el-080-barcelona-fashion-fallwinter-2016-2017\/tcn_046.jpg\" alt=\"Ready to Wear Fall\/Winter 2016-2017\" \/><img class=\"skip-lazy no-lazyload noLazy\" data-lazy-src=\"\" src =\"https:\/\/bobvarela.com\/wp-content\/flagallery\/tcn-en-el-080-barcelona-fashion-fallwinter-2016-2017\/tcn_047.jpg\" alt=\"Ready to Wear Fall\/Winter 2016-2017\" \/><img class=\"skip-lazy no-lazyload noLazy\" data-lazy-src=\"\" src =\"https:\/\/bobvarela.com\/wp-content\/flagallery\/tcn-en-el-080-barcelona-fashion-fallwinter-2016-2017\/tcn_048.jpg\" alt=\"Ready to Wear Fall\/Winter 2016-2017\" \/><img class=\"skip-lazy no-lazyload noLazy\" data-lazy-src=\"\" src =\"https:\/\/bobvarela.com\/wp-content\/flagallery\/tcn-en-el-080-barcelona-fashion-fallwinter-2016-2017\/tcn_049.jpg\" alt=\"Ready to Wear Fall\/Winter 2016-2017\" \/><img class=\"skip-lazy no-lazyload noLazy\" data-lazy-src=\"\" src =\"https:\/\/bobvarela.com\/wp-content\/flagallery\/tcn-en-el-080-barcelona-fashion-fallwinter-2016-2017\/tcn_050.jpg\" alt=\"Ready to Wear Fall\/Winter 2016-2017\" \/><img class=\"skip-lazy no-lazyload noLazy\" data-lazy-src=\"\" src =\"https:\/\/bobvarela.com\/wp-content\/flagallery\/tcn-en-el-080-barcelona-fashion-fallwinter-2016-2017\/tcn_051.jpg\" alt=\"Ready to Wear Fall\/Winter 2016-2017\" \/><img class=\"skip-lazy no-lazyload noLazy\" data-lazy-src=\"\" src =\"https:\/\/bobvarela.com\/wp-content\/flagallery\/tcn-en-el-080-barcelona-fashion-fallwinter-2016-2017\/tcn_052.jpg\" alt=\"Ready to Wear Fall\/Winter 2016-2017\" \/><img class=\"skip-lazy no-lazyload noLazy\" data-lazy-src=\"\" src =\"https:\/\/bobvarela.com\/wp-content\/flagallery\/tcn-en-el-080-barcelona-fashion-fallwinter-2016-2017\/tcn_053.jpg\" alt=\"Ready to Wear Fall\/Winter 2016-2017\" \/><img class=\"skip-lazy no-lazyload noLazy\" data-lazy-src=\"\" src =\"https:\/\/bobvarela.com\/wp-content\/flagallery\/tcn-en-el-080-barcelona-fashion-fallwinter-2016-2017\/tcn_054.jpg\" alt=\"Ready to Wear Fall\/Winter 2016-2017\" \/><img class=\"skip-lazy no-lazyload noLazy\" data-lazy-src=\"\" src =\"https:\/\/bobvarela.com\/wp-content\/flagallery\/tcn-en-el-080-barcelona-fashion-fallwinter-2016-2017\/tcn_055.jpg\" alt=\"Ready to Wear Fall\/Winter 2016-2017\" \/><img class=\"skip-lazy no-lazyload noLazy\" data-lazy-src=\"\" src =\"https:\/\/bobvarela.com\/wp-content\/flagallery\/tcn-en-el-080-barcelona-fashion-fallwinter-2016-2017\/tcn_056.jpg\" alt=\"Ready to Wear Fall\/Winter 2016-2017\" \/><img class=\"skip-lazy no-lazyload noLazy\" data-lazy-src=\"\" src =\"https:\/\/bobvarela.com\/wp-content\/flagallery\/tcn-en-el-080-barcelona-fashion-fallwinter-2016-2017\/tcn_057.jpg\" alt=\"Ready to Wear Fall\/Winter 2016-2017\" \/><img class=\"skip-lazy no-lazyload noLazy\" data-lazy-src=\"\" src =\"https:\/\/bobvarela.com\/wp-content\/flagallery\/tcn-en-el-080-barcelona-fashion-fallwinter-2016-2017\/tcn_058.jpg\" alt=\"Ready to Wear Fall\/Winter 2016-2017\" \/><img class=\"skip-lazy no-lazyload noLazy\" data-lazy-src=\"\" src =\"https:\/\/bobvarela.com\/wp-content\/flagallery\/tcn-en-el-080-barcelona-fashion-fallwinter-2016-2017\/tcn_059.jpg\" alt=\"Ready to Wear Fall\/Winter 2016-2017\" \/><img class=\"skip-lazy no-lazyload noLazy\" data-lazy-src=\"\" src =\"https:\/\/bobvarela.com\/wp-content\/flagallery\/tcn-en-el-080-barcelona-fashion-fallwinter-2016-2017\/tcn_060.jpg\" alt=\"Ready to Wear Fall\/Winter 2016-2017\" \/><\/noscript> <\/p>\n<p align=\"justify\">Fotos cortesia de 080 BARCELONA FASHION <\/p>\n","protected":false},"excerpt":{"rendered":"<p>La colecci\u00f3n de oto\u00f1o-invierno de TCN 2016 -2017 marca un hito en la historia de la marca. El pr\u00eat-\u00e0-porter es el protagonista de la colecci\u00f3n, pero la corseter\u00eda y la lencer\u00eda se entremezclan una vez m\u00e1s haciendo de la fusi\u00f3n&hellip;<\/p>\n<p class=\"more-link-p\"><a class=\"more-link\" href=\"https:\/\/bobvarela.com\/?p=91818\">Read more &rarr;<\/a><\/p>\n","protected":false},"author":1,"featured_media":0,"comment_status":"open","ping_status":"open","sticky":false,"template":"","format":"standard","meta":{"ngg_post_thumbnail":0,"footnotes":""},"categories":[478,4],"tags":[],"class_list":["post-91818","post","type-post","status-publish","format-standard","hentry","category-080-barcelona","category-moda"],"_links":{"self":[{"href":"https:\/\/bobvarela.com\/index.php?rest_route=\/wp\/v2\/posts\/91818","targetHints":{"allow":["GET"]}}],"collection":[{"href":"https:\/\/bobvarela.com\/index.php?rest_route=\/wp\/v2\/posts"}],"about":[{"href":"https:\/\/bobvarela.com\/index.php?rest_route=\/wp\/v2\/types\/post"}],"author":[{"embeddable":true,"href":"https:\/\/bobvarela.com\/index.php?rest_route=\/wp\/v2\/users\/1"}],"replies":[{"embeddable":true,"href":"https:\/\/bobvarela.com\/index.php?rest_route=%2Fwp%2Fv2%2Fcomments&post=91818"}],"version-history":[{"count":1,"href":"https:\/\/bobvarela.com\/index.php?rest_route=\/wp\/v2\/posts\/91818\/revisions"}],"predecessor-version":[{"id":91819,"href":"https:\/\/bobvarela.com\/index.php?rest_route=\/wp\/v2\/posts\/91818\/revisions\/91819"}],"wp:attachment":[{"href":"https:\/\/bobvarela.com\/index.php?rest_route=%2Fwp%2Fv2%2Fmedia&parent=91818"}],"wp:term":[{"taxonomy":"category","embeddable":true,"href":"https:\/\/bobvarela.com\/index.php?rest_route=%2Fwp%2Fv2%2Fcategories&post=91818"},{"taxonomy":"post_tag","embeddable":true,"href":"https:\/\/bobvarela.com\/index.php?rest_route=%2Fwp%2Fv2%2Ftags&post=91818"}],"curies":[{"name":"wp","href":"https:\/\/api.w.org\/{rel}","templated":true}]}}