{"id":91822,"date":"2016-02-02T19:01:40","date_gmt":"2016-02-02T23:01:40","guid":{"rendered":"https:\/\/bobvarela.com\/?p=91822"},"modified":"2016-02-02T19:01:40","modified_gmt":"2016-02-02T23:01:40","slug":"pablo-erroz-en-el-080-barcelona-fashion-fallwinter-2016-2017","status":"publish","type":"post","link":"https:\/\/bobvarela.com\/?p=91822","title":{"rendered":"Pablo Erroz en el 080 BARCELONA FASHION Fall\/Winter 2016-2017"},"content":{"rendered":"<h6 align=\"center\"><font size=\"4\">COLECCI\u00d3N &#8211; Perception<\/font><\/h6>\n<p align=\"justify\"><font size=\"3\">+L\u00edneas: oversize, relajado, estructurado, sastre, 70&#8217;s VS 80&#8217;s.<\/font><\/p>\n<p align=\"justify\"><font size=\"3\">+Materiales: Napa, cordero, bambula, lanas, viscosas, encaje de algod\u00f3n, tricot, lam\u00e9s, brillantina, PVC.<\/font><\/p>\n<p align=\"justify\"><font size=\"3\">+Colorido: Tangerine Tango, Navy, Junior Grey, Soft Beige, Pirate Black<\/font><\/p>\n<p align=\"justify\"><font size=\"3\">+Mood: Panel en blanco donde nace una selecci\u00f3n espont\u00e1nea y personal, sin pretensiones. La transici\u00f3n art\u00edstica de los 70 y 80, transformaciones sociales ocurridas entre 1976 y 1984, an\u00e1lisis y redefiniciones, concepto = s\u00edntoma, no la causa.<\/font><\/p>\n<div class=\"flagallery photomania_skin\" id=\"FlaGallery_sc1_323\" ><style type=\"text\/css\" class=\"flagallery_skin_style_import\">#FlaGallery_sc1_323 .flagpm_preload {opacity:0;}#FlaGallery_sc1_323 .swiper-big-images img.flagpm_the_photo { max-height:100%; max-width:100%; display:inline; width:auto; height:auto !important; object-fit:unset; vertical-align:middle; border:none; }#FlaGallery_sc1_323 .flagpm_focus .swiper-big-images img.flagpm_the_photo { width:auto; height:auto; object-fit:unset; }#FlaGallery_sc1_323 .swiper-small-images img.flagpm_photo { max-width:none; max-height:none; }#FlaGallery_sc1_323 .swiper-small-images img.flagpm_photo.flagpm_photo_landscape { width:auto; height:100% !important; }#FlaGallery_sc1_323 .swiper-small-images img.flagpm_photo.flagpm_photo_portrait { width:100%; height:auto !important; }#FlaGallery_sc1_323 .flagpm_gallery_sources_list p { margin:7px 0; padding:0; font-size:inherit; }#FlaGallery_sc1_323 .flagpm_photo_details .flagpm_description_wrap a,#FlaGallery_sc1_323 .flagpm_big_button_wrap .flagpm_button.flagpm_like.flagpm_liked,#FlaGallery_sc1_323 .flagpm_big_button_wrap .flagpm_button.flagpm_like.flagpm_liked:hover {color:#0099e5;}#FlaGallery_sc1_323 .flagpm_photo_show .flagpm_big_button {background-color:#0099e5;}#FlaGallery_sc1_323 .swiper-small-images div.flagpm_photo.swiper-slide-active {border-color:#02adea;}#FlaGallery_sc1_323 .flagpm_photo_header .flagpm_name_wrap .flagpm_title_author a:hover,#FlaGallery_sc1_323 .flagpm_photo_details .flagpm_description_wrap a:hover {color:#02adea;}#FlaGallery_sc1_323 .flagpm_photo_show .flagpm_big_button:hover,#FlaGallery_sc1_323 .flagpm_focus_actions ul .flagpm_button.like.flagpm_liked {background-color:#02adea;}<\/style> <div class=\"flagpm_photo_show flagpm_w960 flagpm_w640 flagpm_w480 flagpm_preload\"> <div class=\"flagpm_photo_wrap has_prev_photo has_next_photo\"> <div class=\"swiper-container swiper-big-images\"> <div class=\"flagpm_photo_arrow_next flagpm_photo_arrow flagpm_next\"> <div title=\"Next\" class=\"flagpm_arrow\"><\/div> <\/div> <div class=\"flagpm_photo_arrow_previous flagpm_photo_arrow flagpm_prev\"> <div title=\"Previous\" class=\"flagpm_arrow\"><\/div> <\/div> <div class=\"swiper-wrapper\"><div class=\"swiper-slide\" data-hash=\"flagallery22960\" data-photo-id=\"22960\"><span class=\"flagpm_va\"><\/span><img decoding=\"async\" src=\"https:\/\/bobvarela.com\/wp-content\/flagallery\/pablo-erroz-en-el-080-barcelona-fashion-fallwinter-2016-2017\/webview\/pablo_erroz_001.jpg\" data-src=\"https:\/\/bobvarela.com\/wp-content\/flagallery\/pablo-erroz-en-el-080-barcelona-fashion-fallwinter-2016-2017\/webview\/pablo_erroz_001.jpg\" alt=\"Ready to Wear Fall\/Winter 2016-2017\" class=\"noLazy flagpm_the_photo swiper-lazy\"><div class=\"swiper-lazy-preloader swiper-lazy-preloader-black\"><\/div><\/div><div class=\"swiper-slide\" data-hash=\"flagallery22961\" data-photo-id=\"22961\"><span class=\"flagpm_va\"><\/span><img data-src=\"https:\/\/bobvarela.com\/wp-content\/flagallery\/pablo-erroz-en-el-080-barcelona-fashion-fallwinter-2016-2017\/webview\/pablo_erroz_002.jpg\" alt=\"Ready to Wear Fall\/Winter 2016-2017\" class=\"noLazy flagpm_the_photo swiper-lazy\"><div class=\"swiper-lazy-preloader swiper-lazy-preloader-black\"><\/div><\/div><div class=\"swiper-slide\" data-hash=\"flagallery22962\" data-photo-id=\"22962\"><span class=\"flagpm_va\"><\/span><img data-src=\"https:\/\/bobvarela.com\/wp-content\/flagallery\/pablo-erroz-en-el-080-barcelona-fashion-fallwinter-2016-2017\/webview\/pablo_erroz_003.jpg\" alt=\"Ready to Wear Fall\/Winter 2016-2017\" class=\"noLazy flagpm_the_photo swiper-lazy\"><div class=\"swiper-lazy-preloader swiper-lazy-preloader-black\"><\/div><\/div><div class=\"swiper-slide\" data-hash=\"flagallery22963\" data-photo-id=\"22963\"><span class=\"flagpm_va\"><\/span><img data-src=\"https:\/\/bobvarela.com\/wp-content\/flagallery\/pablo-erroz-en-el-080-barcelona-fashion-fallwinter-2016-2017\/webview\/pablo_erroz_004.jpg\" alt=\"Ready to Wear Fall\/Winter 2016-2017\" class=\"noLazy flagpm_the_photo swiper-lazy\"><div class=\"swiper-lazy-preloader swiper-lazy-preloader-black\"><\/div><\/div><div class=\"swiper-slide\" data-hash=\"flagallery22964\" data-photo-id=\"22964\"><span class=\"flagpm_va\"><\/span><img data-src=\"https:\/\/bobvarela.com\/wp-content\/flagallery\/pablo-erroz-en-el-080-barcelona-fashion-fallwinter-2016-2017\/webview\/pablo_erroz_005.jpg\" alt=\"Ready to Wear Fall\/Winter 2016-2017\" class=\"noLazy flagpm_the_photo swiper-lazy\"><div class=\"swiper-lazy-preloader swiper-lazy-preloader-black\"><\/div><\/div><div class=\"swiper-slide\" data-hash=\"flagallery22965\" data-photo-id=\"22965\"><span class=\"flagpm_va\"><\/span><img data-src=\"https:\/\/bobvarela.com\/wp-content\/flagallery\/pablo-erroz-en-el-080-barcelona-fashion-fallwinter-2016-2017\/webview\/pablo_erroz_006.jpg\" alt=\"Ready to Wear Fall\/Winter 2016-2017\" class=\"noLazy flagpm_the_photo swiper-lazy\"><div class=\"swiper-lazy-preloader swiper-lazy-preloader-black\"><\/div><\/div><div class=\"swiper-slide\" data-hash=\"flagallery22966\" data-photo-id=\"22966\"><span class=\"flagpm_va\"><\/span><img data-src=\"https:\/\/bobvarela.com\/wp-content\/flagallery\/pablo-erroz-en-el-080-barcelona-fashion-fallwinter-2016-2017\/webview\/pablo_erroz_007.jpg\" alt=\"Ready to Wear Fall\/Winter 2016-2017\" class=\"noLazy flagpm_the_photo swiper-lazy\"><div class=\"swiper-lazy-preloader swiper-lazy-preloader-black\"><\/div><\/div><div class=\"swiper-slide\" data-hash=\"flagallery22967\" data-photo-id=\"22967\"><span class=\"flagpm_va\"><\/span><img data-src=\"https:\/\/bobvarela.com\/wp-content\/flagallery\/pablo-erroz-en-el-080-barcelona-fashion-fallwinter-2016-2017\/webview\/pablo_erroz_008.jpg\" alt=\"Ready to Wear Fall\/Winter 2016-2017\" class=\"noLazy flagpm_the_photo swiper-lazy\"><div class=\"swiper-lazy-preloader swiper-lazy-preloader-black\"><\/div><\/div><div class=\"swiper-slide\" data-hash=\"flagallery22968\" data-photo-id=\"22968\"><span class=\"flagpm_va\"><\/span><img data-src=\"https:\/\/bobvarela.com\/wp-content\/flagallery\/pablo-erroz-en-el-080-barcelona-fashion-fallwinter-2016-2017\/webview\/pablo_erroz_009.jpg\" alt=\"Ready to Wear Fall\/Winter 2016-2017\" class=\"noLazy flagpm_the_photo swiper-lazy\"><div class=\"swiper-lazy-preloader swiper-lazy-preloader-black\"><\/div><\/div><div class=\"swiper-slide\" data-hash=\"flagallery22969\" data-photo-id=\"22969\"><span class=\"flagpm_va\"><\/span><img data-src=\"https:\/\/bobvarela.com\/wp-content\/flagallery\/pablo-erroz-en-el-080-barcelona-fashion-fallwinter-2016-2017\/webview\/pablo_erroz_010.jpg\" alt=\"Ready to Wear Fall\/Winter 2016-2017\" class=\"noLazy flagpm_the_photo swiper-lazy\"><div class=\"swiper-lazy-preloader swiper-lazy-preloader-black\"><\/div><\/div><div class=\"swiper-slide\" data-hash=\"flagallery22970\" data-photo-id=\"22970\"><span class=\"flagpm_va\"><\/span><img data-src=\"https:\/\/bobvarela.com\/wp-content\/flagallery\/pablo-erroz-en-el-080-barcelona-fashion-fallwinter-2016-2017\/webview\/pablo_erroz_011.jpg\" alt=\"Ready to Wear Fall\/Winter 2016-2017\" class=\"noLazy flagpm_the_photo swiper-lazy\"><div class=\"swiper-lazy-preloader swiper-lazy-preloader-black\"><\/div><\/div><div class=\"swiper-slide\" data-hash=\"flagallery22971\" data-photo-id=\"22971\"><span class=\"flagpm_va\"><\/span><img data-src=\"https:\/\/bobvarela.com\/wp-content\/flagallery\/pablo-erroz-en-el-080-barcelona-fashion-fallwinter-2016-2017\/webview\/pablo_erroz_012.jpg\" alt=\"Ready to Wear Fall\/Winter 2016-2017\" class=\"noLazy flagpm_the_photo swiper-lazy\"><div class=\"swiper-lazy-preloader swiper-lazy-preloader-black\"><\/div><\/div><div class=\"swiper-slide\" data-hash=\"flagallery22972\" data-photo-id=\"22972\"><span class=\"flagpm_va\"><\/span><img data-src=\"https:\/\/bobvarela.com\/wp-content\/flagallery\/pablo-erroz-en-el-080-barcelona-fashion-fallwinter-2016-2017\/webview\/pablo_erroz_013.jpg\" alt=\"Ready to Wear Fall\/Winter 2016-2017\" class=\"noLazy flagpm_the_photo swiper-lazy\"><div class=\"swiper-lazy-preloader swiper-lazy-preloader-black\"><\/div><\/div><div class=\"swiper-slide\" data-hash=\"flagallery22973\" data-photo-id=\"22973\"><span class=\"flagpm_va\"><\/span><img data-src=\"https:\/\/bobvarela.com\/wp-content\/flagallery\/pablo-erroz-en-el-080-barcelona-fashion-fallwinter-2016-2017\/webview\/pablo_erroz_014.jpg\" alt=\"Ready to Wear Fall\/Winter 2016-2017\" class=\"noLazy flagpm_the_photo swiper-lazy\"><div class=\"swiper-lazy-preloader swiper-lazy-preloader-black\"><\/div><\/div><div class=\"swiper-slide\" data-hash=\"flagallery22974\" data-photo-id=\"22974\"><span class=\"flagpm_va\"><\/span><img data-src=\"https:\/\/bobvarela.com\/wp-content\/flagallery\/pablo-erroz-en-el-080-barcelona-fashion-fallwinter-2016-2017\/webview\/pablo_erroz_015.jpg\" alt=\"Ready to Wear Fall\/Winter 2016-2017\" class=\"noLazy flagpm_the_photo swiper-lazy\"><div class=\"swiper-lazy-preloader swiper-lazy-preloader-black\"><\/div><\/div><div class=\"swiper-slide\" data-hash=\"flagallery22975\" data-photo-id=\"22975\"><span class=\"flagpm_va\"><\/span><img data-src=\"https:\/\/bobvarela.com\/wp-content\/flagallery\/pablo-erroz-en-el-080-barcelona-fashion-fallwinter-2016-2017\/webview\/pablo_erroz_016.jpg\" alt=\"Ready to Wear Fall\/Winter 2016-2017\" class=\"noLazy flagpm_the_photo swiper-lazy\"><div class=\"swiper-lazy-preloader swiper-lazy-preloader-black\"><\/div><\/div><div class=\"swiper-slide\" data-hash=\"flagallery22976\" data-photo-id=\"22976\"><span class=\"flagpm_va\"><\/span><img data-src=\"https:\/\/bobvarela.com\/wp-content\/flagallery\/pablo-erroz-en-el-080-barcelona-fashion-fallwinter-2016-2017\/webview\/pablo_erroz_017.jpg\" alt=\"Ready to Wear Fall\/Winter 2016-2017\" class=\"noLazy flagpm_the_photo swiper-lazy\"><div class=\"swiper-lazy-preloader swiper-lazy-preloader-black\"><\/div><\/div><div class=\"swiper-slide\" data-hash=\"flagallery22977\" data-photo-id=\"22977\"><span class=\"flagpm_va\"><\/span><img data-src=\"https:\/\/bobvarela.com\/wp-content\/flagallery\/pablo-erroz-en-el-080-barcelona-fashion-fallwinter-2016-2017\/webview\/pablo_erroz_018.jpg\" alt=\"Ready to Wear Fall\/Winter 2016-2017\" class=\"noLazy flagpm_the_photo swiper-lazy\"><div class=\"swiper-lazy-preloader swiper-lazy-preloader-black\"><\/div><\/div><div class=\"swiper-slide\" data-hash=\"flagallery22978\" data-photo-id=\"22978\"><span class=\"flagpm_va\"><\/span><img data-src=\"https:\/\/bobvarela.com\/wp-content\/flagallery\/pablo-erroz-en-el-080-barcelona-fashion-fallwinter-2016-2017\/webview\/pablo_erroz_019.jpg\" alt=\"Ready to Wear Fall\/Winter 2016-2017\" class=\"noLazy flagpm_the_photo swiper-lazy\"><div class=\"swiper-lazy-preloader swiper-lazy-preloader-black\"><\/div><\/div><div class=\"swiper-slide\" data-hash=\"flagallery22979\" data-photo-id=\"22979\"><span class=\"flagpm_va\"><\/span><img data-src=\"https:\/\/bobvarela.com\/wp-content\/flagallery\/pablo-erroz-en-el-080-barcelona-fashion-fallwinter-2016-2017\/webview\/pablo_erroz_020.jpg\" alt=\"Ready to Wear Fall\/Winter 2016-2017\" class=\"noLazy flagpm_the_photo swiper-lazy\"><div class=\"swiper-lazy-preloader swiper-lazy-preloader-black\"><\/div><\/div><div class=\"swiper-slide\" data-hash=\"flagallery22980\" data-photo-id=\"22980\"><span class=\"flagpm_va\"><\/span><img data-src=\"https:\/\/bobvarela.com\/wp-content\/flagallery\/pablo-erroz-en-el-080-barcelona-fashion-fallwinter-2016-2017\/webview\/pablo_erroz_021.jpg\" alt=\"Ready to Wear Fall\/Winter 2016-2017\" class=\"noLazy flagpm_the_photo swiper-lazy\"><div class=\"swiper-lazy-preloader swiper-lazy-preloader-black\"><\/div><\/div><div class=\"swiper-slide\" data-hash=\"flagallery22981\" data-photo-id=\"22981\"><span class=\"flagpm_va\"><\/span><img data-src=\"https:\/\/bobvarela.com\/wp-content\/flagallery\/pablo-erroz-en-el-080-barcelona-fashion-fallwinter-2016-2017\/webview\/pablo_erroz_022.jpg\" alt=\"Ready to Wear Fall\/Winter 2016-2017\" class=\"noLazy flagpm_the_photo swiper-lazy\"><div class=\"swiper-lazy-preloader swiper-lazy-preloader-black\"><\/div><\/div><div class=\"swiper-slide\" data-hash=\"flagallery22982\" data-photo-id=\"22982\"><span class=\"flagpm_va\"><\/span><img data-src=\"https:\/\/bobvarela.com\/wp-content\/flagallery\/pablo-erroz-en-el-080-barcelona-fashion-fallwinter-2016-2017\/webview\/pablo_erroz_023.jpg\" alt=\"Ready to Wear Fall\/Winter 2016-2017\" class=\"noLazy flagpm_the_photo swiper-lazy\"><div class=\"swiper-lazy-preloader swiper-lazy-preloader-black\"><\/div><\/div><div class=\"swiper-slide\" data-hash=\"flagallery22983\" data-photo-id=\"22983\"><span class=\"flagpm_va\"><\/span><img data-src=\"https:\/\/bobvarela.com\/wp-content\/flagallery\/pablo-erroz-en-el-080-barcelona-fashion-fallwinter-2016-2017\/webview\/pablo_erroz_024.jpg\" alt=\"Ready to Wear Fall\/Winter 2016-2017\" class=\"noLazy flagpm_the_photo swiper-lazy\"><div class=\"swiper-lazy-preloader swiper-lazy-preloader-black\"><\/div><\/div><div class=\"swiper-slide\" data-hash=\"flagallery22984\" data-photo-id=\"22984\"><span class=\"flagpm_va\"><\/span><img data-src=\"https:\/\/bobvarela.com\/wp-content\/flagallery\/pablo-erroz-en-el-080-barcelona-fashion-fallwinter-2016-2017\/webview\/pablo_erroz_025.jpg\" alt=\"Ready to Wear Fall\/Winter 2016-2017\" class=\"noLazy flagpm_the_photo swiper-lazy\"><div class=\"swiper-lazy-preloader swiper-lazy-preloader-black\"><\/div><\/div><div class=\"swiper-slide\" data-hash=\"flagallery22985\" data-photo-id=\"22985\"><span class=\"flagpm_va\"><\/span><img data-src=\"https:\/\/bobvarela.com\/wp-content\/flagallery\/pablo-erroz-en-el-080-barcelona-fashion-fallwinter-2016-2017\/webview\/pablo_erroz_026.jpg\" alt=\"Ready to Wear Fall\/Winter 2016-2017\" class=\"noLazy flagpm_the_photo swiper-lazy\"><div class=\"swiper-lazy-preloader swiper-lazy-preloader-black\"><\/div><\/div><div class=\"swiper-slide\" data-hash=\"flagallery22986\" data-photo-id=\"22986\"><span class=\"flagpm_va\"><\/span><img data-src=\"https:\/\/bobvarela.com\/wp-content\/flagallery\/pablo-erroz-en-el-080-barcelona-fashion-fallwinter-2016-2017\/webview\/pablo_erroz_027.jpg\" alt=\"Ready to Wear Fall\/Winter 2016-2017\" class=\"noLazy flagpm_the_photo swiper-lazy\"><div class=\"swiper-lazy-preloader swiper-lazy-preloader-black\"><\/div><\/div><div class=\"swiper-slide\" data-hash=\"flagallery22987\" data-photo-id=\"22987\"><span class=\"flagpm_va\"><\/span><img data-src=\"https:\/\/bobvarela.com\/wp-content\/flagallery\/pablo-erroz-en-el-080-barcelona-fashion-fallwinter-2016-2017\/webview\/pablo_erroz_028.jpg\" alt=\"Ready to Wear Fall\/Winter 2016-2017\" class=\"noLazy flagpm_the_photo swiper-lazy\"><div class=\"swiper-lazy-preloader swiper-lazy-preloader-black\"><\/div><\/div><div class=\"swiper-slide\" data-hash=\"flagallery22988\" data-photo-id=\"22988\"><span class=\"flagpm_va\"><\/span><img data-src=\"https:\/\/bobvarela.com\/wp-content\/flagallery\/pablo-erroz-en-el-080-barcelona-fashion-fallwinter-2016-2017\/webview\/pablo_erroz_029.jpg\" alt=\"Ready to Wear Fall\/Winter 2016-2017\" class=\"noLazy flagpm_the_photo swiper-lazy\"><div class=\"swiper-lazy-preloader swiper-lazy-preloader-black\"><\/div><\/div><div class=\"swiper-slide\" data-hash=\"flagallery22989\" data-photo-id=\"22989\"><span class=\"flagpm_va\"><\/span><img data-src=\"https:\/\/bobvarela.com\/wp-content\/flagallery\/pablo-erroz-en-el-080-barcelona-fashion-fallwinter-2016-2017\/webview\/pablo_erroz_030.jpg\" alt=\"Ready to Wear Fall\/Winter 2016-2017\" class=\"noLazy flagpm_the_photo swiper-lazy\"><div class=\"swiper-lazy-preloader swiper-lazy-preloader-black\"><\/div><\/div><div class=\"swiper-slide\" data-hash=\"flagallery22990\" data-photo-id=\"22990\"><span class=\"flagpm_va\"><\/span><img data-src=\"https:\/\/bobvarela.com\/wp-content\/flagallery\/pablo-erroz-en-el-080-barcelona-fashion-fallwinter-2016-2017\/webview\/pablo_erroz_031.jpg\" alt=\"Ready to Wear Fall\/Winter 2016-2017\" class=\"noLazy flagpm_the_photo swiper-lazy\"><div class=\"swiper-lazy-preloader swiper-lazy-preloader-black\"><\/div><\/div><div class=\"swiper-slide\" data-hash=\"flagallery22991\" data-photo-id=\"22991\"><span class=\"flagpm_va\"><\/span><img data-src=\"https:\/\/bobvarela.com\/wp-content\/flagallery\/pablo-erroz-en-el-080-barcelona-fashion-fallwinter-2016-2017\/webview\/pablo_erroz_032.jpg\" alt=\"Ready to Wear Fall\/Winter 2016-2017\" class=\"noLazy flagpm_the_photo swiper-lazy\"><div class=\"swiper-lazy-preloader swiper-lazy-preloader-black\"><\/div><\/div><div class=\"swiper-slide\" data-hash=\"flagallery22992\" data-photo-id=\"22992\"><span class=\"flagpm_va\"><\/span><img data-src=\"https:\/\/bobvarela.com\/wp-content\/flagallery\/pablo-erroz-en-el-080-barcelona-fashion-fallwinter-2016-2017\/webview\/pablo_erroz_033.jpg\" alt=\"Ready to Wear Fall\/Winter 2016-2017\" class=\"noLazy flagpm_the_photo swiper-lazy\"><div class=\"swiper-lazy-preloader swiper-lazy-preloader-black\"><\/div><\/div><div class=\"swiper-slide\" data-hash=\"flagallery22993\" data-photo-id=\"22993\"><span class=\"flagpm_va\"><\/span><img data-src=\"https:\/\/bobvarela.com\/wp-content\/flagallery\/pablo-erroz-en-el-080-barcelona-fashion-fallwinter-2016-2017\/webview\/pablo_erroz_034.jpg\" alt=\"Ready to Wear Fall\/Winter 2016-2017\" class=\"noLazy flagpm_the_photo swiper-lazy\"><div class=\"swiper-lazy-preloader swiper-lazy-preloader-black\"><\/div><\/div><div class=\"swiper-slide\" data-hash=\"flagallery22994\" data-photo-id=\"22994\"><span class=\"flagpm_va\"><\/span><img data-src=\"https:\/\/bobvarela.com\/wp-content\/flagallery\/pablo-erroz-en-el-080-barcelona-fashion-fallwinter-2016-2017\/webview\/pablo_erroz_035.jpg\" alt=\"Ready to Wear Fall\/Winter 2016-2017\" class=\"noLazy flagpm_the_photo swiper-lazy\"><div class=\"swiper-lazy-preloader swiper-lazy-preloader-black\"><\/div><\/div><div class=\"swiper-slide\" data-hash=\"flagallery22995\" data-photo-id=\"22995\"><span class=\"flagpm_va\"><\/span><img data-src=\"https:\/\/bobvarela.com\/wp-content\/flagallery\/pablo-erroz-en-el-080-barcelona-fashion-fallwinter-2016-2017\/webview\/pablo_erroz_036.jpg\" alt=\"Ready to Wear Fall\/Winter 2016-2017\" class=\"noLazy flagpm_the_photo swiper-lazy\"><div class=\"swiper-lazy-preloader swiper-lazy-preloader-black\"><\/div><\/div><div class=\"swiper-slide\" data-hash=\"flagallery22996\" data-photo-id=\"22996\"><span class=\"flagpm_va\"><\/span><img data-src=\"https:\/\/bobvarela.com\/wp-content\/flagallery\/pablo-erroz-en-el-080-barcelona-fashion-fallwinter-2016-2017\/webview\/pablo_erroz_037.jpg\" alt=\"Ready to Wear Fall\/Winter 2016-2017\" class=\"noLazy flagpm_the_photo swiper-lazy\"><div class=\"swiper-lazy-preloader swiper-lazy-preloader-black\"><\/div><\/div><div class=\"swiper-slide\" data-hash=\"flagallery22997\" data-photo-id=\"22997\"><span class=\"flagpm_va\"><\/span><img data-src=\"https:\/\/bobvarela.com\/wp-content\/flagallery\/pablo-erroz-en-el-080-barcelona-fashion-fallwinter-2016-2017\/webview\/pablo_erroz_038.jpg\" alt=\"Ready to Wear Fall\/Winter 2016-2017\" class=\"noLazy flagpm_the_photo swiper-lazy\"><div class=\"swiper-lazy-preloader swiper-lazy-preloader-black\"><\/div><\/div><div class=\"swiper-slide\" data-hash=\"flagallery22998\" data-photo-id=\"22998\"><span class=\"flagpm_va\"><\/span><img data-src=\"https:\/\/bobvarela.com\/wp-content\/flagallery\/pablo-erroz-en-el-080-barcelona-fashion-fallwinter-2016-2017\/webview\/pablo_erroz_039.jpg\" alt=\"Ready to Wear Fall\/Winter 2016-2017\" class=\"noLazy flagpm_the_photo swiper-lazy\"><div class=\"swiper-lazy-preloader swiper-lazy-preloader-black\"><\/div><\/div><div class=\"swiper-slide\" data-hash=\"flagallery22999\" data-photo-id=\"22999\"><span class=\"flagpm_va\"><\/span><img data-src=\"https:\/\/bobvarela.com\/wp-content\/flagallery\/pablo-erroz-en-el-080-barcelona-fashion-fallwinter-2016-2017\/webview\/pablo_erroz_040.jpg\" alt=\"Ready to Wear Fall\/Winter 2016-2017\" class=\"noLazy flagpm_the_photo swiper-lazy\"><div class=\"swiper-lazy-preloader swiper-lazy-preloader-black\"><\/div><\/div><div class=\"swiper-slide\" data-hash=\"flagallery23000\" data-photo-id=\"23000\"><span class=\"flagpm_va\"><\/span><img data-src=\"https:\/\/bobvarela.com\/wp-content\/flagallery\/pablo-erroz-en-el-080-barcelona-fashion-fallwinter-2016-2017\/webview\/pablo_erroz_041.jpg\" alt=\"Ready to Wear Fall\/Winter 2016-2017\" class=\"noLazy flagpm_the_photo swiper-lazy\"><div class=\"swiper-lazy-preloader swiper-lazy-preloader-black\"><\/div><\/div><div class=\"swiper-slide\" data-hash=\"flagallery23001\" data-photo-id=\"23001\"><span class=\"flagpm_va\"><\/span><img data-src=\"https:\/\/bobvarela.com\/wp-content\/flagallery\/pablo-erroz-en-el-080-barcelona-fashion-fallwinter-2016-2017\/webview\/pablo_erroz_042.jpg\" alt=\"Ready to Wear Fall\/Winter 2016-2017\" class=\"noLazy flagpm_the_photo swiper-lazy\"><div class=\"swiper-lazy-preloader swiper-lazy-preloader-black\"><\/div><\/div><div class=\"swiper-slide\" data-hash=\"flagallery23002\" data-photo-id=\"23002\"><span class=\"flagpm_va\"><\/span><img data-src=\"https:\/\/bobvarela.com\/wp-content\/flagallery\/pablo-erroz-en-el-080-barcelona-fashion-fallwinter-2016-2017\/webview\/pablo_erroz_043.jpg\" alt=\"Ready to Wear Fall\/Winter 2016-2017\" class=\"noLazy flagpm_the_photo swiper-lazy\"><div class=\"swiper-lazy-preloader swiper-lazy-preloader-black\"><\/div><\/div><div class=\"swiper-slide\" data-hash=\"flagallery23003\" data-photo-id=\"23003\"><span class=\"flagpm_va\"><\/span><img data-src=\"https:\/\/bobvarela.com\/wp-content\/flagallery\/pablo-erroz-en-el-080-barcelona-fashion-fallwinter-2016-2017\/webview\/pablo_erroz_044.jpg\" alt=\"Ready to Wear Fall\/Winter 2016-2017\" class=\"noLazy flagpm_the_photo swiper-lazy\"><div class=\"swiper-lazy-preloader swiper-lazy-preloader-black\"><\/div><\/div><div class=\"swiper-slide\" data-hash=\"flagallery23004\" data-photo-id=\"23004\"><span class=\"flagpm_va\"><\/span><img data-src=\"https:\/\/bobvarela.com\/wp-content\/flagallery\/pablo-erroz-en-el-080-barcelona-fashion-fallwinter-2016-2017\/webview\/pablo_erroz_045.jpg\" alt=\"Ready to Wear Fall\/Winter 2016-2017\" class=\"noLazy flagpm_the_photo swiper-lazy\"><div class=\"swiper-lazy-preloader swiper-lazy-preloader-black\"><\/div><\/div><div class=\"swiper-slide\" data-hash=\"flagallery23005\" data-photo-id=\"23005\"><span class=\"flagpm_va\"><\/span><img data-src=\"https:\/\/bobvarela.com\/wp-content\/flagallery\/pablo-erroz-en-el-080-barcelona-fashion-fallwinter-2016-2017\/webview\/pablo_erroz_046.jpg\" alt=\"Ready to Wear Fall\/Winter 2016-2017\" class=\"noLazy flagpm_the_photo swiper-lazy\"><div class=\"swiper-lazy-preloader swiper-lazy-preloader-black\"><\/div><\/div><div class=\"swiper-slide\" data-hash=\"flagallery23006\" data-photo-id=\"23006\"><span class=\"flagpm_va\"><\/span><img data-src=\"https:\/\/bobvarela.com\/wp-content\/flagallery\/pablo-erroz-en-el-080-barcelona-fashion-fallwinter-2016-2017\/webview\/pablo_erroz_047.jpg\" alt=\"Ready to Wear Fall\/Winter 2016-2017\" class=\"noLazy flagpm_the_photo swiper-lazy\"><div class=\"swiper-lazy-preloader swiper-lazy-preloader-black\"><\/div><\/div><div class=\"swiper-slide\" data-hash=\"flagallery23007\" data-photo-id=\"23007\"><span class=\"flagpm_va\"><\/span><img data-src=\"https:\/\/bobvarela.com\/wp-content\/flagallery\/pablo-erroz-en-el-080-barcelona-fashion-fallwinter-2016-2017\/webview\/pablo_erroz_048.jpg\" alt=\"Ready to Wear Fall\/Winter 2016-2017\" class=\"noLazy flagpm_the_photo swiper-lazy\"><div class=\"swiper-lazy-preloader swiper-lazy-preloader-black\"><\/div><\/div><div class=\"swiper-slide\" data-hash=\"flagallery23008\" data-photo-id=\"23008\"><span class=\"flagpm_va\"><\/span><img data-src=\"https:\/\/bobvarela.com\/wp-content\/flagallery\/pablo-erroz-en-el-080-barcelona-fashion-fallwinter-2016-2017\/webview\/pablo_erroz_049.jpg\" alt=\"Ready to Wear Fall\/Winter 2016-2017\" class=\"noLazy flagpm_the_photo swiper-lazy\"><div class=\"swiper-lazy-preloader swiper-lazy-preloader-black\"><\/div><\/div><div class=\"swiper-slide\" data-hash=\"flagallery23009\" data-photo-id=\"23009\"><span class=\"flagpm_va\"><\/span><img data-src=\"https:\/\/bobvarela.com\/wp-content\/flagallery\/pablo-erroz-en-el-080-barcelona-fashion-fallwinter-2016-2017\/webview\/pablo_erroz_050.jpg\" alt=\"Ready to Wear Fall\/Winter 2016-2017\" class=\"noLazy flagpm_the_photo swiper-lazy\"><div class=\"swiper-lazy-preloader swiper-lazy-preloader-black\"><\/div><\/div><div class=\"swiper-slide\" data-hash=\"flagallery23010\" data-photo-id=\"23010\"><span class=\"flagpm_va\"><\/span><img data-src=\"https:\/\/bobvarela.com\/wp-content\/flagallery\/pablo-erroz-en-el-080-barcelona-fashion-fallwinter-2016-2017\/webview\/pablo_erroz_051.jpg\" alt=\"Ready to Wear Fall\/Winter 2016-2017\" class=\"noLazy flagpm_the_photo swiper-lazy\"><div class=\"swiper-lazy-preloader swiper-lazy-preloader-black\"><\/div><\/div><div class=\"swiper-slide\" data-hash=\"flagallery23011\" data-photo-id=\"23011\"><span class=\"flagpm_va\"><\/span><img data-src=\"https:\/\/bobvarela.com\/wp-content\/flagallery\/pablo-erroz-en-el-080-barcelona-fashion-fallwinter-2016-2017\/webview\/pablo_erroz_052.jpg\" alt=\"Ready to Wear Fall\/Winter 2016-2017\" class=\"noLazy flagpm_the_photo swiper-lazy\"><div class=\"swiper-lazy-preloader swiper-lazy-preloader-black\"><\/div><\/div><div class=\"swiper-slide\" data-hash=\"flagallery23012\" data-photo-id=\"23012\"><span class=\"flagpm_va\"><\/span><img data-src=\"https:\/\/bobvarela.com\/wp-content\/flagallery\/pablo-erroz-en-el-080-barcelona-fashion-fallwinter-2016-2017\/webview\/pablo_erroz_053.jpg\" alt=\"Ready to Wear Fall\/Winter 2016-2017\" class=\"noLazy flagpm_the_photo swiper-lazy\"><div class=\"swiper-lazy-preloader swiper-lazy-preloader-black\"><\/div><\/div><div class=\"swiper-slide\" data-hash=\"flagallery23013\" data-photo-id=\"23013\"><span class=\"flagpm_va\"><\/span><img data-src=\"https:\/\/bobvarela.com\/wp-content\/flagallery\/pablo-erroz-en-el-080-barcelona-fashion-fallwinter-2016-2017\/webview\/pablo_erroz_054.jpg\" alt=\"Ready to Wear Fall\/Winter 2016-2017\" class=\"noLazy flagpm_the_photo swiper-lazy\"><div class=\"swiper-lazy-preloader swiper-lazy-preloader-black\"><\/div><\/div><div class=\"swiper-slide\" data-hash=\"flagallery23014\" data-photo-id=\"23014\"><span class=\"flagpm_va\"><\/span><img data-src=\"https:\/\/bobvarela.com\/wp-content\/flagallery\/pablo-erroz-en-el-080-barcelona-fashion-fallwinter-2016-2017\/webview\/pablo_erroz_055.jpg\" alt=\"Ready to Wear Fall\/Winter 2016-2017\" class=\"noLazy flagpm_the_photo swiper-lazy\"><div class=\"swiper-lazy-preloader swiper-lazy-preloader-black\"><\/div><\/div><div class=\"swiper-slide\" data-hash=\"flagallery23015\" data-photo-id=\"23015\"><span class=\"flagpm_va\"><\/span><img data-src=\"https:\/\/bobvarela.com\/wp-content\/flagallery\/pablo-erroz-en-el-080-barcelona-fashion-fallwinter-2016-2017\/webview\/pablo_erroz_056.jpg\" alt=\"Ready to Wear Fall\/Winter 2016-2017\" class=\"noLazy flagpm_the_photo swiper-lazy\"><div class=\"swiper-lazy-preloader swiper-lazy-preloader-black\"><\/div><\/div><div class=\"swiper-slide\" data-hash=\"flagallery23016\" data-photo-id=\"23016\"><span class=\"flagpm_va\"><\/span><img data-src=\"https:\/\/bobvarela.com\/wp-content\/flagallery\/pablo-erroz-en-el-080-barcelona-fashion-fallwinter-2016-2017\/webview\/pablo_erroz_057.jpg\" alt=\"Ready to Wear Fall\/Winter 2016-2017\" class=\"noLazy flagpm_the_photo swiper-lazy\"><div class=\"swiper-lazy-preloader swiper-lazy-preloader-black\"><\/div><\/div><div class=\"swiper-slide\" data-hash=\"flagallery23017\" data-photo-id=\"23017\"><span class=\"flagpm_va\"><\/span><img data-src=\"https:\/\/bobvarela.com\/wp-content\/flagallery\/pablo-erroz-en-el-080-barcelona-fashion-fallwinter-2016-2017\/webview\/pablo_erroz_058.jpg\" alt=\"Ready to Wear Fall\/Winter 2016-2017\" class=\"noLazy flagpm_the_photo swiper-lazy\"><div class=\"swiper-lazy-preloader swiper-lazy-preloader-black\"><\/div><\/div><div class=\"swiper-slide\" data-hash=\"flagallery23018\" data-photo-id=\"23018\"><span class=\"flagpm_va\"><\/span><img data-src=\"https:\/\/bobvarela.com\/wp-content\/flagallery\/pablo-erroz-en-el-080-barcelona-fashion-fallwinter-2016-2017\/webview\/pablo_erroz_059.jpg\" alt=\"Ready to Wear Fall\/Winter 2016-2017\" class=\"noLazy flagpm_the_photo swiper-lazy\"><div class=\"swiper-lazy-preloader swiper-lazy-preloader-black\"><\/div><\/div><div class=\"swiper-slide\" data-hash=\"flagallery23019\" data-photo-id=\"23019\"><span class=\"flagpm_va\"><\/span><img data-src=\"https:\/\/bobvarela.com\/wp-content\/flagallery\/pablo-erroz-en-el-080-barcelona-fashion-fallwinter-2016-2017\/webview\/pablo_erroz_060.jpg\" alt=\"Ready to Wear Fall\/Winter 2016-2017\" class=\"noLazy flagpm_the_photo swiper-lazy\"><div class=\"swiper-lazy-preloader swiper-lazy-preloader-black\"><\/div><\/div> <\/div> <\/div> <\/div> <div class=\"flagpm_photo_header\"> <div class=\"flagpm_wrapper flagpm_clearfix\"> <div class=\"flagpm_focus_actions\"> <ul class=\"flagpm_focus_share\"> <li style=\"list-style:none;\" class=\"flagpm_share_wrapper\"> <a class=\"flagpm_button flagpm_share\">Share<\/a> <ul class=\"flagpm_sharelizers flagpm_clearfix\"> <li style=\"list-style:none;\"><a class=\"flagpm_button flagpm_facebook flagpm_sharelizer\">Facebook<\/a><\/li> <li style=\"list-style:none;\"><a class=\"flagpm_button flagpm_twitter flagpm_sharelizer\">Twitter<\/a><\/li> <li style=\"list-style:none;\"><a class=\"flagpm_button flagpm_pinterest flagpm_sharelizer\">Pinterest<\/a><\/li> <li style=\"list-style:none;\"><a class=\"flagpm_button flagpm_stumbleupon flagpm_sharelizer\">StumbleUpon<\/a><\/li> <\/ul> <\/li> <\/ul> <ul class=\"flagpm_focus_like_fave flagpm_clearfix\"> <li style=\"list-style:none;\"><a class=\"flagpm_button flagpm_like\">Like<\/a><\/li> <\/ul> <ul class=\"flagpm_focus_arrows flagpm_clearfix\"> <li style=\"list-style:none;\"><a class=\"flagpm_button flagpm_photo_arrow_previous flagpm_prev\">Previous<\/a><\/li> <li style=\"list-style:none;\"><a class=\"flagpm_button flagpm_photo_arrow_next flagpm_next\">Next<\/a><\/li> <\/ul> <\/div> <div class=\"flagpm_name_wrap flagpm_clearfix flagpm_no_avatar\"> <div class=\"flagpm_title_author\"> <div class=\"flagpm_title\">Ready to Wear Fall\/Winter 2016-2017<\/div> <\/div> <\/div> <div class=\"flagpm_actions flagpm_clearfix\"> <div class=\"flagpm_carousel flagpm_has_previous flagpm_has_next\"> <div class=\"flagpm_previous_button\"><\/div> <div class=\"flagpm_photo_carousel\"> <div class=\"swiper-container swiper-small-images\"> <div class=\"swiper-wrapper\"><div class=\"swiper-slide flagpm_photo\" data-photo-id=\"22960\"><img decoding=\"async\" src=\"https:\/\/bobvarela.com\/wp-content\/flagallery\/pablo-erroz-en-el-080-barcelona-fashion-fallwinter-2016-2017\/thumbs\/thumbs_pablo_erroz_001.jpg\" data-src=\"https:\/\/bobvarela.com\/wp-content\/flagallery\/pablo-erroz-en-el-080-barcelona-fashion-fallwinter-2016-2017\/thumbs\/thumbs_pablo_erroz_001.jpg\" alt=\"Ready to Wear Fall\/Winter 2016-2017\" class=\"noLazy flagpm_photo swiper-lazy flagpm_photo_portrait\"><span class=\"swiper-lazy-preloader swiper-lazy-preloader-black\"><\/span><\/div><div class=\"swiper-slide flagpm_photo\" data-photo-id=\"22961\"><img data-src=\"https:\/\/bobvarela.com\/wp-content\/flagallery\/pablo-erroz-en-el-080-barcelona-fashion-fallwinter-2016-2017\/thumbs\/thumbs_pablo_erroz_002.jpg\" alt=\"Ready to Wear Fall\/Winter 2016-2017\" class=\"noLazy flagpm_photo swiper-lazy flagpm_photo_portrait\"><span class=\"swiper-lazy-preloader swiper-lazy-preloader-black\"><\/span><\/div><div class=\"swiper-slide flagpm_photo\" data-photo-id=\"22962\"><img data-src=\"https:\/\/bobvarela.com\/wp-content\/flagallery\/pablo-erroz-en-el-080-barcelona-fashion-fallwinter-2016-2017\/thumbs\/thumbs_pablo_erroz_003.jpg\" alt=\"Ready to Wear Fall\/Winter 2016-2017\" class=\"noLazy flagpm_photo swiper-lazy flagpm_photo_portrait\"><span class=\"swiper-lazy-preloader swiper-lazy-preloader-black\"><\/span><\/div><div class=\"swiper-slide flagpm_photo\" data-photo-id=\"22963\"><img data-src=\"https:\/\/bobvarela.com\/wp-content\/flagallery\/pablo-erroz-en-el-080-barcelona-fashion-fallwinter-2016-2017\/thumbs\/thumbs_pablo_erroz_004.jpg\" alt=\"Ready to Wear Fall\/Winter 2016-2017\" class=\"noLazy flagpm_photo swiper-lazy flagpm_photo_portrait\"><span class=\"swiper-lazy-preloader swiper-lazy-preloader-black\"><\/span><\/div><div class=\"swiper-slide flagpm_photo\" data-photo-id=\"22964\"><img data-src=\"https:\/\/bobvarela.com\/wp-content\/flagallery\/pablo-erroz-en-el-080-barcelona-fashion-fallwinter-2016-2017\/thumbs\/thumbs_pablo_erroz_005.jpg\" alt=\"Ready to Wear Fall\/Winter 2016-2017\" class=\"noLazy flagpm_photo swiper-lazy flagpm_photo_portrait\"><span class=\"swiper-lazy-preloader swiper-lazy-preloader-black\"><\/span><\/div><div class=\"swiper-slide flagpm_photo\" data-photo-id=\"22965\"><img data-src=\"https:\/\/bobvarela.com\/wp-content\/flagallery\/pablo-erroz-en-el-080-barcelona-fashion-fallwinter-2016-2017\/thumbs\/thumbs_pablo_erroz_006.jpg\" alt=\"Ready to Wear Fall\/Winter 2016-2017\" class=\"noLazy flagpm_photo swiper-lazy flagpm_photo_portrait\"><span class=\"swiper-lazy-preloader swiper-lazy-preloader-black\"><\/span><\/div><div class=\"swiper-slide flagpm_photo\" data-photo-id=\"22966\"><img data-src=\"https:\/\/bobvarela.com\/wp-content\/flagallery\/pablo-erroz-en-el-080-barcelona-fashion-fallwinter-2016-2017\/thumbs\/thumbs_pablo_erroz_007.jpg\" alt=\"Ready to Wear Fall\/Winter 2016-2017\" class=\"noLazy flagpm_photo swiper-lazy flagpm_photo_portrait\"><span class=\"swiper-lazy-preloader swiper-lazy-preloader-black\"><\/span><\/div><div class=\"swiper-slide flagpm_photo\" data-photo-id=\"22967\"><img data-src=\"https:\/\/bobvarela.com\/wp-content\/flagallery\/pablo-erroz-en-el-080-barcelona-fashion-fallwinter-2016-2017\/thumbs\/thumbs_pablo_erroz_008.jpg\" alt=\"Ready to Wear Fall\/Winter 2016-2017\" class=\"noLazy flagpm_photo swiper-lazy flagpm_photo_portrait\"><span class=\"swiper-lazy-preloader swiper-lazy-preloader-black\"><\/span><\/div><div class=\"swiper-slide flagpm_photo\" data-photo-id=\"22968\"><img data-src=\"https:\/\/bobvarela.com\/wp-content\/flagallery\/pablo-erroz-en-el-080-barcelona-fashion-fallwinter-2016-2017\/thumbs\/thumbs_pablo_erroz_009.jpg\" alt=\"Ready to Wear Fall\/Winter 2016-2017\" class=\"noLazy flagpm_photo swiper-lazy flagpm_photo_portrait\"><span class=\"swiper-lazy-preloader swiper-lazy-preloader-black\"><\/span><\/div><div class=\"swiper-slide flagpm_photo\" data-photo-id=\"22969\"><img data-src=\"https:\/\/bobvarela.com\/wp-content\/flagallery\/pablo-erroz-en-el-080-barcelona-fashion-fallwinter-2016-2017\/thumbs\/thumbs_pablo_erroz_010.jpg\" alt=\"Ready to Wear Fall\/Winter 2016-2017\" class=\"noLazy flagpm_photo swiper-lazy flagpm_photo_portrait\"><span class=\"swiper-lazy-preloader swiper-lazy-preloader-black\"><\/span><\/div><div class=\"swiper-slide flagpm_photo\" data-photo-id=\"22970\"><img data-src=\"https:\/\/bobvarela.com\/wp-content\/flagallery\/pablo-erroz-en-el-080-barcelona-fashion-fallwinter-2016-2017\/thumbs\/thumbs_pablo_erroz_011.jpg\" alt=\"Ready to Wear Fall\/Winter 2016-2017\" class=\"noLazy flagpm_photo swiper-lazy flagpm_photo_portrait\"><span class=\"swiper-lazy-preloader swiper-lazy-preloader-black\"><\/span><\/div><div class=\"swiper-slide flagpm_photo\" data-photo-id=\"22971\"><img data-src=\"https:\/\/bobvarela.com\/wp-content\/flagallery\/pablo-erroz-en-el-080-barcelona-fashion-fallwinter-2016-2017\/thumbs\/thumbs_pablo_erroz_012.jpg\" alt=\"Ready to Wear Fall\/Winter 2016-2017\" class=\"noLazy flagpm_photo swiper-lazy flagpm_photo_portrait\"><span class=\"swiper-lazy-preloader swiper-lazy-preloader-black\"><\/span><\/div><div class=\"swiper-slide flagpm_photo\" data-photo-id=\"22972\"><img data-src=\"https:\/\/bobvarela.com\/wp-content\/flagallery\/pablo-erroz-en-el-080-barcelona-fashion-fallwinter-2016-2017\/thumbs\/thumbs_pablo_erroz_013.jpg\" alt=\"Ready to Wear Fall\/Winter 2016-2017\" class=\"noLazy flagpm_photo swiper-lazy flagpm_photo_landscape\"><span class=\"swiper-lazy-preloader swiper-lazy-preloader-black\"><\/span><\/div><div class=\"swiper-slide flagpm_photo\" data-photo-id=\"22973\"><img data-src=\"https:\/\/bobvarela.com\/wp-content\/flagallery\/pablo-erroz-en-el-080-barcelona-fashion-fallwinter-2016-2017\/thumbs\/thumbs_pablo_erroz_014.jpg\" alt=\"Ready to Wear Fall\/Winter 2016-2017\" class=\"noLazy flagpm_photo swiper-lazy flagpm_photo_portrait\"><span class=\"swiper-lazy-preloader swiper-lazy-preloader-black\"><\/span><\/div><div class=\"swiper-slide flagpm_photo\" data-photo-id=\"22974\"><img data-src=\"https:\/\/bobvarela.com\/wp-content\/flagallery\/pablo-erroz-en-el-080-barcelona-fashion-fallwinter-2016-2017\/thumbs\/thumbs_pablo_erroz_015.jpg\" alt=\"Ready to Wear Fall\/Winter 2016-2017\" class=\"noLazy flagpm_photo swiper-lazy flagpm_photo_portrait\"><span class=\"swiper-lazy-preloader swiper-lazy-preloader-black\"><\/span><\/div><div class=\"swiper-slide flagpm_photo\" data-photo-id=\"22975\"><img data-src=\"https:\/\/bobvarela.com\/wp-content\/flagallery\/pablo-erroz-en-el-080-barcelona-fashion-fallwinter-2016-2017\/thumbs\/thumbs_pablo_erroz_016.jpg\" alt=\"Ready to Wear Fall\/Winter 2016-2017\" class=\"noLazy flagpm_photo swiper-lazy flagpm_photo_portrait\"><span class=\"swiper-lazy-preloader swiper-lazy-preloader-black\"><\/span><\/div><div class=\"swiper-slide flagpm_photo\" data-photo-id=\"22976\"><img data-src=\"https:\/\/bobvarela.com\/wp-content\/flagallery\/pablo-erroz-en-el-080-barcelona-fashion-fallwinter-2016-2017\/thumbs\/thumbs_pablo_erroz_017.jpg\" alt=\"Ready to Wear Fall\/Winter 2016-2017\" class=\"noLazy flagpm_photo swiper-lazy flagpm_photo_portrait\"><span class=\"swiper-lazy-preloader swiper-lazy-preloader-black\"><\/span><\/div><div class=\"swiper-slide flagpm_photo\" data-photo-id=\"22977\"><img data-src=\"https:\/\/bobvarela.com\/wp-content\/flagallery\/pablo-erroz-en-el-080-barcelona-fashion-fallwinter-2016-2017\/thumbs\/thumbs_pablo_erroz_018.jpg\" alt=\"Ready to Wear Fall\/Winter 2016-2017\" class=\"noLazy flagpm_photo swiper-lazy flagpm_photo_portrait\"><span class=\"swiper-lazy-preloader swiper-lazy-preloader-black\"><\/span><\/div><div class=\"swiper-slide flagpm_photo\" data-photo-id=\"22978\"><img data-src=\"https:\/\/bobvarela.com\/wp-content\/flagallery\/pablo-erroz-en-el-080-barcelona-fashion-fallwinter-2016-2017\/thumbs\/thumbs_pablo_erroz_019.jpg\" alt=\"Ready to Wear Fall\/Winter 2016-2017\" class=\"noLazy flagpm_photo swiper-lazy flagpm_photo_portrait\"><span class=\"swiper-lazy-preloader swiper-lazy-preloader-black\"><\/span><\/div><div class=\"swiper-slide flagpm_photo\" data-photo-id=\"22979\"><img data-src=\"https:\/\/bobvarela.com\/wp-content\/flagallery\/pablo-erroz-en-el-080-barcelona-fashion-fallwinter-2016-2017\/thumbs\/thumbs_pablo_erroz_020.jpg\" alt=\"Ready to Wear Fall\/Winter 2016-2017\" class=\"noLazy flagpm_photo swiper-lazy flagpm_photo_portrait\"><span class=\"swiper-lazy-preloader swiper-lazy-preloader-black\"><\/span><\/div><div class=\"swiper-slide flagpm_photo\" data-photo-id=\"22980\"><img data-src=\"https:\/\/bobvarela.com\/wp-content\/flagallery\/pablo-erroz-en-el-080-barcelona-fashion-fallwinter-2016-2017\/thumbs\/thumbs_pablo_erroz_021.jpg\" alt=\"Ready to Wear Fall\/Winter 2016-2017\" class=\"noLazy flagpm_photo swiper-lazy flagpm_photo_portrait\"><span class=\"swiper-lazy-preloader swiper-lazy-preloader-black\"><\/span><\/div><div class=\"swiper-slide flagpm_photo\" data-photo-id=\"22981\"><img data-src=\"https:\/\/bobvarela.com\/wp-content\/flagallery\/pablo-erroz-en-el-080-barcelona-fashion-fallwinter-2016-2017\/thumbs\/thumbs_pablo_erroz_022.jpg\" alt=\"Ready to Wear Fall\/Winter 2016-2017\" class=\"noLazy flagpm_photo swiper-lazy flagpm_photo_portrait\"><span class=\"swiper-lazy-preloader swiper-lazy-preloader-black\"><\/span><\/div><div class=\"swiper-slide flagpm_photo\" data-photo-id=\"22982\"><img data-src=\"https:\/\/bobvarela.com\/wp-content\/flagallery\/pablo-erroz-en-el-080-barcelona-fashion-fallwinter-2016-2017\/thumbs\/thumbs_pablo_erroz_023.jpg\" alt=\"Ready to Wear Fall\/Winter 2016-2017\" class=\"noLazy flagpm_photo swiper-lazy flagpm_photo_portrait\"><span class=\"swiper-lazy-preloader swiper-lazy-preloader-black\"><\/span><\/div><div class=\"swiper-slide flagpm_photo\" data-photo-id=\"22983\"><img data-src=\"https:\/\/bobvarela.com\/wp-content\/flagallery\/pablo-erroz-en-el-080-barcelona-fashion-fallwinter-2016-2017\/thumbs\/thumbs_pablo_erroz_024.jpg\" alt=\"Ready to Wear Fall\/Winter 2016-2017\" class=\"noLazy flagpm_photo swiper-lazy flagpm_photo_portrait\"><span class=\"swiper-lazy-preloader swiper-lazy-preloader-black\"><\/span><\/div><div class=\"swiper-slide flagpm_photo\" data-photo-id=\"22984\"><img data-src=\"https:\/\/bobvarela.com\/wp-content\/flagallery\/pablo-erroz-en-el-080-barcelona-fashion-fallwinter-2016-2017\/thumbs\/thumbs_pablo_erroz_025.jpg\" alt=\"Ready to Wear Fall\/Winter 2016-2017\" class=\"noLazy flagpm_photo swiper-lazy flagpm_photo_portrait\"><span class=\"swiper-lazy-preloader swiper-lazy-preloader-black\"><\/span><\/div><div class=\"swiper-slide flagpm_photo\" data-photo-id=\"22985\"><img data-src=\"https:\/\/bobvarela.com\/wp-content\/flagallery\/pablo-erroz-en-el-080-barcelona-fashion-fallwinter-2016-2017\/thumbs\/thumbs_pablo_erroz_026.jpg\" alt=\"Ready to Wear Fall\/Winter 2016-2017\" class=\"noLazy flagpm_photo swiper-lazy flagpm_photo_portrait\"><span class=\"swiper-lazy-preloader swiper-lazy-preloader-black\"><\/span><\/div><div class=\"swiper-slide flagpm_photo\" data-photo-id=\"22986\"><img data-src=\"https:\/\/bobvarela.com\/wp-content\/flagallery\/pablo-erroz-en-el-080-barcelona-fashion-fallwinter-2016-2017\/thumbs\/thumbs_pablo_erroz_027.jpg\" alt=\"Ready to Wear Fall\/Winter 2016-2017\" class=\"noLazy flagpm_photo swiper-lazy flagpm_photo_portrait\"><span class=\"swiper-lazy-preloader swiper-lazy-preloader-black\"><\/span><\/div><div class=\"swiper-slide flagpm_photo\" data-photo-id=\"22987\"><img data-src=\"https:\/\/bobvarela.com\/wp-content\/flagallery\/pablo-erroz-en-el-080-barcelona-fashion-fallwinter-2016-2017\/thumbs\/thumbs_pablo_erroz_028.jpg\" alt=\"Ready to Wear Fall\/Winter 2016-2017\" class=\"noLazy flagpm_photo swiper-lazy flagpm_photo_portrait\"><span class=\"swiper-lazy-preloader swiper-lazy-preloader-black\"><\/span><\/div><div class=\"swiper-slide flagpm_photo\" data-photo-id=\"22988\"><img data-src=\"https:\/\/bobvarela.com\/wp-content\/flagallery\/pablo-erroz-en-el-080-barcelona-fashion-fallwinter-2016-2017\/thumbs\/thumbs_pablo_erroz_029.jpg\" alt=\"Ready to Wear Fall\/Winter 2016-2017\" class=\"noLazy flagpm_photo swiper-lazy flagpm_photo_portrait\"><span class=\"swiper-lazy-preloader swiper-lazy-preloader-black\"><\/span><\/div><div class=\"swiper-slide flagpm_photo\" data-photo-id=\"22989\"><img data-src=\"https:\/\/bobvarela.com\/wp-content\/flagallery\/pablo-erroz-en-el-080-barcelona-fashion-fallwinter-2016-2017\/thumbs\/thumbs_pablo_erroz_030.jpg\" alt=\"Ready to Wear Fall\/Winter 2016-2017\" class=\"noLazy flagpm_photo swiper-lazy flagpm_photo_portrait\"><span class=\"swiper-lazy-preloader swiper-lazy-preloader-black\"><\/span><\/div><div class=\"swiper-slide flagpm_photo\" data-photo-id=\"22990\"><img data-src=\"https:\/\/bobvarela.com\/wp-content\/flagallery\/pablo-erroz-en-el-080-barcelona-fashion-fallwinter-2016-2017\/thumbs\/thumbs_pablo_erroz_031.jpg\" alt=\"Ready to Wear Fall\/Winter 2016-2017\" class=\"noLazy flagpm_photo swiper-lazy flagpm_photo_portrait\"><span class=\"swiper-lazy-preloader swiper-lazy-preloader-black\"><\/span><\/div><div class=\"swiper-slide flagpm_photo\" data-photo-id=\"22991\"><img data-src=\"https:\/\/bobvarela.com\/wp-content\/flagallery\/pablo-erroz-en-el-080-barcelona-fashion-fallwinter-2016-2017\/thumbs\/thumbs_pablo_erroz_032.jpg\" alt=\"Ready to Wear Fall\/Winter 2016-2017\" class=\"noLazy flagpm_photo swiper-lazy flagpm_photo_portrait\"><span class=\"swiper-lazy-preloader swiper-lazy-preloader-black\"><\/span><\/div><div class=\"swiper-slide flagpm_photo\" data-photo-id=\"22992\"><img data-src=\"https:\/\/bobvarela.com\/wp-content\/flagallery\/pablo-erroz-en-el-080-barcelona-fashion-fallwinter-2016-2017\/thumbs\/thumbs_pablo_erroz_033.jpg\" alt=\"Ready to Wear Fall\/Winter 2016-2017\" class=\"noLazy flagpm_photo swiper-lazy flagpm_photo_portrait\"><span class=\"swiper-lazy-preloader swiper-lazy-preloader-black\"><\/span><\/div><div class=\"swiper-slide flagpm_photo\" data-photo-id=\"22993\"><img data-src=\"https:\/\/bobvarela.com\/wp-content\/flagallery\/pablo-erroz-en-el-080-barcelona-fashion-fallwinter-2016-2017\/thumbs\/thumbs_pablo_erroz_034.jpg\" alt=\"Ready to Wear Fall\/Winter 2016-2017\" class=\"noLazy flagpm_photo swiper-lazy flagpm_photo_portrait\"><span class=\"swiper-lazy-preloader swiper-lazy-preloader-black\"><\/span><\/div><div class=\"swiper-slide flagpm_photo\" data-photo-id=\"22994\"><img data-src=\"https:\/\/bobvarela.com\/wp-content\/flagallery\/pablo-erroz-en-el-080-barcelona-fashion-fallwinter-2016-2017\/thumbs\/thumbs_pablo_erroz_035.jpg\" alt=\"Ready to Wear Fall\/Winter 2016-2017\" class=\"noLazy flagpm_photo swiper-lazy flagpm_photo_portrait\"><span class=\"swiper-lazy-preloader swiper-lazy-preloader-black\"><\/span><\/div><div class=\"swiper-slide flagpm_photo\" data-photo-id=\"22995\"><img data-src=\"https:\/\/bobvarela.com\/wp-content\/flagallery\/pablo-erroz-en-el-080-barcelona-fashion-fallwinter-2016-2017\/thumbs\/thumbs_pablo_erroz_036.jpg\" alt=\"Ready to Wear Fall\/Winter 2016-2017\" class=\"noLazy flagpm_photo swiper-lazy flagpm_photo_portrait\"><span class=\"swiper-lazy-preloader swiper-lazy-preloader-black\"><\/span><\/div><div class=\"swiper-slide flagpm_photo\" data-photo-id=\"22996\"><img data-src=\"https:\/\/bobvarela.com\/wp-content\/flagallery\/pablo-erroz-en-el-080-barcelona-fashion-fallwinter-2016-2017\/thumbs\/thumbs_pablo_erroz_037.jpg\" alt=\"Ready to Wear Fall\/Winter 2016-2017\" class=\"noLazy flagpm_photo swiper-lazy flagpm_photo_portrait\"><span class=\"swiper-lazy-preloader swiper-lazy-preloader-black\"><\/span><\/div><div class=\"swiper-slide flagpm_photo\" data-photo-id=\"22997\"><img data-src=\"https:\/\/bobvarela.com\/wp-content\/flagallery\/pablo-erroz-en-el-080-barcelona-fashion-fallwinter-2016-2017\/thumbs\/thumbs_pablo_erroz_038.jpg\" alt=\"Ready to Wear Fall\/Winter 2016-2017\" class=\"noLazy flagpm_photo swiper-lazy flagpm_photo_landscape\"><span class=\"swiper-lazy-preloader swiper-lazy-preloader-black\"><\/span><\/div><div class=\"swiper-slide flagpm_photo\" data-photo-id=\"22998\"><img data-src=\"https:\/\/bobvarela.com\/wp-content\/flagallery\/pablo-erroz-en-el-080-barcelona-fashion-fallwinter-2016-2017\/thumbs\/thumbs_pablo_erroz_039.jpg\" alt=\"Ready to Wear Fall\/Winter 2016-2017\" class=\"noLazy flagpm_photo swiper-lazy flagpm_photo_portrait\"><span class=\"swiper-lazy-preloader swiper-lazy-preloader-black\"><\/span><\/div><div class=\"swiper-slide flagpm_photo\" data-photo-id=\"22999\"><img data-src=\"https:\/\/bobvarela.com\/wp-content\/flagallery\/pablo-erroz-en-el-080-barcelona-fashion-fallwinter-2016-2017\/thumbs\/thumbs_pablo_erroz_040.jpg\" alt=\"Ready to Wear Fall\/Winter 2016-2017\" class=\"noLazy flagpm_photo swiper-lazy flagpm_photo_portrait\"><span class=\"swiper-lazy-preloader swiper-lazy-preloader-black\"><\/span><\/div><div class=\"swiper-slide flagpm_photo\" data-photo-id=\"23000\"><img data-src=\"https:\/\/bobvarela.com\/wp-content\/flagallery\/pablo-erroz-en-el-080-barcelona-fashion-fallwinter-2016-2017\/thumbs\/thumbs_pablo_erroz_041.jpg\" alt=\"Ready to Wear Fall\/Winter 2016-2017\" class=\"noLazy flagpm_photo swiper-lazy flagpm_photo_portrait\"><span class=\"swiper-lazy-preloader swiper-lazy-preloader-black\"><\/span><\/div><div class=\"swiper-slide flagpm_photo\" data-photo-id=\"23001\"><img data-src=\"https:\/\/bobvarela.com\/wp-content\/flagallery\/pablo-erroz-en-el-080-barcelona-fashion-fallwinter-2016-2017\/thumbs\/thumbs_pablo_erroz_042.jpg\" alt=\"Ready to Wear Fall\/Winter 2016-2017\" class=\"noLazy flagpm_photo swiper-lazy flagpm_photo_portrait\"><span class=\"swiper-lazy-preloader swiper-lazy-preloader-black\"><\/span><\/div><div class=\"swiper-slide flagpm_photo\" data-photo-id=\"23002\"><img data-src=\"https:\/\/bobvarela.com\/wp-content\/flagallery\/pablo-erroz-en-el-080-barcelona-fashion-fallwinter-2016-2017\/thumbs\/thumbs_pablo_erroz_043.jpg\" alt=\"Ready to Wear Fall\/Winter 2016-2017\" class=\"noLazy flagpm_photo swiper-lazy flagpm_photo_portrait\"><span class=\"swiper-lazy-preloader swiper-lazy-preloader-black\"><\/span><\/div><div class=\"swiper-slide flagpm_photo\" data-photo-id=\"23003\"><img data-src=\"https:\/\/bobvarela.com\/wp-content\/flagallery\/pablo-erroz-en-el-080-barcelona-fashion-fallwinter-2016-2017\/thumbs\/thumbs_pablo_erroz_044.jpg\" alt=\"Ready to Wear Fall\/Winter 2016-2017\" class=\"noLazy flagpm_photo swiper-lazy flagpm_photo_portrait\"><span class=\"swiper-lazy-preloader swiper-lazy-preloader-black\"><\/span><\/div><div class=\"swiper-slide flagpm_photo\" data-photo-id=\"23004\"><img data-src=\"https:\/\/bobvarela.com\/wp-content\/flagallery\/pablo-erroz-en-el-080-barcelona-fashion-fallwinter-2016-2017\/thumbs\/thumbs_pablo_erroz_045.jpg\" alt=\"Ready to Wear Fall\/Winter 2016-2017\" class=\"noLazy flagpm_photo swiper-lazy flagpm_photo_portrait\"><span class=\"swiper-lazy-preloader swiper-lazy-preloader-black\"><\/span><\/div><div class=\"swiper-slide flagpm_photo\" data-photo-id=\"23005\"><img data-src=\"https:\/\/bobvarela.com\/wp-content\/flagallery\/pablo-erroz-en-el-080-barcelona-fashion-fallwinter-2016-2017\/thumbs\/thumbs_pablo_erroz_046.jpg\" alt=\"Ready to Wear Fall\/Winter 2016-2017\" class=\"noLazy flagpm_photo swiper-lazy flagpm_photo_landscape\"><span class=\"swiper-lazy-preloader swiper-lazy-preloader-black\"><\/span><\/div><div class=\"swiper-slide flagpm_photo\" data-photo-id=\"23006\"><img data-src=\"https:\/\/bobvarela.com\/wp-content\/flagallery\/pablo-erroz-en-el-080-barcelona-fashion-fallwinter-2016-2017\/thumbs\/thumbs_pablo_erroz_047.jpg\" alt=\"Ready to Wear Fall\/Winter 2016-2017\" class=\"noLazy flagpm_photo swiper-lazy flagpm_photo_portrait\"><span class=\"swiper-lazy-preloader swiper-lazy-preloader-black\"><\/span><\/div><div class=\"swiper-slide flagpm_photo\" data-photo-id=\"23007\"><img data-src=\"https:\/\/bobvarela.com\/wp-content\/flagallery\/pablo-erroz-en-el-080-barcelona-fashion-fallwinter-2016-2017\/thumbs\/thumbs_pablo_erroz_048.jpg\" alt=\"Ready to Wear Fall\/Winter 2016-2017\" class=\"noLazy flagpm_photo swiper-lazy flagpm_photo_portrait\"><span class=\"swiper-lazy-preloader swiper-lazy-preloader-black\"><\/span><\/div><div class=\"swiper-slide flagpm_photo\" data-photo-id=\"23008\"><img data-src=\"https:\/\/bobvarela.com\/wp-content\/flagallery\/pablo-erroz-en-el-080-barcelona-fashion-fallwinter-2016-2017\/thumbs\/thumbs_pablo_erroz_049.jpg\" alt=\"Ready to Wear Fall\/Winter 2016-2017\" class=\"noLazy flagpm_photo swiper-lazy flagpm_photo_portrait\"><span class=\"swiper-lazy-preloader swiper-lazy-preloader-black\"><\/span><\/div><div class=\"swiper-slide flagpm_photo\" data-photo-id=\"23009\"><img data-src=\"https:\/\/bobvarela.com\/wp-content\/flagallery\/pablo-erroz-en-el-080-barcelona-fashion-fallwinter-2016-2017\/thumbs\/thumbs_pablo_erroz_050.jpg\" alt=\"Ready to Wear Fall\/Winter 2016-2017\" class=\"noLazy flagpm_photo swiper-lazy flagpm_photo_portrait\"><span class=\"swiper-lazy-preloader swiper-lazy-preloader-black\"><\/span><\/div><div class=\"swiper-slide flagpm_photo\" data-photo-id=\"23010\"><img data-src=\"https:\/\/bobvarela.com\/wp-content\/flagallery\/pablo-erroz-en-el-080-barcelona-fashion-fallwinter-2016-2017\/thumbs\/thumbs_pablo_erroz_051.jpg\" alt=\"Ready to Wear Fall\/Winter 2016-2017\" class=\"noLazy flagpm_photo swiper-lazy flagpm_photo_portrait\"><span class=\"swiper-lazy-preloader swiper-lazy-preloader-black\"><\/span><\/div><div class=\"swiper-slide flagpm_photo\" data-photo-id=\"23011\"><img data-src=\"https:\/\/bobvarela.com\/wp-content\/flagallery\/pablo-erroz-en-el-080-barcelona-fashion-fallwinter-2016-2017\/thumbs\/thumbs_pablo_erroz_052.jpg\" alt=\"Ready to Wear Fall\/Winter 2016-2017\" class=\"noLazy flagpm_photo swiper-lazy flagpm_photo_portrait\"><span class=\"swiper-lazy-preloader swiper-lazy-preloader-black\"><\/span><\/div><div class=\"swiper-slide flagpm_photo\" data-photo-id=\"23012\"><img data-src=\"https:\/\/bobvarela.com\/wp-content\/flagallery\/pablo-erroz-en-el-080-barcelona-fashion-fallwinter-2016-2017\/thumbs\/thumbs_pablo_erroz_053.jpg\" alt=\"Ready to Wear Fall\/Winter 2016-2017\" class=\"noLazy flagpm_photo swiper-lazy flagpm_photo_portrait\"><span class=\"swiper-lazy-preloader swiper-lazy-preloader-black\"><\/span><\/div><div class=\"swiper-slide flagpm_photo\" data-photo-id=\"23013\"><img data-src=\"https:\/\/bobvarela.com\/wp-content\/flagallery\/pablo-erroz-en-el-080-barcelona-fashion-fallwinter-2016-2017\/thumbs\/thumbs_pablo_erroz_054.jpg\" alt=\"Ready to Wear Fall\/Winter 2016-2017\" class=\"noLazy flagpm_photo swiper-lazy flagpm_photo_portrait\"><span class=\"swiper-lazy-preloader swiper-lazy-preloader-black\"><\/span><\/div><div class=\"swiper-slide flagpm_photo\" data-photo-id=\"23014\"><img data-src=\"https:\/\/bobvarela.com\/wp-content\/flagallery\/pablo-erroz-en-el-080-barcelona-fashion-fallwinter-2016-2017\/thumbs\/thumbs_pablo_erroz_055.jpg\" alt=\"Ready to Wear Fall\/Winter 2016-2017\" class=\"noLazy flagpm_photo swiper-lazy flagpm_photo_portrait\"><span class=\"swiper-lazy-preloader swiper-lazy-preloader-black\"><\/span><\/div><div class=\"swiper-slide flagpm_photo\" data-photo-id=\"23015\"><img data-src=\"https:\/\/bobvarela.com\/wp-content\/flagallery\/pablo-erroz-en-el-080-barcelona-fashion-fallwinter-2016-2017\/thumbs\/thumbs_pablo_erroz_056.jpg\" alt=\"Ready to Wear Fall\/Winter 2016-2017\" class=\"noLazy flagpm_photo swiper-lazy flagpm_photo_portrait\"><span class=\"swiper-lazy-preloader swiper-lazy-preloader-black\"><\/span><\/div><div class=\"swiper-slide flagpm_photo\" data-photo-id=\"23016\"><img data-src=\"https:\/\/bobvarela.com\/wp-content\/flagallery\/pablo-erroz-en-el-080-barcelona-fashion-fallwinter-2016-2017\/thumbs\/thumbs_pablo_erroz_057.jpg\" alt=\"Ready to Wear Fall\/Winter 2016-2017\" class=\"noLazy flagpm_photo swiper-lazy flagpm_photo_portrait\"><span class=\"swiper-lazy-preloader swiper-lazy-preloader-black\"><\/span><\/div><div class=\"swiper-slide flagpm_photo\" data-photo-id=\"23017\"><img data-src=\"https:\/\/bobvarela.com\/wp-content\/flagallery\/pablo-erroz-en-el-080-barcelona-fashion-fallwinter-2016-2017\/thumbs\/thumbs_pablo_erroz_058.jpg\" alt=\"Ready to Wear Fall\/Winter 2016-2017\" class=\"noLazy flagpm_photo swiper-lazy flagpm_photo_portrait\"><span class=\"swiper-lazy-preloader swiper-lazy-preloader-black\"><\/span><\/div><div class=\"swiper-slide flagpm_photo\" data-photo-id=\"23018\"><img data-src=\"https:\/\/bobvarela.com\/wp-content\/flagallery\/pablo-erroz-en-el-080-barcelona-fashion-fallwinter-2016-2017\/thumbs\/thumbs_pablo_erroz_059.jpg\" alt=\"Ready to Wear Fall\/Winter 2016-2017\" class=\"noLazy flagpm_photo swiper-lazy flagpm_photo_portrait\"><span class=\"swiper-lazy-preloader swiper-lazy-preloader-black\"><\/span><\/div><div class=\"swiper-slide flagpm_photo\" data-photo-id=\"23019\"><img data-src=\"https:\/\/bobvarela.com\/wp-content\/flagallery\/pablo-erroz-en-el-080-barcelona-fashion-fallwinter-2016-2017\/thumbs\/thumbs_pablo_erroz_060.jpg\" alt=\"Ready to Wear Fall\/Winter 2016-2017\" class=\"noLazy flagpm_photo swiper-lazy flagpm_photo_portrait\"><span class=\"swiper-lazy-preloader swiper-lazy-preloader-black\"><\/span><\/div> <\/div> <\/div> <\/div> <div class=\"flagpm_next_button\"><\/div> <\/div> <div class=\"flagpm_big_button_wrap\"> <div class=\"flagpm_share_wrapper\"> <a class=\"flagpm_button flagpm_share\">Share<\/a> <div class=\"flagpm_sharelizers_wrap\"> <ul class=\"flagpm_sharelizers\"> <li style=\"list-style:none;\"><a class=\"flagpm_button flagpm_facebook flagpm_sharelizer\">Facebook<\/a><\/li> <li style=\"list-style:none;\"><a class=\"flagpm_button flagpm_twitter flagpm_sharelizer\">Twitter<\/a><\/li> <li style=\"list-style:none;\"><a class=\"flagpm_button flagpm_pinterest flagpm_sharelizer\">Pinterest<\/a><\/li> <li style=\"list-style:none;\"><a class=\"flagpm_button flagpm_stumbleupon flagpm_sharelizer\">StumbleUpon<\/a><\/li> <\/ul> <\/div> <\/div> <a class=\"flagpm_button flagpm_like\">Like<\/a> <\/div> <div class=\"flagpm_big_button_wrap\"> <a class=\"flagpm_big_button flagpm_download_button\" href=\"https:\/\/bobvarela.com\/wp-content\/flagallery\/pablo-erroz-en-el-080-barcelona-fashion-fallwinter-2016-2017\/pablo_erroz_001.jpg\" download=\"pablo_erroz_001.jpg\"> <span class=\"flagpm_icon\"><\/span> <span class=\"flagpm_label\">Download<\/span> <\/a> <\/div> <div class=\"flagpm_big_button_wrap\"> <a class=\"flagpm_big_button flagpm_link_button flagpm_inactive\" > <span class=\"flagpm_icon\"><\/span> <span class=\"flagpm_label\">Open Link<\/span> <\/a> <\/div> <\/div> <\/div> <\/div> <div class=\"flagpm_focus_close_full\"> <span><a class=\"flagpm_button flagpm_close\">Close<\/a><\/span> <span><a class=\"flagpm_button flagpm_full\">Full<\/a><\/span> <\/div> <div class=\"flagpm_photo_details\"> <div class=\"flagpm_description_wrap\"> <div class=\"details_title\">Description<\/div> <div class=\"flagpm_description_text_wrap\"> <div class=\"flagpm_slide_description\"><p>Ready to Wear Fall\/Winter 2016-2017<\/p><\/div> <\/div> <\/div> <\/div> <div class=\"flagpm_focus_footer\"> <div class=\"flagpm_focus_keyboard\"> <div class=\"flagpm_focus_keyboard_title\">Keyboard Shortcuts <a class=\"flagpm_focus_keyboard_dismiss\">Dismiss<\/a><\/div> <ul> <li style=\"list-style:none;\"><a data-key=\"p\" class=\"flagpm_key\">S<\/a><span class=\"flagpm_label\">Slideshow<\/span><\/li> <li style=\"list-style:none;\"><a data-key=\"m\" class=\"flagpm_key\">M<\/a><span class=\"flagpm_label\">Maximize<\/span><\/li> <li style=\"list-style:none;\"><a data-key=\"left\" class=\"flagpm_key\">&nbsp;<\/a><span class=\"flagpm_label\">Previous<\/span><\/li> <li style=\"list-style:none;\"><a data-key=\"right\" class=\"flagpm_key\">&nbsp;<\/a><span class=\"flagpm_label\">Next<\/span><\/li> <li style=\"list-style:none;\"><a data-key=\"escape\" class=\"flagpm_key flagpm_esc\">esc<\/a><span class=\"flagpm_label\">Close<\/span><\/li> <\/ul> <\/div> <\/div> <\/div> <script type=\"text\/javascript\"> jQuery(function($) { var settings = {\"base_gallery_width\":\"800\",\"base_gallery_height\":\"500\",\"gallery_min_height\":\"230\",\"scale_mode\":\"fit\",\"initial_slide\":0,\"slideshow_autoplay\":\"0\",\"slideshow_delay\":\"7000\",\"gallery_focus\":\"0\",\"gallery_maximized\":\"0\",\"gallery_focus_maximized\":\"0\",\"keyboard_help\":\"1\",\"show_download_button\":\"1\",\"show_link_button\":\"1\",\"show_description\":\"1\",\"show_share_button\":\"1\",\"show_like_button\":\"1\",\"link_color\":\"#0099e5\",\"link_color_hover\":\"#02adea\",\"download_button_text\":\"Download\",\"link_button_text\":\"Open Link\",\"description_title\":\"Description\",\"key\":\"\",\"name\":\"\",\"gallID\":\"sc1_323\"}; var content = {\"data\":[{\"id\":\"22960\",\"image\":\"https:\\\/\\\/bobvarela.com\\\/wp-content\\\/flagallery\\\/pablo-erroz-en-el-080-barcelona-fashion-fallwinter-2016-2017\\\/webview\\\/pablo_erroz_001.jpg\",\"thumb\":\"https:\\\/\\\/bobvarela.com\\\/wp-content\\\/flagallery\\\/pablo-erroz-en-el-080-barcelona-fashion-fallwinter-2016-2017\\\/thumbs\\\/thumbs_pablo_erroz_001.jpg\",\"file\":\"pablo_erroz_001.jpg\",\"meta\":{\"aperture\":false,\"credit\":false,\"camera\":false,\"caption\":\"Ready to Wear Fall\\\/Winter 2016-2017\",\"created_timestamp\":\"February 2, 2016 11:27 am\",\"copyright\":\"\\u00c2\\u00a9 2016 Estrop-Barcelona PHOTOGRAPH FOR EDITORIAL USE ONLY\",\"focal_length\":false,\"iso\":false,\"shutter_speed\":false,\"flash\":false,\"title\":\"Ready to Wear Fall\\\/Winter 2016-2017\",\"keywords\":\"Fall\\\/Winter 2016-2017,Ready to Wear\",\"width\":667,\"height\":1000,\"saved\":true,\"thumbnail\":{\"width\":220,\"height\":220,\"ewww_image_optimizer\":\"Reduced by 11.1% (3.4&nbsp;kB)\"},\"webview\":{\"0\":667,\"1\":1000,\"2\":2,\"3\":\"width=\\\"667\\\" height=\\\"1000\\\"\",\"bits\":8,\"channels\":3,\"mime\":\"image\\\/jpeg\",\"ewww_image_optimizer\":\"Reduced by 5.1% (6.6&nbsp;kB) - Previously Optimized\"},\"0\":false,\"ewww_image_optimizer\":\"Reduced by 5.3% (9.5&nbsp;kB)\",\"views\":\"103\",\"likes\":\"0\"},\"title\":\"Ready to Wear Fall\\\/Winter 2016-2017\",\"description\":\"<p>Ready to Wear Fall\\\/Winter 2016-2017<\\\/p>\",\"link\":null,\"link_target\":\"\",\"download\":\"https:\\\/\\\/bobvarela.com\\\/wp-content\\\/flagallery\\\/pablo-erroz-en-el-080-barcelona-fashion-fallwinter-2016-2017\\\/pablo_erroz_001.jpg\",\"ratio\":0.6670000000000000373034936274052597582340240478515625},{\"id\":\"22961\",\"image\":\"https:\\\/\\\/bobvarela.com\\\/wp-content\\\/flagallery\\\/pablo-erroz-en-el-080-barcelona-fashion-fallwinter-2016-2017\\\/webview\\\/pablo_erroz_002.jpg\",\"thumb\":\"https:\\\/\\\/bobvarela.com\\\/wp-content\\\/flagallery\\\/pablo-erroz-en-el-080-barcelona-fashion-fallwinter-2016-2017\\\/thumbs\\\/thumbs_pablo_erroz_002.jpg\",\"file\":\"pablo_erroz_002.jpg\",\"meta\":{\"aperture\":false,\"credit\":false,\"camera\":false,\"caption\":\"Ready to Wear Fall\\\/Winter 2016-2017\",\"created_timestamp\":\"February 2, 2016 11:27 am\",\"copyright\":\"\\u00c2\\u00a9 2016 Estrop-Barcelona PHOTOGRAPH FOR EDITORIAL USE ONLY\",\"focal_length\":false,\"iso\":false,\"shutter_speed\":false,\"flash\":false,\"title\":\"Ready to Wear Fall\\\/Winter 2016-2017\",\"keywords\":\"Fall\\\/Winter 2016-2017,Ready to Wear\",\"width\":667,\"height\":1000,\"saved\":true,\"thumbnail\":{\"width\":220,\"height\":220,\"ewww_image_optimizer\":\"Reduced by 11.2% (4.7&nbsp;kB)\"},\"webview\":{\"0\":667,\"1\":1000,\"2\":2,\"3\":\"width=\\\"667\\\" height=\\\"1000\\\"\",\"bits\":8,\"channels\":3,\"mime\":\"image\\\/jpeg\",\"ewww_image_optimizer\":\"Reduced by 4.6% (6.7&nbsp;kB) - Previously Optimized\"},\"0\":false,\"ewww_image_optimizer\":\"Reduced by 4.4% (7.7&nbsp;kB)\",\"views\":\"1\",\"likes\":\"0\"},\"title\":\"Ready to Wear Fall\\\/Winter 2016-2017\",\"description\":\"<p>Ready to Wear Fall\\\/Winter 2016-2017<\\\/p>\",\"link\":null,\"link_target\":\"\",\"download\":\"https:\\\/\\\/bobvarela.com\\\/wp-content\\\/flagallery\\\/pablo-erroz-en-el-080-barcelona-fashion-fallwinter-2016-2017\\\/pablo_erroz_002.jpg\",\"ratio\":0.6670000000000000373034936274052597582340240478515625},{\"id\":\"22962\",\"image\":\"https:\\\/\\\/bobvarela.com\\\/wp-content\\\/flagallery\\\/pablo-erroz-en-el-080-barcelona-fashion-fallwinter-2016-2017\\\/webview\\\/pablo_erroz_003.jpg\",\"thumb\":\"https:\\\/\\\/bobvarela.com\\\/wp-content\\\/flagallery\\\/pablo-erroz-en-el-080-barcelona-fashion-fallwinter-2016-2017\\\/thumbs\\\/thumbs_pablo_erroz_003.jpg\",\"file\":\"pablo_erroz_003.jpg\",\"meta\":{\"aperture\":false,\"credit\":false,\"camera\":false,\"caption\":\"Ready to Wear Fall\\\/Winter 2016-2017\",\"created_timestamp\":\"February 2, 2016 11:27 am\",\"copyright\":\"\\u00c2\\u00a9 2016 Estrop-Barcelona PHOTOGRAPH FOR EDITORIAL USE ONLY\",\"focal_length\":false,\"iso\":false,\"shutter_speed\":false,\"flash\":false,\"title\":\"Ready to Wear Fall\\\/Winter 2016-2017\",\"keywords\":\"Fall\\\/Winter 2016-2017,Ready to Wear\",\"width\":667,\"height\":1000,\"saved\":true,\"thumbnail\":{\"width\":220,\"height\":220,\"ewww_image_optimizer\":\"Reduced by 12.5% (4.6&nbsp;kB)\"},\"webview\":{\"0\":667,\"1\":1000,\"2\":2,\"3\":\"width=\\\"667\\\" height=\\\"1000\\\"\",\"bits\":8,\"channels\":3,\"mime\":\"image\\\/jpeg\",\"ewww_image_optimizer\":\"Reduced by 4.9% (8.2&nbsp;kB) - Previously Optimized\"},\"0\":false,\"ewww_image_optimizer\":\"Reduced by 7.2% (13.1&nbsp;kB)\",\"views\":\"1\",\"likes\":\"0\"},\"title\":\"Ready to Wear Fall\\\/Winter 2016-2017\",\"description\":\"<p>Ready to Wear Fall\\\/Winter 2016-2017<\\\/p>\",\"link\":null,\"link_target\":\"\",\"download\":\"https:\\\/\\\/bobvarela.com\\\/wp-content\\\/flagallery\\\/pablo-erroz-en-el-080-barcelona-fashion-fallwinter-2016-2017\\\/pablo_erroz_003.jpg\",\"ratio\":0.6670000000000000373034936274052597582340240478515625},{\"id\":\"22963\",\"image\":\"https:\\\/\\\/bobvarela.com\\\/wp-content\\\/flagallery\\\/pablo-erroz-en-el-080-barcelona-fashion-fallwinter-2016-2017\\\/webview\\\/pablo_erroz_004.jpg\",\"thumb\":\"https:\\\/\\\/bobvarela.com\\\/wp-content\\\/flagallery\\\/pablo-erroz-en-el-080-barcelona-fashion-fallwinter-2016-2017\\\/thumbs\\\/thumbs_pablo_erroz_004.jpg\",\"file\":\"pablo_erroz_004.jpg\",\"meta\":{\"aperture\":false,\"credit\":false,\"camera\":false,\"caption\":\"Ready to Wear Fall\\\/Winter 2016-2017\",\"created_timestamp\":\"February 2, 2016 11:27 am\",\"copyright\":\"\\u00c2\\u00a9 2016 Estrop-Barcelona PHOTOGRAPH FOR EDITORIAL USE ONLY\",\"focal_length\":false,\"iso\":false,\"shutter_speed\":false,\"flash\":false,\"title\":\"Ready to Wear Fall\\\/Winter 2016-2017\",\"keywords\":\"Fall\\\/Winter 2016-2017,Ready to Wear\",\"width\":667,\"height\":1000,\"saved\":true,\"thumbnail\":{\"width\":220,\"height\":220,\"ewww_image_optimizer\":\"Reduced by 10.1% (2.8&nbsp;kB)\"},\"webview\":{\"0\":667,\"1\":1000,\"2\":2,\"3\":\"width=\\\"667\\\" height=\\\"1000\\\"\",\"bits\":8,\"channels\":3,\"mime\":\"image\\\/jpeg\",\"ewww_image_optimizer\":\"Reduced by 5.1% (5.7&nbsp;kB) - Previously Optimized\"},\"0\":false,\"ewww_image_optimizer\":\"Reduced by 5.2% (8.2&nbsp;kB)\",\"views\":\"0\",\"likes\":\"0\"},\"title\":\"Ready to Wear Fall\\\/Winter 2016-2017\",\"description\":\"<p>Ready to Wear Fall\\\/Winter 2016-2017<\\\/p>\",\"link\":null,\"link_target\":\"\",\"download\":\"https:\\\/\\\/bobvarela.com\\\/wp-content\\\/flagallery\\\/pablo-erroz-en-el-080-barcelona-fashion-fallwinter-2016-2017\\\/pablo_erroz_004.jpg\",\"ratio\":0.6670000000000000373034936274052597582340240478515625},{\"id\":\"22964\",\"image\":\"https:\\\/\\\/bobvarela.com\\\/wp-content\\\/flagallery\\\/pablo-erroz-en-el-080-barcelona-fashion-fallwinter-2016-2017\\\/webview\\\/pablo_erroz_005.jpg\",\"thumb\":\"https:\\\/\\\/bobvarela.com\\\/wp-content\\\/flagallery\\\/pablo-erroz-en-el-080-barcelona-fashion-fallwinter-2016-2017\\\/thumbs\\\/thumbs_pablo_erroz_005.jpg\",\"file\":\"pablo_erroz_005.jpg\",\"meta\":{\"aperture\":false,\"credit\":false,\"camera\":false,\"caption\":\"Ready to Wear Fall\\\/Winter 2016-2017\",\"created_timestamp\":\"February 2, 2016 11:27 am\",\"copyright\":\"\\u00c2\\u00a9 2016 Estrop-Barcelona PHOTOGRAPH FOR EDITORIAL USE ONLY\",\"focal_length\":false,\"iso\":false,\"shutter_speed\":false,\"flash\":false,\"title\":\"Ready to Wear Fall\\\/Winter 2016-2017\",\"keywords\":\"Fall\\\/Winter 2016-2017,Ready to Wear\",\"width\":667,\"height\":1000,\"saved\":true,\"thumbnail\":{\"width\":220,\"height\":220,\"ewww_image_optimizer\":\"Reduced by 12.5% (4.5&nbsp;kB)\"},\"webview\":{\"0\":667,\"1\":1000,\"2\":2,\"3\":\"width=\\\"667\\\" height=\\\"1000\\\"\",\"bits\":8,\"channels\":3,\"mime\":\"image\\\/jpeg\",\"ewww_image_optimizer\":\"Reduced by 5.0% (8.1&nbsp;kB) - Previously Optimized\"},\"0\":false,\"ewww_image_optimizer\":\"Reduced by 7.0% (12.2&nbsp;kB)\",\"views\":\"1\",\"likes\":\"0\"},\"title\":\"Ready to Wear Fall\\\/Winter 2016-2017\",\"description\":\"<p>Ready to Wear Fall\\\/Winter 2016-2017<\\\/p>\",\"link\":null,\"link_target\":\"\",\"download\":\"https:\\\/\\\/bobvarela.com\\\/wp-content\\\/flagallery\\\/pablo-erroz-en-el-080-barcelona-fashion-fallwinter-2016-2017\\\/pablo_erroz_005.jpg\",\"ratio\":0.6670000000000000373034936274052597582340240478515625},{\"id\":\"22965\",\"image\":\"https:\\\/\\\/bobvarela.com\\\/wp-content\\\/flagallery\\\/pablo-erroz-en-el-080-barcelona-fashion-fallwinter-2016-2017\\\/webview\\\/pablo_erroz_006.jpg\",\"thumb\":\"https:\\\/\\\/bobvarela.com\\\/wp-content\\\/flagallery\\\/pablo-erroz-en-el-080-barcelona-fashion-fallwinter-2016-2017\\\/thumbs\\\/thumbs_pablo_erroz_006.jpg\",\"file\":\"pablo_erroz_006.jpg\",\"meta\":{\"aperture\":false,\"credit\":false,\"camera\":false,\"caption\":\"Ready to Wear Fall\\\/Winter 2016-2017\",\"created_timestamp\":\"February 2, 2016 11:28 am\",\"copyright\":\"\\u00c2\\u00a9 2016 Estrop-Barcelona PHOTOGRAPH FOR EDITORIAL USE ONLY\",\"focal_length\":false,\"iso\":false,\"shutter_speed\":false,\"flash\":false,\"title\":\"Ready to Wear Fall\\\/Winter 2016-2017\",\"keywords\":\"Fall\\\/Winter 2016-2017,Ready to Wear\",\"width\":667,\"height\":1000,\"saved\":true,\"thumbnail\":{\"width\":220,\"height\":220,\"ewww_image_optimizer\":\"Reduced by 9.9% (3.0&nbsp;kB)\"},\"webview\":{\"0\":667,\"1\":1000,\"2\":2,\"3\":\"width=\\\"667\\\" height=\\\"1000\\\"\",\"bits\":8,\"channels\":3,\"mime\":\"image\\\/jpeg\",\"ewww_image_optimizer\":\"Reduced by 4.3% (4.4&nbsp;kB) - Previously Optimized\"},\"0\":false,\"ewww_image_optimizer\":\"Reduced by 5.1% (9.8&nbsp;kB)\",\"views\":\"1\",\"likes\":\"0\"},\"title\":\"Ready to Wear Fall\\\/Winter 2016-2017\",\"description\":\"<p>Ready to Wear Fall\\\/Winter 2016-2017<\\\/p>\",\"link\":null,\"link_target\":\"\",\"download\":\"https:\\\/\\\/bobvarela.com\\\/wp-content\\\/flagallery\\\/pablo-erroz-en-el-080-barcelona-fashion-fallwinter-2016-2017\\\/pablo_erroz_006.jpg\",\"ratio\":0.6670000000000000373034936274052597582340240478515625},{\"id\":\"22966\",\"image\":\"https:\\\/\\\/bobvarela.com\\\/wp-content\\\/flagallery\\\/pablo-erroz-en-el-080-barcelona-fashion-fallwinter-2016-2017\\\/webview\\\/pablo_erroz_007.jpg\",\"thumb\":\"https:\\\/\\\/bobvarela.com\\\/wp-content\\\/flagallery\\\/pablo-erroz-en-el-080-barcelona-fashion-fallwinter-2016-2017\\\/thumbs\\\/thumbs_pablo_erroz_007.jpg\",\"file\":\"pablo_erroz_007.jpg\",\"meta\":{\"aperture\":false,\"credit\":false,\"camera\":false,\"caption\":\"Ready to Wear Fall\\\/Winter 2016-2017\",\"created_timestamp\":\"February 2, 2016 11:28 am\",\"copyright\":\"\\u00c2\\u00a9 2016 Estrop-Barcelona PHOTOGRAPH FOR EDITORIAL USE ONLY\",\"focal_length\":false,\"iso\":false,\"shutter_speed\":false,\"flash\":false,\"title\":\"Ready to Wear Fall\\\/Winter 2016-2017\",\"keywords\":\"Fall\\\/Winter 2016-2017,Ready to Wear\",\"width\":667,\"height\":1000,\"saved\":true,\"thumbnail\":{\"width\":220,\"height\":220,\"ewww_image_optimizer\":\"Reduced by 12.7% (4.9&nbsp;kB)\"},\"webview\":{\"0\":667,\"1\":1000,\"2\":2,\"3\":\"width=\\\"667\\\" height=\\\"1000\\\"\",\"bits\":8,\"channels\":3,\"mime\":\"image\\\/jpeg\",\"ewww_image_optimizer\":\"Reduced by 4.7% (7.1&nbsp;kB) - Previously Optimized\"},\"0\":false,\"ewww_image_optimizer\":\"Reduced by 6.7% (10.8&nbsp;kB)\",\"views\":\"1\",\"likes\":\"0\"},\"title\":\"Ready to Wear Fall\\\/Winter 2016-2017\",\"description\":\"<p>Ready to Wear Fall\\\/Winter 2016-2017<\\\/p>\",\"link\":null,\"link_target\":\"\",\"download\":\"https:\\\/\\\/bobvarela.com\\\/wp-content\\\/flagallery\\\/pablo-erroz-en-el-080-barcelona-fashion-fallwinter-2016-2017\\\/pablo_erroz_007.jpg\",\"ratio\":0.6670000000000000373034936274052597582340240478515625},{\"id\":\"22967\",\"image\":\"https:\\\/\\\/bobvarela.com\\\/wp-content\\\/flagallery\\\/pablo-erroz-en-el-080-barcelona-fashion-fallwinter-2016-2017\\\/webview\\\/pablo_erroz_008.jpg\",\"thumb\":\"https:\\\/\\\/bobvarela.com\\\/wp-content\\\/flagallery\\\/pablo-erroz-en-el-080-barcelona-fashion-fallwinter-2016-2017\\\/thumbs\\\/thumbs_pablo_erroz_008.jpg\",\"file\":\"pablo_erroz_008.jpg\",\"meta\":{\"aperture\":false,\"credit\":false,\"camera\":false,\"caption\":\"Ready to Wear Fall\\\/Winter 2016-2017\",\"created_timestamp\":\"February 2, 2016 11:28 am\",\"copyright\":\"\\u00c2\\u00a9 2016 Estrop-Barcelona PHOTOGRAPH FOR EDITORIAL USE ONLY\",\"focal_length\":false,\"iso\":false,\"shutter_speed\":false,\"flash\":false,\"title\":\"Ready to Wear Fall\\\/Winter 2016-2017\",\"keywords\":\"Fall\\\/Winter 2016-2017,Ready to Wear\",\"width\":667,\"height\":1000,\"saved\":true,\"thumbnail\":{\"width\":220,\"height\":220,\"ewww_image_optimizer\":\"Reduced by 10.2% (3.2&nbsp;kB)\"},\"webview\":{\"0\":667,\"1\":1000,\"2\":2,\"3\":\"width=\\\"667\\\" height=\\\"1000\\\"\",\"bits\":8,\"channels\":3,\"mime\":\"image\\\/jpeg\",\"ewww_image_optimizer\":\"Reduced by 4.8% (5.3&nbsp;kB) - Previously Optimized\"},\"0\":false,\"ewww_image_optimizer\":\"Reduced by 4.5% (6.8&nbsp;kB)\",\"views\":\"0\",\"likes\":\"0\"},\"title\":\"Ready to Wear Fall\\\/Winter 2016-2017\",\"description\":\"<p>Ready to Wear Fall\\\/Winter 2016-2017<\\\/p>\",\"link\":null,\"link_target\":\"\",\"download\":\"https:\\\/\\\/bobvarela.com\\\/wp-content\\\/flagallery\\\/pablo-erroz-en-el-080-barcelona-fashion-fallwinter-2016-2017\\\/pablo_erroz_008.jpg\",\"ratio\":0.6670000000000000373034936274052597582340240478515625},{\"id\":\"22968\",\"image\":\"https:\\\/\\\/bobvarela.com\\\/wp-content\\\/flagallery\\\/pablo-erroz-en-el-080-barcelona-fashion-fallwinter-2016-2017\\\/webview\\\/pablo_erroz_009.jpg\",\"thumb\":\"https:\\\/\\\/bobvarela.com\\\/wp-content\\\/flagallery\\\/pablo-erroz-en-el-080-barcelona-fashion-fallwinter-2016-2017\\\/thumbs\\\/thumbs_pablo_erroz_009.jpg\",\"file\":\"pablo_erroz_009.jpg\",\"meta\":{\"aperture\":false,\"credit\":false,\"camera\":false,\"caption\":\"Ready to Wear Fall\\\/Winter 2016-2017\",\"created_timestamp\":\"February 2, 2016 11:28 am\",\"copyright\":\"\\u00c2\\u00a9 2016 Estrop-Barcelona PHOTOGRAPH FOR EDITORIAL USE ONLY\",\"focal_length\":false,\"iso\":false,\"shutter_speed\":false,\"flash\":false,\"title\":\"Ready to Wear Fall\\\/Winter 2016-2017\",\"keywords\":\"Fall\\\/Winter 2016-2017,Ready to Wear\",\"width\":667,\"height\":1000,\"saved\":true,\"thumbnail\":{\"width\":220,\"height\":220,\"ewww_image_optimizer\":\"Reduced by 11.5% (4.3&nbsp;kB)\"},\"webview\":{\"0\":667,\"1\":1000,\"2\":2,\"3\":\"width=\\\"667\\\" height=\\\"1000\\\"\",\"bits\":8,\"channels\":3,\"mime\":\"image\\\/jpeg\",\"ewww_image_optimizer\":\"Reduced by 4.1% (6.0&nbsp;kB) - Previously Optimized\"},\"0\":false,\"ewww_image_optimizer\":\"Reduced by 6.7% (12.1&nbsp;kB)\",\"views\":\"0\",\"likes\":\"0\"},\"title\":\"Ready to Wear Fall\\\/Winter 2016-2017\",\"description\":\"<p>Ready to Wear Fall\\\/Winter 2016-2017<\\\/p>\",\"link\":null,\"link_target\":\"\",\"download\":\"https:\\\/\\\/bobvarela.com\\\/wp-content\\\/flagallery\\\/pablo-erroz-en-el-080-barcelona-fashion-fallwinter-2016-2017\\\/pablo_erroz_009.jpg\",\"ratio\":0.6670000000000000373034936274052597582340240478515625},{\"id\":\"22969\",\"image\":\"https:\\\/\\\/bobvarela.com\\\/wp-content\\\/flagallery\\\/pablo-erroz-en-el-080-barcelona-fashion-fallwinter-2016-2017\\\/webview\\\/pablo_erroz_010.jpg\",\"thumb\":\"https:\\\/\\\/bobvarela.com\\\/wp-content\\\/flagallery\\\/pablo-erroz-en-el-080-barcelona-fashion-fallwinter-2016-2017\\\/thumbs\\\/thumbs_pablo_erroz_010.jpg\",\"file\":\"pablo_erroz_010.jpg\",\"meta\":{\"aperture\":false,\"credit\":false,\"camera\":false,\"caption\":\"Ready to Wear Fall\\\/Winter 2016-2017\",\"created_timestamp\":\"February 2, 2016 11:27 am\",\"copyright\":\"\\u00c2\\u00a9 2016 Estrop-Barcelona PHOTOGRAPH FOR EDITORIAL USE ONLY\",\"focal_length\":false,\"iso\":false,\"shutter_speed\":false,\"flash\":false,\"title\":\"Ready to Wear Fall\\\/Winter 2016-2017\",\"keywords\":\"Fall\\\/Winter 2016-2017,Ready to Wear\",\"width\":667,\"height\":1000,\"saved\":true,\"thumbnail\":{\"width\":220,\"height\":220,\"ewww_image_optimizer\":\"Reduced by 8.9% (2.6&nbsp;kB)\"},\"webview\":{\"0\":667,\"1\":1000,\"2\":2,\"3\":\"width=\\\"667\\\" height=\\\"1000\\\"\",\"bits\":8,\"channels\":3,\"mime\":\"image\\\/jpeg\",\"ewww_image_optimizer\":\"Reduced by 5.3% (4.2&nbsp;kB) - Previously Optimized\"},\"0\":false,\"ewww_image_optimizer\":\"Reduced by 4.2% (7.0&nbsp;kB)\",\"views\":\"1\",\"likes\":\"0\"},\"title\":\"Ready to Wear Fall\\\/Winter 2016-2017\",\"description\":\"<p>Ready to Wear Fall\\\/Winter 2016-2017<\\\/p>\",\"link\":null,\"link_target\":\"\",\"download\":\"https:\\\/\\\/bobvarela.com\\\/wp-content\\\/flagallery\\\/pablo-erroz-en-el-080-barcelona-fashion-fallwinter-2016-2017\\\/pablo_erroz_010.jpg\",\"ratio\":0.6670000000000000373034936274052597582340240478515625},{\"id\":\"22970\",\"image\":\"https:\\\/\\\/bobvarela.com\\\/wp-content\\\/flagallery\\\/pablo-erroz-en-el-080-barcelona-fashion-fallwinter-2016-2017\\\/webview\\\/pablo_erroz_011.jpg\",\"thumb\":\"https:\\\/\\\/bobvarela.com\\\/wp-content\\\/flagallery\\\/pablo-erroz-en-el-080-barcelona-fashion-fallwinter-2016-2017\\\/thumbs\\\/thumbs_pablo_erroz_011.jpg\",\"file\":\"pablo_erroz_011.jpg\",\"meta\":{\"aperture\":false,\"credit\":false,\"camera\":false,\"caption\":\"Ready to Wear Fall\\\/Winter 2016-2017\",\"created_timestamp\":\"February 2, 2016 11:28 am\",\"copyright\":\"\\u00c2\\u00a9 2016 Estrop-Barcelona PHOTOGRAPH FOR EDITORIAL USE ONLY\",\"focal_length\":false,\"iso\":false,\"shutter_speed\":false,\"flash\":false,\"title\":\"Ready to Wear Fall\\\/Winter 2016-2017\",\"keywords\":\"Fall\\\/Winter 2016-2017,Ready to Wear\",\"width\":667,\"height\":1000,\"saved\":true,\"thumbnail\":{\"width\":220,\"height\":220,\"ewww_image_optimizer\":\"Reduced by 9.5% (2.9&nbsp;kB)\"},\"webview\":{\"0\":667,\"1\":1000,\"2\":2,\"3\":\"width=\\\"667\\\" height=\\\"1000\\\"\",\"bits\":8,\"channels\":3,\"mime\":\"image\\\/jpeg\",\"ewww_image_optimizer\":\"Reduced by 4.2% (3.7&nbsp;kB) - Previously Optimized\"},\"0\":false,\"ewww_image_optimizer\":\"Reduced by 4.2% (7.2&nbsp;kB)\",\"views\":\"0\",\"likes\":\"0\"},\"title\":\"Ready to Wear Fall\\\/Winter 2016-2017\",\"description\":\"<p>Ready to Wear Fall\\\/Winter 2016-2017<\\\/p>\",\"link\":null,\"link_target\":\"\",\"download\":\"https:\\\/\\\/bobvarela.com\\\/wp-content\\\/flagallery\\\/pablo-erroz-en-el-080-barcelona-fashion-fallwinter-2016-2017\\\/pablo_erroz_011.jpg\",\"ratio\":0.6670000000000000373034936274052597582340240478515625},{\"id\":\"22971\",\"image\":\"https:\\\/\\\/bobvarela.com\\\/wp-content\\\/flagallery\\\/pablo-erroz-en-el-080-barcelona-fashion-fallwinter-2016-2017\\\/webview\\\/pablo_erroz_012.jpg\",\"thumb\":\"https:\\\/\\\/bobvarela.com\\\/wp-content\\\/flagallery\\\/pablo-erroz-en-el-080-barcelona-fashion-fallwinter-2016-2017\\\/thumbs\\\/thumbs_pablo_erroz_012.jpg\",\"file\":\"pablo_erroz_012.jpg\",\"meta\":{\"aperture\":false,\"credit\":false,\"camera\":false,\"caption\":\"Ready to Wear Fall\\\/Winter 2016-2017\",\"created_timestamp\":\"February 2, 2016 11:28 am\",\"copyright\":\"\\u00c2\\u00a9 2016 Estrop-Barcelona PHOTOGRAPH FOR EDITORIAL USE ONLY\",\"focal_length\":false,\"iso\":false,\"shutter_speed\":false,\"flash\":false,\"title\":\"Ready to Wear Fall\\\/Winter 2016-2017\",\"keywords\":\"Fall\\\/Winter 2016-2017,Ready to Wear\",\"width\":667,\"height\":1000,\"saved\":true,\"thumbnail\":{\"width\":220,\"height\":220,\"ewww_image_optimizer\":\"Reduced by 8.9% (3.1&nbsp;kB)\"},\"webview\":{\"0\":667,\"1\":1000,\"2\":2,\"3\":\"width=\\\"667\\\" height=\\\"1000\\\"\",\"bits\":8,\"channels\":3,\"mime\":\"image\\\/jpeg\",\"ewww_image_optimizer\":\"Reduced by 4.3% (4.0&nbsp;kB) - Previously Optimized\"},\"0\":false,\"ewww_image_optimizer\":\"Reduced by 4.3% (7.9&nbsp;kB)\",\"views\":\"0\",\"likes\":\"0\"},\"title\":\"Ready to Wear Fall\\\/Winter 2016-2017\",\"description\":\"<p>Ready to Wear Fall\\\/Winter 2016-2017<\\\/p>\",\"link\":null,\"link_target\":\"\",\"download\":\"https:\\\/\\\/bobvarela.com\\\/wp-content\\\/flagallery\\\/pablo-erroz-en-el-080-barcelona-fashion-fallwinter-2016-2017\\\/pablo_erroz_012.jpg\",\"ratio\":0.6670000000000000373034936274052597582340240478515625},{\"id\":\"22972\",\"image\":\"https:\\\/\\\/bobvarela.com\\\/wp-content\\\/flagallery\\\/pablo-erroz-en-el-080-barcelona-fashion-fallwinter-2016-2017\\\/webview\\\/pablo_erroz_013.jpg\",\"thumb\":\"https:\\\/\\\/bobvarela.com\\\/wp-content\\\/flagallery\\\/pablo-erroz-en-el-080-barcelona-fashion-fallwinter-2016-2017\\\/thumbs\\\/thumbs_pablo_erroz_013.jpg\",\"file\":\"pablo_erroz_013.jpg\",\"meta\":{\"aperture\":false,\"credit\":false,\"camera\":false,\"caption\":\"Ready to Wear Fall\\\/Winter 2016-2017\",\"created_timestamp\":\"February 2, 2016 11:28 am\",\"copyright\":\"\\u00c2\\u00a9 2016 Estrop-Barcelona PHOTOGRAPH FOR EDITORIAL USE ONLY\",\"focal_length\":false,\"iso\":false,\"shutter_speed\":false,\"flash\":false,\"title\":\"Ready to Wear Fall\\\/Winter 2016-2017\",\"keywords\":\"Fall\\\/Winter 2016-2017,Ready to Wear\",\"width\":1000,\"height\":667,\"saved\":true,\"thumbnail\":{\"width\":220,\"height\":220,\"ewww_image_optimizer\":\"Reduced by 8.5% (3.1&nbsp;kB)\"},\"webview\":{\"0\":1000,\"1\":667,\"2\":2,\"3\":\"width=\\\"1000\\\" height=\\\"667\\\"\",\"bits\":8,\"channels\":3,\"mime\":\"image\\\/jpeg\",\"ewww_image_optimizer\":\"Reduced by 5.7% (5.3&nbsp;kB) - Previously Optimized\"},\"0\":false,\"ewww_image_optimizer\":\"Reduced by 4.9% (8.9&nbsp;kB)\",\"views\":\"0\",\"likes\":\"0\"},\"title\":\"Ready to Wear Fall\\\/Winter 2016-2017\",\"description\":\"<p>Ready to Wear Fall\\\/Winter 2016-2017<\\\/p>\",\"link\":null,\"link_target\":\"\",\"download\":\"https:\\\/\\\/bobvarela.com\\\/wp-content\\\/flagallery\\\/pablo-erroz-en-el-080-barcelona-fashion-fallwinter-2016-2017\\\/pablo_erroz_013.jpg\",\"ratio\":1.4992503748125936002821845249854959547519683837890625},{\"id\":\"22973\",\"image\":\"https:\\\/\\\/bobvarela.com\\\/wp-content\\\/flagallery\\\/pablo-erroz-en-el-080-barcelona-fashion-fallwinter-2016-2017\\\/webview\\\/pablo_erroz_014.jpg\",\"thumb\":\"https:\\\/\\\/bobvarela.com\\\/wp-content\\\/flagallery\\\/pablo-erroz-en-el-080-barcelona-fashion-fallwinter-2016-2017\\\/thumbs\\\/thumbs_pablo_erroz_014.jpg\",\"file\":\"pablo_erroz_014.jpg\",\"meta\":{\"aperture\":false,\"credit\":false,\"camera\":false,\"caption\":\"Ready to Wear Fall\\\/Winter 2016-2017\",\"created_timestamp\":\"February 2, 2016 11:28 am\",\"copyright\":\"\\u00c2\\u00a9 2016 Estrop-Barcelona PHOTOGRAPH FOR EDITORIAL USE ONLY\",\"focal_length\":false,\"iso\":false,\"shutter_speed\":false,\"flash\":false,\"title\":\"Ready to Wear Fall\\\/Winter 2016-2017\",\"keywords\":\"Fall\\\/Winter 2016-2017,Ready to Wear\",\"width\":667,\"height\":1000,\"saved\":true,\"thumbnail\":{\"width\":220,\"height\":220,\"ewww_image_optimizer\":\"Reduced by 11.2% (3.4&nbsp;kB)\"},\"webview\":{\"0\":667,\"1\":1000,\"2\":2,\"3\":\"width=\\\"667\\\" height=\\\"1000\\\"\",\"bits\":8,\"channels\":3,\"mime\":\"image\\\/jpeg\",\"ewww_image_optimizer\":\"Reduced by 5.9% (7.0&nbsp;kB) - Previously Optimized\"},\"0\":false,\"ewww_image_optimizer\":\"Reduced by 6.3% (10.4&nbsp;kB)\",\"views\":\"2\",\"likes\":\"0\"},\"title\":\"Ready to Wear Fall\\\/Winter 2016-2017\",\"description\":\"<p>Ready to Wear Fall\\\/Winter 2016-2017<\\\/p>\",\"link\":null,\"link_target\":\"\",\"download\":\"https:\\\/\\\/bobvarela.com\\\/wp-content\\\/flagallery\\\/pablo-erroz-en-el-080-barcelona-fashion-fallwinter-2016-2017\\\/pablo_erroz_014.jpg\",\"ratio\":0.6670000000000000373034936274052597582340240478515625},{\"id\":\"22974\",\"image\":\"https:\\\/\\\/bobvarela.com\\\/wp-content\\\/flagallery\\\/pablo-erroz-en-el-080-barcelona-fashion-fallwinter-2016-2017\\\/webview\\\/pablo_erroz_015.jpg\",\"thumb\":\"https:\\\/\\\/bobvarela.com\\\/wp-content\\\/flagallery\\\/pablo-erroz-en-el-080-barcelona-fashion-fallwinter-2016-2017\\\/thumbs\\\/thumbs_pablo_erroz_015.jpg\",\"file\":\"pablo_erroz_015.jpg\",\"meta\":{\"aperture\":false,\"credit\":false,\"camera\":false,\"caption\":\"Ready to Wear Fall\\\/Winter 2016-2017\",\"created_timestamp\":\"February 2, 2016 11:28 am\",\"copyright\":\"\\u00c2\\u00a9 2016 Estrop-Barcelona PHOTOGRAPH FOR EDITORIAL USE ONLY\",\"focal_length\":false,\"iso\":false,\"shutter_speed\":false,\"flash\":false,\"title\":\"Ready to Wear Fall\\\/Winter 2016-2017\",\"keywords\":\"Fall\\\/Winter 2016-2017,Ready to Wear\",\"width\":667,\"height\":1000,\"saved\":true,\"thumbnail\":{\"width\":220,\"height\":220,\"ewww_image_optimizer\":\"Reduced by 12.3% (4.2&nbsp;kB)\"},\"webview\":{\"0\":667,\"1\":1000,\"2\":2,\"3\":\"width=\\\"667\\\" height=\\\"1000\\\"\",\"bits\":8,\"channels\":3,\"mime\":\"image\\\/jpeg\",\"ewww_image_optimizer\":\"Reduced by 6.1% (8.1&nbsp;kB) - Previously Optimized\"},\"0\":false,\"ewww_image_optimizer\":\"Reduced by 9.1% (15.4&nbsp;kB)\",\"views\":\"1\",\"likes\":\"0\"},\"title\":\"Ready to Wear Fall\\\/Winter 2016-2017\",\"description\":\"<p>Ready to Wear Fall\\\/Winter 2016-2017<\\\/p>\",\"link\":null,\"link_target\":\"\",\"download\":\"https:\\\/\\\/bobvarela.com\\\/wp-content\\\/flagallery\\\/pablo-erroz-en-el-080-barcelona-fashion-fallwinter-2016-2017\\\/pablo_erroz_015.jpg\",\"ratio\":0.6670000000000000373034936274052597582340240478515625},{\"id\":\"22975\",\"image\":\"https:\\\/\\\/bobvarela.com\\\/wp-content\\\/flagallery\\\/pablo-erroz-en-el-080-barcelona-fashion-fallwinter-2016-2017\\\/webview\\\/pablo_erroz_016.jpg\",\"thumb\":\"https:\\\/\\\/bobvarela.com\\\/wp-content\\\/flagallery\\\/pablo-erroz-en-el-080-barcelona-fashion-fallwinter-2016-2017\\\/thumbs\\\/thumbs_pablo_erroz_016.jpg\",\"file\":\"pablo_erroz_016.jpg\",\"meta\":{\"aperture\":false,\"credit\":false,\"camera\":false,\"caption\":\"Ready to Wear Fall\\\/Winter 2016-2017\",\"created_timestamp\":\"February 2, 2016 11:28 am\",\"copyright\":\"\\u00c2\\u00a9 2016 Estrop-Barcelona PHOTOGRAPH FOR EDITORIAL USE ONLY\",\"focal_length\":false,\"iso\":false,\"shutter_speed\":false,\"flash\":false,\"title\":\"Ready to Wear Fall\\\/Winter 2016-2017\",\"keywords\":\"Fall\\\/Winter 2016-2017,Ready to Wear\",\"width\":667,\"height\":1000,\"saved\":true,\"thumbnail\":{\"width\":220,\"height\":220,\"ewww_image_optimizer\":\"Reduced by 10.2% (3.7&nbsp;kB)\"},\"webview\":{\"0\":667,\"1\":1000,\"2\":2,\"3\":\"width=\\\"667\\\" height=\\\"1000\\\"\",\"bits\":8,\"channels\":3,\"mime\":\"image\\\/jpeg\",\"ewww_image_optimizer\":\"Reduced by 5.9% (7.7&nbsp;kB) - Previously Optimized\"},\"0\":false,\"ewww_image_optimizer\":\"Reduced by 5.6% (10.1&nbsp;kB)\",\"views\":\"1\",\"likes\":\"0\"},\"title\":\"Ready to Wear Fall\\\/Winter 2016-2017\",\"description\":\"<p>Ready to Wear Fall\\\/Winter 2016-2017<\\\/p>\",\"link\":null,\"link_target\":\"\",\"download\":\"https:\\\/\\\/bobvarela.com\\\/wp-content\\\/flagallery\\\/pablo-erroz-en-el-080-barcelona-fashion-fallwinter-2016-2017\\\/pablo_erroz_016.jpg\",\"ratio\":0.6670000000000000373034936274052597582340240478515625},{\"id\":\"22976\",\"image\":\"https:\\\/\\\/bobvarela.com\\\/wp-content\\\/flagallery\\\/pablo-erroz-en-el-080-barcelona-fashion-fallwinter-2016-2017\\\/webview\\\/pablo_erroz_017.jpg\",\"thumb\":\"https:\\\/\\\/bobvarela.com\\\/wp-content\\\/flagallery\\\/pablo-erroz-en-el-080-barcelona-fashion-fallwinter-2016-2017\\\/thumbs\\\/thumbs_pablo_erroz_017.jpg\",\"file\":\"pablo_erroz_017.jpg\",\"meta\":{\"aperture\":false,\"credit\":false,\"camera\":false,\"caption\":\"Ready to Wear Fall\\\/Winter 2016-2017\",\"created_timestamp\":\"February 2, 2016 11:28 am\",\"copyright\":\"\\u00c2\\u00a9 2016 Estrop-Barcelona PHOTOGRAPH FOR EDITORIAL USE ONLY\",\"focal_length\":false,\"iso\":false,\"shutter_speed\":false,\"flash\":false,\"title\":\"Ready to Wear Fall\\\/Winter 2016-2017\",\"keywords\":\"Fall\\\/Winter 2016-2017,Ready to Wear\",\"width\":667,\"height\":1000,\"saved\":true,\"thumbnail\":{\"width\":220,\"height\":220,\"ewww_image_optimizer\":\"Reduced by 9.3% (2.7&nbsp;kB)\"},\"webview\":{\"0\":667,\"1\":1000,\"2\":2,\"3\":\"width=\\\"667\\\" height=\\\"1000\\\"\",\"bits\":8,\"channels\":3,\"mime\":\"image\\\/jpeg\",\"ewww_image_optimizer\":\"Reduced by 5.2% (4.7&nbsp;kB) - Previously Optimized\"},\"0\":false,\"ewww_image_optimizer\":\"Reduced by 5.4% (9.3&nbsp;kB)\",\"views\":\"0\",\"likes\":\"0\"},\"title\":\"Ready to Wear Fall\\\/Winter 2016-2017\",\"description\":\"<p>Ready to Wear Fall\\\/Winter 2016-2017<\\\/p>\",\"link\":null,\"link_target\":\"\",\"download\":\"https:\\\/\\\/bobvarela.com\\\/wp-content\\\/flagallery\\\/pablo-erroz-en-el-080-barcelona-fashion-fallwinter-2016-2017\\\/pablo_erroz_017.jpg\",\"ratio\":0.6670000000000000373034936274052597582340240478515625},{\"id\":\"22977\",\"image\":\"https:\\\/\\\/bobvarela.com\\\/wp-content\\\/flagallery\\\/pablo-erroz-en-el-080-barcelona-fashion-fallwinter-2016-2017\\\/webview\\\/pablo_erroz_018.jpg\",\"thumb\":\"https:\\\/\\\/bobvarela.com\\\/wp-content\\\/flagallery\\\/pablo-erroz-en-el-080-barcelona-fashion-fallwinter-2016-2017\\\/thumbs\\\/thumbs_pablo_erroz_018.jpg\",\"file\":\"pablo_erroz_018.jpg\",\"meta\":{\"aperture\":false,\"credit\":false,\"camera\":false,\"caption\":\"Ready to Wear Fall\\\/Winter 2016-2017\",\"created_timestamp\":\"February 2, 2016 11:28 am\",\"copyright\":\"\\u00c2\\u00a9 2016 Estrop-Barcelona PHOTOGRAPH FOR EDITORIAL USE ONLY\",\"focal_length\":false,\"iso\":false,\"shutter_speed\":false,\"flash\":false,\"title\":\"Ready to Wear Fall\\\/Winter 2016-2017\",\"keywords\":\"Fall\\\/Winter 2016-2017,Ready to Wear\",\"width\":667,\"height\":1000,\"saved\":true,\"thumbnail\":{\"width\":220,\"height\":220,\"ewww_image_optimizer\":\"Reduced by 8.2% (2.7&nbsp;kB)\"},\"webview\":{\"0\":667,\"1\":1000,\"2\":2,\"3\":\"width=\\\"667\\\" height=\\\"1000\\\"\",\"bits\":8,\"channels\":3,\"mime\":\"image\\\/jpeg\",\"ewww_image_optimizer\":\"Reduced by 7.3% (8.3&nbsp;kB) - Previously Optimized\"},\"0\":false,\"ewww_image_optimizer\":\"Reduced by 6.2% (9.5&nbsp;kB)\",\"views\":\"2\",\"likes\":\"0\"},\"title\":\"Ready to Wear Fall\\\/Winter 2016-2017\",\"description\":\"<p>Ready to Wear Fall\\\/Winter 2016-2017<\\\/p>\",\"link\":null,\"link_target\":\"\",\"download\":\"https:\\\/\\\/bobvarela.com\\\/wp-content\\\/flagallery\\\/pablo-erroz-en-el-080-barcelona-fashion-fallwinter-2016-2017\\\/pablo_erroz_018.jpg\",\"ratio\":0.6670000000000000373034936274052597582340240478515625},{\"id\":\"22978\",\"image\":\"https:\\\/\\\/bobvarela.com\\\/wp-content\\\/flagallery\\\/pablo-erroz-en-el-080-barcelona-fashion-fallwinter-2016-2017\\\/webview\\\/pablo_erroz_019.jpg\",\"thumb\":\"https:\\\/\\\/bobvarela.com\\\/wp-content\\\/flagallery\\\/pablo-erroz-en-el-080-barcelona-fashion-fallwinter-2016-2017\\\/thumbs\\\/thumbs_pablo_erroz_019.jpg\",\"file\":\"pablo_erroz_019.jpg\",\"meta\":{\"aperture\":false,\"credit\":false,\"camera\":false,\"caption\":\"Ready to Wear Fall\\\/Winter 2016-2017\",\"created_timestamp\":\"February 2, 2016 11:28 am\",\"copyright\":\"\\u00c2\\u00a9 2016 Estrop-Barcelona PHOTOGRAPH FOR EDITORIAL USE ONLY\",\"focal_length\":false,\"iso\":false,\"shutter_speed\":false,\"flash\":false,\"title\":\"Ready to Wear Fall\\\/Winter 2016-2017\",\"keywords\":\"Fall\\\/Winter 2016-2017,Ready to Wear\",\"width\":667,\"height\":1000,\"saved\":true,\"thumbnail\":{\"width\":220,\"height\":220,\"ewww_image_optimizer\":\"Reduced by 7.8% (3.0&nbsp;kB)\"},\"webview\":{\"0\":667,\"1\":1000,\"2\":2,\"3\":\"width=\\\"667\\\" height=\\\"1000\\\"\",\"bits\":8,\"channels\":3,\"mime\":\"image\\\/jpeg\",\"ewww_image_optimizer\":\"Reduced by 7.3% (10.3&nbsp;kB) - Previously Optimized\"},\"0\":false,\"ewww_image_optimizer\":\"Reduced by 5.6% (10.1&nbsp;kB)\",\"views\":\"1\",\"likes\":\"0\"},\"title\":\"Ready to Wear Fall\\\/Winter 2016-2017\",\"description\":\"<p>Ready to Wear Fall\\\/Winter 2016-2017<\\\/p>\",\"link\":null,\"link_target\":\"\",\"download\":\"https:\\\/\\\/bobvarela.com\\\/wp-content\\\/flagallery\\\/pablo-erroz-en-el-080-barcelona-fashion-fallwinter-2016-2017\\\/pablo_erroz_019.jpg\",\"ratio\":0.6670000000000000373034936274052597582340240478515625},{\"id\":\"22979\",\"image\":\"https:\\\/\\\/bobvarela.com\\\/wp-content\\\/flagallery\\\/pablo-erroz-en-el-080-barcelona-fashion-fallwinter-2016-2017\\\/webview\\\/pablo_erroz_020.jpg\",\"thumb\":\"https:\\\/\\\/bobvarela.com\\\/wp-content\\\/flagallery\\\/pablo-erroz-en-el-080-barcelona-fashion-fallwinter-2016-2017\\\/thumbs\\\/thumbs_pablo_erroz_020.jpg\",\"file\":\"pablo_erroz_020.jpg\",\"meta\":{\"aperture\":false,\"credit\":false,\"camera\":false,\"caption\":\"Ready to Wear Fall\\\/Winter 2016-2017\",\"created_timestamp\":\"February 2, 2016 11:29 am\",\"copyright\":\"\\u00c2\\u00a9 2016 Estrop-Barcelona PHOTOGRAPH FOR EDITORIAL USE ONLY\",\"focal_length\":false,\"iso\":false,\"shutter_speed\":false,\"flash\":false,\"title\":\"Ready to Wear Fall\\\/Winter 2016-2017\",\"keywords\":\"Fall\\\/Winter 2016-2017,Ready to Wear\",\"width\":667,\"height\":1000,\"saved\":true,\"thumbnail\":{\"width\":220,\"height\":220,\"ewww_image_optimizer\":\"Reduced by 7.5% (1.8&nbsp;kB)\"},\"webview\":{\"0\":667,\"1\":1000,\"2\":2,\"3\":\"width=\\\"667\\\" height=\\\"1000\\\"\",\"bits\":8,\"channels\":3,\"mime\":\"image\\\/jpeg\",\"ewww_image_optimizer\":\"Reduced by 5.9% (5.0&nbsp;kB) - Previously Optimized\"},\"0\":false,\"ewww_image_optimizer\":\"Reduced by 5.4% (8.9&nbsp;kB)\",\"views\":\"0\",\"likes\":\"0\"},\"title\":\"Ready to Wear Fall\\\/Winter 2016-2017\",\"description\":\"<p>Ready to Wear Fall\\\/Winter 2016-2017<\\\/p>\",\"link\":null,\"link_target\":\"\",\"download\":\"https:\\\/\\\/bobvarela.com\\\/wp-content\\\/flagallery\\\/pablo-erroz-en-el-080-barcelona-fashion-fallwinter-2016-2017\\\/pablo_erroz_020.jpg\",\"ratio\":0.6670000000000000373034936274052597582340240478515625},{\"id\":\"22980\",\"image\":\"https:\\\/\\\/bobvarela.com\\\/wp-content\\\/flagallery\\\/pablo-erroz-en-el-080-barcelona-fashion-fallwinter-2016-2017\\\/webview\\\/pablo_erroz_021.jpg\",\"thumb\":\"https:\\\/\\\/bobvarela.com\\\/wp-content\\\/flagallery\\\/pablo-erroz-en-el-080-barcelona-fashion-fallwinter-2016-2017\\\/thumbs\\\/thumbs_pablo_erroz_021.jpg\",\"file\":\"pablo_erroz_021.jpg\",\"meta\":{\"aperture\":false,\"credit\":false,\"camera\":false,\"caption\":\"Ready to Wear Fall\\\/Winter 2016-2017\",\"created_timestamp\":\"February 2, 2016 11:29 am\",\"copyright\":\"\\u00c2\\u00a9 2016 Estrop-Barcelona PHOTOGRAPH FOR EDITORIAL USE ONLY\",\"focal_length\":false,\"iso\":false,\"shutter_speed\":false,\"flash\":false,\"title\":\"Ready to Wear Fall\\\/Winter 2016-2017\",\"keywords\":\"Fall\\\/Winter 2016-2017,Ready to Wear\",\"width\":667,\"height\":1000,\"saved\":true,\"thumbnail\":{\"width\":220,\"height\":220,\"ewww_image_optimizer\":\"Reduced by 7.4% (2.1&nbsp;kB)\"},\"webview\":{\"0\":667,\"1\":1000,\"2\":2,\"3\":\"width=\\\"667\\\" height=\\\"1000\\\"\",\"bits\":8,\"channels\":3,\"mime\":\"image\\\/jpeg\",\"ewww_image_optimizer\":\"Reduced by 6.3% (5.8&nbsp;kB) - Previously Optimized\"},\"0\":false,\"ewww_image_optimizer\":\"Reduced by 5.3% (9.4&nbsp;kB)\",\"views\":\"2\",\"likes\":\"0\"},\"title\":\"Ready to Wear Fall\\\/Winter 2016-2017\",\"description\":\"<p>Ready to Wear Fall\\\/Winter 2016-2017<\\\/p>\",\"link\":null,\"link_target\":\"\",\"download\":\"https:\\\/\\\/bobvarela.com\\\/wp-content\\\/flagallery\\\/pablo-erroz-en-el-080-barcelona-fashion-fallwinter-2016-2017\\\/pablo_erroz_021.jpg\",\"ratio\":0.6670000000000000373034936274052597582340240478515625},{\"id\":\"22981\",\"image\":\"https:\\\/\\\/bobvarela.com\\\/wp-content\\\/flagallery\\\/pablo-erroz-en-el-080-barcelona-fashion-fallwinter-2016-2017\\\/webview\\\/pablo_erroz_022.jpg\",\"thumb\":\"https:\\\/\\\/bobvarela.com\\\/wp-content\\\/flagallery\\\/pablo-erroz-en-el-080-barcelona-fashion-fallwinter-2016-2017\\\/thumbs\\\/thumbs_pablo_erroz_022.jpg\",\"file\":\"pablo_erroz_022.jpg\",\"meta\":{\"aperture\":false,\"credit\":false,\"camera\":false,\"caption\":\"Ready to Wear Fall\\\/Winter 2016-2017\",\"created_timestamp\":\"February 2, 2016 11:28 am\",\"copyright\":\"\\u00c2\\u00a9 2016 Estrop-Barcelona PHOTOGRAPH FOR EDITORIAL USE ONLY\",\"focal_length\":false,\"iso\":false,\"shutter_speed\":false,\"flash\":false,\"title\":\"Ready to Wear Fall\\\/Winter 2016-2017\",\"keywords\":\"Fall\\\/Winter 2016-2017,Ready to Wear\",\"width\":667,\"height\":1000,\"saved\":true,\"thumbnail\":{\"width\":220,\"height\":220,\"ewww_image_optimizer\":\"Reduced by 8.1% (3.5&nbsp;kB)\"},\"webview\":{\"0\":667,\"1\":1000,\"2\":2,\"3\":\"width=\\\"667\\\" height=\\\"1000\\\"\",\"bits\":8,\"channels\":3,\"mime\":\"image\\\/jpeg\",\"ewww_image_optimizer\":\"Reduced by 5.9% (8.4&nbsp;kB) - Previously Optimized\"},\"0\":false,\"ewww_image_optimizer\":\"Reduced by 3.5% (6.7&nbsp;kB)\",\"views\":\"2\",\"likes\":\"0\"},\"title\":\"Ready to Wear Fall\\\/Winter 2016-2017\",\"description\":\"<p>Ready to Wear Fall\\\/Winter 2016-2017<\\\/p>\",\"link\":null,\"link_target\":\"\",\"download\":\"https:\\\/\\\/bobvarela.com\\\/wp-content\\\/flagallery\\\/pablo-erroz-en-el-080-barcelona-fashion-fallwinter-2016-2017\\\/pablo_erroz_022.jpg\",\"ratio\":0.6670000000000000373034936274052597582340240478515625},{\"id\":\"22982\",\"image\":\"https:\\\/\\\/bobvarela.com\\\/wp-content\\\/flagallery\\\/pablo-erroz-en-el-080-barcelona-fashion-fallwinter-2016-2017\\\/webview\\\/pablo_erroz_023.jpg\",\"thumb\":\"https:\\\/\\\/bobvarela.com\\\/wp-content\\\/flagallery\\\/pablo-erroz-en-el-080-barcelona-fashion-fallwinter-2016-2017\\\/thumbs\\\/thumbs_pablo_erroz_023.jpg\",\"file\":\"pablo_erroz_023.jpg\",\"meta\":{\"aperture\":false,\"credit\":false,\"camera\":false,\"caption\":\"Ready to Wear Fall\\\/Winter 2016-2017\",\"created_timestamp\":\"February 2, 2016 11:29 am\",\"copyright\":\"\\u00c2\\u00a9 2016 Estrop-Barcelona PHOTOGRAPH FOR EDITORIAL USE ONLY\",\"focal_length\":false,\"iso\":false,\"shutter_speed\":false,\"flash\":false,\"title\":\"Ready to Wear Fall\\\/Winter 2016-2017\",\"keywords\":\"Fall\\\/Winter 2016-2017,Ready to Wear\",\"width\":667,\"height\":1000,\"saved\":true,\"thumbnail\":{\"width\":220,\"height\":220,\"ewww_image_optimizer\":\"Reduced by 9.1% (2.9&nbsp;kB)\"},\"webview\":{\"0\":667,\"1\":1000,\"2\":2,\"3\":\"width=\\\"667\\\" height=\\\"1000\\\"\",\"bits\":8,\"channels\":3,\"mime\":\"image\\\/jpeg\",\"ewww_image_optimizer\":\"Reduced by 5.0% (4.0&nbsp;kB) - Previously Optimized\"},\"0\":false,\"ewww_image_optimizer\":\"Reduced by 4.4% (7.4&nbsp;kB)\",\"views\":\"2\",\"likes\":\"0\"},\"title\":\"Ready to Wear Fall\\\/Winter 2016-2017\",\"description\":\"<p>Ready to Wear Fall\\\/Winter 2016-2017<\\\/p>\",\"link\":null,\"link_target\":\"\",\"download\":\"https:\\\/\\\/bobvarela.com\\\/wp-content\\\/flagallery\\\/pablo-erroz-en-el-080-barcelona-fashion-fallwinter-2016-2017\\\/pablo_erroz_023.jpg\",\"ratio\":0.6670000000000000373034936274052597582340240478515625},{\"id\":\"22983\",\"image\":\"https:\\\/\\\/bobvarela.com\\\/wp-content\\\/flagallery\\\/pablo-erroz-en-el-080-barcelona-fashion-fallwinter-2016-2017\\\/webview\\\/pablo_erroz_024.jpg\",\"thumb\":\"https:\\\/\\\/bobvarela.com\\\/wp-content\\\/flagallery\\\/pablo-erroz-en-el-080-barcelona-fashion-fallwinter-2016-2017\\\/thumbs\\\/thumbs_pablo_erroz_024.jpg\",\"file\":\"pablo_erroz_024.jpg\",\"meta\":{\"aperture\":false,\"credit\":false,\"camera\":false,\"caption\":\"Ready to Wear Fall\\\/Winter 2016-2017\",\"created_timestamp\":\"February 2, 2016 11:29 am\",\"copyright\":\"\\u00c2\\u00a9 2016 Estrop-Barcelona PHOTOGRAPH FOR EDITORIAL USE ONLY\",\"focal_length\":false,\"iso\":false,\"shutter_speed\":false,\"flash\":false,\"title\":\"Ready to Wear Fall\\\/Winter 2016-2017\",\"keywords\":\"Fall\\\/Winter 2016-2017,Ready to Wear\",\"width\":667,\"height\":1000,\"saved\":true,\"thumbnail\":{\"width\":220,\"height\":220,\"ewww_image_optimizer\":\"Reduced by 8.7% (2.3&nbsp;kB)\"},\"webview\":{\"0\":667,\"1\":1000,\"2\":2,\"3\":\"width=\\\"667\\\" height=\\\"1000\\\"\",\"bits\":8,\"channels\":3,\"mime\":\"image\\\/jpeg\",\"ewww_image_optimizer\":\"Reduced by 4.9% (4.2&nbsp;kB) - Previously Optimized\"},\"0\":false,\"ewww_image_optimizer\":\"Reduced by 5.0% (8.2&nbsp;kB)\",\"views\":\"0\",\"likes\":\"0\"},\"title\":\"Ready to Wear Fall\\\/Winter 2016-2017\",\"description\":\"<p>Ready to Wear Fall\\\/Winter 2016-2017<\\\/p>\",\"link\":null,\"link_target\":\"\",\"download\":\"https:\\\/\\\/bobvarela.com\\\/wp-content\\\/flagallery\\\/pablo-erroz-en-el-080-barcelona-fashion-fallwinter-2016-2017\\\/pablo_erroz_024.jpg\",\"ratio\":0.6670000000000000373034936274052597582340240478515625},{\"id\":\"22984\",\"image\":\"https:\\\/\\\/bobvarela.com\\\/wp-content\\\/flagallery\\\/pablo-erroz-en-el-080-barcelona-fashion-fallwinter-2016-2017\\\/webview\\\/pablo_erroz_025.jpg\",\"thumb\":\"https:\\\/\\\/bobvarela.com\\\/wp-content\\\/flagallery\\\/pablo-erroz-en-el-080-barcelona-fashion-fallwinter-2016-2017\\\/thumbs\\\/thumbs_pablo_erroz_025.jpg\",\"file\":\"pablo_erroz_025.jpg\",\"meta\":{\"aperture\":false,\"credit\":false,\"camera\":false,\"caption\":\"Ready to Wear Fall\\\/Winter 2016-2017\",\"created_timestamp\":\"February 2, 2016 11:29 am\",\"copyright\":\"\\u00c2\\u00a9 2016 Estrop-Barcelona PHOTOGRAPH FOR EDITORIAL USE ONLY\",\"focal_length\":false,\"iso\":false,\"shutter_speed\":false,\"flash\":false,\"title\":\"Ready to Wear Fall\\\/Winter 2016-2017\",\"keywords\":\"Fall\\\/Winter 2016-2017,Ready to Wear\",\"width\":667,\"height\":1000,\"saved\":true,\"thumbnail\":{\"width\":220,\"height\":220,\"ewww_image_optimizer\":\"Reduced by 8.4% (2.5&nbsp;kB)\"},\"webview\":{\"0\":667,\"1\":1000,\"2\":2,\"3\":\"width=\\\"667\\\" height=\\\"1000\\\"\",\"bits\":8,\"channels\":3,\"mime\":\"image\\\/jpeg\",\"ewww_image_optimizer\":\"Reduced by 5.5% (5.0&nbsp;kB) - Previously Optimized\"},\"0\":false,\"ewww_image_optimizer\":\"Reduced by 5.5% (10.0&nbsp;kB)\",\"views\":\"1\",\"likes\":\"0\"},\"title\":\"Ready to Wear Fall\\\/Winter 2016-2017\",\"description\":\"<p>Ready to Wear Fall\\\/Winter 2016-2017<\\\/p>\",\"link\":null,\"link_target\":\"\",\"download\":\"https:\\\/\\\/bobvarela.com\\\/wp-content\\\/flagallery\\\/pablo-erroz-en-el-080-barcelona-fashion-fallwinter-2016-2017\\\/pablo_erroz_025.jpg\",\"ratio\":0.6670000000000000373034936274052597582340240478515625},{\"id\":\"22985\",\"image\":\"https:\\\/\\\/bobvarela.com\\\/wp-content\\\/flagallery\\\/pablo-erroz-en-el-080-barcelona-fashion-fallwinter-2016-2017\\\/webview\\\/pablo_erroz_026.jpg\",\"thumb\":\"https:\\\/\\\/bobvarela.com\\\/wp-content\\\/flagallery\\\/pablo-erroz-en-el-080-barcelona-fashion-fallwinter-2016-2017\\\/thumbs\\\/thumbs_pablo_erroz_026.jpg\",\"file\":\"pablo_erroz_026.jpg\",\"meta\":{\"aperture\":false,\"credit\":false,\"camera\":false,\"caption\":\"Ready to Wear Fall\\\/Winter 2016-2017\",\"created_timestamp\":\"February 2, 2016 11:29 am\",\"copyright\":\"\\u00c2\\u00a9 2016 Estrop-Barcelona PHOTOGRAPH FOR EDITORIAL USE ONLY\",\"focal_length\":false,\"iso\":false,\"shutter_speed\":false,\"flash\":false,\"title\":\"Ready to Wear Fall\\\/Winter 2016-2017\",\"keywords\":\"Fall\\\/Winter 2016-2017,Ready to Wear\",\"width\":667,\"height\":1000,\"saved\":true,\"thumbnail\":{\"width\":220,\"height\":220,\"ewww_image_optimizer\":\"Reduced by 7.6% (2.8&nbsp;kB)\"},\"webview\":{\"0\":667,\"1\":1000,\"2\":2,\"3\":\"width=\\\"667\\\" height=\\\"1000\\\"\",\"bits\":8,\"channels\":3,\"mime\":\"image\\\/jpeg\",\"ewww_image_optimizer\":\"Reduced by 7.0% (8.4&nbsp;kB) - Previously Optimized\"},\"0\":false,\"ewww_image_optimizer\":\"Reduced by 4.9% (7.9&nbsp;kB)\",\"views\":\"1\",\"likes\":\"0\"},\"title\":\"Ready to Wear Fall\\\/Winter 2016-2017\",\"description\":\"<p>Ready to Wear Fall\\\/Winter 2016-2017<\\\/p>\",\"link\":null,\"link_target\":\"\",\"download\":\"https:\\\/\\\/bobvarela.com\\\/wp-content\\\/flagallery\\\/pablo-erroz-en-el-080-barcelona-fashion-fallwinter-2016-2017\\\/pablo_erroz_026.jpg\",\"ratio\":0.6670000000000000373034936274052597582340240478515625},{\"id\":\"22986\",\"image\":\"https:\\\/\\\/bobvarela.com\\\/wp-content\\\/flagallery\\\/pablo-erroz-en-el-080-barcelona-fashion-fallwinter-2016-2017\\\/webview\\\/pablo_erroz_027.jpg\",\"thumb\":\"https:\\\/\\\/bobvarela.com\\\/wp-content\\\/flagallery\\\/pablo-erroz-en-el-080-barcelona-fashion-fallwinter-2016-2017\\\/thumbs\\\/thumbs_pablo_erroz_027.jpg\",\"file\":\"pablo_erroz_027.jpg\",\"meta\":{\"aperture\":false,\"credit\":false,\"camera\":false,\"caption\":\"Ready to Wear Fall\\\/Winter 2016-2017\",\"created_timestamp\":\"February 2, 2016 11:29 am\",\"copyright\":\"\\u00c2\\u00a9 2016 Estrop-Barcelona PHOTOGRAPH FOR EDITORIAL USE ONLY\",\"focal_length\":false,\"iso\":false,\"shutter_speed\":false,\"flash\":false,\"title\":\"Ready to Wear Fall\\\/Winter 2016-2017\",\"keywords\":\"Fall\\\/Winter 2016-2017,Ready to Wear\",\"width\":667,\"height\":1000,\"saved\":true,\"thumbnail\":{\"width\":220,\"height\":220,\"ewww_image_optimizer\":\"Reduced by 7.8% (2.2&nbsp;kB)\"},\"webview\":{\"0\":667,\"1\":1000,\"2\":2,\"3\":\"width=\\\"667\\\" height=\\\"1000\\\"\",\"bits\":8,\"channels\":3,\"mime\":\"image\\\/jpeg\",\"ewww_image_optimizer\":\"Reduced by 5.1% (4.5&nbsp;kB) - Previously Optimized\"},\"0\":false,\"ewww_image_optimizer\":\"Reduced by 5.0% (8.5&nbsp;kB)\",\"views\":\"0\",\"likes\":\"0\"},\"title\":\"Ready to Wear Fall\\\/Winter 2016-2017\",\"description\":\"<p>Ready to Wear Fall\\\/Winter 2016-2017<\\\/p>\",\"link\":null,\"link_target\":\"\",\"download\":\"https:\\\/\\\/bobvarela.com\\\/wp-content\\\/flagallery\\\/pablo-erroz-en-el-080-barcelona-fashion-fallwinter-2016-2017\\\/pablo_erroz_027.jpg\",\"ratio\":0.6670000000000000373034936274052597582340240478515625},{\"id\":\"22987\",\"image\":\"https:\\\/\\\/bobvarela.com\\\/wp-content\\\/flagallery\\\/pablo-erroz-en-el-080-barcelona-fashion-fallwinter-2016-2017\\\/webview\\\/pablo_erroz_028.jpg\",\"thumb\":\"https:\\\/\\\/bobvarela.com\\\/wp-content\\\/flagallery\\\/pablo-erroz-en-el-080-barcelona-fashion-fallwinter-2016-2017\\\/thumbs\\\/thumbs_pablo_erroz_028.jpg\",\"file\":\"pablo_erroz_028.jpg\",\"meta\":{\"aperture\":false,\"credit\":false,\"camera\":false,\"caption\":\"Ready to Wear Fall\\\/Winter 2016-2017\",\"created_timestamp\":\"February 2, 2016 11:29 am\",\"copyright\":\"\\u00c2\\u00a9 2016 Estrop-Barcelona PHOTOGRAPH FOR EDITORIAL USE ONLY\",\"focal_length\":false,\"iso\":false,\"shutter_speed\":false,\"flash\":false,\"title\":\"Ready to Wear Fall\\\/Winter 2016-2017\",\"keywords\":\"Fall\\\/Winter 2016-2017,Ready to Wear\",\"width\":667,\"height\":1000,\"saved\":true,\"thumbnail\":{\"width\":220,\"height\":220,\"ewww_image_optimizer\":\"Reduced by 7.5% (2.7&nbsp;kB)\"},\"webview\":{\"0\":667,\"1\":1000,\"2\":2,\"3\":\"width=\\\"667\\\" height=\\\"1000\\\"\",\"bits\":8,\"channels\":3,\"mime\":\"image\\\/jpeg\",\"ewww_image_optimizer\":\"Reduced by 6.6% (8.7&nbsp;kB) - Previously Optimized\"},\"0\":false,\"ewww_image_optimizer\":\"Reduced by 4.5% (8.3&nbsp;kB)\",\"views\":\"1\",\"likes\":\"0\"},\"title\":\"Ready to Wear Fall\\\/Winter 2016-2017\",\"description\":\"<p>Ready to Wear Fall\\\/Winter 2016-2017<\\\/p>\",\"link\":null,\"link_target\":\"\",\"download\":\"https:\\\/\\\/bobvarela.com\\\/wp-content\\\/flagallery\\\/pablo-erroz-en-el-080-barcelona-fashion-fallwinter-2016-2017\\\/pablo_erroz_028.jpg\",\"ratio\":0.6670000000000000373034936274052597582340240478515625},{\"id\":\"22988\",\"image\":\"https:\\\/\\\/bobvarela.com\\\/wp-content\\\/flagallery\\\/pablo-erroz-en-el-080-barcelona-fashion-fallwinter-2016-2017\\\/webview\\\/pablo_erroz_029.jpg\",\"thumb\":\"https:\\\/\\\/bobvarela.com\\\/wp-content\\\/flagallery\\\/pablo-erroz-en-el-080-barcelona-fashion-fallwinter-2016-2017\\\/thumbs\\\/thumbs_pablo_erroz_029.jpg\",\"file\":\"pablo_erroz_029.jpg\",\"meta\":{\"aperture\":false,\"credit\":false,\"camera\":false,\"caption\":\"Ready to Wear Fall\\\/Winter 2016-2017\",\"created_timestamp\":\"February 2, 2016 11:30 am\",\"copyright\":\"\\u00c2\\u00a9 2016 Estrop-Barcelona PHOTOGRAPH FOR EDITORIAL USE ONLY\",\"focal_length\":false,\"iso\":false,\"shutter_speed\":false,\"flash\":false,\"title\":\"Ready to Wear Fall\\\/Winter 2016-2017\",\"keywords\":\"Fall\\\/Winter 2016-2017,Ready to Wear\",\"width\":667,\"height\":1000,\"saved\":true,\"thumbnail\":{\"width\":220,\"height\":220,\"ewww_image_optimizer\":\"Reduced by 8.4% (2.5&nbsp;kB)\"},\"webview\":{\"0\":667,\"1\":1000,\"2\":2,\"3\":\"width=\\\"667\\\" height=\\\"1000\\\"\",\"bits\":8,\"channels\":3,\"mime\":\"image\\\/jpeg\",\"ewww_image_optimizer\":\"Reduced by 4.9% (4.4&nbsp;kB) - Previously Optimized\"},\"0\":false,\"ewww_image_optimizer\":\"Reduced by 5.1% (8.9&nbsp;kB)\",\"views\":\"0\",\"likes\":\"0\"},\"title\":\"Ready to Wear Fall\\\/Winter 2016-2017\",\"description\":\"<p>Ready to Wear Fall\\\/Winter 2016-2017<\\\/p>\",\"link\":null,\"link_target\":\"\",\"download\":\"https:\\\/\\\/bobvarela.com\\\/wp-content\\\/flagallery\\\/pablo-erroz-en-el-080-barcelona-fashion-fallwinter-2016-2017\\\/pablo_erroz_029.jpg\",\"ratio\":0.6670000000000000373034936274052597582340240478515625},{\"id\":\"22989\",\"image\":\"https:\\\/\\\/bobvarela.com\\\/wp-content\\\/flagallery\\\/pablo-erroz-en-el-080-barcelona-fashion-fallwinter-2016-2017\\\/webview\\\/pablo_erroz_030.jpg\",\"thumb\":\"https:\\\/\\\/bobvarela.com\\\/wp-content\\\/flagallery\\\/pablo-erroz-en-el-080-barcelona-fashion-fallwinter-2016-2017\\\/thumbs\\\/thumbs_pablo_erroz_030.jpg\",\"file\":\"pablo_erroz_030.jpg\",\"meta\":{\"aperture\":false,\"credit\":false,\"camera\":false,\"caption\":\"Ready to Wear Fall\\\/Winter 2016-2017\",\"created_timestamp\":\"February 2, 2016 11:30 am\",\"copyright\":\"\\u00c2\\u00a9 2016 Estrop-Barcelona PHOTOGRAPH FOR EDITORIAL USE ONLY\",\"focal_length\":false,\"iso\":false,\"shutter_speed\":false,\"flash\":false,\"title\":\"Ready to Wear Fall\\\/Winter 2016-2017\",\"keywords\":\"Fall\\\/Winter 2016-2017,Ready to Wear\",\"width\":667,\"height\":1000,\"saved\":true,\"thumbnail\":{\"width\":220,\"height\":220,\"ewww_image_optimizer\":\"Reduced by 8.4% (2.9&nbsp;kB)\"},\"webview\":{\"0\":667,\"1\":1000,\"2\":2,\"3\":\"width=\\\"667\\\" height=\\\"1000\\\"\",\"bits\":8,\"channels\":3,\"mime\":\"image\\\/jpeg\",\"ewww_image_optimizer\":\"Reduced by 6.5% (7.6&nbsp;kB) - Previously Optimized\"},\"0\":false,\"ewww_image_optimizer\":\"Reduced by 4.5% (7.5&nbsp;kB)\",\"views\":\"2\",\"likes\":\"0\"},\"title\":\"Ready to Wear Fall\\\/Winter 2016-2017\",\"description\":\"<p>Ready to Wear Fall\\\/Winter 2016-2017<\\\/p>\",\"link\":null,\"link_target\":\"\",\"download\":\"https:\\\/\\\/bobvarela.com\\\/wp-content\\\/flagallery\\\/pablo-erroz-en-el-080-barcelona-fashion-fallwinter-2016-2017\\\/pablo_erroz_030.jpg\",\"ratio\":0.6670000000000000373034936274052597582340240478515625},{\"id\":\"22990\",\"image\":\"https:\\\/\\\/bobvarela.com\\\/wp-content\\\/flagallery\\\/pablo-erroz-en-el-080-barcelona-fashion-fallwinter-2016-2017\\\/webview\\\/pablo_erroz_031.jpg\",\"thumb\":\"https:\\\/\\\/bobvarela.com\\\/wp-content\\\/flagallery\\\/pablo-erroz-en-el-080-barcelona-fashion-fallwinter-2016-2017\\\/thumbs\\\/thumbs_pablo_erroz_031.jpg\",\"file\":\"pablo_erroz_031.jpg\",\"meta\":{\"aperture\":false,\"credit\":false,\"camera\":false,\"caption\":\"Ready to Wear Fall\\\/Winter 2016-2017\",\"created_timestamp\":\"February 2, 2016 11:29 am\",\"copyright\":\"\\u00c2\\u00a9 2016 Estrop-Barcelona PHOTOGRAPH FOR EDITORIAL USE ONLY\",\"focal_length\":false,\"iso\":false,\"shutter_speed\":false,\"flash\":false,\"title\":\"Ready to Wear Fall\\\/Winter 2016-2017\",\"keywords\":\"Fall\\\/Winter 2016-2017,Ready to Wear\",\"width\":667,\"height\":1000,\"saved\":true,\"thumbnail\":{\"width\":220,\"height\":220,\"ewww_image_optimizer\":\"Reduced by 8.9% (3.2&nbsp;kB)\"},\"webview\":{\"0\":667,\"1\":1000,\"2\":2,\"3\":\"width=\\\"667\\\" height=\\\"1000\\\"\",\"bits\":8,\"channels\":3,\"mime\":\"image\\\/jpeg\",\"ewww_image_optimizer\":\"Reduced by 5.8% (7.6&nbsp;kB) - Previously Optimized\"},\"0\":false,\"ewww_image_optimizer\":\"Reduced by 4.0% (7.3&nbsp;kB)\",\"views\":\"2\",\"likes\":\"0\"},\"title\":\"Ready to Wear Fall\\\/Winter 2016-2017\",\"description\":\"<p>Ready to Wear Fall\\\/Winter 2016-2017<\\\/p>\",\"link\":null,\"link_target\":\"\",\"download\":\"https:\\\/\\\/bobvarela.com\\\/wp-content\\\/flagallery\\\/pablo-erroz-en-el-080-barcelona-fashion-fallwinter-2016-2017\\\/pablo_erroz_031.jpg\",\"ratio\":0.6670000000000000373034936274052597582340240478515625},{\"id\":\"22991\",\"image\":\"https:\\\/\\\/bobvarela.com\\\/wp-content\\\/flagallery\\\/pablo-erroz-en-el-080-barcelona-fashion-fallwinter-2016-2017\\\/webview\\\/pablo_erroz_032.jpg\",\"thumb\":\"https:\\\/\\\/bobvarela.com\\\/wp-content\\\/flagallery\\\/pablo-erroz-en-el-080-barcelona-fashion-fallwinter-2016-2017\\\/thumbs\\\/thumbs_pablo_erroz_032.jpg\",\"file\":\"pablo_erroz_032.jpg\",\"meta\":{\"aperture\":false,\"credit\":false,\"camera\":false,\"caption\":\"Ready to Wear Fall\\\/Winter 2016-2017\",\"created_timestamp\":\"February 2, 2016 11:30 am\",\"copyright\":\"\\u00c2\\u00a9 2016 Estrop-Barcelona PHOTOGRAPH FOR EDITORIAL USE ONLY\",\"focal_length\":false,\"iso\":false,\"shutter_speed\":false,\"flash\":false,\"title\":\"Ready to Wear Fall\\\/Winter 2016-2017\",\"keywords\":\"Fall\\\/Winter 2016-2017,Ready to Wear\",\"width\":667,\"height\":1000,\"saved\":true,\"thumbnail\":{\"width\":220,\"height\":220,\"ewww_image_optimizer\":\"Reduced by 9.6% (2.6&nbsp;kB)\"},\"webview\":{\"0\":667,\"1\":1000,\"2\":2,\"3\":\"width=\\\"667\\\" height=\\\"1000\\\"\",\"bits\":8,\"channels\":3,\"mime\":\"image\\\/jpeg\",\"ewww_image_optimizer\":\"Reduced by 5.6% (5.3&nbsp;kB) - Previously Optimized\"},\"0\":false,\"ewww_image_optimizer\":\"Reduced by 6.4% (11.5&nbsp;kB)\",\"views\":\"0\",\"likes\":\"0\"},\"title\":\"Ready to Wear Fall\\\/Winter 2016-2017\",\"description\":\"<p>Ready to Wear Fall\\\/Winter 2016-2017<\\\/p>\",\"link\":null,\"link_target\":\"\",\"download\":\"https:\\\/\\\/bobvarela.com\\\/wp-content\\\/flagallery\\\/pablo-erroz-en-el-080-barcelona-fashion-fallwinter-2016-2017\\\/pablo_erroz_032.jpg\",\"ratio\":0.6670000000000000373034936274052597582340240478515625},{\"id\":\"22992\",\"image\":\"https:\\\/\\\/bobvarela.com\\\/wp-content\\\/flagallery\\\/pablo-erroz-en-el-080-barcelona-fashion-fallwinter-2016-2017\\\/webview\\\/pablo_erroz_033.jpg\",\"thumb\":\"https:\\\/\\\/bobvarela.com\\\/wp-content\\\/flagallery\\\/pablo-erroz-en-el-080-barcelona-fashion-fallwinter-2016-2017\\\/thumbs\\\/thumbs_pablo_erroz_033.jpg\",\"file\":\"pablo_erroz_033.jpg\",\"meta\":{\"aperture\":false,\"credit\":false,\"camera\":false,\"caption\":\"Ready to Wear Fall\\\/Winter 2016-2017\",\"created_timestamp\":\"February 2, 2016 11:30 am\",\"copyright\":\"\\u00c2\\u00a9 2016 Estrop-Barcelona PHOTOGRAPH FOR EDITORIAL USE ONLY\",\"focal_length\":false,\"iso\":false,\"shutter_speed\":false,\"flash\":false,\"title\":\"Ready to Wear Fall\\\/Winter 2016-2017\",\"keywords\":\"Fall\\\/Winter 2016-2017,Ready to Wear\",\"width\":667,\"height\":1000,\"saved\":true,\"thumbnail\":{\"width\":220,\"height\":220,\"ewww_image_optimizer\":\"Reduced by 9.6% (2.8&nbsp;kB)\"},\"webview\":{\"0\":667,\"1\":1000,\"2\":2,\"3\":\"width=\\\"667\\\" height=\\\"1000\\\"\",\"bits\":8,\"channels\":3,\"mime\":\"image\\\/jpeg\",\"ewww_image_optimizer\":\"Reduced by 6.0% (5.0&nbsp;kB) - Previously Optimized\"},\"0\":false,\"ewww_image_optimizer\":\"Reduced by 5.4% (9.0&nbsp;kB)\",\"views\":\"0\",\"likes\":\"0\"},\"title\":\"Ready to Wear Fall\\\/Winter 2016-2017\",\"description\":\"<p>Ready to Wear Fall\\\/Winter 2016-2017<\\\/p>\",\"link\":null,\"link_target\":\"\",\"download\":\"https:\\\/\\\/bobvarela.com\\\/wp-content\\\/flagallery\\\/pablo-erroz-en-el-080-barcelona-fashion-fallwinter-2016-2017\\\/pablo_erroz_033.jpg\",\"ratio\":0.6670000000000000373034936274052597582340240478515625},{\"id\":\"22993\",\"image\":\"https:\\\/\\\/bobvarela.com\\\/wp-content\\\/flagallery\\\/pablo-erroz-en-el-080-barcelona-fashion-fallwinter-2016-2017\\\/webview\\\/pablo_erroz_034.jpg\",\"thumb\":\"https:\\\/\\\/bobvarela.com\\\/wp-content\\\/flagallery\\\/pablo-erroz-en-el-080-barcelona-fashion-fallwinter-2016-2017\\\/thumbs\\\/thumbs_pablo_erroz_034.jpg\",\"file\":\"pablo_erroz_034.jpg\",\"meta\":{\"aperture\":false,\"credit\":false,\"camera\":false,\"caption\":\"Ready to Wear Fall\\\/Winter 2016-2017\",\"created_timestamp\":\"February 2, 2016 11:30 am\",\"copyright\":\"\\u00c2\\u00a9 2016 Estrop-Barcelona PHOTOGRAPH FOR EDITORIAL USE ONLY\",\"focal_length\":false,\"iso\":false,\"shutter_speed\":false,\"flash\":false,\"title\":\"Ready to Wear Fall\\\/Winter 2016-2017\",\"keywords\":\"Fall\\\/Winter 2016-2017,Ready to Wear\",\"width\":667,\"height\":1000,\"saved\":true,\"thumbnail\":{\"width\":220,\"height\":220,\"ewww_image_optimizer\":\"Reduced by 7.5% (3.0&nbsp;kB)\"},\"webview\":{\"0\":667,\"1\":1000,\"2\":2,\"3\":\"width=\\\"667\\\" height=\\\"1000\\\"\",\"bits\":8,\"channels\":3,\"mime\":\"image\\\/jpeg\",\"ewww_image_optimizer\":\"Reduced by 5.9% (8.0&nbsp;kB) - Previously Optimized\"},\"0\":false,\"ewww_image_optimizer\":\"Reduced by 3.7% (6.7&nbsp;kB)\",\"views\":\"2\",\"likes\":\"0\"},\"title\":\"Ready to Wear Fall\\\/Winter 2016-2017\",\"description\":\"<p>Ready to Wear Fall\\\/Winter 2016-2017<\\\/p>\",\"link\":null,\"link_target\":\"\",\"download\":\"https:\\\/\\\/bobvarela.com\\\/wp-content\\\/flagallery\\\/pablo-erroz-en-el-080-barcelona-fashion-fallwinter-2016-2017\\\/pablo_erroz_034.jpg\",\"ratio\":0.6670000000000000373034936274052597582340240478515625},{\"id\":\"22994\",\"image\":\"https:\\\/\\\/bobvarela.com\\\/wp-content\\\/flagallery\\\/pablo-erroz-en-el-080-barcelona-fashion-fallwinter-2016-2017\\\/webview\\\/pablo_erroz_035.jpg\",\"thumb\":\"https:\\\/\\\/bobvarela.com\\\/wp-content\\\/flagallery\\\/pablo-erroz-en-el-080-barcelona-fashion-fallwinter-2016-2017\\\/thumbs\\\/thumbs_pablo_erroz_035.jpg\",\"file\":\"pablo_erroz_035.jpg\",\"meta\":{\"aperture\":false,\"credit\":false,\"camera\":false,\"caption\":\"Ready to Wear Fall\\\/Winter 2016-2017\",\"created_timestamp\":\"February 2, 2016 11:30 am\",\"copyright\":\"\\u00c2\\u00a9 2016 Estrop-Barcelona PHOTOGRAPH FOR EDITORIAL USE ONLY\",\"focal_length\":false,\"iso\":false,\"shutter_speed\":false,\"flash\":false,\"title\":\"Ready to Wear Fall\\\/Winter 2016-2017\",\"keywords\":\"Fall\\\/Winter 2016-2017,Ready to Wear\",\"width\":667,\"height\":1000,\"saved\":true,\"thumbnail\":{\"width\":220,\"height\":220,\"ewww_image_optimizer\":\"Reduced by 9.4% (2.8&nbsp;kB)\"},\"webview\":{\"0\":667,\"1\":1000,\"2\":2,\"3\":\"width=\\\"667\\\" height=\\\"1000\\\"\",\"bits\":8,\"channels\":3,\"mime\":\"image\\\/jpeg\",\"ewww_image_optimizer\":\"Reduced by 4.9% (4.7&nbsp;kB) - Previously Optimized\"},\"0\":false,\"ewww_image_optimizer\":\"Reduced by 5.3% (9.6&nbsp;kB)\",\"views\":\"0\",\"likes\":\"0\"},\"title\":\"Ready to Wear Fall\\\/Winter 2016-2017\",\"description\":\"<p>Ready to Wear Fall\\\/Winter 2016-2017<\\\/p>\",\"link\":null,\"link_target\":\"\",\"download\":\"https:\\\/\\\/bobvarela.com\\\/wp-content\\\/flagallery\\\/pablo-erroz-en-el-080-barcelona-fashion-fallwinter-2016-2017\\\/pablo_erroz_035.jpg\",\"ratio\":0.6670000000000000373034936274052597582340240478515625},{\"id\":\"22995\",\"image\":\"https:\\\/\\\/bobvarela.com\\\/wp-content\\\/flagallery\\\/pablo-erroz-en-el-080-barcelona-fashion-fallwinter-2016-2017\\\/webview\\\/pablo_erroz_036.jpg\",\"thumb\":\"https:\\\/\\\/bobvarela.com\\\/wp-content\\\/flagallery\\\/pablo-erroz-en-el-080-barcelona-fashion-fallwinter-2016-2017\\\/thumbs\\\/thumbs_pablo_erroz_036.jpg\",\"file\":\"pablo_erroz_036.jpg\",\"meta\":{\"aperture\":false,\"credit\":false,\"camera\":false,\"caption\":\"Ready to Wear Fall\\\/Winter 2016-2017\",\"created_timestamp\":\"February 2, 2016 11:30 am\",\"copyright\":\"\\u00c2\\u00a9 2016 Estrop-Barcelona PHOTOGRAPH FOR EDITORIAL USE ONLY\",\"focal_length\":false,\"iso\":false,\"shutter_speed\":false,\"flash\":false,\"title\":\"Ready to Wear Fall\\\/Winter 2016-2017\",\"keywords\":\"Fall\\\/Winter 2016-2017,Ready to Wear\",\"width\":667,\"height\":1000,\"saved\":true,\"thumbnail\":{\"width\":220,\"height\":220,\"ewww_image_optimizer\":\"Reduced by 10.9% (3.4&nbsp;kB)\"},\"webview\":{\"0\":667,\"1\":1000,\"2\":2,\"3\":\"width=\\\"667\\\" height=\\\"1000\\\"\",\"bits\":8,\"channels\":3,\"mime\":\"image\\\/jpeg\",\"ewww_image_optimizer\":\"Reduced by 5.9% (5.9&nbsp;kB) - Previously Optimized\"},\"0\":false,\"ewww_image_optimizer\":\"Reduced by 6.6% (12.7&nbsp;kB)\",\"views\":\"1\",\"likes\":\"0\"},\"title\":\"Ready to Wear Fall\\\/Winter 2016-2017\",\"description\":\"<p>Ready to Wear Fall\\\/Winter 2016-2017<\\\/p>\",\"link\":null,\"link_target\":\"\",\"download\":\"https:\\\/\\\/bobvarela.com\\\/wp-content\\\/flagallery\\\/pablo-erroz-en-el-080-barcelona-fashion-fallwinter-2016-2017\\\/pablo_erroz_036.jpg\",\"ratio\":0.6670000000000000373034936274052597582340240478515625},{\"id\":\"22996\",\"image\":\"https:\\\/\\\/bobvarela.com\\\/wp-content\\\/flagallery\\\/pablo-erroz-en-el-080-barcelona-fashion-fallwinter-2016-2017\\\/webview\\\/pablo_erroz_037.jpg\",\"thumb\":\"https:\\\/\\\/bobvarela.com\\\/wp-content\\\/flagallery\\\/pablo-erroz-en-el-080-barcelona-fashion-fallwinter-2016-2017\\\/thumbs\\\/thumbs_pablo_erroz_037.jpg\",\"file\":\"pablo_erroz_037.jpg\",\"meta\":{\"aperture\":false,\"credit\":false,\"camera\":false,\"caption\":\"Ready to Wear Fall\\\/Winter 2016-2017\",\"created_timestamp\":\"February 2, 2016 11:30 am\",\"copyright\":\"\\u00c2\\u00a9 2016 Estrop-Barcelona PHOTOGRAPH FOR EDITORIAL USE ONLY\",\"focal_length\":false,\"iso\":false,\"shutter_speed\":false,\"flash\":false,\"title\":\"Ready to Wear Fall\\\/Winter 2016-2017\",\"keywords\":\"Fall\\\/Winter 2016-2017,Ready to Wear\",\"width\":667,\"height\":1000,\"saved\":true,\"thumbnail\":{\"width\":220,\"height\":220,\"ewww_image_optimizer\":\"Reduced by 9.7% (4.0&nbsp;kB)\"},\"webview\":{\"0\":667,\"1\":1000,\"2\":2,\"3\":\"width=\\\"667\\\" height=\\\"1000\\\"\",\"bits\":8,\"channels\":3,\"mime\":\"image\\\/jpeg\",\"ewww_image_optimizer\":\"Reduced by 4.3% (5.9&nbsp;kB) - Previously Optimized\"},\"0\":false,\"ewww_image_optimizer\":\"Reduced by 4.3% (6.9&nbsp;kB)\",\"views\":\"0\",\"likes\":\"0\"},\"title\":\"Ready to Wear Fall\\\/Winter 2016-2017\",\"description\":\"<p>Ready to Wear Fall\\\/Winter 2016-2017<\\\/p>\",\"link\":null,\"link_target\":\"\",\"download\":\"https:\\\/\\\/bobvarela.com\\\/wp-content\\\/flagallery\\\/pablo-erroz-en-el-080-barcelona-fashion-fallwinter-2016-2017\\\/pablo_erroz_037.jpg\",\"ratio\":0.6670000000000000373034936274052597582340240478515625},{\"id\":\"22997\",\"image\":\"https:\\\/\\\/bobvarela.com\\\/wp-content\\\/flagallery\\\/pablo-erroz-en-el-080-barcelona-fashion-fallwinter-2016-2017\\\/webview\\\/pablo_erroz_038.jpg\",\"thumb\":\"https:\\\/\\\/bobvarela.com\\\/wp-content\\\/flagallery\\\/pablo-erroz-en-el-080-barcelona-fashion-fallwinter-2016-2017\\\/thumbs\\\/thumbs_pablo_erroz_038.jpg\",\"file\":\"pablo_erroz_038.jpg\",\"meta\":{\"aperture\":false,\"credit\":false,\"camera\":false,\"caption\":\"Ready to Wear Fall\\\/Winter 2016-2017\",\"created_timestamp\":\"February 2, 2016 11:36 am\",\"copyright\":\"\\u00c2\\u00a9 2016 Estrop-Barcelona PHOTOGRAPH FOR EDITORIAL USE ONLY\",\"focal_length\":false,\"iso\":false,\"shutter_speed\":false,\"flash\":false,\"title\":\"Ready to Wear Fall\\\/Winter 2016-2017\",\"keywords\":\"Fall\\\/Winter 2016-2017,Ready to Wear\",\"width\":1000,\"height\":667,\"saved\":true,\"thumbnail\":{\"width\":220,\"height\":220,\"ewww_image_optimizer\":\"Reduced by 12.4% (3.6&nbsp;kB)\"},\"webview\":{\"0\":1000,\"1\":667,\"2\":2,\"3\":\"width=\\\"1000\\\" height=\\\"667\\\"\",\"bits\":8,\"channels\":3,\"mime\":\"image\\\/jpeg\",\"ewww_image_optimizer\":\"Reduced by 8.2% (4.8&nbsp;kB) - Previously Optimized\"},\"0\":false,\"ewww_image_optimizer\":\"Reduced by 10.5% (19.7&nbsp;kB)\",\"views\":\"2\",\"likes\":\"0\"},\"title\":\"Ready to Wear Fall\\\/Winter 2016-2017\",\"description\":\"<p>Ready to Wear Fall\\\/Winter 2016-2017<\\\/p>\",\"link\":null,\"link_target\":\"\",\"download\":\"https:\\\/\\\/bobvarela.com\\\/wp-content\\\/flagallery\\\/pablo-erroz-en-el-080-barcelona-fashion-fallwinter-2016-2017\\\/pablo_erroz_038.jpg\",\"ratio\":1.4992503748125936002821845249854959547519683837890625},{\"id\":\"22998\",\"image\":\"https:\\\/\\\/bobvarela.com\\\/wp-content\\\/flagallery\\\/pablo-erroz-en-el-080-barcelona-fashion-fallwinter-2016-2017\\\/webview\\\/pablo_erroz_039.jpg\",\"thumb\":\"https:\\\/\\\/bobvarela.com\\\/wp-content\\\/flagallery\\\/pablo-erroz-en-el-080-barcelona-fashion-fallwinter-2016-2017\\\/thumbs\\\/thumbs_pablo_erroz_039.jpg\",\"file\":\"pablo_erroz_039.jpg\",\"meta\":{\"aperture\":false,\"credit\":false,\"camera\":false,\"caption\":\"Ready to Wear Fall\\\/Winter 2016-2017\",\"created_timestamp\":\"February 2, 2016 11:31 am\",\"copyright\":\"\\u00c2\\u00a9 2016 Estrop-Barcelona PHOTOGRAPH FOR EDITORIAL USE ONLY\",\"focal_length\":false,\"iso\":false,\"shutter_speed\":false,\"flash\":false,\"title\":\"Ready to Wear Fall\\\/Winter 2016-2017\",\"keywords\":\"Fall\\\/Winter 2016-2017,Ready to Wear\",\"width\":667,\"height\":1000,\"saved\":true,\"thumbnail\":{\"width\":220,\"height\":220,\"ewww_image_optimizer\":\"Reduced by 9.2% (2.7&nbsp;kB)\"},\"webview\":{\"0\":667,\"1\":1000,\"2\":2,\"3\":\"width=\\\"667\\\" height=\\\"1000\\\"\",\"bits\":8,\"channels\":3,\"mime\":\"image\\\/jpeg\",\"ewww_image_optimizer\":\"Reduced by 4.2% (3.9&nbsp;kB) - Previously Optimized\"},\"0\":false,\"ewww_image_optimizer\":\"Reduced by 4.8% (8.3&nbsp;kB)\",\"views\":\"0\",\"likes\":\"0\"},\"title\":\"Ready to Wear Fall\\\/Winter 2016-2017\",\"description\":\"<p>Ready to Wear Fall\\\/Winter 2016-2017<\\\/p>\",\"link\":null,\"link_target\":\"\",\"download\":\"https:\\\/\\\/bobvarela.com\\\/wp-content\\\/flagallery\\\/pablo-erroz-en-el-080-barcelona-fashion-fallwinter-2016-2017\\\/pablo_erroz_039.jpg\",\"ratio\":0.6670000000000000373034936274052597582340240478515625},{\"id\":\"22999\",\"image\":\"https:\\\/\\\/bobvarela.com\\\/wp-content\\\/flagallery\\\/pablo-erroz-en-el-080-barcelona-fashion-fallwinter-2016-2017\\\/webview\\\/pablo_erroz_040.jpg\",\"thumb\":\"https:\\\/\\\/bobvarela.com\\\/wp-content\\\/flagallery\\\/pablo-erroz-en-el-080-barcelona-fashion-fallwinter-2016-2017\\\/thumbs\\\/thumbs_pablo_erroz_040.jpg\",\"file\":\"pablo_erroz_040.jpg\",\"meta\":{\"aperture\":false,\"credit\":false,\"camera\":false,\"caption\":\"Ready to Wear Fall\\\/Winter 2016-2017\",\"created_timestamp\":\"February 2, 2016 11:31 am\",\"copyright\":\"\\u00c2\\u00a9 2016 Estrop-Barcelona PHOTOGRAPH FOR EDITORIAL USE ONLY\",\"focal_length\":false,\"iso\":false,\"shutter_speed\":false,\"flash\":false,\"title\":\"Ready to Wear Fall\\\/Winter 2016-2017\",\"keywords\":\"Fall\\\/Winter 2016-2017,Ready to Wear\",\"width\":667,\"height\":1000,\"saved\":true,\"thumbnail\":{\"width\":220,\"height\":220,\"ewww_image_optimizer\":\"Reduced by 10.1% (3.2&nbsp;kB)\"},\"webview\":{\"0\":667,\"1\":1000,\"2\":2,\"3\":\"width=\\\"667\\\" height=\\\"1000\\\"\",\"bits\":8,\"channels\":3,\"mime\":\"image\\\/jpeg\",\"ewww_image_optimizer\":\"Reduced by 4.5% (3.8&nbsp;kB) - Previously Optimized\"},\"0\":false,\"ewww_image_optimizer\":\"Reduced by 5.6% (9.3&nbsp;kB)\",\"views\":\"0\",\"likes\":\"0\"},\"title\":\"Ready to Wear Fall\\\/Winter 2016-2017\",\"description\":\"<p>Ready to Wear Fall\\\/Winter 2016-2017<\\\/p>\",\"link\":null,\"link_target\":\"\",\"download\":\"https:\\\/\\\/bobvarela.com\\\/wp-content\\\/flagallery\\\/pablo-erroz-en-el-080-barcelona-fashion-fallwinter-2016-2017\\\/pablo_erroz_040.jpg\",\"ratio\":0.6670000000000000373034936274052597582340240478515625},{\"id\":\"23000\",\"image\":\"https:\\\/\\\/bobvarela.com\\\/wp-content\\\/flagallery\\\/pablo-erroz-en-el-080-barcelona-fashion-fallwinter-2016-2017\\\/webview\\\/pablo_erroz_041.jpg\",\"thumb\":\"https:\\\/\\\/bobvarela.com\\\/wp-content\\\/flagallery\\\/pablo-erroz-en-el-080-barcelona-fashion-fallwinter-2016-2017\\\/thumbs\\\/thumbs_pablo_erroz_041.jpg\",\"file\":\"pablo_erroz_041.jpg\",\"meta\":{\"aperture\":false,\"credit\":false,\"camera\":false,\"caption\":\"Ready to Wear Fall\\\/Winter 2016-2017\",\"created_timestamp\":\"February 2, 2016 11:31 am\",\"copyright\":\"\\u00c2\\u00a9 2016 Estrop-Barcelona PHOTOGRAPH FOR EDITORIAL USE ONLY\",\"focal_length\":false,\"iso\":false,\"shutter_speed\":false,\"flash\":false,\"title\":\"Ready to Wear Fall\\\/Winter 2016-2017\",\"keywords\":\"Fall\\\/Winter 2016-2017,Ready to Wear\",\"width\":667,\"height\":1000,\"saved\":true,\"thumbnail\":{\"width\":220,\"height\":220,\"ewww_image_optimizer\":\"Reduced by 9.8% (3.5&nbsp;kB)\"},\"webview\":{\"0\":667,\"1\":1000,\"2\":2,\"3\":\"width=\\\"667\\\" height=\\\"1000\\\"\",\"bits\":8,\"channels\":3,\"mime\":\"image\\\/jpeg\",\"ewww_image_optimizer\":\"Reduced by 5.4% (5.1&nbsp;kB) - Previously Optimized\"},\"0\":false,\"ewww_image_optimizer\":\"Reduced by 4.7% (8.8&nbsp;kB)\",\"views\":\"0\",\"likes\":\"0\"},\"title\":\"Ready to Wear Fall\\\/Winter 2016-2017\",\"description\":\"<p>Ready to Wear Fall\\\/Winter 2016-2017<\\\/p>\",\"link\":null,\"link_target\":\"\",\"download\":\"https:\\\/\\\/bobvarela.com\\\/wp-content\\\/flagallery\\\/pablo-erroz-en-el-080-barcelona-fashion-fallwinter-2016-2017\\\/pablo_erroz_041.jpg\",\"ratio\":0.6670000000000000373034936274052597582340240478515625},{\"id\":\"23001\",\"image\":\"https:\\\/\\\/bobvarela.com\\\/wp-content\\\/flagallery\\\/pablo-erroz-en-el-080-barcelona-fashion-fallwinter-2016-2017\\\/webview\\\/pablo_erroz_042.jpg\",\"thumb\":\"https:\\\/\\\/bobvarela.com\\\/wp-content\\\/flagallery\\\/pablo-erroz-en-el-080-barcelona-fashion-fallwinter-2016-2017\\\/thumbs\\\/thumbs_pablo_erroz_042.jpg\",\"file\":\"pablo_erroz_042.jpg\",\"meta\":{\"aperture\":false,\"credit\":false,\"camera\":false,\"caption\":\"Ready to Wear Fall\\\/Winter 2016-2017\",\"created_timestamp\":\"February 2, 2016 11:31 am\",\"copyright\":\"\\u00c2\\u00a9 2016 Estrop-Barcelona PHOTOGRAPH FOR EDITORIAL USE ONLY\",\"focal_length\":false,\"iso\":false,\"shutter_speed\":false,\"flash\":false,\"title\":\"Ready to Wear Fall\\\/Winter 2016-2017\",\"keywords\":\"Fall\\\/Winter 2016-2017,Ready to Wear\",\"width\":667,\"height\":1000,\"saved\":true,\"thumbnail\":{\"width\":220,\"height\":220,\"ewww_image_optimizer\":\"Reduced by 7.6% (2.0&nbsp;kB)\"},\"webview\":{\"0\":667,\"1\":1000,\"2\":2,\"3\":\"width=\\\"667\\\" height=\\\"1000\\\"\",\"bits\":8,\"channels\":3,\"mime\":\"image\\\/jpeg\",\"ewww_image_optimizer\":\"Reduced by 4.6% (3.6&nbsp;kB) - Previously Optimized\"},\"0\":false,\"ewww_image_optimizer\":\"Reduced by 4.6% (7.3&nbsp;kB)\",\"views\":\"1\",\"likes\":\"0\"},\"title\":\"Ready to Wear Fall\\\/Winter 2016-2017\",\"description\":\"<p>Ready to Wear Fall\\\/Winter 2016-2017<\\\/p>\",\"link\":null,\"link_target\":\"\",\"download\":\"https:\\\/\\\/bobvarela.com\\\/wp-content\\\/flagallery\\\/pablo-erroz-en-el-080-barcelona-fashion-fallwinter-2016-2017\\\/pablo_erroz_042.jpg\",\"ratio\":0.6670000000000000373034936274052597582340240478515625},{\"id\":\"23002\",\"image\":\"https:\\\/\\\/bobvarela.com\\\/wp-content\\\/flagallery\\\/pablo-erroz-en-el-080-barcelona-fashion-fallwinter-2016-2017\\\/webview\\\/pablo_erroz_043.jpg\",\"thumb\":\"https:\\\/\\\/bobvarela.com\\\/wp-content\\\/flagallery\\\/pablo-erroz-en-el-080-barcelona-fashion-fallwinter-2016-2017\\\/thumbs\\\/thumbs_pablo_erroz_043.jpg\",\"file\":\"pablo_erroz_043.jpg\",\"meta\":{\"aperture\":false,\"credit\":false,\"camera\":false,\"caption\":\"Ready to Wear Fall\\\/Winter 2016-2017\",\"created_timestamp\":\"February 2, 2016 11:31 am\",\"copyright\":\"\\u00c2\\u00a9 2016 Estrop-Barcelona PHOTOGRAPH FOR EDITORIAL USE ONLY\",\"focal_length\":false,\"iso\":false,\"shutter_speed\":false,\"flash\":false,\"title\":\"Ready to Wear Fall\\\/Winter 2016-2017\",\"keywords\":\"Fall\\\/Winter 2016-2017,Ready to Wear\",\"width\":667,\"height\":1000,\"saved\":true,\"thumbnail\":{\"width\":220,\"height\":220,\"ewww_image_optimizer\":\"Reduced by 7.3% (2.1&nbsp;kB)\"},\"webview\":{\"0\":667,\"1\":1000,\"2\":2,\"3\":\"width=\\\"667\\\" height=\\\"1000\\\"\",\"bits\":8,\"channels\":3,\"mime\":\"image\\\/jpeg\",\"ewww_image_optimizer\":\"Reduced by 5.6% (4.1&nbsp;kB) - Previously Optimized\"},\"0\":false,\"ewww_image_optimizer\":\"Reduced by 5.1% (8.1&nbsp;kB)\",\"views\":\"0\",\"likes\":\"0\"},\"title\":\"Ready to Wear Fall\\\/Winter 2016-2017\",\"description\":\"<p>Ready to Wear Fall\\\/Winter 2016-2017<\\\/p>\",\"link\":null,\"link_target\":\"\",\"download\":\"https:\\\/\\\/bobvarela.com\\\/wp-content\\\/flagallery\\\/pablo-erroz-en-el-080-barcelona-fashion-fallwinter-2016-2017\\\/pablo_erroz_043.jpg\",\"ratio\":0.6670000000000000373034936274052597582340240478515625},{\"id\":\"23003\",\"image\":\"https:\\\/\\\/bobvarela.com\\\/wp-content\\\/flagallery\\\/pablo-erroz-en-el-080-barcelona-fashion-fallwinter-2016-2017\\\/webview\\\/pablo_erroz_044.jpg\",\"thumb\":\"https:\\\/\\\/bobvarela.com\\\/wp-content\\\/flagallery\\\/pablo-erroz-en-el-080-barcelona-fashion-fallwinter-2016-2017\\\/thumbs\\\/thumbs_pablo_erroz_044.jpg\",\"file\":\"pablo_erroz_044.jpg\",\"meta\":{\"aperture\":false,\"credit\":false,\"camera\":false,\"caption\":\"Ready to Wear Fall\\\/Winter 2016-2017\",\"created_timestamp\":\"February 2, 2016 11:31 am\",\"copyright\":\"\\u00c2\\u00a9 2016 Estrop-Barcelona PHOTOGRAPH FOR EDITORIAL USE ONLY\",\"focal_length\":false,\"iso\":false,\"shutter_speed\":false,\"flash\":false,\"title\":\"Ready to Wear Fall\\\/Winter 2016-2017\",\"keywords\":\"Fall\\\/Winter 2016-2017,Ready to Wear\",\"width\":667,\"height\":1000,\"saved\":true,\"thumbnail\":{\"width\":220,\"height\":220,\"ewww_image_optimizer\":\"Reduced by 7.4% (1.9&nbsp;kB)\"},\"webview\":{\"0\":667,\"1\":1000,\"2\":2,\"3\":\"width=\\\"667\\\" height=\\\"1000\\\"\",\"bits\":8,\"channels\":3,\"mime\":\"image\\\/jpeg\",\"ewww_image_optimizer\":\"Reduced by 4.7% (3.8&nbsp;kB) - Previously Optimized\"},\"0\":false,\"ewww_image_optimizer\":\"Reduced by 4.7% (7.3&nbsp;kB)\",\"views\":\"0\",\"likes\":\"0\"},\"title\":\"Ready to Wear Fall\\\/Winter 2016-2017\",\"description\":\"<p>Ready to Wear Fall\\\/Winter 2016-2017<\\\/p>\",\"link\":null,\"link_target\":\"\",\"download\":\"https:\\\/\\\/bobvarela.com\\\/wp-content\\\/flagallery\\\/pablo-erroz-en-el-080-barcelona-fashion-fallwinter-2016-2017\\\/pablo_erroz_044.jpg\",\"ratio\":0.6670000000000000373034936274052597582340240478515625},{\"id\":\"23004\",\"image\":\"https:\\\/\\\/bobvarela.com\\\/wp-content\\\/flagallery\\\/pablo-erroz-en-el-080-barcelona-fashion-fallwinter-2016-2017\\\/webview\\\/pablo_erroz_045.jpg\",\"thumb\":\"https:\\\/\\\/bobvarela.com\\\/wp-content\\\/flagallery\\\/pablo-erroz-en-el-080-barcelona-fashion-fallwinter-2016-2017\\\/thumbs\\\/thumbs_pablo_erroz_045.jpg\",\"file\":\"pablo_erroz_045.jpg\",\"meta\":{\"aperture\":false,\"credit\":false,\"camera\":false,\"caption\":\"Ready to Wear Fall\\\/Winter 2016-2017\",\"created_timestamp\":\"February 2, 2016 11:31 am\",\"copyright\":\"\\u00c2\\u00a9 2016 Estrop-Barcelona PHOTOGRAPH FOR EDITORIAL USE ONLY\",\"focal_length\":false,\"iso\":false,\"shutter_speed\":false,\"flash\":false,\"title\":\"Ready to Wear Fall\\\/Winter 2016-2017\",\"keywords\":\"Fall\\\/Winter 2016-2017,Ready to Wear\",\"width\":667,\"height\":1000,\"saved\":true,\"thumbnail\":{\"width\":220,\"height\":220,\"ewww_image_optimizer\":\"Reduced by 7.1% (1.9&nbsp;kB)\"},\"webview\":{\"0\":667,\"1\":1000,\"2\":2,\"3\":\"width=\\\"667\\\" height=\\\"1000\\\"\",\"bits\":8,\"channels\":3,\"mime\":\"image\\\/jpeg\",\"ewww_image_optimizer\":\"Reduced by 5.4% (4.3&nbsp;kB) - Previously Optimized\"},\"0\":false,\"ewww_image_optimizer\":\"Reduced by 4.8% (7.5&nbsp;kB)\",\"views\":\"0\",\"likes\":\"0\"},\"title\":\"Ready to Wear Fall\\\/Winter 2016-2017\",\"description\":\"<p>Ready to Wear Fall\\\/Winter 2016-2017<\\\/p>\",\"link\":null,\"link_target\":\"\",\"download\":\"https:\\\/\\\/bobvarela.com\\\/wp-content\\\/flagallery\\\/pablo-erroz-en-el-080-barcelona-fashion-fallwinter-2016-2017\\\/pablo_erroz_045.jpg\",\"ratio\":0.6670000000000000373034936274052597582340240478515625},{\"id\":\"23005\",\"image\":\"https:\\\/\\\/bobvarela.com\\\/wp-content\\\/flagallery\\\/pablo-erroz-en-el-080-barcelona-fashion-fallwinter-2016-2017\\\/webview\\\/pablo_erroz_046.jpg\",\"thumb\":\"https:\\\/\\\/bobvarela.com\\\/wp-content\\\/flagallery\\\/pablo-erroz-en-el-080-barcelona-fashion-fallwinter-2016-2017\\\/thumbs\\\/thumbs_pablo_erroz_046.jpg\",\"file\":\"pablo_erroz_046.jpg\",\"meta\":{\"aperture\":false,\"credit\":false,\"camera\":false,\"caption\":\"Ready to Wear Fall\\\/Winter 2016-2017\",\"created_timestamp\":\"February 2, 2016 11:31 am\",\"copyright\":\"\\u00c2\\u00a9 2016 Estrop-Barcelona PHOTOGRAPH FOR EDITORIAL USE ONLY\",\"focal_length\":false,\"iso\":false,\"shutter_speed\":false,\"flash\":false,\"title\":\"Ready to Wear Fall\\\/Winter 2016-2017\",\"keywords\":\"Fall\\\/Winter 2016-2017,Ready to Wear\",\"width\":1000,\"height\":667,\"saved\":true,\"thumbnail\":{\"width\":220,\"height\":220,\"ewww_image_optimizer\":\"Reduced by 8.3% (3.0&nbsp;kB)\"},\"webview\":{\"0\":1000,\"1\":667,\"2\":2,\"3\":\"width=\\\"1000\\\" height=\\\"667\\\"\",\"bits\":8,\"channels\":3,\"mime\":\"image\\\/jpeg\",\"ewww_image_optimizer\":\"Reduced by 6.3% (7.7&nbsp;kB) - Previously Optimized\"},\"0\":false,\"ewww_image_optimizer\":\"Reduced by 5.2% (8.7&nbsp;kB)\",\"views\":\"1\",\"likes\":\"0\"},\"title\":\"Ready to Wear Fall\\\/Winter 2016-2017\",\"description\":\"<p>Ready to Wear Fall\\\/Winter 2016-2017<\\\/p>\",\"link\":null,\"link_target\":\"\",\"download\":\"https:\\\/\\\/bobvarela.com\\\/wp-content\\\/flagallery\\\/pablo-erroz-en-el-080-barcelona-fashion-fallwinter-2016-2017\\\/pablo_erroz_046.jpg\",\"ratio\":1.4992503748125936002821845249854959547519683837890625},{\"id\":\"23006\",\"image\":\"https:\\\/\\\/bobvarela.com\\\/wp-content\\\/flagallery\\\/pablo-erroz-en-el-080-barcelona-fashion-fallwinter-2016-2017\\\/webview\\\/pablo_erroz_047.jpg\",\"thumb\":\"https:\\\/\\\/bobvarela.com\\\/wp-content\\\/flagallery\\\/pablo-erroz-en-el-080-barcelona-fashion-fallwinter-2016-2017\\\/thumbs\\\/thumbs_pablo_erroz_047.jpg\",\"file\":\"pablo_erroz_047.jpg\",\"meta\":{\"aperture\":false,\"credit\":false,\"camera\":false,\"caption\":\"Ready to Wear Fall\\\/Winter 2016-2017\",\"created_timestamp\":\"February 2, 2016 11:31 am\",\"copyright\":\"\\u00c2\\u00a9 2016 Estrop-Barcelona PHOTOGRAPH FOR EDITORIAL USE ONLY\",\"focal_length\":false,\"iso\":false,\"shutter_speed\":false,\"flash\":false,\"title\":\"Ready to Wear Fall\\\/Winter 2016-2017\",\"keywords\":\"Fall\\\/Winter 2016-2017,Ready to Wear\",\"width\":667,\"height\":1000,\"saved\":true,\"thumbnail\":{\"width\":220,\"height\":220,\"ewww_image_optimizer\":\"Reduced by 7.9% (2.1&nbsp;kB)\"},\"webview\":{\"0\":667,\"1\":1000,\"2\":2,\"3\":\"width=\\\"667\\\" height=\\\"1000\\\"\",\"bits\":8,\"channels\":3,\"mime\":\"image\\\/jpeg\",\"ewww_image_optimizer\":\"Reduced by 4.9% (4.3&nbsp;kB) - Previously Optimized\"},\"0\":false,\"ewww_image_optimizer\":\"Reduced by 5.0% (8.3&nbsp;kB)\",\"views\":\"0\",\"likes\":\"0\"},\"title\":\"Ready to Wear Fall\\\/Winter 2016-2017\",\"description\":\"<p>Ready to Wear Fall\\\/Winter 2016-2017<\\\/p>\",\"link\":null,\"link_target\":\"\",\"download\":\"https:\\\/\\\/bobvarela.com\\\/wp-content\\\/flagallery\\\/pablo-erroz-en-el-080-barcelona-fashion-fallwinter-2016-2017\\\/pablo_erroz_047.jpg\",\"ratio\":0.6670000000000000373034936274052597582340240478515625},{\"id\":\"23007\",\"image\":\"https:\\\/\\\/bobvarela.com\\\/wp-content\\\/flagallery\\\/pablo-erroz-en-el-080-barcelona-fashion-fallwinter-2016-2017\\\/webview\\\/pablo_erroz_048.jpg\",\"thumb\":\"https:\\\/\\\/bobvarela.com\\\/wp-content\\\/flagallery\\\/pablo-erroz-en-el-080-barcelona-fashion-fallwinter-2016-2017\\\/thumbs\\\/thumbs_pablo_erroz_048.jpg\",\"file\":\"pablo_erroz_048.jpg\",\"meta\":{\"aperture\":false,\"credit\":false,\"camera\":false,\"caption\":\"Ready to Wear Fall\\\/Winter 2016-2017\",\"created_timestamp\":\"February 2, 2016 11:31 am\",\"copyright\":\"\\u00c2\\u00a9 2016 Estrop-Barcelona PHOTOGRAPH FOR EDITORIAL USE ONLY\",\"focal_length\":false,\"iso\":false,\"shutter_speed\":false,\"flash\":false,\"title\":\"Ready to Wear Fall\\\/Winter 2016-2017\",\"keywords\":\"Fall\\\/Winter 2016-2017,Ready to Wear\",\"width\":667,\"height\":1000,\"saved\":true,\"thumbnail\":{\"width\":220,\"height\":220,\"ewww_image_optimizer\":\"Reduced by 9.3% (2.9&nbsp;kB)\"},\"webview\":{\"0\":667,\"1\":1000,\"2\":2,\"3\":\"width=\\\"667\\\" height=\\\"1000\\\"\",\"bits\":8,\"channels\":3,\"mime\":\"image\\\/jpeg\",\"ewww_image_optimizer\":\"Reduced by 5.0% (4.7&nbsp;kB) - Previously Optimized\"},\"0\":false,\"ewww_image_optimizer\":\"Reduced by 4.8% (8.8&nbsp;kB)\",\"views\":\"1\",\"likes\":\"0\"},\"title\":\"Ready to Wear Fall\\\/Winter 2016-2017\",\"description\":\"<p>Ready to Wear Fall\\\/Winter 2016-2017<\\\/p>\",\"link\":null,\"link_target\":\"\",\"download\":\"https:\\\/\\\/bobvarela.com\\\/wp-content\\\/flagallery\\\/pablo-erroz-en-el-080-barcelona-fashion-fallwinter-2016-2017\\\/pablo_erroz_048.jpg\",\"ratio\":0.6670000000000000373034936274052597582340240478515625},{\"id\":\"23008\",\"image\":\"https:\\\/\\\/bobvarela.com\\\/wp-content\\\/flagallery\\\/pablo-erroz-en-el-080-barcelona-fashion-fallwinter-2016-2017\\\/webview\\\/pablo_erroz_049.jpg\",\"thumb\":\"https:\\\/\\\/bobvarela.com\\\/wp-content\\\/flagallery\\\/pablo-erroz-en-el-080-barcelona-fashion-fallwinter-2016-2017\\\/thumbs\\\/thumbs_pablo_erroz_049.jpg\",\"file\":\"pablo_erroz_049.jpg\",\"meta\":{\"aperture\":false,\"credit\":false,\"camera\":false,\"caption\":\"Ready to Wear Fall\\\/Winter 2016-2017\",\"created_timestamp\":\"February 2, 2016 11:32 am\",\"copyright\":\"\\u00c2\\u00a9 2016 Estrop-Barcelona PHOTOGRAPH FOR EDITORIAL USE ONLY\",\"focal_length\":false,\"iso\":false,\"shutter_speed\":false,\"flash\":false,\"title\":\"Ready to Wear Fall\\\/Winter 2016-2017\",\"keywords\":\"Fall\\\/Winter 2016-2017,Ready to Wear\",\"width\":667,\"height\":1000,\"saved\":true,\"thumbnail\":{\"width\":220,\"height\":220,\"ewww_image_optimizer\":\"Reduced by 10.0% (2.7&nbsp;kB)\"},\"webview\":{\"0\":667,\"1\":1000,\"2\":2,\"3\":\"width=\\\"667\\\" height=\\\"1000\\\"\",\"bits\":8,\"channels\":3,\"mime\":\"image\\\/jpeg\",\"ewww_image_optimizer\":\"Reduced by 4.7% (3.5&nbsp;kB) - Previously Optimized\"},\"0\":false,\"ewww_image_optimizer\":\"Reduced by 5.0% (7.4&nbsp;kB)\",\"views\":\"0\",\"likes\":\"0\"},\"title\":\"Ready to Wear Fall\\\/Winter 2016-2017\",\"description\":\"<p>Ready to Wear Fall\\\/Winter 2016-2017<\\\/p>\",\"link\":null,\"link_target\":\"\",\"download\":\"https:\\\/\\\/bobvarela.com\\\/wp-content\\\/flagallery\\\/pablo-erroz-en-el-080-barcelona-fashion-fallwinter-2016-2017\\\/pablo_erroz_049.jpg\",\"ratio\":0.6670000000000000373034936274052597582340240478515625},{\"id\":\"23009\",\"image\":\"https:\\\/\\\/bobvarela.com\\\/wp-content\\\/flagallery\\\/pablo-erroz-en-el-080-barcelona-fashion-fallwinter-2016-2017\\\/webview\\\/pablo_erroz_050.jpg\",\"thumb\":\"https:\\\/\\\/bobvarela.com\\\/wp-content\\\/flagallery\\\/pablo-erroz-en-el-080-barcelona-fashion-fallwinter-2016-2017\\\/thumbs\\\/thumbs_pablo_erroz_050.jpg\",\"file\":\"pablo_erroz_050.jpg\",\"meta\":{\"aperture\":false,\"credit\":false,\"camera\":false,\"caption\":\"Ready to Wear Fall\\\/Winter 2016-2017\",\"created_timestamp\":\"February 2, 2016 11:32 am\",\"copyright\":\"\\u00c2\\u00a9 2016 Estrop-Barcelona PHOTOGRAPH FOR EDITORIAL USE ONLY\",\"focal_length\":false,\"iso\":false,\"shutter_speed\":false,\"flash\":false,\"title\":\"Ready to Wear Fall\\\/Winter 2016-2017\",\"keywords\":\"Fall\\\/Winter 2016-2017,Ready to Wear\",\"width\":667,\"height\":1000,\"saved\":true,\"thumbnail\":{\"width\":220,\"height\":220,\"ewww_image_optimizer\":\"Reduced by 9.3% (2.3&nbsp;kB)\"},\"webview\":{\"0\":667,\"1\":1000,\"2\":2,\"3\":\"width=\\\"667\\\" height=\\\"1000\\\"\",\"bits\":8,\"channels\":3,\"mime\":\"image\\\/jpeg\",\"ewww_image_optimizer\":\"Reduced by 6.6% (4.1&nbsp;kB) - Previously Optimized\"},\"0\":false,\"ewww_image_optimizer\":\"Reduced by 5.9% (7.7&nbsp;kB)\",\"views\":\"2\",\"likes\":\"0\"},\"title\":\"Ready to Wear Fall\\\/Winter 2016-2017\",\"description\":\"<p>Ready to Wear Fall\\\/Winter 2016-2017<\\\/p>\",\"link\":null,\"link_target\":\"\",\"download\":\"https:\\\/\\\/bobvarela.com\\\/wp-content\\\/flagallery\\\/pablo-erroz-en-el-080-barcelona-fashion-fallwinter-2016-2017\\\/pablo_erroz_050.jpg\",\"ratio\":0.6670000000000000373034936274052597582340240478515625},{\"id\":\"23010\",\"image\":\"https:\\\/\\\/bobvarela.com\\\/wp-content\\\/flagallery\\\/pablo-erroz-en-el-080-barcelona-fashion-fallwinter-2016-2017\\\/webview\\\/pablo_erroz_051.jpg\",\"thumb\":\"https:\\\/\\\/bobvarela.com\\\/wp-content\\\/flagallery\\\/pablo-erroz-en-el-080-barcelona-fashion-fallwinter-2016-2017\\\/thumbs\\\/thumbs_pablo_erroz_051.jpg\",\"file\":\"pablo_erroz_051.jpg\",\"meta\":{\"aperture\":false,\"credit\":false,\"camera\":false,\"caption\":\"Ready to Wear Fall\\\/Winter 2016-2017\",\"created_timestamp\":\"February 2, 2016 11:32 am\",\"copyright\":\"\\u00c2\\u00a9 2016 Estrop-Barcelona PHOTOGRAPH FOR EDITORIAL USE ONLY\",\"focal_length\":false,\"iso\":false,\"shutter_speed\":false,\"flash\":false,\"title\":\"Ready to Wear Fall\\\/Winter 2016-2017\",\"keywords\":\"Fall\\\/Winter 2016-2017,Ready to Wear\",\"width\":667,\"height\":1000,\"saved\":true,\"thumbnail\":{\"width\":220,\"height\":220,\"ewww_image_optimizer\":\"Reduced by 6.1% (1.9&nbsp;kB)\"},\"webview\":{\"0\":667,\"1\":1000,\"2\":2,\"3\":\"width=\\\"667\\\" height=\\\"1000\\\"\",\"bits\":8,\"channels\":3,\"mime\":\"image\\\/jpeg\",\"ewww_image_optimizer\":\"Reduced by 6.8% (6.5&nbsp;kB) - Previously Optimized\"},\"0\":false,\"ewww_image_optimizer\":\"Reduced by 4.2% (8.0&nbsp;kB)\",\"views\":\"1\",\"likes\":\"0\"},\"title\":\"Ready to Wear Fall\\\/Winter 2016-2017\",\"description\":\"<p>Ready to Wear Fall\\\/Winter 2016-2017<\\\/p>\",\"link\":null,\"link_target\":\"\",\"download\":\"https:\\\/\\\/bobvarela.com\\\/wp-content\\\/flagallery\\\/pablo-erroz-en-el-080-barcelona-fashion-fallwinter-2016-2017\\\/pablo_erroz_051.jpg\",\"ratio\":0.6670000000000000373034936274052597582340240478515625},{\"id\":\"23011\",\"image\":\"https:\\\/\\\/bobvarela.com\\\/wp-content\\\/flagallery\\\/pablo-erroz-en-el-080-barcelona-fashion-fallwinter-2016-2017\\\/webview\\\/pablo_erroz_052.jpg\",\"thumb\":\"https:\\\/\\\/bobvarela.com\\\/wp-content\\\/flagallery\\\/pablo-erroz-en-el-080-barcelona-fashion-fallwinter-2016-2017\\\/thumbs\\\/thumbs_pablo_erroz_052.jpg\",\"file\":\"pablo_erroz_052.jpg\",\"meta\":{\"aperture\":false,\"credit\":false,\"camera\":false,\"caption\":\"Ready to Wear Fall\\\/Winter 2016-2017\",\"created_timestamp\":\"February 2, 2016 11:32 am\",\"copyright\":\"\\u00c2\\u00a9 2016 Estrop-Barcelona PHOTOGRAPH FOR EDITORIAL USE ONLY\",\"focal_length\":false,\"iso\":false,\"shutter_speed\":false,\"flash\":false,\"title\":\"Ready to Wear Fall\\\/Winter 2016-2017\",\"keywords\":\"Fall\\\/Winter 2016-2017,Ready to Wear\",\"width\":667,\"height\":1000,\"saved\":true,\"thumbnail\":{\"width\":220,\"height\":220,\"ewww_image_optimizer\":\"Reduced by 9.0% (3.3&nbsp;kB)\"},\"webview\":{\"0\":667,\"1\":1000,\"2\":2,\"3\":\"width=\\\"667\\\" height=\\\"1000\\\"\",\"bits\":8,\"channels\":3,\"mime\":\"image\\\/jpeg\",\"ewww_image_optimizer\":\"Reduced by 6.3% (6.5&nbsp;kB) - Previously Optimized\"},\"0\":false,\"ewww_image_optimizer\":\"Reduced by 4.2% (6.1&nbsp;kB)\",\"views\":\"0\",\"likes\":\"0\"},\"title\":\"Ready to Wear Fall\\\/Winter 2016-2017\",\"description\":\"<p>Ready to Wear Fall\\\/Winter 2016-2017<\\\/p>\",\"link\":null,\"link_target\":\"\",\"download\":\"https:\\\/\\\/bobvarela.com\\\/wp-content\\\/flagallery\\\/pablo-erroz-en-el-080-barcelona-fashion-fallwinter-2016-2017\\\/pablo_erroz_052.jpg\",\"ratio\":0.6670000000000000373034936274052597582340240478515625},{\"id\":\"23012\",\"image\":\"https:\\\/\\\/bobvarela.com\\\/wp-content\\\/flagallery\\\/pablo-erroz-en-el-080-barcelona-fashion-fallwinter-2016-2017\\\/webview\\\/pablo_erroz_053.jpg\",\"thumb\":\"https:\\\/\\\/bobvarela.com\\\/wp-content\\\/flagallery\\\/pablo-erroz-en-el-080-barcelona-fashion-fallwinter-2016-2017\\\/thumbs\\\/thumbs_pablo_erroz_053.jpg\",\"file\":\"pablo_erroz_053.jpg\",\"meta\":{\"aperture\":false,\"credit\":false,\"camera\":false,\"caption\":\"Ready to Wear Fall\\\/Winter 2016-2017\",\"created_timestamp\":\"February 2, 2016 11:31 am\",\"copyright\":\"\\u00c2\\u00a9 2016 Estrop-Barcelona PHOTOGRAPH FOR EDITORIAL USE ONLY\",\"focal_length\":false,\"iso\":false,\"shutter_speed\":false,\"flash\":false,\"title\":\"Ready to Wear Fall\\\/Winter 2016-2017\",\"keywords\":\"Fall\\\/Winter 2016-2017,Ready to Wear\",\"width\":667,\"height\":1000,\"saved\":true,\"thumbnail\":{\"width\":220,\"height\":220,\"ewww_image_optimizer\":\"Reduced by 9.9% (4.1&nbsp;kB)\"},\"webview\":{\"0\":667,\"1\":1000,\"2\":2,\"3\":\"width=\\\"667\\\" height=\\\"1000\\\"\",\"bits\":8,\"channels\":3,\"mime\":\"image\\\/jpeg\",\"ewww_image_optimizer\":\"Reduced by 6.9% (8.8&nbsp;kB) - Previously Optimized\"},\"0\":false,\"ewww_image_optimizer\":\"Reduced by 4.4% (7.7&nbsp;kB)\",\"views\":\"3\",\"likes\":\"0\"},\"title\":\"Ready to Wear Fall\\\/Winter 2016-2017\",\"description\":\"<p>Ready to Wear Fall\\\/Winter 2016-2017<\\\/p>\",\"link\":null,\"link_target\":\"\",\"download\":\"https:\\\/\\\/bobvarela.com\\\/wp-content\\\/flagallery\\\/pablo-erroz-en-el-080-barcelona-fashion-fallwinter-2016-2017\\\/pablo_erroz_053.jpg\",\"ratio\":0.6670000000000000373034936274052597582340240478515625},{\"id\":\"23013\",\"image\":\"https:\\\/\\\/bobvarela.com\\\/wp-content\\\/flagallery\\\/pablo-erroz-en-el-080-barcelona-fashion-fallwinter-2016-2017\\\/webview\\\/pablo_erroz_054.jpg\",\"thumb\":\"https:\\\/\\\/bobvarela.com\\\/wp-content\\\/flagallery\\\/pablo-erroz-en-el-080-barcelona-fashion-fallwinter-2016-2017\\\/thumbs\\\/thumbs_pablo_erroz_054.jpg\",\"file\":\"pablo_erroz_054.jpg\",\"meta\":{\"aperture\":false,\"credit\":false,\"camera\":false,\"caption\":\"Ready to Wear Fall\\\/Winter 2016-2017\",\"created_timestamp\":\"February 2, 2016 11:32 am\",\"copyright\":\"\\u00c2\\u00a9 2016 Estrop-Barcelona PHOTOGRAPH FOR EDITORIAL USE ONLY\",\"focal_length\":false,\"iso\":false,\"shutter_speed\":false,\"flash\":false,\"title\":\"Ready to Wear Fall\\\/Winter 2016-2017\",\"keywords\":\"Fall\\\/Winter 2016-2017,Ready to Wear\",\"width\":667,\"height\":1000,\"saved\":true,\"thumbnail\":{\"width\":220,\"height\":220,\"ewww_image_optimizer\":\"Reduced by 9.2% (2.8&nbsp;kB)\"},\"webview\":{\"0\":667,\"1\":1000,\"2\":2,\"3\":\"width=\\\"667\\\" height=\\\"1000\\\"\",\"bits\":8,\"channels\":3,\"mime\":\"image\\\/jpeg\",\"ewww_image_optimizer\":\"Reduced by 4.2% (3.8&nbsp;kB) - Previously Optimized\"},\"0\":false,\"ewww_image_optimizer\":\"Reduced by 4.8% (8.3&nbsp;kB)\",\"views\":\"0\",\"likes\":\"0\"},\"title\":\"Ready to Wear Fall\\\/Winter 2016-2017\",\"description\":\"<p>Ready to Wear Fall\\\/Winter 2016-2017<\\\/p>\",\"link\":null,\"link_target\":\"\",\"download\":\"https:\\\/\\\/bobvarela.com\\\/wp-content\\\/flagallery\\\/pablo-erroz-en-el-080-barcelona-fashion-fallwinter-2016-2017\\\/pablo_erroz_054.jpg\",\"ratio\":0.6670000000000000373034936274052597582340240478515625},{\"id\":\"23014\",\"image\":\"https:\\\/\\\/bobvarela.com\\\/wp-content\\\/flagallery\\\/pablo-erroz-en-el-080-barcelona-fashion-fallwinter-2016-2017\\\/webview\\\/pablo_erroz_055.jpg\",\"thumb\":\"https:\\\/\\\/bobvarela.com\\\/wp-content\\\/flagallery\\\/pablo-erroz-en-el-080-barcelona-fashion-fallwinter-2016-2017\\\/thumbs\\\/thumbs_pablo_erroz_055.jpg\",\"file\":\"pablo_erroz_055.jpg\",\"meta\":{\"aperture\":false,\"credit\":false,\"camera\":false,\"caption\":\"Ready to Wear Fall\\\/Winter 2016-2017\",\"created_timestamp\":\"February 2, 2016 11:32 am\",\"copyright\":\"\\u00c2\\u00a9 2016 Estrop-Barcelona PHOTOGRAPH FOR EDITORIAL USE ONLY\",\"focal_length\":false,\"iso\":false,\"shutter_speed\":false,\"flash\":false,\"title\":\"Ready to Wear Fall\\\/Winter 2016-2017\",\"keywords\":\"Fall\\\/Winter 2016-2017,Ready to Wear\",\"width\":667,\"height\":1000,\"saved\":true,\"thumbnail\":{\"width\":220,\"height\":220,\"ewww_image_optimizer\":\"Reduced by 7.7% (2.2&nbsp;kB)\"},\"webview\":{\"0\":667,\"1\":1000,\"2\":2,\"3\":\"width=\\\"667\\\" height=\\\"1000\\\"\",\"bits\":8,\"channels\":3,\"mime\":\"image\\\/jpeg\",\"ewww_image_optimizer\":\"Reduced by 5.7% (4.5&nbsp;kB) - Previously Optimized\"},\"0\":false,\"ewww_image_optimizer\":\"Reduced by 5.2% (8.1&nbsp;kB)\",\"views\":\"0\",\"likes\":\"0\"},\"title\":\"Ready to Wear Fall\\\/Winter 2016-2017\",\"description\":\"<p>Ready to Wear Fall\\\/Winter 2016-2017<\\\/p>\",\"link\":null,\"link_target\":\"\",\"download\":\"https:\\\/\\\/bobvarela.com\\\/wp-content\\\/flagallery\\\/pablo-erroz-en-el-080-barcelona-fashion-fallwinter-2016-2017\\\/pablo_erroz_055.jpg\",\"ratio\":0.6670000000000000373034936274052597582340240478515625},{\"id\":\"23015\",\"image\":\"https:\\\/\\\/bobvarela.com\\\/wp-content\\\/flagallery\\\/pablo-erroz-en-el-080-barcelona-fashion-fallwinter-2016-2017\\\/webview\\\/pablo_erroz_056.jpg\",\"thumb\":\"https:\\\/\\\/bobvarela.com\\\/wp-content\\\/flagallery\\\/pablo-erroz-en-el-080-barcelona-fashion-fallwinter-2016-2017\\\/thumbs\\\/thumbs_pablo_erroz_056.jpg\",\"file\":\"pablo_erroz_056.jpg\",\"meta\":{\"aperture\":false,\"credit\":false,\"camera\":false,\"caption\":\"Ready to Wear Fall\\\/Winter 2016-2017\",\"created_timestamp\":\"February 2, 2016 11:32 am\",\"copyright\":\"\\u00c2\\u00a9 2016 Estrop-Barcelona PHOTOGRAPH FOR EDITORIAL USE ONLY\",\"focal_length\":false,\"iso\":false,\"shutter_speed\":false,\"flash\":false,\"title\":\"Ready to Wear Fall\\\/Winter 2016-2017\",\"keywords\":\"Fall\\\/Winter 2016-2017,Ready to Wear\",\"width\":667,\"height\":1000,\"saved\":true,\"thumbnail\":{\"width\":220,\"height\":220,\"ewww_image_optimizer\":\"Reduced by 8.4% (2.5&nbsp;kB)\"},\"webview\":{\"0\":667,\"1\":1000,\"2\":2,\"3\":\"width=\\\"667\\\" height=\\\"1000\\\"\",\"bits\":8,\"channels\":3,\"mime\":\"image\\\/jpeg\",\"ewww_image_optimizer\":\"Reduced by 5.1% (3.9&nbsp;kB) - Previously Optimized\"},\"0\":false,\"ewww_image_optimizer\":\"Reduced by 5.2% (8.5&nbsp;kB)\",\"views\":\"1\",\"likes\":\"0\"},\"title\":\"Ready to Wear Fall\\\/Winter 2016-2017\",\"description\":\"<p>Ready to Wear Fall\\\/Winter 2016-2017<\\\/p>\",\"link\":null,\"link_target\":\"\",\"download\":\"https:\\\/\\\/bobvarela.com\\\/wp-content\\\/flagallery\\\/pablo-erroz-en-el-080-barcelona-fashion-fallwinter-2016-2017\\\/pablo_erroz_056.jpg\",\"ratio\":0.6670000000000000373034936274052597582340240478515625},{\"id\":\"23016\",\"image\":\"https:\\\/\\\/bobvarela.com\\\/wp-content\\\/flagallery\\\/pablo-erroz-en-el-080-barcelona-fashion-fallwinter-2016-2017\\\/webview\\\/pablo_erroz_057.jpg\",\"thumb\":\"https:\\\/\\\/bobvarela.com\\\/wp-content\\\/flagallery\\\/pablo-erroz-en-el-080-barcelona-fashion-fallwinter-2016-2017\\\/thumbs\\\/thumbs_pablo_erroz_057.jpg\",\"file\":\"pablo_erroz_057.jpg\",\"meta\":{\"aperture\":false,\"credit\":false,\"camera\":false,\"caption\":\"Ready to Wear Fall\\\/Winter 2016-2017\",\"created_timestamp\":\"February 2, 2016 11:32 am\",\"copyright\":\"\\u00c2\\u00a9 2016 Estrop-Barcelona PHOTOGRAPH FOR EDITORIAL USE ONLY\",\"focal_length\":false,\"iso\":false,\"shutter_speed\":false,\"flash\":false,\"title\":\"Ready to Wear Fall\\\/Winter 2016-2017\",\"keywords\":\"Fall\\\/Winter 2016-2017,Ready to Wear\",\"width\":667,\"height\":1000,\"saved\":true,\"thumbnail\":{\"width\":220,\"height\":220,\"ewww_image_optimizer\":\"Reduced by 11.4% (3.5&nbsp;kB)\"},\"webview\":{\"0\":667,\"1\":1000,\"2\":2,\"3\":\"width=\\\"667\\\" height=\\\"1000\\\"\",\"bits\":8,\"channels\":3,\"mime\":\"image\\\/jpeg\",\"ewww_image_optimizer\":\"Reduced by 4.8% (5.1&nbsp;kB) - Previously Optimized\"},\"0\":false,\"ewww_image_optimizer\":\"Reduced by 5.6% (10.9&nbsp;kB)\",\"views\":\"1\",\"likes\":\"0\"},\"title\":\"Ready to Wear Fall\\\/Winter 2016-2017\",\"description\":\"<p>Ready to Wear Fall\\\/Winter 2016-2017<\\\/p>\",\"link\":null,\"link_target\":\"\",\"download\":\"https:\\\/\\\/bobvarela.com\\\/wp-content\\\/flagallery\\\/pablo-erroz-en-el-080-barcelona-fashion-fallwinter-2016-2017\\\/pablo_erroz_057.jpg\",\"ratio\":0.6670000000000000373034936274052597582340240478515625},{\"id\":\"23017\",\"image\":\"https:\\\/\\\/bobvarela.com\\\/wp-content\\\/flagallery\\\/pablo-erroz-en-el-080-barcelona-fashion-fallwinter-2016-2017\\\/webview\\\/pablo_erroz_058.jpg\",\"thumb\":\"https:\\\/\\\/bobvarela.com\\\/wp-content\\\/flagallery\\\/pablo-erroz-en-el-080-barcelona-fashion-fallwinter-2016-2017\\\/thumbs\\\/thumbs_pablo_erroz_058.jpg\",\"file\":\"pablo_erroz_058.jpg\",\"meta\":{\"aperture\":false,\"credit\":false,\"camera\":false,\"caption\":\"Ready to Wear Fall\\\/Winter 2016-2017\",\"created_timestamp\":\"February 2, 2016 11:32 am\",\"copyright\":\"\\u00c2\\u00a9 2016 Estrop-Barcelona PHOTOGRAPH FOR EDITORIAL USE ONLY\",\"focal_length\":false,\"iso\":false,\"shutter_speed\":false,\"flash\":false,\"title\":\"Ready to Wear Fall\\\/Winter 2016-2017\",\"keywords\":\"Fall\\\/Winter 2016-2017,Ready to Wear\",\"width\":667,\"height\":1000,\"saved\":true,\"thumbnail\":{\"width\":220,\"height\":220,\"ewww_image_optimizer\":\"Reduced by 13.1% (4.2&nbsp;kB)\"},\"webview\":{\"0\":667,\"1\":1000,\"2\":2,\"3\":\"width=\\\"667\\\" height=\\\"1000\\\"\",\"bits\":8,\"channels\":3,\"mime\":\"image\\\/jpeg\",\"ewww_image_optimizer\":\"Reduced by 7.6% (10.2&nbsp;kB) - Previously Optimized\"},\"0\":false,\"ewww_image_optimizer\":\"Reduced by 7.4% (13.3&nbsp;kB)\",\"views\":\"1\",\"likes\":\"0\"},\"title\":\"Ready to Wear Fall\\\/Winter 2016-2017\",\"description\":\"<p>Ready to Wear Fall\\\/Winter 2016-2017<\\\/p>\",\"link\":null,\"link_target\":\"\",\"download\":\"https:\\\/\\\/bobvarela.com\\\/wp-content\\\/flagallery\\\/pablo-erroz-en-el-080-barcelona-fashion-fallwinter-2016-2017\\\/pablo_erroz_058.jpg\",\"ratio\":0.6670000000000000373034936274052597582340240478515625},{\"id\":\"23018\",\"image\":\"https:\\\/\\\/bobvarela.com\\\/wp-content\\\/flagallery\\\/pablo-erroz-en-el-080-barcelona-fashion-fallwinter-2016-2017\\\/webview\\\/pablo_erroz_059.jpg\",\"thumb\":\"https:\\\/\\\/bobvarela.com\\\/wp-content\\\/flagallery\\\/pablo-erroz-en-el-080-barcelona-fashion-fallwinter-2016-2017\\\/thumbs\\\/thumbs_pablo_erroz_059.jpg\",\"file\":\"pablo_erroz_059.jpg\",\"meta\":{\"aperture\":false,\"credit\":false,\"camera\":false,\"caption\":\"Ready to Wear Fall\\\/Winter 2016-2017\",\"created_timestamp\":\"February 2, 2016 11:32 am\",\"copyright\":\"\\u00c2\\u00a9 2016 Estrop-Barcelona PHOTOGRAPH FOR EDITORIAL USE ONLY\",\"focal_length\":false,\"iso\":false,\"shutter_speed\":false,\"flash\":false,\"title\":\"Ready to Wear Fall\\\/Winter 2016-2017\",\"keywords\":\"Fall\\\/Winter 2016-2017,Ready to Wear\",\"width\":667,\"height\":1000,\"saved\":true,\"thumbnail\":{\"width\":220,\"height\":220,\"ewww_image_optimizer\":\"Reduced by 8.2% (1.9&nbsp;kB)\"},\"webview\":{\"0\":667,\"1\":1000,\"2\":2,\"3\":\"width=\\\"667\\\" height=\\\"1000\\\"\",\"bits\":8,\"channels\":3,\"mime\":\"image\\\/jpeg\",\"ewww_image_optimizer\":\"Reduced by 5.1% (3.8&nbsp;kB) - Previously Optimized\"},\"0\":false,\"ewww_image_optimizer\":\"Reduced by 5.5% (7.8&nbsp;kB)\",\"views\":\"0\",\"likes\":\"0\"},\"title\":\"Ready to Wear Fall\\\/Winter 2016-2017\",\"description\":\"<p>Ready to Wear Fall\\\/Winter 2016-2017<\\\/p>\",\"link\":null,\"link_target\":\"\",\"download\":\"https:\\\/\\\/bobvarela.com\\\/wp-content\\\/flagallery\\\/pablo-erroz-en-el-080-barcelona-fashion-fallwinter-2016-2017\\\/pablo_erroz_059.jpg\",\"ratio\":0.6670000000000000373034936274052597582340240478515625},{\"id\":\"23019\",\"image\":\"https:\\\/\\\/bobvarela.com\\\/wp-content\\\/flagallery\\\/pablo-erroz-en-el-080-barcelona-fashion-fallwinter-2016-2017\\\/webview\\\/pablo_erroz_060.jpg\",\"thumb\":\"https:\\\/\\\/bobvarela.com\\\/wp-content\\\/flagallery\\\/pablo-erroz-en-el-080-barcelona-fashion-fallwinter-2016-2017\\\/thumbs\\\/thumbs_pablo_erroz_060.jpg\",\"file\":\"pablo_erroz_060.jpg\",\"meta\":{\"aperture\":false,\"credit\":false,\"camera\":false,\"caption\":\"Ready to Wear Fall\\\/Winter 2016-2017\",\"created_timestamp\":\"February 2, 2016 11:32 am\",\"copyright\":\"\\u00c2\\u00a9 2016 Estrop-Barcelona PHOTOGRAPH FOR EDITORIAL USE ONLY\",\"focal_length\":false,\"iso\":false,\"shutter_speed\":false,\"flash\":false,\"title\":\"Ready to Wear Fall\\\/Winter 2016-2017\",\"keywords\":\"Fall\\\/Winter 2016-2017,Ready to Wear\",\"width\":667,\"height\":1000,\"saved\":true,\"thumbnail\":{\"width\":220,\"height\":220,\"ewww_image_optimizer\":\"Reduced by 8.3% (2.0&nbsp;kB)\"},\"webview\":{\"0\":667,\"1\":1000,\"2\":2,\"3\":\"width=\\\"667\\\" height=\\\"1000\\\"\",\"bits\":8,\"channels\":3,\"mime\":\"image\\\/jpeg\",\"ewww_image_optimizer\":\"Reduced by 5.9% (3.7&nbsp;kB) - Previously Optimized\"},\"0\":false,\"ewww_image_optimizer\":\"Reduced by 5.6% (7.2&nbsp;kB)\",\"views\":\"2\",\"likes\":\"0\"},\"title\":\"Ready to Wear Fall\\\/Winter 2016-2017\",\"description\":\"<p>Ready to Wear Fall\\\/Winter 2016-2017<\\\/p>\",\"link\":null,\"link_target\":\"\",\"download\":\"https:\\\/\\\/bobvarela.com\\\/wp-content\\\/flagallery\\\/pablo-erroz-en-el-080-barcelona-fashion-fallwinter-2016-2017\\\/pablo_erroz_060.jpg\",\"ratio\":0.6670000000000000373034936274052597582340240478515625}]}; var container = $('#FlaGallery_sc1_323'); container.photomania(settings, content); window.FlaGallery_sc1_323 = container.data('photomania'); }); <\/script><\/div><noscript id=\"noscript_FlaGallery_sc1_323\"><img class=\"skip-lazy no-lazyload noLazy\" data-lazy-src=\"\" src =\"https:\/\/bobvarela.com\/wp-content\/flagallery\/pablo-erroz-en-el-080-barcelona-fashion-fallwinter-2016-2017\/pablo_erroz_001.jpg\" alt=\"Ready to Wear Fall\/Winter 2016-2017\" \/><img class=\"skip-lazy no-lazyload noLazy\" data-lazy-src=\"\" src =\"https:\/\/bobvarela.com\/wp-content\/flagallery\/pablo-erroz-en-el-080-barcelona-fashion-fallwinter-2016-2017\/pablo_erroz_002.jpg\" alt=\"Ready to Wear Fall\/Winter 2016-2017\" \/><img class=\"skip-lazy no-lazyload noLazy\" data-lazy-src=\"\" src =\"https:\/\/bobvarela.com\/wp-content\/flagallery\/pablo-erroz-en-el-080-barcelona-fashion-fallwinter-2016-2017\/pablo_erroz_003.jpg\" alt=\"Ready to Wear Fall\/Winter 2016-2017\" \/><img class=\"skip-lazy no-lazyload noLazy\" data-lazy-src=\"\" src =\"https:\/\/bobvarela.com\/wp-content\/flagallery\/pablo-erroz-en-el-080-barcelona-fashion-fallwinter-2016-2017\/pablo_erroz_004.jpg\" alt=\"Ready to Wear Fall\/Winter 2016-2017\" \/><img class=\"skip-lazy no-lazyload noLazy\" data-lazy-src=\"\" src =\"https:\/\/bobvarela.com\/wp-content\/flagallery\/pablo-erroz-en-el-080-barcelona-fashion-fallwinter-2016-2017\/pablo_erroz_005.jpg\" alt=\"Ready to Wear Fall\/Winter 2016-2017\" \/><img class=\"skip-lazy no-lazyload noLazy\" data-lazy-src=\"\" src =\"https:\/\/bobvarela.com\/wp-content\/flagallery\/pablo-erroz-en-el-080-barcelona-fashion-fallwinter-2016-2017\/pablo_erroz_006.jpg\" alt=\"Ready to Wear Fall\/Winter 2016-2017\" \/><img class=\"skip-lazy no-lazyload noLazy\" data-lazy-src=\"\" src =\"https:\/\/bobvarela.com\/wp-content\/flagallery\/pablo-erroz-en-el-080-barcelona-fashion-fallwinter-2016-2017\/pablo_erroz_007.jpg\" alt=\"Ready to Wear Fall\/Winter 2016-2017\" \/><img class=\"skip-lazy no-lazyload noLazy\" data-lazy-src=\"\" src =\"https:\/\/bobvarela.com\/wp-content\/flagallery\/pablo-erroz-en-el-080-barcelona-fashion-fallwinter-2016-2017\/pablo_erroz_008.jpg\" alt=\"Ready to Wear Fall\/Winter 2016-2017\" \/><img class=\"skip-lazy no-lazyload noLazy\" data-lazy-src=\"\" src =\"https:\/\/bobvarela.com\/wp-content\/flagallery\/pablo-erroz-en-el-080-barcelona-fashion-fallwinter-2016-2017\/pablo_erroz_009.jpg\" alt=\"Ready to Wear Fall\/Winter 2016-2017\" \/><img class=\"skip-lazy no-lazyload noLazy\" data-lazy-src=\"\" src =\"https:\/\/bobvarela.com\/wp-content\/flagallery\/pablo-erroz-en-el-080-barcelona-fashion-fallwinter-2016-2017\/pablo_erroz_010.jpg\" alt=\"Ready to Wear Fall\/Winter 2016-2017\" \/><img class=\"skip-lazy no-lazyload noLazy\" data-lazy-src=\"\" src =\"https:\/\/bobvarela.com\/wp-content\/flagallery\/pablo-erroz-en-el-080-barcelona-fashion-fallwinter-2016-2017\/pablo_erroz_011.jpg\" alt=\"Ready to Wear Fall\/Winter 2016-2017\" \/><img class=\"skip-lazy no-lazyload noLazy\" data-lazy-src=\"\" src =\"https:\/\/bobvarela.com\/wp-content\/flagallery\/pablo-erroz-en-el-080-barcelona-fashion-fallwinter-2016-2017\/pablo_erroz_012.jpg\" alt=\"Ready to Wear Fall\/Winter 2016-2017\" \/><img class=\"skip-lazy no-lazyload noLazy\" data-lazy-src=\"\" src =\"https:\/\/bobvarela.com\/wp-content\/flagallery\/pablo-erroz-en-el-080-barcelona-fashion-fallwinter-2016-2017\/pablo_erroz_013.jpg\" alt=\"Ready to Wear Fall\/Winter 2016-2017\" \/><img class=\"skip-lazy no-lazyload noLazy\" data-lazy-src=\"\" src =\"https:\/\/bobvarela.com\/wp-content\/flagallery\/pablo-erroz-en-el-080-barcelona-fashion-fallwinter-2016-2017\/pablo_erroz_014.jpg\" alt=\"Ready to Wear Fall\/Winter 2016-2017\" \/><img class=\"skip-lazy no-lazyload noLazy\" data-lazy-src=\"\" src =\"https:\/\/bobvarela.com\/wp-content\/flagallery\/pablo-erroz-en-el-080-barcelona-fashion-fallwinter-2016-2017\/pablo_erroz_015.jpg\" alt=\"Ready to Wear Fall\/Winter 2016-2017\" \/><img class=\"skip-lazy no-lazyload noLazy\" data-lazy-src=\"\" src =\"https:\/\/bobvarela.com\/wp-content\/flagallery\/pablo-erroz-en-el-080-barcelona-fashion-fallwinter-2016-2017\/pablo_erroz_016.jpg\" alt=\"Ready to Wear Fall\/Winter 2016-2017\" \/><img class=\"skip-lazy no-lazyload noLazy\" data-lazy-src=\"\" src =\"https:\/\/bobvarela.com\/wp-content\/flagallery\/pablo-erroz-en-el-080-barcelona-fashion-fallwinter-2016-2017\/pablo_erroz_017.jpg\" alt=\"Ready to Wear Fall\/Winter 2016-2017\" \/><img class=\"skip-lazy no-lazyload noLazy\" data-lazy-src=\"\" src =\"https:\/\/bobvarela.com\/wp-content\/flagallery\/pablo-erroz-en-el-080-barcelona-fashion-fallwinter-2016-2017\/pablo_erroz_018.jpg\" alt=\"Ready to Wear Fall\/Winter 2016-2017\" \/><img class=\"skip-lazy no-lazyload noLazy\" data-lazy-src=\"\" src =\"https:\/\/bobvarela.com\/wp-content\/flagallery\/pablo-erroz-en-el-080-barcelona-fashion-fallwinter-2016-2017\/pablo_erroz_019.jpg\" alt=\"Ready to Wear Fall\/Winter 2016-2017\" \/><img class=\"skip-lazy no-lazyload noLazy\" data-lazy-src=\"\" src =\"https:\/\/bobvarela.com\/wp-content\/flagallery\/pablo-erroz-en-el-080-barcelona-fashion-fallwinter-2016-2017\/pablo_erroz_020.jpg\" alt=\"Ready to Wear Fall\/Winter 2016-2017\" \/><img class=\"skip-lazy no-lazyload noLazy\" data-lazy-src=\"\" src =\"https:\/\/bobvarela.com\/wp-content\/flagallery\/pablo-erroz-en-el-080-barcelona-fashion-fallwinter-2016-2017\/pablo_erroz_021.jpg\" alt=\"Ready to Wear Fall\/Winter 2016-2017\" \/><img class=\"skip-lazy no-lazyload noLazy\" data-lazy-src=\"\" src =\"https:\/\/bobvarela.com\/wp-content\/flagallery\/pablo-erroz-en-el-080-barcelona-fashion-fallwinter-2016-2017\/pablo_erroz_022.jpg\" alt=\"Ready to Wear Fall\/Winter 2016-2017\" \/><img class=\"skip-lazy no-lazyload noLazy\" data-lazy-src=\"\" src =\"https:\/\/bobvarela.com\/wp-content\/flagallery\/pablo-erroz-en-el-080-barcelona-fashion-fallwinter-2016-2017\/pablo_erroz_023.jpg\" alt=\"Ready to Wear Fall\/Winter 2016-2017\" \/><img class=\"skip-lazy no-lazyload noLazy\" data-lazy-src=\"\" src =\"https:\/\/bobvarela.com\/wp-content\/flagallery\/pablo-erroz-en-el-080-barcelona-fashion-fallwinter-2016-2017\/pablo_erroz_024.jpg\" alt=\"Ready to Wear Fall\/Winter 2016-2017\" \/><img class=\"skip-lazy no-lazyload noLazy\" data-lazy-src=\"\" src =\"https:\/\/bobvarela.com\/wp-content\/flagallery\/pablo-erroz-en-el-080-barcelona-fashion-fallwinter-2016-2017\/pablo_erroz_025.jpg\" alt=\"Ready to Wear Fall\/Winter 2016-2017\" \/><img class=\"skip-lazy no-lazyload noLazy\" data-lazy-src=\"\" src =\"https:\/\/bobvarela.com\/wp-content\/flagallery\/pablo-erroz-en-el-080-barcelona-fashion-fallwinter-2016-2017\/pablo_erroz_026.jpg\" alt=\"Ready to Wear Fall\/Winter 2016-2017\" \/><img class=\"skip-lazy no-lazyload noLazy\" data-lazy-src=\"\" src =\"https:\/\/bobvarela.com\/wp-content\/flagallery\/pablo-erroz-en-el-080-barcelona-fashion-fallwinter-2016-2017\/pablo_erroz_027.jpg\" alt=\"Ready to Wear Fall\/Winter 2016-2017\" \/><img class=\"skip-lazy no-lazyload noLazy\" data-lazy-src=\"\" src =\"https:\/\/bobvarela.com\/wp-content\/flagallery\/pablo-erroz-en-el-080-barcelona-fashion-fallwinter-2016-2017\/pablo_erroz_028.jpg\" alt=\"Ready to Wear Fall\/Winter 2016-2017\" \/><img class=\"skip-lazy no-lazyload noLazy\" data-lazy-src=\"\" src =\"https:\/\/bobvarela.com\/wp-content\/flagallery\/pablo-erroz-en-el-080-barcelona-fashion-fallwinter-2016-2017\/pablo_erroz_029.jpg\" alt=\"Ready to Wear Fall\/Winter 2016-2017\" \/><img class=\"skip-lazy no-lazyload noLazy\" data-lazy-src=\"\" src =\"https:\/\/bobvarela.com\/wp-content\/flagallery\/pablo-erroz-en-el-080-barcelona-fashion-fallwinter-2016-2017\/pablo_erroz_030.jpg\" alt=\"Ready to Wear Fall\/Winter 2016-2017\" \/><img class=\"skip-lazy no-lazyload noLazy\" data-lazy-src=\"\" src =\"https:\/\/bobvarela.com\/wp-content\/flagallery\/pablo-erroz-en-el-080-barcelona-fashion-fallwinter-2016-2017\/pablo_erroz_031.jpg\" alt=\"Ready to Wear Fall\/Winter 2016-2017\" \/><img class=\"skip-lazy no-lazyload noLazy\" data-lazy-src=\"\" src =\"https:\/\/bobvarela.com\/wp-content\/flagallery\/pablo-erroz-en-el-080-barcelona-fashion-fallwinter-2016-2017\/pablo_erroz_032.jpg\" alt=\"Ready to Wear Fall\/Winter 2016-2017\" \/><img class=\"skip-lazy no-lazyload noLazy\" data-lazy-src=\"\" src =\"https:\/\/bobvarela.com\/wp-content\/flagallery\/pablo-erroz-en-el-080-barcelona-fashion-fallwinter-2016-2017\/pablo_erroz_033.jpg\" alt=\"Ready to Wear Fall\/Winter 2016-2017\" \/><img class=\"skip-lazy no-lazyload noLazy\" data-lazy-src=\"\" src =\"https:\/\/bobvarela.com\/wp-content\/flagallery\/pablo-erroz-en-el-080-barcelona-fashion-fallwinter-2016-2017\/pablo_erroz_034.jpg\" alt=\"Ready to Wear Fall\/Winter 2016-2017\" \/><img class=\"skip-lazy no-lazyload noLazy\" data-lazy-src=\"\" src =\"https:\/\/bobvarela.com\/wp-content\/flagallery\/pablo-erroz-en-el-080-barcelona-fashion-fallwinter-2016-2017\/pablo_erroz_035.jpg\" alt=\"Ready to Wear Fall\/Winter 2016-2017\" \/><img class=\"skip-lazy no-lazyload noLazy\" data-lazy-src=\"\" src =\"https:\/\/bobvarela.com\/wp-content\/flagallery\/pablo-erroz-en-el-080-barcelona-fashion-fallwinter-2016-2017\/pablo_erroz_036.jpg\" alt=\"Ready to Wear Fall\/Winter 2016-2017\" \/><img class=\"skip-lazy no-lazyload noLazy\" data-lazy-src=\"\" src =\"https:\/\/bobvarela.com\/wp-content\/flagallery\/pablo-erroz-en-el-080-barcelona-fashion-fallwinter-2016-2017\/pablo_erroz_037.jpg\" alt=\"Ready to Wear Fall\/Winter 2016-2017\" \/><img class=\"skip-lazy no-lazyload noLazy\" data-lazy-src=\"\" src =\"https:\/\/bobvarela.com\/wp-content\/flagallery\/pablo-erroz-en-el-080-barcelona-fashion-fallwinter-2016-2017\/pablo_erroz_038.jpg\" alt=\"Ready to Wear Fall\/Winter 2016-2017\" \/><img class=\"skip-lazy no-lazyload noLazy\" data-lazy-src=\"\" src =\"https:\/\/bobvarela.com\/wp-content\/flagallery\/pablo-erroz-en-el-080-barcelona-fashion-fallwinter-2016-2017\/pablo_erroz_039.jpg\" alt=\"Ready to Wear Fall\/Winter 2016-2017\" \/><img class=\"skip-lazy no-lazyload noLazy\" data-lazy-src=\"\" src =\"https:\/\/bobvarela.com\/wp-content\/flagallery\/pablo-erroz-en-el-080-barcelona-fashion-fallwinter-2016-2017\/pablo_erroz_040.jpg\" alt=\"Ready to Wear Fall\/Winter 2016-2017\" \/><img class=\"skip-lazy no-lazyload noLazy\" data-lazy-src=\"\" src =\"https:\/\/bobvarela.com\/wp-content\/flagallery\/pablo-erroz-en-el-080-barcelona-fashion-fallwinter-2016-2017\/pablo_erroz_041.jpg\" alt=\"Ready to Wear Fall\/Winter 2016-2017\" \/><img class=\"skip-lazy no-lazyload noLazy\" data-lazy-src=\"\" src =\"https:\/\/bobvarela.com\/wp-content\/flagallery\/pablo-erroz-en-el-080-barcelona-fashion-fallwinter-2016-2017\/pablo_erroz_042.jpg\" alt=\"Ready to Wear Fall\/Winter 2016-2017\" \/><img class=\"skip-lazy no-lazyload noLazy\" data-lazy-src=\"\" src =\"https:\/\/bobvarela.com\/wp-content\/flagallery\/pablo-erroz-en-el-080-barcelona-fashion-fallwinter-2016-2017\/pablo_erroz_043.jpg\" alt=\"Ready to Wear Fall\/Winter 2016-2017\" \/><img class=\"skip-lazy no-lazyload noLazy\" data-lazy-src=\"\" src =\"https:\/\/bobvarela.com\/wp-content\/flagallery\/pablo-erroz-en-el-080-barcelona-fashion-fallwinter-2016-2017\/pablo_erroz_044.jpg\" alt=\"Ready to Wear Fall\/Winter 2016-2017\" \/><img class=\"skip-lazy no-lazyload noLazy\" data-lazy-src=\"\" src =\"https:\/\/bobvarela.com\/wp-content\/flagallery\/pablo-erroz-en-el-080-barcelona-fashion-fallwinter-2016-2017\/pablo_erroz_045.jpg\" alt=\"Ready to Wear Fall\/Winter 2016-2017\" \/><img class=\"skip-lazy no-lazyload noLazy\" data-lazy-src=\"\" src =\"https:\/\/bobvarela.com\/wp-content\/flagallery\/pablo-erroz-en-el-080-barcelona-fashion-fallwinter-2016-2017\/pablo_erroz_046.jpg\" alt=\"Ready to Wear Fall\/Winter 2016-2017\" \/><img class=\"skip-lazy no-lazyload noLazy\" data-lazy-src=\"\" src =\"https:\/\/bobvarela.com\/wp-content\/flagallery\/pablo-erroz-en-el-080-barcelona-fashion-fallwinter-2016-2017\/pablo_erroz_047.jpg\" alt=\"Ready to Wear Fall\/Winter 2016-2017\" \/><img class=\"skip-lazy no-lazyload noLazy\" data-lazy-src=\"\" src =\"https:\/\/bobvarela.com\/wp-content\/flagallery\/pablo-erroz-en-el-080-barcelona-fashion-fallwinter-2016-2017\/pablo_erroz_048.jpg\" alt=\"Ready to Wear Fall\/Winter 2016-2017\" \/><img class=\"skip-lazy no-lazyload noLazy\" data-lazy-src=\"\" src =\"https:\/\/bobvarela.com\/wp-content\/flagallery\/pablo-erroz-en-el-080-barcelona-fashion-fallwinter-2016-2017\/pablo_erroz_049.jpg\" alt=\"Ready to Wear Fall\/Winter 2016-2017\" \/><img class=\"skip-lazy no-lazyload noLazy\" data-lazy-src=\"\" src =\"https:\/\/bobvarela.com\/wp-content\/flagallery\/pablo-erroz-en-el-080-barcelona-fashion-fallwinter-2016-2017\/pablo_erroz_050.jpg\" alt=\"Ready to Wear Fall\/Winter 2016-2017\" \/><img class=\"skip-lazy no-lazyload noLazy\" data-lazy-src=\"\" src =\"https:\/\/bobvarela.com\/wp-content\/flagallery\/pablo-erroz-en-el-080-barcelona-fashion-fallwinter-2016-2017\/pablo_erroz_051.jpg\" alt=\"Ready to Wear Fall\/Winter 2016-2017\" \/><img class=\"skip-lazy no-lazyload noLazy\" data-lazy-src=\"\" src =\"https:\/\/bobvarela.com\/wp-content\/flagallery\/pablo-erroz-en-el-080-barcelona-fashion-fallwinter-2016-2017\/pablo_erroz_052.jpg\" alt=\"Ready to Wear Fall\/Winter 2016-2017\" \/><img class=\"skip-lazy no-lazyload noLazy\" data-lazy-src=\"\" src =\"https:\/\/bobvarela.com\/wp-content\/flagallery\/pablo-erroz-en-el-080-barcelona-fashion-fallwinter-2016-2017\/pablo_erroz_053.jpg\" alt=\"Ready to Wear Fall\/Winter 2016-2017\" \/><img class=\"skip-lazy no-lazyload noLazy\" data-lazy-src=\"\" src =\"https:\/\/bobvarela.com\/wp-content\/flagallery\/pablo-erroz-en-el-080-barcelona-fashion-fallwinter-2016-2017\/pablo_erroz_054.jpg\" alt=\"Ready to Wear Fall\/Winter 2016-2017\" \/><img class=\"skip-lazy no-lazyload noLazy\" data-lazy-src=\"\" src =\"https:\/\/bobvarela.com\/wp-content\/flagallery\/pablo-erroz-en-el-080-barcelona-fashion-fallwinter-2016-2017\/pablo_erroz_055.jpg\" alt=\"Ready to Wear Fall\/Winter 2016-2017\" \/><img class=\"skip-lazy no-lazyload noLazy\" data-lazy-src=\"\" src =\"https:\/\/bobvarela.com\/wp-content\/flagallery\/pablo-erroz-en-el-080-barcelona-fashion-fallwinter-2016-2017\/pablo_erroz_056.jpg\" alt=\"Ready to Wear Fall\/Winter 2016-2017\" \/><img class=\"skip-lazy no-lazyload noLazy\" data-lazy-src=\"\" src =\"https:\/\/bobvarela.com\/wp-content\/flagallery\/pablo-erroz-en-el-080-barcelona-fashion-fallwinter-2016-2017\/pablo_erroz_057.jpg\" alt=\"Ready to Wear Fall\/Winter 2016-2017\" \/><img class=\"skip-lazy no-lazyload noLazy\" data-lazy-src=\"\" src =\"https:\/\/bobvarela.com\/wp-content\/flagallery\/pablo-erroz-en-el-080-barcelona-fashion-fallwinter-2016-2017\/pablo_erroz_058.jpg\" alt=\"Ready to Wear Fall\/Winter 2016-2017\" \/><img class=\"skip-lazy no-lazyload noLazy\" data-lazy-src=\"\" src =\"https:\/\/bobvarela.com\/wp-content\/flagallery\/pablo-erroz-en-el-080-barcelona-fashion-fallwinter-2016-2017\/pablo_erroz_059.jpg\" alt=\"Ready to Wear Fall\/Winter 2016-2017\" \/><img class=\"skip-lazy no-lazyload noLazy\" data-lazy-src=\"\" src =\"https:\/\/bobvarela.com\/wp-content\/flagallery\/pablo-erroz-en-el-080-barcelona-fashion-fallwinter-2016-2017\/pablo_erroz_060.jpg\" alt=\"Ready to Wear Fall\/Winter 2016-2017\" \/><\/noscript>\n<p>Fotos cortesia de 080 BARCELONA FASHION<\/p>\n","protected":false},"excerpt":{"rendered":"<p>COLECCI\u00d3N &#8211; Perception +L\u00edneas: oversize, relajado, estructurado, sastre, 70&#8217;s VS 80&#8217;s. +Materiales: Napa, cordero, bambula, lanas, viscosas, encaje de algod\u00f3n, tricot, lam\u00e9s, brillantina, PVC. +Colorido: Tangerine Tango, Navy, Junior Grey, Soft Beige, Pirate Black +Mood: Panel en blanco donde nace&hellip;<\/p>\n<p class=\"more-link-p\"><a class=\"more-link\" href=\"https:\/\/bobvarela.com\/?p=91822\">Read more &rarr;<\/a><\/p>\n","protected":false},"author":1,"featured_media":0,"comment_status":"open","ping_status":"open","sticky":false,"template":"","format":"standard","meta":{"ngg_post_thumbnail":0,"footnotes":""},"categories":[478,4],"tags":[],"class_list":["post-91822","post","type-post","status-publish","format-standard","hentry","category-080-barcelona","category-moda"],"_links":{"self":[{"href":"https:\/\/bobvarela.com\/index.php?rest_route=\/wp\/v2\/posts\/91822","targetHints":{"allow":["GET"]}}],"collection":[{"href":"https:\/\/bobvarela.com\/index.php?rest_route=\/wp\/v2\/posts"}],"about":[{"href":"https:\/\/bobvarela.com\/index.php?rest_route=\/wp\/v2\/types\/post"}],"author":[{"embeddable":true,"href":"https:\/\/bobvarela.com\/index.php?rest_route=\/wp\/v2\/users\/1"}],"replies":[{"embeddable":true,"href":"https:\/\/bobvarela.com\/index.php?rest_route=%2Fwp%2Fv2%2Fcomments&post=91822"}],"version-history":[{"count":1,"href":"https:\/\/bobvarela.com\/index.php?rest_route=\/wp\/v2\/posts\/91822\/revisions"}],"predecessor-version":[{"id":91823,"href":"https:\/\/bobvarela.com\/index.php?rest_route=\/wp\/v2\/posts\/91822\/revisions\/91823"}],"wp:attachment":[{"href":"https:\/\/bobvarela.com\/index.php?rest_route=%2Fwp%2Fv2%2Fmedia&parent=91822"}],"wp:term":[{"taxonomy":"category","embeddable":true,"href":"https:\/\/bobvarela.com\/index.php?rest_route=%2Fwp%2Fv2%2Fcategories&post=91822"},{"taxonomy":"post_tag","embeddable":true,"href":"https:\/\/bobvarela.com\/index.php?rest_route=%2Fwp%2Fv2%2Ftags&post=91822"}],"curies":[{"name":"wp","href":"https:\/\/api.w.org\/{rel}","templated":true}]}}