{"id":91837,"date":"2016-02-03T20:20:24","date_gmt":"2016-02-04T00:20:24","guid":{"rendered":"https:\/\/bobvarela.com\/?p=91837"},"modified":"2016-02-03T20:20:24","modified_gmt":"2016-02-04T00:20:24","slug":"custo-barcelona-en-el-080-barcelona-fashion-fallwinter-2016-2017","status":"publish","type":"post","link":"https:\/\/bobvarela.com\/?p=91837","title":{"rendered":"Custo Barcelona en el 080 BARCELONA FASHION Fall\/Winter 2016-2017"},"content":{"rendered":"<p align=\"justify\"><font size=\"3\">La marca catalana de renombre internacional <strong>Custo Barcelona<\/strong> ha cerrado este mi\u00e9rcoles 3 de febrero los desfiles del 080 Barcelona Fashion en la Casa Llotja de Mar con un avance de su colecci\u00f3n para hombre y mujer para el oto\u00f1o-invierno 2016-17.<\/font><\/p>\n<p align=\"justify\"><div class=\"flagallery photomania_skin\" id=\"FlaGallery_sc1_330\" ><style type=\"text\/css\" class=\"flagallery_skin_style_import\">#FlaGallery_sc1_330 .flagpm_preload {opacity:0;}#FlaGallery_sc1_330 .swiper-big-images img.flagpm_the_photo { max-height:100%; max-width:100%; display:inline; width:auto; height:auto !important; object-fit:unset; vertical-align:middle; border:none; }#FlaGallery_sc1_330 .flagpm_focus .swiper-big-images img.flagpm_the_photo { width:auto; height:auto; object-fit:unset; }#FlaGallery_sc1_330 .swiper-small-images img.flagpm_photo { max-width:none; max-height:none; }#FlaGallery_sc1_330 .swiper-small-images img.flagpm_photo.flagpm_photo_landscape { width:auto; height:100% !important; }#FlaGallery_sc1_330 .swiper-small-images img.flagpm_photo.flagpm_photo_portrait { width:100%; height:auto !important; }#FlaGallery_sc1_330 .flagpm_gallery_sources_list p { margin:7px 0; padding:0; font-size:inherit; }#FlaGallery_sc1_330 .flagpm_photo_details .flagpm_description_wrap a,#FlaGallery_sc1_330 .flagpm_big_button_wrap .flagpm_button.flagpm_like.flagpm_liked,#FlaGallery_sc1_330 .flagpm_big_button_wrap .flagpm_button.flagpm_like.flagpm_liked:hover {color:#0099e5;}#FlaGallery_sc1_330 .flagpm_photo_show .flagpm_big_button {background-color:#0099e5;}#FlaGallery_sc1_330 .swiper-small-images div.flagpm_photo.swiper-slide-active {border-color:#02adea;}#FlaGallery_sc1_330 .flagpm_photo_header .flagpm_name_wrap .flagpm_title_author a:hover,#FlaGallery_sc1_330 .flagpm_photo_details .flagpm_description_wrap a:hover {color:#02adea;}#FlaGallery_sc1_330 .flagpm_photo_show .flagpm_big_button:hover,#FlaGallery_sc1_330 .flagpm_focus_actions ul .flagpm_button.like.flagpm_liked {background-color:#02adea;}<\/style> <div class=\"flagpm_photo_show flagpm_w960 flagpm_w640 flagpm_w480 flagpm_preload\"> <div class=\"flagpm_photo_wrap has_prev_photo has_next_photo\"> <div class=\"swiper-container swiper-big-images\"> <div class=\"flagpm_photo_arrow_next flagpm_photo_arrow flagpm_next\"> <div title=\"Next\" class=\"flagpm_arrow\"><\/div> <\/div> <div class=\"flagpm_photo_arrow_previous flagpm_photo_arrow flagpm_prev\"> <div title=\"Previous\" class=\"flagpm_arrow\"><\/div> <\/div> <div class=\"swiper-wrapper\"><div class=\"swiper-slide\" data-hash=\"flagallery23546\" data-photo-id=\"23546\"><span class=\"flagpm_va\"><\/span><img decoding=\"async\" src=\"https:\/\/bobvarela.com\/wp-content\/flagallery\/custo-barcelona-en-el-080-barcelona-fashion-fallwinter-2016-2017\/webview\/custo_barcelona_001.jpg\" data-src=\"https:\/\/bobvarela.com\/wp-content\/flagallery\/custo-barcelona-en-el-080-barcelona-fashion-fallwinter-2016-2017\/webview\/custo_barcelona_001.jpg\" alt=\"Ready to Wear Fall\/Winter 2016-2017\" class=\"noLazy flagpm_the_photo swiper-lazy\"><div class=\"swiper-lazy-preloader swiper-lazy-preloader-black\"><\/div><\/div><div class=\"swiper-slide\" data-hash=\"flagallery23547\" data-photo-id=\"23547\"><span class=\"flagpm_va\"><\/span><img data-src=\"https:\/\/bobvarela.com\/wp-content\/flagallery\/custo-barcelona-en-el-080-barcelona-fashion-fallwinter-2016-2017\/webview\/custo_barcelona_002.jpg\" alt=\"Ready to Wear Fall\/Winter 2016-2017\" class=\"noLazy flagpm_the_photo swiper-lazy\"><div class=\"swiper-lazy-preloader swiper-lazy-preloader-black\"><\/div><\/div><div class=\"swiper-slide\" data-hash=\"flagallery23548\" data-photo-id=\"23548\"><span class=\"flagpm_va\"><\/span><img data-src=\"https:\/\/bobvarela.com\/wp-content\/flagallery\/custo-barcelona-en-el-080-barcelona-fashion-fallwinter-2016-2017\/webview\/custo_barcelona_003.jpg\" alt=\"Ready to Wear Fall\/Winter 2016-2017\" class=\"noLazy flagpm_the_photo swiper-lazy\"><div class=\"swiper-lazy-preloader swiper-lazy-preloader-black\"><\/div><\/div><div class=\"swiper-slide\" data-hash=\"flagallery23549\" data-photo-id=\"23549\"><span class=\"flagpm_va\"><\/span><img data-src=\"https:\/\/bobvarela.com\/wp-content\/flagallery\/custo-barcelona-en-el-080-barcelona-fashion-fallwinter-2016-2017\/webview\/custo_barcelona_004.jpg\" alt=\"Ready to Wear Fall\/Winter 2016-2017\" class=\"noLazy flagpm_the_photo swiper-lazy\"><div class=\"swiper-lazy-preloader swiper-lazy-preloader-black\"><\/div><\/div><div class=\"swiper-slide\" data-hash=\"flagallery23550\" data-photo-id=\"23550\"><span class=\"flagpm_va\"><\/span><img data-src=\"https:\/\/bobvarela.com\/wp-content\/flagallery\/custo-barcelona-en-el-080-barcelona-fashion-fallwinter-2016-2017\/webview\/custo_barcelona_005.jpg\" alt=\"Ready to Wear Fall\/Winter 2016-2017\" class=\"noLazy flagpm_the_photo swiper-lazy\"><div class=\"swiper-lazy-preloader swiper-lazy-preloader-black\"><\/div><\/div><div class=\"swiper-slide\" data-hash=\"flagallery23551\" data-photo-id=\"23551\"><span class=\"flagpm_va\"><\/span><img data-src=\"https:\/\/bobvarela.com\/wp-content\/flagallery\/custo-barcelona-en-el-080-barcelona-fashion-fallwinter-2016-2017\/webview\/custo_barcelona_006.jpg\" alt=\"Ready to Wear Fall\/Winter 2016-2017\" class=\"noLazy flagpm_the_photo swiper-lazy\"><div class=\"swiper-lazy-preloader swiper-lazy-preloader-black\"><\/div><\/div><div class=\"swiper-slide\" data-hash=\"flagallery23552\" data-photo-id=\"23552\"><span class=\"flagpm_va\"><\/span><img data-src=\"https:\/\/bobvarela.com\/wp-content\/flagallery\/custo-barcelona-en-el-080-barcelona-fashion-fallwinter-2016-2017\/webview\/custo_barcelona_007.jpg\" alt=\"Ready to Wear Fall\/Winter 2016-2017\" class=\"noLazy flagpm_the_photo swiper-lazy\"><div class=\"swiper-lazy-preloader swiper-lazy-preloader-black\"><\/div><\/div><div class=\"swiper-slide\" data-hash=\"flagallery23553\" data-photo-id=\"23553\"><span class=\"flagpm_va\"><\/span><img data-src=\"https:\/\/bobvarela.com\/wp-content\/flagallery\/custo-barcelona-en-el-080-barcelona-fashion-fallwinter-2016-2017\/webview\/custo_barcelona_008.jpg\" alt=\"Ready to Wear Fall\/Winter 2016-2017\" class=\"noLazy flagpm_the_photo swiper-lazy\"><div class=\"swiper-lazy-preloader swiper-lazy-preloader-black\"><\/div><\/div><div class=\"swiper-slide\" data-hash=\"flagallery23554\" data-photo-id=\"23554\"><span class=\"flagpm_va\"><\/span><img data-src=\"https:\/\/bobvarela.com\/wp-content\/flagallery\/custo-barcelona-en-el-080-barcelona-fashion-fallwinter-2016-2017\/webview\/custo_barcelona_009.jpg\" alt=\"Ready to Wear Fall\/Winter 2016-2017\" class=\"noLazy flagpm_the_photo swiper-lazy\"><div class=\"swiper-lazy-preloader swiper-lazy-preloader-black\"><\/div><\/div><div class=\"swiper-slide\" data-hash=\"flagallery23555\" data-photo-id=\"23555\"><span class=\"flagpm_va\"><\/span><img data-src=\"https:\/\/bobvarela.com\/wp-content\/flagallery\/custo-barcelona-en-el-080-barcelona-fashion-fallwinter-2016-2017\/webview\/custo_barcelona_010.jpg\" alt=\"Ready to Wear Fall\/Winter 2016-2017\" class=\"noLazy flagpm_the_photo swiper-lazy\"><div class=\"swiper-lazy-preloader swiper-lazy-preloader-black\"><\/div><\/div><div class=\"swiper-slide\" data-hash=\"flagallery23556\" data-photo-id=\"23556\"><span class=\"flagpm_va\"><\/span><img data-src=\"https:\/\/bobvarela.com\/wp-content\/flagallery\/custo-barcelona-en-el-080-barcelona-fashion-fallwinter-2016-2017\/webview\/custo_barcelona_011.jpg\" alt=\"Ready to Wear Fall\/Winter 2016-2017\" class=\"noLazy flagpm_the_photo swiper-lazy\"><div class=\"swiper-lazy-preloader swiper-lazy-preloader-black\"><\/div><\/div><div class=\"swiper-slide\" data-hash=\"flagallery23557\" data-photo-id=\"23557\"><span class=\"flagpm_va\"><\/span><img data-src=\"https:\/\/bobvarela.com\/wp-content\/flagallery\/custo-barcelona-en-el-080-barcelona-fashion-fallwinter-2016-2017\/webview\/custo_barcelona_012.jpg\" alt=\"Ready to Wear Fall\/Winter 2016-2017\" class=\"noLazy flagpm_the_photo swiper-lazy\"><div class=\"swiper-lazy-preloader swiper-lazy-preloader-black\"><\/div><\/div><div class=\"swiper-slide\" data-hash=\"flagallery23558\" data-photo-id=\"23558\"><span class=\"flagpm_va\"><\/span><img data-src=\"https:\/\/bobvarela.com\/wp-content\/flagallery\/custo-barcelona-en-el-080-barcelona-fashion-fallwinter-2016-2017\/webview\/custo_barcelona_013.jpg\" alt=\"Ready to Wear Fall\/Winter 2016-2017\" class=\"noLazy flagpm_the_photo swiper-lazy\"><div class=\"swiper-lazy-preloader swiper-lazy-preloader-black\"><\/div><\/div><div class=\"swiper-slide\" data-hash=\"flagallery23559\" data-photo-id=\"23559\"><span class=\"flagpm_va\"><\/span><img data-src=\"https:\/\/bobvarela.com\/wp-content\/flagallery\/custo-barcelona-en-el-080-barcelona-fashion-fallwinter-2016-2017\/webview\/custo_barcelona_014.jpg\" alt=\"Ready to Wear Fall\/Winter 2016-2017\" class=\"noLazy flagpm_the_photo swiper-lazy\"><div class=\"swiper-lazy-preloader swiper-lazy-preloader-black\"><\/div><\/div><div class=\"swiper-slide\" data-hash=\"flagallery23560\" data-photo-id=\"23560\"><span class=\"flagpm_va\"><\/span><img data-src=\"https:\/\/bobvarela.com\/wp-content\/flagallery\/custo-barcelona-en-el-080-barcelona-fashion-fallwinter-2016-2017\/webview\/custo_barcelona_015.jpg\" alt=\"Ready to Wear Fall\/Winter 2016-2017\" class=\"noLazy flagpm_the_photo swiper-lazy\"><div class=\"swiper-lazy-preloader swiper-lazy-preloader-black\"><\/div><\/div><div class=\"swiper-slide\" data-hash=\"flagallery23561\" data-photo-id=\"23561\"><span class=\"flagpm_va\"><\/span><img data-src=\"https:\/\/bobvarela.com\/wp-content\/flagallery\/custo-barcelona-en-el-080-barcelona-fashion-fallwinter-2016-2017\/webview\/custo_barcelona_016.jpg\" alt=\"Ready to Wear Fall\/Winter 2016-2017\" class=\"noLazy flagpm_the_photo swiper-lazy\"><div class=\"swiper-lazy-preloader swiper-lazy-preloader-black\"><\/div><\/div><div class=\"swiper-slide\" data-hash=\"flagallery23562\" data-photo-id=\"23562\"><span class=\"flagpm_va\"><\/span><img data-src=\"https:\/\/bobvarela.com\/wp-content\/flagallery\/custo-barcelona-en-el-080-barcelona-fashion-fallwinter-2016-2017\/webview\/custo_barcelona_017.jpg\" alt=\"Ready to Wear Fall\/Winter 2016-2017\" class=\"noLazy flagpm_the_photo swiper-lazy\"><div class=\"swiper-lazy-preloader swiper-lazy-preloader-black\"><\/div><\/div><div class=\"swiper-slide\" data-hash=\"flagallery23563\" data-photo-id=\"23563\"><span class=\"flagpm_va\"><\/span><img data-src=\"https:\/\/bobvarela.com\/wp-content\/flagallery\/custo-barcelona-en-el-080-barcelona-fashion-fallwinter-2016-2017\/webview\/custo_barcelona_018.jpg\" alt=\"Ready to Wear Fall\/Winter 2016-2017\" class=\"noLazy flagpm_the_photo swiper-lazy\"><div class=\"swiper-lazy-preloader swiper-lazy-preloader-black\"><\/div><\/div><div class=\"swiper-slide\" data-hash=\"flagallery23564\" data-photo-id=\"23564\"><span class=\"flagpm_va\"><\/span><img data-src=\"https:\/\/bobvarela.com\/wp-content\/flagallery\/custo-barcelona-en-el-080-barcelona-fashion-fallwinter-2016-2017\/webview\/custo_barcelona_019.jpg\" alt=\"Ready to Wear Fall\/Winter 2016-2017\" class=\"noLazy flagpm_the_photo swiper-lazy\"><div class=\"swiper-lazy-preloader swiper-lazy-preloader-black\"><\/div><\/div><div class=\"swiper-slide\" data-hash=\"flagallery23565\" data-photo-id=\"23565\"><span class=\"flagpm_va\"><\/span><img data-src=\"https:\/\/bobvarela.com\/wp-content\/flagallery\/custo-barcelona-en-el-080-barcelona-fashion-fallwinter-2016-2017\/webview\/custo_barcelona_020.jpg\" alt=\"Ready to Wear Fall\/Winter 2016-2017\" class=\"noLazy flagpm_the_photo swiper-lazy\"><div class=\"swiper-lazy-preloader swiper-lazy-preloader-black\"><\/div><\/div><div class=\"swiper-slide\" data-hash=\"flagallery23566\" data-photo-id=\"23566\"><span class=\"flagpm_va\"><\/span><img data-src=\"https:\/\/bobvarela.com\/wp-content\/flagallery\/custo-barcelona-en-el-080-barcelona-fashion-fallwinter-2016-2017\/webview\/custo_barcelona_021.jpg\" alt=\"Ready to Wear Fall\/Winter 2016-2017\" class=\"noLazy flagpm_the_photo swiper-lazy\"><div class=\"swiper-lazy-preloader swiper-lazy-preloader-black\"><\/div><\/div><div class=\"swiper-slide\" data-hash=\"flagallery23567\" data-photo-id=\"23567\"><span class=\"flagpm_va\"><\/span><img data-src=\"https:\/\/bobvarela.com\/wp-content\/flagallery\/custo-barcelona-en-el-080-barcelona-fashion-fallwinter-2016-2017\/webview\/custo_barcelona_022.jpg\" alt=\"Ready to Wear Fall\/Winter 2016-2017\" class=\"noLazy flagpm_the_photo swiper-lazy\"><div class=\"swiper-lazy-preloader swiper-lazy-preloader-black\"><\/div><\/div><div class=\"swiper-slide\" data-hash=\"flagallery23568\" data-photo-id=\"23568\"><span class=\"flagpm_va\"><\/span><img data-src=\"https:\/\/bobvarela.com\/wp-content\/flagallery\/custo-barcelona-en-el-080-barcelona-fashion-fallwinter-2016-2017\/webview\/custo_barcelona_023.jpg\" alt=\"Ready to Wear Fall\/Winter 2016-2017\" class=\"noLazy flagpm_the_photo swiper-lazy\"><div class=\"swiper-lazy-preloader swiper-lazy-preloader-black\"><\/div><\/div><div class=\"swiper-slide\" data-hash=\"flagallery23569\" data-photo-id=\"23569\"><span class=\"flagpm_va\"><\/span><img data-src=\"https:\/\/bobvarela.com\/wp-content\/flagallery\/custo-barcelona-en-el-080-barcelona-fashion-fallwinter-2016-2017\/webview\/custo_barcelona_024.jpg\" alt=\"Ready to Wear Fall\/Winter 2016-2017\" class=\"noLazy flagpm_the_photo swiper-lazy\"><div class=\"swiper-lazy-preloader swiper-lazy-preloader-black\"><\/div><\/div><div class=\"swiper-slide\" data-hash=\"flagallery23570\" data-photo-id=\"23570\"><span class=\"flagpm_va\"><\/span><img data-src=\"https:\/\/bobvarela.com\/wp-content\/flagallery\/custo-barcelona-en-el-080-barcelona-fashion-fallwinter-2016-2017\/webview\/custo_barcelona_025.jpg\" alt=\"Ready to Wear Fall\/Winter 2016-2017\" class=\"noLazy flagpm_the_photo swiper-lazy\"><div class=\"swiper-lazy-preloader swiper-lazy-preloader-black\"><\/div><\/div><div class=\"swiper-slide\" data-hash=\"flagallery23571\" data-photo-id=\"23571\"><span class=\"flagpm_va\"><\/span><img data-src=\"https:\/\/bobvarela.com\/wp-content\/flagallery\/custo-barcelona-en-el-080-barcelona-fashion-fallwinter-2016-2017\/webview\/custo_barcelona_026.jpg\" alt=\"Ready to Wear Fall\/Winter 2016-2017\" class=\"noLazy flagpm_the_photo swiper-lazy\"><div class=\"swiper-lazy-preloader swiper-lazy-preloader-black\"><\/div><\/div><div class=\"swiper-slide\" data-hash=\"flagallery23572\" data-photo-id=\"23572\"><span class=\"flagpm_va\"><\/span><img data-src=\"https:\/\/bobvarela.com\/wp-content\/flagallery\/custo-barcelona-en-el-080-barcelona-fashion-fallwinter-2016-2017\/webview\/custo_barcelona_027.jpg\" alt=\"Ready to Wear Fall\/Winter 2016-2017\" class=\"noLazy flagpm_the_photo swiper-lazy\"><div class=\"swiper-lazy-preloader swiper-lazy-preloader-black\"><\/div><\/div><div class=\"swiper-slide\" data-hash=\"flagallery23573\" data-photo-id=\"23573\"><span class=\"flagpm_va\"><\/span><img data-src=\"https:\/\/bobvarela.com\/wp-content\/flagallery\/custo-barcelona-en-el-080-barcelona-fashion-fallwinter-2016-2017\/webview\/custo_barcelona_028.jpg\" alt=\"Ready to Wear Fall\/Winter 2016-2017\" class=\"noLazy flagpm_the_photo swiper-lazy\"><div class=\"swiper-lazy-preloader swiper-lazy-preloader-black\"><\/div><\/div><div class=\"swiper-slide\" data-hash=\"flagallery23574\" data-photo-id=\"23574\"><span class=\"flagpm_va\"><\/span><img data-src=\"https:\/\/bobvarela.com\/wp-content\/flagallery\/custo-barcelona-en-el-080-barcelona-fashion-fallwinter-2016-2017\/webview\/custo_barcelona_029.jpg\" alt=\"Ready to Wear Fall\/Winter 2016-2017\" class=\"noLazy flagpm_the_photo swiper-lazy\"><div class=\"swiper-lazy-preloader swiper-lazy-preloader-black\"><\/div><\/div><div class=\"swiper-slide\" data-hash=\"flagallery23575\" data-photo-id=\"23575\"><span class=\"flagpm_va\"><\/span><img data-src=\"https:\/\/bobvarela.com\/wp-content\/flagallery\/custo-barcelona-en-el-080-barcelona-fashion-fallwinter-2016-2017\/webview\/custo_barcelona_030.jpg\" alt=\"Ready to Wear Fall\/Winter 2016-2017\" class=\"noLazy flagpm_the_photo swiper-lazy\"><div class=\"swiper-lazy-preloader swiper-lazy-preloader-black\"><\/div><\/div><div class=\"swiper-slide\" data-hash=\"flagallery23576\" data-photo-id=\"23576\"><span class=\"flagpm_va\"><\/span><img data-src=\"https:\/\/bobvarela.com\/wp-content\/flagallery\/custo-barcelona-en-el-080-barcelona-fashion-fallwinter-2016-2017\/webview\/custo_barcelona_031.jpg\" alt=\"Ready to Wear Fall\/Winter 2016-2017\" class=\"noLazy flagpm_the_photo swiper-lazy\"><div class=\"swiper-lazy-preloader swiper-lazy-preloader-black\"><\/div><\/div><div class=\"swiper-slide\" data-hash=\"flagallery23577\" data-photo-id=\"23577\"><span class=\"flagpm_va\"><\/span><img data-src=\"https:\/\/bobvarela.com\/wp-content\/flagallery\/custo-barcelona-en-el-080-barcelona-fashion-fallwinter-2016-2017\/webview\/custo_barcelona_032.jpg\" alt=\"Ready to Wear Fall\/Winter 2016-2017\" class=\"noLazy flagpm_the_photo swiper-lazy\"><div class=\"swiper-lazy-preloader swiper-lazy-preloader-black\"><\/div><\/div><div class=\"swiper-slide\" data-hash=\"flagallery23578\" data-photo-id=\"23578\"><span class=\"flagpm_va\"><\/span><img data-src=\"https:\/\/bobvarela.com\/wp-content\/flagallery\/custo-barcelona-en-el-080-barcelona-fashion-fallwinter-2016-2017\/webview\/custo_barcelona_033.jpg\" alt=\"Ready to Wear Fall\/Winter 2016-2017\" class=\"noLazy flagpm_the_photo swiper-lazy\"><div class=\"swiper-lazy-preloader swiper-lazy-preloader-black\"><\/div><\/div><div class=\"swiper-slide\" data-hash=\"flagallery23579\" data-photo-id=\"23579\"><span class=\"flagpm_va\"><\/span><img data-src=\"https:\/\/bobvarela.com\/wp-content\/flagallery\/custo-barcelona-en-el-080-barcelona-fashion-fallwinter-2016-2017\/webview\/custo_barcelona_034.jpg\" alt=\"Ready to Wear Fall\/Winter 2016-2017\" class=\"noLazy flagpm_the_photo swiper-lazy\"><div class=\"swiper-lazy-preloader swiper-lazy-preloader-black\"><\/div><\/div><div class=\"swiper-slide\" data-hash=\"flagallery23580\" data-photo-id=\"23580\"><span class=\"flagpm_va\"><\/span><img data-src=\"https:\/\/bobvarela.com\/wp-content\/flagallery\/custo-barcelona-en-el-080-barcelona-fashion-fallwinter-2016-2017\/webview\/custo_barcelona_035.jpg\" alt=\"Ready to Wear Fall\/Winter 2016-2017\" class=\"noLazy flagpm_the_photo swiper-lazy\"><div class=\"swiper-lazy-preloader swiper-lazy-preloader-black\"><\/div><\/div><div class=\"swiper-slide\" data-hash=\"flagallery23581\" data-photo-id=\"23581\"><span class=\"flagpm_va\"><\/span><img data-src=\"https:\/\/bobvarela.com\/wp-content\/flagallery\/custo-barcelona-en-el-080-barcelona-fashion-fallwinter-2016-2017\/webview\/custo_barcelona_036.jpg\" alt=\"Ready to Wear Fall\/Winter 2016-2017\" class=\"noLazy flagpm_the_photo swiper-lazy\"><div class=\"swiper-lazy-preloader swiper-lazy-preloader-black\"><\/div><\/div><div class=\"swiper-slide\" data-hash=\"flagallery23582\" data-photo-id=\"23582\"><span class=\"flagpm_va\"><\/span><img data-src=\"https:\/\/bobvarela.com\/wp-content\/flagallery\/custo-barcelona-en-el-080-barcelona-fashion-fallwinter-2016-2017\/webview\/custo_barcelona_037.jpg\" alt=\"Ready to Wear Fall\/Winter 2016-2017\" class=\"noLazy flagpm_the_photo swiper-lazy\"><div class=\"swiper-lazy-preloader swiper-lazy-preloader-black\"><\/div><\/div><div class=\"swiper-slide\" data-hash=\"flagallery23583\" data-photo-id=\"23583\"><span class=\"flagpm_va\"><\/span><img data-src=\"https:\/\/bobvarela.com\/wp-content\/flagallery\/custo-barcelona-en-el-080-barcelona-fashion-fallwinter-2016-2017\/webview\/custo_barcelona_038.jpg\" alt=\"Ready to Wear Fall\/Winter 2016-2017\" class=\"noLazy flagpm_the_photo swiper-lazy\"><div class=\"swiper-lazy-preloader swiper-lazy-preloader-black\"><\/div><\/div><div class=\"swiper-slide\" data-hash=\"flagallery23584\" data-photo-id=\"23584\"><span class=\"flagpm_va\"><\/span><img data-src=\"https:\/\/bobvarela.com\/wp-content\/flagallery\/custo-barcelona-en-el-080-barcelona-fashion-fallwinter-2016-2017\/webview\/custo_barcelona_039.jpg\" alt=\"Ready to Wear Fall\/Winter 2016-2017\" class=\"noLazy flagpm_the_photo swiper-lazy\"><div class=\"swiper-lazy-preloader swiper-lazy-preloader-black\"><\/div><\/div><div class=\"swiper-slide\" data-hash=\"flagallery23585\" data-photo-id=\"23585\"><span class=\"flagpm_va\"><\/span><img data-src=\"https:\/\/bobvarela.com\/wp-content\/flagallery\/custo-barcelona-en-el-080-barcelona-fashion-fallwinter-2016-2017\/webview\/custo_barcelona_040.jpg\" alt=\"Ready to Wear Fall\/Winter 2016-2017\" class=\"noLazy flagpm_the_photo swiper-lazy\"><div class=\"swiper-lazy-preloader swiper-lazy-preloader-black\"><\/div><\/div><div class=\"swiper-slide\" data-hash=\"flagallery23586\" data-photo-id=\"23586\"><span class=\"flagpm_va\"><\/span><img data-src=\"https:\/\/bobvarela.com\/wp-content\/flagallery\/custo-barcelona-en-el-080-barcelona-fashion-fallwinter-2016-2017\/webview\/custo_barcelona_041.jpg\" alt=\"Ready to Wear Fall\/Winter 2016-2017\" class=\"noLazy flagpm_the_photo swiper-lazy\"><div class=\"swiper-lazy-preloader swiper-lazy-preloader-black\"><\/div><\/div><div class=\"swiper-slide\" data-hash=\"flagallery23587\" data-photo-id=\"23587\"><span class=\"flagpm_va\"><\/span><img data-src=\"https:\/\/bobvarela.com\/wp-content\/flagallery\/custo-barcelona-en-el-080-barcelona-fashion-fallwinter-2016-2017\/webview\/custo_barcelona_042.jpg\" alt=\"Ready to Wear Fall\/Winter 2016-2017\" class=\"noLazy flagpm_the_photo swiper-lazy\"><div class=\"swiper-lazy-preloader swiper-lazy-preloader-black\"><\/div><\/div><div class=\"swiper-slide\" data-hash=\"flagallery23588\" data-photo-id=\"23588\"><span class=\"flagpm_va\"><\/span><img data-src=\"https:\/\/bobvarela.com\/wp-content\/flagallery\/custo-barcelona-en-el-080-barcelona-fashion-fallwinter-2016-2017\/webview\/custo_barcelona_043.jpg\" alt=\"Ready to Wear Fall\/Winter 2016-2017\" class=\"noLazy flagpm_the_photo swiper-lazy\"><div class=\"swiper-lazy-preloader swiper-lazy-preloader-black\"><\/div><\/div><div class=\"swiper-slide\" data-hash=\"flagallery23589\" data-photo-id=\"23589\"><span class=\"flagpm_va\"><\/span><img data-src=\"https:\/\/bobvarela.com\/wp-content\/flagallery\/custo-barcelona-en-el-080-barcelona-fashion-fallwinter-2016-2017\/webview\/custo_barcelona_044.jpg\" alt=\"Ready to Wear Fall\/Winter 2016-2017\" class=\"noLazy flagpm_the_photo swiper-lazy\"><div class=\"swiper-lazy-preloader swiper-lazy-preloader-black\"><\/div><\/div><div class=\"swiper-slide\" data-hash=\"flagallery23590\" data-photo-id=\"23590\"><span class=\"flagpm_va\"><\/span><img data-src=\"https:\/\/bobvarela.com\/wp-content\/flagallery\/custo-barcelona-en-el-080-barcelona-fashion-fallwinter-2016-2017\/webview\/custo_barcelona_045.jpg\" alt=\"Ready to Wear Fall\/Winter 2016-2017\" class=\"noLazy flagpm_the_photo swiper-lazy\"><div class=\"swiper-lazy-preloader swiper-lazy-preloader-black\"><\/div><\/div><div class=\"swiper-slide\" data-hash=\"flagallery23591\" data-photo-id=\"23591\"><span class=\"flagpm_va\"><\/span><img data-src=\"https:\/\/bobvarela.com\/wp-content\/flagallery\/custo-barcelona-en-el-080-barcelona-fashion-fallwinter-2016-2017\/webview\/custo_barcelona_046.jpg\" alt=\"Ready to Wear Fall\/Winter 2016-2017\" class=\"noLazy flagpm_the_photo swiper-lazy\"><div class=\"swiper-lazy-preloader swiper-lazy-preloader-black\"><\/div><\/div><div class=\"swiper-slide\" data-hash=\"flagallery23592\" data-photo-id=\"23592\"><span class=\"flagpm_va\"><\/span><img data-src=\"https:\/\/bobvarela.com\/wp-content\/flagallery\/custo-barcelona-en-el-080-barcelona-fashion-fallwinter-2016-2017\/webview\/custo_barcelona_047.jpg\" alt=\"Ready to Wear Fall\/Winter 2016-2017\" class=\"noLazy flagpm_the_photo swiper-lazy\"><div class=\"swiper-lazy-preloader swiper-lazy-preloader-black\"><\/div><\/div><div class=\"swiper-slide\" data-hash=\"flagallery23593\" data-photo-id=\"23593\"><span class=\"flagpm_va\"><\/span><img data-src=\"https:\/\/bobvarela.com\/wp-content\/flagallery\/custo-barcelona-en-el-080-barcelona-fashion-fallwinter-2016-2017\/webview\/custo_barcelona_048.jpg\" alt=\"Ready to Wear Fall\/Winter 2016-2017\" class=\"noLazy flagpm_the_photo swiper-lazy\"><div class=\"swiper-lazy-preloader swiper-lazy-preloader-black\"><\/div><\/div><div class=\"swiper-slide\" data-hash=\"flagallery23594\" data-photo-id=\"23594\"><span class=\"flagpm_va\"><\/span><img data-src=\"https:\/\/bobvarela.com\/wp-content\/flagallery\/custo-barcelona-en-el-080-barcelona-fashion-fallwinter-2016-2017\/webview\/custo_barcelona_049.jpg\" alt=\"Ready to Wear Fall\/Winter 2016-2017\" class=\"noLazy flagpm_the_photo swiper-lazy\"><div class=\"swiper-lazy-preloader swiper-lazy-preloader-black\"><\/div><\/div><div class=\"swiper-slide\" data-hash=\"flagallery23595\" data-photo-id=\"23595\"><span class=\"flagpm_va\"><\/span><img data-src=\"https:\/\/bobvarela.com\/wp-content\/flagallery\/custo-barcelona-en-el-080-barcelona-fashion-fallwinter-2016-2017\/webview\/custo_barcelona_050.jpg\" alt=\"Ready to Wear Fall\/Winter 2016-2017\" class=\"noLazy flagpm_the_photo swiper-lazy\"><div class=\"swiper-lazy-preloader swiper-lazy-preloader-black\"><\/div><\/div><div class=\"swiper-slide\" data-hash=\"flagallery23596\" data-photo-id=\"23596\"><span class=\"flagpm_va\"><\/span><img data-src=\"https:\/\/bobvarela.com\/wp-content\/flagallery\/custo-barcelona-en-el-080-barcelona-fashion-fallwinter-2016-2017\/webview\/custo_barcelona_051.jpg\" alt=\"Ready to Wear Fall\/Winter 2016-2017\" class=\"noLazy flagpm_the_photo swiper-lazy\"><div class=\"swiper-lazy-preloader swiper-lazy-preloader-black\"><\/div><\/div><div class=\"swiper-slide\" data-hash=\"flagallery23597\" data-photo-id=\"23597\"><span class=\"flagpm_va\"><\/span><img data-src=\"https:\/\/bobvarela.com\/wp-content\/flagallery\/custo-barcelona-en-el-080-barcelona-fashion-fallwinter-2016-2017\/webview\/custo_barcelona_052.jpg\" alt=\"Ready to Wear Fall\/Winter 2016-2017\" class=\"noLazy flagpm_the_photo swiper-lazy\"><div class=\"swiper-lazy-preloader swiper-lazy-preloader-black\"><\/div><\/div><div class=\"swiper-slide\" data-hash=\"flagallery23598\" data-photo-id=\"23598\"><span class=\"flagpm_va\"><\/span><img data-src=\"https:\/\/bobvarela.com\/wp-content\/flagallery\/custo-barcelona-en-el-080-barcelona-fashion-fallwinter-2016-2017\/webview\/custo_barcelona_053.jpg\" alt=\"Ready to Wear Fall\/Winter 2016-2017\" class=\"noLazy flagpm_the_photo swiper-lazy\"><div class=\"swiper-lazy-preloader swiper-lazy-preloader-black\"><\/div><\/div><div class=\"swiper-slide\" data-hash=\"flagallery23599\" data-photo-id=\"23599\"><span class=\"flagpm_va\"><\/span><img data-src=\"https:\/\/bobvarela.com\/wp-content\/flagallery\/custo-barcelona-en-el-080-barcelona-fashion-fallwinter-2016-2017\/webview\/custo_barcelona_054.jpg\" alt=\"Ready to Wear Fall\/Winter 2016-2017\" class=\"noLazy flagpm_the_photo swiper-lazy\"><div class=\"swiper-lazy-preloader swiper-lazy-preloader-black\"><\/div><\/div><div class=\"swiper-slide\" data-hash=\"flagallery23600\" data-photo-id=\"23600\"><span class=\"flagpm_va\"><\/span><img data-src=\"https:\/\/bobvarela.com\/wp-content\/flagallery\/custo-barcelona-en-el-080-barcelona-fashion-fallwinter-2016-2017\/webview\/custo_barcelona_055.jpg\" alt=\"Ready to Wear Fall\/Winter 2016-2017\" class=\"noLazy flagpm_the_photo swiper-lazy\"><div class=\"swiper-lazy-preloader swiper-lazy-preloader-black\"><\/div><\/div><div class=\"swiper-slide\" data-hash=\"flagallery23601\" data-photo-id=\"23601\"><span class=\"flagpm_va\"><\/span><img data-src=\"https:\/\/bobvarela.com\/wp-content\/flagallery\/custo-barcelona-en-el-080-barcelona-fashion-fallwinter-2016-2017\/webview\/custo_barcelona_056.jpg\" alt=\"Ready to Wear Fall\/Winter 2016-2017\" class=\"noLazy flagpm_the_photo swiper-lazy\"><div class=\"swiper-lazy-preloader swiper-lazy-preloader-black\"><\/div><\/div><div class=\"swiper-slide\" data-hash=\"flagallery23602\" data-photo-id=\"23602\"><span class=\"flagpm_va\"><\/span><img data-src=\"https:\/\/bobvarela.com\/wp-content\/flagallery\/custo-barcelona-en-el-080-barcelona-fashion-fallwinter-2016-2017\/webview\/custo_barcelona_057.jpg\" alt=\"Ready to Wear Fall\/Winter 2016-2017\" class=\"noLazy flagpm_the_photo swiper-lazy\"><div class=\"swiper-lazy-preloader swiper-lazy-preloader-black\"><\/div><\/div><div class=\"swiper-slide\" data-hash=\"flagallery23603\" data-photo-id=\"23603\"><span class=\"flagpm_va\"><\/span><img data-src=\"https:\/\/bobvarela.com\/wp-content\/flagallery\/custo-barcelona-en-el-080-barcelona-fashion-fallwinter-2016-2017\/webview\/custo_barcelona_058.jpg\" alt=\"Ready to Wear Fall\/Winter 2016-2017\" class=\"noLazy flagpm_the_photo swiper-lazy\"><div class=\"swiper-lazy-preloader swiper-lazy-preloader-black\"><\/div><\/div><div class=\"swiper-slide\" data-hash=\"flagallery23604\" data-photo-id=\"23604\"><span class=\"flagpm_va\"><\/span><img data-src=\"https:\/\/bobvarela.com\/wp-content\/flagallery\/custo-barcelona-en-el-080-barcelona-fashion-fallwinter-2016-2017\/webview\/custo_barcelona_059.jpg\" alt=\"Ready to Wear Fall\/Winter 2016-2017\" class=\"noLazy flagpm_the_photo swiper-lazy\"><div class=\"swiper-lazy-preloader swiper-lazy-preloader-black\"><\/div><\/div><div class=\"swiper-slide\" data-hash=\"flagallery23605\" data-photo-id=\"23605\"><span class=\"flagpm_va\"><\/span><img data-src=\"https:\/\/bobvarela.com\/wp-content\/flagallery\/custo-barcelona-en-el-080-barcelona-fashion-fallwinter-2016-2017\/webview\/custo_barcelona_060.jpg\" alt=\"Ready to Wear Fall\/Winter 2016-2017\" class=\"noLazy flagpm_the_photo swiper-lazy\"><div class=\"swiper-lazy-preloader swiper-lazy-preloader-black\"><\/div><\/div> <\/div> <\/div> <\/div> <div class=\"flagpm_photo_header\"> <div class=\"flagpm_wrapper flagpm_clearfix\"> <div class=\"flagpm_focus_actions\"> <ul class=\"flagpm_focus_share\"> <li style=\"list-style:none;\" class=\"flagpm_share_wrapper\"> <a class=\"flagpm_button flagpm_share\">Share<\/a> <ul class=\"flagpm_sharelizers flagpm_clearfix\"> <li style=\"list-style:none;\"><a class=\"flagpm_button flagpm_facebook flagpm_sharelizer\">Facebook<\/a><\/li> <li style=\"list-style:none;\"><a class=\"flagpm_button flagpm_twitter flagpm_sharelizer\">Twitter<\/a><\/li> <li style=\"list-style:none;\"><a class=\"flagpm_button flagpm_pinterest flagpm_sharelizer\">Pinterest<\/a><\/li> <li style=\"list-style:none;\"><a class=\"flagpm_button flagpm_stumbleupon flagpm_sharelizer\">StumbleUpon<\/a><\/li> <\/ul> <\/li> <\/ul> <ul class=\"flagpm_focus_like_fave flagpm_clearfix\"> <li style=\"list-style:none;\"><a class=\"flagpm_button flagpm_like\">Like<\/a><\/li> <\/ul> <ul class=\"flagpm_focus_arrows flagpm_clearfix\"> <li style=\"list-style:none;\"><a class=\"flagpm_button flagpm_photo_arrow_previous flagpm_prev\">Previous<\/a><\/li> <li style=\"list-style:none;\"><a class=\"flagpm_button flagpm_photo_arrow_next flagpm_next\">Next<\/a><\/li> <\/ul> <\/div> <div class=\"flagpm_name_wrap flagpm_clearfix flagpm_no_avatar\"> <div class=\"flagpm_title_author\"> <div class=\"flagpm_title\">Ready to Wear Fall\/Winter 2016-2017<\/div> <\/div> <\/div> <div class=\"flagpm_actions flagpm_clearfix\"> <div class=\"flagpm_carousel flagpm_has_previous flagpm_has_next\"> <div class=\"flagpm_previous_button\"><\/div> <div class=\"flagpm_photo_carousel\"> <div class=\"swiper-container swiper-small-images\"> <div class=\"swiper-wrapper\"><div class=\"swiper-slide flagpm_photo\" data-photo-id=\"23546\"><img decoding=\"async\" src=\"https:\/\/bobvarela.com\/wp-content\/flagallery\/custo-barcelona-en-el-080-barcelona-fashion-fallwinter-2016-2017\/thumbs\/thumbs_custo_barcelona_001.jpg\" data-src=\"https:\/\/bobvarela.com\/wp-content\/flagallery\/custo-barcelona-en-el-080-barcelona-fashion-fallwinter-2016-2017\/thumbs\/thumbs_custo_barcelona_001.jpg\" alt=\"Ready to Wear Fall\/Winter 2016-2017\" class=\"noLazy flagpm_photo swiper-lazy flagpm_photo_portrait\"><span class=\"swiper-lazy-preloader swiper-lazy-preloader-black\"><\/span><\/div><div class=\"swiper-slide flagpm_photo\" data-photo-id=\"23547\"><img data-src=\"https:\/\/bobvarela.com\/wp-content\/flagallery\/custo-barcelona-en-el-080-barcelona-fashion-fallwinter-2016-2017\/thumbs\/thumbs_custo_barcelona_002.jpg\" alt=\"Ready to Wear Fall\/Winter 2016-2017\" class=\"noLazy flagpm_photo swiper-lazy flagpm_photo_portrait\"><span class=\"swiper-lazy-preloader swiper-lazy-preloader-black\"><\/span><\/div><div class=\"swiper-slide flagpm_photo\" data-photo-id=\"23548\"><img data-src=\"https:\/\/bobvarela.com\/wp-content\/flagallery\/custo-barcelona-en-el-080-barcelona-fashion-fallwinter-2016-2017\/thumbs\/thumbs_custo_barcelona_003.jpg\" alt=\"Ready to Wear Fall\/Winter 2016-2017\" class=\"noLazy flagpm_photo swiper-lazy flagpm_photo_portrait\"><span class=\"swiper-lazy-preloader swiper-lazy-preloader-black\"><\/span><\/div><div class=\"swiper-slide flagpm_photo\" data-photo-id=\"23549\"><img data-src=\"https:\/\/bobvarela.com\/wp-content\/flagallery\/custo-barcelona-en-el-080-barcelona-fashion-fallwinter-2016-2017\/thumbs\/thumbs_custo_barcelona_004.jpg\" alt=\"Ready to Wear Fall\/Winter 2016-2017\" class=\"noLazy flagpm_photo swiper-lazy flagpm_photo_portrait\"><span class=\"swiper-lazy-preloader swiper-lazy-preloader-black\"><\/span><\/div><div class=\"swiper-slide flagpm_photo\" data-photo-id=\"23550\"><img data-src=\"https:\/\/bobvarela.com\/wp-content\/flagallery\/custo-barcelona-en-el-080-barcelona-fashion-fallwinter-2016-2017\/thumbs\/thumbs_custo_barcelona_005.jpg\" alt=\"Ready to Wear Fall\/Winter 2016-2017\" class=\"noLazy flagpm_photo swiper-lazy flagpm_photo_portrait\"><span class=\"swiper-lazy-preloader swiper-lazy-preloader-black\"><\/span><\/div><div class=\"swiper-slide flagpm_photo\" data-photo-id=\"23551\"><img data-src=\"https:\/\/bobvarela.com\/wp-content\/flagallery\/custo-barcelona-en-el-080-barcelona-fashion-fallwinter-2016-2017\/thumbs\/thumbs_custo_barcelona_006.jpg\" alt=\"Ready to Wear Fall\/Winter 2016-2017\" class=\"noLazy flagpm_photo swiper-lazy flagpm_photo_portrait\"><span class=\"swiper-lazy-preloader swiper-lazy-preloader-black\"><\/span><\/div><div class=\"swiper-slide flagpm_photo\" data-photo-id=\"23552\"><img data-src=\"https:\/\/bobvarela.com\/wp-content\/flagallery\/custo-barcelona-en-el-080-barcelona-fashion-fallwinter-2016-2017\/thumbs\/thumbs_custo_barcelona_007.jpg\" alt=\"Ready to Wear Fall\/Winter 2016-2017\" class=\"noLazy flagpm_photo swiper-lazy flagpm_photo_portrait\"><span class=\"swiper-lazy-preloader swiper-lazy-preloader-black\"><\/span><\/div><div class=\"swiper-slide flagpm_photo\" data-photo-id=\"23553\"><img data-src=\"https:\/\/bobvarela.com\/wp-content\/flagallery\/custo-barcelona-en-el-080-barcelona-fashion-fallwinter-2016-2017\/thumbs\/thumbs_custo_barcelona_008.jpg\" alt=\"Ready to Wear Fall\/Winter 2016-2017\" class=\"noLazy flagpm_photo swiper-lazy flagpm_photo_portrait\"><span class=\"swiper-lazy-preloader swiper-lazy-preloader-black\"><\/span><\/div><div class=\"swiper-slide flagpm_photo\" data-photo-id=\"23554\"><img data-src=\"https:\/\/bobvarela.com\/wp-content\/flagallery\/custo-barcelona-en-el-080-barcelona-fashion-fallwinter-2016-2017\/thumbs\/thumbs_custo_barcelona_009.jpg\" alt=\"Ready to Wear Fall\/Winter 2016-2017\" class=\"noLazy flagpm_photo swiper-lazy flagpm_photo_portrait\"><span class=\"swiper-lazy-preloader swiper-lazy-preloader-black\"><\/span><\/div><div class=\"swiper-slide flagpm_photo\" data-photo-id=\"23555\"><img data-src=\"https:\/\/bobvarela.com\/wp-content\/flagallery\/custo-barcelona-en-el-080-barcelona-fashion-fallwinter-2016-2017\/thumbs\/thumbs_custo_barcelona_010.jpg\" alt=\"Ready to Wear Fall\/Winter 2016-2017\" class=\"noLazy flagpm_photo swiper-lazy flagpm_photo_portrait\"><span class=\"swiper-lazy-preloader swiper-lazy-preloader-black\"><\/span><\/div><div class=\"swiper-slide flagpm_photo\" data-photo-id=\"23556\"><img data-src=\"https:\/\/bobvarela.com\/wp-content\/flagallery\/custo-barcelona-en-el-080-barcelona-fashion-fallwinter-2016-2017\/thumbs\/thumbs_custo_barcelona_011.jpg\" alt=\"Ready to Wear Fall\/Winter 2016-2017\" class=\"noLazy flagpm_photo swiper-lazy flagpm_photo_portrait\"><span class=\"swiper-lazy-preloader swiper-lazy-preloader-black\"><\/span><\/div><div class=\"swiper-slide flagpm_photo\" data-photo-id=\"23557\"><img data-src=\"https:\/\/bobvarela.com\/wp-content\/flagallery\/custo-barcelona-en-el-080-barcelona-fashion-fallwinter-2016-2017\/thumbs\/thumbs_custo_barcelona_012.jpg\" alt=\"Ready to Wear Fall\/Winter 2016-2017\" class=\"noLazy flagpm_photo swiper-lazy flagpm_photo_portrait\"><span class=\"swiper-lazy-preloader swiper-lazy-preloader-black\"><\/span><\/div><div class=\"swiper-slide flagpm_photo\" data-photo-id=\"23558\"><img data-src=\"https:\/\/bobvarela.com\/wp-content\/flagallery\/custo-barcelona-en-el-080-barcelona-fashion-fallwinter-2016-2017\/thumbs\/thumbs_custo_barcelona_013.jpg\" alt=\"Ready to Wear Fall\/Winter 2016-2017\" class=\"noLazy flagpm_photo swiper-lazy flagpm_photo_portrait\"><span class=\"swiper-lazy-preloader swiper-lazy-preloader-black\"><\/span><\/div><div class=\"swiper-slide flagpm_photo\" data-photo-id=\"23559\"><img data-src=\"https:\/\/bobvarela.com\/wp-content\/flagallery\/custo-barcelona-en-el-080-barcelona-fashion-fallwinter-2016-2017\/thumbs\/thumbs_custo_barcelona_014.jpg\" alt=\"Ready to Wear Fall\/Winter 2016-2017\" class=\"noLazy flagpm_photo swiper-lazy flagpm_photo_portrait\"><span class=\"swiper-lazy-preloader swiper-lazy-preloader-black\"><\/span><\/div><div class=\"swiper-slide flagpm_photo\" data-photo-id=\"23560\"><img data-src=\"https:\/\/bobvarela.com\/wp-content\/flagallery\/custo-barcelona-en-el-080-barcelona-fashion-fallwinter-2016-2017\/thumbs\/thumbs_custo_barcelona_015.jpg\" alt=\"Ready to Wear Fall\/Winter 2016-2017\" class=\"noLazy flagpm_photo swiper-lazy flagpm_photo_portrait\"><span class=\"swiper-lazy-preloader swiper-lazy-preloader-black\"><\/span><\/div><div class=\"swiper-slide flagpm_photo\" data-photo-id=\"23561\"><img data-src=\"https:\/\/bobvarela.com\/wp-content\/flagallery\/custo-barcelona-en-el-080-barcelona-fashion-fallwinter-2016-2017\/thumbs\/thumbs_custo_barcelona_016.jpg\" alt=\"Ready to Wear Fall\/Winter 2016-2017\" class=\"noLazy flagpm_photo swiper-lazy flagpm_photo_portrait\"><span class=\"swiper-lazy-preloader swiper-lazy-preloader-black\"><\/span><\/div><div class=\"swiper-slide flagpm_photo\" data-photo-id=\"23562\"><img data-src=\"https:\/\/bobvarela.com\/wp-content\/flagallery\/custo-barcelona-en-el-080-barcelona-fashion-fallwinter-2016-2017\/thumbs\/thumbs_custo_barcelona_017.jpg\" alt=\"Ready to Wear Fall\/Winter 2016-2017\" class=\"noLazy flagpm_photo swiper-lazy flagpm_photo_portrait\"><span class=\"swiper-lazy-preloader swiper-lazy-preloader-black\"><\/span><\/div><div class=\"swiper-slide flagpm_photo\" data-photo-id=\"23563\"><img data-src=\"https:\/\/bobvarela.com\/wp-content\/flagallery\/custo-barcelona-en-el-080-barcelona-fashion-fallwinter-2016-2017\/thumbs\/thumbs_custo_barcelona_018.jpg\" alt=\"Ready to Wear Fall\/Winter 2016-2017\" class=\"noLazy flagpm_photo swiper-lazy flagpm_photo_portrait\"><span class=\"swiper-lazy-preloader swiper-lazy-preloader-black\"><\/span><\/div><div class=\"swiper-slide flagpm_photo\" data-photo-id=\"23564\"><img data-src=\"https:\/\/bobvarela.com\/wp-content\/flagallery\/custo-barcelona-en-el-080-barcelona-fashion-fallwinter-2016-2017\/thumbs\/thumbs_custo_barcelona_019.jpg\" alt=\"Ready to Wear Fall\/Winter 2016-2017\" class=\"noLazy flagpm_photo swiper-lazy flagpm_photo_portrait\"><span class=\"swiper-lazy-preloader swiper-lazy-preloader-black\"><\/span><\/div><div class=\"swiper-slide flagpm_photo\" data-photo-id=\"23565\"><img data-src=\"https:\/\/bobvarela.com\/wp-content\/flagallery\/custo-barcelona-en-el-080-barcelona-fashion-fallwinter-2016-2017\/thumbs\/thumbs_custo_barcelona_020.jpg\" alt=\"Ready to Wear Fall\/Winter 2016-2017\" class=\"noLazy flagpm_photo swiper-lazy flagpm_photo_portrait\"><span class=\"swiper-lazy-preloader swiper-lazy-preloader-black\"><\/span><\/div><div class=\"swiper-slide flagpm_photo\" data-photo-id=\"23566\"><img data-src=\"https:\/\/bobvarela.com\/wp-content\/flagallery\/custo-barcelona-en-el-080-barcelona-fashion-fallwinter-2016-2017\/thumbs\/thumbs_custo_barcelona_021.jpg\" alt=\"Ready to Wear Fall\/Winter 2016-2017\" class=\"noLazy flagpm_photo swiper-lazy flagpm_photo_portrait\"><span class=\"swiper-lazy-preloader swiper-lazy-preloader-black\"><\/span><\/div><div class=\"swiper-slide flagpm_photo\" data-photo-id=\"23567\"><img data-src=\"https:\/\/bobvarela.com\/wp-content\/flagallery\/custo-barcelona-en-el-080-barcelona-fashion-fallwinter-2016-2017\/thumbs\/thumbs_custo_barcelona_022.jpg\" alt=\"Ready to Wear Fall\/Winter 2016-2017\" class=\"noLazy flagpm_photo swiper-lazy flagpm_photo_portrait\"><span class=\"swiper-lazy-preloader swiper-lazy-preloader-black\"><\/span><\/div><div class=\"swiper-slide flagpm_photo\" data-photo-id=\"23568\"><img data-src=\"https:\/\/bobvarela.com\/wp-content\/flagallery\/custo-barcelona-en-el-080-barcelona-fashion-fallwinter-2016-2017\/thumbs\/thumbs_custo_barcelona_023.jpg\" alt=\"Ready to Wear Fall\/Winter 2016-2017\" class=\"noLazy flagpm_photo swiper-lazy flagpm_photo_portrait\"><span class=\"swiper-lazy-preloader swiper-lazy-preloader-black\"><\/span><\/div><div class=\"swiper-slide flagpm_photo\" data-photo-id=\"23569\"><img data-src=\"https:\/\/bobvarela.com\/wp-content\/flagallery\/custo-barcelona-en-el-080-barcelona-fashion-fallwinter-2016-2017\/thumbs\/thumbs_custo_barcelona_024.jpg\" alt=\"Ready to Wear Fall\/Winter 2016-2017\" class=\"noLazy flagpm_photo swiper-lazy flagpm_photo_portrait\"><span class=\"swiper-lazy-preloader swiper-lazy-preloader-black\"><\/span><\/div><div class=\"swiper-slide flagpm_photo\" data-photo-id=\"23570\"><img data-src=\"https:\/\/bobvarela.com\/wp-content\/flagallery\/custo-barcelona-en-el-080-barcelona-fashion-fallwinter-2016-2017\/thumbs\/thumbs_custo_barcelona_025.jpg\" alt=\"Ready to Wear Fall\/Winter 2016-2017\" class=\"noLazy flagpm_photo swiper-lazy flagpm_photo_portrait\"><span class=\"swiper-lazy-preloader swiper-lazy-preloader-black\"><\/span><\/div><div class=\"swiper-slide flagpm_photo\" data-photo-id=\"23571\"><img data-src=\"https:\/\/bobvarela.com\/wp-content\/flagallery\/custo-barcelona-en-el-080-barcelona-fashion-fallwinter-2016-2017\/thumbs\/thumbs_custo_barcelona_026.jpg\" alt=\"Ready to Wear Fall\/Winter 2016-2017\" class=\"noLazy flagpm_photo swiper-lazy flagpm_photo_portrait\"><span class=\"swiper-lazy-preloader swiper-lazy-preloader-black\"><\/span><\/div><div class=\"swiper-slide flagpm_photo\" data-photo-id=\"23572\"><img data-src=\"https:\/\/bobvarela.com\/wp-content\/flagallery\/custo-barcelona-en-el-080-barcelona-fashion-fallwinter-2016-2017\/thumbs\/thumbs_custo_barcelona_027.jpg\" alt=\"Ready to Wear Fall\/Winter 2016-2017\" class=\"noLazy flagpm_photo swiper-lazy flagpm_photo_portrait\"><span class=\"swiper-lazy-preloader swiper-lazy-preloader-black\"><\/span><\/div><div class=\"swiper-slide flagpm_photo\" data-photo-id=\"23573\"><img data-src=\"https:\/\/bobvarela.com\/wp-content\/flagallery\/custo-barcelona-en-el-080-barcelona-fashion-fallwinter-2016-2017\/thumbs\/thumbs_custo_barcelona_028.jpg\" alt=\"Ready to Wear Fall\/Winter 2016-2017\" class=\"noLazy flagpm_photo swiper-lazy flagpm_photo_portrait\"><span class=\"swiper-lazy-preloader swiper-lazy-preloader-black\"><\/span><\/div><div class=\"swiper-slide flagpm_photo\" data-photo-id=\"23574\"><img data-src=\"https:\/\/bobvarela.com\/wp-content\/flagallery\/custo-barcelona-en-el-080-barcelona-fashion-fallwinter-2016-2017\/thumbs\/thumbs_custo_barcelona_029.jpg\" alt=\"Ready to Wear Fall\/Winter 2016-2017\" class=\"noLazy flagpm_photo swiper-lazy flagpm_photo_portrait\"><span class=\"swiper-lazy-preloader swiper-lazy-preloader-black\"><\/span><\/div><div class=\"swiper-slide flagpm_photo\" data-photo-id=\"23575\"><img data-src=\"https:\/\/bobvarela.com\/wp-content\/flagallery\/custo-barcelona-en-el-080-barcelona-fashion-fallwinter-2016-2017\/thumbs\/thumbs_custo_barcelona_030.jpg\" alt=\"Ready to Wear Fall\/Winter 2016-2017\" class=\"noLazy flagpm_photo swiper-lazy flagpm_photo_portrait\"><span class=\"swiper-lazy-preloader swiper-lazy-preloader-black\"><\/span><\/div><div class=\"swiper-slide flagpm_photo\" data-photo-id=\"23576\"><img data-src=\"https:\/\/bobvarela.com\/wp-content\/flagallery\/custo-barcelona-en-el-080-barcelona-fashion-fallwinter-2016-2017\/thumbs\/thumbs_custo_barcelona_031.jpg\" alt=\"Ready to Wear Fall\/Winter 2016-2017\" class=\"noLazy flagpm_photo swiper-lazy flagpm_photo_portrait\"><span class=\"swiper-lazy-preloader swiper-lazy-preloader-black\"><\/span><\/div><div class=\"swiper-slide flagpm_photo\" data-photo-id=\"23577\"><img data-src=\"https:\/\/bobvarela.com\/wp-content\/flagallery\/custo-barcelona-en-el-080-barcelona-fashion-fallwinter-2016-2017\/thumbs\/thumbs_custo_barcelona_032.jpg\" alt=\"Ready to Wear Fall\/Winter 2016-2017\" class=\"noLazy flagpm_photo swiper-lazy flagpm_photo_portrait\"><span class=\"swiper-lazy-preloader swiper-lazy-preloader-black\"><\/span><\/div><div class=\"swiper-slide flagpm_photo\" data-photo-id=\"23578\"><img data-src=\"https:\/\/bobvarela.com\/wp-content\/flagallery\/custo-barcelona-en-el-080-barcelona-fashion-fallwinter-2016-2017\/thumbs\/thumbs_custo_barcelona_033.jpg\" alt=\"Ready to Wear Fall\/Winter 2016-2017\" class=\"noLazy flagpm_photo swiper-lazy flagpm_photo_landscape\"><span class=\"swiper-lazy-preloader swiper-lazy-preloader-black\"><\/span><\/div><div class=\"swiper-slide flagpm_photo\" data-photo-id=\"23579\"><img data-src=\"https:\/\/bobvarela.com\/wp-content\/flagallery\/custo-barcelona-en-el-080-barcelona-fashion-fallwinter-2016-2017\/thumbs\/thumbs_custo_barcelona_034.jpg\" alt=\"Ready to Wear Fall\/Winter 2016-2017\" class=\"noLazy flagpm_photo swiper-lazy flagpm_photo_portrait\"><span class=\"swiper-lazy-preloader swiper-lazy-preloader-black\"><\/span><\/div><div class=\"swiper-slide flagpm_photo\" data-photo-id=\"23580\"><img data-src=\"https:\/\/bobvarela.com\/wp-content\/flagallery\/custo-barcelona-en-el-080-barcelona-fashion-fallwinter-2016-2017\/thumbs\/thumbs_custo_barcelona_035.jpg\" alt=\"Ready to Wear Fall\/Winter 2016-2017\" class=\"noLazy flagpm_photo swiper-lazy flagpm_photo_portrait\"><span class=\"swiper-lazy-preloader swiper-lazy-preloader-black\"><\/span><\/div><div class=\"swiper-slide flagpm_photo\" data-photo-id=\"23581\"><img data-src=\"https:\/\/bobvarela.com\/wp-content\/flagallery\/custo-barcelona-en-el-080-barcelona-fashion-fallwinter-2016-2017\/thumbs\/thumbs_custo_barcelona_036.jpg\" alt=\"Ready to Wear Fall\/Winter 2016-2017\" class=\"noLazy flagpm_photo swiper-lazy flagpm_photo_portrait\"><span class=\"swiper-lazy-preloader swiper-lazy-preloader-black\"><\/span><\/div><div class=\"swiper-slide flagpm_photo\" data-photo-id=\"23582\"><img data-src=\"https:\/\/bobvarela.com\/wp-content\/flagallery\/custo-barcelona-en-el-080-barcelona-fashion-fallwinter-2016-2017\/thumbs\/thumbs_custo_barcelona_037.jpg\" alt=\"Ready to Wear Fall\/Winter 2016-2017\" class=\"noLazy flagpm_photo swiper-lazy flagpm_photo_portrait\"><span class=\"swiper-lazy-preloader swiper-lazy-preloader-black\"><\/span><\/div><div class=\"swiper-slide flagpm_photo\" data-photo-id=\"23583\"><img data-src=\"https:\/\/bobvarela.com\/wp-content\/flagallery\/custo-barcelona-en-el-080-barcelona-fashion-fallwinter-2016-2017\/thumbs\/thumbs_custo_barcelona_038.jpg\" alt=\"Ready to Wear Fall\/Winter 2016-2017\" class=\"noLazy flagpm_photo swiper-lazy flagpm_photo_portrait\"><span class=\"swiper-lazy-preloader swiper-lazy-preloader-black\"><\/span><\/div><div class=\"swiper-slide flagpm_photo\" data-photo-id=\"23584\"><img data-src=\"https:\/\/bobvarela.com\/wp-content\/flagallery\/custo-barcelona-en-el-080-barcelona-fashion-fallwinter-2016-2017\/thumbs\/thumbs_custo_barcelona_039.jpg\" alt=\"Ready to Wear Fall\/Winter 2016-2017\" class=\"noLazy flagpm_photo swiper-lazy flagpm_photo_landscape\"><span class=\"swiper-lazy-preloader swiper-lazy-preloader-black\"><\/span><\/div><div class=\"swiper-slide flagpm_photo\" data-photo-id=\"23585\"><img data-src=\"https:\/\/bobvarela.com\/wp-content\/flagallery\/custo-barcelona-en-el-080-barcelona-fashion-fallwinter-2016-2017\/thumbs\/thumbs_custo_barcelona_040.jpg\" alt=\"Ready to Wear Fall\/Winter 2016-2017\" class=\"noLazy flagpm_photo swiper-lazy flagpm_photo_portrait\"><span class=\"swiper-lazy-preloader swiper-lazy-preloader-black\"><\/span><\/div><div class=\"swiper-slide flagpm_photo\" data-photo-id=\"23586\"><img data-src=\"https:\/\/bobvarela.com\/wp-content\/flagallery\/custo-barcelona-en-el-080-barcelona-fashion-fallwinter-2016-2017\/thumbs\/thumbs_custo_barcelona_041.jpg\" alt=\"Ready to Wear Fall\/Winter 2016-2017\" class=\"noLazy flagpm_photo swiper-lazy flagpm_photo_portrait\"><span class=\"swiper-lazy-preloader swiper-lazy-preloader-black\"><\/span><\/div><div class=\"swiper-slide flagpm_photo\" data-photo-id=\"23587\"><img data-src=\"https:\/\/bobvarela.com\/wp-content\/flagallery\/custo-barcelona-en-el-080-barcelona-fashion-fallwinter-2016-2017\/thumbs\/thumbs_custo_barcelona_042.jpg\" alt=\"Ready to Wear Fall\/Winter 2016-2017\" class=\"noLazy flagpm_photo swiper-lazy flagpm_photo_portrait\"><span class=\"swiper-lazy-preloader swiper-lazy-preloader-black\"><\/span><\/div><div class=\"swiper-slide flagpm_photo\" data-photo-id=\"23588\"><img data-src=\"https:\/\/bobvarela.com\/wp-content\/flagallery\/custo-barcelona-en-el-080-barcelona-fashion-fallwinter-2016-2017\/thumbs\/thumbs_custo_barcelona_043.jpg\" alt=\"Ready to Wear Fall\/Winter 2016-2017\" class=\"noLazy flagpm_photo swiper-lazy flagpm_photo_portrait\"><span class=\"swiper-lazy-preloader swiper-lazy-preloader-black\"><\/span><\/div><div class=\"swiper-slide flagpm_photo\" data-photo-id=\"23589\"><img data-src=\"https:\/\/bobvarela.com\/wp-content\/flagallery\/custo-barcelona-en-el-080-barcelona-fashion-fallwinter-2016-2017\/thumbs\/thumbs_custo_barcelona_044.jpg\" alt=\"Ready to Wear Fall\/Winter 2016-2017\" class=\"noLazy flagpm_photo swiper-lazy flagpm_photo_portrait\"><span class=\"swiper-lazy-preloader swiper-lazy-preloader-black\"><\/span><\/div><div class=\"swiper-slide flagpm_photo\" data-photo-id=\"23590\"><img data-src=\"https:\/\/bobvarela.com\/wp-content\/flagallery\/custo-barcelona-en-el-080-barcelona-fashion-fallwinter-2016-2017\/thumbs\/thumbs_custo_barcelona_045.jpg\" alt=\"Ready to Wear Fall\/Winter 2016-2017\" class=\"noLazy flagpm_photo swiper-lazy flagpm_photo_portrait\"><span class=\"swiper-lazy-preloader swiper-lazy-preloader-black\"><\/span><\/div><div class=\"swiper-slide flagpm_photo\" data-photo-id=\"23591\"><img data-src=\"https:\/\/bobvarela.com\/wp-content\/flagallery\/custo-barcelona-en-el-080-barcelona-fashion-fallwinter-2016-2017\/thumbs\/thumbs_custo_barcelona_046.jpg\" alt=\"Ready to Wear Fall\/Winter 2016-2017\" class=\"noLazy flagpm_photo swiper-lazy flagpm_photo_portrait\"><span class=\"swiper-lazy-preloader swiper-lazy-preloader-black\"><\/span><\/div><div class=\"swiper-slide flagpm_photo\" data-photo-id=\"23592\"><img data-src=\"https:\/\/bobvarela.com\/wp-content\/flagallery\/custo-barcelona-en-el-080-barcelona-fashion-fallwinter-2016-2017\/thumbs\/thumbs_custo_barcelona_047.jpg\" alt=\"Ready to Wear Fall\/Winter 2016-2017\" class=\"noLazy flagpm_photo swiper-lazy flagpm_photo_portrait\"><span class=\"swiper-lazy-preloader swiper-lazy-preloader-black\"><\/span><\/div><div class=\"swiper-slide flagpm_photo\" data-photo-id=\"23593\"><img data-src=\"https:\/\/bobvarela.com\/wp-content\/flagallery\/custo-barcelona-en-el-080-barcelona-fashion-fallwinter-2016-2017\/thumbs\/thumbs_custo_barcelona_048.jpg\" alt=\"Ready to Wear Fall\/Winter 2016-2017\" class=\"noLazy flagpm_photo swiper-lazy flagpm_photo_portrait\"><span class=\"swiper-lazy-preloader swiper-lazy-preloader-black\"><\/span><\/div><div class=\"swiper-slide flagpm_photo\" data-photo-id=\"23594\"><img data-src=\"https:\/\/bobvarela.com\/wp-content\/flagallery\/custo-barcelona-en-el-080-barcelona-fashion-fallwinter-2016-2017\/thumbs\/thumbs_custo_barcelona_049.jpg\" alt=\"Ready to Wear Fall\/Winter 2016-2017\" class=\"noLazy flagpm_photo swiper-lazy flagpm_photo_portrait\"><span class=\"swiper-lazy-preloader swiper-lazy-preloader-black\"><\/span><\/div><div class=\"swiper-slide flagpm_photo\" data-photo-id=\"23595\"><img data-src=\"https:\/\/bobvarela.com\/wp-content\/flagallery\/custo-barcelona-en-el-080-barcelona-fashion-fallwinter-2016-2017\/thumbs\/thumbs_custo_barcelona_050.jpg\" alt=\"Ready to Wear Fall\/Winter 2016-2017\" class=\"noLazy flagpm_photo swiper-lazy flagpm_photo_portrait\"><span class=\"swiper-lazy-preloader swiper-lazy-preloader-black\"><\/span><\/div><div class=\"swiper-slide flagpm_photo\" data-photo-id=\"23596\"><img data-src=\"https:\/\/bobvarela.com\/wp-content\/flagallery\/custo-barcelona-en-el-080-barcelona-fashion-fallwinter-2016-2017\/thumbs\/thumbs_custo_barcelona_051.jpg\" alt=\"Ready to Wear Fall\/Winter 2016-2017\" class=\"noLazy flagpm_photo swiper-lazy flagpm_photo_portrait\"><span class=\"swiper-lazy-preloader swiper-lazy-preloader-black\"><\/span><\/div><div class=\"swiper-slide flagpm_photo\" data-photo-id=\"23597\"><img data-src=\"https:\/\/bobvarela.com\/wp-content\/flagallery\/custo-barcelona-en-el-080-barcelona-fashion-fallwinter-2016-2017\/thumbs\/thumbs_custo_barcelona_052.jpg\" alt=\"Ready to Wear Fall\/Winter 2016-2017\" class=\"noLazy flagpm_photo swiper-lazy flagpm_photo_portrait\"><span class=\"swiper-lazy-preloader swiper-lazy-preloader-black\"><\/span><\/div><div class=\"swiper-slide flagpm_photo\" data-photo-id=\"23598\"><img data-src=\"https:\/\/bobvarela.com\/wp-content\/flagallery\/custo-barcelona-en-el-080-barcelona-fashion-fallwinter-2016-2017\/thumbs\/thumbs_custo_barcelona_053.jpg\" alt=\"Ready to Wear Fall\/Winter 2016-2017\" class=\"noLazy flagpm_photo swiper-lazy flagpm_photo_portrait\"><span class=\"swiper-lazy-preloader swiper-lazy-preloader-black\"><\/span><\/div><div class=\"swiper-slide flagpm_photo\" data-photo-id=\"23599\"><img data-src=\"https:\/\/bobvarela.com\/wp-content\/flagallery\/custo-barcelona-en-el-080-barcelona-fashion-fallwinter-2016-2017\/thumbs\/thumbs_custo_barcelona_054.jpg\" alt=\"Ready to Wear Fall\/Winter 2016-2017\" class=\"noLazy flagpm_photo swiper-lazy flagpm_photo_portrait\"><span class=\"swiper-lazy-preloader swiper-lazy-preloader-black\"><\/span><\/div><div class=\"swiper-slide flagpm_photo\" data-photo-id=\"23600\"><img data-src=\"https:\/\/bobvarela.com\/wp-content\/flagallery\/custo-barcelona-en-el-080-barcelona-fashion-fallwinter-2016-2017\/thumbs\/thumbs_custo_barcelona_055.jpg\" alt=\"Ready to Wear Fall\/Winter 2016-2017\" class=\"noLazy flagpm_photo swiper-lazy flagpm_photo_portrait\"><span class=\"swiper-lazy-preloader swiper-lazy-preloader-black\"><\/span><\/div><div class=\"swiper-slide flagpm_photo\" data-photo-id=\"23601\"><img data-src=\"https:\/\/bobvarela.com\/wp-content\/flagallery\/custo-barcelona-en-el-080-barcelona-fashion-fallwinter-2016-2017\/thumbs\/thumbs_custo_barcelona_056.jpg\" alt=\"Ready to Wear Fall\/Winter 2016-2017\" class=\"noLazy flagpm_photo swiper-lazy flagpm_photo_portrait\"><span class=\"swiper-lazy-preloader swiper-lazy-preloader-black\"><\/span><\/div><div class=\"swiper-slide flagpm_photo\" data-photo-id=\"23602\"><img data-src=\"https:\/\/bobvarela.com\/wp-content\/flagallery\/custo-barcelona-en-el-080-barcelona-fashion-fallwinter-2016-2017\/thumbs\/thumbs_custo_barcelona_057.jpg\" alt=\"Ready to Wear Fall\/Winter 2016-2017\" class=\"noLazy flagpm_photo swiper-lazy flagpm_photo_portrait\"><span class=\"swiper-lazy-preloader swiper-lazy-preloader-black\"><\/span><\/div><div class=\"swiper-slide flagpm_photo\" data-photo-id=\"23603\"><img data-src=\"https:\/\/bobvarela.com\/wp-content\/flagallery\/custo-barcelona-en-el-080-barcelona-fashion-fallwinter-2016-2017\/thumbs\/thumbs_custo_barcelona_058.jpg\" alt=\"Ready to Wear Fall\/Winter 2016-2017\" class=\"noLazy flagpm_photo swiper-lazy flagpm_photo_portrait\"><span class=\"swiper-lazy-preloader swiper-lazy-preloader-black\"><\/span><\/div><div class=\"swiper-slide flagpm_photo\" data-photo-id=\"23604\"><img data-src=\"https:\/\/bobvarela.com\/wp-content\/flagallery\/custo-barcelona-en-el-080-barcelona-fashion-fallwinter-2016-2017\/thumbs\/thumbs_custo_barcelona_059.jpg\" alt=\"Ready to Wear Fall\/Winter 2016-2017\" class=\"noLazy flagpm_photo swiper-lazy flagpm_photo_portrait\"><span class=\"swiper-lazy-preloader swiper-lazy-preloader-black\"><\/span><\/div><div class=\"swiper-slide flagpm_photo\" data-photo-id=\"23605\"><img data-src=\"https:\/\/bobvarela.com\/wp-content\/flagallery\/custo-barcelona-en-el-080-barcelona-fashion-fallwinter-2016-2017\/thumbs\/thumbs_custo_barcelona_060.jpg\" alt=\"Ready to Wear Fall\/Winter 2016-2017\" class=\"noLazy flagpm_photo swiper-lazy flagpm_photo_portrait\"><span class=\"swiper-lazy-preloader swiper-lazy-preloader-black\"><\/span><\/div> <\/div> <\/div> <\/div> <div class=\"flagpm_next_button\"><\/div> <\/div> <div class=\"flagpm_big_button_wrap\"> <div class=\"flagpm_share_wrapper\"> <a class=\"flagpm_button flagpm_share\">Share<\/a> <div class=\"flagpm_sharelizers_wrap\"> <ul class=\"flagpm_sharelizers\"> <li style=\"list-style:none;\"><a class=\"flagpm_button flagpm_facebook flagpm_sharelizer\">Facebook<\/a><\/li> <li style=\"list-style:none;\"><a class=\"flagpm_button flagpm_twitter flagpm_sharelizer\">Twitter<\/a><\/li> <li style=\"list-style:none;\"><a class=\"flagpm_button flagpm_pinterest flagpm_sharelizer\">Pinterest<\/a><\/li> <li style=\"list-style:none;\"><a class=\"flagpm_button flagpm_stumbleupon flagpm_sharelizer\">StumbleUpon<\/a><\/li> <\/ul> <\/div> <\/div> <a class=\"flagpm_button flagpm_like\">Like<\/a> <\/div> <div class=\"flagpm_big_button_wrap\"> <a class=\"flagpm_big_button flagpm_download_button\" href=\"https:\/\/bobvarela.com\/wp-content\/flagallery\/custo-barcelona-en-el-080-barcelona-fashion-fallwinter-2016-2017\/custo_barcelona_001.jpg\" download=\"custo_barcelona_001.jpg\"> <span class=\"flagpm_icon\"><\/span> <span class=\"flagpm_label\">Download<\/span> <\/a> <\/div> <div class=\"flagpm_big_button_wrap\"> <a class=\"flagpm_big_button flagpm_link_button flagpm_inactive\" > <span class=\"flagpm_icon\"><\/span> <span class=\"flagpm_label\">Open Link<\/span> <\/a> <\/div> <\/div> <\/div> <\/div> <div class=\"flagpm_focus_close_full\"> <span><a class=\"flagpm_button flagpm_close\">Close<\/a><\/span> <span><a class=\"flagpm_button flagpm_full\">Full<\/a><\/span> <\/div> <div class=\"flagpm_photo_details\"> <div class=\"flagpm_description_wrap\"> <div class=\"details_title\">Description<\/div> <div class=\"flagpm_description_text_wrap\"> <div class=\"flagpm_slide_description\"><p>Ready to Wear Fall\/Winter 2016-2017<\/p><\/div> <\/div> <\/div> <\/div> <div class=\"flagpm_focus_footer\"> <div class=\"flagpm_focus_keyboard\"> <div class=\"flagpm_focus_keyboard_title\">Keyboard Shortcuts <a class=\"flagpm_focus_keyboard_dismiss\">Dismiss<\/a><\/div> <ul> <li style=\"list-style:none;\"><a data-key=\"p\" class=\"flagpm_key\">S<\/a><span class=\"flagpm_label\">Slideshow<\/span><\/li> <li style=\"list-style:none;\"><a data-key=\"m\" class=\"flagpm_key\">M<\/a><span class=\"flagpm_label\">Maximize<\/span><\/li> <li style=\"list-style:none;\"><a data-key=\"left\" class=\"flagpm_key\">&nbsp;<\/a><span class=\"flagpm_label\">Previous<\/span><\/li> <li style=\"list-style:none;\"><a data-key=\"right\" class=\"flagpm_key\">&nbsp;<\/a><span class=\"flagpm_label\">Next<\/span><\/li> <li style=\"list-style:none;\"><a data-key=\"escape\" class=\"flagpm_key flagpm_esc\">esc<\/a><span class=\"flagpm_label\">Close<\/span><\/li> <\/ul> <\/div> <\/div> <\/div> <script type=\"text\/javascript\"> jQuery(function($) { var settings = {\"base_gallery_width\":\"800\",\"base_gallery_height\":\"500\",\"gallery_min_height\":\"230\",\"scale_mode\":\"fit\",\"initial_slide\":0,\"slideshow_autoplay\":\"0\",\"slideshow_delay\":\"7000\",\"gallery_focus\":\"0\",\"gallery_maximized\":\"0\",\"gallery_focus_maximized\":\"0\",\"keyboard_help\":\"1\",\"show_download_button\":\"1\",\"show_link_button\":\"1\",\"show_description\":\"1\",\"show_share_button\":\"1\",\"show_like_button\":\"1\",\"link_color\":\"#0099e5\",\"link_color_hover\":\"#02adea\",\"download_button_text\":\"Download\",\"link_button_text\":\"Open Link\",\"description_title\":\"Description\",\"key\":\"\",\"name\":\"\",\"gallID\":\"sc1_330\"}; var content = {\"data\":[{\"id\":\"23546\",\"image\":\"https:\\\/\\\/bobvarela.com\\\/wp-content\\\/flagallery\\\/custo-barcelona-en-el-080-barcelona-fashion-fallwinter-2016-2017\\\/webview\\\/custo_barcelona_001.jpg\",\"thumb\":\"https:\\\/\\\/bobvarela.com\\\/wp-content\\\/flagallery\\\/custo-barcelona-en-el-080-barcelona-fashion-fallwinter-2016-2017\\\/thumbs\\\/thumbs_custo_barcelona_001.jpg\",\"file\":\"custo_barcelona_001.jpg\",\"meta\":{\"aperture\":false,\"credit\":false,\"camera\":false,\"caption\":\"Ready to Wear Fall\\\/Winter 2016-2017\",\"created_timestamp\":\"February 3, 2016 8:57 pm\",\"copyright\":\"\\u00c2\\u00a9 2016 Estrop-Barcelona PHOTOGRAPH FOR EDITORIAL USE ONLY\",\"focal_length\":false,\"iso\":false,\"shutter_speed\":false,\"flash\":false,\"title\":\"Ready to Wear Fall\\\/Winter 2016-2017\",\"keywords\":\"Fall\\\/Winter 2016-2017,Ready to Wear\",\"width\":667,\"height\":1000,\"saved\":true,\"thumbnail\":{\"width\":220,\"height\":220,\"ewww_image_optimizer\":\"Reduced by 10.4% (3.7&nbsp;kB)\"},\"webview\":{\"0\":667,\"1\":1000,\"2\":2,\"3\":\"width=\\\"667\\\" height=\\\"1000\\\"\",\"bits\":8,\"channels\":3,\"mime\":\"image\\\/jpeg\",\"ewww_image_optimizer\":\"Reduced by 5.2% (6.6&nbsp;kB) - Previously Optimized\"},\"0\":false,\"ewww_image_optimizer\":\"Reduced by 4.1% (7.3&nbsp;kB)\",\"views\":\"106\",\"likes\":\"0\"},\"title\":\"Ready to Wear Fall\\\/Winter 2016-2017\",\"description\":\"<p>Ready to Wear Fall\\\/Winter 2016-2017<\\\/p>\",\"link\":null,\"link_target\":\"\",\"download\":\"https:\\\/\\\/bobvarela.com\\\/wp-content\\\/flagallery\\\/custo-barcelona-en-el-080-barcelona-fashion-fallwinter-2016-2017\\\/custo_barcelona_001.jpg\",\"ratio\":0.6670000000000000373034936274052597582340240478515625},{\"id\":\"23547\",\"image\":\"https:\\\/\\\/bobvarela.com\\\/wp-content\\\/flagallery\\\/custo-barcelona-en-el-080-barcelona-fashion-fallwinter-2016-2017\\\/webview\\\/custo_barcelona_002.jpg\",\"thumb\":\"https:\\\/\\\/bobvarela.com\\\/wp-content\\\/flagallery\\\/custo-barcelona-en-el-080-barcelona-fashion-fallwinter-2016-2017\\\/thumbs\\\/thumbs_custo_barcelona_002.jpg\",\"file\":\"custo_barcelona_002.jpg\",\"meta\":{\"aperture\":false,\"credit\":false,\"camera\":false,\"caption\":\"Ready to Wear Fall\\\/Winter 2016-2017\",\"created_timestamp\":\"February 3, 2016 8:57 pm\",\"copyright\":\"\\u00c2\\u00a9 2016 Estrop-Barcelona PHOTOGRAPH FOR EDITORIAL USE ONLY\",\"focal_length\":false,\"iso\":false,\"shutter_speed\":false,\"flash\":false,\"title\":\"Ready to Wear Fall\\\/Winter 2016-2017\",\"keywords\":\"Fall\\\/Winter 2016-2017,Ready to Wear\",\"width\":667,\"height\":1000,\"saved\":true,\"thumbnail\":{\"width\":220,\"height\":220,\"ewww_image_optimizer\":\"Reduced by 12.3% (5.1&nbsp;kB)\"},\"webview\":{\"0\":667,\"1\":1000,\"2\":2,\"3\":\"width=\\\"667\\\" height=\\\"1000\\\"\",\"bits\":8,\"channels\":3,\"mime\":\"image\\\/jpeg\",\"ewww_image_optimizer\":\"Reduced by 5.2% (8.1&nbsp;kB) - Previously Optimized\"},\"0\":false,\"ewww_image_optimizer\":\"Reduced by 5.6% (9.2&nbsp;kB)\",\"views\":\"1\",\"likes\":\"0\"},\"title\":\"Ready to Wear Fall\\\/Winter 2016-2017\",\"description\":\"<p>Ready to Wear Fall\\\/Winter 2016-2017<\\\/p>\",\"link\":null,\"link_target\":\"\",\"download\":\"https:\\\/\\\/bobvarela.com\\\/wp-content\\\/flagallery\\\/custo-barcelona-en-el-080-barcelona-fashion-fallwinter-2016-2017\\\/custo_barcelona_002.jpg\",\"ratio\":0.6670000000000000373034936274052597582340240478515625},{\"id\":\"23548\",\"image\":\"https:\\\/\\\/bobvarela.com\\\/wp-content\\\/flagallery\\\/custo-barcelona-en-el-080-barcelona-fashion-fallwinter-2016-2017\\\/webview\\\/custo_barcelona_003.jpg\",\"thumb\":\"https:\\\/\\\/bobvarela.com\\\/wp-content\\\/flagallery\\\/custo-barcelona-en-el-080-barcelona-fashion-fallwinter-2016-2017\\\/thumbs\\\/thumbs_custo_barcelona_003.jpg\",\"file\":\"custo_barcelona_003.jpg\",\"meta\":{\"aperture\":false,\"credit\":false,\"camera\":false,\"caption\":\"Ready to Wear Fall\\\/Winter 2016-2017\",\"created_timestamp\":\"February 3, 2016 8:57 pm\",\"copyright\":\"\\u00c2\\u00a9 2016 Estrop-Barcelona PHOTOGRAPH FOR EDITORIAL USE ONLY\",\"focal_length\":false,\"iso\":false,\"shutter_speed\":false,\"flash\":false,\"title\":\"Ready to Wear Fall\\\/Winter 2016-2017\",\"keywords\":\"Fall\\\/Winter 2016-2017,Ready to Wear\",\"width\":667,\"height\":1000,\"saved\":true,\"thumbnail\":{\"width\":220,\"height\":220,\"ewww_image_optimizer\":\"Reduced by 12.4% (6.1&nbsp;kB)\"},\"webview\":{\"0\":667,\"1\":1000,\"2\":2,\"3\":\"width=\\\"667\\\" height=\\\"1000\\\"\",\"bits\":8,\"channels\":3,\"mime\":\"image\\\/jpeg\",\"ewww_image_optimizer\":\"Reduced by 4.9% (7.3&nbsp;kB) - Previously Optimized\"},\"0\":false,\"ewww_image_optimizer\":\"Reduced by 3.9% (7.1&nbsp;kB)\",\"views\":\"1\",\"likes\":\"0\"},\"title\":\"Ready to Wear Fall\\\/Winter 2016-2017\",\"description\":\"<p>Ready to Wear Fall\\\/Winter 2016-2017<\\\/p>\",\"link\":null,\"link_target\":\"\",\"download\":\"https:\\\/\\\/bobvarela.com\\\/wp-content\\\/flagallery\\\/custo-barcelona-en-el-080-barcelona-fashion-fallwinter-2016-2017\\\/custo_barcelona_003.jpg\",\"ratio\":0.6670000000000000373034936274052597582340240478515625},{\"id\":\"23549\",\"image\":\"https:\\\/\\\/bobvarela.com\\\/wp-content\\\/flagallery\\\/custo-barcelona-en-el-080-barcelona-fashion-fallwinter-2016-2017\\\/webview\\\/custo_barcelona_004.jpg\",\"thumb\":\"https:\\\/\\\/bobvarela.com\\\/wp-content\\\/flagallery\\\/custo-barcelona-en-el-080-barcelona-fashion-fallwinter-2016-2017\\\/thumbs\\\/thumbs_custo_barcelona_004.jpg\",\"file\":\"custo_barcelona_004.jpg\",\"meta\":{\"aperture\":false,\"credit\":false,\"camera\":false,\"caption\":\"Ready to Wear Fall\\\/Winter 2016-2017\",\"created_timestamp\":\"February 3, 2016 8:57 pm\",\"copyright\":\"\\u00c2\\u00a9 2016 Estrop-Barcelona PHOTOGRAPH FOR EDITORIAL USE ONLY\",\"focal_length\":false,\"iso\":false,\"shutter_speed\":false,\"flash\":false,\"title\":\"Ready to Wear Fall\\\/Winter 2016-2017\",\"keywords\":\"Fall\\\/Winter 2016-2017,Ready to Wear\",\"width\":667,\"height\":1000,\"saved\":true,\"thumbnail\":{\"width\":220,\"height\":220,\"ewww_image_optimizer\":\"Reduced by 9.8% (2.9&nbsp;kB)\"},\"webview\":{\"0\":667,\"1\":1000,\"2\":2,\"3\":\"width=\\\"667\\\" height=\\\"1000\\\"\",\"bits\":8,\"channels\":3,\"mime\":\"image\\\/jpeg\",\"ewww_image_optimizer\":\"Reduced by 4.6% (4.2&nbsp;kB) - Previously Optimized\"},\"0\":false,\"ewww_image_optimizer\":\"Reduced by 4.7% (8.4&nbsp;kB)\",\"views\":\"1\",\"likes\":\"0\"},\"title\":\"Ready to Wear Fall\\\/Winter 2016-2017\",\"description\":\"<p>Ready to Wear Fall\\\/Winter 2016-2017<\\\/p>\",\"link\":null,\"link_target\":\"\",\"download\":\"https:\\\/\\\/bobvarela.com\\\/wp-content\\\/flagallery\\\/custo-barcelona-en-el-080-barcelona-fashion-fallwinter-2016-2017\\\/custo_barcelona_004.jpg\",\"ratio\":0.6670000000000000373034936274052597582340240478515625},{\"id\":\"23550\",\"image\":\"https:\\\/\\\/bobvarela.com\\\/wp-content\\\/flagallery\\\/custo-barcelona-en-el-080-barcelona-fashion-fallwinter-2016-2017\\\/webview\\\/custo_barcelona_005.jpg\",\"thumb\":\"https:\\\/\\\/bobvarela.com\\\/wp-content\\\/flagallery\\\/custo-barcelona-en-el-080-barcelona-fashion-fallwinter-2016-2017\\\/thumbs\\\/thumbs_custo_barcelona_005.jpg\",\"file\":\"custo_barcelona_005.jpg\",\"meta\":{\"aperture\":false,\"credit\":false,\"camera\":false,\"caption\":\"Ready to Wear Fall\\\/Winter 2016-2017\",\"created_timestamp\":\"February 3, 2016 8:57 pm\",\"copyright\":\"\\u00c2\\u00a9 2016 Estrop-Barcelona PHOTOGRAPH FOR EDITORIAL USE ONLY\",\"focal_length\":false,\"iso\":false,\"shutter_speed\":false,\"flash\":false,\"title\":\"Ready to Wear Fall\\\/Winter 2016-2017\",\"keywords\":\"Fall\\\/Winter 2016-2017,Ready to Wear\",\"width\":667,\"height\":1000,\"saved\":true,\"thumbnail\":{\"width\":220,\"height\":220,\"ewww_image_optimizer\":\"Reduced by 10.2% (3.2&nbsp;kB)\"},\"webview\":{\"0\":667,\"1\":1000,\"2\":2,\"3\":\"width=\\\"667\\\" height=\\\"1000\\\"\",\"bits\":8,\"channels\":3,\"mime\":\"image\\\/jpeg\",\"ewww_image_optimizer\":\"Reduced by 5.3% (4.8&nbsp;kB) - Previously Optimized\"},\"0\":false,\"ewww_image_optimizer\":\"Reduced by 5.3% (9.8&nbsp;kB)\",\"views\":\"2\",\"likes\":\"0\"},\"title\":\"Ready to Wear Fall\\\/Winter 2016-2017\",\"description\":\"<p>Ready to Wear Fall\\\/Winter 2016-2017<\\\/p>\",\"link\":null,\"link_target\":\"\",\"download\":\"https:\\\/\\\/bobvarela.com\\\/wp-content\\\/flagallery\\\/custo-barcelona-en-el-080-barcelona-fashion-fallwinter-2016-2017\\\/custo_barcelona_005.jpg\",\"ratio\":0.6670000000000000373034936274052597582340240478515625},{\"id\":\"23551\",\"image\":\"https:\\\/\\\/bobvarela.com\\\/wp-content\\\/flagallery\\\/custo-barcelona-en-el-080-barcelona-fashion-fallwinter-2016-2017\\\/webview\\\/custo_barcelona_006.jpg\",\"thumb\":\"https:\\\/\\\/bobvarela.com\\\/wp-content\\\/flagallery\\\/custo-barcelona-en-el-080-barcelona-fashion-fallwinter-2016-2017\\\/thumbs\\\/thumbs_custo_barcelona_006.jpg\",\"file\":\"custo_barcelona_006.jpg\",\"meta\":{\"aperture\":false,\"credit\":false,\"camera\":false,\"caption\":\"Ready to Wear Fall\\\/Winter 2016-2017\",\"created_timestamp\":\"February 3, 2016 8:57 pm\",\"copyright\":\"\\u00c2\\u00a9 2016 Estrop-Barcelona PHOTOGRAPH FOR EDITORIAL USE ONLY\",\"focal_length\":false,\"iso\":false,\"shutter_speed\":false,\"flash\":false,\"title\":\"Ready to Wear Fall\\\/Winter 2016-2017\",\"keywords\":\"Fall\\\/Winter 2016-2017,Ready to Wear\",\"width\":667,\"height\":1000,\"saved\":true,\"thumbnail\":{\"width\":220,\"height\":220,\"ewww_image_optimizer\":\"Reduced by 11.2% (5.4&nbsp;kB)\"},\"webview\":{\"0\":667,\"1\":1000,\"2\":2,\"3\":\"width=\\\"667\\\" height=\\\"1000\\\"\",\"bits\":8,\"channels\":3,\"mime\":\"image\\\/jpeg\",\"ewww_image_optimizer\":\"Reduced by 4.5% (6.5&nbsp;kB) - Previously Optimized\"},\"0\":false,\"ewww_image_optimizer\":\"Reduced by 5.1% (9.6&nbsp;kB)\",\"views\":\"0\",\"likes\":\"0\"},\"title\":\"Ready to Wear Fall\\\/Winter 2016-2017\",\"description\":\"<p>Ready to Wear Fall\\\/Winter 2016-2017<\\\/p>\",\"link\":null,\"link_target\":\"\",\"download\":\"https:\\\/\\\/bobvarela.com\\\/wp-content\\\/flagallery\\\/custo-barcelona-en-el-080-barcelona-fashion-fallwinter-2016-2017\\\/custo_barcelona_006.jpg\",\"ratio\":0.6670000000000000373034936274052597582340240478515625},{\"id\":\"23552\",\"image\":\"https:\\\/\\\/bobvarela.com\\\/wp-content\\\/flagallery\\\/custo-barcelona-en-el-080-barcelona-fashion-fallwinter-2016-2017\\\/webview\\\/custo_barcelona_007.jpg\",\"thumb\":\"https:\\\/\\\/bobvarela.com\\\/wp-content\\\/flagallery\\\/custo-barcelona-en-el-080-barcelona-fashion-fallwinter-2016-2017\\\/thumbs\\\/thumbs_custo_barcelona_007.jpg\",\"file\":\"custo_barcelona_007.jpg\",\"meta\":{\"aperture\":false,\"credit\":false,\"camera\":false,\"caption\":\"Ready to Wear Fall\\\/Winter 2016-2017\",\"created_timestamp\":\"February 3, 2016 8:57 pm\",\"copyright\":\"\\u00c2\\u00a9 2016 Estrop-Barcelona PHOTOGRAPH FOR EDITORIAL USE ONLY\",\"focal_length\":false,\"iso\":false,\"shutter_speed\":false,\"flash\":false,\"title\":\"Ready to Wear Fall\\\/Winter 2016-2017\",\"keywords\":\"Fall\\\/Winter 2016-2017,Ready to Wear\",\"width\":667,\"height\":1000,\"saved\":true,\"thumbnail\":{\"width\":220,\"height\":220,\"ewww_image_optimizer\":\"Reduced by 9.0% (3.7&nbsp;kB)\"},\"webview\":{\"0\":667,\"1\":1000,\"2\":2,\"3\":\"width=\\\"667\\\" height=\\\"1000\\\"\",\"bits\":8,\"channels\":3,\"mime\":\"image\\\/jpeg\",\"ewww_image_optimizer\":\"Reduced by 5.8% (6.9&nbsp;kB) - Previously Optimized\"},\"0\":false,\"ewww_image_optimizer\":\"Reduced by 4.1% (6.9&nbsp;kB)\",\"views\":\"2\",\"likes\":\"0\"},\"title\":\"Ready to Wear Fall\\\/Winter 2016-2017\",\"description\":\"<p>Ready to Wear Fall\\\/Winter 2016-2017<\\\/p>\",\"link\":null,\"link_target\":\"\",\"download\":\"https:\\\/\\\/bobvarela.com\\\/wp-content\\\/flagallery\\\/custo-barcelona-en-el-080-barcelona-fashion-fallwinter-2016-2017\\\/custo_barcelona_007.jpg\",\"ratio\":0.6670000000000000373034936274052597582340240478515625},{\"id\":\"23553\",\"image\":\"https:\\\/\\\/bobvarela.com\\\/wp-content\\\/flagallery\\\/custo-barcelona-en-el-080-barcelona-fashion-fallwinter-2016-2017\\\/webview\\\/custo_barcelona_008.jpg\",\"thumb\":\"https:\\\/\\\/bobvarela.com\\\/wp-content\\\/flagallery\\\/custo-barcelona-en-el-080-barcelona-fashion-fallwinter-2016-2017\\\/thumbs\\\/thumbs_custo_barcelona_008.jpg\",\"file\":\"custo_barcelona_008.jpg\",\"meta\":{\"aperture\":false,\"credit\":false,\"camera\":false,\"caption\":\"Ready to Wear Fall\\\/Winter 2016-2017\",\"created_timestamp\":\"February 3, 2016 8:57 pm\",\"copyright\":\"\\u00c2\\u00a9 2016 Estrop-Barcelona PHOTOGRAPH FOR EDITORIAL USE ONLY\",\"focal_length\":false,\"iso\":false,\"shutter_speed\":false,\"flash\":false,\"title\":\"Ready to Wear Fall\\\/Winter 2016-2017\",\"keywords\":\"Fall\\\/Winter 2016-2017,Ready to Wear\",\"width\":667,\"height\":1000,\"saved\":true,\"thumbnail\":{\"width\":220,\"height\":220,\"ewww_image_optimizer\":\"Reduced by 9.8% (3.0&nbsp;kB)\"},\"webview\":{\"0\":667,\"1\":1000,\"2\":2,\"3\":\"width=\\\"667\\\" height=\\\"1000\\\"\",\"bits\":8,\"channels\":3,\"mime\":\"image\\\/jpeg\",\"ewww_image_optimizer\":\"Reduced by 5.3% (5.6&nbsp;kB) - Previously Optimized\"},\"0\":false,\"ewww_image_optimizer\":\"Reduced by 5.3% (10.5&nbsp;kB)\",\"views\":\"1\",\"likes\":\"0\"},\"title\":\"Ready to Wear Fall\\\/Winter 2016-2017\",\"description\":\"<p>Ready to Wear Fall\\\/Winter 2016-2017<\\\/p>\",\"link\":null,\"link_target\":\"\",\"download\":\"https:\\\/\\\/bobvarela.com\\\/wp-content\\\/flagallery\\\/custo-barcelona-en-el-080-barcelona-fashion-fallwinter-2016-2017\\\/custo_barcelona_008.jpg\",\"ratio\":0.6670000000000000373034936274052597582340240478515625},{\"id\":\"23554\",\"image\":\"https:\\\/\\\/bobvarela.com\\\/wp-content\\\/flagallery\\\/custo-barcelona-en-el-080-barcelona-fashion-fallwinter-2016-2017\\\/webview\\\/custo_barcelona_009.jpg\",\"thumb\":\"https:\\\/\\\/bobvarela.com\\\/wp-content\\\/flagallery\\\/custo-barcelona-en-el-080-barcelona-fashion-fallwinter-2016-2017\\\/thumbs\\\/thumbs_custo_barcelona_009.jpg\",\"file\":\"custo_barcelona_009.jpg\",\"meta\":{\"aperture\":false,\"credit\":false,\"camera\":false,\"caption\":\"Ready to Wear Fall\\\/Winter 2016-2017\",\"created_timestamp\":\"February 3, 2016 8:57 pm\",\"copyright\":\"\\u00c2\\u00a9 2016 Estrop-Barcelona PHOTOGRAPH FOR EDITORIAL USE ONLY\",\"focal_length\":false,\"iso\":false,\"shutter_speed\":false,\"flash\":false,\"title\":\"Ready to Wear Fall\\\/Winter 2016-2017\",\"keywords\":\"Fall\\\/Winter 2016-2017,Ready to Wear\",\"width\":667,\"height\":1000,\"saved\":true,\"thumbnail\":{\"width\":220,\"height\":220,\"ewww_image_optimizer\":\"Reduced by 12.2% (4.4&nbsp;kB)\"},\"webview\":{\"0\":667,\"1\":1000,\"2\":2,\"3\":\"width=\\\"667\\\" height=\\\"1000\\\"\",\"bits\":8,\"channels\":3,\"mime\":\"image\\\/jpeg\",\"ewww_image_optimizer\":\"Reduced by 6.7% (8.9&nbsp;kB) - Previously Optimized\"},\"0\":false,\"ewww_image_optimizer\":\"Reduced by 6.6% (10.7&nbsp;kB)\",\"views\":\"0\",\"likes\":\"0\"},\"title\":\"Ready to Wear Fall\\\/Winter 2016-2017\",\"description\":\"<p>Ready to Wear Fall\\\/Winter 2016-2017<\\\/p>\",\"link\":null,\"link_target\":\"\",\"download\":\"https:\\\/\\\/bobvarela.com\\\/wp-content\\\/flagallery\\\/custo-barcelona-en-el-080-barcelona-fashion-fallwinter-2016-2017\\\/custo_barcelona_009.jpg\",\"ratio\":0.6670000000000000373034936274052597582340240478515625},{\"id\":\"23555\",\"image\":\"https:\\\/\\\/bobvarela.com\\\/wp-content\\\/flagallery\\\/custo-barcelona-en-el-080-barcelona-fashion-fallwinter-2016-2017\\\/webview\\\/custo_barcelona_010.jpg\",\"thumb\":\"https:\\\/\\\/bobvarela.com\\\/wp-content\\\/flagallery\\\/custo-barcelona-en-el-080-barcelona-fashion-fallwinter-2016-2017\\\/thumbs\\\/thumbs_custo_barcelona_010.jpg\",\"file\":\"custo_barcelona_010.jpg\",\"meta\":{\"aperture\":false,\"credit\":false,\"camera\":false,\"caption\":\"Ready to Wear Fall\\\/Winter 2016-2017\",\"created_timestamp\":\"February 3, 2016 8:57 pm\",\"copyright\":\"\\u00c2\\u00a9 2016 Estrop-Barcelona PHOTOGRAPH FOR EDITORIAL USE ONLY\",\"focal_length\":false,\"iso\":false,\"shutter_speed\":false,\"flash\":false,\"title\":\"Ready to Wear Fall\\\/Winter 2016-2017\",\"keywords\":\"Fall\\\/Winter 2016-2017,Ready to Wear\",\"width\":667,\"height\":1000,\"saved\":true,\"thumbnail\":{\"width\":220,\"height\":220,\"ewww_image_optimizer\":\"Reduced by 13.3% (4.4&nbsp;kB)\"},\"webview\":{\"0\":667,\"1\":1000,\"2\":2,\"3\":\"width=\\\"667\\\" height=\\\"1000\\\"\",\"bits\":8,\"channels\":3,\"mime\":\"image\\\/jpeg\",\"ewww_image_optimizer\":\"Reduced by 6.9% (5.2&nbsp;kB) - Previously Optimized\"},\"0\":false,\"ewww_image_optimizer\":\"Reduced by 6.7% (10.0&nbsp;kB)\",\"views\":\"0\",\"likes\":\"0\"},\"title\":\"Ready to Wear Fall\\\/Winter 2016-2017\",\"description\":\"<p>Ready to Wear Fall\\\/Winter 2016-2017<\\\/p>\",\"link\":null,\"link_target\":\"\",\"download\":\"https:\\\/\\\/bobvarela.com\\\/wp-content\\\/flagallery\\\/custo-barcelona-en-el-080-barcelona-fashion-fallwinter-2016-2017\\\/custo_barcelona_010.jpg\",\"ratio\":0.6670000000000000373034936274052597582340240478515625},{\"id\":\"23556\",\"image\":\"https:\\\/\\\/bobvarela.com\\\/wp-content\\\/flagallery\\\/custo-barcelona-en-el-080-barcelona-fashion-fallwinter-2016-2017\\\/webview\\\/custo_barcelona_011.jpg\",\"thumb\":\"https:\\\/\\\/bobvarela.com\\\/wp-content\\\/flagallery\\\/custo-barcelona-en-el-080-barcelona-fashion-fallwinter-2016-2017\\\/thumbs\\\/thumbs_custo_barcelona_011.jpg\",\"file\":\"custo_barcelona_011.jpg\",\"meta\":{\"aperture\":false,\"credit\":false,\"camera\":false,\"caption\":\"Ready to Wear Fall\\\/Winter 2016-2017\",\"created_timestamp\":\"February 3, 2016 8:57 pm\",\"copyright\":\"\\u00c2\\u00a9 2016 Estrop-Barcelona PHOTOGRAPH FOR EDITORIAL USE ONLY\",\"focal_length\":false,\"iso\":false,\"shutter_speed\":false,\"flash\":false,\"title\":\"Ready to Wear Fall\\\/Winter 2016-2017\",\"keywords\":\"Fall\\\/Winter 2016-2017,Ready to Wear\",\"width\":667,\"height\":1000,\"saved\":true,\"thumbnail\":{\"width\":220,\"height\":220,\"ewww_image_optimizer\":\"Reduced by 12.4% (4.2&nbsp;kB)\"},\"webview\":{\"0\":667,\"1\":1000,\"2\":2,\"3\":\"width=\\\"667\\\" height=\\\"1000\\\"\",\"bits\":8,\"channels\":3,\"mime\":\"image\\\/jpeg\",\"ewww_image_optimizer\":\"Reduced by 5.6% (6.6&nbsp;kB) - Previously Optimized\"},\"0\":false,\"ewww_image_optimizer\":\"Reduced by 4.9% (8.2&nbsp;kB)\",\"views\":\"2\",\"likes\":\"0\"},\"title\":\"Ready to Wear Fall\\\/Winter 2016-2017\",\"description\":\"<p>Ready to Wear Fall\\\/Winter 2016-2017<\\\/p>\",\"link\":null,\"link_target\":\"\",\"download\":\"https:\\\/\\\/bobvarela.com\\\/wp-content\\\/flagallery\\\/custo-barcelona-en-el-080-barcelona-fashion-fallwinter-2016-2017\\\/custo_barcelona_011.jpg\",\"ratio\":0.6670000000000000373034936274052597582340240478515625},{\"id\":\"23557\",\"image\":\"https:\\\/\\\/bobvarela.com\\\/wp-content\\\/flagallery\\\/custo-barcelona-en-el-080-barcelona-fashion-fallwinter-2016-2017\\\/webview\\\/custo_barcelona_012.jpg\",\"thumb\":\"https:\\\/\\\/bobvarela.com\\\/wp-content\\\/flagallery\\\/custo-barcelona-en-el-080-barcelona-fashion-fallwinter-2016-2017\\\/thumbs\\\/thumbs_custo_barcelona_012.jpg\",\"file\":\"custo_barcelona_012.jpg\",\"meta\":{\"aperture\":false,\"credit\":false,\"camera\":false,\"caption\":\"Ready to Wear Fall\\\/Winter 2016-2017\",\"created_timestamp\":\"February 3, 2016 8:57 pm\",\"copyright\":\"\\u00c2\\u00a9 2016 Estrop-Barcelona PHOTOGRAPH FOR EDITORIAL USE ONLY\",\"focal_length\":false,\"iso\":false,\"shutter_speed\":false,\"flash\":false,\"title\":\"Ready to Wear Fall\\\/Winter 2016-2017\",\"keywords\":\"Fall\\\/Winter 2016-2017,Ready to Wear\",\"width\":667,\"height\":1000,\"saved\":true,\"thumbnail\":{\"width\":220,\"height\":220,\"ewww_image_optimizer\":\"Reduced by 17.3% (8.0&nbsp;kB)\"},\"webview\":{\"0\":667,\"1\":1000,\"2\":2,\"3\":\"width=\\\"667\\\" height=\\\"1000\\\"\",\"bits\":8,\"channels\":3,\"mime\":\"image\\\/jpeg\",\"ewww_image_optimizer\":\"Reduced by 7.5% (11.9&nbsp;kB) - Previously Optimized\"},\"0\":false,\"ewww_image_optimizer\":\"Reduced by 6.8% (13.1&nbsp;kB)\",\"views\":\"1\",\"likes\":\"0\"},\"title\":\"Ready to Wear Fall\\\/Winter 2016-2017\",\"description\":\"<p>Ready to Wear Fall\\\/Winter 2016-2017<\\\/p>\",\"link\":null,\"link_target\":\"\",\"download\":\"https:\\\/\\\/bobvarela.com\\\/wp-content\\\/flagallery\\\/custo-barcelona-en-el-080-barcelona-fashion-fallwinter-2016-2017\\\/custo_barcelona_012.jpg\",\"ratio\":0.6670000000000000373034936274052597582340240478515625},{\"id\":\"23558\",\"image\":\"https:\\\/\\\/bobvarela.com\\\/wp-content\\\/flagallery\\\/custo-barcelona-en-el-080-barcelona-fashion-fallwinter-2016-2017\\\/webview\\\/custo_barcelona_013.jpg\",\"thumb\":\"https:\\\/\\\/bobvarela.com\\\/wp-content\\\/flagallery\\\/custo-barcelona-en-el-080-barcelona-fashion-fallwinter-2016-2017\\\/thumbs\\\/thumbs_custo_barcelona_013.jpg\",\"file\":\"custo_barcelona_013.jpg\",\"meta\":{\"aperture\":false,\"credit\":false,\"camera\":false,\"caption\":\"Ready to Wear Fall\\\/Winter 2016-2017\",\"created_timestamp\":\"February 3, 2016 8:57 pm\",\"copyright\":\"\\u00c2\\u00a9 2016 Estrop-Barcelona PHOTOGRAPH FOR EDITORIAL USE ONLY\",\"focal_length\":false,\"iso\":false,\"shutter_speed\":false,\"flash\":false,\"title\":\"Ready to Wear Fall\\\/Winter 2016-2017\",\"keywords\":\"Fall\\\/Winter 2016-2017,Ready to Wear\",\"width\":667,\"height\":1000,\"saved\":true,\"thumbnail\":{\"width\":220,\"height\":220,\"ewww_image_optimizer\":\"Reduced by 12.6% (4.4&nbsp;kB)\"},\"webview\":{\"0\":667,\"1\":1000,\"2\":2,\"3\":\"width=\\\"667\\\" height=\\\"1000\\\"\",\"bits\":8,\"channels\":3,\"mime\":\"image\\\/jpeg\",\"ewww_image_optimizer\":\"Reduced by 6.5% (7.7&nbsp;kB) - Previously Optimized\"},\"0\":false,\"ewww_image_optimizer\":\"Reduced by 5.7% (9.3&nbsp;kB)\",\"views\":\"0\",\"likes\":\"0\"},\"title\":\"Ready to Wear Fall\\\/Winter 2016-2017\",\"description\":\"<p>Ready to Wear Fall\\\/Winter 2016-2017<\\\/p>\",\"link\":null,\"link_target\":\"\",\"download\":\"https:\\\/\\\/bobvarela.com\\\/wp-content\\\/flagallery\\\/custo-barcelona-en-el-080-barcelona-fashion-fallwinter-2016-2017\\\/custo_barcelona_013.jpg\",\"ratio\":0.6670000000000000373034936274052597582340240478515625},{\"id\":\"23559\",\"image\":\"https:\\\/\\\/bobvarela.com\\\/wp-content\\\/flagallery\\\/custo-barcelona-en-el-080-barcelona-fashion-fallwinter-2016-2017\\\/webview\\\/custo_barcelona_014.jpg\",\"thumb\":\"https:\\\/\\\/bobvarela.com\\\/wp-content\\\/flagallery\\\/custo-barcelona-en-el-080-barcelona-fashion-fallwinter-2016-2017\\\/thumbs\\\/thumbs_custo_barcelona_014.jpg\",\"file\":\"custo_barcelona_014.jpg\",\"meta\":{\"aperture\":false,\"credit\":false,\"camera\":false,\"caption\":\"Ready to Wear Fall\\\/Winter 2016-2017\",\"created_timestamp\":\"February 3, 2016 8:57 pm\",\"copyright\":\"\\u00c2\\u00a9 2016 Estrop-Barcelona PHOTOGRAPH FOR EDITORIAL USE ONLY\",\"focal_length\":false,\"iso\":false,\"shutter_speed\":false,\"flash\":false,\"title\":\"Ready to Wear Fall\\\/Winter 2016-2017\",\"keywords\":\"Fall\\\/Winter 2016-2017,Ready to Wear\",\"width\":667,\"height\":1000,\"saved\":true,\"thumbnail\":{\"width\":220,\"height\":220,\"ewww_image_optimizer\":\"Reduced by 16.3% (7.4&nbsp;kB)\"},\"webview\":{\"0\":667,\"1\":1000,\"2\":2,\"3\":\"width=\\\"667\\\" height=\\\"1000\\\"\",\"bits\":8,\"channels\":3,\"mime\":\"image\\\/jpeg\",\"ewww_image_optimizer\":\"Reduced by 8.0% (12.1&nbsp;kB) - Previously Optimized\"},\"0\":false,\"ewww_image_optimizer\":\"Reduced by 7.2% (12.9&nbsp;kB)\",\"views\":\"1\",\"likes\":\"0\"},\"title\":\"Ready to Wear Fall\\\/Winter 2016-2017\",\"description\":\"<p>Ready to Wear Fall\\\/Winter 2016-2017<\\\/p>\",\"link\":null,\"link_target\":\"\",\"download\":\"https:\\\/\\\/bobvarela.com\\\/wp-content\\\/flagallery\\\/custo-barcelona-en-el-080-barcelona-fashion-fallwinter-2016-2017\\\/custo_barcelona_014.jpg\",\"ratio\":0.6670000000000000373034936274052597582340240478515625},{\"id\":\"23560\",\"image\":\"https:\\\/\\\/bobvarela.com\\\/wp-content\\\/flagallery\\\/custo-barcelona-en-el-080-barcelona-fashion-fallwinter-2016-2017\\\/webview\\\/custo_barcelona_015.jpg\",\"thumb\":\"https:\\\/\\\/bobvarela.com\\\/wp-content\\\/flagallery\\\/custo-barcelona-en-el-080-barcelona-fashion-fallwinter-2016-2017\\\/thumbs\\\/thumbs_custo_barcelona_015.jpg\",\"file\":\"custo_barcelona_015.jpg\",\"meta\":{\"aperture\":false,\"credit\":false,\"camera\":false,\"caption\":\"Ready to Wear Fall\\\/Winter 2016-2017\",\"created_timestamp\":\"February 3, 2016 8:58 pm\",\"copyright\":\"\\u00c2\\u00a9 2016 Estrop-Barcelona PHOTOGRAPH FOR EDITORIAL USE ONLY\",\"focal_length\":false,\"iso\":false,\"shutter_speed\":false,\"flash\":false,\"title\":\"Ready to Wear Fall\\\/Winter 2016-2017\",\"keywords\":\"Fall\\\/Winter 2016-2017,Ready to Wear\",\"width\":667,\"height\":1000,\"saved\":true,\"thumbnail\":{\"width\":220,\"height\":220,\"ewww_image_optimizer\":\"Reduced by 11.7% (3.8&nbsp;kB)\"},\"webview\":{\"0\":667,\"1\":1000,\"2\":2,\"3\":\"width=\\\"667\\\" height=\\\"1000\\\"\",\"bits\":8,\"channels\":3,\"mime\":\"image\\\/jpeg\",\"ewww_image_optimizer\":\"Reduced by 4.9% (5.0&nbsp;kB) - Previously Optimized\"},\"0\":false,\"ewww_image_optimizer\":\"Reduced by 5.6% (10.7&nbsp;kB)\",\"views\":\"1\",\"likes\":\"0\"},\"title\":\"Ready to Wear Fall\\\/Winter 2016-2017\",\"description\":\"<p>Ready to Wear Fall\\\/Winter 2016-2017<\\\/p>\",\"link\":null,\"link_target\":\"\",\"download\":\"https:\\\/\\\/bobvarela.com\\\/wp-content\\\/flagallery\\\/custo-barcelona-en-el-080-barcelona-fashion-fallwinter-2016-2017\\\/custo_barcelona_015.jpg\",\"ratio\":0.6670000000000000373034936274052597582340240478515625},{\"id\":\"23561\",\"image\":\"https:\\\/\\\/bobvarela.com\\\/wp-content\\\/flagallery\\\/custo-barcelona-en-el-080-barcelona-fashion-fallwinter-2016-2017\\\/webview\\\/custo_barcelona_016.jpg\",\"thumb\":\"https:\\\/\\\/bobvarela.com\\\/wp-content\\\/flagallery\\\/custo-barcelona-en-el-080-barcelona-fashion-fallwinter-2016-2017\\\/thumbs\\\/thumbs_custo_barcelona_016.jpg\",\"file\":\"custo_barcelona_016.jpg\",\"meta\":{\"aperture\":false,\"credit\":false,\"camera\":false,\"caption\":\"Ready to Wear Fall\\\/Winter 2016-2017\",\"created_timestamp\":\"February 3, 2016 8:58 pm\",\"copyright\":\"\\u00c2\\u00a9 2016 Estrop-Barcelona PHOTOGRAPH FOR EDITORIAL USE ONLY\",\"focal_length\":false,\"iso\":false,\"shutter_speed\":false,\"flash\":false,\"title\":\"Ready to Wear Fall\\\/Winter 2016-2017\",\"keywords\":\"Fall\\\/Winter 2016-2017,Ready to Wear\",\"width\":667,\"height\":1000,\"saved\":true,\"thumbnail\":{\"width\":220,\"height\":220,\"ewww_image_optimizer\":\"Reduced by 14.5% (5.6&nbsp;kB)\"},\"webview\":{\"0\":667,\"1\":1000,\"2\":2,\"3\":\"width=\\\"667\\\" height=\\\"1000\\\"\",\"bits\":8,\"channels\":3,\"mime\":\"image\\\/jpeg\",\"ewww_image_optimizer\":\"Reduced by 6.4% (8.5&nbsp;kB) - Previously Optimized\"},\"0\":false,\"ewww_image_optimizer\":\"Reduced by 5.6% (10.5&nbsp;kB)\",\"views\":\"1\",\"likes\":\"0\"},\"title\":\"Ready to Wear Fall\\\/Winter 2016-2017\",\"description\":\"<p>Ready to Wear Fall\\\/Winter 2016-2017<\\\/p>\",\"link\":null,\"link_target\":\"\",\"download\":\"https:\\\/\\\/bobvarela.com\\\/wp-content\\\/flagallery\\\/custo-barcelona-en-el-080-barcelona-fashion-fallwinter-2016-2017\\\/custo_barcelona_016.jpg\",\"ratio\":0.6670000000000000373034936274052597582340240478515625},{\"id\":\"23562\",\"image\":\"https:\\\/\\\/bobvarela.com\\\/wp-content\\\/flagallery\\\/custo-barcelona-en-el-080-barcelona-fashion-fallwinter-2016-2017\\\/webview\\\/custo_barcelona_017.jpg\",\"thumb\":\"https:\\\/\\\/bobvarela.com\\\/wp-content\\\/flagallery\\\/custo-barcelona-en-el-080-barcelona-fashion-fallwinter-2016-2017\\\/thumbs\\\/thumbs_custo_barcelona_017.jpg\",\"file\":\"custo_barcelona_017.jpg\",\"meta\":{\"aperture\":false,\"credit\":false,\"camera\":false,\"caption\":\"Ready to Wear Fall\\\/Winter 2016-2017\",\"created_timestamp\":\"February 3, 2016 8:58 pm\",\"copyright\":\"\\u00c2\\u00a9 2016 Estrop-Barcelona PHOTOGRAPH FOR EDITORIAL USE ONLY\",\"focal_length\":false,\"iso\":false,\"shutter_speed\":false,\"flash\":false,\"title\":\"Ready to Wear Fall\\\/Winter 2016-2017\",\"keywords\":\"Fall\\\/Winter 2016-2017,Ready to Wear\",\"width\":667,\"height\":1000,\"saved\":true,\"thumbnail\":{\"width\":220,\"height\":220,\"ewww_image_optimizer\":\"Reduced by 11.2% (3.7&nbsp;kB)\"},\"webview\":{\"0\":667,\"1\":1000,\"2\":2,\"3\":\"width=\\\"667\\\" height=\\\"1000\\\"\",\"bits\":8,\"channels\":3,\"mime\":\"image\\\/jpeg\",\"ewww_image_optimizer\":\"Reduced by 4.5% (4.5&nbsp;kB) - Previously Optimized\"},\"0\":false,\"ewww_image_optimizer\":\"Reduced by 5.5% (10.4&nbsp;kB)\",\"views\":\"0\",\"likes\":\"0\"},\"title\":\"Ready to Wear Fall\\\/Winter 2016-2017\",\"description\":\"<p>Ready to Wear Fall\\\/Winter 2016-2017<\\\/p>\",\"link\":null,\"link_target\":\"\",\"download\":\"https:\\\/\\\/bobvarela.com\\\/wp-content\\\/flagallery\\\/custo-barcelona-en-el-080-barcelona-fashion-fallwinter-2016-2017\\\/custo_barcelona_017.jpg\",\"ratio\":0.6670000000000000373034936274052597582340240478515625},{\"id\":\"23563\",\"image\":\"https:\\\/\\\/bobvarela.com\\\/wp-content\\\/flagallery\\\/custo-barcelona-en-el-080-barcelona-fashion-fallwinter-2016-2017\\\/webview\\\/custo_barcelona_018.jpg\",\"thumb\":\"https:\\\/\\\/bobvarela.com\\\/wp-content\\\/flagallery\\\/custo-barcelona-en-el-080-barcelona-fashion-fallwinter-2016-2017\\\/thumbs\\\/thumbs_custo_barcelona_018.jpg\",\"file\":\"custo_barcelona_018.jpg\",\"meta\":{\"aperture\":false,\"credit\":false,\"camera\":false,\"caption\":\"Ready to Wear Fall\\\/Winter 2016-2017\",\"created_timestamp\":\"February 3, 2016 8:58 pm\",\"copyright\":\"\\u00c2\\u00a9 2016 Estrop-Barcelona PHOTOGRAPH FOR EDITORIAL USE ONLY\",\"focal_length\":false,\"iso\":false,\"shutter_speed\":false,\"flash\":false,\"title\":\"Ready to Wear Fall\\\/Winter 2016-2017\",\"keywords\":\"Fall\\\/Winter 2016-2017,Ready to Wear\",\"width\":667,\"height\":1000,\"saved\":true,\"thumbnail\":{\"width\":220,\"height\":220,\"ewww_image_optimizer\":\"Reduced by 12.6% (4.8&nbsp;kB)\"},\"webview\":{\"0\":667,\"1\":1000,\"2\":2,\"3\":\"width=\\\"667\\\" height=\\\"1000\\\"\",\"bits\":8,\"channels\":3,\"mime\":\"image\\\/jpeg\",\"ewww_image_optimizer\":\"Reduced by 5.8% (7.2&nbsp;kB) - Previously Optimized\"},\"0\":false,\"ewww_image_optimizer\":\"Reduced by 5.3% (9.3&nbsp;kB)\",\"views\":\"0\",\"likes\":\"0\"},\"title\":\"Ready to Wear Fall\\\/Winter 2016-2017\",\"description\":\"<p>Ready to Wear Fall\\\/Winter 2016-2017<\\\/p>\",\"link\":null,\"link_target\":\"\",\"download\":\"https:\\\/\\\/bobvarela.com\\\/wp-content\\\/flagallery\\\/custo-barcelona-en-el-080-barcelona-fashion-fallwinter-2016-2017\\\/custo_barcelona_018.jpg\",\"ratio\":0.6670000000000000373034936274052597582340240478515625},{\"id\":\"23564\",\"image\":\"https:\\\/\\\/bobvarela.com\\\/wp-content\\\/flagallery\\\/custo-barcelona-en-el-080-barcelona-fashion-fallwinter-2016-2017\\\/webview\\\/custo_barcelona_019.jpg\",\"thumb\":\"https:\\\/\\\/bobvarela.com\\\/wp-content\\\/flagallery\\\/custo-barcelona-en-el-080-barcelona-fashion-fallwinter-2016-2017\\\/thumbs\\\/thumbs_custo_barcelona_019.jpg\",\"file\":\"custo_barcelona_019.jpg\",\"meta\":{\"aperture\":false,\"credit\":false,\"camera\":false,\"caption\":\"Ready to Wear Fall\\\/Winter 2016-2017\",\"created_timestamp\":\"February 3, 2016 8:58 pm\",\"copyright\":\"\\u00c2\\u00a9 2016 Estrop-Barcelona PHOTOGRAPH FOR EDITORIAL USE ONLY\",\"focal_length\":false,\"iso\":false,\"shutter_speed\":false,\"flash\":false,\"title\":\"Ready to Wear Fall\\\/Winter 2016-2017\",\"keywords\":\"Fall\\\/Winter 2016-2017,Ready to Wear\",\"width\":667,\"height\":1000,\"saved\":true,\"thumbnail\":{\"width\":220,\"height\":220,\"ewww_image_optimizer\":\"Reduced by 10.8% (3.6&nbsp;kB)\"},\"webview\":{\"0\":667,\"1\":1000,\"2\":2,\"3\":\"width=\\\"667\\\" height=\\\"1000\\\"\",\"bits\":8,\"channels\":3,\"mime\":\"image\\\/jpeg\",\"ewww_image_optimizer\":\"Reduced by 5.3% (5.8&nbsp;kB) - Previously Optimized\"},\"0\":false,\"ewww_image_optimizer\":\"Reduced by 4.4% (6.9&nbsp;kB)\",\"views\":\"2\",\"likes\":\"0\"},\"title\":\"Ready to Wear Fall\\\/Winter 2016-2017\",\"description\":\"<p>Ready to Wear Fall\\\/Winter 2016-2017<\\\/p>\",\"link\":null,\"link_target\":\"\",\"download\":\"https:\\\/\\\/bobvarela.com\\\/wp-content\\\/flagallery\\\/custo-barcelona-en-el-080-barcelona-fashion-fallwinter-2016-2017\\\/custo_barcelona_019.jpg\",\"ratio\":0.6670000000000000373034936274052597582340240478515625},{\"id\":\"23565\",\"image\":\"https:\\\/\\\/bobvarela.com\\\/wp-content\\\/flagallery\\\/custo-barcelona-en-el-080-barcelona-fashion-fallwinter-2016-2017\\\/webview\\\/custo_barcelona_020.jpg\",\"thumb\":\"https:\\\/\\\/bobvarela.com\\\/wp-content\\\/flagallery\\\/custo-barcelona-en-el-080-barcelona-fashion-fallwinter-2016-2017\\\/thumbs\\\/thumbs_custo_barcelona_020.jpg\",\"file\":\"custo_barcelona_020.jpg\",\"meta\":{\"aperture\":false,\"credit\":false,\"camera\":false,\"caption\":\"Ready to Wear Fall\\\/Winter 2016-2017\",\"created_timestamp\":\"February 3, 2016 8:58 pm\",\"copyright\":\"\\u00c2\\u00a9 2016 Estrop-Barcelona PHOTOGRAPH FOR EDITORIAL USE ONLY\",\"focal_length\":false,\"iso\":false,\"shutter_speed\":false,\"flash\":false,\"title\":\"Ready to Wear Fall\\\/Winter 2016-2017\",\"keywords\":\"Fall\\\/Winter 2016-2017,Ready to Wear\",\"width\":667,\"height\":1000,\"saved\":true,\"thumbnail\":{\"width\":220,\"height\":220,\"ewww_image_optimizer\":\"Reduced by 12.7% (5.6&nbsp;kB)\"},\"webview\":{\"0\":667,\"1\":1000,\"2\":2,\"3\":\"width=\\\"667\\\" height=\\\"1000\\\"\",\"bits\":8,\"channels\":3,\"mime\":\"image\\\/jpeg\",\"ewww_image_optimizer\":\"Reduced by 5.2% (7.2&nbsp;kB) - Previously Optimized\"},\"0\":false,\"ewww_image_optimizer\":\"Reduced by 4.5% (7.5&nbsp;kB)\",\"views\":\"1\",\"likes\":\"0\"},\"title\":\"Ready to Wear Fall\\\/Winter 2016-2017\",\"description\":\"<p>Ready to Wear Fall\\\/Winter 2016-2017<\\\/p>\",\"link\":null,\"link_target\":\"\",\"download\":\"https:\\\/\\\/bobvarela.com\\\/wp-content\\\/flagallery\\\/custo-barcelona-en-el-080-barcelona-fashion-fallwinter-2016-2017\\\/custo_barcelona_020.jpg\",\"ratio\":0.6670000000000000373034936274052597582340240478515625},{\"id\":\"23566\",\"image\":\"https:\\\/\\\/bobvarela.com\\\/wp-content\\\/flagallery\\\/custo-barcelona-en-el-080-barcelona-fashion-fallwinter-2016-2017\\\/webview\\\/custo_barcelona_021.jpg\",\"thumb\":\"https:\\\/\\\/bobvarela.com\\\/wp-content\\\/flagallery\\\/custo-barcelona-en-el-080-barcelona-fashion-fallwinter-2016-2017\\\/thumbs\\\/thumbs_custo_barcelona_021.jpg\",\"file\":\"custo_barcelona_021.jpg\",\"meta\":{\"aperture\":false,\"credit\":false,\"camera\":false,\"caption\":\"Ready to Wear Fall\\\/Winter 2016-2017\",\"created_timestamp\":\"February 3, 2016 8:58 pm\",\"copyright\":\"\\u00c2\\u00a9 2016 Estrop-Barcelona PHOTOGRAPH FOR EDITORIAL USE ONLY\",\"focal_length\":false,\"iso\":false,\"shutter_speed\":false,\"flash\":false,\"title\":\"Ready to Wear Fall\\\/Winter 2016-2017\",\"keywords\":\"Fall\\\/Winter 2016-2017,Ready to Wear\",\"width\":667,\"height\":1000,\"saved\":true,\"thumbnail\":{\"width\":220,\"height\":220,\"ewww_image_optimizer\":\"Reduced by 10.7% (5.5&nbsp;kB)\"},\"webview\":{\"0\":667,\"1\":1000,\"2\":2,\"3\":\"width=\\\"667\\\" height=\\\"1000\\\"\",\"bits\":8,\"channels\":3,\"mime\":\"image\\\/jpeg\",\"ewww_image_optimizer\":\"Reduced by 5.4% (9.6&nbsp;kB) - Previously Optimized\"},\"0\":false,\"ewww_image_optimizer\":\"Reduced by 4.6% (8.0&nbsp;kB)\",\"views\":\"2\",\"likes\":\"0\"},\"title\":\"Ready to Wear Fall\\\/Winter 2016-2017\",\"description\":\"<p>Ready to Wear Fall\\\/Winter 2016-2017<\\\/p>\",\"link\":null,\"link_target\":\"\",\"download\":\"https:\\\/\\\/bobvarela.com\\\/wp-content\\\/flagallery\\\/custo-barcelona-en-el-080-barcelona-fashion-fallwinter-2016-2017\\\/custo_barcelona_021.jpg\",\"ratio\":0.6670000000000000373034936274052597582340240478515625},{\"id\":\"23567\",\"image\":\"https:\\\/\\\/bobvarela.com\\\/wp-content\\\/flagallery\\\/custo-barcelona-en-el-080-barcelona-fashion-fallwinter-2016-2017\\\/webview\\\/custo_barcelona_022.jpg\",\"thumb\":\"https:\\\/\\\/bobvarela.com\\\/wp-content\\\/flagallery\\\/custo-barcelona-en-el-080-barcelona-fashion-fallwinter-2016-2017\\\/thumbs\\\/thumbs_custo_barcelona_022.jpg\",\"file\":\"custo_barcelona_022.jpg\",\"meta\":{\"aperture\":false,\"credit\":false,\"camera\":false,\"caption\":\"Ready to Wear Fall\\\/Winter 2016-2017\",\"created_timestamp\":\"February 3, 2016 8:58 pm\",\"copyright\":\"\\u00c2\\u00a9 2016 Estrop-Barcelona PHOTOGRAPH FOR EDITORIAL USE ONLY\",\"focal_length\":false,\"iso\":false,\"shutter_speed\":false,\"flash\":false,\"title\":\"Ready to Wear Fall\\\/Winter 2016-2017\",\"keywords\":\"Fall\\\/Winter 2016-2017,Ready to Wear\",\"width\":667,\"height\":1000,\"saved\":true,\"thumbnail\":{\"width\":220,\"height\":220,\"ewww_image_optimizer\":\"Reduced by 10.8% (3.6&nbsp;kB)\"},\"webview\":{\"0\":667,\"1\":1000,\"2\":2,\"3\":\"width=\\\"667\\\" height=\\\"1000\\\"\",\"bits\":8,\"channels\":3,\"mime\":\"image\\\/jpeg\",\"ewww_image_optimizer\":\"Reduced by 5.7% (6.6&nbsp;kB) - Previously Optimized\"},\"0\":false,\"ewww_image_optimizer\":\"Reduced by 4.3% (7.0&nbsp;kB)\",\"views\":\"1\",\"likes\":\"0\"},\"title\":\"Ready to Wear Fall\\\/Winter 2016-2017\",\"description\":\"<p>Ready to Wear Fall\\\/Winter 2016-2017<\\\/p>\",\"link\":null,\"link_target\":\"\",\"download\":\"https:\\\/\\\/bobvarela.com\\\/wp-content\\\/flagallery\\\/custo-barcelona-en-el-080-barcelona-fashion-fallwinter-2016-2017\\\/custo_barcelona_022.jpg\",\"ratio\":0.6670000000000000373034936274052597582340240478515625},{\"id\":\"23568\",\"image\":\"https:\\\/\\\/bobvarela.com\\\/wp-content\\\/flagallery\\\/custo-barcelona-en-el-080-barcelona-fashion-fallwinter-2016-2017\\\/webview\\\/custo_barcelona_023.jpg\",\"thumb\":\"https:\\\/\\\/bobvarela.com\\\/wp-content\\\/flagallery\\\/custo-barcelona-en-el-080-barcelona-fashion-fallwinter-2016-2017\\\/thumbs\\\/thumbs_custo_barcelona_023.jpg\",\"file\":\"custo_barcelona_023.jpg\",\"meta\":{\"aperture\":false,\"credit\":false,\"camera\":false,\"caption\":\"Ready to Wear Fall\\\/Winter 2016-2017\",\"created_timestamp\":\"February 3, 2016 8:58 pm\",\"copyright\":\"\\u00c2\\u00a9 2016 Estrop-Barcelona PHOTOGRAPH FOR EDITORIAL USE ONLY\",\"focal_length\":false,\"iso\":false,\"shutter_speed\":false,\"flash\":false,\"title\":\"Ready to Wear Fall\\\/Winter 2016-2017\",\"keywords\":\"Fall\\\/Winter 2016-2017,Ready to Wear\",\"width\":667,\"height\":1000,\"saved\":true,\"thumbnail\":{\"width\":220,\"height\":220,\"ewww_image_optimizer\":\"Reduced by 13.0% (5.7&nbsp;kB)\"},\"webview\":{\"0\":667,\"1\":1000,\"2\":2,\"3\":\"width=\\\"667\\\" height=\\\"1000\\\"\",\"bits\":8,\"channels\":3,\"mime\":\"image\\\/jpeg\",\"ewww_image_optimizer\":\"Reduced by 5.6% (7.8&nbsp;kB) - Previously Optimized\"},\"0\":false,\"ewww_image_optimizer\":\"Reduced by 5.1% (8.6&nbsp;kB)\",\"views\":\"1\",\"likes\":\"0\"},\"title\":\"Ready to Wear Fall\\\/Winter 2016-2017\",\"description\":\"<p>Ready to Wear Fall\\\/Winter 2016-2017<\\\/p>\",\"link\":null,\"link_target\":\"\",\"download\":\"https:\\\/\\\/bobvarela.com\\\/wp-content\\\/flagallery\\\/custo-barcelona-en-el-080-barcelona-fashion-fallwinter-2016-2017\\\/custo_barcelona_023.jpg\",\"ratio\":0.6670000000000000373034936274052597582340240478515625},{\"id\":\"23569\",\"image\":\"https:\\\/\\\/bobvarela.com\\\/wp-content\\\/flagallery\\\/custo-barcelona-en-el-080-barcelona-fashion-fallwinter-2016-2017\\\/webview\\\/custo_barcelona_024.jpg\",\"thumb\":\"https:\\\/\\\/bobvarela.com\\\/wp-content\\\/flagallery\\\/custo-barcelona-en-el-080-barcelona-fashion-fallwinter-2016-2017\\\/thumbs\\\/thumbs_custo_barcelona_024.jpg\",\"file\":\"custo_barcelona_024.jpg\",\"meta\":{\"aperture\":false,\"credit\":false,\"camera\":false,\"caption\":\"Ready to Wear Fall\\\/Winter 2016-2017\",\"created_timestamp\":\"February 3, 2016 8:58 pm\",\"copyright\":\"\\u00c2\\u00a9 2016 Estrop-Barcelona PHOTOGRAPH FOR EDITORIAL USE ONLY\",\"focal_length\":false,\"iso\":false,\"shutter_speed\":false,\"flash\":false,\"title\":\"Ready to Wear Fall\\\/Winter 2016-2017\",\"keywords\":\"Fall\\\/Winter 2016-2017,Ready to Wear\",\"width\":667,\"height\":1000,\"saved\":true,\"thumbnail\":{\"width\":220,\"height\":220,\"ewww_image_optimizer\":\"Reduced by 11.4% (3.8&nbsp;kB)\"},\"webview\":{\"0\":667,\"1\":1000,\"2\":2,\"3\":\"width=\\\"667\\\" height=\\\"1000\\\"\",\"bits\":8,\"channels\":3,\"mime\":\"image\\\/jpeg\",\"ewww_image_optimizer\":\"Reduced by 5.4% (5.8&nbsp;kB) - Previously Optimized\"},\"0\":false,\"ewww_image_optimizer\":\"Reduced by 4.3% (6.7&nbsp;kB)\",\"views\":\"1\",\"likes\":\"0\"},\"title\":\"Ready to Wear Fall\\\/Winter 2016-2017\",\"description\":\"<p>Ready to Wear Fall\\\/Winter 2016-2017<\\\/p>\",\"link\":null,\"link_target\":\"\",\"download\":\"https:\\\/\\\/bobvarela.com\\\/wp-content\\\/flagallery\\\/custo-barcelona-en-el-080-barcelona-fashion-fallwinter-2016-2017\\\/custo_barcelona_024.jpg\",\"ratio\":0.6670000000000000373034936274052597582340240478515625},{\"id\":\"23570\",\"image\":\"https:\\\/\\\/bobvarela.com\\\/wp-content\\\/flagallery\\\/custo-barcelona-en-el-080-barcelona-fashion-fallwinter-2016-2017\\\/webview\\\/custo_barcelona_025.jpg\",\"thumb\":\"https:\\\/\\\/bobvarela.com\\\/wp-content\\\/flagallery\\\/custo-barcelona-en-el-080-barcelona-fashion-fallwinter-2016-2017\\\/thumbs\\\/thumbs_custo_barcelona_025.jpg\",\"file\":\"custo_barcelona_025.jpg\",\"meta\":{\"aperture\":false,\"credit\":false,\"camera\":false,\"caption\":\"Ready to Wear Fall\\\/Winter 2016-2017\",\"created_timestamp\":\"February 3, 2016 8:58 pm\",\"copyright\":\"\\u00c2\\u00a9 2016 Estrop-Barcelona PHOTOGRAPH FOR EDITORIAL USE ONLY\",\"focal_length\":false,\"iso\":false,\"shutter_speed\":false,\"flash\":false,\"title\":\"Ready to Wear Fall\\\/Winter 2016-2017\",\"keywords\":\"Fall\\\/Winter 2016-2017,Ready to Wear\",\"width\":667,\"height\":1000,\"saved\":true,\"thumbnail\":{\"width\":220,\"height\":220,\"ewww_image_optimizer\":\"Reduced by 13.8% (5.8&nbsp;kB)\"},\"webview\":{\"0\":667,\"1\":1000,\"2\":2,\"3\":\"width=\\\"667\\\" height=\\\"1000\\\"\",\"bits\":8,\"channels\":3,\"mime\":\"image\\\/jpeg\",\"ewww_image_optimizer\":\"Reduced by 5.5% (7.4&nbsp;kB) - Previously Optimized\"},\"0\":false,\"ewww_image_optimizer\":\"Reduced by 6.1% (10.4&nbsp;kB)\",\"views\":\"1\",\"likes\":\"0\"},\"title\":\"Ready to Wear Fall\\\/Winter 2016-2017\",\"description\":\"<p>Ready to Wear Fall\\\/Winter 2016-2017<\\\/p>\",\"link\":null,\"link_target\":\"\",\"download\":\"https:\\\/\\\/bobvarela.com\\\/wp-content\\\/flagallery\\\/custo-barcelona-en-el-080-barcelona-fashion-fallwinter-2016-2017\\\/custo_barcelona_025.jpg\",\"ratio\":0.6670000000000000373034936274052597582340240478515625},{\"id\":\"23571\",\"image\":\"https:\\\/\\\/bobvarela.com\\\/wp-content\\\/flagallery\\\/custo-barcelona-en-el-080-barcelona-fashion-fallwinter-2016-2017\\\/webview\\\/custo_barcelona_026.jpg\",\"thumb\":\"https:\\\/\\\/bobvarela.com\\\/wp-content\\\/flagallery\\\/custo-barcelona-en-el-080-barcelona-fashion-fallwinter-2016-2017\\\/thumbs\\\/thumbs_custo_barcelona_026.jpg\",\"file\":\"custo_barcelona_026.jpg\",\"meta\":{\"aperture\":false,\"credit\":false,\"camera\":false,\"caption\":\"Ready to Wear Fall\\\/Winter 2016-2017\",\"created_timestamp\":\"February 3, 2016 8:58 pm\",\"copyright\":\"\\u00c2\\u00a9 2016 Estrop-Barcelona PHOTOGRAPH FOR EDITORIAL USE ONLY\",\"focal_length\":false,\"iso\":false,\"shutter_speed\":false,\"flash\":false,\"title\":\"Ready to Wear Fall\\\/Winter 2016-2017\",\"keywords\":\"Fall\\\/Winter 2016-2017,Ready to Wear\",\"width\":667,\"height\":1000,\"saved\":true,\"thumbnail\":{\"width\":220,\"height\":220,\"ewww_image_optimizer\":\"Reduced by 14.6% (8.4&nbsp;kB)\"},\"webview\":{\"0\":667,\"1\":1000,\"2\":2,\"3\":\"width=\\\"667\\\" height=\\\"1000\\\"\",\"bits\":8,\"channels\":3,\"mime\":\"image\\\/jpeg\",\"ewww_image_optimizer\":\"Reduced by 10.4% (20.7&nbsp;kB) - Previously Optimized\"},\"0\":false,\"ewww_image_optimizer\":\"Reduced by 9.2% (17.0&nbsp;kB)\",\"views\":\"1\",\"likes\":\"0\"},\"title\":\"Ready to Wear Fall\\\/Winter 2016-2017\",\"description\":\"<p>Ready to Wear Fall\\\/Winter 2016-2017<\\\/p>\",\"link\":null,\"link_target\":\"\",\"download\":\"https:\\\/\\\/bobvarela.com\\\/wp-content\\\/flagallery\\\/custo-barcelona-en-el-080-barcelona-fashion-fallwinter-2016-2017\\\/custo_barcelona_026.jpg\",\"ratio\":0.6670000000000000373034936274052597582340240478515625},{\"id\":\"23572\",\"image\":\"https:\\\/\\\/bobvarela.com\\\/wp-content\\\/flagallery\\\/custo-barcelona-en-el-080-barcelona-fashion-fallwinter-2016-2017\\\/webview\\\/custo_barcelona_027.jpg\",\"thumb\":\"https:\\\/\\\/bobvarela.com\\\/wp-content\\\/flagallery\\\/custo-barcelona-en-el-080-barcelona-fashion-fallwinter-2016-2017\\\/thumbs\\\/thumbs_custo_barcelona_027.jpg\",\"file\":\"custo_barcelona_027.jpg\",\"meta\":{\"aperture\":false,\"credit\":false,\"camera\":false,\"caption\":\"Ready to Wear Fall\\\/Winter 2016-2017\",\"created_timestamp\":\"February 3, 2016 8:59 pm\",\"copyright\":\"\\u00c2\\u00a9 2016 Estrop-Barcelona PHOTOGRAPH FOR EDITORIAL USE ONLY\",\"focal_length\":false,\"iso\":false,\"shutter_speed\":false,\"flash\":false,\"title\":\"Ready to Wear Fall\\\/Winter 2016-2017\",\"keywords\":\"Fall\\\/Winter 2016-2017,Ready to Wear\",\"width\":667,\"height\":1000,\"saved\":true,\"thumbnail\":{\"width\":220,\"height\":220,\"ewww_image_optimizer\":\"Reduced by 12.3% (4.2&nbsp;kB)\"},\"webview\":{\"0\":667,\"1\":1000,\"2\":2,\"3\":\"width=\\\"667\\\" height=\\\"1000\\\"\",\"bits\":8,\"channels\":3,\"mime\":\"image\\\/jpeg\",\"ewww_image_optimizer\":\"Reduced by 6.4% (8.0&nbsp;kB) - Previously Optimized\"},\"0\":false,\"ewww_image_optimizer\":\"Reduced by 5.4% (10.2&nbsp;kB)\",\"views\":\"1\",\"likes\":\"0\"},\"title\":\"Ready to Wear Fall\\\/Winter 2016-2017\",\"description\":\"<p>Ready to Wear Fall\\\/Winter 2016-2017<\\\/p>\",\"link\":null,\"link_target\":\"\",\"download\":\"https:\\\/\\\/bobvarela.com\\\/wp-content\\\/flagallery\\\/custo-barcelona-en-el-080-barcelona-fashion-fallwinter-2016-2017\\\/custo_barcelona_027.jpg\",\"ratio\":0.6670000000000000373034936274052597582340240478515625},{\"id\":\"23573\",\"image\":\"https:\\\/\\\/bobvarela.com\\\/wp-content\\\/flagallery\\\/custo-barcelona-en-el-080-barcelona-fashion-fallwinter-2016-2017\\\/webview\\\/custo_barcelona_028.jpg\",\"thumb\":\"https:\\\/\\\/bobvarela.com\\\/wp-content\\\/flagallery\\\/custo-barcelona-en-el-080-barcelona-fashion-fallwinter-2016-2017\\\/thumbs\\\/thumbs_custo_barcelona_028.jpg\",\"file\":\"custo_barcelona_028.jpg\",\"meta\":{\"aperture\":false,\"credit\":false,\"camera\":false,\"caption\":\"Ready to Wear Fall\\\/Winter 2016-2017\",\"created_timestamp\":\"February 3, 2016 8:59 pm\",\"copyright\":\"\\u00c2\\u00a9 2016 Estrop-Barcelona PHOTOGRAPH FOR EDITORIAL USE ONLY\",\"focal_length\":false,\"iso\":false,\"shutter_speed\":false,\"flash\":false,\"title\":\"Ready to Wear Fall\\\/Winter 2016-2017\",\"keywords\":\"Fall\\\/Winter 2016-2017,Ready to Wear\",\"width\":667,\"height\":1000,\"saved\":true,\"thumbnail\":{\"width\":220,\"height\":220,\"ewww_image_optimizer\":\"Reduced by 12.9% (5.9&nbsp;kB)\"},\"webview\":{\"0\":667,\"1\":1000,\"2\":2,\"3\":\"width=\\\"667\\\" height=\\\"1000\\\"\",\"bits\":8,\"channels\":3,\"mime\":\"image\\\/jpeg\",\"ewww_image_optimizer\":\"Reduced by 6.6% (11.4&nbsp;kB) - Previously Optimized\"},\"0\":false,\"ewww_image_optimizer\":\"Reduced by 5.5% (9.8&nbsp;kB)\",\"views\":\"0\",\"likes\":\"0\"},\"title\":\"Ready to Wear Fall\\\/Winter 2016-2017\",\"description\":\"<p>Ready to Wear Fall\\\/Winter 2016-2017<\\\/p>\",\"link\":null,\"link_target\":\"\",\"download\":\"https:\\\/\\\/bobvarela.com\\\/wp-content\\\/flagallery\\\/custo-barcelona-en-el-080-barcelona-fashion-fallwinter-2016-2017\\\/custo_barcelona_028.jpg\",\"ratio\":0.6670000000000000373034936274052597582340240478515625},{\"id\":\"23574\",\"image\":\"https:\\\/\\\/bobvarela.com\\\/wp-content\\\/flagallery\\\/custo-barcelona-en-el-080-barcelona-fashion-fallwinter-2016-2017\\\/webview\\\/custo_barcelona_029.jpg\",\"thumb\":\"https:\\\/\\\/bobvarela.com\\\/wp-content\\\/flagallery\\\/custo-barcelona-en-el-080-barcelona-fashion-fallwinter-2016-2017\\\/thumbs\\\/thumbs_custo_barcelona_029.jpg\",\"file\":\"custo_barcelona_029.jpg\",\"meta\":{\"aperture\":false,\"credit\":false,\"camera\":false,\"caption\":\"Ready to Wear Fall\\\/Winter 2016-2017\",\"created_timestamp\":\"February 3, 2016 8:58 pm\",\"copyright\":\"\\u00c2\\u00a9 2016 Estrop-Barcelona PHOTOGRAPH FOR EDITORIAL USE ONLY\",\"focal_length\":false,\"iso\":false,\"shutter_speed\":false,\"flash\":false,\"title\":\"Ready to Wear Fall\\\/Winter 2016-2017\",\"keywords\":\"Fall\\\/Winter 2016-2017,Ready to Wear\",\"width\":667,\"height\":1000,\"saved\":true,\"thumbnail\":{\"width\":220,\"height\":220,\"ewww_image_optimizer\":\"Reduced by 14.9% (9.3&nbsp;kB)\"},\"webview\":{\"0\":667,\"1\":1000,\"2\":2,\"3\":\"width=\\\"667\\\" height=\\\"1000\\\"\",\"bits\":8,\"channels\":3,\"mime\":\"image\\\/jpeg\",\"ewww_image_optimizer\":\"Reduced by 8.9% (15.5&nbsp;kB)\"},\"0\":false,\"ewww_image_optimizer\":\"Reduced by 8.9% (15.5&nbsp;kB)\",\"views\":\"0\",\"likes\":\"0\"},\"title\":\"Ready to Wear Fall\\\/Winter 2016-2017\",\"description\":\"<p>Ready to Wear Fall\\\/Winter 2016-2017<\\\/p>\",\"link\":null,\"link_target\":\"\",\"download\":\"https:\\\/\\\/bobvarela.com\\\/wp-content\\\/flagallery\\\/custo-barcelona-en-el-080-barcelona-fashion-fallwinter-2016-2017\\\/custo_barcelona_029.jpg\",\"ratio\":0.6670000000000000373034936274052597582340240478515625},{\"id\":\"23575\",\"image\":\"https:\\\/\\\/bobvarela.com\\\/wp-content\\\/flagallery\\\/custo-barcelona-en-el-080-barcelona-fashion-fallwinter-2016-2017\\\/webview\\\/custo_barcelona_030.jpg\",\"thumb\":\"https:\\\/\\\/bobvarela.com\\\/wp-content\\\/flagallery\\\/custo-barcelona-en-el-080-barcelona-fashion-fallwinter-2016-2017\\\/thumbs\\\/thumbs_custo_barcelona_030.jpg\",\"file\":\"custo_barcelona_030.jpg\",\"meta\":{\"aperture\":false,\"credit\":false,\"camera\":false,\"caption\":\"Ready to Wear Fall\\\/Winter 2016-2017\",\"created_timestamp\":\"February 3, 2016 8:58 pm\",\"copyright\":\"\\u00c2\\u00a9 2016 Estrop-Barcelona PHOTOGRAPH FOR EDITORIAL USE ONLY\",\"focal_length\":false,\"iso\":false,\"shutter_speed\":false,\"flash\":false,\"title\":\"Ready to Wear Fall\\\/Winter 2016-2017\",\"keywords\":\"Fall\\\/Winter 2016-2017,Ready to Wear\",\"width\":667,\"height\":1000,\"saved\":true,\"thumbnail\":{\"width\":220,\"height\":220,\"ewww_image_optimizer\":\"Reduced by 8.7% (2.9&nbsp;kB)\"},\"webview\":{\"0\":667,\"1\":1000,\"2\":2,\"3\":\"width=\\\"667\\\" height=\\\"1000\\\"\",\"bits\":8,\"channels\":3,\"mime\":\"image\\\/jpeg\",\"ewww_image_optimizer\":\"Reduced by 6.2% (6.8&nbsp;kB) - Previously Optimized\"},\"0\":false,\"ewww_image_optimizer\":\"Reduced by 4.1% (6.3&nbsp;kB)\",\"views\":\"0\",\"likes\":\"0\"},\"title\":\"Ready to Wear Fall\\\/Winter 2016-2017\",\"description\":\"<p>Ready to Wear Fall\\\/Winter 2016-2017<\\\/p>\",\"link\":null,\"link_target\":\"\",\"download\":\"https:\\\/\\\/bobvarela.com\\\/wp-content\\\/flagallery\\\/custo-barcelona-en-el-080-barcelona-fashion-fallwinter-2016-2017\\\/custo_barcelona_030.jpg\",\"ratio\":0.6670000000000000373034936274052597582340240478515625},{\"id\":\"23576\",\"image\":\"https:\\\/\\\/bobvarela.com\\\/wp-content\\\/flagallery\\\/custo-barcelona-en-el-080-barcelona-fashion-fallwinter-2016-2017\\\/webview\\\/custo_barcelona_031.jpg\",\"thumb\":\"https:\\\/\\\/bobvarela.com\\\/wp-content\\\/flagallery\\\/custo-barcelona-en-el-080-barcelona-fashion-fallwinter-2016-2017\\\/thumbs\\\/thumbs_custo_barcelona_031.jpg\",\"file\":\"custo_barcelona_031.jpg\",\"meta\":{\"aperture\":false,\"credit\":false,\"camera\":false,\"caption\":\"Ready to Wear Fall\\\/Winter 2016-2017\",\"created_timestamp\":\"February 3, 2016 8:59 pm\",\"copyright\":\"\\u00c2\\u00a9 2016 Estrop-Barcelona PHOTOGRAPH FOR EDITORIAL USE ONLY\",\"focal_length\":false,\"iso\":false,\"shutter_speed\":false,\"flash\":false,\"title\":\"Ready to Wear Fall\\\/Winter 2016-2017\",\"keywords\":\"Fall\\\/Winter 2016-2017,Ready to Wear\",\"width\":667,\"height\":1000,\"saved\":true,\"thumbnail\":{\"width\":220,\"height\":220,\"ewww_image_optimizer\":\"Reduced by 11.7% (3.7&nbsp;kB)\"},\"webview\":{\"0\":667,\"1\":1000,\"2\":2,\"3\":\"width=\\\"667\\\" height=\\\"1000\\\"\",\"bits\":8,\"channels\":3,\"mime\":\"image\\\/jpeg\",\"ewww_image_optimizer\":\"Reduced by 5.8% (6.4&nbsp;kB) - Previously Optimized\"},\"0\":false,\"ewww_image_optimizer\":\"Reduced by 4.9% (7.9&nbsp;kB)\",\"views\":\"0\",\"likes\":\"0\"},\"title\":\"Ready to Wear Fall\\\/Winter 2016-2017\",\"description\":\"<p>Ready to Wear Fall\\\/Winter 2016-2017<\\\/p>\",\"link\":null,\"link_target\":\"\",\"download\":\"https:\\\/\\\/bobvarela.com\\\/wp-content\\\/flagallery\\\/custo-barcelona-en-el-080-barcelona-fashion-fallwinter-2016-2017\\\/custo_barcelona_031.jpg\",\"ratio\":0.6670000000000000373034936274052597582340240478515625},{\"id\":\"23577\",\"image\":\"https:\\\/\\\/bobvarela.com\\\/wp-content\\\/flagallery\\\/custo-barcelona-en-el-080-barcelona-fashion-fallwinter-2016-2017\\\/webview\\\/custo_barcelona_032.jpg\",\"thumb\":\"https:\\\/\\\/bobvarela.com\\\/wp-content\\\/flagallery\\\/custo-barcelona-en-el-080-barcelona-fashion-fallwinter-2016-2017\\\/thumbs\\\/thumbs_custo_barcelona_032.jpg\",\"file\":\"custo_barcelona_032.jpg\",\"meta\":{\"aperture\":false,\"credit\":false,\"camera\":false,\"caption\":\"Ready to Wear Fall\\\/Winter 2016-2017\",\"created_timestamp\":\"February 3, 2016 8:59 pm\",\"copyright\":\"\\u00c2\\u00a9 2016 Estrop-Barcelona PHOTOGRAPH FOR EDITORIAL USE ONLY\",\"focal_length\":false,\"iso\":false,\"shutter_speed\":false,\"flash\":false,\"title\":\"Ready to Wear Fall\\\/Winter 2016-2017\",\"keywords\":\"Fall\\\/Winter 2016-2017,Ready to Wear\",\"width\":667,\"height\":1000,\"saved\":true,\"thumbnail\":{\"width\":220,\"height\":220,\"ewww_image_optimizer\":\"Reduced by 14.7% (6.1&nbsp;kB)\"},\"webview\":{\"0\":667,\"1\":1000,\"2\":2,\"3\":\"width=\\\"667\\\" height=\\\"1000\\\"\",\"bits\":8,\"channels\":3,\"mime\":\"image\\\/jpeg\",\"ewww_image_optimizer\":\"Reduced by 6.6% (10.2&nbsp;kB) - Previously Optimized\"},\"0\":false,\"ewww_image_optimizer\":\"Reduced by 7.2% (11.8&nbsp;kB)\",\"views\":\"2\",\"likes\":\"0\"},\"title\":\"Ready to Wear Fall\\\/Winter 2016-2017\",\"description\":\"<p>Ready to Wear Fall\\\/Winter 2016-2017<\\\/p>\",\"link\":null,\"link_target\":\"\",\"download\":\"https:\\\/\\\/bobvarela.com\\\/wp-content\\\/flagallery\\\/custo-barcelona-en-el-080-barcelona-fashion-fallwinter-2016-2017\\\/custo_barcelona_032.jpg\",\"ratio\":0.6670000000000000373034936274052597582340240478515625},{\"id\":\"23578\",\"image\":\"https:\\\/\\\/bobvarela.com\\\/wp-content\\\/flagallery\\\/custo-barcelona-en-el-080-barcelona-fashion-fallwinter-2016-2017\\\/webview\\\/custo_barcelona_033.jpg\",\"thumb\":\"https:\\\/\\\/bobvarela.com\\\/wp-content\\\/flagallery\\\/custo-barcelona-en-el-080-barcelona-fashion-fallwinter-2016-2017\\\/thumbs\\\/thumbs_custo_barcelona_033.jpg\",\"file\":\"custo_barcelona_033.jpg\",\"meta\":{\"aperture\":false,\"credit\":false,\"camera\":false,\"caption\":\"Ready to Wear Fall\\\/Winter 2016-2017\",\"created_timestamp\":\"February 3, 2016 8:59 pm\",\"copyright\":\"\\u00c2\\u00a9 2016 Estrop-Barcelona PHOTOGRAPH FOR EDITORIAL USE ONLY\",\"focal_length\":false,\"iso\":false,\"shutter_speed\":false,\"flash\":false,\"title\":\"Ready to Wear Fall\\\/Winter 2016-2017\",\"keywords\":\"Fall\\\/Winter 2016-2017,Ready to Wear\",\"width\":1000,\"height\":667,\"saved\":true,\"thumbnail\":{\"width\":220,\"height\":220,\"ewww_image_optimizer\":\"Reduced by 13.6% (7.9&nbsp;kB)\"},\"webview\":{\"0\":1000,\"1\":667,\"2\":2,\"3\":\"width=\\\"1000\\\" height=\\\"667\\\"\",\"bits\":8,\"channels\":3,\"mime\":\"image\\\/jpeg\",\"ewww_image_optimizer\":\"Reduced by 10.5% (19.8&nbsp;kB) - Previously Optimized\"},\"0\":false,\"ewww_image_optimizer\":\"Reduced by 7.7% (13.2&nbsp;kB)\",\"views\":\"1\",\"likes\":\"0\"},\"title\":\"Ready to Wear Fall\\\/Winter 2016-2017\",\"description\":\"<p>Ready to Wear Fall\\\/Winter 2016-2017<\\\/p>\",\"link\":null,\"link_target\":\"\",\"download\":\"https:\\\/\\\/bobvarela.com\\\/wp-content\\\/flagallery\\\/custo-barcelona-en-el-080-barcelona-fashion-fallwinter-2016-2017\\\/custo_barcelona_033.jpg\",\"ratio\":1.4992503748125936002821845249854959547519683837890625},{\"id\":\"23579\",\"image\":\"https:\\\/\\\/bobvarela.com\\\/wp-content\\\/flagallery\\\/custo-barcelona-en-el-080-barcelona-fashion-fallwinter-2016-2017\\\/webview\\\/custo_barcelona_034.jpg\",\"thumb\":\"https:\\\/\\\/bobvarela.com\\\/wp-content\\\/flagallery\\\/custo-barcelona-en-el-080-barcelona-fashion-fallwinter-2016-2017\\\/thumbs\\\/thumbs_custo_barcelona_034.jpg\",\"file\":\"custo_barcelona_034.jpg\",\"meta\":{\"aperture\":false,\"credit\":false,\"camera\":false,\"caption\":\"Ready to Wear Fall\\\/Winter 2016-2017\",\"created_timestamp\":\"February 3, 2016 8:59 pm\",\"copyright\":\"\\u00c2\\u00a9 2016 Estrop-Barcelona PHOTOGRAPH FOR EDITORIAL USE ONLY\",\"focal_length\":false,\"iso\":false,\"shutter_speed\":false,\"flash\":false,\"title\":\"Ready to Wear Fall\\\/Winter 2016-2017\",\"keywords\":\"Fall\\\/Winter 2016-2017,Ready to Wear\",\"width\":667,\"height\":1000,\"saved\":true,\"thumbnail\":{\"width\":220,\"height\":220,\"ewww_image_optimizer\":\"Reduced by 10.7% (3.4&nbsp;kB)\"},\"webview\":{\"0\":667,\"1\":1000,\"2\":2,\"3\":\"width=\\\"667\\\" height=\\\"1000\\\"\",\"bits\":8,\"channels\":3,\"mime\":\"image\\\/jpeg\",\"ewww_image_optimizer\":\"Reduced by 5.6% (6.4&nbsp;kB) - Previously Optimized\"},\"0\":false,\"ewww_image_optimizer\":\"Reduced by 5.1% (8.5&nbsp;kB)\",\"views\":\"1\",\"likes\":\"0\"},\"title\":\"Ready to Wear Fall\\\/Winter 2016-2017\",\"description\":\"<p>Ready to Wear Fall\\\/Winter 2016-2017<\\\/p>\",\"link\":null,\"link_target\":\"\",\"download\":\"https:\\\/\\\/bobvarela.com\\\/wp-content\\\/flagallery\\\/custo-barcelona-en-el-080-barcelona-fashion-fallwinter-2016-2017\\\/custo_barcelona_034.jpg\",\"ratio\":0.6670000000000000373034936274052597582340240478515625},{\"id\":\"23580\",\"image\":\"https:\\\/\\\/bobvarela.com\\\/wp-content\\\/flagallery\\\/custo-barcelona-en-el-080-barcelona-fashion-fallwinter-2016-2017\\\/webview\\\/custo_barcelona_035.jpg\",\"thumb\":\"https:\\\/\\\/bobvarela.com\\\/wp-content\\\/flagallery\\\/custo-barcelona-en-el-080-barcelona-fashion-fallwinter-2016-2017\\\/thumbs\\\/thumbs_custo_barcelona_035.jpg\",\"file\":\"custo_barcelona_035.jpg\",\"meta\":{\"aperture\":false,\"credit\":false,\"camera\":false,\"caption\":\"Ready to Wear Fall\\\/Winter 2016-2017\",\"created_timestamp\":\"February 3, 2016 8:59 pm\",\"copyright\":\"\\u00c2\\u00a9 2016 Estrop-Barcelona PHOTOGRAPH FOR EDITORIAL USE ONLY\",\"focal_length\":false,\"iso\":false,\"shutter_speed\":false,\"flash\":false,\"title\":\"Ready to Wear Fall\\\/Winter 2016-2017\",\"keywords\":\"Fall\\\/Winter 2016-2017,Ready to Wear\",\"width\":667,\"height\":1000,\"saved\":true,\"thumbnail\":{\"width\":220,\"height\":220,\"ewww_image_optimizer\":\"Reduced by 12.4% (5.1&nbsp;kB)\"},\"webview\":{\"0\":667,\"1\":1000,\"2\":2,\"3\":\"width=\\\"667\\\" height=\\\"1000\\\"\",\"bits\":8,\"channels\":3,\"mime\":\"image\\\/jpeg\",\"ewww_image_optimizer\":\"Reduced by 5.8% (8.3&nbsp;kB) - Previously Optimized\"},\"0\":false,\"ewww_image_optimizer\":\"Reduced by 6.1% (10.7&nbsp;kB)\",\"views\":\"0\",\"likes\":\"0\"},\"title\":\"Ready to Wear Fall\\\/Winter 2016-2017\",\"description\":\"<p>Ready to Wear Fall\\\/Winter 2016-2017<\\\/p>\",\"link\":null,\"link_target\":\"\",\"download\":\"https:\\\/\\\/bobvarela.com\\\/wp-content\\\/flagallery\\\/custo-barcelona-en-el-080-barcelona-fashion-fallwinter-2016-2017\\\/custo_barcelona_035.jpg\",\"ratio\":0.6670000000000000373034936274052597582340240478515625},{\"id\":\"23581\",\"image\":\"https:\\\/\\\/bobvarela.com\\\/wp-content\\\/flagallery\\\/custo-barcelona-en-el-080-barcelona-fashion-fallwinter-2016-2017\\\/webview\\\/custo_barcelona_036.jpg\",\"thumb\":\"https:\\\/\\\/bobvarela.com\\\/wp-content\\\/flagallery\\\/custo-barcelona-en-el-080-barcelona-fashion-fallwinter-2016-2017\\\/thumbs\\\/thumbs_custo_barcelona_036.jpg\",\"file\":\"custo_barcelona_036.jpg\",\"meta\":{\"aperture\":false,\"credit\":false,\"camera\":false,\"caption\":\"Ready to Wear Fall\\\/Winter 2016-2017\",\"created_timestamp\":\"February 3, 2016 9:12 pm\",\"copyright\":\"\\u00c2\\u00a9 2016 Estrop-Barcelona PHOTOGRAPH FOR EDITORIAL USE ONLY\",\"focal_length\":false,\"iso\":false,\"shutter_speed\":false,\"flash\":false,\"title\":\"Ready to Wear Fall\\\/Winter 2016-2017\",\"keywords\":\"Fall\\\/Winter 2016-2017,Ready to Wear\",\"width\":667,\"height\":1000,\"saved\":true,\"thumbnail\":{\"width\":220,\"height\":220,\"ewww_image_optimizer\":\"Reduced by 12.7% (5.9&nbsp;kB)\"},\"webview\":{\"0\":667,\"1\":1000,\"2\":2,\"3\":\"width=\\\"667\\\" height=\\\"1000\\\"\",\"bits\":8,\"channels\":3,\"mime\":\"image\\\/jpeg\",\"ewww_image_optimizer\":\"Reduced by 4.9% (6.8&nbsp;kB) - Previously Optimized\"},\"0\":false,\"ewww_image_optimizer\":\"Reduced by 6.1% (11.2&nbsp;kB)\",\"views\":\"0\",\"likes\":\"0\"},\"title\":\"Ready to Wear Fall\\\/Winter 2016-2017\",\"description\":\"<p>Ready to Wear Fall\\\/Winter 2016-2017<\\\/p>\",\"link\":null,\"link_target\":\"\",\"download\":\"https:\\\/\\\/bobvarela.com\\\/wp-content\\\/flagallery\\\/custo-barcelona-en-el-080-barcelona-fashion-fallwinter-2016-2017\\\/custo_barcelona_036.jpg\",\"ratio\":0.6670000000000000373034936274052597582340240478515625},{\"id\":\"23582\",\"image\":\"https:\\\/\\\/bobvarela.com\\\/wp-content\\\/flagallery\\\/custo-barcelona-en-el-080-barcelona-fashion-fallwinter-2016-2017\\\/webview\\\/custo_barcelona_037.jpg\",\"thumb\":\"https:\\\/\\\/bobvarela.com\\\/wp-content\\\/flagallery\\\/custo-barcelona-en-el-080-barcelona-fashion-fallwinter-2016-2017\\\/thumbs\\\/thumbs_custo_barcelona_037.jpg\",\"file\":\"custo_barcelona_037.jpg\",\"meta\":{\"aperture\":false,\"credit\":false,\"camera\":false,\"caption\":\"Ready to Wear Fall\\\/Winter 2016-2017\",\"created_timestamp\":\"February 3, 2016 8:59 pm\",\"copyright\":\"\\u00c2\\u00a9 2016 Estrop-Barcelona PHOTOGRAPH FOR EDITORIAL USE ONLY\",\"focal_length\":false,\"iso\":false,\"shutter_speed\":false,\"flash\":false,\"title\":\"Ready to Wear Fall\\\/Winter 2016-2017\",\"keywords\":\"Fall\\\/Winter 2016-2017,Ready to Wear\",\"width\":667,\"height\":1000,\"saved\":true,\"thumbnail\":{\"width\":220,\"height\":220,\"ewww_image_optimizer\":\"Reduced by 9.2% (2.6&nbsp;kB)\"},\"webview\":{\"0\":667,\"1\":1000,\"2\":2,\"3\":\"width=\\\"667\\\" height=\\\"1000\\\"\",\"bits\":8,\"channels\":3,\"mime\":\"image\\\/jpeg\",\"ewww_image_optimizer\":\"Reduced by 4.7% (4.4&nbsp;kB) - Previously Optimized\"},\"0\":false,\"ewww_image_optimizer\":\"Reduced by 5.2% (9.3&nbsp;kB)\",\"views\":\"0\",\"likes\":\"0\"},\"title\":\"Ready to Wear Fall\\\/Winter 2016-2017\",\"description\":\"<p>Ready to Wear Fall\\\/Winter 2016-2017<\\\/p>\",\"link\":null,\"link_target\":\"\",\"download\":\"https:\\\/\\\/bobvarela.com\\\/wp-content\\\/flagallery\\\/custo-barcelona-en-el-080-barcelona-fashion-fallwinter-2016-2017\\\/custo_barcelona_037.jpg\",\"ratio\":0.6670000000000000373034936274052597582340240478515625},{\"id\":\"23583\",\"image\":\"https:\\\/\\\/bobvarela.com\\\/wp-content\\\/flagallery\\\/custo-barcelona-en-el-080-barcelona-fashion-fallwinter-2016-2017\\\/webview\\\/custo_barcelona_038.jpg\",\"thumb\":\"https:\\\/\\\/bobvarela.com\\\/wp-content\\\/flagallery\\\/custo-barcelona-en-el-080-barcelona-fashion-fallwinter-2016-2017\\\/thumbs\\\/thumbs_custo_barcelona_038.jpg\",\"file\":\"custo_barcelona_038.jpg\",\"meta\":{\"aperture\":false,\"credit\":false,\"camera\":false,\"caption\":\"Ready to Wear Fall\\\/Winter 2016-2017\",\"created_timestamp\":\"February 3, 2016 8:59 pm\",\"copyright\":\"\\u00c2\\u00a9 2016 Estrop-Barcelona PHOTOGRAPH FOR EDITORIAL USE ONLY\",\"focal_length\":false,\"iso\":false,\"shutter_speed\":false,\"flash\":false,\"title\":\"Ready to Wear Fall\\\/Winter 2016-2017\",\"keywords\":\"Fall\\\/Winter 2016-2017,Ready to Wear\",\"width\":667,\"height\":1000,\"saved\":true,\"thumbnail\":{\"width\":220,\"height\":220,\"ewww_image_optimizer\":\"Reduced by 12.0% (4.4&nbsp;kB)\"},\"webview\":{\"0\":667,\"1\":1000,\"2\":2,\"3\":\"width=\\\"667\\\" height=\\\"1000\\\"\",\"bits\":8,\"channels\":3,\"mime\":\"image\\\/jpeg\",\"ewww_image_optimizer\":\"Reduced by 7.1% (9.9&nbsp;kB) - Previously Optimized\"},\"0\":false,\"ewww_image_optimizer\":\"Reduced by 6.1% (12.0&nbsp;kB)\",\"views\":\"1\",\"likes\":\"0\"},\"title\":\"Ready to Wear Fall\\\/Winter 2016-2017\",\"description\":\"<p>Ready to Wear Fall\\\/Winter 2016-2017<\\\/p>\",\"link\":null,\"link_target\":\"\",\"download\":\"https:\\\/\\\/bobvarela.com\\\/wp-content\\\/flagallery\\\/custo-barcelona-en-el-080-barcelona-fashion-fallwinter-2016-2017\\\/custo_barcelona_038.jpg\",\"ratio\":0.6670000000000000373034936274052597582340240478515625},{\"id\":\"23584\",\"image\":\"https:\\\/\\\/bobvarela.com\\\/wp-content\\\/flagallery\\\/custo-barcelona-en-el-080-barcelona-fashion-fallwinter-2016-2017\\\/webview\\\/custo_barcelona_039.jpg\",\"thumb\":\"https:\\\/\\\/bobvarela.com\\\/wp-content\\\/flagallery\\\/custo-barcelona-en-el-080-barcelona-fashion-fallwinter-2016-2017\\\/thumbs\\\/thumbs_custo_barcelona_039.jpg\",\"file\":\"custo_barcelona_039.jpg\",\"meta\":{\"aperture\":false,\"credit\":false,\"camera\":false,\"caption\":\"Ready to Wear Fall\\\/Winter 2016-2017\",\"created_timestamp\":\"February 3, 2016 8:59 pm\",\"copyright\":\"\\u00c2\\u00a9 2016 Estrop-Barcelona PHOTOGRAPH FOR EDITORIAL USE ONLY\",\"focal_length\":false,\"iso\":false,\"shutter_speed\":false,\"flash\":false,\"title\":\"Ready to Wear Fall\\\/Winter 2016-2017\",\"keywords\":\"Fall\\\/Winter 2016-2017,Ready to Wear\",\"width\":1000,\"height\":667,\"saved\":true,\"thumbnail\":{\"width\":220,\"height\":220,\"ewww_image_optimizer\":\"Reduced by 13.8% (7.2&nbsp;kB)\"},\"webview\":{\"0\":1000,\"1\":667,\"2\":2,\"3\":\"width=\\\"1000\\\" height=\\\"667\\\"\",\"bits\":8,\"channels\":3,\"mime\":\"image\\\/jpeg\",\"ewww_image_optimizer\":\"Reduced by 7.4% (11.5&nbsp;kB) - Previously Optimized\"},\"0\":false,\"ewww_image_optimizer\":\"Reduced by 7.3% (13.7&nbsp;kB)\",\"views\":\"2\",\"likes\":\"0\"},\"title\":\"Ready to Wear Fall\\\/Winter 2016-2017\",\"description\":\"<p>Ready to Wear Fall\\\/Winter 2016-2017<\\\/p>\",\"link\":null,\"link_target\":\"\",\"download\":\"https:\\\/\\\/bobvarela.com\\\/wp-content\\\/flagallery\\\/custo-barcelona-en-el-080-barcelona-fashion-fallwinter-2016-2017\\\/custo_barcelona_039.jpg\",\"ratio\":1.4992503748125936002821845249854959547519683837890625},{\"id\":\"23585\",\"image\":\"https:\\\/\\\/bobvarela.com\\\/wp-content\\\/flagallery\\\/custo-barcelona-en-el-080-barcelona-fashion-fallwinter-2016-2017\\\/webview\\\/custo_barcelona_040.jpg\",\"thumb\":\"https:\\\/\\\/bobvarela.com\\\/wp-content\\\/flagallery\\\/custo-barcelona-en-el-080-barcelona-fashion-fallwinter-2016-2017\\\/thumbs\\\/thumbs_custo_barcelona_040.jpg\",\"file\":\"custo_barcelona_040.jpg\",\"meta\":{\"aperture\":false,\"credit\":false,\"camera\":false,\"caption\":\"Ready to Wear Fall\\\/Winter 2016-2017\",\"created_timestamp\":\"February 3, 2016 8:59 pm\",\"copyright\":\"\\u00c2\\u00a9 2016 Estrop-Barcelona PHOTOGRAPH FOR EDITORIAL USE ONLY\",\"focal_length\":false,\"iso\":false,\"shutter_speed\":false,\"flash\":false,\"title\":\"Ready to Wear Fall\\\/Winter 2016-2017\",\"keywords\":\"Fall\\\/Winter 2016-2017,Ready to Wear\",\"width\":667,\"height\":1000,\"saved\":true,\"thumbnail\":{\"width\":220,\"height\":220,\"ewww_image_optimizer\":\"Reduced by 9.6% (2.6&nbsp;kB)\"},\"webview\":{\"0\":667,\"1\":1000,\"2\":2,\"3\":\"width=\\\"667\\\" height=\\\"1000\\\"\",\"bits\":8,\"channels\":3,\"mime\":\"image\\\/jpeg\",\"ewww_image_optimizer\":\"Reduced by 5.0% (4.1&nbsp;kB) - Previously Optimized\"},\"0\":false,\"ewww_image_optimizer\":\"Reduced by 4.8% (7.8&nbsp;kB)\",\"views\":\"1\",\"likes\":\"0\"},\"title\":\"Ready to Wear Fall\\\/Winter 2016-2017\",\"description\":\"<p>Ready to Wear Fall\\\/Winter 2016-2017<\\\/p>\",\"link\":null,\"link_target\":\"\",\"download\":\"https:\\\/\\\/bobvarela.com\\\/wp-content\\\/flagallery\\\/custo-barcelona-en-el-080-barcelona-fashion-fallwinter-2016-2017\\\/custo_barcelona_040.jpg\",\"ratio\":0.6670000000000000373034936274052597582340240478515625},{\"id\":\"23586\",\"image\":\"https:\\\/\\\/bobvarela.com\\\/wp-content\\\/flagallery\\\/custo-barcelona-en-el-080-barcelona-fashion-fallwinter-2016-2017\\\/webview\\\/custo_barcelona_041.jpg\",\"thumb\":\"https:\\\/\\\/bobvarela.com\\\/wp-content\\\/flagallery\\\/custo-barcelona-en-el-080-barcelona-fashion-fallwinter-2016-2017\\\/thumbs\\\/thumbs_custo_barcelona_041.jpg\",\"file\":\"custo_barcelona_041.jpg\",\"meta\":{\"aperture\":false,\"credit\":false,\"camera\":false,\"caption\":\"Ready to Wear Fall\\\/Winter 2016-2017\",\"created_timestamp\":\"February 3, 2016 9:00 pm\",\"copyright\":\"\\u00c2\\u00a9 2016 Estrop-Barcelona PHOTOGRAPH FOR EDITORIAL USE ONLY\",\"focal_length\":false,\"iso\":false,\"shutter_speed\":false,\"flash\":false,\"title\":\"Ready to Wear Fall\\\/Winter 2016-2017\",\"keywords\":\"Fall\\\/Winter 2016-2017,Ready to Wear\",\"width\":667,\"height\":1000,\"saved\":true,\"thumbnail\":{\"width\":220,\"height\":220,\"ewww_image_optimizer\":\"Reduced by 9.3% (2.8&nbsp;kB)\"},\"webview\":{\"0\":667,\"1\":1000,\"2\":2,\"3\":\"width=\\\"667\\\" height=\\\"1000\\\"\",\"bits\":8,\"channels\":3,\"mime\":\"image\\\/jpeg\",\"ewww_image_optimizer\":\"Reduced by 5.7% (5.5&nbsp;kB) - Previously Optimized\"},\"0\":false,\"ewww_image_optimizer\":\"Reduced by 4.9% (9.6&nbsp;kB)\",\"views\":\"2\",\"likes\":\"0\"},\"title\":\"Ready to Wear Fall\\\/Winter 2016-2017\",\"description\":\"<p>Ready to Wear Fall\\\/Winter 2016-2017<\\\/p>\",\"link\":null,\"link_target\":\"\",\"download\":\"https:\\\/\\\/bobvarela.com\\\/wp-content\\\/flagallery\\\/custo-barcelona-en-el-080-barcelona-fashion-fallwinter-2016-2017\\\/custo_barcelona_041.jpg\",\"ratio\":0.6670000000000000373034936274052597582340240478515625},{\"id\":\"23587\",\"image\":\"https:\\\/\\\/bobvarela.com\\\/wp-content\\\/flagallery\\\/custo-barcelona-en-el-080-barcelona-fashion-fallwinter-2016-2017\\\/webview\\\/custo_barcelona_042.jpg\",\"thumb\":\"https:\\\/\\\/bobvarela.com\\\/wp-content\\\/flagallery\\\/custo-barcelona-en-el-080-barcelona-fashion-fallwinter-2016-2017\\\/thumbs\\\/thumbs_custo_barcelona_042.jpg\",\"file\":\"custo_barcelona_042.jpg\",\"meta\":{\"aperture\":false,\"credit\":false,\"camera\":false,\"caption\":\"Ready to Wear Fall\\\/Winter 2016-2017\",\"created_timestamp\":\"February 3, 2016 9:00 pm\",\"copyright\":\"\\u00c2\\u00a9 2016 Estrop-Barcelona PHOTOGRAPH FOR EDITORIAL USE ONLY\",\"focal_length\":false,\"iso\":false,\"shutter_speed\":false,\"flash\":false,\"title\":\"Ready to Wear Fall\\\/Winter 2016-2017\",\"keywords\":\"Fall\\\/Winter 2016-2017,Ready to Wear\",\"width\":667,\"height\":1000,\"saved\":true,\"thumbnail\":{\"width\":220,\"height\":220,\"ewww_image_optimizer\":\"Reduced by 9.9% (2.8&nbsp;kB)\"},\"webview\":{\"0\":667,\"1\":1000,\"2\":2,\"3\":\"width=\\\"667\\\" height=\\\"1000\\\"\",\"bits\":8,\"channels\":3,\"mime\":\"image\\\/jpeg\",\"ewww_image_optimizer\":\"Reduced by 4.4% (3.5&nbsp;kB) - Previously Optimized\"},\"0\":false,\"ewww_image_optimizer\":\"Reduced by 4.6% (7.1&nbsp;kB)\",\"views\":\"0\",\"likes\":\"0\"},\"title\":\"Ready to Wear Fall\\\/Winter 2016-2017\",\"description\":\"<p>Ready to Wear Fall\\\/Winter 2016-2017<\\\/p>\",\"link\":null,\"link_target\":\"\",\"download\":\"https:\\\/\\\/bobvarela.com\\\/wp-content\\\/flagallery\\\/custo-barcelona-en-el-080-barcelona-fashion-fallwinter-2016-2017\\\/custo_barcelona_042.jpg\",\"ratio\":0.6670000000000000373034936274052597582340240478515625},{\"id\":\"23588\",\"image\":\"https:\\\/\\\/bobvarela.com\\\/wp-content\\\/flagallery\\\/custo-barcelona-en-el-080-barcelona-fashion-fallwinter-2016-2017\\\/webview\\\/custo_barcelona_043.jpg\",\"thumb\":\"https:\\\/\\\/bobvarela.com\\\/wp-content\\\/flagallery\\\/custo-barcelona-en-el-080-barcelona-fashion-fallwinter-2016-2017\\\/thumbs\\\/thumbs_custo_barcelona_043.jpg\",\"file\":\"custo_barcelona_043.jpg\",\"meta\":{\"aperture\":false,\"credit\":false,\"camera\":false,\"caption\":\"Ready to Wear Fall\\\/Winter 2016-2017\",\"created_timestamp\":\"February 3, 2016 9:00 pm\",\"copyright\":\"\\u00c2\\u00a9 2016 Estrop-Barcelona PHOTOGRAPH FOR EDITORIAL USE ONLY\",\"focal_length\":false,\"iso\":false,\"shutter_speed\":false,\"flash\":false,\"title\":\"Ready to Wear Fall\\\/Winter 2016-2017\",\"keywords\":\"Fall\\\/Winter 2016-2017,Ready to Wear\",\"width\":667,\"height\":1000,\"saved\":true,\"thumbnail\":{\"width\":220,\"height\":220,\"ewww_image_optimizer\":\"Reduced by 10.1% (3.1&nbsp;kB)\"},\"webview\":{\"0\":667,\"1\":1000,\"2\":2,\"3\":\"width=\\\"667\\\" height=\\\"1000\\\"\",\"bits\":8,\"channels\":3,\"mime\":\"image\\\/jpeg\",\"ewww_image_optimizer\":\"Reduced by 5.1% (4.4&nbsp;kB) - Previously Optimized\"},\"0\":false,\"ewww_image_optimizer\":\"Reduced by 4.9% (8.3&nbsp;kB)\",\"views\":\"2\",\"likes\":\"0\"},\"title\":\"Ready to Wear Fall\\\/Winter 2016-2017\",\"description\":\"<p>Ready to Wear Fall\\\/Winter 2016-2017<\\\/p>\",\"link\":null,\"link_target\":\"\",\"download\":\"https:\\\/\\\/bobvarela.com\\\/wp-content\\\/flagallery\\\/custo-barcelona-en-el-080-barcelona-fashion-fallwinter-2016-2017\\\/custo_barcelona_043.jpg\",\"ratio\":0.6670000000000000373034936274052597582340240478515625},{\"id\":\"23589\",\"image\":\"https:\\\/\\\/bobvarela.com\\\/wp-content\\\/flagallery\\\/custo-barcelona-en-el-080-barcelona-fashion-fallwinter-2016-2017\\\/webview\\\/custo_barcelona_044.jpg\",\"thumb\":\"https:\\\/\\\/bobvarela.com\\\/wp-content\\\/flagallery\\\/custo-barcelona-en-el-080-barcelona-fashion-fallwinter-2016-2017\\\/thumbs\\\/thumbs_custo_barcelona_044.jpg\",\"file\":\"custo_barcelona_044.jpg\",\"meta\":{\"aperture\":false,\"credit\":false,\"camera\":false,\"caption\":\"Ready to Wear Fall\\\/Winter 2016-2017\",\"created_timestamp\":\"February 3, 2016 9:00 pm\",\"copyright\":\"\\u00c2\\u00a9 2016 Estrop-Barcelona PHOTOGRAPH FOR EDITORIAL USE ONLY\",\"focal_length\":false,\"iso\":false,\"shutter_speed\":false,\"flash\":false,\"title\":\"Ready to Wear Fall\\\/Winter 2016-2017\",\"keywords\":\"Fall\\\/Winter 2016-2017,Ready to Wear\",\"width\":667,\"height\":1000,\"saved\":true,\"thumbnail\":{\"width\":220,\"height\":220,\"ewww_image_optimizer\":\"Reduced by 17.9% (8.3&nbsp;kB)\"},\"webview\":{\"0\":667,\"1\":1000,\"2\":2,\"3\":\"width=\\\"667\\\" height=\\\"1000\\\"\",\"bits\":8,\"channels\":3,\"mime\":\"image\\\/jpeg\",\"ewww_image_optimizer\":\"Reduced by 6.9% (12.5&nbsp;kB) - Previously Optimized\"},\"0\":false,\"ewww_image_optimizer\":\"Reduced by 7.6% (14.9&nbsp;kB)\",\"views\":\"1\",\"likes\":\"0\"},\"title\":\"Ready to Wear Fall\\\/Winter 2016-2017\",\"description\":\"<p>Ready to Wear Fall\\\/Winter 2016-2017<\\\/p>\",\"link\":null,\"link_target\":\"\",\"download\":\"https:\\\/\\\/bobvarela.com\\\/wp-content\\\/flagallery\\\/custo-barcelona-en-el-080-barcelona-fashion-fallwinter-2016-2017\\\/custo_barcelona_044.jpg\",\"ratio\":0.6670000000000000373034936274052597582340240478515625},{\"id\":\"23590\",\"image\":\"https:\\\/\\\/bobvarela.com\\\/wp-content\\\/flagallery\\\/custo-barcelona-en-el-080-barcelona-fashion-fallwinter-2016-2017\\\/webview\\\/custo_barcelona_045.jpg\",\"thumb\":\"https:\\\/\\\/bobvarela.com\\\/wp-content\\\/flagallery\\\/custo-barcelona-en-el-080-barcelona-fashion-fallwinter-2016-2017\\\/thumbs\\\/thumbs_custo_barcelona_045.jpg\",\"file\":\"custo_barcelona_045.jpg\",\"meta\":{\"aperture\":false,\"credit\":false,\"camera\":false,\"caption\":\"Ready to Wear Fall\\\/Winter 2016-2017\",\"created_timestamp\":\"February 3, 2016 9:00 pm\",\"copyright\":\"\\u00c2\\u00a9 2016 Estrop-Barcelona PHOTOGRAPH FOR EDITORIAL USE ONLY\",\"focal_length\":false,\"iso\":false,\"shutter_speed\":false,\"flash\":false,\"title\":\"Ready to Wear Fall\\\/Winter 2016-2017\",\"keywords\":\"Fall\\\/Winter 2016-2017,Ready to Wear\",\"width\":667,\"height\":1000,\"saved\":true,\"thumbnail\":{\"width\":220,\"height\":220,\"ewww_image_optimizer\":\"Reduced by 20.2% (15.1&nbsp;kB)\"},\"webview\":{\"0\":667,\"1\":1000,\"2\":2,\"3\":\"width=\\\"667\\\" height=\\\"1000\\\"\",\"bits\":8,\"channels\":3,\"mime\":\"image\\\/jpeg\",\"ewww_image_optimizer\":\"Reduced by 22.4% (43.5&nbsp;kB)\"},\"0\":false,\"ewww_image_optimizer\":\"Reduced by 22.4% (43.5&nbsp;kB)\",\"views\":\"1\",\"likes\":\"0\"},\"title\":\"Ready to Wear Fall\\\/Winter 2016-2017\",\"description\":\"<p>Ready to Wear Fall\\\/Winter 2016-2017<\\\/p>\",\"link\":null,\"link_target\":\"\",\"download\":\"https:\\\/\\\/bobvarela.com\\\/wp-content\\\/flagallery\\\/custo-barcelona-en-el-080-barcelona-fashion-fallwinter-2016-2017\\\/custo_barcelona_045.jpg\",\"ratio\":0.6670000000000000373034936274052597582340240478515625},{\"id\":\"23591\",\"image\":\"https:\\\/\\\/bobvarela.com\\\/wp-content\\\/flagallery\\\/custo-barcelona-en-el-080-barcelona-fashion-fallwinter-2016-2017\\\/webview\\\/custo_barcelona_046.jpg\",\"thumb\":\"https:\\\/\\\/bobvarela.com\\\/wp-content\\\/flagallery\\\/custo-barcelona-en-el-080-barcelona-fashion-fallwinter-2016-2017\\\/thumbs\\\/thumbs_custo_barcelona_046.jpg\",\"file\":\"custo_barcelona_046.jpg\",\"meta\":{\"aperture\":false,\"credit\":false,\"camera\":false,\"caption\":\"Ready to Wear Fall\\\/Winter 2016-2017\",\"created_timestamp\":\"February 3, 2016 9:00 pm\",\"copyright\":\"\\u00c2\\u00a9 2016 Estrop-Barcelona PHOTOGRAPH FOR EDITORIAL USE ONLY\",\"focal_length\":false,\"iso\":false,\"shutter_speed\":false,\"flash\":false,\"title\":\"Ready to Wear Fall\\\/Winter 2016-2017\",\"keywords\":\"Fall\\\/Winter 2016-2017,Ready to Wear\",\"width\":667,\"height\":1000,\"saved\":true,\"thumbnail\":{\"width\":220,\"height\":220,\"ewww_image_optimizer\":\"Reduced by 9.8% (2.9&nbsp;kB)\"},\"webview\":{\"0\":667,\"1\":1000,\"2\":2,\"3\":\"width=\\\"667\\\" height=\\\"1000\\\"\",\"bits\":8,\"channels\":3,\"mime\":\"image\\\/jpeg\",\"ewww_image_optimizer\":\"Reduced by 4.5% (4.0&nbsp;kB) - Previously Optimized\"},\"0\":false,\"ewww_image_optimizer\":\"Reduced by 4.9% (8.4&nbsp;kB)\",\"views\":\"0\",\"likes\":\"0\"},\"title\":\"Ready to Wear Fall\\\/Winter 2016-2017\",\"description\":\"<p>Ready to Wear Fall\\\/Winter 2016-2017<\\\/p>\",\"link\":null,\"link_target\":\"\",\"download\":\"https:\\\/\\\/bobvarela.com\\\/wp-content\\\/flagallery\\\/custo-barcelona-en-el-080-barcelona-fashion-fallwinter-2016-2017\\\/custo_barcelona_046.jpg\",\"ratio\":0.6670000000000000373034936274052597582340240478515625},{\"id\":\"23592\",\"image\":\"https:\\\/\\\/bobvarela.com\\\/wp-content\\\/flagallery\\\/custo-barcelona-en-el-080-barcelona-fashion-fallwinter-2016-2017\\\/webview\\\/custo_barcelona_047.jpg\",\"thumb\":\"https:\\\/\\\/bobvarela.com\\\/wp-content\\\/flagallery\\\/custo-barcelona-en-el-080-barcelona-fashion-fallwinter-2016-2017\\\/thumbs\\\/thumbs_custo_barcelona_047.jpg\",\"file\":\"custo_barcelona_047.jpg\",\"meta\":{\"aperture\":false,\"credit\":false,\"camera\":false,\"caption\":\"Ready to Wear Fall\\\/Winter 2016-2017\",\"created_timestamp\":\"February 3, 2016 9:00 pm\",\"copyright\":\"\\u00c2\\u00a9 2016 Estrop-Barcelona PHOTOGRAPH FOR EDITORIAL USE ONLY\",\"focal_length\":false,\"iso\":false,\"shutter_speed\":false,\"flash\":false,\"title\":\"Ready to Wear Fall\\\/Winter 2016-2017\",\"keywords\":\"Fall\\\/Winter 2016-2017,Ready to Wear\",\"width\":667,\"height\":1000,\"saved\":true,\"thumbnail\":{\"width\":220,\"height\":220,\"ewww_image_optimizer\":\"Reduced by 10.8% (3.5&nbsp;kB)\"},\"webview\":{\"0\":667,\"1\":1000,\"2\":2,\"3\":\"width=\\\"667\\\" height=\\\"1000\\\"\",\"bits\":8,\"channels\":3,\"mime\":\"image\\\/jpeg\",\"ewww_image_optimizer\":\"Reduced by 4.5% (3.6&nbsp;kB) - Previously Optimized\"},\"0\":false,\"ewww_image_optimizer\":\"Reduced by 4.9% (7.9&nbsp;kB)\",\"views\":\"1\",\"likes\":\"0\"},\"title\":\"Ready to Wear Fall\\\/Winter 2016-2017\",\"description\":\"<p>Ready to Wear Fall\\\/Winter 2016-2017<\\\/p>\",\"link\":null,\"link_target\":\"\",\"download\":\"https:\\\/\\\/bobvarela.com\\\/wp-content\\\/flagallery\\\/custo-barcelona-en-el-080-barcelona-fashion-fallwinter-2016-2017\\\/custo_barcelona_047.jpg\",\"ratio\":0.6670000000000000373034936274052597582340240478515625},{\"id\":\"23593\",\"image\":\"https:\\\/\\\/bobvarela.com\\\/wp-content\\\/flagallery\\\/custo-barcelona-en-el-080-barcelona-fashion-fallwinter-2016-2017\\\/webview\\\/custo_barcelona_048.jpg\",\"thumb\":\"https:\\\/\\\/bobvarela.com\\\/wp-content\\\/flagallery\\\/custo-barcelona-en-el-080-barcelona-fashion-fallwinter-2016-2017\\\/thumbs\\\/thumbs_custo_barcelona_048.jpg\",\"file\":\"custo_barcelona_048.jpg\",\"meta\":{\"aperture\":false,\"credit\":false,\"camera\":false,\"caption\":\"Ready to Wear Fall\\\/Winter 2016-2017\",\"created_timestamp\":\"February 3, 2016 9:00 pm\",\"copyright\":\"\\u00c2\\u00a9 2016 Estrop-Barcelona PHOTOGRAPH FOR EDITORIAL USE ONLY\",\"focal_length\":false,\"iso\":false,\"shutter_speed\":false,\"flash\":false,\"title\":\"Ready to Wear Fall\\\/Winter 2016-2017\",\"keywords\":\"Fall\\\/Winter 2016-2017,Ready to Wear\",\"width\":667,\"height\":1000,\"saved\":true,\"thumbnail\":{\"width\":220,\"height\":220,\"ewww_image_optimizer\":\"Reduced by 11.8% (3.9&nbsp;kB)\"},\"webview\":{\"0\":667,\"1\":1000,\"2\":2,\"3\":\"width=\\\"667\\\" height=\\\"1000\\\"\",\"bits\":8,\"channels\":3,\"mime\":\"image\\\/jpeg\",\"ewww_image_optimizer\":\"Reduced by 5.5% (6.0&nbsp;kB) - Previously Optimized\"},\"0\":false,\"ewww_image_optimizer\":\"Reduced by 4.8% (7.5&nbsp;kB)\",\"views\":\"1\",\"likes\":\"0\"},\"title\":\"Ready to Wear Fall\\\/Winter 2016-2017\",\"description\":\"<p>Ready to Wear Fall\\\/Winter 2016-2017<\\\/p>\",\"link\":null,\"link_target\":\"\",\"download\":\"https:\\\/\\\/bobvarela.com\\\/wp-content\\\/flagallery\\\/custo-barcelona-en-el-080-barcelona-fashion-fallwinter-2016-2017\\\/custo_barcelona_048.jpg\",\"ratio\":0.6670000000000000373034936274052597582340240478515625},{\"id\":\"23594\",\"image\":\"https:\\\/\\\/bobvarela.com\\\/wp-content\\\/flagallery\\\/custo-barcelona-en-el-080-barcelona-fashion-fallwinter-2016-2017\\\/webview\\\/custo_barcelona_049.jpg\",\"thumb\":\"https:\\\/\\\/bobvarela.com\\\/wp-content\\\/flagallery\\\/custo-barcelona-en-el-080-barcelona-fashion-fallwinter-2016-2017\\\/thumbs\\\/thumbs_custo_barcelona_049.jpg\",\"file\":\"custo_barcelona_049.jpg\",\"meta\":{\"aperture\":false,\"credit\":false,\"camera\":false,\"caption\":\"Ready to Wear Fall\\\/Winter 2016-2017\",\"created_timestamp\":\"February 3, 2016 9:00 pm\",\"copyright\":\"\\u00c2\\u00a9 2016 Estrop-Barcelona PHOTOGRAPH FOR EDITORIAL USE ONLY\",\"focal_length\":false,\"iso\":false,\"shutter_speed\":false,\"flash\":false,\"title\":\"Ready to Wear Fall\\\/Winter 2016-2017\",\"keywords\":\"Fall\\\/Winter 2016-2017,Ready to Wear\",\"width\":667,\"height\":1000,\"saved\":true,\"thumbnail\":{\"width\":220,\"height\":220,\"ewww_image_optimizer\":\"Reduced by 15.4% (6.8&nbsp;kB)\"},\"webview\":{\"0\":667,\"1\":1000,\"2\":2,\"3\":\"width=\\\"667\\\" height=\\\"1000\\\"\",\"bits\":8,\"channels\":3,\"mime\":\"image\\\/jpeg\",\"ewww_image_optimizer\":\"Reduced by 7.0% (11.1&nbsp;kB) - Previously Optimized\"},\"0\":false,\"ewww_image_optimizer\":\"Reduced by 6.6% (10.8&nbsp;kB)\",\"views\":\"1\",\"likes\":\"0\"},\"title\":\"Ready to Wear Fall\\\/Winter 2016-2017\",\"description\":\"<p>Ready to Wear Fall\\\/Winter 2016-2017<\\\/p>\",\"link\":null,\"link_target\":\"\",\"download\":\"https:\\\/\\\/bobvarela.com\\\/wp-content\\\/flagallery\\\/custo-barcelona-en-el-080-barcelona-fashion-fallwinter-2016-2017\\\/custo_barcelona_049.jpg\",\"ratio\":0.6670000000000000373034936274052597582340240478515625},{\"id\":\"23595\",\"image\":\"https:\\\/\\\/bobvarela.com\\\/wp-content\\\/flagallery\\\/custo-barcelona-en-el-080-barcelona-fashion-fallwinter-2016-2017\\\/webview\\\/custo_barcelona_050.jpg\",\"thumb\":\"https:\\\/\\\/bobvarela.com\\\/wp-content\\\/flagallery\\\/custo-barcelona-en-el-080-barcelona-fashion-fallwinter-2016-2017\\\/thumbs\\\/thumbs_custo_barcelona_050.jpg\",\"file\":\"custo_barcelona_050.jpg\",\"meta\":{\"aperture\":false,\"credit\":false,\"camera\":false,\"caption\":\"Ready to Wear Fall\\\/Winter 2016-2017\",\"created_timestamp\":\"February 3, 2016 9:01 pm\",\"copyright\":\"\\u00c2\\u00a9 2016 Estrop-Barcelona PHOTOGRAPH FOR EDITORIAL USE ONLY\",\"focal_length\":false,\"iso\":false,\"shutter_speed\":false,\"flash\":false,\"title\":\"Ready to Wear Fall\\\/Winter 2016-2017\",\"keywords\":\"Fall\\\/Winter 2016-2017,Ready to Wear\",\"width\":667,\"height\":1000,\"saved\":true,\"thumbnail\":{\"width\":220,\"height\":220,\"ewww_image_optimizer\":\"Reduced by 12.3% (4.0&nbsp;kB)\"},\"webview\":{\"0\":667,\"1\":1000,\"2\":2,\"3\":\"width=\\\"667\\\" height=\\\"1000\\\"\",\"bits\":8,\"channels\":3,\"mime\":\"image\\\/jpeg\",\"ewww_image_optimizer\":\"Reduced by 5.6% (6.2&nbsp;kB) - Previously Optimized\"},\"0\":false,\"ewww_image_optimizer\":\"Reduced by 6.9% (13.5&nbsp;kB)\",\"views\":\"0\",\"likes\":\"0\"},\"title\":\"Ready to Wear Fall\\\/Winter 2016-2017\",\"description\":\"<p>Ready to Wear Fall\\\/Winter 2016-2017<\\\/p>\",\"link\":null,\"link_target\":\"\",\"download\":\"https:\\\/\\\/bobvarela.com\\\/wp-content\\\/flagallery\\\/custo-barcelona-en-el-080-barcelona-fashion-fallwinter-2016-2017\\\/custo_barcelona_050.jpg\",\"ratio\":0.6670000000000000373034936274052597582340240478515625},{\"id\":\"23596\",\"image\":\"https:\\\/\\\/bobvarela.com\\\/wp-content\\\/flagallery\\\/custo-barcelona-en-el-080-barcelona-fashion-fallwinter-2016-2017\\\/webview\\\/custo_barcelona_051.jpg\",\"thumb\":\"https:\\\/\\\/bobvarela.com\\\/wp-content\\\/flagallery\\\/custo-barcelona-en-el-080-barcelona-fashion-fallwinter-2016-2017\\\/thumbs\\\/thumbs_custo_barcelona_051.jpg\",\"file\":\"custo_barcelona_051.jpg\",\"meta\":{\"aperture\":false,\"credit\":false,\"camera\":false,\"caption\":\"Ready to Wear Fall\\\/Winter 2016-2017\",\"created_timestamp\":\"February 3, 2016 9:01 pm\",\"copyright\":\"\\u00c2\\u00a9 2016 Estrop-Barcelona PHOTOGRAPH FOR EDITORIAL USE ONLY\",\"focal_length\":false,\"iso\":false,\"shutter_speed\":false,\"flash\":false,\"title\":\"Ready to Wear Fall\\\/Winter 2016-2017\",\"keywords\":\"Fall\\\/Winter 2016-2017,Ready to Wear\",\"width\":667,\"height\":1000,\"saved\":true,\"thumbnail\":{\"width\":220,\"height\":220,\"ewww_image_optimizer\":\"Reduced by 16.8% (7.2&nbsp;kB)\"},\"webview\":{\"0\":667,\"1\":1000,\"2\":2,\"3\":\"width=\\\"667\\\" height=\\\"1000\\\"\",\"bits\":8,\"channels\":3,\"mime\":\"image\\\/jpeg\",\"ewww_image_optimizer\":\"Reduced by 8.3% (11.7&nbsp;kB) - Previously Optimized\"},\"0\":false,\"ewww_image_optimizer\":\"Reduced by 8.3% (13.8&nbsp;kB)\",\"views\":\"0\",\"likes\":\"0\"},\"title\":\"Ready to Wear Fall\\\/Winter 2016-2017\",\"description\":\"<p>Ready to Wear Fall\\\/Winter 2016-2017<\\\/p>\",\"link\":null,\"link_target\":\"\",\"download\":\"https:\\\/\\\/bobvarela.com\\\/wp-content\\\/flagallery\\\/custo-barcelona-en-el-080-barcelona-fashion-fallwinter-2016-2017\\\/custo_barcelona_051.jpg\",\"ratio\":0.6670000000000000373034936274052597582340240478515625},{\"id\":\"23597\",\"image\":\"https:\\\/\\\/bobvarela.com\\\/wp-content\\\/flagallery\\\/custo-barcelona-en-el-080-barcelona-fashion-fallwinter-2016-2017\\\/webview\\\/custo_barcelona_052.jpg\",\"thumb\":\"https:\\\/\\\/bobvarela.com\\\/wp-content\\\/flagallery\\\/custo-barcelona-en-el-080-barcelona-fashion-fallwinter-2016-2017\\\/thumbs\\\/thumbs_custo_barcelona_052.jpg\",\"file\":\"custo_barcelona_052.jpg\",\"meta\":{\"aperture\":false,\"credit\":false,\"camera\":false,\"caption\":\"Ready to Wear Fall\\\/Winter 2016-2017\",\"created_timestamp\":\"February 3, 2016 9:01 pm\",\"copyright\":\"\\u00c2\\u00a9 2016 Estrop-Barcelona PHOTOGRAPH FOR EDITORIAL USE ONLY\",\"focal_length\":false,\"iso\":false,\"shutter_speed\":false,\"flash\":false,\"title\":\"Ready to Wear Fall\\\/Winter 2016-2017\",\"keywords\":\"Fall\\\/Winter 2016-2017,Ready to Wear\",\"width\":667,\"height\":1000,\"saved\":true,\"thumbnail\":{\"width\":220,\"height\":220,\"ewww_image_optimizer\":\"Reduced by 9.4% (2.4&nbsp;kB)\"},\"webview\":{\"0\":667,\"1\":1000,\"2\":2,\"3\":\"width=\\\"667\\\" height=\\\"1000\\\"\",\"bits\":8,\"channels\":3,\"mime\":\"image\\\/jpeg\",\"ewww_image_optimizer\":\"Reduced by 5.0% (4.1&nbsp;kB) - Previously Optimized\"},\"0\":false,\"ewww_image_optimizer\":\"Reduced by 5.4% (8.5&nbsp;kB)\",\"views\":\"0\",\"likes\":\"0\"},\"title\":\"Ready to Wear Fall\\\/Winter 2016-2017\",\"description\":\"<p>Ready to Wear Fall\\\/Winter 2016-2017<\\\/p>\",\"link\":null,\"link_target\":\"\",\"download\":\"https:\\\/\\\/bobvarela.com\\\/wp-content\\\/flagallery\\\/custo-barcelona-en-el-080-barcelona-fashion-fallwinter-2016-2017\\\/custo_barcelona_052.jpg\",\"ratio\":0.6670000000000000373034936274052597582340240478515625},{\"id\":\"23598\",\"image\":\"https:\\\/\\\/bobvarela.com\\\/wp-content\\\/flagallery\\\/custo-barcelona-en-el-080-barcelona-fashion-fallwinter-2016-2017\\\/webview\\\/custo_barcelona_053.jpg\",\"thumb\":\"https:\\\/\\\/bobvarela.com\\\/wp-content\\\/flagallery\\\/custo-barcelona-en-el-080-barcelona-fashion-fallwinter-2016-2017\\\/thumbs\\\/thumbs_custo_barcelona_053.jpg\",\"file\":\"custo_barcelona_053.jpg\",\"meta\":{\"aperture\":false,\"credit\":false,\"camera\":false,\"caption\":\"Ready to Wear Fall\\\/Winter 2016-2017\",\"created_timestamp\":\"February 3, 2016 9:01 pm\",\"copyright\":\"\\u00c2\\u00a9 2016 Estrop-Barcelona PHOTOGRAPH FOR EDITORIAL USE ONLY\",\"focal_length\":false,\"iso\":false,\"shutter_speed\":false,\"flash\":false,\"title\":\"Ready to Wear Fall\\\/Winter 2016-2017\",\"keywords\":\"Fall\\\/Winter 2016-2017,Ready to Wear\",\"width\":667,\"height\":1000,\"saved\":true,\"thumbnail\":{\"width\":220,\"height\":220,\"ewww_image_optimizer\":\"Reduced by 10.8% (3.4&nbsp;kB)\"},\"webview\":{\"0\":667,\"1\":1000,\"2\":2,\"3\":\"width=\\\"667\\\" height=\\\"1000\\\"\",\"bits\":8,\"channels\":3,\"mime\":\"image\\\/jpeg\",\"ewww_image_optimizer\":\"Reduced by 6.0% (5.0&nbsp;kB) - Previously Optimized\"},\"0\":false,\"ewww_image_optimizer\":\"Reduced by 6.1% (10.1&nbsp;kB)\",\"views\":\"0\",\"likes\":\"0\"},\"title\":\"Ready to Wear Fall\\\/Winter 2016-2017\",\"description\":\"<p>Ready to Wear Fall\\\/Winter 2016-2017<\\\/p>\",\"link\":null,\"link_target\":\"\",\"download\":\"https:\\\/\\\/bobvarela.com\\\/wp-content\\\/flagallery\\\/custo-barcelona-en-el-080-barcelona-fashion-fallwinter-2016-2017\\\/custo_barcelona_053.jpg\",\"ratio\":0.6670000000000000373034936274052597582340240478515625},{\"id\":\"23599\",\"image\":\"https:\\\/\\\/bobvarela.com\\\/wp-content\\\/flagallery\\\/custo-barcelona-en-el-080-barcelona-fashion-fallwinter-2016-2017\\\/webview\\\/custo_barcelona_054.jpg\",\"thumb\":\"https:\\\/\\\/bobvarela.com\\\/wp-content\\\/flagallery\\\/custo-barcelona-en-el-080-barcelona-fashion-fallwinter-2016-2017\\\/thumbs\\\/thumbs_custo_barcelona_054.jpg\",\"file\":\"custo_barcelona_054.jpg\",\"meta\":{\"aperture\":false,\"credit\":false,\"camera\":false,\"caption\":\"Ready to Wear Fall\\\/Winter 2016-2017\",\"created_timestamp\":\"February 3, 2016 9:04 pm\",\"copyright\":\"\\u00c2\\u00a9 2016 Estrop-Barcelona PHOTOGRAPH FOR EDITORIAL USE ONLY\",\"focal_length\":false,\"iso\":false,\"shutter_speed\":false,\"flash\":false,\"title\":\"Ready to Wear Fall\\\/Winter 2016-2017\",\"keywords\":\"Fall\\\/Winter 2016-2017,Ready to Wear\",\"width\":667,\"height\":1000,\"saved\":true,\"thumbnail\":{\"width\":220,\"height\":220,\"ewww_image_optimizer\":\"Reduced by 9.0% (3.5&nbsp;kB)\"},\"webview\":{\"0\":667,\"1\":1000,\"2\":2,\"3\":\"width=\\\"667\\\" height=\\\"1000\\\"\",\"bits\":8,\"channels\":3,\"mime\":\"image\\\/jpeg\",\"ewww_image_optimizer\":\"Reduced by 5.6% (6.3&nbsp;kB) - Previously Optimized\"},\"0\":false,\"ewww_image_optimizer\":\"Reduced by 3.5% (5.9&nbsp;kB)\",\"views\":\"1\",\"likes\":\"0\"},\"title\":\"Ready to Wear Fall\\\/Winter 2016-2017\",\"description\":\"<p>Ready to Wear Fall\\\/Winter 2016-2017<\\\/p>\",\"link\":null,\"link_target\":\"\",\"download\":\"https:\\\/\\\/bobvarela.com\\\/wp-content\\\/flagallery\\\/custo-barcelona-en-el-080-barcelona-fashion-fallwinter-2016-2017\\\/custo_barcelona_054.jpg\",\"ratio\":0.6670000000000000373034936274052597582340240478515625},{\"id\":\"23600\",\"image\":\"https:\\\/\\\/bobvarela.com\\\/wp-content\\\/flagallery\\\/custo-barcelona-en-el-080-barcelona-fashion-fallwinter-2016-2017\\\/webview\\\/custo_barcelona_055.jpg\",\"thumb\":\"https:\\\/\\\/bobvarela.com\\\/wp-content\\\/flagallery\\\/custo-barcelona-en-el-080-barcelona-fashion-fallwinter-2016-2017\\\/thumbs\\\/thumbs_custo_barcelona_055.jpg\",\"file\":\"custo_barcelona_055.jpg\",\"meta\":{\"aperture\":false,\"credit\":false,\"camera\":false,\"caption\":\"Ready to Wear Fall\\\/Winter 2016-2017\",\"created_timestamp\":\"February 3, 2016 9:01 pm\",\"copyright\":\"\\u00c2\\u00a9 2016 Estrop-Barcelona PHOTOGRAPH FOR EDITORIAL USE ONLY\",\"focal_length\":false,\"iso\":false,\"shutter_speed\":false,\"flash\":false,\"title\":\"Ready to Wear Fall\\\/Winter 2016-2017\",\"keywords\":\"Fall\\\/Winter 2016-2017,Ready to Wear\",\"width\":667,\"height\":1000,\"saved\":true,\"thumbnail\":{\"width\":220,\"height\":220,\"ewww_image_optimizer\":\"Reduced by 12.0% (3.7&nbsp;kB)\"},\"webview\":{\"0\":667,\"1\":1000,\"2\":2,\"3\":\"width=\\\"667\\\" height=\\\"1000\\\"\",\"bits\":8,\"channels\":3,\"mime\":\"image\\\/jpeg\",\"ewww_image_optimizer\":\"Reduced by 4.9% (4.8&nbsp;kB) - Previously Optimized\"},\"0\":false,\"ewww_image_optimizer\":\"Reduced by 6.5% (11.4&nbsp;kB)\",\"views\":\"0\",\"likes\":\"0\"},\"title\":\"Ready to Wear Fall\\\/Winter 2016-2017\",\"description\":\"<p>Ready to Wear Fall\\\/Winter 2016-2017<\\\/p>\",\"link\":null,\"link_target\":\"\",\"download\":\"https:\\\/\\\/bobvarela.com\\\/wp-content\\\/flagallery\\\/custo-barcelona-en-el-080-barcelona-fashion-fallwinter-2016-2017\\\/custo_barcelona_055.jpg\",\"ratio\":0.6670000000000000373034936274052597582340240478515625},{\"id\":\"23601\",\"image\":\"https:\\\/\\\/bobvarela.com\\\/wp-content\\\/flagallery\\\/custo-barcelona-en-el-080-barcelona-fashion-fallwinter-2016-2017\\\/webview\\\/custo_barcelona_056.jpg\",\"thumb\":\"https:\\\/\\\/bobvarela.com\\\/wp-content\\\/flagallery\\\/custo-barcelona-en-el-080-barcelona-fashion-fallwinter-2016-2017\\\/thumbs\\\/thumbs_custo_barcelona_056.jpg\",\"file\":\"custo_barcelona_056.jpg\",\"meta\":{\"aperture\":false,\"credit\":false,\"camera\":false,\"caption\":\"Ready to Wear Fall\\\/Winter 2016-2017\",\"created_timestamp\":\"February 3, 2016 9:01 pm\",\"copyright\":\"\\u00c2\\u00a9 2016 Estrop-Barcelona PHOTOGRAPH FOR EDITORIAL USE ONLY\",\"focal_length\":false,\"iso\":false,\"shutter_speed\":false,\"flash\":false,\"title\":\"Ready to Wear Fall\\\/Winter 2016-2017\",\"keywords\":\"Fall\\\/Winter 2016-2017,Ready to Wear\",\"width\":667,\"height\":1000,\"saved\":true,\"thumbnail\":{\"width\":220,\"height\":220,\"ewww_image_optimizer\":\"Reduced by 16.0% (6.4&nbsp;kB)\"},\"webview\":{\"0\":667,\"1\":1000,\"2\":2,\"3\":\"width=\\\"667\\\" height=\\\"1000\\\"\",\"bits\":8,\"channels\":3,\"mime\":\"image\\\/jpeg\",\"ewww_image_optimizer\":\"Reduced by 6.6% (9.6&nbsp;kB) - Previously Optimized\"},\"0\":false,\"ewww_image_optimizer\":\"Reduced by 8.4% (14.5&nbsp;kB)\",\"views\":\"2\",\"likes\":\"0\"},\"title\":\"Ready to Wear Fall\\\/Winter 2016-2017\",\"description\":\"<p>Ready to Wear Fall\\\/Winter 2016-2017<\\\/p>\",\"link\":null,\"link_target\":\"\",\"download\":\"https:\\\/\\\/bobvarela.com\\\/wp-content\\\/flagallery\\\/custo-barcelona-en-el-080-barcelona-fashion-fallwinter-2016-2017\\\/custo_barcelona_056.jpg\",\"ratio\":0.6670000000000000373034936274052597582340240478515625},{\"id\":\"23602\",\"image\":\"https:\\\/\\\/bobvarela.com\\\/wp-content\\\/flagallery\\\/custo-barcelona-en-el-080-barcelona-fashion-fallwinter-2016-2017\\\/webview\\\/custo_barcelona_057.jpg\",\"thumb\":\"https:\\\/\\\/bobvarela.com\\\/wp-content\\\/flagallery\\\/custo-barcelona-en-el-080-barcelona-fashion-fallwinter-2016-2017\\\/thumbs\\\/thumbs_custo_barcelona_057.jpg\",\"file\":\"custo_barcelona_057.jpg\",\"meta\":{\"aperture\":false,\"credit\":false,\"camera\":false,\"caption\":\"Ready to Wear Fall\\\/Winter 2016-2017\",\"created_timestamp\":\"February 3, 2016 9:01 pm\",\"copyright\":\"\\u00c2\\u00a9 2016 Estrop-Barcelona PHOTOGRAPH FOR EDITORIAL USE ONLY\",\"focal_length\":false,\"iso\":false,\"shutter_speed\":false,\"flash\":false,\"title\":\"Ready to Wear Fall\\\/Winter 2016-2017\",\"keywords\":\"Fall\\\/Winter 2016-2017,Ready to Wear\",\"width\":667,\"height\":1000,\"saved\":true,\"thumbnail\":{\"width\":220,\"height\":220,\"ewww_image_optimizer\":\"Reduced by 9.5% (2.7&nbsp;kB)\"},\"webview\":{\"0\":667,\"1\":1000,\"2\":2,\"3\":\"width=\\\"667\\\" height=\\\"1000\\\"\",\"bits\":8,\"channels\":3,\"mime\":\"image\\\/jpeg\",\"ewww_image_optimizer\":\"Reduced by 4.9% (4.7&nbsp;kB) - Previously Optimized\"},\"0\":false,\"ewww_image_optimizer\":\"Reduced by 5.6% (10.0&nbsp;kB)\",\"views\":\"1\",\"likes\":\"0\"},\"title\":\"Ready to Wear Fall\\\/Winter 2016-2017\",\"description\":\"<p>Ready to Wear Fall\\\/Winter 2016-2017<\\\/p>\",\"link\":null,\"link_target\":\"\",\"download\":\"https:\\\/\\\/bobvarela.com\\\/wp-content\\\/flagallery\\\/custo-barcelona-en-el-080-barcelona-fashion-fallwinter-2016-2017\\\/custo_barcelona_057.jpg\",\"ratio\":0.6670000000000000373034936274052597582340240478515625},{\"id\":\"23603\",\"image\":\"https:\\\/\\\/bobvarela.com\\\/wp-content\\\/flagallery\\\/custo-barcelona-en-el-080-barcelona-fashion-fallwinter-2016-2017\\\/webview\\\/custo_barcelona_058.jpg\",\"thumb\":\"https:\\\/\\\/bobvarela.com\\\/wp-content\\\/flagallery\\\/custo-barcelona-en-el-080-barcelona-fashion-fallwinter-2016-2017\\\/thumbs\\\/thumbs_custo_barcelona_058.jpg\",\"file\":\"custo_barcelona_058.jpg\",\"meta\":{\"aperture\":false,\"credit\":false,\"camera\":false,\"caption\":\"Ready to Wear Fall\\\/Winter 2016-2017\",\"created_timestamp\":\"February 3, 2016 9:01 pm\",\"copyright\":\"\\u00c2\\u00a9 2016 Estrop-Barcelona PHOTOGRAPH FOR EDITORIAL USE ONLY\",\"focal_length\":false,\"iso\":false,\"shutter_speed\":false,\"flash\":false,\"title\":\"Ready to Wear Fall\\\/Winter 2016-2017\",\"keywords\":\"Fall\\\/Winter 2016-2017,Ready to Wear\",\"width\":667,\"height\":1000,\"saved\":true,\"thumbnail\":{\"width\":220,\"height\":220,\"ewww_image_optimizer\":\"Reduced by 10.4% (3.4&nbsp;kB)\"},\"webview\":{\"0\":667,\"1\":1000,\"2\":2,\"3\":\"width=\\\"667\\\" height=\\\"1000\\\"\",\"bits\":8,\"channels\":3,\"mime\":\"image\\\/jpeg\",\"ewww_image_optimizer\":\"Reduced by 6.8% (8.6&nbsp;kB) - Previously Optimized\"},\"0\":false,\"ewww_image_optimizer\":\"Reduced by 6.2% (10.6&nbsp;kB)\",\"views\":\"1\",\"likes\":\"0\"},\"title\":\"Ready to Wear Fall\\\/Winter 2016-2017\",\"description\":\"<p>Ready to Wear Fall\\\/Winter 2016-2017<\\\/p>\",\"link\":null,\"link_target\":\"\",\"download\":\"https:\\\/\\\/bobvarela.com\\\/wp-content\\\/flagallery\\\/custo-barcelona-en-el-080-barcelona-fashion-fallwinter-2016-2017\\\/custo_barcelona_058.jpg\",\"ratio\":0.6670000000000000373034936274052597582340240478515625},{\"id\":\"23604\",\"image\":\"https:\\\/\\\/bobvarela.com\\\/wp-content\\\/flagallery\\\/custo-barcelona-en-el-080-barcelona-fashion-fallwinter-2016-2017\\\/webview\\\/custo_barcelona_059.jpg\",\"thumb\":\"https:\\\/\\\/bobvarela.com\\\/wp-content\\\/flagallery\\\/custo-barcelona-en-el-080-barcelona-fashion-fallwinter-2016-2017\\\/thumbs\\\/thumbs_custo_barcelona_059.jpg\",\"file\":\"custo_barcelona_059.jpg\",\"meta\":{\"aperture\":false,\"credit\":false,\"camera\":false,\"caption\":\"Ready to Wear Fall\\\/Winter 2016-2017\",\"created_timestamp\":\"February 3, 2016 9:02 pm\",\"copyright\":\"\\u00c2\\u00a9 2016 Estrop-Barcelona PHOTOGRAPH FOR EDITORIAL USE ONLY\",\"focal_length\":false,\"iso\":false,\"shutter_speed\":false,\"flash\":false,\"title\":\"Ready to Wear Fall\\\/Winter 2016-2017\",\"keywords\":\"Fall\\\/Winter 2016-2017,Ready to Wear\",\"width\":667,\"height\":1000,\"saved\":true,\"thumbnail\":{\"width\":220,\"height\":220,\"ewww_image_optimizer\":\"Reduced by 9.4% (2.6&nbsp;kB)\"},\"webview\":{\"0\":667,\"1\":1000,\"2\":2,\"3\":\"width=\\\"667\\\" height=\\\"1000\\\"\",\"bits\":8,\"channels\":3,\"mime\":\"image\\\/jpeg\",\"ewww_image_optimizer\":\"Reduced by 4.8% (4.3&nbsp;kB) - Previously Optimized\"},\"0\":false,\"ewww_image_optimizer\":\"Reduced by 5.3% (8.9&nbsp;kB)\",\"views\":\"1\",\"likes\":\"0\"},\"title\":\"Ready to Wear Fall\\\/Winter 2016-2017\",\"description\":\"<p>Ready to Wear Fall\\\/Winter 2016-2017<\\\/p>\",\"link\":null,\"link_target\":\"\",\"download\":\"https:\\\/\\\/bobvarela.com\\\/wp-content\\\/flagallery\\\/custo-barcelona-en-el-080-barcelona-fashion-fallwinter-2016-2017\\\/custo_barcelona_059.jpg\",\"ratio\":0.6670000000000000373034936274052597582340240478515625},{\"id\":\"23605\",\"image\":\"https:\\\/\\\/bobvarela.com\\\/wp-content\\\/flagallery\\\/custo-barcelona-en-el-080-barcelona-fashion-fallwinter-2016-2017\\\/webview\\\/custo_barcelona_060.jpg\",\"thumb\":\"https:\\\/\\\/bobvarela.com\\\/wp-content\\\/flagallery\\\/custo-barcelona-en-el-080-barcelona-fashion-fallwinter-2016-2017\\\/thumbs\\\/thumbs_custo_barcelona_060.jpg\",\"file\":\"custo_barcelona_060.jpg\",\"meta\":{\"aperture\":false,\"credit\":false,\"camera\":false,\"caption\":\"Ready to Wear Fall\\\/Winter 2016-2017\",\"created_timestamp\":\"February 3, 2016 9:02 pm\",\"copyright\":\"\\u00c2\\u00a9 2016 Estrop-Barcelona PHOTOGRAPH FOR EDITORIAL USE ONLY\",\"focal_length\":false,\"iso\":false,\"shutter_speed\":false,\"flash\":false,\"title\":\"Ready to Wear Fall\\\/Winter 2016-2017\",\"keywords\":\"Fall\\\/Winter 2016-2017,Ready to Wear\",\"width\":667,\"height\":1000,\"saved\":true,\"thumbnail\":{\"width\":220,\"height\":220,\"ewww_image_optimizer\":\"Reduced by 8.3% (2.3&nbsp;kB)\"},\"webview\":{\"0\":667,\"1\":1000,\"2\":2,\"3\":\"width=\\\"667\\\" height=\\\"1000\\\"\",\"bits\":8,\"channels\":3,\"mime\":\"image\\\/jpeg\",\"ewww_image_optimizer\":\"Reduced by 6.4% (5.7&nbsp;kB) - Previously Optimized\"},\"0\":false,\"ewww_image_optimizer\":\"Reduced by 6.3% (11.0&nbsp;kB)\",\"views\":\"2\",\"likes\":\"0\"},\"title\":\"Ready to Wear Fall\\\/Winter 2016-2017\",\"description\":\"<p>Ready to Wear Fall\\\/Winter 2016-2017<\\\/p>\",\"link\":null,\"link_target\":\"\",\"download\":\"https:\\\/\\\/bobvarela.com\\\/wp-content\\\/flagallery\\\/custo-barcelona-en-el-080-barcelona-fashion-fallwinter-2016-2017\\\/custo_barcelona_060.jpg\",\"ratio\":0.6670000000000000373034936274052597582340240478515625}]}; var container = $('#FlaGallery_sc1_330'); container.photomania(settings, content); window.FlaGallery_sc1_330 = container.data('photomania'); }); <\/script><\/div><noscript id=\"noscript_FlaGallery_sc1_330\"><img class=\"skip-lazy no-lazyload noLazy\" data-lazy-src=\"\" src =\"https:\/\/bobvarela.com\/wp-content\/flagallery\/custo-barcelona-en-el-080-barcelona-fashion-fallwinter-2016-2017\/custo_barcelona_001.jpg\" alt=\"Ready to Wear Fall\/Winter 2016-2017\" \/><img class=\"skip-lazy no-lazyload noLazy\" data-lazy-src=\"\" src =\"https:\/\/bobvarela.com\/wp-content\/flagallery\/custo-barcelona-en-el-080-barcelona-fashion-fallwinter-2016-2017\/custo_barcelona_002.jpg\" alt=\"Ready to Wear Fall\/Winter 2016-2017\" \/><img class=\"skip-lazy no-lazyload noLazy\" data-lazy-src=\"\" src =\"https:\/\/bobvarela.com\/wp-content\/flagallery\/custo-barcelona-en-el-080-barcelona-fashion-fallwinter-2016-2017\/custo_barcelona_003.jpg\" alt=\"Ready to Wear Fall\/Winter 2016-2017\" \/><img class=\"skip-lazy no-lazyload noLazy\" data-lazy-src=\"\" src =\"https:\/\/bobvarela.com\/wp-content\/flagallery\/custo-barcelona-en-el-080-barcelona-fashion-fallwinter-2016-2017\/custo_barcelona_004.jpg\" alt=\"Ready to Wear Fall\/Winter 2016-2017\" \/><img class=\"skip-lazy no-lazyload noLazy\" data-lazy-src=\"\" src =\"https:\/\/bobvarela.com\/wp-content\/flagallery\/custo-barcelona-en-el-080-barcelona-fashion-fallwinter-2016-2017\/custo_barcelona_005.jpg\" alt=\"Ready to Wear Fall\/Winter 2016-2017\" \/><img class=\"skip-lazy no-lazyload noLazy\" data-lazy-src=\"\" src =\"https:\/\/bobvarela.com\/wp-content\/flagallery\/custo-barcelona-en-el-080-barcelona-fashion-fallwinter-2016-2017\/custo_barcelona_006.jpg\" alt=\"Ready to Wear Fall\/Winter 2016-2017\" \/><img class=\"skip-lazy no-lazyload noLazy\" data-lazy-src=\"\" src =\"https:\/\/bobvarela.com\/wp-content\/flagallery\/custo-barcelona-en-el-080-barcelona-fashion-fallwinter-2016-2017\/custo_barcelona_007.jpg\" alt=\"Ready to Wear Fall\/Winter 2016-2017\" \/><img class=\"skip-lazy no-lazyload noLazy\" data-lazy-src=\"\" src =\"https:\/\/bobvarela.com\/wp-content\/flagallery\/custo-barcelona-en-el-080-barcelona-fashion-fallwinter-2016-2017\/custo_barcelona_008.jpg\" alt=\"Ready to Wear Fall\/Winter 2016-2017\" \/><img class=\"skip-lazy no-lazyload noLazy\" data-lazy-src=\"\" src =\"https:\/\/bobvarela.com\/wp-content\/flagallery\/custo-barcelona-en-el-080-barcelona-fashion-fallwinter-2016-2017\/custo_barcelona_009.jpg\" alt=\"Ready to Wear Fall\/Winter 2016-2017\" \/><img class=\"skip-lazy no-lazyload noLazy\" data-lazy-src=\"\" src =\"https:\/\/bobvarela.com\/wp-content\/flagallery\/custo-barcelona-en-el-080-barcelona-fashion-fallwinter-2016-2017\/custo_barcelona_010.jpg\" alt=\"Ready to Wear Fall\/Winter 2016-2017\" \/><img class=\"skip-lazy no-lazyload noLazy\" data-lazy-src=\"\" src =\"https:\/\/bobvarela.com\/wp-content\/flagallery\/custo-barcelona-en-el-080-barcelona-fashion-fallwinter-2016-2017\/custo_barcelona_011.jpg\" alt=\"Ready to Wear Fall\/Winter 2016-2017\" \/><img class=\"skip-lazy no-lazyload noLazy\" data-lazy-src=\"\" src =\"https:\/\/bobvarela.com\/wp-content\/flagallery\/custo-barcelona-en-el-080-barcelona-fashion-fallwinter-2016-2017\/custo_barcelona_012.jpg\" alt=\"Ready to Wear Fall\/Winter 2016-2017\" \/><img class=\"skip-lazy no-lazyload noLazy\" data-lazy-src=\"\" src =\"https:\/\/bobvarela.com\/wp-content\/flagallery\/custo-barcelona-en-el-080-barcelona-fashion-fallwinter-2016-2017\/custo_barcelona_013.jpg\" alt=\"Ready to Wear Fall\/Winter 2016-2017\" \/><img class=\"skip-lazy no-lazyload noLazy\" data-lazy-src=\"\" src =\"https:\/\/bobvarela.com\/wp-content\/flagallery\/custo-barcelona-en-el-080-barcelona-fashion-fallwinter-2016-2017\/custo_barcelona_014.jpg\" alt=\"Ready to Wear Fall\/Winter 2016-2017\" \/><img class=\"skip-lazy no-lazyload noLazy\" data-lazy-src=\"\" src =\"https:\/\/bobvarela.com\/wp-content\/flagallery\/custo-barcelona-en-el-080-barcelona-fashion-fallwinter-2016-2017\/custo_barcelona_015.jpg\" alt=\"Ready to Wear Fall\/Winter 2016-2017\" \/><img class=\"skip-lazy no-lazyload noLazy\" data-lazy-src=\"\" src =\"https:\/\/bobvarela.com\/wp-content\/flagallery\/custo-barcelona-en-el-080-barcelona-fashion-fallwinter-2016-2017\/custo_barcelona_016.jpg\" alt=\"Ready to Wear Fall\/Winter 2016-2017\" \/><img class=\"skip-lazy no-lazyload noLazy\" data-lazy-src=\"\" src =\"https:\/\/bobvarela.com\/wp-content\/flagallery\/custo-barcelona-en-el-080-barcelona-fashion-fallwinter-2016-2017\/custo_barcelona_017.jpg\" alt=\"Ready to Wear Fall\/Winter 2016-2017\" \/><img class=\"skip-lazy no-lazyload noLazy\" data-lazy-src=\"\" src =\"https:\/\/bobvarela.com\/wp-content\/flagallery\/custo-barcelona-en-el-080-barcelona-fashion-fallwinter-2016-2017\/custo_barcelona_018.jpg\" alt=\"Ready to Wear Fall\/Winter 2016-2017\" \/><img class=\"skip-lazy no-lazyload noLazy\" data-lazy-src=\"\" src =\"https:\/\/bobvarela.com\/wp-content\/flagallery\/custo-barcelona-en-el-080-barcelona-fashion-fallwinter-2016-2017\/custo_barcelona_019.jpg\" alt=\"Ready to Wear Fall\/Winter 2016-2017\" \/><img class=\"skip-lazy no-lazyload noLazy\" data-lazy-src=\"\" src =\"https:\/\/bobvarela.com\/wp-content\/flagallery\/custo-barcelona-en-el-080-barcelona-fashion-fallwinter-2016-2017\/custo_barcelona_020.jpg\" alt=\"Ready to Wear Fall\/Winter 2016-2017\" \/><img class=\"skip-lazy no-lazyload noLazy\" data-lazy-src=\"\" src =\"https:\/\/bobvarela.com\/wp-content\/flagallery\/custo-barcelona-en-el-080-barcelona-fashion-fallwinter-2016-2017\/custo_barcelona_021.jpg\" alt=\"Ready to Wear Fall\/Winter 2016-2017\" \/><img class=\"skip-lazy no-lazyload noLazy\" data-lazy-src=\"\" src =\"https:\/\/bobvarela.com\/wp-content\/flagallery\/custo-barcelona-en-el-080-barcelona-fashion-fallwinter-2016-2017\/custo_barcelona_022.jpg\" alt=\"Ready to Wear Fall\/Winter 2016-2017\" \/><img class=\"skip-lazy no-lazyload noLazy\" data-lazy-src=\"\" src =\"https:\/\/bobvarela.com\/wp-content\/flagallery\/custo-barcelona-en-el-080-barcelona-fashion-fallwinter-2016-2017\/custo_barcelona_023.jpg\" alt=\"Ready to Wear Fall\/Winter 2016-2017\" \/><img class=\"skip-lazy no-lazyload noLazy\" data-lazy-src=\"\" src =\"https:\/\/bobvarela.com\/wp-content\/flagallery\/custo-barcelona-en-el-080-barcelona-fashion-fallwinter-2016-2017\/custo_barcelona_024.jpg\" alt=\"Ready to Wear Fall\/Winter 2016-2017\" \/><img class=\"skip-lazy no-lazyload noLazy\" data-lazy-src=\"\" src =\"https:\/\/bobvarela.com\/wp-content\/flagallery\/custo-barcelona-en-el-080-barcelona-fashion-fallwinter-2016-2017\/custo_barcelona_025.jpg\" alt=\"Ready to Wear Fall\/Winter 2016-2017\" \/><img class=\"skip-lazy no-lazyload noLazy\" data-lazy-src=\"\" src =\"https:\/\/bobvarela.com\/wp-content\/flagallery\/custo-barcelona-en-el-080-barcelona-fashion-fallwinter-2016-2017\/custo_barcelona_026.jpg\" alt=\"Ready to Wear Fall\/Winter 2016-2017\" \/><img class=\"skip-lazy no-lazyload noLazy\" data-lazy-src=\"\" src =\"https:\/\/bobvarela.com\/wp-content\/flagallery\/custo-barcelona-en-el-080-barcelona-fashion-fallwinter-2016-2017\/custo_barcelona_027.jpg\" alt=\"Ready to Wear Fall\/Winter 2016-2017\" \/><img class=\"skip-lazy no-lazyload noLazy\" data-lazy-src=\"\" src =\"https:\/\/bobvarela.com\/wp-content\/flagallery\/custo-barcelona-en-el-080-barcelona-fashion-fallwinter-2016-2017\/custo_barcelona_028.jpg\" alt=\"Ready to Wear Fall\/Winter 2016-2017\" \/><img class=\"skip-lazy no-lazyload noLazy\" data-lazy-src=\"\" src =\"https:\/\/bobvarela.com\/wp-content\/flagallery\/custo-barcelona-en-el-080-barcelona-fashion-fallwinter-2016-2017\/custo_barcelona_029.jpg\" alt=\"Ready to Wear Fall\/Winter 2016-2017\" \/><img class=\"skip-lazy no-lazyload noLazy\" data-lazy-src=\"\" src =\"https:\/\/bobvarela.com\/wp-content\/flagallery\/custo-barcelona-en-el-080-barcelona-fashion-fallwinter-2016-2017\/custo_barcelona_030.jpg\" alt=\"Ready to Wear Fall\/Winter 2016-2017\" \/><img class=\"skip-lazy no-lazyload noLazy\" data-lazy-src=\"\" src =\"https:\/\/bobvarela.com\/wp-content\/flagallery\/custo-barcelona-en-el-080-barcelona-fashion-fallwinter-2016-2017\/custo_barcelona_031.jpg\" alt=\"Ready to Wear Fall\/Winter 2016-2017\" \/><img class=\"skip-lazy no-lazyload noLazy\" data-lazy-src=\"\" src =\"https:\/\/bobvarela.com\/wp-content\/flagallery\/custo-barcelona-en-el-080-barcelona-fashion-fallwinter-2016-2017\/custo_barcelona_032.jpg\" alt=\"Ready to Wear Fall\/Winter 2016-2017\" \/><img class=\"skip-lazy no-lazyload noLazy\" data-lazy-src=\"\" src =\"https:\/\/bobvarela.com\/wp-content\/flagallery\/custo-barcelona-en-el-080-barcelona-fashion-fallwinter-2016-2017\/custo_barcelona_033.jpg\" alt=\"Ready to Wear Fall\/Winter 2016-2017\" \/><img class=\"skip-lazy no-lazyload noLazy\" data-lazy-src=\"\" src =\"https:\/\/bobvarela.com\/wp-content\/flagallery\/custo-barcelona-en-el-080-barcelona-fashion-fallwinter-2016-2017\/custo_barcelona_034.jpg\" alt=\"Ready to Wear Fall\/Winter 2016-2017\" \/><img class=\"skip-lazy no-lazyload noLazy\" data-lazy-src=\"\" src =\"https:\/\/bobvarela.com\/wp-content\/flagallery\/custo-barcelona-en-el-080-barcelona-fashion-fallwinter-2016-2017\/custo_barcelona_035.jpg\" alt=\"Ready to Wear Fall\/Winter 2016-2017\" \/><img class=\"skip-lazy no-lazyload noLazy\" data-lazy-src=\"\" src =\"https:\/\/bobvarela.com\/wp-content\/flagallery\/custo-barcelona-en-el-080-barcelona-fashion-fallwinter-2016-2017\/custo_barcelona_036.jpg\" alt=\"Ready to Wear Fall\/Winter 2016-2017\" \/><img class=\"skip-lazy no-lazyload noLazy\" data-lazy-src=\"\" src =\"https:\/\/bobvarela.com\/wp-content\/flagallery\/custo-barcelona-en-el-080-barcelona-fashion-fallwinter-2016-2017\/custo_barcelona_037.jpg\" alt=\"Ready to Wear Fall\/Winter 2016-2017\" \/><img class=\"skip-lazy no-lazyload noLazy\" data-lazy-src=\"\" src =\"https:\/\/bobvarela.com\/wp-content\/flagallery\/custo-barcelona-en-el-080-barcelona-fashion-fallwinter-2016-2017\/custo_barcelona_038.jpg\" alt=\"Ready to Wear Fall\/Winter 2016-2017\" \/><img class=\"skip-lazy no-lazyload noLazy\" data-lazy-src=\"\" src =\"https:\/\/bobvarela.com\/wp-content\/flagallery\/custo-barcelona-en-el-080-barcelona-fashion-fallwinter-2016-2017\/custo_barcelona_039.jpg\" alt=\"Ready to Wear Fall\/Winter 2016-2017\" \/><img class=\"skip-lazy no-lazyload noLazy\" data-lazy-src=\"\" src =\"https:\/\/bobvarela.com\/wp-content\/flagallery\/custo-barcelona-en-el-080-barcelona-fashion-fallwinter-2016-2017\/custo_barcelona_040.jpg\" alt=\"Ready to Wear Fall\/Winter 2016-2017\" \/><img class=\"skip-lazy no-lazyload noLazy\" data-lazy-src=\"\" src =\"https:\/\/bobvarela.com\/wp-content\/flagallery\/custo-barcelona-en-el-080-barcelona-fashion-fallwinter-2016-2017\/custo_barcelona_041.jpg\" alt=\"Ready to Wear Fall\/Winter 2016-2017\" \/><img class=\"skip-lazy no-lazyload noLazy\" data-lazy-src=\"\" src =\"https:\/\/bobvarela.com\/wp-content\/flagallery\/custo-barcelona-en-el-080-barcelona-fashion-fallwinter-2016-2017\/custo_barcelona_042.jpg\" alt=\"Ready to Wear Fall\/Winter 2016-2017\" \/><img class=\"skip-lazy no-lazyload noLazy\" data-lazy-src=\"\" src =\"https:\/\/bobvarela.com\/wp-content\/flagallery\/custo-barcelona-en-el-080-barcelona-fashion-fallwinter-2016-2017\/custo_barcelona_043.jpg\" alt=\"Ready to Wear Fall\/Winter 2016-2017\" \/><img class=\"skip-lazy no-lazyload noLazy\" data-lazy-src=\"\" src =\"https:\/\/bobvarela.com\/wp-content\/flagallery\/custo-barcelona-en-el-080-barcelona-fashion-fallwinter-2016-2017\/custo_barcelona_044.jpg\" alt=\"Ready to Wear Fall\/Winter 2016-2017\" \/><img class=\"skip-lazy no-lazyload noLazy\" data-lazy-src=\"\" src =\"https:\/\/bobvarela.com\/wp-content\/flagallery\/custo-barcelona-en-el-080-barcelona-fashion-fallwinter-2016-2017\/custo_barcelona_045.jpg\" alt=\"Ready to Wear Fall\/Winter 2016-2017\" \/><img class=\"skip-lazy no-lazyload noLazy\" data-lazy-src=\"\" src =\"https:\/\/bobvarela.com\/wp-content\/flagallery\/custo-barcelona-en-el-080-barcelona-fashion-fallwinter-2016-2017\/custo_barcelona_046.jpg\" alt=\"Ready to Wear Fall\/Winter 2016-2017\" \/><img class=\"skip-lazy no-lazyload noLazy\" data-lazy-src=\"\" src =\"https:\/\/bobvarela.com\/wp-content\/flagallery\/custo-barcelona-en-el-080-barcelona-fashion-fallwinter-2016-2017\/custo_barcelona_047.jpg\" alt=\"Ready to Wear Fall\/Winter 2016-2017\" \/><img class=\"skip-lazy no-lazyload noLazy\" data-lazy-src=\"\" src =\"https:\/\/bobvarela.com\/wp-content\/flagallery\/custo-barcelona-en-el-080-barcelona-fashion-fallwinter-2016-2017\/custo_barcelona_048.jpg\" alt=\"Ready to Wear Fall\/Winter 2016-2017\" \/><img class=\"skip-lazy no-lazyload noLazy\" data-lazy-src=\"\" src =\"https:\/\/bobvarela.com\/wp-content\/flagallery\/custo-barcelona-en-el-080-barcelona-fashion-fallwinter-2016-2017\/custo_barcelona_049.jpg\" alt=\"Ready to Wear Fall\/Winter 2016-2017\" \/><img class=\"skip-lazy no-lazyload noLazy\" data-lazy-src=\"\" src =\"https:\/\/bobvarela.com\/wp-content\/flagallery\/custo-barcelona-en-el-080-barcelona-fashion-fallwinter-2016-2017\/custo_barcelona_050.jpg\" alt=\"Ready to Wear Fall\/Winter 2016-2017\" \/><img class=\"skip-lazy no-lazyload noLazy\" data-lazy-src=\"\" src =\"https:\/\/bobvarela.com\/wp-content\/flagallery\/custo-barcelona-en-el-080-barcelona-fashion-fallwinter-2016-2017\/custo_barcelona_051.jpg\" alt=\"Ready to Wear Fall\/Winter 2016-2017\" \/><img class=\"skip-lazy no-lazyload noLazy\" data-lazy-src=\"\" src =\"https:\/\/bobvarela.com\/wp-content\/flagallery\/custo-barcelona-en-el-080-barcelona-fashion-fallwinter-2016-2017\/custo_barcelona_052.jpg\" alt=\"Ready to Wear Fall\/Winter 2016-2017\" \/><img class=\"skip-lazy no-lazyload noLazy\" data-lazy-src=\"\" src =\"https:\/\/bobvarela.com\/wp-content\/flagallery\/custo-barcelona-en-el-080-barcelona-fashion-fallwinter-2016-2017\/custo_barcelona_053.jpg\" alt=\"Ready to Wear Fall\/Winter 2016-2017\" \/><img class=\"skip-lazy no-lazyload noLazy\" data-lazy-src=\"\" src =\"https:\/\/bobvarela.com\/wp-content\/flagallery\/custo-barcelona-en-el-080-barcelona-fashion-fallwinter-2016-2017\/custo_barcelona_054.jpg\" alt=\"Ready to Wear Fall\/Winter 2016-2017\" \/><img class=\"skip-lazy no-lazyload noLazy\" data-lazy-src=\"\" src =\"https:\/\/bobvarela.com\/wp-content\/flagallery\/custo-barcelona-en-el-080-barcelona-fashion-fallwinter-2016-2017\/custo_barcelona_055.jpg\" alt=\"Ready to Wear Fall\/Winter 2016-2017\" \/><img class=\"skip-lazy no-lazyload noLazy\" data-lazy-src=\"\" src =\"https:\/\/bobvarela.com\/wp-content\/flagallery\/custo-barcelona-en-el-080-barcelona-fashion-fallwinter-2016-2017\/custo_barcelona_056.jpg\" alt=\"Ready to Wear Fall\/Winter 2016-2017\" \/><img class=\"skip-lazy no-lazyload noLazy\" data-lazy-src=\"\" src =\"https:\/\/bobvarela.com\/wp-content\/flagallery\/custo-barcelona-en-el-080-barcelona-fashion-fallwinter-2016-2017\/custo_barcelona_057.jpg\" alt=\"Ready to Wear Fall\/Winter 2016-2017\" \/><img class=\"skip-lazy no-lazyload noLazy\" data-lazy-src=\"\" src =\"https:\/\/bobvarela.com\/wp-content\/flagallery\/custo-barcelona-en-el-080-barcelona-fashion-fallwinter-2016-2017\/custo_barcelona_058.jpg\" alt=\"Ready to Wear Fall\/Winter 2016-2017\" \/><img class=\"skip-lazy no-lazyload noLazy\" data-lazy-src=\"\" src =\"https:\/\/bobvarela.com\/wp-content\/flagallery\/custo-barcelona-en-el-080-barcelona-fashion-fallwinter-2016-2017\/custo_barcelona_059.jpg\" alt=\"Ready to Wear Fall\/Winter 2016-2017\" \/><img class=\"skip-lazy no-lazyload noLazy\" data-lazy-src=\"\" src =\"https:\/\/bobvarela.com\/wp-content\/flagallery\/custo-barcelona-en-el-080-barcelona-fashion-fallwinter-2016-2017\/custo_barcelona_060.jpg\" alt=\"Ready to Wear Fall\/Winter 2016-2017\" \/><\/noscript><\/p>\n<p>Fotos cortesia de 080 BARCELONA FASHION<\/p>\n","protected":false},"excerpt":{"rendered":"<p>La marca catalana de renombre internacional Custo Barcelona ha cerrado este mi\u00e9rcoles 3 de febrero los desfiles del 080 Barcelona Fashion en la Casa Llotja de Mar con un avance de su colecci\u00f3n para hombre y mujer para el oto\u00f1o-invierno&hellip;<\/p>\n<p class=\"more-link-p\"><a class=\"more-link\" href=\"https:\/\/bobvarela.com\/?p=91837\">Read more &rarr;<\/a><\/p>\n","protected":false},"author":1,"featured_media":0,"comment_status":"open","ping_status":"open","sticky":false,"template":"","format":"standard","meta":{"ngg_post_thumbnail":0,"footnotes":""},"categories":[478,4],"tags":[],"class_list":["post-91837","post","type-post","status-publish","format-standard","hentry","category-080-barcelona","category-moda"],"_links":{"self":[{"href":"https:\/\/bobvarela.com\/index.php?rest_route=\/wp\/v2\/posts\/91837","targetHints":{"allow":["GET"]}}],"collection":[{"href":"https:\/\/bobvarela.com\/index.php?rest_route=\/wp\/v2\/posts"}],"about":[{"href":"https:\/\/bobvarela.com\/index.php?rest_route=\/wp\/v2\/types\/post"}],"author":[{"embeddable":true,"href":"https:\/\/bobvarela.com\/index.php?rest_route=\/wp\/v2\/users\/1"}],"replies":[{"embeddable":true,"href":"https:\/\/bobvarela.com\/index.php?rest_route=%2Fwp%2Fv2%2Fcomments&post=91837"}],"version-history":[{"count":1,"href":"https:\/\/bobvarela.com\/index.php?rest_route=\/wp\/v2\/posts\/91837\/revisions"}],"predecessor-version":[{"id":91838,"href":"https:\/\/bobvarela.com\/index.php?rest_route=\/wp\/v2\/posts\/91837\/revisions\/91838"}],"wp:attachment":[{"href":"https:\/\/bobvarela.com\/index.php?rest_route=%2Fwp%2Fv2%2Fmedia&parent=91837"}],"wp:term":[{"taxonomy":"category","embeddable":true,"href":"https:\/\/bobvarela.com\/index.php?rest_route=%2Fwp%2Fv2%2Fcategories&post=91837"},{"taxonomy":"post_tag","embeddable":true,"href":"https:\/\/bobvarela.com\/index.php?rest_route=%2Fwp%2Fv2%2Ftags&post=91837"}],"curies":[{"name":"wp","href":"https:\/\/api.w.org\/{rel}","templated":true}]}}