{"id":93446,"date":"2016-03-03T02:47:00","date_gmt":"2016-03-03T06:47:00","guid":{"rendered":"https:\/\/bobvarela.com\/?p=93446"},"modified":"2016-03-03T06:53:59","modified_gmt":"2016-03-03T10:53:59","slug":"diseadora-de-joyera-presenta-su-nueva-coleccin-ol-morena-primavera-verano-2016","status":"publish","type":"post","link":"https:\/\/bobvarela.com\/?p=93446","title":{"rendered":"Dise&ntilde;adora de joyer&iacute;a presenta su nueva colecci&oacute;n Ol&eacute;!&#8230;morena primavera &ndash; verano 2016"},"content":{"rendered":"<p align=\"center\"><a href=\"https:\/\/bobvarela.com\/wp-content\/uploads\/2016\/03\/Ivelisse-Nieves-Ol._.Morena.jpg\"><img loading=\"lazy\" decoding=\"async\" title=\"Ivelisse Nieves Ol\u00e9._.Morena\" style=\"border-top: 0px; border-right: 0px; background-image: none; border-bottom: 0px; padding-top: 0px; padding-left: 0px; border-left: 0px; display: inline; padding-right: 0px\" border=\"0\" alt=\"Ivelisse Nieves Ol\u00e9._.Morena\" src=\"https:\/\/bobvarela.com\/wp-content\/uploads\/2016\/03\/Ivelisse-Nieves-Ol._.Morena_thumb.jpg\" width=\"198\" height=\"286\" \/><\/a><\/p>\n<p align=\"justify\"><font size=\"3\">La destacada dise\u00f1adora de joyer\u00eda fina y accesorios Ivelisse Nieves presentar\u00e1 su colecci\u00f3n \u201cOl\u00e9!&#8230;Morena\u201d en el Ballroom de Hotel Verdanza en Isla Verde el<i> mi\u00e9rcoles, 16 de marzo <\/i>de 2016 a partir de las 7:00 pm, en un evento ben\u00e9fico para ayudar a los ni\u00f1os y j\u00f3venes residentes en la Casa de Ni\u00f1os Manuel Fern\u00e1ndez Juncos. La actividad tambi\u00e9n sirve de marco para la celebraci\u00f3n de los 10 a\u00f1os de trayectoria en la industria de la moda <\/font><\/p>\n<p align=\"justify\"><font size=\"3\">\u201cOl\u00e9\u2026Morena\u201d contar\u00e1 con la participaci\u00f3n de reconocidas modelos locales de las principales agencias del pa\u00eds y la participaci\u00f3n de nuestra actual reina de belleza Kristhielee Caride Miss Universe Puerto Rico 2016. <\/font><\/p>\n<p align=\"justify\"><font size=\"3\"><a href=\"https:\/\/bobvarela.com\/wp-content\/uploads\/2016\/03\/FM2A1410-copy.jpg\"><img loading=\"lazy\" decoding=\"async\" title=\"FM2A1410 copy\" style=\"border-top: 0px; border-right: 0px; background-image: none; border-bottom: 0px; float: left; padding-top: 0px; padding-left: 0px; border-left: 0px; display: inline; padding-right: 0px\" border=\"0\" alt=\"FM2A1410 copy\" src=\"https:\/\/bobvarela.com\/wp-content\/uploads\/2016\/03\/FM2A1410-copy_thumb.jpg\" width=\"155\" align=\"left\" height=\"274\" \/><\/a>\u201cEstoy bien contenta y entusiasmada de poder hacer nuevamente un evento ben\u00e9fico por los ni\u00f1os de m\u00ed pa\u00eds y celebrar mis 10 a\u00f1os de trayectoria como dise\u00f1adora de joyer\u00eda. Me llena de mucho orgullo el poder presentar mi nueva propuesta para la primavera-verano 2016 en m\u00ed Isla y que por segunda vez sea dedicada a estos ni\u00f1os\u201d, dijo la dise\u00f1adora. Cabe destacar que las colecciones se Ivelisse han sido presentadas en pasarelas internacionales como en el evento m\u00e1s importante de Florida Central \u201cDiscover Your Beauty\u201d(2015), \u201cColor Fusion\u201d en Carolina del Sur (2015), Latino Fashion Week en Chicago (2014) y en LFW \u2013 Miami (2015), Puerto Rico High Fashion Week (2013), el Plitzs New York City Fashion Week (2012) el Virginia Fashion Week (2012) y en el el International Fashion Expo del Virginia Fashion Week (2012) entre otras.<\/font><\/p>\n<p align=\"justify\"><font size=\"3\">\u201cContaremos con la l\u00ednea de cosmeticos para los modelos a cargo de Hernan Rivera que nos llega desde Chicago. La decoraci\u00f3n y ambientaci\u00f3n ser\u00e1 por Tallos Flores Internacionales. En este evento se estar\u00e1n recaudando productos de primera necesidad, ropa y donativos en met\u00e1lico seg\u00fan desee la persona que asista para la Casa de Ni\u00f1os\u201d, explic\u00f3 Ivelisse.<\/font><\/p>\n<p align=\"justify\"><font size=\"3\">La tambi\u00e9n escultora coment\u00f3 que la nueva propuesta ser\u00e1 muy diferente a sus pasados trabajos ya que la misma est\u00e1 inspirada en la \u201cPlaza de Toro de Sevilla\u201d Espa\u00f1a. Es considerada la plaza m\u00e1s importante y con mayor tradici\u00f3n taurina de Espa\u00f1a. Es apodada popularmente como la \u201cCatedral del Toreo\u201d. Es una de las plazas m\u00e1s antiguas de Espa\u00f1a y la primera en forma circular (ovalada). De arquitectura tardo-barroca en la que destaca la entrada principal con sus dos torreones, es considerada una de las plazas de toros m\u00e1s bellas de Espa\u00f1a adem\u00e1s de ser uno de los centros de atracci\u00f3n tur\u00edstica m\u00e1s populares de la ciudad y est\u00e1 entre los monumentos m\u00e1s visitados de la misma. <\/font><\/p>\n<p align=\"center\"><a href=\"https:\/\/bobvarela.com\/wp-content\/uploads\/2016\/03\/FM2A2894.jpg\"><img loading=\"lazy\" decoding=\"async\" title=\"FM2A2894\" style=\"border-top: 0px; border-right: 0px; background-image: none; border-bottom: 0px; padding-top: 0px; padding-left: 0px; border-left: 0px; display: inline; padding-right: 0px\" border=\"0\" alt=\"FM2A2894\" src=\"https:\/\/bobvarela.com\/wp-content\/uploads\/2016\/03\/FM2A2894_thumb.jpg\" width=\"348\" height=\"213\" \/><\/a><\/p>\n<p align=\"justify\"><font size=\"3\">Para Nieves esto es motivo de inspiraci\u00f3n en esta propuesta ya que utiliza cada detalle, movimiento que ha marcado por cientos de a\u00f1os una tradici\u00f3n y moda en el vestir de los toreros que se han presentado en esta plaza. Encontraremos en esta l\u00ednea de accesorios y joyer\u00eda la moda, historia, cultura, arte y tradici\u00f3n donde fusionan y se crean cada una de las piezas de joyer\u00eda confeccionadas en telas de encajes, chantilli fr\u00e1nces y gipurt con \u00e1gatas, cuarzos, turquezas, \u00f3nix, cristales, corales, perlas de agua dulce, cadenas, tejidos de piedras y metales. La colecci\u00f3n constar\u00e1 por primera vez de corbatas en estilo de collares, sortijas, collares multi-l\u00edneas, pantallas y brasaletes. Como resultado de esta gran artista, Nieves decide llamarle a su colecci\u00f3n \u201cOl\u00e9!&#8230;Morena.\u201d Predominar\u00e1n los colores: blanco, crema, rojo, negro, rosa, verde y el tornasol. Los met\u00e1licos como: el dorado y plateado.<\/font><\/p>\n","protected":false},"excerpt":{"rendered":"<p>La destacada dise\u00f1adora de joyer\u00eda fina y accesorios Ivelisse Nieves presentar\u00e1 su colecci\u00f3n \u201cOl\u00e9!&#8230;Morena\u201d en el Ballroom de Hotel Verdanza en Isla Verde el mi\u00e9rcoles, 16 de marzo de 2016 a partir de las 7:00 pm, en un evento ben\u00e9fico&hellip;<\/p>\n<p class=\"more-link-p\"><a class=\"more-link\" href=\"https:\/\/bobvarela.com\/?p=93446\">Read more &rarr;<\/a><\/p>\n","protected":false},"author":1,"featured_media":0,"comment_status":"open","ping_status":"open","sticky":false,"template":"","format":"standard","meta":{"ngg_post_thumbnail":0,"footnotes":""},"categories":[4,295],"tags":[],"class_list":["post-93446","post","type-post","status-publish","format-standard","hentry","category-moda","category-puerto-rico"],"_links":{"self":[{"href":"https:\/\/bobvarela.com\/index.php?rest_route=\/wp\/v2\/posts\/93446","targetHints":{"allow":["GET"]}}],"collection":[{"href":"https:\/\/bobvarela.com\/index.php?rest_route=\/wp\/v2\/posts"}],"about":[{"href":"https:\/\/bobvarela.com\/index.php?rest_route=\/wp\/v2\/types\/post"}],"author":[{"embeddable":true,"href":"https:\/\/bobvarela.com\/index.php?rest_route=\/wp\/v2\/users\/1"}],"replies":[{"embeddable":true,"href":"https:\/\/bobvarela.com\/index.php?rest_route=%2Fwp%2Fv2%2Fcomments&post=93446"}],"version-history":[{"count":2,"href":"https:\/\/bobvarela.com\/index.php?rest_route=\/wp\/v2\/posts\/93446\/revisions"}],"predecessor-version":[{"id":93448,"href":"https:\/\/bobvarela.com\/index.php?rest_route=\/wp\/v2\/posts\/93446\/revisions\/93448"}],"wp:attachment":[{"href":"https:\/\/bobvarela.com\/index.php?rest_route=%2Fwp%2Fv2%2Fmedia&parent=93446"}],"wp:term":[{"taxonomy":"category","embeddable":true,"href":"https:\/\/bobvarela.com\/index.php?rest_route=%2Fwp%2Fv2%2Fcategories&post=93446"},{"taxonomy":"post_tag","embeddable":true,"href":"https:\/\/bobvarela.com\/index.php?rest_route=%2Fwp%2Fv2%2Ftags&post=93446"}],"curies":[{"name":"wp","href":"https:\/\/api.w.org\/{rel}","templated":true}]}}