{"id":94434,"date":"2016-03-06T19:20:28","date_gmt":"2016-03-06T23:20:28","guid":{"rendered":"https:\/\/bobvarela.com\/?p=94434"},"modified":"2016-03-06T19:25:07","modified_gmt":"2016-03-06T23:25:07","slug":"jorge-diep-n-el-puerto-rico-fashion-in-primera-edicion","status":"publish","type":"post","link":"https:\/\/bobvarela.com\/?p=94434","title":{"rendered":"Jorge Diep en el Puerto Rico Fashion IN Primera Edicion"},"content":{"rendered":"<p align=\"center\"><font size=\"3\"><a href=\"https:\/\/bobvarela.com\/wp-content\/uploads\/2016\/03\/C99A3594.jpg\"><img loading=\"lazy\" decoding=\"async\" title=\"C99A3594\" style=\"border-top: 0px; border-right: 0px; background-image: none; border-bottom: 0px; padding-top: 0px; padding-left: 0px; border-left: 0px; display: inline; padding-right: 0px\" border=\"0\" alt=\"C99A3594\" src=\"https:\/\/bobvarela.com\/wp-content\/uploads\/2016\/03\/C99A3594_thumb.jpg\" width=\"290\" height=\"242\" \/><\/a><\/font><\/p>\n<p align=\"justify\"><font size=\"3\">El dise\u00f1ador dominicano, Jorge Diep, presento&#160; la colecci\u00f3n llamada <i>Amazonic, <\/i>inspirada en la selva del <i><\/i>Amazonas.<i> <\/i>Destac\u00e1ndose las telas trabajadas en crudo con una variedad de colores brillantes con aplicaciones en piel original de culebra.<\/font><\/p>\n<p align=\"justify\">ngg_shortcode_0_placeholder<\/p>\n","protected":false},"excerpt":{"rendered":"<p>El dise\u00f1ador dominicano, Jorge Diep, presento&#160; la colecci\u00f3n llamada Amazonic, inspirada en la selva del Amazonas. Destac\u00e1ndose las telas trabajadas en crudo con una variedad de colores brillantes con aplicaciones en piel original de culebra.<\/p>\n<p class=\"more-link-p\"><a class=\"more-link\" href=\"https:\/\/bobvarela.com\/?p=94434\">Read more &rarr;<\/a><\/p>\n","protected":false},"author":1,"featured_media":0,"comment_status":"open","ping_status":"open","sticky":false,"template":"","format":"standard","meta":{"ngg_post_thumbnail":0,"footnotes":""},"categories":[4,295],"tags":[],"class_list":["post-94434","post","type-post","status-publish","format-standard","hentry","category-moda","category-puerto-rico"],"_links":{"self":[{"href":"https:\/\/bobvarela.com\/index.php?rest_route=\/wp\/v2\/posts\/94434","targetHints":{"allow":["GET"]}}],"collection":[{"href":"https:\/\/bobvarela.com\/index.php?rest_route=\/wp\/v2\/posts"}],"about":[{"href":"https:\/\/bobvarela.com\/index.php?rest_route=\/wp\/v2\/types\/post"}],"author":[{"embeddable":true,"href":"https:\/\/bobvarela.com\/index.php?rest_route=\/wp\/v2\/users\/1"}],"replies":[{"embeddable":true,"href":"https:\/\/bobvarela.com\/index.php?rest_route=%2Fwp%2Fv2%2Fcomments&post=94434"}],"version-history":[{"count":3,"href":"https:\/\/bobvarela.com\/index.php?rest_route=\/wp\/v2\/posts\/94434\/revisions"}],"predecessor-version":[{"id":94439,"href":"https:\/\/bobvarela.com\/index.php?rest_route=\/wp\/v2\/posts\/94434\/revisions\/94439"}],"wp:attachment":[{"href":"https:\/\/bobvarela.com\/index.php?rest_route=%2Fwp%2Fv2%2Fmedia&parent=94434"}],"wp:term":[{"taxonomy":"category","embeddable":true,"href":"https:\/\/bobvarela.com\/index.php?rest_route=%2Fwp%2Fv2%2Fcategories&post=94434"},{"taxonomy":"post_tag","embeddable":true,"href":"https:\/\/bobvarela.com\/index.php?rest_route=%2Fwp%2Fv2%2Ftags&post=94434"}],"curies":[{"name":"wp","href":"https:\/\/api.w.org\/{rel}","templated":true}]}}