{"id":95340,"date":"2016-03-12T11:42:51","date_gmt":"2016-03-12T15:42:51","guid":{"rendered":"https:\/\/bobvarela.com\/?p=95340"},"modified":"2016-03-12T11:42:51","modified_gmt":"2016-03-12T15:42:51","slug":"hacia-tailandia-ingeniero-boricua-en-mster-global-international-2016","status":"publish","type":"post","link":"https:\/\/bobvarela.com\/?p=95340","title":{"rendered":"Hacia Tailandia, ingeniero boricua en M&iacute;ster Global International 2016"},"content":{"rendered":"<p align=\"center\"><font size=\"3\"><a href=\"https:\/\/bobvarela.com\/wp-content\/uploads\/2016\/03\/IMG_7401.jpg\"><img loading=\"lazy\" decoding=\"async\" title=\"IMG_7401\" style=\"border-top: 0px; border-right: 0px; background-image: none; border-bottom: 0px; padding-top: 0px; padding-left: 0px; border-left: 0px; display: inline; padding-right: 0px\" border=\"0\" alt=\"IMG_7401\" src=\"https:\/\/bobvarela.com\/wp-content\/uploads\/2016\/03\/IMG_7401_thumb.jpg\" width=\"220\" height=\"302\" \/><\/a><\/font><\/p>\n<p align=\"justify\"><font size=\"3\">El ingeniero y modelo Dexter Col\u00f3n, estar\u00e1 representado a Puerto Rico en el certamen de belleza masculina M\u00edster Global International 2016 el pr\u00f3ximo mes de abril, en la ciudad de Chiang&#160; Mai, Tailandia.<\/font><\/p>\n<p align=\"justify\"><font size=\"3\">Dexter Col\u00f3n, quien es el delegado de M\u00edster Global Puerto Rico 2016, ser\u00e1 quien nos representar\u00e1 en esta competencia internacional en la cual&#160; 30 pa\u00edses ya han confirmado su participaci\u00f3n para competir por el codiciado t\u00edtulo.&#160; \u201cMe siento bien privilegiado en representar a mi pa\u00eds en tan importante evento y hacer resonar el nombre de Puerto Rico en lugares tan distantes como la Tailandia.&#160; Puerto Rico brillara en grande\u201d, dijo Dexter. <\/font><\/p>\n<p align=\"justify\"><font size=\"3\">De acuerdo con el delegado puertorrique\u00f1o, la participaci\u00f3n en M\u00edster Global International 2016 significar\u00e1 una oportunidad de seguir evolucionando a una escala mundial en su carrera profesional, y a la vez lograr que Puerto Rico mantenga su sitial como cuna de talento, elegancia y clase entre los cert\u00e1menes de belleza masculina.&#160; \u201cTengo la intenci\u00f3n de representar dignamente la figura masculina puertorrique\u00f1a en esta competencia, y al mismo tiempo seguir siendo ejemplo de inteligencia, tenacidad, determinaci\u00f3n y responsabilidad social para nuestra juventud\u201d, mencion\u00f3 Dexter.<\/font><\/p>\n<p align=\"justify\"><font size=\"3\">El joven ingeniero de 25 a\u00f1os, graduado de la Universidad Polit\u00e9cnica de Puerto Rico, quien labora como ingeniero civil en el municipio de Cayey, lleg\u00f3 al mundo del modelaje por accidente. \u201cPues uno de sus mejores amigos, el Modelo y actual Mister International Puerto Rico, Fernando \u00c1lvarez, le sirvi\u00f3 de inspiraci\u00f3n por sus logros a nivel internacional\u201d lo cual me llev\u00f3 del campo de la ingenier\u00eda al mundo de las pasarelas.&#160; Esto demuestra que en la vida hay espacio para desarrollarse, y entre m\u00e1s luchas muchas puertas se abren para ti, y este ha sido mi caso\u201d, indic\u00f3 el delegado boricua; quien tambi\u00e9n le apasiona el ser entrenador personal. <\/font><\/p>\n<p align=\"justify\"><font size=\"3\">De otra parte, el presidente de M\u00edster International Puerto Rico, Miguel R. Deliz, indic\u00f3 que el pasado a\u00f1o el joven modelo Jos\u00e9 L\u00f3pez, logro posicionarse entre los finalistas y obtuvo el premio de mejor cuerpo en esta competencia. Este a\u00f1o el concurso estar\u00e1 evaluando a los candidatos por su apariencia y postura, por la manera en que se expresan al presentarse en p\u00fablico y responder a las preguntas del jurado, as\u00ed como por la elegancia proyectada en ropa formal, traje de ba\u00f1o, y vistosidad y manejo del vestuario t\u00edpico. <\/font><\/p>\n<p align=\"justify\"><font size=\"3\"> \u201cEntiendo que la selecci\u00f3n de Dexter Col\u00f3n como nuestro representante es una muy acertada y promete que sigamos revalidando a Puerto Rico como potencia de la belleza masculina\u2019. Deliz coment\u00f3 <\/font><\/p>\n","protected":false},"excerpt":{"rendered":"<p>El ingeniero y modelo Dexter Col\u00f3n, estar\u00e1 representado a Puerto Rico en el certamen de belleza masculina M\u00edster Global International 2016 el pr\u00f3ximo mes de abril, en la ciudad de Chiang&#160; Mai, Tailandia. Dexter Col\u00f3n, quien es el delegado de&hellip;<\/p>\n<p class=\"more-link-p\"><a class=\"more-link\" href=\"https:\/\/bobvarela.com\/?p=95340\">Read more &rarr;<\/a><\/p>\n","protected":false},"author":1,"featured_media":0,"comment_status":"open","ping_status":"open","sticky":false,"template":"","format":"standard","meta":{"ngg_post_thumbnail":0,"footnotes":""},"categories":[5,477],"tags":[],"class_list":["post-95340","post","type-post","status-publish","format-standard","hentry","category-concursos","category-mister"],"_links":{"self":[{"href":"https:\/\/bobvarela.com\/index.php?rest_route=\/wp\/v2\/posts\/95340","targetHints":{"allow":["GET"]}}],"collection":[{"href":"https:\/\/bobvarela.com\/index.php?rest_route=\/wp\/v2\/posts"}],"about":[{"href":"https:\/\/bobvarela.com\/index.php?rest_route=\/wp\/v2\/types\/post"}],"author":[{"embeddable":true,"href":"https:\/\/bobvarela.com\/index.php?rest_route=\/wp\/v2\/users\/1"}],"replies":[{"embeddable":true,"href":"https:\/\/bobvarela.com\/index.php?rest_route=%2Fwp%2Fv2%2Fcomments&post=95340"}],"version-history":[{"count":1,"href":"https:\/\/bobvarela.com\/index.php?rest_route=\/wp\/v2\/posts\/95340\/revisions"}],"predecessor-version":[{"id":95341,"href":"https:\/\/bobvarela.com\/index.php?rest_route=\/wp\/v2\/posts\/95340\/revisions\/95341"}],"wp:attachment":[{"href":"https:\/\/bobvarela.com\/index.php?rest_route=%2Fwp%2Fv2%2Fmedia&parent=95340"}],"wp:term":[{"taxonomy":"category","embeddable":true,"href":"https:\/\/bobvarela.com\/index.php?rest_route=%2Fwp%2Fv2%2Fcategories&post=95340"},{"taxonomy":"post_tag","embeddable":true,"href":"https:\/\/bobvarela.com\/index.php?rest_route=%2Fwp%2Fv2%2Ftags&post=95340"}],"curies":[{"name":"wp","href":"https:\/\/api.w.org\/{rel}","templated":true}]}}