{"id":95463,"date":"2016-03-13T16:34:52","date_gmt":"2016-03-13T20:34:52","guid":{"rendered":"https:\/\/bobvarela.com\/?p=95463"},"modified":"2016-03-13T16:36:21","modified_gmt":"2016-03-13T20:36:21","slug":"gustavo-arango-en-el-puerto-rico-fashion-in-primera-edicion","status":"publish","type":"post","link":"https:\/\/bobvarela.com\/?p=95463","title":{"rendered":"Gustavo Arango en el Puerto Rico Fashion IN Primera Edicion"},"content":{"rendered":"<p align=\"justify\"><font size=\"3\">Gustavo Arango present\u00f3 su colecci\u00f3n de Oto\u00f1o 2016, en el Puerto Rico Fashion IN (PRFI),&#160; en el Hotel Sheraton Puerto Rico, distrito de Miramar.<\/font><\/p>\n<p align=\"justify\"><font size=\"3\">El modisto de alta costura present\u00f3 su colecci\u00f3n en la cual predominaron los cortes geom\u00e9tricos, la transparencia y el encaje, ilustrando ese look sofisticado y vanguardista que lo caracteriza. \u201cCon esta colecci\u00f3n celebro mis 30 a\u00f1os de carrera\u201d, coment\u00f3 Arango.<\/font><\/p>\n<p align=\"justify\">ngg_shortcode_0_placeholder<\/p>\n","protected":false},"excerpt":{"rendered":"<p>Gustavo Arango present\u00f3 su colecci\u00f3n de Oto\u00f1o 2016, en el Puerto Rico Fashion IN (PRFI),&#160; en el Hotel Sheraton Puerto Rico, distrito de Miramar. El modisto de alta costura present\u00f3 su colecci\u00f3n en la cual predominaron los cortes geom\u00e9tricos, la&hellip;<\/p>\n<p class=\"more-link-p\"><a class=\"more-link\" href=\"https:\/\/bobvarela.com\/?p=95463\">Read more &rarr;<\/a><\/p>\n","protected":false},"author":1,"featured_media":0,"comment_status":"open","ping_status":"open","sticky":false,"template":"","format":"standard","meta":{"ngg_post_thumbnail":0,"footnotes":""},"categories":[4,295],"tags":[],"class_list":["post-95463","post","type-post","status-publish","format-standard","hentry","category-moda","category-puerto-rico"],"_links":{"self":[{"href":"https:\/\/bobvarela.com\/index.php?rest_route=\/wp\/v2\/posts\/95463","targetHints":{"allow":["GET"]}}],"collection":[{"href":"https:\/\/bobvarela.com\/index.php?rest_route=\/wp\/v2\/posts"}],"about":[{"href":"https:\/\/bobvarela.com\/index.php?rest_route=\/wp\/v2\/types\/post"}],"author":[{"embeddable":true,"href":"https:\/\/bobvarela.com\/index.php?rest_route=\/wp\/v2\/users\/1"}],"replies":[{"embeddable":true,"href":"https:\/\/bobvarela.com\/index.php?rest_route=%2Fwp%2Fv2%2Fcomments&post=95463"}],"version-history":[{"count":1,"href":"https:\/\/bobvarela.com\/index.php?rest_route=\/wp\/v2\/posts\/95463\/revisions"}],"predecessor-version":[{"id":95464,"href":"https:\/\/bobvarela.com\/index.php?rest_route=\/wp\/v2\/posts\/95463\/revisions\/95464"}],"wp:attachment":[{"href":"https:\/\/bobvarela.com\/index.php?rest_route=%2Fwp%2Fv2%2Fmedia&parent=95463"}],"wp:term":[{"taxonomy":"category","embeddable":true,"href":"https:\/\/bobvarela.com\/index.php?rest_route=%2Fwp%2Fv2%2Fcategories&post=95463"},{"taxonomy":"post_tag","embeddable":true,"href":"https:\/\/bobvarela.com\/index.php?rest_route=%2Fwp%2Fv2%2Ftags&post=95463"}],"curies":[{"name":"wp","href":"https:\/\/api.w.org\/{rel}","templated":true}]}}