{"id":9566,"date":"2011-04-13T17:31:00","date_gmt":"2011-04-13T21:31:00","guid":{"rendered":"https:\/\/bobvarela.com\/?p=9566"},"modified":"2011-04-13T20:11:36","modified_gmt":"2011-04-14T00:11:36","slug":"conferencia-prensa-miss-puerto-rico-petite","status":"publish","type":"post","link":"https:\/\/bobvarela.com\/?p=9566","title":{"rendered":"Conferencia Prensa Miss Puerto Rico Petite 2011"},"content":{"rendered":"<p align=\"justify\"><font size=\"3\">SAN JUAN, PUERTO RICO &#8211; El Hotel Sheraton del Centro de Convenciones recibi\u00f3 el&#160; 9 de abril, al impresionante grupo de Miss Puerto Rico Petite 2011, para ser presentadas por primera vez luego de varios meses de preparaci\u00f3n y seminarios.<\/font><\/p>\n<p align=\"justify\"><font size=\"3\">Con trajes de ba\u00f1o de dos piezas dise\u00f1ados por Tommie Hern\u00e1ndez, las hermosas petites fueron transportadas por un \u201cpartybus\u201d gracias a Ultra Lounge Party Bus y luego posaron para los lentes fotogr\u00e1ficos de la prensa local, y familiares que dijeron presente para apoyar a sus candidatas.<\/font><\/p>\n<p align=\"justify\"><font size=\"3\"><a href=\"https:\/\/bobvarela.com\/wp-content\/uploads\/2011\/04\/IMG_4340.jpg\"><img loading=\"lazy\" decoding=\"async\" style=\"background-image: none; border-right-width: 0px; padding-left: 0px; padding-right: 0px; display: inline; border-top-width: 0px; border-bottom-width: 0px; border-left-width: 0px; padding-top: 0px\" title=\"Conferencia Prensa Miss PR Petite 2011\" border=\"0\" alt=\"Conferencia Prensa Miss PR Petite 2011\" src=\"https:\/\/bobvarela.com\/wp-content\/uploads\/2011\/04\/IMG_4340_thumb.jpg\" width=\"187\" height=\"131\" \/><\/a><a href=\"https:\/\/bobvarela.com\/wp-content\/uploads\/2011\/04\/IMG_4341.jpg\"><img loading=\"lazy\" decoding=\"async\" style=\"background-image: none; border-right-width: 0px; padding-left: 0px; padding-right: 0px; display: inline; border-top-width: 0px; border-bottom-width: 0px; border-left-width: 0px; padding-top: 0px\" title=\"Conferencia Prensa Miss PR Petite 2011\" border=\"0\" alt=\"Conferencia Prensa Miss PR Petite 2011\" src=\"https:\/\/bobvarela.com\/wp-content\/uploads\/2011\/04\/IMG_4341_thumb.jpg\" width=\"194\" height=\"131\" \/><\/a><a href=\"https:\/\/bobvarela.com\/wp-content\/uploads\/2011\/04\/IMG_4343.jpg\"><img loading=\"lazy\" decoding=\"async\" style=\"background-image: none; border-right-width: 0px; padding-left: 0px; padding-right: 0px; display: inline; border-top-width: 0px; border-bottom-width: 0px; border-left-width: 0px; padding-top: 0px\" title=\"Conferencia Prensa Miss PR Petite 2011\" border=\"0\" alt=\"Conferencia Prensa Miss PR Petite 2011\" src=\"https:\/\/bobvarela.com\/wp-content\/uploads\/2011\/04\/IMG_4343_thumb.jpg\" width=\"202\" height=\"132\" \/><\/a><\/font><\/p>\n<p align=\"justify\"><font size=\"3\">El Sr. Luis Santiago, presidente de los cert\u00e1menes Miss Puerto Rico Petite y Miss Puerto Rico Teen, aprovech\u00f3 la oportunidad para darles una bienvenida oficial a todas las delegadas y anunciar las actividades que ser\u00e1n parte de esta edici\u00f3n del certamen nacional.<\/font><\/p>\n<p align=\"justify\"><font size=\"3\"><a href=\"https:\/\/bobvarela.com\/wp-content\/uploads\/2011\/04\/IMG_43661.jpg\"><img loading=\"lazy\" decoding=\"async\" style=\"border-bottom: 0px; border-left: 0px; display: inline; border-top: 0px; border-right: 0px\" title=\"Conferencia Prensa Miss PR Petite 2011\" border=\"0\" alt=\"Conferencia Prensa Miss PR Petite 2011\" src=\"https:\/\/bobvarela.com\/wp-content\/uploads\/2011\/04\/IMG_4366_thumb1.jpg\" width=\"237\" height=\"127\" \/><\/a><a href=\"https:\/\/bobvarela.com\/wp-content\/uploads\/2011\/04\/IMG_44121.jpg\"><img loading=\"lazy\" decoding=\"async\" style=\"background-image: none; border-bottom: 0px; border-left: 0px; padding-left: 0px; padding-right: 0px; display: inline; border-top: 0px; border-right: 0px; padding-top: 0px\" title=\"Conferencia Prensa Miss PR Petite 2011\" border=\"0\" alt=\"Conferencia Prensa Miss PR Petite 2011\" src=\"https:\/\/bobvarela.com\/wp-content\/uploads\/2011\/04\/IMG_44121_thumb.jpg\" width=\"191\" height=\"124\" \/><\/a><a href=\"https:\/\/bobvarela.com\/wp-content\/uploads\/2011\/04\/IMG_4415.jpg\"><img loading=\"lazy\" decoding=\"async\" style=\"background-image: none; border-right-width: 0px; padding-left: 0px; padding-right: 0px; display: inline; border-top-width: 0px; border-bottom-width: 0px; border-left-width: 0px; padding-top: 0px\" title=\"Conferencia Prensa Miss PR Petite 2011\" border=\"0\" alt=\"Conferencia Prensa Miss PR Petite 2011\" src=\"https:\/\/bobvarela.com\/wp-content\/uploads\/2011\/04\/IMG_4415_thumb.jpg\" width=\"184\" height=\"124\" \/><\/a><\/font><\/p>\n<p align=\"justify\"><font size=\"3\">\u201cEste a\u00f1o cumplimos 30 a\u00f1os de producir Miss Puerto Rico Petite, y continuamos enfoc\u00e1ndonos en la excelencia y de hacer un certamen de altura, no de estatura. Es un grupo excelente, bien preparado, son unas j\u00f3venes hermosas\u201d, expres\u00f3 Santiago.<\/font><\/p>\n<p align=\"justify\"><font size=\"3\">En la conferencia de prensa se aprovech\u00f3 para anunciar el primer evento oficial del certamen Miss Puerto Rico Petite 2011, el tradicional Carnaval de Reinas en trajes de ba\u00f1o. El mismo se llevar\u00e1 a cabo este pr\u00f3ximo domingo, 17 de abril a las 7:00 de la noche en el ballroom del Hotel Sheraton. En el Carnaval de Reinas todas las candidatas estar\u00e1n desfilando en trajes de ba\u00f1o y trajes de coctel dise\u00f1ado por cada una de ellas, para el disfrute de todos los presentes. Ser\u00e1 una pasarela a gran escala con la participaci\u00f3n en vivo de DJ Ment, y adem\u00e1s el joven cantante Y-oel estar\u00e1 presentando su primer sencillo como solista.<\/font><\/p>\n<p align=\"justify\"><a href=\"https:\/\/bobvarela.com\/wp-content\/uploads\/2011\/04\/IMG_43762.jpg\"><img loading=\"lazy\" decoding=\"async\" style=\"border-bottom: 0px; border-left: 0px; display: inline; border-top: 0px; border-right: 0px\" title=\"Conferencia Prensa Miss PR Petite 2011\" border=\"0\" alt=\"Conferencia Prensa Miss PR Petite 2011\" src=\"https:\/\/bobvarela.com\/wp-content\/uploads\/2011\/04\/IMG_4376_thumb2.jpg\" width=\"124\" height=\"184\" \/><\/a><a href=\"https:\/\/bobvarela.com\/wp-content\/uploads\/2011\/04\/IMG_4409.jpg\"><img loading=\"lazy\" decoding=\"async\" style=\"background-image: none; border-right-width: 0px; padding-left: 0px; padding-right: 0px; display: inline; border-top-width: 0px; border-bottom-width: 0px; border-left-width: 0px; padding-top: 0px\" title=\"Conferencia Prensa Miss PR Petite 2011\" border=\"0\" alt=\"Conferencia Prensa Miss PR Petite 2011\" src=\"https:\/\/bobvarela.com\/wp-content\/uploads\/2011\/04\/IMG_4409_thumb.jpg\" width=\"124\" height=\"184\" \/><\/a><a href=\"https:\/\/bobvarela.com\/wp-content\/uploads\/2011\/04\/IMG_44012.jpg\"><img loading=\"lazy\" decoding=\"async\" style=\"border-bottom: 0px; border-left: 0px; display: inline; border-top: 0px; border-right: 0px\" title=\"Conferencia Prensa Miss PR Petite 2011\" border=\"0\" alt=\"Conferencia Prensa Miss PR Petite 2011\" src=\"https:\/\/bobvarela.com\/wp-content\/uploads\/2011\/04\/IMG_4401_thumb2.jpg\" width=\"122\" height=\"185\" \/><\/a><a href=\"https:\/\/bobvarela.com\/wp-content\/uploads\/2011\/04\/IMG_44032.jpg\"><img loading=\"lazy\" decoding=\"async\" style=\"border-bottom: 0px; border-left: 0px; display: inline; border-top: 0px; border-right: 0px\" title=\"Conferencia Prensa Miss PR Petite 2011\" border=\"0\" alt=\"Conferencia Prensa Miss PR Petite 2011\" src=\"https:\/\/bobvarela.com\/wp-content\/uploads\/2011\/04\/IMG_4403_thumb2.jpg\" width=\"122\" height=\"185\" \/><\/a><a href=\"https:\/\/bobvarela.com\/wp-content\/uploads\/2011\/04\/IMG_43593.jpg\"><img loading=\"lazy\" decoding=\"async\" style=\"border-bottom: 0px; border-left: 0px; display: inline; border-top: 0px; border-right: 0px\" title=\"Conferencia Prensa Miss PR Petite 2011\" border=\"0\" alt=\"Conferencia Prensa Miss PR Petite 2011\" src=\"https:\/\/bobvarela.com\/wp-content\/uploads\/2011\/04\/IMG_4359_thumb3.jpg\" width=\"127\" height=\"184\" \/><\/a><\/p>\n<p align=\"justify\"><font size=\"3\">Como parte de esta edici\u00f3n, Luis Santiago nos adelant\u00f3 que este a\u00f1o todas las soberanas viajar\u00e1n a Orlando, con todos los gastos pagos para celebrar el \u201cCamp Petite\u201d y visitar el mundo m\u00e1gico de Disney, para luego realizar el \u201cPetite Catalog\u201d que este a\u00f1o engalana la portada la reina saliente Caroline Cont\u00edn.<\/font><\/p>\n<p align=\"justify\"><font size=\"3\"><a href=\"https:\/\/bobvarela.com\/wp-content\/uploads\/2011\/04\/IMG_4431.jpg\"><img loading=\"lazy\" decoding=\"async\" style=\"background-image: none; border-right-width: 0px; padding-left: 0px; padding-right: 0px; display: inline; border-top-width: 0px; border-bottom-width: 0px; border-left-width: 0px; padding-top: 0px\" title=\"Conferencia Prensa Miss PR Petite 2011\" border=\"0\" alt=\"Conferencia Prensa Miss PR Petite 2011\" src=\"https:\/\/bobvarela.com\/wp-content\/uploads\/2011\/04\/IMG_4431_thumb.jpg\" width=\"194\" height=\"131\" \/><\/a><a href=\"https:\/\/bobvarela.com\/wp-content\/uploads\/2011\/04\/IMG_4473.jpg\"><img loading=\"lazy\" decoding=\"async\" style=\"background-image: none; border-right-width: 0px; padding-left: 0px; padding-right: 0px; display: inline; border-top-width: 0px; border-bottom-width: 0px; border-left-width: 0px; padding-top: 0px\" title=\"Conferencia Prensa Miss PR Petite 2011\" border=\"0\" alt=\"Conferencia Prensa Miss PR Petite 2011\" src=\"https:\/\/bobvarela.com\/wp-content\/uploads\/2011\/04\/IMG_4473_thumb.jpg\" width=\"194\" height=\"131\" \/><\/a><a href=\"https:\/\/bobvarela.com\/wp-content\/uploads\/2011\/04\/IMG_4496.jpg\"><img loading=\"lazy\" decoding=\"async\" style=\"background-image: none; border-right-width: 0px; padding-left: 0px; padding-right: 0px; display: inline; border-top-width: 0px; border-bottom-width: 0px; border-left-width: 0px; padding-top: 0px\" title=\"Conferencia Prensa Miss PR Petite 2011\" border=\"0\" alt=\"Conferencia Prensa Miss PR Petite 2011\" src=\"https:\/\/bobvarela.com\/wp-content\/uploads\/2011\/04\/IMG_4496_thumb.jpg\" width=\"194\" height=\"131\" \/><\/a><\/font><\/p>\n<p align=\"justify\"><font size=\"3\">La nueva reina se coronar\u00e1 en la Gran Final la noche del 28 de agosto en el Centro de Bellas Artes de Guaynabo.<\/font><\/p>\n<p align=\"justify\"><font size=\"3\">A continuaci\u00f3n presentamos las chicas que estaran compitiendo en esta edici\u00f3n de Miss Puerto Rico Petite y que podimos tomar fotos durante las conferencia de prensa<\/font><\/p>\n<p><font size=\"3\">Jessika Dasta,Miss Arecibo Petite 2011; Astrid Col\u00f3n , Miss Bayam\u00f3n Petite 2011; Zuljeily Andino, Miss Cabo Rojo Petite 2011; Getseni Rodr\u00edguez, Miss Caguas Petite 2011; M\u00f3nica Gonz\u00e1lez, Miss Can\u00f3vanas Petite 2011<\/font> <\/p>\n<p><a href=\"https:\/\/bobvarela.com\/wp-content\/uploads\/2011\/04\/IMG_4558.jpg\"><img loading=\"lazy\" decoding=\"async\" style=\"background-image: none; border-right-width: 0px; padding-left: 0px; padding-right: 0px; display: inline; border-top-width: 0px; border-bottom-width: 0px; border-left-width: 0px; padding-top: 0px\" title=\"Conferencia Prensa Miss PR Petite 2011\" border=\"0\" alt=\"Conferencia Prensa Miss PR Petite 2011\" src=\"https:\/\/bobvarela.com\/wp-content\/uploads\/2011\/04\/IMG_4558_thumb.jpg\" width=\"124\" height=\"184\" \/><\/a><a href=\"https:\/\/bobvarela.com\/wp-content\/uploads\/2011\/04\/IMG_4504.jpg\"><img loading=\"lazy\" decoding=\"async\" style=\"background-image: none; border-right-width: 0px; padding-left: 0px; padding-right: 0px; display: inline; border-top-width: 0px; border-bottom-width: 0px; border-left-width: 0px; padding-top: 0px\" title=\"Conferencia Prensa Miss PR Petite 2011\" border=\"0\" alt=\"Conferencia Prensa Miss PR Petite 2011\" src=\"https:\/\/bobvarela.com\/wp-content\/uploads\/2011\/04\/IMG_4504_thumb.jpg\" width=\"124\" height=\"184\" \/><\/a><a href=\"https:\/\/bobvarela.com\/wp-content\/uploads\/2011\/04\/IMG_4543.jpg\"><img loading=\"lazy\" decoding=\"async\" style=\"background-image: none; border-right-width: 0px; padding-left: 0px; padding-right: 0px; display: inline; border-top-width: 0px; border-bottom-width: 0px; border-left-width: 0px; padding-top: 0px\" title=\"Conferencia Prensa Miss PR Petite 2011\" border=\"0\" alt=\"Conferencia Prensa Miss PR Petite 2011\" src=\"https:\/\/bobvarela.com\/wp-content\/uploads\/2011\/04\/IMG_4543_thumb.jpg\" width=\"124\" height=\"184\" \/><\/a><a href=\"https:\/\/bobvarela.com\/wp-content\/uploads\/2011\/04\/IMG_4580.jpg\"><img loading=\"lazy\" decoding=\"async\" style=\"background-image: none; border-right-width: 0px; padding-left: 0px; padding-right: 0px; display: inline; border-top-width: 0px; border-bottom-width: 0px; border-left-width: 0px; padding-top: 0px\" title=\"Conferencia Prensa Miss PR Petite 2011\" border=\"0\" alt=\"Conferencia Prensa Miss PR Petite 2011\" src=\"https:\/\/bobvarela.com\/wp-content\/uploads\/2011\/04\/IMG_4580_thumb.jpg\" width=\"124\" height=\"184\" \/><\/a><a href=\"https:\/\/bobvarela.com\/wp-content\/uploads\/2011\/04\/IMG_4531.jpg\"><img loading=\"lazy\" decoding=\"async\" style=\"background-image: none; border-right-width: 0px; padding-left: 0px; padding-right: 0px; display: inline; border-top-width: 0px; border-bottom-width: 0px; border-left-width: 0px; padding-top: 0px\" title=\"Conferencia Prensa Miss PR Petite 2011\" border=\"0\" alt=\"Conferencia Prensa Miss PR Petite 2011\" src=\"https:\/\/bobvarela.com\/wp-content\/uploads\/2011\/04\/IMG_4531_thumb.jpg\" width=\"124\" height=\"184\" \/><\/a><\/p>\n<p><font size=\"3\">Elianiz Mejias, Miss Carolina Petite 2011; Mirnaliz Tapia, Miss Cata\u00f1o Petite 2011; Angelie M\u00e9ndez Miss Cidra Petite 2011;&#160; Estefan\u00eda Padr\u00f3, Miss Dorado Petite; Keishla Ort\u00edz, Miss Hormigueros Petite 2011<\/font> <\/p>\n<p><a href=\"https:\/\/bobvarela.com\/wp-content\/uploads\/2011\/04\/IMG_4512.jpg\"><img loading=\"lazy\" decoding=\"async\" style=\"background-image: none; border-right-width: 0px; padding-left: 0px; padding-right: 0px; display: inline; border-top-width: 0px; border-bottom-width: 0px; border-left-width: 0px; padding-top: 0px\" title=\"Conferencia Prensa Miss PR Petite 2011\" border=\"0\" alt=\"Conferencia Prensa Miss PR Petite 2011\" src=\"https:\/\/bobvarela.com\/wp-content\/uploads\/2011\/04\/IMG_4512_thumb.jpg\" width=\"124\" height=\"184\" \/><\/a><a href=\"https:\/\/bobvarela.com\/wp-content\/uploads\/2011\/04\/IMG_4592.jpg\"><img loading=\"lazy\" decoding=\"async\" style=\"background-image: none; border-right-width: 0px; padding-left: 0px; padding-right: 0px; display: inline; border-top-width: 0px; border-bottom-width: 0px; border-left-width: 0px; padding-top: 0px\" title=\"Conferencia Prensa Miss PR Petite 2011\" border=\"0\" alt=\"Conferencia Prensa Miss PR Petite 2011\" src=\"https:\/\/bobvarela.com\/wp-content\/uploads\/2011\/04\/IMG_4592_thumb.jpg\" width=\"124\" height=\"184\" \/><\/a><a href=\"https:\/\/bobvarela.com\/wp-content\/uploads\/2011\/04\/IMG_4555.jpg\"><img loading=\"lazy\" decoding=\"async\" style=\"background-image: none; border-right-width: 0px; padding-left: 0px; padding-right: 0px; display: inline; border-top-width: 0px; border-bottom-width: 0px; border-left-width: 0px; padding-top: 0px\" title=\"Conferencia Prensa Miss PR Petite 2011\" border=\"0\" alt=\"Conferencia Prensa Miss PR Petite 2011\" src=\"https:\/\/bobvarela.com\/wp-content\/uploads\/2011\/04\/IMG_4555_thumb.jpg\" width=\"124\" height=\"184\" \/><\/a><a href=\"https:\/\/bobvarela.com\/wp-content\/uploads\/2011\/04\/IMG_4508.jpg\"><img loading=\"lazy\" decoding=\"async\" style=\"background-image: none; border-right-width: 0px; padding-left: 0px; padding-right: 0px; display: inline; border-top-width: 0px; border-bottom-width: 0px; border-left-width: 0px; padding-top: 0px\" title=\"Conferencia Prensa Miss PR Petite 2011\" border=\"0\" alt=\"Conferencia Prensa Miss PR Petite 2011\" src=\"https:\/\/bobvarela.com\/wp-content\/uploads\/2011\/04\/IMG_4508_thumb.jpg\" width=\"124\" height=\"184\" \/><\/a><a href=\"https:\/\/bobvarela.com\/wp-content\/uploads\/2011\/04\/IMG_4574.jpg\"><img loading=\"lazy\" decoding=\"async\" style=\"background-image: none; border-right-width: 0px; padding-left: 0px; padding-right: 0px; display: inline; border-top-width: 0px; border-bottom-width: 0px; border-left-width: 0px; padding-top: 0px\" title=\"Conferencia Prensa Miss PR Petite 2011\" border=\"0\" alt=\"Conferencia Prensa Miss PR Petite 2011\" src=\"https:\/\/bobvarela.com\/wp-content\/uploads\/2011\/04\/IMG_4574_thumb.jpg\" width=\"124\" height=\"184\" \/><\/a><\/p>\n<p><font size=\"3\">Linoshka Rivera, Miss Las Piedras Petite 2011; Debbie Acevedo, Miss Moca Petite 2011; Lorraine Su\u00e1rez, Miss R\u00edo Piedras Petite 2011; Laura Alem\u00e1n, Miss San Germ\u00e1n Petite 2011; Noelis Rold\u00e1n, Miss San Lorenzo Petite 2011<\/font> <\/p>\n<p><a href=\"https:\/\/bobvarela.com\/wp-content\/uploads\/2011\/04\/IMG_4583.jpg\"><img loading=\"lazy\" decoding=\"async\" style=\"background-image: none; border-right-width: 0px; padding-left: 0px; padding-right: 0px; display: inline; border-top-width: 0px; border-bottom-width: 0px; border-left-width: 0px; padding-top: 0px\" title=\"Conferencia Prensa Miss PR Petite 2011\" border=\"0\" alt=\"Conferencia Prensa Miss PR Petite 2011\" src=\"https:\/\/bobvarela.com\/wp-content\/uploads\/2011\/04\/IMG_4583_thumb.jpg\" width=\"124\" height=\"184\" \/><\/a><a href=\"https:\/\/bobvarela.com\/wp-content\/uploads\/2011\/04\/IMG_4586.jpg\"><img loading=\"lazy\" decoding=\"async\" style=\"background-image: none; border-right-width: 0px; padding-left: 0px; padding-right: 0px; display: inline; border-top-width: 0px; border-bottom-width: 0px; border-left-width: 0px; padding-top: 0px\" title=\"Conferencia Prensa Miss PR Petite 2011\" border=\"0\" alt=\"Conferencia Prensa Miss PR Petite 2011\" src=\"https:\/\/bobvarela.com\/wp-content\/uploads\/2011\/04\/IMG_4586_thumb.jpg\" width=\"124\" height=\"184\" \/><\/a><a href=\"https:\/\/bobvarela.com\/wp-content\/uploads\/2011\/04\/IMG_4523.jpg\"><img loading=\"lazy\" decoding=\"async\" style=\"background-image: none; border-right-width: 0px; padding-left: 0px; padding-right: 0px; display: inline; border-top-width: 0px; border-bottom-width: 0px; border-left-width: 0px; padding-top: 0px\" title=\"Conferencia Prensa Miss PR Petite 2011\" border=\"0\" alt=\"Conferencia Prensa Miss PR Petite 2011\" src=\"https:\/\/bobvarela.com\/wp-content\/uploads\/2011\/04\/IMG_4523_thumb.jpg\" width=\"124\" height=\"184\" \/><\/a><a href=\"https:\/\/bobvarela.com\/wp-content\/uploads\/2011\/04\/IMG_4550.jpg\"><img loading=\"lazy\" decoding=\"async\" style=\"background-image: none; border-right-width: 0px; padding-left: 0px; padding-right: 0px; display: inline; border-top-width: 0px; border-bottom-width: 0px; border-left-width: 0px; padding-top: 0px\" title=\"Conferencia Prensa Miss PR Petite 2011\" border=\"0\" alt=\"Conferencia Prensa Miss PR Petite 2011\" src=\"https:\/\/bobvarela.com\/wp-content\/uploads\/2011\/04\/IMG_4550_thumb.jpg\" width=\"127\" height=\"186\" \/><\/a><a href=\"https:\/\/bobvarela.com\/wp-content\/uploads\/2011\/04\/IMG_4525.jpg\"><img loading=\"lazy\" decoding=\"async\" style=\"background-image: none; border-right-width: 0px; padding-left: 0px; padding-right: 0px; display: inline; border-top-width: 0px; border-bottom-width: 0px; border-left-width: 0px; padding-top: 0px\" title=\"Conferencia Prensa Miss PR Petite 2011\" border=\"0\" alt=\"Conferencia Prensa Miss PR Petite 2011\" src=\"https:\/\/bobvarela.com\/wp-content\/uploads\/2011\/04\/IMG_4525_thumb.jpg\" width=\"123\" height=\"184\" \/><\/a><\/p>\n<p><font size=\"3\">Zuleika Zayas, Miss Toa Alta Petite 2011; Mariangely Molina, Miss Toa Baja Petite 2011; y Ivette Mel\u00e9ndez, Miss Trujillo Alto Petite 2011<\/font><\/p>\n<p><a href=\"https:\/\/bobvarela.com\/wp-content\/uploads\/2011\/04\/IMG_4563.jpg\"><img loading=\"lazy\" decoding=\"async\" style=\"background-image: none; border-right-width: 0px; padding-left: 0px; padding-right: 0px; display: inline; border-top-width: 0px; border-bottom-width: 0px; border-left-width: 0px; padding-top: 0px\" title=\"Conferencia Prensa Miss PR Petite 2011\" border=\"0\" alt=\"Conferencia Prensa Miss PR Petite 2011\" src=\"https:\/\/bobvarela.com\/wp-content\/uploads\/2011\/04\/IMG_4563_thumb.jpg\" width=\"124\" height=\"184\" \/><\/a><a href=\"https:\/\/bobvarela.com\/wp-content\/uploads\/2011\/04\/IMG_4568.jpg\"><img loading=\"lazy\" decoding=\"async\" style=\"background-image: none; border-right-width: 0px; padding-left: 0px; padding-right: 0px; display: inline; border-top-width: 0px; border-bottom-width: 0px; border-left-width: 0px; padding-top: 0px\" title=\"Conferencia Prensa Miss PR Petite 2011\" border=\"0\" alt=\"Conferencia Prensa Miss PR Petite 2011\" src=\"https:\/\/bobvarela.com\/wp-content\/uploads\/2011\/04\/IMG_4568_thumb.jpg\" width=\"124\" height=\"184\" \/><\/a><a href=\"https:\/\/bobvarela.com\/wp-content\/uploads\/2011\/04\/IMG_4539.jpg\"><img loading=\"lazy\" decoding=\"async\" style=\"background-image: none; border-right-width: 0px; padding-left: 0px; padding-right: 0px; display: inline; border-top-width: 0px; border-bottom-width: 0px; border-left-width: 0px; padding-top: 0px\" title=\"Conferencia Prensa Miss PR Petite 2011\" border=\"0\" alt=\"Conferencia Prensa Miss PR Petite 2011\" src=\"https:\/\/bobvarela.com\/wp-content\/uploads\/2011\/04\/IMG_4539_thumb.jpg\" width=\"119\" height=\"184\" \/><\/a><a name=\"_GoBack\"><\/a><\/p>\n","protected":false},"excerpt":{"rendered":"<p>SAN JUAN, PUERTO RICO &#8211; El Hotel Sheraton del Centro de Convenciones recibi\u00f3 el&#160; 9 de abril, al impresionante grupo de Miss Puerto Rico Petite 2011, para ser presentadas por primera vez luego de varios meses de preparaci\u00f3n y seminarios.&hellip;<\/p>\n<p class=\"more-link-p\"><a class=\"more-link\" href=\"https:\/\/bobvarela.com\/?p=9566\">Read more &rarr;<\/a><\/p>\n","protected":false},"author":1,"featured_media":0,"comment_status":"open","ping_status":"open","sticky":false,"template":"","format":"standard","meta":{"ngg_post_thumbnail":0,"footnotes":""},"categories":[5,65],"tags":[68],"class_list":["post-9566","post","type-post","status-publish","format-standard","hentry","category-concursos","category-petite","tag-miss-puerto-rico-petite"],"_links":{"self":[{"href":"https:\/\/bobvarela.com\/index.php?rest_route=\/wp\/v2\/posts\/9566","targetHints":{"allow":["GET"]}}],"collection":[{"href":"https:\/\/bobvarela.com\/index.php?rest_route=\/wp\/v2\/posts"}],"about":[{"href":"https:\/\/bobvarela.com\/index.php?rest_route=\/wp\/v2\/types\/post"}],"author":[{"embeddable":true,"href":"https:\/\/bobvarela.com\/index.php?rest_route=\/wp\/v2\/users\/1"}],"replies":[{"embeddable":true,"href":"https:\/\/bobvarela.com\/index.php?rest_route=%2Fwp%2Fv2%2Fcomments&post=9566"}],"version-history":[{"count":6,"href":"https:\/\/bobvarela.com\/index.php?rest_route=\/wp\/v2\/posts\/9566\/revisions"}],"predecessor-version":[{"id":9594,"href":"https:\/\/bobvarela.com\/index.php?rest_route=\/wp\/v2\/posts\/9566\/revisions\/9594"}],"wp:attachment":[{"href":"https:\/\/bobvarela.com\/index.php?rest_route=%2Fwp%2Fv2%2Fmedia&parent=9566"}],"wp:term":[{"taxonomy":"category","embeddable":true,"href":"https:\/\/bobvarela.com\/index.php?rest_route=%2Fwp%2Fv2%2Fcategories&post=9566"},{"taxonomy":"post_tag","embeddable":true,"href":"https:\/\/bobvarela.com\/index.php?rest_route=%2Fwp%2Fv2%2Ftags&post=9566"}],"curies":[{"name":"wp","href":"https:\/\/api.w.org\/{rel}","templated":true}]}}