{"id":96008,"date":"2016-03-22T07:50:17","date_gmt":"2016-03-22T11:50:17","guid":{"rendered":"https:\/\/bobvarela.com\/?p=96008"},"modified":"2016-03-22T07:50:17","modified_gmt":"2016-03-22T11:50:17","slug":"ivelisse-nieves-present-su-ms-reciente-coleccin-de-joyera-ol-morena-evento-benfico-para-la-casa-de-nios-manuel-fernndez-juncos","status":"publish","type":"post","link":"https:\/\/bobvarela.com\/?p=96008","title":{"rendered":"Ivelisse Nieves present&oacute; su m&aacute;s reciente colecci&oacute;n de joyer&iacute;a Ol&eacute;!&#8230;Morena evento ben&eacute;fico para la Casa de Ni&ntilde;os Manuel Fern&aacute;ndez Juncos"},"content":{"rendered":"<p align=\"center\"><font size=\"3\"><a href=\"https:\/\/bobvarela.com\/wp-content\/uploads\/2016\/03\/C99A9564.jpg\"><img loading=\"lazy\" decoding=\"async\" title=\"C99A9564\" style=\"border-top: 0px; border-right: 0px; background-image: none; border-bottom: 0px; padding-top: 0px; padding-left: 0px; border-left: 0px; display: inline; padding-right: 0px\" border=\"0\" alt=\"C99A9564\" src=\"https:\/\/bobvarela.com\/wp-content\/uploads\/2016\/03\/C99A9564_thumb.jpg\" width=\"339\" height=\"217\" \/><\/a><\/font><\/p>\n<p align=\"justify\"><font size=\"3\">La destacada dise\u00f1adora de joyer\u00eda fina y accesorios Ivelisse Nieves present\u00f3 su nueva colecci\u00f3n <i>\u201cOL\u00c9!&#8230;MORENA\u201d<\/i>, en el Hotel Verdanza como parte de la serie Arte y Amigos en el Ballroom en Isla Verde, el pasado mi\u00e9rcoles, 16 de marzo de 2016 a partir de las 7:00 de la noche, en un evento ben\u00e9fico para ayudar a los ni\u00f1os y j\u00f3venes residentes en la Casa de Ni\u00f1os Manuel Fern\u00e1ndez Juncos. La actividad sirvi\u00f3 de marco para la celebraci\u00f3n de sus 10 a\u00f1os de trayectoria en la industria de la moda de Ivelisse.<\/font><\/p>\n<p align=\"justify\"><font size=\"3\">Ol\u00e9!&#8230;Morena cont\u00f3 con la participaci\u00f3n de 30 modelos reconocidas del pa\u00eds de las diferentes agencias de modelo Annjannette\/AnnJo, \u00danica by Desiree Lowry Contorno Agency y GModels incluyendo la participaci\u00f3n de Heilimar Rosario actual Miss Puerto Rico Intercontinental 2016 en la apertura y cerrando el desfile la reconocida modelo internacional e imagen de la l\u00ednea de cosm\u00e9ticos Hern\u00e1n Rivera Beauty Roselyn Acosta.<\/font><\/p>\n<p align=\"justify\"><font size=\"3\">\u201cEstoy muy contenta de haber presentado en mi Isla, poder hacer nuevamente un evento ben\u00e9fico y por segunda vez dedicada a estos ni\u00f1os, celebrando mis 10 a\u00f1os de trayectoria como dise\u00f1adora de joyer\u00eda. Me llena de mucho orgullo el poder haber presentado m\u00ed nueva propuesta para la primavera-verano 2016 en m\u00ed Isla\u201d, dijo la dise\u00f1adora. <\/font><\/p>\n<p align=\"justify\"><font size=\"3\">\u201cLanzamos la l\u00ednea de cosm\u00e9ticos de Hernan Rivera Beauty quien nos visit\u00f3 la isla por primera vez desde Chicago y estuvo personalmente a cargo del maquillaje junto a Ninoska Alvarez; peinados a cargo de Kathy Leininger y Jitzuz Iven Matos para los modelos. Tuvimos de invitada y animadora de la actividad a Geraldine Fern\u00e1ndez, la decoraci\u00f3n y ambientaci\u00f3n fue creada por Tallos Flores Internacionales y el \u201cstylist\u201d a cargo del vestuario por JanCo empresa dirigida por el dise\u00f1ador Juan Col\u00f3n. En este evento se recaudaron productos de primera necesidad, ropa y donativos en met\u00e1lico por el p\u00fablico que asisti\u00f3 para la Casa de Ni\u00f1os Manuel Fern\u00e1ndez\u201d, explic\u00f3 Ivelisse.<\/font><\/p>\n<p align=\"justify\"><font size=\"3\">La tambi\u00e9n escultora coment\u00f3 que la nueva propuesta fue una muy diferente a sus pasados trabajos ya que la misma se inspir\u00f3 en la \u201cPlaza de Toro de Sevilla\u201d Espa\u00f1a. Es considerada la plaza m\u00e1s importante y con mayor tradici\u00f3n taurina de Espa\u00f1a. Es apodada popularmente como la \u201cCatedral del Toreo\u201d. Es una de las plazas m\u00e1s antiguas de Espa\u00f1a y la primera en forma circular (ovalada). De arquitectura tardo-barroca en la que destaca la entrada principal con sus dos torreones, es considerada una de las plazas de toros m\u00e1s bellas de Espa\u00f1a adem\u00e1s de ser uno de los centros de atracci\u00f3n tur\u00edstica m\u00e1s populares de la ciudad y est\u00e1 entre los monumentos m\u00e1s visitados de la misma. <\/font><\/p>\n<p align=\"justify\"><font size=\"3\">Para Nieves esto es motivo de inspiraci\u00f3n en esta propuesta ya que utiliza cada detalle, movimiento que ha marcado por cientos de a\u00f1os una tradici\u00f3n y moda en el vestir de los toreros que se han presentado en esta plaza. En esta l\u00ednea de accesorios y joyer\u00eda la moda, historia, cultura, arte y tradici\u00f3n donde fusionan y se crean cada una de las piezas de joyer\u00eda confeccionadas en telas de encajes, chantilli fr\u00e1nces y gipurt con \u00e1gatas, cuarzos, turquezas, \u00f3nix, cristales, corales, perlas de agua dulce, cadenas, tejidos de piedras y metales. La colecci\u00f3n presento por primera vez corbatas en estilo de collares, sortijas, collares multi-l\u00edneas, pantallas y brasaletes. Como resultado de esta gran artista, Nieves decidi\u00f3 llamarle a su colecci\u00f3n \u201cOl\u00e9!&#8230;Morena.\u201d Los colores que predominaron fueron: blanco, crema, rojo, negro, rosa, verde y el tornasol. Los met\u00e1licos como: el dorado y plateado.<\/font><\/p>\n<p align=\"justify\"><a name=\"_GoBack\"><\/a><font size=\"3\">Cabe destacar que el pr\u00f3ximo mes, 23 de abril de 2016, Ivelisse ha sido invitada a uno de los eventos de la industria de la moda m\u00e1s importantes, el Mercedes Benz of El Paso Swim &amp; Cruise Fashion Show 2016 en el Paso Texas siendo ella la primera dise\u00f1adora puertorrique\u00f1a de joyer\u00eda en presentar en tan importante plataforma internacional.<\/font><\/p>\n<p align=\"justify\"><font size=\"3\">para ver fotos de backstage entra aqui: <a href=\"https:\/\/www.facebook.com\/media\/set\/?set=a.10153636594428668.1073741995.170458963667&amp;type=3\" target=\"_blank\">Backstage Ivelisse Nieves Ol\u00e9!&#8230;Morena<\/a><\/font><\/p>\n<p><font size=\"3\">ngg_shortcode_0_placeholder<\/font><\/p>\n","protected":false},"excerpt":{"rendered":"<p>La destacada dise\u00f1adora de joyer\u00eda fina y accesorios Ivelisse Nieves present\u00f3 su nueva colecci\u00f3n \u201cOL\u00c9!&#8230;MORENA\u201d, en el Hotel Verdanza como parte de la serie Arte y Amigos en el Ballroom en Isla Verde, el pasado mi\u00e9rcoles, 16 de marzo de&hellip;<\/p>\n<p class=\"more-link-p\"><a class=\"more-link\" href=\"https:\/\/bobvarela.com\/?p=96008\">Read more &rarr;<\/a><\/p>\n","protected":false},"author":1,"featured_media":0,"comment_status":"open","ping_status":"open","sticky":false,"template":"","format":"standard","meta":{"ngg_post_thumbnail":0,"footnotes":""},"categories":[4,295],"tags":[],"class_list":["post-96008","post","type-post","status-publish","format-standard","hentry","category-moda","category-puerto-rico"],"_links":{"self":[{"href":"https:\/\/bobvarela.com\/index.php?rest_route=\/wp\/v2\/posts\/96008","targetHints":{"allow":["GET"]}}],"collection":[{"href":"https:\/\/bobvarela.com\/index.php?rest_route=\/wp\/v2\/posts"}],"about":[{"href":"https:\/\/bobvarela.com\/index.php?rest_route=\/wp\/v2\/types\/post"}],"author":[{"embeddable":true,"href":"https:\/\/bobvarela.com\/index.php?rest_route=\/wp\/v2\/users\/1"}],"replies":[{"embeddable":true,"href":"https:\/\/bobvarela.com\/index.php?rest_route=%2Fwp%2Fv2%2Fcomments&post=96008"}],"version-history":[{"count":1,"href":"https:\/\/bobvarela.com\/index.php?rest_route=\/wp\/v2\/posts\/96008\/revisions"}],"predecessor-version":[{"id":96009,"href":"https:\/\/bobvarela.com\/index.php?rest_route=\/wp\/v2\/posts\/96008\/revisions\/96009"}],"wp:attachment":[{"href":"https:\/\/bobvarela.com\/index.php?rest_route=%2Fwp%2Fv2%2Fmedia&parent=96008"}],"wp:term":[{"taxonomy":"category","embeddable":true,"href":"https:\/\/bobvarela.com\/index.php?rest_route=%2Fwp%2Fv2%2Fcategories&post=96008"},{"taxonomy":"post_tag","embeddable":true,"href":"https:\/\/bobvarela.com\/index.php?rest_route=%2Fwp%2Fv2%2Ftags&post=96008"}],"curies":[{"name":"wp","href":"https:\/\/api.w.org\/{rel}","templated":true}]}}