{"id":96032,"date":"2016-03-22T19:36:12","date_gmt":"2016-03-22T23:36:12","guid":{"rendered":"https:\/\/bobvarela.com\/?p=96032"},"modified":"2016-03-22T19:36:12","modified_gmt":"2016-03-22T23:36:12","slug":"san-juan-moda-anuncia-el-programa-de-su-6ta-edicion","status":"publish","type":"post","link":"https:\/\/bobvarela.com\/?p=96032","title":{"rendered":"SAN JUAN MODA ANUNCIA EL PROGRAMA DE SU 6TA EDICION"},"content":{"rendered":"<p align=\"center\"><font size=\"3\"><a href=\"https:\/\/bobvarela.com\/wp-content\/uploads\/2016\/03\/MG_0558.jpg\"><img loading=\"lazy\" decoding=\"async\" title=\"_MG_0558\" style=\"border-top: 0px; border-right: 0px; background-image: none; border-bottom: 0px; padding-top: 0px; padding-left: 0px; border-left: 0px; display: inline; padding-right: 0px\" border=\"0\" alt=\"_MG_0558\" src=\"https:\/\/bobvarela.com\/wp-content\/uploads\/2016\/03\/MG_0558_thumb.jpg\" width=\"199\" height=\"134\"\/><\/a><a href=\"https:\/\/bobvarela.com\/wp-content\/uploads\/2016\/03\/MG_0523.jpg\"><img loading=\"lazy\" decoding=\"async\" title=\"_MG_0523\" style=\"border-top: 0px; border-right: 0px; background-image: none; border-bottom: 0px; padding-top: 0px; padding-left: 0px; border-left: 0px; display: inline; padding-right: 0px\" border=\"0\" alt=\"_MG_0523\" src=\"https:\/\/bobvarela.com\/wp-content\/uploads\/2016\/03\/MG_0523_thumb.jpg\" width=\"199\" height=\"134\"\/><\/a><a href=\"https:\/\/bobvarela.com\/wp-content\/uploads\/2016\/03\/MG_0551.jpg\"><img loading=\"lazy\" decoding=\"async\" title=\"_MG_0551\" style=\"border-top: 0px; border-right: 0px; background-image: none; border-bottom: 0px; padding-top: 0px; padding-left: 0px; border-left: 0px; display: inline; padding-right: 0px\" border=\"0\" alt=\"_MG_0551\" src=\"https:\/\/bobvarela.com\/wp-content\/uploads\/2016\/03\/MG_0551_thumb.jpg\" width=\"199\" height=\"134\"\/><\/a><\/font> <\/p>\n<p align=\"justify\"><font size=\"3\">La presentaci\u00f3n de dise\u00f1adores europeos, una pasarela de tallas grandes, el 20 Aniversario de la dise\u00f1adora puertorrique\u00f1a Lisa Thon y un homenaje a la ex reina universal boricua, Zuleyka Rivera marcan la sexta jornada de San Juan Moda, a celebrarse del 15 al 23 de abril en el Hotel San Juan de Isla Verde.<\/font> <\/p>\n<p align=\"justify\"><font size=\"3\"><a href=\"https:\/\/bobvarela.com\/wp-content\/uploads\/2016\/03\/MG_0529.jpg\"><img loading=\"lazy\" decoding=\"async\" title=\"_MG_0529\" style=\"border-top: 0px; border-right: 0px; background-image: none; border-bottom: 0px; float: left; padding-top: 0px; padding-left: 0px; border-left: 0px; display: inline; padding-right: 0px\" border=\"0\" alt=\"_MG_0529\" src=\"https:\/\/bobvarela.com\/wp-content\/uploads\/2016\/03\/MG_0529_thumb.jpg\" width=\"158\" align=\"left\" height=\"250\"\/><\/a>La Semana de la Moda, como se le conoce al evento, tambi\u00e9n contempla la participaci\u00f3n de la alianza con Dominicana Moda y la presentaci\u00f3n de tres dise\u00f1adores de esta plataforma. Dos dise\u00f1adoras de ropa de ni\u00f1os tambi\u00e9n se presentar\u00e1n en el ballroom de San Juan Moda.<\/font> <\/p>\n<p align=\"justify\"><font size=\"3\">Carlos Berm\u00fadez, Fundador y Presidente de San Juan Moda, explic\u00f3 en conferencia de prensa que por primera vez en esta edici\u00f3n tendr\u00e1n un \u201cD\u00eda de Novias,\u201d lo que denomin\u00f3 como un homenaje al arduo trabajo de confecci\u00f3n que va en estos dise\u00f1os. Cada dise\u00f1ador que participa en San Juan Moda presentar\u00e1 un vestido de novia para el desfile, as\u00ed como casa de novias invitadas dijo. <\/font> <\/p>\n<p align=\"justify\"><font size=\"3\">Otra novedad de esta sexta edici\u00f3n es la creaci\u00f3n de la Tarjeta VIP, distribuida sin costo alguno por cada dise\u00f1ador a sus clientes favoritos. El o la portador de esta Tarjeta VIP tendr\u00e1 acceso a la pasarela de su dise\u00f1ador por una entrada especial \u201cexpressway\u201d. Igualmente, este invitado podr\u00e1 participar de un coctel privado con el dise\u00f1ador que se celebrar\u00e1 en un \u00e1rea reservada para el grupo despu\u00e9s de cada desfile.<\/font> <\/p>\n<p align=\"center\"><font size=\"3\"><a href=\"https:\/\/bobvarela.com\/wp-content\/uploads\/2016\/03\/MG_0573.jpg\"><img loading=\"lazy\" decoding=\"async\" title=\"_MG_0573\" style=\"border-top: 0px; border-right: 0px; background-image: none; border-bottom: 0px; padding-top: 0px; padding-left: 0px; border-left: 0px; display: inline; padding-right: 0px\" border=\"0\" alt=\"_MG_0573\" src=\"https:\/\/bobvarela.com\/wp-content\/uploads\/2016\/03\/MG_0573_thumb.jpg\" width=\"199\" height=\"134\"\/><\/a><a href=\"https:\/\/bobvarela.com\/wp-content\/uploads\/2016\/03\/MG_0559.jpg\"><img loading=\"lazy\" decoding=\"async\" title=\"_MG_0559\" style=\"border-top: 0px; border-right: 0px; background-image: none; border-bottom: 0px; padding-top: 0px; padding-left: 0px; border-left: 0px; display: inline; padding-right: 0px\" border=\"0\" alt=\"_MG_0559\" src=\"https:\/\/bobvarela.com\/wp-content\/uploads\/2016\/03\/MG_0559_thumb.jpg\" width=\"199\" height=\"134\"\/><\/a><a href=\"https:\/\/bobvarela.com\/wp-content\/uploads\/2016\/03\/MG_0567.jpg\"><img loading=\"lazy\" decoding=\"async\" title=\"_MG_0567\" style=\"border-top: 0px; border-right: 0px; background-image: none; border-bottom: 0px; padding-top: 0px; padding-left: 0px; border-left: 0px; display: inline; padding-right: 0px\" border=\"0\" alt=\"_MG_0567\" src=\"https:\/\/bobvarela.com\/wp-content\/uploads\/2016\/03\/MG_0567_thumb.jpg\" width=\"199\" height=\"134\"\/><\/a><\/font> <\/p>\n<p align=\"justify\"><font size=\"3\">\u201cSan Juan Moda es una celebraci\u00f3n de la moda, de los dise\u00f1adores y de los clientes y fashionistas que hacen posible que esta industria siga vibrante y produciendo,\u201d dijo Berm\u00fadez. \u201cEn esta ocasi\u00f3n tambi\u00e9n destacamos la trayectoria de la actriz, presentadora de televisi\u00f3n y modelo Zuleyka Rivera, quien compartir\u00e1 con el p\u00fablico de San Juan Moda en diferentes eventos como parte de la celebraci\u00f3n de los 10 a\u00f5os de haber sido corona Miss Universo\u201d.<\/font> <\/p>\n<p align=\"center\"><a href=\"https:\/\/bobvarela.com\/wp-content\/uploads\/2016\/03\/MG_0589.jpg\"><img loading=\"lazy\" decoding=\"async\" title=\"_MG_0589\" style=\"border-top: 0px; border-right: 0px; background-image: none; border-bottom: 0px; padding-top: 0px; padding-left: 0px; border-left: 0px; display: inline; padding-right: 0px\" border=\"0\" alt=\"_MG_0589\" src=\"https:\/\/bobvarela.com\/wp-content\/uploads\/2016\/03\/MG_0589_thumb.jpg\" width=\"199\" height=\"134\"\/><\/a><a href=\"https:\/\/bobvarela.com\/wp-content\/uploads\/2016\/03\/MG_0578.jpg\"><img loading=\"lazy\" decoding=\"async\" title=\"_MG_0578\" style=\"border-top: 0px; border-right: 0px; background-image: none; border-bottom: 0px; padding-top: 0px; padding-left: 0px; border-left: 0px; display: inline; padding-right: 0px\" border=\"0\" alt=\"_MG_0578\" src=\"https:\/\/bobvarela.com\/wp-content\/uploads\/2016\/03\/MG_0578_thumb.jpg\" width=\"199\" height=\"134\"\/><\/a><a href=\"https:\/\/bobvarela.com\/wp-content\/uploads\/2016\/03\/MG_0580.jpg\"><img loading=\"lazy\" decoding=\"async\" title=\"_MG_0580\" style=\"border-top: 0px; border-right: 0px; background-image: none; border-bottom: 0px; padding-top: 0px; padding-left: 0px; border-left: 0px; display: inline; padding-right: 0px\" border=\"0\" alt=\"_MG_0580\" src=\"https:\/\/bobvarela.com\/wp-content\/uploads\/2016\/03\/MG_0580_thumb.jpg\" width=\"199\" height=\"134\"\/><\/a> <\/p>\n<p align=\"justify\"><font size=\"3\">La tambi\u00e9n empresaria y madre, Zuleyka Rivera, estar\u00e1 presente en el Corte de Cinta de la sexta edici\u00f3n de San Juan Moda el 15 de abril a las 11 a.m., fecha en la que la ex Miss Universo puertorrique\u00f1a ser\u00e1 homenajeada.<\/font> <\/p>\n<p align=\"center\"><font size=\"3\"><a href=\"https:\/\/bobvarela.com\/wp-content\/uploads\/2016\/03\/MG_0598.jpg\"><img loading=\"lazy\" decoding=\"async\" title=\"_MG_0598\" style=\"border-top: 0px; border-right: 0px; background-image: none; border-bottom: 0px; padding-top: 0px; padding-left: 0px; border-left: 0px; display: inline; padding-right: 0px\" border=\"0\" alt=\"_MG_0598\" src=\"https:\/\/bobvarela.com\/wp-content\/uploads\/2016\/03\/MG_0598_thumb.jpg\" width=\"199\" height=\"134\"\/><\/a><\/font> <\/p>\n<p align=\"justify\"><font size=\"3\">A continuaci\u00f3n el Itinerario Final con fechas y horarios de las pasarelas de cada dise\u00f1ador de San Juan Moda:<\/font> <\/p>\n<p><b><\/b> <\/p>\n<p><b><\/b> <\/p>\n<p align=\"justify\"><b><font size=\"3\">viernes&nbsp; <\/font><font size=\"3\">15 de abril <\/font><\/b> <\/p>\n<p align=\"justify\"><font size=\"3\">Corte de cinta 11:00 AM <b>Lobby<\/b><\/font> <\/p>\n<p align=\"justify\"><font size=\"3\">8 pm Apertura <b>Lobby <\/b>Dise\u00f1ador Accesorios <b>Lobby<\/b><\/font> <\/p>\n<p align=\"justify\"><b><\/b><font size=\"3\">10 pm -Carlos Alberto <b>Lobby<\/b><\/font> <\/p>\n<p align=\"justify\"><font size=\"3\">Homenaje Zuleyka Rivera<\/font> <\/p>\n<p align=\"justify\"><b><font size=\"3\">S\u00e1bado <\/font><font size=\"3\">16 de abril <\/font><\/b> <\/p>\n<p align=\"justify\"><font size=\"3\">4pm Michelle Ann <b>Ballroom<\/b><\/font> <\/p>\n<p align=\"justify\"><font size=\"3\">7 pm <b><\/b>Dise\u00f1ador Internacional <b>Ballroom<\/b><\/font> <\/p>\n<p align=\"justify\"><font size=\"3\">8 pm Dise\u00f1ador Accesorios <b>Lobby<\/b><\/font> <\/p>\n<p align=\"justify\"><font size=\"3\">9 pm Lisa Cappalli <b>Ballroom<\/b><\/font> <\/p>\n<p align=\"justify\"><b><font size=\"3\">domingo <\/font><font size=\"3\">17 de abril<\/font><\/b> <\/p>\n<p align=\"justify\"><font size=\"3\">2:00 p.m. Mel Dur\u00e1n <b>Ballroom<\/b><\/font> <\/p>\n<p align=\"justify\"><font size=\"3\">4:00 pm Marcos Carrazana <b>Ballroom<\/b><\/font> <\/p>\n<p align=\"justify\"><font size=\"3\">5:30 pm Diana V\u00e1zquez <b>Ballroom<\/b><\/font> <\/p>\n<p align=\"justify\"><b><\/b><font size=\"3\">7:00 pm Lisa Thon Celebraci\u00f3n <\/font><font size=\"3\">20 a\u00f1os <b>Ballroom<\/b><\/font> <\/p>\n<p align=\"justify\"><b><font size=\"3\"><\/font><\/b> <\/p>\n<p align=\"justify\"><b><font size=\"3\">Lunes&nbsp; <\/font><font size=\"3\">18 de abril<\/font><\/b> <\/p>\n<p align=\"justify\"><font size=\"3\"> 7 pm Casa de Novias <b>Ballroom<\/b><\/font> <\/p>\n<p align=\"justify\"><font size=\"3\">Hugo Boss <b>Ballroom <\/b><\/font> <\/p>\n<p align=\"justify\"><font size=\"3\">9 pm Novias SJM <b>Ballroom<\/b><\/font> <\/p>\n<p align=\"justify\"><b><font size=\"3\">martes <\/font><font size=\"3\">19 de abril <\/font><\/b> <\/p>\n<p align=\"justify\"><font size=\"3\">7:00 pm Dominicana Moda, (2) <b>Ballroom<\/b><\/font> <\/p>\n<p align=\"justify\"><font size=\"3\">9:00 pm Dise\u00f1ador Internacional <b>Ballroom<\/b><\/font> <\/p>\n<p align=\"justify\"><b><font size=\"3\">Pasarela de Celebridades por una buena causa<\/font><\/b> <\/p>\n<p align=\"justify\"><b><font size=\"3\"><\/font><\/b> <\/p>\n<p align=\"justify\"><b><font size=\"3\">Mi\u00e9rcoles <\/font><font size=\"3\">20 de abril <\/font><\/b> <\/p>\n<p align=\"justify\"><font size=\"3\">2:00 pm Tallas Grandes Ballroom <\/font> <\/p>\n<p align=\"justify\"><font size=\"3\">7 pm Miriam Budet <b>Ballroom<\/b><\/font> <\/p>\n<p align=\"justify\"><font size=\"3\">8:30 pm Sonia Rivera <b>Ballroom<\/b><\/font> <\/p>\n<p align=\"justify\"><font size=\"3\">10 pm Jaer Cab\u00e1n <b>Ballroom<\/b><\/font> <\/p>\n<p align=\"justify\"><font size=\"3\">Accesorios <b>Lobby<\/b><\/font> <\/p>\n<p align=\"justify\"><b><font size=\"3\"><\/font><\/b> <\/p>\n<p align=\"justify\"><b><font size=\"3\">Jueves&nbsp; <\/font><font size=\"3\">21 de abril<\/font><\/b> <\/p>\n<p align=\"justify\"><font size=\"3\">2:00 pm Giselle Blondet <b>Ballroom<\/b><\/font> <\/p>\n<p align=\"justify\"><font size=\"3\">7 pm Heriberto V\u00e1zquez <b>Ballroom<\/b><\/font> <\/p>\n<p align=\"justify\"><font size=\"3\">8:30 pm Sonia Santiago <b>Ballroom<\/b><\/font> <\/p>\n<p align=\"justify\"><font size=\"3\"><b>10:00 pm <\/b>Dise\u00f1ador Internacional<b> Ballroom<\/b><\/font> <\/p>\n<p align=\"justify\"><font size=\"3\">Accesorios <b>Lobby<\/b><\/font> <\/p>\n<p align=\"justify\"><b><font size=\"3\">Viernes <\/font><font size=\"3\">22 de abril <\/font><\/b> <\/p>\n<p align=\"justify\"><font size=\"3\">7 pm Rub\u00e9n Dario <b>Ballroom<\/b><\/font> <\/p>\n<p align=\"justify\"><font size=\"3\">8:30 pm Lisa Thon <b>Ballroom<\/b><\/font> <\/p>\n<p align=\"justify\"><font size=\"3\">10 pm Eddie Guerrero <b>Ballroom<\/b><\/font> <\/p>\n<p align=\"justify\"><font size=\"3\">Accesorios <b>Lobby<\/b><\/font> <\/p>\n<p align=\"justify\"><b><font size=\"3\"><\/font><\/b> <\/p>\n<p align=\"justify\"><b><font size=\"3\">S\u00e1bado<\/font><\/b> <\/p>\n<p align=\"justify\"><font size=\"3\"><b>23 de abril<\/b> Noche de Premiaci\u00f3n y Cierre <\/font><b><font size=\"3\">Gold Room<\/font><\/b><\/p>\n","protected":false},"excerpt":{"rendered":"<p>La presentaci\u00f3n de dise\u00f1adores europeos, una pasarela de tallas grandes, el 20 Aniversario de la dise\u00f1adora puertorrique\u00f1a Lisa Thon y un homenaje a la ex reina universal boricua, Zuleyka Rivera marcan la sexta jornada de San Juan Moda, a celebrarse&hellip;<\/p>\n<p class=\"more-link-p\"><a class=\"more-link\" href=\"https:\/\/bobvarela.com\/?p=96032\">Read more &rarr;<\/a><\/p>\n","protected":false},"author":1,"featured_media":0,"comment_status":"open","ping_status":"open","sticky":false,"template":"","format":"standard","meta":{"ngg_post_thumbnail":0,"footnotes":""},"categories":[4,295],"tags":[],"class_list":["post-96032","post","type-post","status-publish","format-standard","hentry","category-moda","category-puerto-rico"],"_links":{"self":[{"href":"https:\/\/bobvarela.com\/index.php?rest_route=\/wp\/v2\/posts\/96032","targetHints":{"allow":["GET"]}}],"collection":[{"href":"https:\/\/bobvarela.com\/index.php?rest_route=\/wp\/v2\/posts"}],"about":[{"href":"https:\/\/bobvarela.com\/index.php?rest_route=\/wp\/v2\/types\/post"}],"author":[{"embeddable":true,"href":"https:\/\/bobvarela.com\/index.php?rest_route=\/wp\/v2\/users\/1"}],"replies":[{"embeddable":true,"href":"https:\/\/bobvarela.com\/index.php?rest_route=%2Fwp%2Fv2%2Fcomments&post=96032"}],"version-history":[{"count":1,"href":"https:\/\/bobvarela.com\/index.php?rest_route=\/wp\/v2\/posts\/96032\/revisions"}],"predecessor-version":[{"id":96033,"href":"https:\/\/bobvarela.com\/index.php?rest_route=\/wp\/v2\/posts\/96032\/revisions\/96033"}],"wp:attachment":[{"href":"https:\/\/bobvarela.com\/index.php?rest_route=%2Fwp%2Fv2%2Fmedia&parent=96032"}],"wp:term":[{"taxonomy":"category","embeddable":true,"href":"https:\/\/bobvarela.com\/index.php?rest_route=%2Fwp%2Fv2%2Fcategories&post=96032"},{"taxonomy":"post_tag","embeddable":true,"href":"https:\/\/bobvarela.com\/index.php?rest_route=%2Fwp%2Fv2%2Ftags&post=96032"}],"curies":[{"name":"wp","href":"https:\/\/api.w.org\/{rel}","templated":true}]}}