{"id":96050,"date":"2016-03-24T08:20:16","date_gmt":"2016-03-24T12:20:16","guid":{"rendered":"https:\/\/bobvarela.com\/?p=96050"},"modified":"2016-03-24T08:20:16","modified_gmt":"2016-03-24T12:20:16","slug":"moda-y-diversin-en-el-oeste-con-just-girls","status":"publish","type":"post","link":"https:\/\/bobvarela.com\/?p=96050","title":{"rendered":"Moda y diversi&oacute;n en el Oeste con Just Girls"},"content":{"rendered":"<p align=\"justify\"><font size=\"3\"><a href=\"https:\/\/bobvarela.com\/wp-content\/uploads\/2016\/03\/Jackie-Tejada-junto-a-sus-modelos.jpg\"><img loading=\"lazy\" decoding=\"async\" title=\"Jackie Tejada junto a sus modelos\" style=\"border-top: 0px; border-right: 0px; background-image: none; border-bottom: 0px; float: left; padding-top: 0px; padding-left: 0px; border-left: 0px; display: inline; padding-right: 0px\" border=\"0\" alt=\"Jackie Tejada junto a sus modelos\" src=\"https:\/\/bobvarela.com\/wp-content\/uploads\/2016\/03\/Jackie-Tejada-junto-a-sus-modelos_thumb.jpg\" width=\"164\" align=\"left\" height=\"236\"\/><\/a>El pasado s\u00e1bado, 19 de marzo de 2016, en el Centro de Convenciones de Cabo Rojo, se celebr\u00f3 la cuarta edici\u00f3n del evento de modas para ni\u00f1as m\u00e1s grande del \u00e1rea Oeste, <i>Just Girls<\/i>. En un ambiente familiar y concurrido dio inicio la cuarta edici\u00f3n de este evento&nbsp; que se distingue por ser dirigido exclusivamente para ni\u00f1as y adolescentes. <\/font> <\/p>\n<p align=\"justify\"><font size=\"3\"> Mi intenci\u00f3n con esta actividad es lograr una experiencia \u00fanica para las ni\u00f1as y sus madres, en un ambiente sano y divertido donde las chicas no solo participen en los desfiles sino que puedan disfrutar de todos las atracciones que <i>Just Girls<\/i>&nbsp; ofrece, este a\u00f1o tuvimos la participaci\u00f3n del personaje de Mal\u00e9fica, Blanca Nieves y Bella, adem\u00e1s de una hermosa presentaci\u00f3n de baile por Ballet Escenario entre otras muchas sorpresas, expres\u00f3 Elizabeth Carlo Organizadora y Directora de la agencia be A MODEL.<\/font> <\/p>\n<p align=\"center\"><a href=\"https:\/\/bobvarela.com\/wp-content\/uploads\/2016\/03\/Brenda-Azaria-junto-a-Yulianna-Vargas.jpg\"><img loading=\"lazy\" decoding=\"async\" title=\"Brenda Azaria junto a Yulianna Vargas\" style=\"border-top: 0px; border-right: 0px; background-image: none; border-bottom: 0px; padding-top: 0px; padding-left: 0px; border-left: 0px; display: inline; padding-right: 0px\" border=\"0\" alt=\"Brenda Azaria junto a Yulianna Vargas\" src=\"https:\/\/bobvarela.com\/wp-content\/uploads\/2016\/03\/Brenda-Azaria-junto-a-Yulianna-Vargas_thumb.jpg\" width=\"244\" height=\"136\"\/><\/a> <\/p>\n<p align=\"justify\"><font size=\"3\">El evento cont\u00f3 con estaciones de belleza, con un majestuoso inflable simulando un carruaje de princesa, estaci\u00f3n de pop corn, pizza y algod\u00f3n, \u201cPhoto booth\u201d, \u201cLive DJ\u201d y \u201cboutique bazaar\u201d. Adem\u00e1s el p\u00fablico disfruto de exclusivas colecciones para ni\u00f1as y adolecentes. <\/font> <\/p>\n<p align=\"center\"><font size=\"3\"><a href=\"https:\/\/bobvarela.com\/wp-content\/uploads\/2016\/03\/Paulo-y-Paola-ambos-de-be-A-MODEL.jpg\"><img loading=\"lazy\" decoding=\"async\" title=\"Paulo y Paola ambos de be A MODEL\" style=\"border-top: 0px; border-right: 0px; background-image: none; border-bottom: 0px; padding-top: 0px; padding-left: 0px; margin: 0px; border-left: 0px; display: inline; padding-right: 0px\" border=\"0\" alt=\"Paulo y Paola ambos de be A MODEL\" src=\"https:\/\/bobvarela.com\/wp-content\/uploads\/2016\/03\/Paulo-y-Paola-ambos-de-be-A-MODEL_thumb.jpg\" width=\"124\" height=\"184\"\/><\/a><a href=\"https:\/\/bobvarela.com\/wp-content\/uploads\/2016\/03\/Brenda-y-Sabrina.jpg\"><img loading=\"lazy\" decoding=\"async\" title=\"Brenda y Sabrina\" style=\"border-top: 0px; border-right: 0px; background-image: none; border-bottom: 0px; padding-top: 0px; padding-left: 0px; margin: 0px; border-left: 0px; display: inline; padding-right: 0px\" border=\"0\" alt=\"Brenda y Sabrina\" src=\"https:\/\/bobvarela.com\/wp-content\/uploads\/2016\/03\/Brenda-y-Sabrina_thumb.jpg\" width=\"124\" height=\"184\"\/><\/a><a href=\"https:\/\/bobvarela.com\/wp-content\/uploads\/2016\/03\/Rebeca-Tiago.jpg\"><img loading=\"lazy\" decoding=\"async\" title=\"Rebeca Tiago\" style=\"border-top: 0px; border-right: 0px; background-image: none; border-bottom: 0px; padding-top: 0px; padding-left: 0px; border-left: 0px; display: inline; padding-right: 0px\" border=\"0\" alt=\"Rebeca Tiago\" src=\"https:\/\/bobvarela.com\/wp-content\/uploads\/2016\/03\/Rebeca-Tiago_thumb.jpg\" width=\"124\" height=\"184\"\/><\/a><\/font> <\/p>\n<p align=\"justify\"><font size=\"3\">La reconocida dise\u00f1adora, Wanda Beauchamp presento su colecci\u00f3n \u201cGirls Love Glitter\u201d que se destac\u00f3 por la participaci\u00f3n de Sofia Jirau una chica con necesidades especiales, Mara Garc\u00eda, con su colecci\u00f3n \u201cready to wear\u201d al estilo \u201ctwiggy\u201d de los a\u00f1os 60, por otra parte la dise\u00f1adora Jackie Tejada present\u00f3 su colecci\u00f3n \u201cFree Spirit\u201d quien cerr\u00f3 su desfile con el personaje de Mal\u00e9fica, Rebeca Tiago con una propuesta divertida y atractiva present\u00f3 \u201cI Love Tiago\u201d y Carolina Capell\u00e1n quien cerr\u00f3 la cuarta edici\u00f3n de Just Girls con su colecci\u00f3n \u201cEn tiempo de mariposas\u201d dedicado a la valent\u00eda femenina de las hermanas Mirabal. <\/font> <\/p>\n<p align=\"center\"><a href=\"https:\/\/bobvarela.com\/wp-content\/uploads\/2016\/03\/Paola-de-be-A-MODEL-desfile-de-Wanda.jpg\"><img loading=\"lazy\" decoding=\"async\" title=\"Paola de be A MODEL desfile de Wanda\" style=\"border-top: 0px; border-right: 0px; background-image: none; border-bottom: 0px; padding-top: 0px; padding-left: 0px; border-left: 0px; display: inline; padding-right: 0px\" border=\"0\" alt=\"Paola de be A MODEL desfile de Wanda\" src=\"https:\/\/bobvarela.com\/wp-content\/uploads\/2016\/03\/Paola-de-be-A-MODEL-desfile-de-Wanda_thumb.jpg\" width=\"124\" height=\"184\"\/><\/a><a href=\"https:\/\/bobvarela.com\/wp-content\/uploads\/2016\/03\/Wanda-Beauchamp.jpg\"><img loading=\"lazy\" decoding=\"async\" title=\"Wanda Beauchamp\" style=\"border-top: 0px; border-right: 0px; background-image: none; border-bottom: 0px; padding-top: 0px; padding-left: 0px; border-left: 0px; display: inline; padding-right: 0px\" border=\"0\" alt=\"Wanda Beauchamp\" src=\"https:\/\/bobvarela.com\/wp-content\/uploads\/2016\/03\/Wanda-Beauchamp_thumb.jpg\" width=\"124\" height=\"184\"\/><\/a><a href=\"https:\/\/bobvarela.com\/wp-content\/uploads\/2016\/03\/Sofia-Jirau-Desfile-Wanda.jpg\"><img loading=\"lazy\" decoding=\"async\" title=\"Sofia Jirau-Desfile Wanda\" style=\"border-top: 0px; border-right: 0px; background-image: none; border-bottom: 0px; padding-top: 0px; padding-left: 0px; margin: 0px; border-left: 0px; display: inline; padding-right: 0px\" border=\"0\" alt=\"Sofia Jirau-Desfile Wanda\" src=\"https:\/\/bobvarela.com\/wp-content\/uploads\/2016\/03\/Sofia-Jirau-Desfile-Wanda_thumb.jpg\" width=\"124\" height=\"184\"\/><\/a> <\/p>\n<p align=\"justify\"><font size=\"3\">Los presentes tambi\u00e9n disfrutaron de la visita de la nueva Miss Puerto Rico Universe 2016, Brenda Azaria Jim\u00e9nez, quien se present\u00f3 por primera vez en un evento luego de ser nombrada como la nueva soberana y tambi\u00e9n disfrutaron de la visita de la Princesa Puerto Rico 2016, Sabrina Feliciano. Asimismo, Yulianna Vargas de Wapa TV fungi\u00f3 como animadora del evento. <\/font><\/p>\n","protected":false},"excerpt":{"rendered":"<p>El pasado s\u00e1bado, 19 de marzo de 2016, en el Centro de Convenciones de Cabo Rojo, se celebr\u00f3 la cuarta edici\u00f3n del evento de modas para ni\u00f1as m\u00e1s grande del \u00e1rea Oeste, Just Girls. En un ambiente familiar y concurrido&hellip;<\/p>\n<p class=\"more-link-p\"><a class=\"more-link\" href=\"https:\/\/bobvarela.com\/?p=96050\">Read more &rarr;<\/a><\/p>\n","protected":false},"author":1,"featured_media":0,"comment_status":"open","ping_status":"open","sticky":false,"template":"","format":"standard","meta":{"ngg_post_thumbnail":0,"footnotes":""},"categories":[4,295],"tags":[],"class_list":["post-96050","post","type-post","status-publish","format-standard","hentry","category-moda","category-puerto-rico"],"_links":{"self":[{"href":"https:\/\/bobvarela.com\/index.php?rest_route=\/wp\/v2\/posts\/96050","targetHints":{"allow":["GET"]}}],"collection":[{"href":"https:\/\/bobvarela.com\/index.php?rest_route=\/wp\/v2\/posts"}],"about":[{"href":"https:\/\/bobvarela.com\/index.php?rest_route=\/wp\/v2\/types\/post"}],"author":[{"embeddable":true,"href":"https:\/\/bobvarela.com\/index.php?rest_route=\/wp\/v2\/users\/1"}],"replies":[{"embeddable":true,"href":"https:\/\/bobvarela.com\/index.php?rest_route=%2Fwp%2Fv2%2Fcomments&post=96050"}],"version-history":[{"count":1,"href":"https:\/\/bobvarela.com\/index.php?rest_route=\/wp\/v2\/posts\/96050\/revisions"}],"predecessor-version":[{"id":96051,"href":"https:\/\/bobvarela.com\/index.php?rest_route=\/wp\/v2\/posts\/96050\/revisions\/96051"}],"wp:attachment":[{"href":"https:\/\/bobvarela.com\/index.php?rest_route=%2Fwp%2Fv2%2Fmedia&parent=96050"}],"wp:term":[{"taxonomy":"category","embeddable":true,"href":"https:\/\/bobvarela.com\/index.php?rest_route=%2Fwp%2Fv2%2Fcategories&post=96050"},{"taxonomy":"post_tag","embeddable":true,"href":"https:\/\/bobvarela.com\/index.php?rest_route=%2Fwp%2Fv2%2Ftags&post=96050"}],"curies":[{"name":"wp","href":"https:\/\/api.w.org\/{rel}","templated":true}]}}