{"id":96062,"date":"2016-03-30T19:45:15","date_gmt":"2016-03-30T23:45:15","guid":{"rendered":"https:\/\/bobvarela.com\/?p=96062"},"modified":"2016-03-30T19:45:15","modified_gmt":"2016-03-30T23:45:15","slug":"the-mall-of-san-juan-celebra-su-primer-aniversario-con-fashion-week","status":"publish","type":"post","link":"https:\/\/bobvarela.com\/?p=96062","title":{"rendered":"The Mall of San Juan celebra su primer aniversario con Fashion Week"},"content":{"rendered":"<p align=\"center\"><a href=\"https:\/\/bobvarela.com\/wp-content\/uploads\/2016\/03\/50631-MOSJ-FB_POST-1008X1008.jpg\"><img loading=\"lazy\" decoding=\"async\" title=\"50631-MOSJ-FB_POST-1008X1008\" style=\"border-top: 0px; border-right: 0px; background-image: none; border-bottom: 0px; padding-top: 0px; padding-left: 0px; border-left: 0px; display: inline; padding-right: 0px\" border=\"0\" alt=\"50631-MOSJ-FB_POST-1008X1008\" src=\"https:\/\/bobvarela.com\/wp-content\/uploads\/2016\/03\/50631-MOSJ-FB_POST-1008X1008_thumb.jpg\" width=\"284\" height=\"320\" \/><\/a><\/p>\n<p align=\"justify\"><font size=\"3\">A un a\u00f1o de abrir sus puertas, el 26 de marzo de 2015, The Mall of San Juan, espacio de clase mundial repleto de tiendas, restaurantes y entretenimiento, realizar\u00e1 su primer <i>Fashion Week<\/i> desde el jueves, 31 de marzo hasta el domingo, 3 de abril.<\/font><\/p>\n<p align=\"justify\"><font size=\"3\"><i>\u201cThe Mall of San Juan Fashion<\/i> <i>Week <\/i>les brindar\u00e1 una experiencia incre\u00edble a nuestros clientes y visitantes, ya que podr\u00e1n estar muy cerca de varios de nuestros comerciantes y dise\u00f1adores, todos muy talentosos. Estamos muy entusiasmados porque vamos a brindarles una experiencia \u00fanica, la primera de muchas que tendremos a trav\u00e9s del a\u00f1o\u201d, dijo Marnie Marquina, directora de mercadeo y auspicios de The Mall of San Juan. <\/font><\/p>\n<p align=\"justify\"><font size=\"3\"><i>The Mall of San Juan Fashion Week<\/i> tomar\u00e1 lugar en el <i>Grand Court<\/i> del centro comercial, y en \u00e9l se lucir\u00e1n modelos seleccionadas a trav\u00e9s de un <i>casting<\/i> abierto realizado a principios del mes corriente. \u201cUno de los mejores dise\u00f1adores de escenograf\u00eda, Jos\u00e9 \u2018Checo\u2019 Cuevas, ide\u00f3 nuestra pasarela, una fluida y a tono con la arquitectura del Mall of San Juan\u201d, se\u00f1al\u00f3 Marquina. <\/font><\/p>\n<p align=\"justify\"><font size=\"3\">Todos los desfiles son gratis y abiertos al p\u00fablico, y cada uno durar\u00e1 aproximadamente una hora. Seguido, la agenda completa de <i>The Mall of San Juan Fashion Week<\/i>: <\/font><\/p>\n<p align=\"justify\"><u><font size=\"3\">Jueves, 31 de marzo<\/font><\/u><\/p>\n<p align=\"justify\"><font size=\"3\">7 p.m. Nordstrom <\/font><\/p>\n<p align=\"justify\"><u><font size=\"3\">Viernes, 1 de abril<\/font><\/u><\/p>\n<p align=\"justify\"><font size=\"3\">7:30 p.m. Bienteveo en el Mar <\/font><\/p>\n<p align=\"justify\"><font size=\"3\"><u>S<\/u><u>\u00e1bado, 2 de abril<\/u><\/font><\/p>\n<p align=\"justify\"><font size=\"3\">1:30 p.m. Janie and Jack <\/font><\/p>\n<p align=\"justify\"><font size=\"3\">3 p.m. Saks Fifth Avenue <\/font><\/p>\n<p align=\"justify\"><font size=\"3\">5 p.m. Free People <\/font><\/p>\n<p align=\"justify\"><font size=\"3\">6:30 p.m. Luis Antonio<\/font><\/p>\n<p align=\"justify\"><u><font size=\"3\">Domingo, 3 de abril<\/font><\/u><\/p>\n<p align=\"justify\"><font size=\"3\">1:30 p.m. Desigual <\/font><\/p>\n<p align=\"justify\"><font size=\"3\">2:30 p.m. Brooks Brothers <\/font><\/p>\n<p align=\"justify\"><font size=\"3\">3:30 p.m. Tommy Bahama <\/font><\/p>\n<p align=\"justify\"><font size=\"3\">5 p.m. Gustavo Arango <\/font><\/p>\n<p align=\"justify\"><font size=\"3\">Luego de los desfiles que se realizar\u00e1n de jueves a s\u00e1bado, habr\u00e1 <i>after parties<\/i> en los siguientes restaurantes del Mall: Bazille, Il Nuovo Mercato y American Cut Bar &amp; Grille. Para mayor informaci\u00f3n acerca de <i>The Mall of San Juan Fashion Week<\/i>, visita <\/font><a href=\"https:\/\/www.themallofsanjuan.com\/events\"><font size=\"3\">www.themallofsanjuan.com\/events<\/font><\/a><font size=\"3\">.<\/font><\/p>\n","protected":false},"excerpt":{"rendered":"<p>A un a\u00f1o de abrir sus puertas, el 26 de marzo de 2015, The Mall of San Juan, espacio de clase mundial repleto de tiendas, restaurantes y entretenimiento, realizar\u00e1 su primer Fashion Week desde el jueves, 31 de marzo hasta&hellip;<\/p>\n<p class=\"more-link-p\"><a class=\"more-link\" href=\"https:\/\/bobvarela.com\/?p=96062\">Read more &rarr;<\/a><\/p>\n","protected":false},"author":1,"featured_media":0,"comment_status":"open","ping_status":"open","sticky":false,"template":"","format":"standard","meta":{"ngg_post_thumbnail":0,"footnotes":""},"categories":[4,295],"tags":[],"class_list":["post-96062","post","type-post","status-publish","format-standard","hentry","category-moda","category-puerto-rico"],"_links":{"self":[{"href":"https:\/\/bobvarela.com\/index.php?rest_route=\/wp\/v2\/posts\/96062","targetHints":{"allow":["GET"]}}],"collection":[{"href":"https:\/\/bobvarela.com\/index.php?rest_route=\/wp\/v2\/posts"}],"about":[{"href":"https:\/\/bobvarela.com\/index.php?rest_route=\/wp\/v2\/types\/post"}],"author":[{"embeddable":true,"href":"https:\/\/bobvarela.com\/index.php?rest_route=\/wp\/v2\/users\/1"}],"replies":[{"embeddable":true,"href":"https:\/\/bobvarela.com\/index.php?rest_route=%2Fwp%2Fv2%2Fcomments&post=96062"}],"version-history":[{"count":1,"href":"https:\/\/bobvarela.com\/index.php?rest_route=\/wp\/v2\/posts\/96062\/revisions"}],"predecessor-version":[{"id":96063,"href":"https:\/\/bobvarela.com\/index.php?rest_route=\/wp\/v2\/posts\/96062\/revisions\/96063"}],"wp:attachment":[{"href":"https:\/\/bobvarela.com\/index.php?rest_route=%2Fwp%2Fv2%2Fmedia&parent=96062"}],"wp:term":[{"taxonomy":"category","embeddable":true,"href":"https:\/\/bobvarela.com\/index.php?rest_route=%2Fwp%2Fv2%2Fcategories&post=96062"},{"taxonomy":"post_tag","embeddable":true,"href":"https:\/\/bobvarela.com\/index.php?rest_route=%2Fwp%2Fv2%2Ftags&post=96062"}],"curies":[{"name":"wp","href":"https:\/\/api.w.org\/{rel}","templated":true}]}}