{"id":96068,"date":"2016-04-05T18:16:58","date_gmt":"2016-04-05T22:16:58","guid":{"rendered":"https:\/\/bobvarela.com\/?p=96068"},"modified":"2016-04-05T18:16:58","modified_gmt":"2016-04-05T22:16:58","slug":"agatha-ruz-de-la-prada-llega-a-san-juan-moda","status":"publish","type":"post","link":"https:\/\/bobvarela.com\/?p=96068","title":{"rendered":"Agatha Ru&iacute;z de la Prada llega a San Juan Moda"},"content":{"rendered":"<p align=\"center\"><a href=\"https:\/\/bobvarela.com\/wp-content\/uploads\/2016\/04\/clip_image002.jpg\"><img loading=\"lazy\" decoding=\"async\" title=\"clip_image002\" style=\"border-top: 0px; border-right: 0px; background-image: none; border-bottom: 0px; padding-top: 0px; padding-left: 0px; border-left: 0px; display: inline; padding-right: 0px\" border=\"0\" alt=\"clip_image002\" src=\"https:\/\/bobvarela.com\/wp-content\/uploads\/2016\/04\/clip_image002_thumb.jpg\" width=\"252\" height=\"340\" \/><\/a><\/p>\n<p align=\"justify\"><font size=\"3\">Luego de presentarse en la pasarela de la Madrid Fashion Week llega a San Juan Moda la dise\u00f1adora europea Agatha Ru\u00edz de la Prada.<\/font><\/p>\n<p align=\"justify\"><font size=\"3\">La famosa dise\u00f1adora se presentar\u00e1 el s\u00e1bado 16 de abril a las 7:00 de la noche, en el Ballroom del Hotel San Juan.<\/font><\/p>\n<p align=\"justify\"><font size=\"3\">Ru\u00edz de la Prada quien ha desfilado en las capitales internacionales de la moda como: Par\u00eds, Mil\u00e1n, Berl\u00edn, Florencia, Madrid y Barcelona trae a la sexta edici\u00f3n de San Juan Moda su reciente colecci\u00f3n.<\/font><\/p>\n<p align=\"justify\"><font size=\"3\">\u201cHoy estamos anunciando que la gran dise\u00f1adora Agatha Ru\u00edz de la Prada estar\u00e1 como parte de los dise\u00f1adores invitados que se presentar\u00e1n en San Juan Moda. Conocemos la trayectoria y el trabajo de la dise\u00f1adora y para nosotros es un gran orgullo poder disponer de nuestra pasarela para presentar su reciente colecci\u00f3n. Agatha es una artista memorable y una dise\u00f1adora que no tiene limites\u201d, dijo el presidente de San Juan Moda Carlos Berm\u00fadez al anunciar que la presentaci\u00f3n internacional ser\u00e1 a beneficio de la casa de ni\u00f1os Manuel Fern\u00e1ndez Juncos.<\/font><\/p>\n<p align=\"justify\"><font size=\"3\">Las creaciones de la dise\u00f1adora se han convertido en un verdadero medio de expresi\u00f3n art\u00edstica y desde los primeros a\u00f1os comenz\u00f3 a exhibir algunas piezas maestras en galer\u00edas y museos de diferentes ciudades de Europa, Am\u00e9rica y Asia. En 2014 y 2015 presenta una nueva exposici\u00f3n retrospectiva en diferentes pa\u00edses de Latinoam\u00e9rica.<\/font><\/p>\n<p align=\"justify\"><font size=\"3\">A trav\u00e9s de su colaboraci\u00f3n con diferentes empresas y organismos oficiales Agatha Ru\u00edz de la Prada ha dise\u00f1ado uniformes, vestuario y escenograf\u00edas para espect\u00e1culos de teatro, \u00f3pera y danza, luces de Navidad, parques infantiles y mobiliario urbano, parques tem\u00e1ticos, murales, jardines, restaurantes, cartelera de eventos y coches.<\/font><\/p>\n<p align=\"justify\"><font size=\"3\">En el a\u00f1o 2011 se constituy\u00f3 la Fundaci\u00f3n Agatha Ruiz de la Prada donde se conserva una importante representaci\u00f3n del devenir de Agatha a trav\u00e9s de sus m\u00e1s de treinta a\u00f1os de historia en el mundo de la moda y la creatividad, con el fin de catalogar, conservar y difundir su impresionante legado documental.<\/font><\/p>\n<p align=\"center\"><a href=\"https:\/\/bobvarela.com\/wp-content\/uploads\/2016\/04\/prada.jpg\"><img loading=\"lazy\" decoding=\"async\" title=\"prada\" style=\"border-top: 0px; border-right: 0px; background-image: none; border-bottom: 0px; padding-top: 0px; padding-left: 0px; border-left: 0px; display: inline; padding-right: 0px\" border=\"0\" alt=\"prada\" src=\"https:\/\/bobvarela.com\/wp-content\/uploads\/2016\/04\/prada_thumb.jpg\" width=\"348\" height=\"236\" \/><\/a><\/p>\n","protected":false},"excerpt":{"rendered":"<p>Luego de presentarse en la pasarela de la Madrid Fashion Week llega a San Juan Moda la dise\u00f1adora europea Agatha Ru\u00edz de la Prada. La famosa dise\u00f1adora se presentar\u00e1 el s\u00e1bado 16 de abril a las 7:00 de la noche,&hellip;<\/p>\n<p class=\"more-link-p\"><a class=\"more-link\" href=\"https:\/\/bobvarela.com\/?p=96068\">Read more &rarr;<\/a><\/p>\n","protected":false},"author":1,"featured_media":0,"comment_status":"open","ping_status":"open","sticky":false,"template":"","format":"standard","meta":{"ngg_post_thumbnail":0,"footnotes":""},"categories":[4,295],"tags":[],"class_list":["post-96068","post","type-post","status-publish","format-standard","hentry","category-moda","category-puerto-rico"],"_links":{"self":[{"href":"https:\/\/bobvarela.com\/index.php?rest_route=\/wp\/v2\/posts\/96068","targetHints":{"allow":["GET"]}}],"collection":[{"href":"https:\/\/bobvarela.com\/index.php?rest_route=\/wp\/v2\/posts"}],"about":[{"href":"https:\/\/bobvarela.com\/index.php?rest_route=\/wp\/v2\/types\/post"}],"author":[{"embeddable":true,"href":"https:\/\/bobvarela.com\/index.php?rest_route=\/wp\/v2\/users\/1"}],"replies":[{"embeddable":true,"href":"https:\/\/bobvarela.com\/index.php?rest_route=%2Fwp%2Fv2%2Fcomments&post=96068"}],"version-history":[{"count":1,"href":"https:\/\/bobvarela.com\/index.php?rest_route=\/wp\/v2\/posts\/96068\/revisions"}],"predecessor-version":[{"id":96069,"href":"https:\/\/bobvarela.com\/index.php?rest_route=\/wp\/v2\/posts\/96068\/revisions\/96069"}],"wp:attachment":[{"href":"https:\/\/bobvarela.com\/index.php?rest_route=%2Fwp%2Fv2%2Fmedia&parent=96068"}],"wp:term":[{"taxonomy":"category","embeddable":true,"href":"https:\/\/bobvarela.com\/index.php?rest_route=%2Fwp%2Fv2%2Fcategories&post=96068"},{"taxonomy":"post_tag","embeddable":true,"href":"https:\/\/bobvarela.com\/index.php?rest_route=%2Fwp%2Fv2%2Ftags&post=96068"}],"curies":[{"name":"wp","href":"https:\/\/api.w.org\/{rel}","templated":true}]}}