{"id":96255,"date":"2016-04-07T19:23:58","date_gmt":"2016-04-07T23:23:58","guid":{"rendered":"https:\/\/bobvarela.com\/?p=96255"},"modified":"2016-04-07T19:23:58","modified_gmt":"2016-04-07T23:23:58","slug":"g-by-gustavo-en-el-primer-aniversario-mall-san-juan","status":"publish","type":"post","link":"https:\/\/bobvarela.com\/?p=96255","title":{"rendered":"G by Gustavo en el primer Aniversario Mall San Juan"},"content":{"rendered":"<p align=\"center\"><a href=\"https:\/\/bobvarela.com\/wp-content\/uploads\/2016\/04\/C99A6593.jpg\"><img loading=\"lazy\" decoding=\"async\" title=\"C99A6593\" style=\"border-top: 0px; border-right: 0px; background-image: none; border-bottom: 0px; padding-top: 0px; padding-left: 0px; border-left: 0px; display: inline; padding-right: 0px\" border=\"0\" alt=\"C99A6593\" src=\"https:\/\/bobvarela.com\/wp-content\/uploads\/2016\/04\/C99A6593_thumb.jpg\" width=\"378\" height=\"215\" \/><\/a><\/p>\n<p align=\"justify\"><font size=\"3\">El 3 de abril, como parte de primer Aniversario de Mall of San Juan, el dise\u00f1ador Gustavo&#160; Arango presento su l\u00ednea <i>G by Gustavo<\/i>, disponible en la boutique del dise\u00f1ador en <i>The Mall of San Juan<\/i>. Mientras los maniqu\u00edes vivientes luc\u00edan las creaciones, el cantante Christian Daniel delito al publico con sus canciones<\/font> <\/p>\n<p align=\"justify\">ngg_shortcode_0_placeholder<\/p>\n","protected":false},"excerpt":{"rendered":"<p>El 3 de abril, como parte de primer Aniversario de Mall of San Juan, el dise\u00f1ador Gustavo&#160; Arango presento su l\u00ednea G by Gustavo, disponible en la boutique del dise\u00f1ador en The Mall of San Juan. Mientras los maniqu\u00edes vivientes&hellip;<\/p>\n<p class=\"more-link-p\"><a class=\"more-link\" href=\"https:\/\/bobvarela.com\/?p=96255\">Read more &rarr;<\/a><\/p>\n","protected":false},"author":1,"featured_media":0,"comment_status":"open","ping_status":"open","sticky":false,"template":"","format":"standard","meta":{"ngg_post_thumbnail":0,"footnotes":""},"categories":[4,295],"tags":[],"class_list":["post-96255","post","type-post","status-publish","format-standard","hentry","category-moda","category-puerto-rico"],"_links":{"self":[{"href":"https:\/\/bobvarela.com\/index.php?rest_route=\/wp\/v2\/posts\/96255","targetHints":{"allow":["GET"]}}],"collection":[{"href":"https:\/\/bobvarela.com\/index.php?rest_route=\/wp\/v2\/posts"}],"about":[{"href":"https:\/\/bobvarela.com\/index.php?rest_route=\/wp\/v2\/types\/post"}],"author":[{"embeddable":true,"href":"https:\/\/bobvarela.com\/index.php?rest_route=\/wp\/v2\/users\/1"}],"replies":[{"embeddable":true,"href":"https:\/\/bobvarela.com\/index.php?rest_route=%2Fwp%2Fv2%2Fcomments&post=96255"}],"version-history":[{"count":1,"href":"https:\/\/bobvarela.com\/index.php?rest_route=\/wp\/v2\/posts\/96255\/revisions"}],"predecessor-version":[{"id":96256,"href":"https:\/\/bobvarela.com\/index.php?rest_route=\/wp\/v2\/posts\/96255\/revisions\/96256"}],"wp:attachment":[{"href":"https:\/\/bobvarela.com\/index.php?rest_route=%2Fwp%2Fv2%2Fmedia&parent=96255"}],"wp:term":[{"taxonomy":"category","embeddable":true,"href":"https:\/\/bobvarela.com\/index.php?rest_route=%2Fwp%2Fv2%2Fcategories&post=96255"},{"taxonomy":"post_tag","embeddable":true,"href":"https:\/\/bobvarela.com\/index.php?rest_route=%2Fwp%2Fv2%2Ftags&post=96255"}],"curies":[{"name":"wp","href":"https:\/\/api.w.org\/{rel}","templated":true}]}}