{"id":96269,"date":"2016-04-08T17:30:58","date_gmt":"2016-04-08T21:30:58","guid":{"rendered":"https:\/\/bobvarela.com\/?p=96269"},"modified":"2016-04-08T17:30:58","modified_gmt":"2016-04-08T21:30:58","slug":"coliseo-de-puerto-rico-pone-de-moda-la-solidaridad-se-une-a-organizacin-de-tu-closet-a-mi-prom","status":"publish","type":"post","link":"https:\/\/bobvarela.com\/?p=96269","title":{"rendered":"COLISEO DE PUERTO RICO PONE DE MODA LA SOLIDARIDAD SE UNE A ORGANIZACI&Oacute;N DE TU CLOSET A MI PROM"},"content":{"rendered":"<p align=\"center\"><font size=\"3\"><a href=\"https:\/\/bobvarela.com\/wp-content\/uploads\/2016\/04\/COLISEO-ABRIL-2016-prom-dress-initiative.jpg\"><img loading=\"lazy\" decoding=\"async\" title=\"COLISEO ABRIL 2016 prom dress initiative\" style=\"border-top: 0px; border-right: 0px; background-image: none; border-bottom: 0px; padding-top: 0px; padding-left: 0px; border-left: 0px; display: inline; padding-right: 0px\" border=\"0\" alt=\"COLISEO ABRIL 2016 prom dress initiative\" src=\"https:\/\/bobvarela.com\/wp-content\/uploads\/2016\/04\/COLISEO-ABRIL-2016-prom-dress-initiative_thumb.jpg\" width=\"280\" height=\"203\" \/><\/a><\/font><\/p>\n<p align=\"justify\"><font size=\"3\">El Coliseo de Puerto Rico anunci\u00f3 una alianza para trabajar junto a \u201cDe tu Closet a Mi Prom,\u201d organizaci\u00f3n comunitaria que desde el 2009 ofrece charlas educativas y motivacionales a j\u00f3venes puertorrique\u00f1as de tercer y cuarto a\u00f1o de escuela superior para orientarlas en cuanto a su futuro profesional.<\/font><\/p>\n<p align=\"justify\"><a href=\"https:\/\/bobvarela.com\/wp-content\/uploads\/2016\/04\/prom-9.jpg\"><img loading=\"lazy\" decoding=\"async\" title=\"prom 9\" style=\"border-top: 0px; border-right: 0px; background-image: none; border-bottom: 0px; float: left; padding-top: 0px; padding-left: 0px; border-left: 0px; display: inline; padding-right: 0px\" border=\"0\" alt=\"prom 9\" src=\"https:\/\/bobvarela.com\/wp-content\/uploads\/2016\/04\/prom-9_thumb.jpg\" width=\"144\" align=\"left\" height=\"253\" \/><\/a><font size=\"3\">Fundada por Blanca P\u00e9rez y Laura del Cuadro, la organizaci\u00f3n sin fines de lucro es mejor conocida por ser precursora en la Isla de la iniciativa de cumplir la ilusi\u00f3n de miles de graduandas para que tengan un vestido de ensue\u00f1o y una noche inolvidable en su Senior Prom.<\/font><\/p>\n<p align=\"justify\"><font size=\"3\">\u201cEsta administraci\u00f3n cree en las futuras generaciones,\u201d dijo el Lcdo. Victor Su\u00e1rez, Secretario de Estado y Director de la Autoridad del Distrito de Convenciones. \u201cTerminar la escuela es un gran paso para ir construyendo futuro &#8211; &#8211; Vamos a poner a su alcance todas las herramientas y recursos que podamos para que terminen la escuela superior con alegr\u00eda y orgullo y se labren un futuro de provecho. Nos honra ser parte de esta gran iniciativa.\u201d<\/font><\/p>\n<p align=\"justify\"><font size=\"3\">El Coliseo de Puerto Rico, operado por la compa\u00f1\u00eda SMG, comienza la alianza el <b>viernes 15 de abril<\/b> cuando presta sus facilidades para que toda persona interesada en cooperar con la organizaci\u00f3n donando vestidos apropiados para las j\u00f3venes, los puedan entregar en la plazoleta principal frente a la Boleter\u00eda. Para facilitar la entrega sin bajarse del auto., tendr\u00e1n voluntarios que los recibir\u00e1n en \u00e1reas especiales del parking VIP frente a la plazoleta principal. <b>Las personas podr\u00e1n entregar los vestidos en horario de 9:00 a.m. a 3:00 p.m.<\/b><\/font><\/p>\n<p align=\"justify\"><font size=\"3\">\u201cUna de las satisfacciones m\u00e1s grandes que tenemos como compa\u00f1\u00eda es poder hacer alianzas como \u00e9sta para facilitar el trabajo de organizaciones dedicadas a mejorar la calidad de vida de Puerto Rico,\u201d dijo Eduardo Cajina, Gerente General del Coliseo de Puerto Rico. \u201cEste grupo comenz\u00f3 cumpliendo sue\u00f1os en su natal Dorado y siete a\u00f1os m\u00e1s tarde est\u00e1n trabajando en todo Puerto Rico. \u201d<\/font><\/p>\n<p align=\"justify\"><font size=\"3\">Seg\u00fan se inform\u00f3, el Coliseo tambi\u00e9n ser\u00e1 transformado en una inmensa boutique donde las j\u00f3venes podr\u00e1n acudir a ver los vestidos organizados en estantes por color y tama\u00f1o, med\u00edrselos y escoger el perfecto para ellas. <b>Esta boutique abrir\u00e1 sus puertas del 9 al 13 de mayo en horario de 9:00 a.m. a 6:00 p.m.<\/b><\/font><\/p>\n<p align=\"center\"><a href=\"https:\/\/bobvarela.com\/wp-content\/uploads\/2016\/04\/prom-6.jpg\"><img loading=\"lazy\" decoding=\"async\" title=\"prom 6\" style=\"border-top: 0px; border-right: 0px; background-image: none; border-bottom: 0px; padding-top: 0px; padding-left: 0px; border-left: 0px; display: inline; padding-right: 0px\" border=\"0\" alt=\"prom 6\" src=\"https:\/\/bobvarela.com\/wp-content\/uploads\/2016\/04\/prom-6_thumb.jpg\" width=\"383\" height=\"228\" \/><\/a><\/p>\n<p> <strong><font size=\"3\"><\/font><\/strong>  <\/p>\n<p align=\"justify\"><font size=\"3\">P\u00e9rez explic\u00f3 que la entrega del vestido de gala es la culminaci\u00f3n de su trabajo cada a\u00f1o, puesto que en coordinaci\u00f3n con los directores escolares y las trabajadoras sociales de cada distrito escolar, la organizaci\u00f3n \u201cDe Tu Closet a Mi Prom\u201d ofrece charlas educativas y motivacionales y llevan recursos a diferentes puntos de la Isla para \u201cempoderar a estas j\u00f3venes y motivarlas a estudiar y luchar por un futuro s\u00f3lido.\u201d<\/font><\/p>\n<p align=\"justify\"><font size=\"3\">\u201cNo es s\u00f3lo regalarle un vestido y la posibilidad de acudir a su Senior Prom,\u201d dijo P\u00e9rez, \u201c\u2026hacemos un poquito m\u00e1s. Buscamos empoderarlas, dirigirlas y estimularlas para que tomen decisiones sabias en su vida futura.\u201d<\/font><\/p>\n<p align=\"center\"><a href=\"https:\/\/bobvarela.com\/wp-content\/uploads\/2016\/04\/prom-8.jpg\"><img loading=\"lazy\" decoding=\"async\" title=\"prom 8\" style=\"border-top: 0px; border-right: 0px; background-image: none; border-bottom: 0px; padding-top: 0px; padding-left: 0px; border-left: 0px; display: inline; padding-right: 0px\" border=\"0\" alt=\"prom 8\" src=\"https:\/\/bobvarela.com\/wp-content\/uploads\/2016\/04\/prom-8_thumb.jpg\" width=\"152\" height=\"148\" \/><\/a><a href=\"https:\/\/bobvarela.com\/wp-content\/uploads\/2016\/04\/prom-4.jpg\"><img loading=\"lazy\" decoding=\"async\" title=\"prom 4\" style=\"border-top: 0px; border-right: 0px; background-image: none; border-bottom: 0px; padding-top: 0px; padding-left: 0px; border-left: 0px; display: inline; padding-right: 0px\" border=\"0\" alt=\"prom 4\" src=\"https:\/\/bobvarela.com\/wp-content\/uploads\/2016\/04\/prom-4_thumb.jpg\" width=\"274\" height=\"150\" \/><\/a><\/p>\n<p align=\"justify\"><font size=\"3\">\u201cDe Tu Closet a Mi Prom\u201d ha podido proveer sobre 4mil vestidos del 2009 al 2015 en todo Puerto Rico, \u201cy hemos impactado la vida de muchas m\u00e1s ni\u00f1as porque a trav\u00e9s de las charlas y las actividades que realizamos, moldeamos actitudes y encaminamos las futuras l\u00edderes de este pa\u00eds.\u201d<\/font><\/p>\n<p align=\"justify\"><font size=\"3\">Sin embargo, P\u00e9rez dijo que no regalan vestidos por regalar.<\/font><\/p>\n<p align=\"justify\"><font size=\"3\">\u201cEstas j\u00f3venes tienen que realizar alguna labor comunitaria en su escuela, su comunidad o su pueblo y presentar los resultados para ser merecedoras del vestido,\u201d se\u00f1al\u00f3 P\u00e9rez. \u201cEnse\u00f1amos con el ejemplo, queremos que aprendan a cooperar, apoyar y a compartir para juntas hacer un mejor Puerto Rico.\u201d<\/font><\/p>\n<p align=\"center\"><a href=\"https:\/\/bobvarela.com\/wp-content\/uploads\/2016\/04\/prom.jpg\"><img loading=\"lazy\" decoding=\"async\" title=\"prom\" style=\"border-top: 0px; border-right: 0px; background-image: none; border-bottom: 0px; padding-top: 0px; padding-left: 0px; border-left: 0px; display: inline; padding-right: 0px\" border=\"0\" alt=\"prom\" src=\"https:\/\/bobvarela.com\/wp-content\/uploads\/2016\/04\/prom_thumb.jpg\" width=\"258\" height=\"197\" \/><\/a><\/p>\n<p align=\"justify\"><font size=\"3\">Se solicitan vestidos en \u00f3ptimas condiciones, nuevos o usados, adecuados para Senior Proms en tama\u00f1os del 0 al 24. Igualmente se aceptan donaciones de zapatos formales en buen estado y carteras de fiesta. Los vestidos ser\u00e1n recogidos y almacenados en salones especiales dentro del Coliseo de Puerto Rico, donde ser\u00e1n organizados para la inauguraci\u00f3n de \u201cLa Boutique.\u201d<\/font><\/p>\n<p align=\"justify\"><font size=\"3\">Se inform\u00f3 adem\u00e1s que como parte de la alianza, el Coliseo de Puerto Rico ser\u00e1 la sede de m\u00faltiples talleres educativos para j\u00f3venes pre-graduandas en septiembre. <\/font><\/p>\n<p align=\"justify\"><font size=\"3\">Para m\u00e1s informaci\u00f3n sobre esta iniciativa, donar vestidos y ofrecer su tiempo como voluntario puede acceder el portal oficial del Coliseo de Puerto Rico <\/font><a href=\"https:\/\/www.coliseodepuertorico\"><font size=\"3\">www.coliseodepuertorico<\/font><\/a><font size=\"3\">, sus plataformas en las redes sociales y <\/font><a href=\"https:\/\/www.detuclosetamiprom.org\/\"><font size=\"3\">www.detuclosetamiprom.org<\/font><\/a><font size=\"3\"> # # #<\/font><\/p>\n","protected":false},"excerpt":{"rendered":"<p>El Coliseo de Puerto Rico anunci\u00f3 una alianza para trabajar junto a \u201cDe tu Closet a Mi Prom,\u201d organizaci\u00f3n comunitaria que desde el 2009 ofrece charlas educativas y motivacionales a j\u00f3venes puertorrique\u00f1as de tercer y cuarto a\u00f1o de escuela superior&hellip;<\/p>\n<p class=\"more-link-p\"><a class=\"more-link\" href=\"https:\/\/bobvarela.com\/?p=96269\">Read more &rarr;<\/a><\/p>\n","protected":false},"author":1,"featured_media":0,"comment_status":"open","ping_status":"open","sticky":false,"template":"","format":"standard","meta":{"ngg_post_thumbnail":0,"footnotes":""},"categories":[3,4],"tags":[],"class_list":["post-96269","post","type-post","status-publish","format-standard","hentry","category-actividades","category-moda"],"_links":{"self":[{"href":"https:\/\/bobvarela.com\/index.php?rest_route=\/wp\/v2\/posts\/96269","targetHints":{"allow":["GET"]}}],"collection":[{"href":"https:\/\/bobvarela.com\/index.php?rest_route=\/wp\/v2\/posts"}],"about":[{"href":"https:\/\/bobvarela.com\/index.php?rest_route=\/wp\/v2\/types\/post"}],"author":[{"embeddable":true,"href":"https:\/\/bobvarela.com\/index.php?rest_route=\/wp\/v2\/users\/1"}],"replies":[{"embeddable":true,"href":"https:\/\/bobvarela.com\/index.php?rest_route=%2Fwp%2Fv2%2Fcomments&post=96269"}],"version-history":[{"count":1,"href":"https:\/\/bobvarela.com\/index.php?rest_route=\/wp\/v2\/posts\/96269\/revisions"}],"predecessor-version":[{"id":96270,"href":"https:\/\/bobvarela.com\/index.php?rest_route=\/wp\/v2\/posts\/96269\/revisions\/96270"}],"wp:attachment":[{"href":"https:\/\/bobvarela.com\/index.php?rest_route=%2Fwp%2Fv2%2Fmedia&parent=96269"}],"wp:term":[{"taxonomy":"category","embeddable":true,"href":"https:\/\/bobvarela.com\/index.php?rest_route=%2Fwp%2Fv2%2Fcategories&post=96269"},{"taxonomy":"post_tag","embeddable":true,"href":"https:\/\/bobvarela.com\/index.php?rest_route=%2Fwp%2Fv2%2Ftags&post=96269"}],"curies":[{"name":"wp","href":"https:\/\/api.w.org\/{rel}","templated":true}]}}