{"id":96379,"date":"2016-04-12T06:59:21","date_gmt":"2016-04-12T10:59:21","guid":{"rendered":"https:\/\/bobvarela.com\/?p=96379"},"modified":"2016-04-12T06:59:21","modified_gmt":"2016-04-12T10:59:21","slug":"regresa-el-garnier-green-bag-fest-con-una-propuesta-musical-100-puertorriquea","status":"publish","type":"post","link":"https:\/\/bobvarela.com\/?p=96379","title":{"rendered":"Regresa el Garnier Green Bag Fest con una propuesta musical 100% puertorrique&ntilde;a."},"content":{"rendered":"<p align=\"center\"><font size=\"3\"><a href=\"https:\/\/bobvarela.com\/wp-content\/uploads\/2016\/04\/GGBF-Banner-2016.jpg\"><img loading=\"lazy\" decoding=\"async\" title=\"GGBF Banner 2016\" style=\"border-top: 0px; border-right: 0px; background-image: none; border-bottom: 0px; padding-top: 0px; padding-left: 0px; border-left: 0px; display: inline; padding-right: 0px\" border=\"0\" alt=\"GGBF Banner 2016\" src=\"https:\/\/bobvarela.com\/wp-content\/uploads\/2016\/04\/GGBF-Banner-2016_thumb.jpg\" width=\"241\" height=\"324\" \/><\/a><\/font><\/p>\n<p align=\"justify\"><font size=\"3\">Por tercer a\u00f1o consecutivo, Garnier Puerto Rico presenta el <b>Garnier Green Bag Fest<\/b>, un concierto masivo que se convierte en el centro de acopio para el reciclaje de pl\u00e1stico tipo 1 y 2. Garnier como marca eco-amigable busca promover la acci\u00f3n del reciclaje y concienciar a la comunidad puertorrique\u00f1a acerca de la importancia de la conservaci\u00f3n de nuestros recursos. Este a\u00f1o, y por primera vez, como parte de la propuesta musical se encuentran los puertorrique\u00f1os: Tommy Torres, Pedro Cap\u00f3, Vivanativa y DJ Nino.<\/font><\/p>\n<p align=\"center\"><a href=\"https:\/\/bobvarela.com\/wp-content\/uploads\/2016\/04\/Pedro-Cap.jpg\"><img loading=\"lazy\" decoding=\"async\" title=\"Pedro Cap\u00f3\" style=\"border-top: 0px; border-right: 0px; background-image: none; border-bottom: 0px; padding-top: 0px; padding-left: 0px; border-left: 0px; display: inline; padding-right: 0px\" border=\"0\" alt=\"Pedro Cap\u00f3\" src=\"https:\/\/bobvarela.com\/wp-content\/uploads\/2016\/04\/Pedro-Cap_thumb.jpg\" width=\"221\" height=\"196\" \/><\/a><\/p>\n<p align=\"justify\"><font size=\"3\">El <b>Garnier Green Bag Fest <\/b>se llevar\u00e1 a cabo el s\u00e1bado, 30 de abril de 2016 en Bah\u00eda Urbana a partir de las 7<\/font><a name=\"_GoBack\"><\/a><font size=\"3\">:00PM. Para participar de este evento, los consumidores deber\u00e1n visitar los centros de orientaci\u00f3n Garnier en establecimientos comerciales en toda la Isla y comprar 3 productos o m\u00e1s de Garnier, para recibir el \u2018Garnier Green Bag\u2019. Esta bolsa llena de pl\u00e1stico (tipo 1 y 2) permitir\u00e1 el acceso libre de costo al concierto, una vez llena hasta la l\u00ednea indicada. \u201cPor primera vez tendremos la oportunidad de presentar un concierto con una propuesta musical solo con talento local. Es para Garnier un privilegio poder resaltar el potencial musical de nuestras Isla y continuar abri\u00e9ndoles paso a estos artistas a que se presenten en su tierra\u201d, se\u00f1al\u00f3 Carolina Serrano, gerente de marca de Garnier en Puerto Rico. <\/font><\/p>\n<p align=\"center\"><a href=\"https:\/\/bobvarela.com\/wp-content\/uploads\/2016\/04\/Vivanativa.jpg\"><img loading=\"lazy\" decoding=\"async\" title=\"Vivanativa\" style=\"border-top: 0px; border-right: 0px; background-image: none; border-bottom: 0px; padding-top: 0px; padding-left: 0px; border-left: 0px; display: inline; padding-right: 0px\" border=\"0\" alt=\"Vivanativa\" src=\"https:\/\/bobvarela.com\/wp-content\/uploads\/2016\/04\/Vivanativa_thumb.jpg\" width=\"332\" height=\"181\" \/><\/a><\/p>\n<p align=\"justify\"><font size=\"3\">A trav\u00e9s de sus equipos y voluntarios el <b>Garnier Green Bag Fest<\/b> contar\u00e1 con estaciones de reciclaje y personas adiestradas para orientar a los participantes. Algunos de estos voluntarios pertenecen a Basura Cero, una combinaci\u00f3n de esfuerzos que busca eliminar la mayor parte posible de la basura llevada a los vertederos e incineradores estableciendo metas y programas para lograrlo. <\/font><\/p>\n<p align=\"justify\"><font size=\"3\">Durante el evento voluntarios de Basura Cero estar\u00e1n recibiendo todo el material reciclable, as\u00ed como orientando y apoyando en las estaciones de reciclaje; de esta manera se pretende generar la menor cantidad de basura posible y reciclar de manera efectiva, durante el transcurso de la actividad. <\/font><\/p>\n<p align=\"center\"><font size=\"3\"><a href=\"https:\/\/bobvarela.com\/wp-content\/uploads\/2016\/04\/DJ-Nino.jpg\"><img loading=\"lazy\" decoding=\"async\" title=\"DJ Nino\" style=\"border-top: 0px; border-right: 0px; background-image: none; border-bottom: 0px; padding-top: 0px; padding-left: 0px; border-left: 0px; display: inline; padding-right: 0px\" border=\"0\" alt=\"DJ Nino\" src=\"https:\/\/bobvarela.com\/wp-content\/uploads\/2016\/04\/DJ-Nino_thumb.jpg\" width=\"289\" height=\"247\" \/><\/a><\/font><\/p>\n<p align=\"justify\"><font size=\"3\">Actualmente, Puerto Rico genera cerca de 3,600,000 toneladas de desperdicios s\u00f3lidos al a\u00f1o; esta cifra equivale a 5.18lb por persona al d\u00eda, incluyendo los escombros de construcci\u00f3n. Al recoger basura con tu \u2018Garnier Green Bag\u2019 estar\u00e1s ayudando mantener a Puerto Rico recogido y reciclar materiales de manera efectiva.<\/font><\/p>\n","protected":false},"excerpt":{"rendered":"<p>Por tercer a\u00f1o consecutivo, Garnier Puerto Rico presenta el Garnier Green Bag Fest, un concierto masivo que se convierte en el centro de acopio para el reciclaje de pl\u00e1stico tipo 1 y 2. Garnier como marca eco-amigable busca promover la&hellip;<\/p>\n<p class=\"more-link-p\"><a class=\"more-link\" href=\"https:\/\/bobvarela.com\/?p=96379\">Read more &rarr;<\/a><\/p>\n","protected":false},"author":1,"featured_media":0,"comment_status":"open","ping_status":"open","sticky":false,"template":"","format":"standard","meta":{"ngg_post_thumbnail":0,"footnotes":""},"categories":[3],"tags":[],"class_list":["post-96379","post","type-post","status-publish","format-standard","hentry","category-actividades"],"_links":{"self":[{"href":"https:\/\/bobvarela.com\/index.php?rest_route=\/wp\/v2\/posts\/96379","targetHints":{"allow":["GET"]}}],"collection":[{"href":"https:\/\/bobvarela.com\/index.php?rest_route=\/wp\/v2\/posts"}],"about":[{"href":"https:\/\/bobvarela.com\/index.php?rest_route=\/wp\/v2\/types\/post"}],"author":[{"embeddable":true,"href":"https:\/\/bobvarela.com\/index.php?rest_route=\/wp\/v2\/users\/1"}],"replies":[{"embeddable":true,"href":"https:\/\/bobvarela.com\/index.php?rest_route=%2Fwp%2Fv2%2Fcomments&post=96379"}],"version-history":[{"count":1,"href":"https:\/\/bobvarela.com\/index.php?rest_route=\/wp\/v2\/posts\/96379\/revisions"}],"predecessor-version":[{"id":96380,"href":"https:\/\/bobvarela.com\/index.php?rest_route=\/wp\/v2\/posts\/96379\/revisions\/96380"}],"wp:attachment":[{"href":"https:\/\/bobvarela.com\/index.php?rest_route=%2Fwp%2Fv2%2Fmedia&parent=96379"}],"wp:term":[{"taxonomy":"category","embeddable":true,"href":"https:\/\/bobvarela.com\/index.php?rest_route=%2Fwp%2Fv2%2Fcategories&post=96379"},{"taxonomy":"post_tag","embeddable":true,"href":"https:\/\/bobvarela.com\/index.php?rest_route=%2Fwp%2Fv2%2Ftags&post=96379"}],"curies":[{"name":"wp","href":"https:\/\/api.w.org\/{rel}","templated":true}]}}