{"id":96462,"date":"2016-04-16T08:56:13","date_gmt":"2016-04-16T12:56:13","guid":{"rendered":"https:\/\/bobvarela.com\/?p=96462"},"modified":"2016-04-16T08:56:13","modified_gmt":"2016-04-16T12:56:13","slug":"metallics-by-carlos-alberto-san-juan-moda-otoo-invierno-2016","status":"publish","type":"post","link":"https:\/\/bobvarela.com\/?p=96462","title":{"rendered":"METALLICS by Carlos Alberto San Juan Moda  Oto&ntilde;o Invierno 2016"},"content":{"rendered":"<p align=\"justify\"><font size=\"3\">Su colecci\u00f3n para&#160; la apertura de San Juan Moda 2016, es la fusi\u00f3n de su talento con la belleza, un homenaje a Zuleika Rivera, un deseo y expresi\u00f3n de ser luminarios para siempre<\/font><\/p>\n<p align=\"justify\"><font size=\"3\">El dise\u00f1ador rompe con los par\u00e1metros de la moda y logra una fusi\u00f3n espectacular de materiales invariables donde no es el textil el material principal sino uno complementario. Usa elementos, adicionados a la gran selecci\u00f3n de telas, que combinan luminosidad de colores, texturas, rigidez de oro, plata y cobre y los une a la versatilidad de los canutillos y las piedras preciosas.<\/font><\/p>\n<p align=\"justify\"><font size=\"3\">En su colecci\u00f3n \u201cMETALLICS\u201d by Carlos Alberto expone todos los matices interesantes que ha tenido en su carrera como dise\u00f1ador y por supuesto evoca la creaci\u00f3n del vestido \u201cEncadenado a la moda\u201d, pieza de impacto mundial que Zuleika Rivera utiliz\u00f3 como vestido de gala en el Certamen Miss Universe con el cu\u00e1l le dio a Puerto Rico la quinta corona de belleza universal.<\/font><\/p>\n<p align=\"justify\"><font size=\"3\">Su colecci\u00f3n, la apertura de San Juan Moda 2016, es la fusi\u00f3n de su talento con la belleza, un homenaje a Zuleika Rivera, un deseo y expresi\u00f3n de ser luminarios para siempre<\/font><\/p>\n<p align=\"justify\">ngg_shortcode_0_placeholder<\/p>\n","protected":false},"excerpt":{"rendered":"<p>Su colecci\u00f3n para&#160; la apertura de San Juan Moda 2016, es la fusi\u00f3n de su talento con la belleza, un homenaje a Zuleika Rivera, un deseo y expresi\u00f3n de ser luminarios para siempre El dise\u00f1ador rompe con los par\u00e1metros de&hellip;<\/p>\n<p class=\"more-link-p\"><a class=\"more-link\" href=\"https:\/\/bobvarela.com\/?p=96462\">Read more &rarr;<\/a><\/p>\n","protected":false},"author":1,"featured_media":0,"comment_status":"open","ping_status":"open","sticky":false,"template":"","format":"standard","meta":{"ngg_post_thumbnail":0,"footnotes":""},"categories":[4,295],"tags":[],"class_list":["post-96462","post","type-post","status-publish","format-standard","hentry","category-moda","category-puerto-rico"],"_links":{"self":[{"href":"https:\/\/bobvarela.com\/index.php?rest_route=\/wp\/v2\/posts\/96462","targetHints":{"allow":["GET"]}}],"collection":[{"href":"https:\/\/bobvarela.com\/index.php?rest_route=\/wp\/v2\/posts"}],"about":[{"href":"https:\/\/bobvarela.com\/index.php?rest_route=\/wp\/v2\/types\/post"}],"author":[{"embeddable":true,"href":"https:\/\/bobvarela.com\/index.php?rest_route=\/wp\/v2\/users\/1"}],"replies":[{"embeddable":true,"href":"https:\/\/bobvarela.com\/index.php?rest_route=%2Fwp%2Fv2%2Fcomments&post=96462"}],"version-history":[{"count":1,"href":"https:\/\/bobvarela.com\/index.php?rest_route=\/wp\/v2\/posts\/96462\/revisions"}],"predecessor-version":[{"id":96463,"href":"https:\/\/bobvarela.com\/index.php?rest_route=\/wp\/v2\/posts\/96462\/revisions\/96463"}],"wp:attachment":[{"href":"https:\/\/bobvarela.com\/index.php?rest_route=%2Fwp%2Fv2%2Fmedia&parent=96462"}],"wp:term":[{"taxonomy":"category","embeddable":true,"href":"https:\/\/bobvarela.com\/index.php?rest_route=%2Fwp%2Fv2%2Fcategories&post=96462"},{"taxonomy":"post_tag","embeddable":true,"href":"https:\/\/bobvarela.com\/index.php?rest_route=%2Fwp%2Fv2%2Ftags&post=96462"}],"curies":[{"name":"wp","href":"https:\/\/api.w.org\/{rel}","templated":true}]}}