{"id":97263,"date":"2016-04-18T12:34:11","date_gmt":"2016-04-18T16:34:11","guid":{"rendered":"https:\/\/bobvarela.com\/?p=97263"},"modified":"2016-04-18T12:34:11","modified_gmt":"2016-04-18T16:34:11","slug":"lisa-thon-centro-moda-celebra-su-20-aniversario-en-san-juan-moda","status":"publish","type":"post","link":"https:\/\/bobvarela.com\/?p=97263","title":{"rendered":"Lisa Thon: Centro Moda celebra su 20 Aniversario en San Juan Moda"},"content":{"rendered":"<p align=\"center\"><font size=\"3\"><a href=\"https:\/\/bobvarela.com\/wp-content\/uploads\/2016\/04\/C99A0851.jpg\"><img loading=\"lazy\" decoding=\"async\" title=\"C99A0851\" style=\"border-top: 0px; border-right: 0px; background-image: none; border-bottom: 0px; padding-top: 0px; padding-left: 0px; border-left: 0px; display: inline; padding-right: 0px\" border=\"0\" alt=\"C99A0851\" src=\"https:\/\/bobvarela.com\/wp-content\/uploads\/2016\/04\/C99A0851_thumb.jpg\" width=\"288\" height=\"179\" \/><\/a><\/font><\/p>\n<p align=\"justify\"><font size=\"3\">El 17 de abril en el Ballroom del hotel San Juan celebraron el Vig\u00e9simo Aniversario de Centro Moda donde&#160; m\u00e1s de una veintena de exitosos dise\u00f1adores en un Desfile colectivo bajo el nombre de \u201cPorcelana\u201d. <\/font><\/p>\n<p align=\"justify\"><font size=\"3\">En abril de 1996 fue fundada Centro Moda, la Escuela de Dise\u00f1o de Lisa Thon, dise\u00f1adora puertorrique\u00f1a. Luego de finalizar sus estudios de moda en Nueva York, Thon decidi\u00f3 ofrecer al estudiantado de nuestra Isla, la oportunidad de tomar cursos en la rama del Dise\u00f1o de Modas, convirti\u00e9ndose as\u00ed en la plataforma de dise\u00f1adores noveles m\u00e1s importantes de Puerto Rico. Ecl\u00edptica, Pipo Pere, Juan Col\u00f3n, Miriam Budet y Yanira Maldonado entre otros, reconocidos dise\u00f1adores, son solo parte del extenso banco de talento que forma la lista de egresados quienes ejercen exitosamente como empresarios en la industria del Dise\u00f1o de nuestro pa\u00eds. A ellos se le suman otros que brillan con luz propia en el extranjero, como es el caso de Amanda Ram\u00edrez quien labora actualmente en Balmain, Par\u00eds, Amy Lee V\u00e1zquez quien dise\u00f1a para la l\u00ednea comercial Ivanka Trump e Isa Tapia que posee su propia l\u00ednea de calzado, reconocida a nivel mundial.<\/font><\/p>\n<p align=\"justify\">ngg_shortcode_0_placeholder<\/p>\n","protected":false},"excerpt":{"rendered":"<p>El 17 de abril en el Ballroom del hotel San Juan celebraron el Vig\u00e9simo Aniversario de Centro Moda donde&#160; m\u00e1s de una veintena de exitosos dise\u00f1adores en un Desfile colectivo bajo el nombre de \u201cPorcelana\u201d. En abril de 1996 fue&hellip;<\/p>\n<p class=\"more-link-p\"><a class=\"more-link\" href=\"https:\/\/bobvarela.com\/?p=97263\">Read more &rarr;<\/a><\/p>\n","protected":false},"author":1,"featured_media":0,"comment_status":"open","ping_status":"open","sticky":false,"template":"","format":"standard","meta":{"ngg_post_thumbnail":0,"footnotes":""},"categories":[3,4,295],"tags":[],"class_list":["post-97263","post","type-post","status-publish","format-standard","hentry","category-actividades","category-moda","category-puerto-rico"],"_links":{"self":[{"href":"https:\/\/bobvarela.com\/index.php?rest_route=\/wp\/v2\/posts\/97263","targetHints":{"allow":["GET"]}}],"collection":[{"href":"https:\/\/bobvarela.com\/index.php?rest_route=\/wp\/v2\/posts"}],"about":[{"href":"https:\/\/bobvarela.com\/index.php?rest_route=\/wp\/v2\/types\/post"}],"author":[{"embeddable":true,"href":"https:\/\/bobvarela.com\/index.php?rest_route=\/wp\/v2\/users\/1"}],"replies":[{"embeddable":true,"href":"https:\/\/bobvarela.com\/index.php?rest_route=%2Fwp%2Fv2%2Fcomments&post=97263"}],"version-history":[{"count":1,"href":"https:\/\/bobvarela.com\/index.php?rest_route=\/wp\/v2\/posts\/97263\/revisions"}],"predecessor-version":[{"id":97264,"href":"https:\/\/bobvarela.com\/index.php?rest_route=\/wp\/v2\/posts\/97263\/revisions\/97264"}],"wp:attachment":[{"href":"https:\/\/bobvarela.com\/index.php?rest_route=%2Fwp%2Fv2%2Fmedia&parent=97263"}],"wp:term":[{"taxonomy":"category","embeddable":true,"href":"https:\/\/bobvarela.com\/index.php?rest_route=%2Fwp%2Fv2%2Fcategories&post=97263"},{"taxonomy":"post_tag","embeddable":true,"href":"https:\/\/bobvarela.com\/index.php?rest_route=%2Fwp%2Fv2%2Ftags&post=97263"}],"curies":[{"name":"wp","href":"https:\/\/api.w.org\/{rel}","templated":true}]}}