{"id":98649,"date":"2016-04-22T07:27:51","date_gmt":"2016-04-22T11:27:51","guid":{"rendered":"https:\/\/bobvarela.com\/?p=98649"},"modified":"2016-04-22T07:27:51","modified_gmt":"2016-04-22T11:27:51","slug":"sonia-santiago-otooinvierno-2016-2017-en-san-juan-moda","status":"publish","type":"post","link":"https:\/\/bobvarela.com\/?p=98649","title":{"rendered":"Sonia Santiago  Oto&ntilde;o\/Invierno 2016-2017 en San Juan Moda"},"content":{"rendered":"<p align=\"justify\"><font size=\"3\">El arabesco palabra proveniente del italiano, se refiere al adorno con patrones extravagantes que imita hojas, flores y ha estado presente en la arquitectura y la moda a trav\u00e9s de toda la historia. S\u00edmbolo de opulencia y elegancia, se convirti\u00f3 en protagonista de la \u00e9poca medieval. Para el proximo oto\u00f1o e invierno Sonia Santiago se apodera de los arabescos para interpretar esta \u00e9poca en una nueva colecci\u00f3n donde sobresalen los materiales ricos en detalles y mezclas de diferentes texturas. Como parte de su reino lleno de elegancia y sensualidad, la transparencia jugar\u00e1 un papel principal para la pr\u00f3xima temporada. Los Colores negro, dorado, azul marino, vino, verde olivo y bronce se funden en esta propuesta para su marca Santiago Couture.<\/font><\/p>\nngg_shortcode_0_placeholder\n","protected":false},"excerpt":{"rendered":"<p>El arabesco palabra proveniente del italiano, se refiere al adorno con patrones extravagantes que imita hojas, flores y ha estado presente en la arquitectura y la moda a trav\u00e9s de toda la historia. S\u00edmbolo de opulencia y elegancia, se convirti\u00f3&hellip;<\/p>\n<p class=\"more-link-p\"><a class=\"more-link\" href=\"https:\/\/bobvarela.com\/?p=98649\">Read more &rarr;<\/a><\/p>\n","protected":false},"author":1,"featured_media":0,"comment_status":"open","ping_status":"open","sticky":false,"template":"","format":"standard","meta":{"ngg_post_thumbnail":0,"footnotes":""},"categories":[4,295],"tags":[],"class_list":["post-98649","post","type-post","status-publish","format-standard","hentry","category-moda","category-puerto-rico"],"_links":{"self":[{"href":"https:\/\/bobvarela.com\/index.php?rest_route=\/wp\/v2\/posts\/98649","targetHints":{"allow":["GET"]}}],"collection":[{"href":"https:\/\/bobvarela.com\/index.php?rest_route=\/wp\/v2\/posts"}],"about":[{"href":"https:\/\/bobvarela.com\/index.php?rest_route=\/wp\/v2\/types\/post"}],"author":[{"embeddable":true,"href":"https:\/\/bobvarela.com\/index.php?rest_route=\/wp\/v2\/users\/1"}],"replies":[{"embeddable":true,"href":"https:\/\/bobvarela.com\/index.php?rest_route=%2Fwp%2Fv2%2Fcomments&post=98649"}],"version-history":[{"count":1,"href":"https:\/\/bobvarela.com\/index.php?rest_route=\/wp\/v2\/posts\/98649\/revisions"}],"predecessor-version":[{"id":98650,"href":"https:\/\/bobvarela.com\/index.php?rest_route=\/wp\/v2\/posts\/98649\/revisions\/98650"}],"wp:attachment":[{"href":"https:\/\/bobvarela.com\/index.php?rest_route=%2Fwp%2Fv2%2Fmedia&parent=98649"}],"wp:term":[{"taxonomy":"category","embeddable":true,"href":"https:\/\/bobvarela.com\/index.php?rest_route=%2Fwp%2Fv2%2Fcategories&post=98649"},{"taxonomy":"post_tag","embeddable":true,"href":"https:\/\/bobvarela.com\/index.php?rest_route=%2Fwp%2Fv2%2Ftags&post=98649"}],"curies":[{"name":"wp","href":"https:\/\/api.w.org\/{rel}","templated":true}]}}