{"id":98876,"date":"2016-04-24T12:12:25","date_gmt":"2016-04-24T16:12:25","guid":{"rendered":"https:\/\/bobvarela.com\/?p=98876"},"modified":"2016-04-24T12:15:19","modified_gmt":"2016-04-24T16:15:19","slug":"eddie-guerrero-otooinvierno-2016-2017-en-san-juan-moda","status":"publish","type":"post","link":"https:\/\/bobvarela.com\/?p=98876","title":{"rendered":"Eddie Guerrero Oto&ntilde;o\/Invierno 2016-2017 en San Juan Moda"},"content":{"rendered":"<p align=\"center\"><font size=\"3\"><a href=\"https:\/\/bobvarela.com\/wp-content\/uploads\/2016\/04\/C99A6549.jpg\"><img loading=\"lazy\" decoding=\"async\" title=\"C99A6549\" style=\"border-top: 0px; border-right: 0px; background-image: none; border-bottom: 0px; padding-top: 0px; padding-left: 0px; border-left: 0px; display: inline; padding-right: 0px\" border=\"0\" alt=\"C99A6549\" src=\"https:\/\/bobvarela.com\/wp-content\/uploads\/2016\/04\/C99A6549_thumb.jpg\" width=\"322\" height=\"258\" \/><\/a><\/font><\/p>\n<p align=\"justify\"><font size=\"3\">Macro Colombo es un Artista Paradigm\u00e1tico en el ate venezolano, vive en Barquisimeto capital del estado de Lara, pintor, erudito, lutier y m\u00fasico. \u201cEl rojo, el azul, el verde, el naranja hablan pero hay que o\u00edrlos con el o\u00eddo, la pintura se v\u00e9 con los ojos pero se va al alma de la persona. \u2018Autodidacta, su personalidad creativa elude cualquier categorizaci\u00f3n dentro del arte, posee una fundamentada concepci\u00f3n est\u00e9tica, domina diversas t\u00e9cnicas art\u00edsticas y sus estados espirituales lo han llevado a moverse entre el paisajismo, el expresionismo, el surrealismo y la funci\u00f3n de estos estilos. Su obra esta rodeada de oscuridad pero siempre predominan los colores sus paisajes de bosques secos son lugrubes, pero llenos de color y de figuras fantasmales.<\/font><\/p>\n<p align=\"justify\">ngg_shortcode_0_placeholder<\/p>\n","protected":false},"excerpt":{"rendered":"<p>Macro Colombo es un Artista Paradigm\u00e1tico en el ate venezolano, vive en Barquisimeto capital del estado de Lara, pintor, erudito, lutier y m\u00fasico. \u201cEl rojo, el azul, el verde, el naranja hablan pero hay que o\u00edrlos con el o\u00eddo, la&hellip;<\/p>\n<p class=\"more-link-p\"><a class=\"more-link\" href=\"https:\/\/bobvarela.com\/?p=98876\">Read more &rarr;<\/a><\/p>\n","protected":false},"author":1,"featured_media":0,"comment_status":"open","ping_status":"open","sticky":false,"template":"","format":"standard","meta":{"ngg_post_thumbnail":0,"footnotes":""},"categories":[4,295],"tags":[],"class_list":["post-98876","post","type-post","status-publish","format-standard","hentry","category-moda","category-puerto-rico"],"_links":{"self":[{"href":"https:\/\/bobvarela.com\/index.php?rest_route=\/wp\/v2\/posts\/98876","targetHints":{"allow":["GET"]}}],"collection":[{"href":"https:\/\/bobvarela.com\/index.php?rest_route=\/wp\/v2\/posts"}],"about":[{"href":"https:\/\/bobvarela.com\/index.php?rest_route=\/wp\/v2\/types\/post"}],"author":[{"embeddable":true,"href":"https:\/\/bobvarela.com\/index.php?rest_route=\/wp\/v2\/users\/1"}],"replies":[{"embeddable":true,"href":"https:\/\/bobvarela.com\/index.php?rest_route=%2Fwp%2Fv2%2Fcomments&post=98876"}],"version-history":[{"count":2,"href":"https:\/\/bobvarela.com\/index.php?rest_route=\/wp\/v2\/posts\/98876\/revisions"}],"predecessor-version":[{"id":98880,"href":"https:\/\/bobvarela.com\/index.php?rest_route=\/wp\/v2\/posts\/98876\/revisions\/98880"}],"wp:attachment":[{"href":"https:\/\/bobvarela.com\/index.php?rest_route=%2Fwp%2Fv2%2Fmedia&parent=98876"}],"wp:term":[{"taxonomy":"category","embeddable":true,"href":"https:\/\/bobvarela.com\/index.php?rest_route=%2Fwp%2Fv2%2Fcategories&post=98876"},{"taxonomy":"post_tag","embeddable":true,"href":"https:\/\/bobvarela.com\/index.php?rest_route=%2Fwp%2Fv2%2Ftags&post=98876"}],"curies":[{"name":"wp","href":"https:\/\/api.w.org\/{rel}","templated":true}]}}