{"id":99013,"date":"2016-04-25T21:08:18","date_gmt":"2016-04-26T01:08:18","guid":{"rendered":"https:\/\/bobvarela.com\/?p=99013"},"modified":"2016-04-25T21:08:18","modified_gmt":"2016-04-26T01:08:18","slug":"ruben-daro-otooinvierno-2016-2017-en-san-juan-moda","status":"publish","type":"post","link":"https:\/\/bobvarela.com\/?p=99013","title":{"rendered":"Ruben Dar&iacute;o Oto&ntilde;o\/Invierno 2016-2017 en San Juan Moda"},"content":{"rendered":"<p align=\"justify\"><font size=\"3\">Inspirada en la canci\u00f3n de la gran Edith Piaf, esta colecci\u00f3n est\u00e1 trabajada bajo la sombra de la \u00e9poca victoriana y la belleza de un jard\u00edn a la media noche, siluetas que rememoran esa \u00e9poca, pero de manera contempor\u00e1nea.&#160; Un dato importante de esta colecci\u00f3n es que el dise\u00f1\u00e1dor ha contado con el talento de los estudiantes de la Central High los cuales han desplegado su talento en partes de los textiles de misma paleta de colores habitual.&#160; El blanco, negro, gris rosa y algunos colores llamativos.&#160; Las texturas trabajadas son Taffeta, Crep\u00e9, Sat\u00edn y Organza.<\/font><\/p>\n<p align=\"justify\">ngg_shortcode_0_placeholder<\/p>\n","protected":false},"excerpt":{"rendered":"<p>Inspirada en la canci\u00f3n de la gran Edith Piaf, esta colecci\u00f3n est\u00e1 trabajada bajo la sombra de la \u00e9poca victoriana y la belleza de un jard\u00edn a la media noche, siluetas que rememoran esa \u00e9poca, pero de manera contempor\u00e1nea.&#160; Un&hellip;<\/p>\n<p class=\"more-link-p\"><a class=\"more-link\" href=\"https:\/\/bobvarela.com\/?p=99013\">Read more &rarr;<\/a><\/p>\n","protected":false},"author":1,"featured_media":0,"comment_status":"open","ping_status":"open","sticky":false,"template":"","format":"standard","meta":{"ngg_post_thumbnail":0,"footnotes":""},"categories":[4,295],"tags":[],"class_list":["post-99013","post","type-post","status-publish","format-standard","hentry","category-moda","category-puerto-rico"],"_links":{"self":[{"href":"https:\/\/bobvarela.com\/index.php?rest_route=\/wp\/v2\/posts\/99013","targetHints":{"allow":["GET"]}}],"collection":[{"href":"https:\/\/bobvarela.com\/index.php?rest_route=\/wp\/v2\/posts"}],"about":[{"href":"https:\/\/bobvarela.com\/index.php?rest_route=\/wp\/v2\/types\/post"}],"author":[{"embeddable":true,"href":"https:\/\/bobvarela.com\/index.php?rest_route=\/wp\/v2\/users\/1"}],"replies":[{"embeddable":true,"href":"https:\/\/bobvarela.com\/index.php?rest_route=%2Fwp%2Fv2%2Fcomments&post=99013"}],"version-history":[{"count":1,"href":"https:\/\/bobvarela.com\/index.php?rest_route=\/wp\/v2\/posts\/99013\/revisions"}],"predecessor-version":[{"id":99014,"href":"https:\/\/bobvarela.com\/index.php?rest_route=\/wp\/v2\/posts\/99013\/revisions\/99014"}],"wp:attachment":[{"href":"https:\/\/bobvarela.com\/index.php?rest_route=%2Fwp%2Fv2%2Fmedia&parent=99013"}],"wp:term":[{"taxonomy":"category","embeddable":true,"href":"https:\/\/bobvarela.com\/index.php?rest_route=%2Fwp%2Fv2%2Fcategories&post=99013"},{"taxonomy":"post_tag","embeddable":true,"href":"https:\/\/bobvarela.com\/index.php?rest_route=%2Fwp%2Fv2%2Ftags&post=99013"}],"curies":[{"name":"wp","href":"https:\/\/api.w.org\/{rel}","templated":true}]}}