{"id":99314,"date":"2016-05-02T18:53:55","date_gmt":"2016-05-02T22:53:55","guid":{"rendered":"https:\/\/bobvarela.com\/?p=99314"},"modified":"2016-05-02T18:53:55","modified_gmt":"2016-05-02T22:53:55","slug":"histrica-recoleccin-de-ms-de-10000-libras-de-plstico-reciclable-en-el-evento-garnier-green-bag-fest","status":"publish","type":"post","link":"https:\/\/bobvarela.com\/?p=99314","title":{"rendered":"Hist&oacute;rica recolecci&oacute;n de m&aacute;s de 10,000 libras de pl&aacute;stico reciclable en el evento Garnier Green Bag Fest"},"content":{"rendered":"<p align=\"center\"><font size=\"3\"><a href=\"https:\/\/bobvarela.com\/wp-content\/uploads\/2016\/05\/Garnier-Logo-2016.jpg\"><img loading=\"lazy\" decoding=\"async\" title=\"Garnier Logo 2016\" style=\"border-top: 0px; border-right: 0px; background-image: none; border-bottom: 0px; padding-top: 0px; padding-left: 0px; border-left: 0px; display: inline; padding-right: 0px\" border=\"0\" alt=\"Garnier Logo 2016\" src=\"https:\/\/bobvarela.com\/wp-content\/uploads\/2016\/05\/Garnier-Logo-2016_thumb.jpg\" width=\"134\" height=\"146\" \/><\/a><\/font><\/p>\n<p align=\"justify\"><font size=\"3\">Cerrando el mes del planeta, sobre 8,000 puertorrique\u00f1os reiteraron su compromiso con el ambiente y disfrutaron de buena m\u00fasica en el evento Garnier Green Bag Fest, llevado a cabo en el Centro de Convenciones de San Juan. Por tercer a\u00f1o consecutivo, la marca de belleza de Garnier, llev\u00f3 a cabo este concierto masivo con el fin de promover el reciclaje en la Isla, rompiendo record en la recolecci\u00f3n de pl\u00e1stico tipo 1 y 2, con sobre 10,000 libras de este material reciclable. Adem\u00e1s, los asistentes disfrutaron de la participaci\u00f3n musical de Tommy Torres, Pedro Cap\u00f3, Vivanativa y DJ Nino.<\/font><\/p>\n<p align=\"center\"><a href=\"https:\/\/bobvarela.com\/wp-content\/uploads\/2016\/05\/GCP9205.jpg\"><img loading=\"lazy\" decoding=\"async\" title=\"_GCP9205\" style=\"border-top: 0px; border-right: 0px; background-image: none; border-bottom: 0px; padding-top: 0px; padding-left: 0px; border-left: 0px; display: inline; padding-right: 0px\" border=\"0\" alt=\"_GCP9205\" src=\"https:\/\/bobvarela.com\/wp-content\/uploads\/2016\/05\/GCP9205_thumb.jpg\" width=\"198\" height=\"134\" \/><\/a><a href=\"https:\/\/bobvarela.com\/wp-content\/uploads\/2016\/05\/GCP8914.jpg\"><img loading=\"lazy\" decoding=\"async\" title=\"_GCP8914\" style=\"border-top: 0px; border-right: 0px; background-image: none; border-bottom: 0px; padding-top: 0px; padding-left: 0px; border-left: 0px; display: inline; padding-right: 0px\" border=\"0\" alt=\"_GCP8914\" src=\"https:\/\/bobvarela.com\/wp-content\/uploads\/2016\/05\/GCP8914_thumb.jpg\" width=\"198\" height=\"134\" \/><\/a><a href=\"https:\/\/bobvarela.com\/wp-content\/uploads\/2016\/05\/GCP9144.jpg\"><img loading=\"lazy\" decoding=\"async\" title=\"_GCP9144\" style=\"border-top: 0px; border-right: 0px; background-image: none; border-bottom: 0px; padding-top: 0px; padding-left: 0px; border-left: 0px; display: inline; padding-right: 0px\" border=\"0\" alt=\"_GCP9144\" src=\"https:\/\/bobvarela.com\/wp-content\/uploads\/2016\/05\/GCP9144_thumb.jpg\" width=\"198\" height=\"134\" \/><\/a><\/p>\n<p align=\"justify\"><font size=\"3\">Durante el Garnier Green Bag Fest, los voluntarios de Basura Cero, una organizaci\u00f3n sin fines de lucro, estuvieron a cargo de recibir, recolectar y manejar las bolsas de basura con la ayuda del municipio de San Juan. El evento cont\u00f3 con la asistencia de m\u00e1s de 8,000 personas y 60 voluntarios de Basura Cero, as\u00ed como de equipo y personal del programa San Juan Recicla del Municipio Aut\u00f3nomo de San Juan. El total de bolsas recolectadas fueron 8,492 reciclando un total alrededor de 10,680 libras de pl\u00e1stico tipo 1 y tipo 2. \u201cEstamos muy agradecidos del respaldo que recibimos y nos sentimos muy orgullosos de comprobar que s\u00ed existen puertorrique\u00f1os con gran conciencia ambiental y quieren cuidar a su Isla. Adem\u00e1s nos enorgullece contar con otras marcas que se unen a Garnier apoyando la causa pro-ambiente y movimiento eco-amigable\u201d expres\u00f3 Carolina Serrano, gerente de mercadeo de Garnier Puerto Rico.<\/font><\/p>\n<p align=\"center\"><a href=\"https:\/\/bobvarela.com\/wp-content\/uploads\/2016\/05\/GCPS7199.jpg\"><img loading=\"lazy\" decoding=\"async\" title=\"GCPS7199\" style=\"border-top: 0px; border-right: 0px; background-image: none; border-bottom: 0px; padding-top: 0px; padding-left: 0px; border-left: 0px; display: inline; padding-right: 0px\" border=\"0\" alt=\"GCPS7199\" src=\"https:\/\/bobvarela.com\/wp-content\/uploads\/2016\/05\/GCPS7199_thumb.jpg\" width=\"198\" height=\"134\" \/><\/a><a href=\"https:\/\/bobvarela.com\/wp-content\/uploads\/2016\/05\/GCP8792.jpg\"><img loading=\"lazy\" decoding=\"async\" title=\"_GCP8792\" style=\"border-top: 0px; border-right: 0px; background-image: none; border-bottom: 0px; padding-top: 0px; padding-left: 0px; border-left: 0px; display: inline; padding-right: 0px\" border=\"0\" alt=\"_GCP8792\" src=\"https:\/\/bobvarela.com\/wp-content\/uploads\/2016\/05\/GCP8792_thumb.jpg\" width=\"198\" height=\"134\" \/><\/a><a href=\"https:\/\/bobvarela.com\/wp-content\/uploads\/2016\/05\/GCPS7101.jpg\"><img loading=\"lazy\" decoding=\"async\" title=\"GCPS7101\" style=\"border-top: 0px; border-right: 0px; background-image: none; border-bottom: 0px; padding-top: 0px; padding-left: 0px; border-left: 0px; display: inline; padding-right: 0px\" border=\"0\" alt=\"GCPS7101\" src=\"https:\/\/bobvarela.com\/wp-content\/uploads\/2016\/05\/GCPS7101_thumb.jpg\" width=\"198\" height=\"134\" \/><\/a><\/p>\n<p align=\"justify\"><font size=\"3\">Los asistentes tuvieron la oportunidad de disfrutar de la m\u00fasica de Tommy Torres, Pedro Cap\u00f3 y la agrupaci\u00f3n Vivanativa. Adem\u00e1s, Dj Nino fungi\u00f3 como animador del evento, al igual que deleit\u00f3 a los asistentes con una gran variedad de estilos de m\u00fasica durante los intermedios de las bandas.<\/font><\/p>\n<p align=\"center\"><font size=\"3\"><a href=\"https:\/\/bobvarela.com\/wp-content\/uploads\/2016\/05\/GCPS6839.jpg\"><img loading=\"lazy\" decoding=\"async\" title=\"GCPS6839\" style=\"border-top: 0px; border-right: 0px; background-image: none; border-bottom: 0px; padding-top: 0px; padding-left: 0px; border-left: 0px; display: inline; padding-right: 0px\" border=\"0\" alt=\"GCPS6839\" src=\"https:\/\/bobvarela.com\/wp-content\/uploads\/2016\/05\/GCPS6839_thumb.jpg\" width=\"198\" height=\"134\" \/><\/a><a href=\"https:\/\/bobvarela.com\/wp-content\/uploads\/2016\/05\/GCPS7454.jpg\"><img loading=\"lazy\" decoding=\"async\" title=\"GCPS7454\" style=\"border-top: 0px; border-right: 0px; background-image: none; border-bottom: 0px; padding-top: 0px; padding-left: 0px; border-left: 0px; display: inline; padding-right: 0px\" border=\"0\" alt=\"GCPS7454\" src=\"https:\/\/bobvarela.com\/wp-content\/uploads\/2016\/05\/GCPS7454_thumb.jpg\" width=\"198\" height=\"134\" \/><\/a><a href=\"https:\/\/bobvarela.com\/wp-content\/uploads\/2016\/05\/GCPS6812.jpg\"><img loading=\"lazy\" decoding=\"async\" title=\"GCPS6812\" style=\"border-top: 0px; border-right: 0px; background-image: none; border-bottom: 0px; padding-top: 0px; padding-left: 0px; border-left: 0px; display: inline; padding-right: 0px\" border=\"0\" alt=\"GCPS6812\" src=\"https:\/\/bobvarela.com\/wp-content\/uploads\/2016\/05\/GCPS6812_thumb.jpg\" width=\"198\" height=\"134\" \/><\/a><\/font><\/p>\n<p align=\"justify\"><font size=\"3\">El evento di\u00f3 de que hablar en las redes sociales convirtiendo el Hashtag <b>#GreenBagFest<\/b> como \u201cTrending Topic\u201d durante la noche del s\u00e1bado. Garnier Green Bag Fest, Garnier reiter\u00f3 su compromiso con el ambiente, desarrollando uno de los eventos ambientales comunitarios m\u00e1s exitosos en la Isla. Garnier es una marca que cree en cuidar el mundo y se esfuerza continuamente por ser mejor para ti, para el planeta y para mejorar la vida en el futuro.<\/font><\/p>\n<p align=\"center\"><a href=\"https:\/\/bobvarela.com\/wp-content\/uploads\/2016\/05\/GCP9133.jpg\"><img loading=\"lazy\" decoding=\"async\" title=\"_GCP9133\" style=\"border-top: 0px; border-right: 0px; background-image: none; border-bottom: 0px; padding-top: 0px; padding-left: 0px; border-left: 0px; display: inline; padding-right: 0px\" border=\"0\" alt=\"_GCP9133\" src=\"https:\/\/bobvarela.com\/wp-content\/uploads\/2016\/05\/GCP9133_thumb.jpg\" width=\"198\" height=\"134\" \/><\/a><a href=\"https:\/\/bobvarela.com\/wp-content\/uploads\/2016\/05\/GCPS6892.jpg\"><img loading=\"lazy\" decoding=\"async\" title=\"GCPS6892\" style=\"border-top: 0px; border-right: 0px; background-image: none; border-bottom: 0px; padding-top: 0px; padding-left: 0px; border-left: 0px; display: inline; padding-right: 0px\" border=\"0\" alt=\"GCPS6892\" src=\"https:\/\/bobvarela.com\/wp-content\/uploads\/2016\/05\/GCPS6892_thumb.jpg\" width=\"198\" height=\"134\" \/><\/a><a href=\"https:\/\/bobvarela.com\/wp-content\/uploads\/2016\/05\/GCP8881.jpg\"><img loading=\"lazy\" decoding=\"async\" title=\"_GCP8881\" style=\"border-top: 0px; border-right: 0px; background-image: none; border-bottom: 0px; padding-top: 0px; padding-left: 0px; border-left: 0px; display: inline; padding-right: 0px\" border=\"0\" alt=\"_GCP8881\" src=\"https:\/\/bobvarela.com\/wp-content\/uploads\/2016\/05\/GCP8881_thumb.jpg\" width=\"198\" height=\"134\" \/><\/a><\/p>\n<p align=\"justify\"><font size=\"3\">Garnier est\u00e1 inspirada en la naturaleza, seleccionando ingredientes activos naturales y continuamente desarrollarando formas de mejorar sus empaques y f\u00f3rmulas, de conservar el agua y de reducir los desperdicios que se generan.<\/font><\/p>\n<p align=\"center\"><a href=\"https:\/\/bobvarela.com\/wp-content\/uploads\/2016\/05\/GCP9236.jpg\"><img loading=\"lazy\" decoding=\"async\" title=\"_GCP9236\" style=\"border-top: 0px; border-right: 0px; background-image: none; border-bottom: 0px; padding-top: 0px; padding-left: 0px; border-left: 0px; display: inline; padding-right: 0px\" border=\"0\" alt=\"_GCP9236\" src=\"https:\/\/bobvarela.com\/wp-content\/uploads\/2016\/05\/GCP9236_thumb.jpg\" width=\"198\" height=\"134\" \/><\/a><\/p>\n","protected":false},"excerpt":{"rendered":"<p>Cerrando el mes del planeta, sobre 8,000 puertorrique\u00f1os reiteraron su compromiso con el ambiente y disfrutaron de buena m\u00fasica en el evento Garnier Green Bag Fest, llevado a cabo en el Centro de Convenciones de San Juan. Por tercer a\u00f1o&hellip;<\/p>\n<p class=\"more-link-p\"><a class=\"more-link\" href=\"https:\/\/bobvarela.com\/?p=99314\">Read more &rarr;<\/a><\/p>\n","protected":false},"author":1,"featured_media":0,"comment_status":"open","ping_status":"open","sticky":false,"template":"","format":"standard","meta":{"ngg_post_thumbnail":0,"footnotes":""},"categories":[3,127],"tags":[],"class_list":["post-99314","post","type-post","status-publish","format-standard","hentry","category-actividades","category-musica"],"_links":{"self":[{"href":"https:\/\/bobvarela.com\/index.php?rest_route=\/wp\/v2\/posts\/99314","targetHints":{"allow":["GET"]}}],"collection":[{"href":"https:\/\/bobvarela.com\/index.php?rest_route=\/wp\/v2\/posts"}],"about":[{"href":"https:\/\/bobvarela.com\/index.php?rest_route=\/wp\/v2\/types\/post"}],"author":[{"embeddable":true,"href":"https:\/\/bobvarela.com\/index.php?rest_route=\/wp\/v2\/users\/1"}],"replies":[{"embeddable":true,"href":"https:\/\/bobvarela.com\/index.php?rest_route=%2Fwp%2Fv2%2Fcomments&post=99314"}],"version-history":[{"count":1,"href":"https:\/\/bobvarela.com\/index.php?rest_route=\/wp\/v2\/posts\/99314\/revisions"}],"predecessor-version":[{"id":99315,"href":"https:\/\/bobvarela.com\/index.php?rest_route=\/wp\/v2\/posts\/99314\/revisions\/99315"}],"wp:attachment":[{"href":"https:\/\/bobvarela.com\/index.php?rest_route=%2Fwp%2Fv2%2Fmedia&parent=99314"}],"wp:term":[{"taxonomy":"category","embeddable":true,"href":"https:\/\/bobvarela.com\/index.php?rest_route=%2Fwp%2Fv2%2Fcategories&post=99314"},{"taxonomy":"post_tag","embeddable":true,"href":"https:\/\/bobvarela.com\/index.php?rest_route=%2Fwp%2Fv2%2Ftags&post=99314"}],"curies":[{"name":"wp","href":"https:\/\/api.w.org\/{rel}","templated":true}]}}