{"id":99624,"date":"2016-05-11T19:43:20","date_gmt":"2016-05-11T23:43:20","guid":{"rendered":"https:\/\/bobvarela.com\/?p=99624"},"modified":"2016-05-11T19:43:20","modified_gmt":"2016-05-11T23:43:20","slug":"en-ascenso-carrera-de-de-la-ghetto-por-millonaria-firma-con-warner-music-latina","status":"publish","type":"post","link":"https:\/\/bobvarela.com\/?p=99624","title":{"rendered":"En ascenso carrera de De La Ghetto por millonaria firma con Warner Music Latina"},"content":{"rendered":"<p><b><img loading=\"lazy\" decoding=\"async\" style=\"float: none; margin-left: auto; display: block; margin-right: auto\" border=\"0\" hspace=\"5\" vspace=\"5\" src=\"https:\/\/files.ctctcdn.com\/e68561ca001\/687ebb3c-7f63-4cab-9bd0-0ecc19c50258.jpg\" width=\"315\" height=\"405\" \/><\/b><\/p>\n<p align=\"justify\">&#160;<font size=\"3\">El reconocido exponente de la m\u00fasica urbana,&#160; da otro gran paso en su exitosa carrera al tener la oportunidad de firmar con la importante casa disquera Warner Music Latina.&#160; Tras&#160; mas de 10 a\u00f1os de carrera el cantante continua cosechando \u00e9xitos a nivel mundial present\u00e1dose en las mas importantes plazas y cuenta con el respaldo de&#160; millones&#160; de seguidores que apoyan y&#160; siguen de cerca su carrera.<\/font><\/p>\n<p><img loading=\"lazy\" decoding=\"async\" style=\"float: none; margin-left: auto; display: block; margin-right: auto\" border=\"0\" hspace=\"5\" vspace=\"5\" src=\"https:\/\/files.ctctcdn.com\/e68561ca001\/460a44b1-081b-4c96-842b-7259f2e8e13b.jpg\" width=\"400\" height=\"286\" \/>    <\/p>\n<p align=\"justify\"><font size=\"3\">&quot;Se siente como&#160; un sue\u00f1o hecho realidad. Es algo que siempre he querido desde muy peque\u00f1o. Desde que comenc\u00e9 con la m\u00fasica, quer\u00eda firmar con una disquera grande y se me dio.&#160; Ahora que estamos en buenas manos, estamos listos para comernos al mundo&quot;, dijo De La Ghetto tras completar la firma.<\/font><\/p>\n<p><img loading=\"lazy\" decoding=\"async\" style=\"float: none; margin-left: auto; display: block; margin-right: auto\" border=\"0\" hspace=\"5\" vspace=\"5\" src=\"https:\/\/files.ctctcdn.com\/e68561ca001\/6185c3bc-73a3-482c-8fe1-1d3ce1099143.jpg\" width=\"400\" height=\"266\" \/>    <\/p>\n<p align=\"justify\"><font size=\"3\">De la Ghetto se encuentra en uno de los momentos m\u00e1s s\u00f3lidos de su carrera de la mano de su oficina de manejo Duars Entertainment&#160; y continua con su gira de conciertos &quot;Mi Movimiento&quot; mientras tambi\u00e9n estar\u00e1 acompa\u00f1ando a Nicky Jam a varias de sus presentaciones como invitado especial en su gira. &quot;Estoy pasando por momentos de mucho crecimiento y solidez, esto se lo debo a el gran apoyo de mi p\u00fablico y un excelente equipo de trabajo&quot;, a\u00f1ade el exponente.<\/font><\/p>\n<p align=\"justify\"><font size=\"3\">Desde sus inicios&#160; ha tenido la oportunidad de colaborar con grandes artistas de la m\u00fasica urbana como El Roockie, Zion &amp; Lennox, Daddy Yankee, H\u00e9ctor El Father, Jowell &amp; Randy, Don Omar, Tito El Bambino, Ivy Queen, Tego Calder\u00f3n, \u00d1ejo y Dalmata, Alexis &amp; Fido entre otros&#160; tiene una gran acogida en las redes sociales y sus videos musicales cuentan con un total de alrededor de 170 millones de reproducciones en su canal oficial de YouTube: &quot;Fronteamos porque podemos&quot; junto a Daddy Yankee, Yandel y \u00d1engo Flow tiene m\u00e1s de 71 millones de visitas&#160; y &quot;Dices&quot; cuenta con m\u00e1s de 30 millones de visitas.&#160; Con una personalidad carism\u00e1tica, estilo \u00fanico y letras originales, ha logrado convertir todos sus temas en \u00e9xitos convirti\u00e9ndose en uno de los exponentes mas respetados en la industria de la m\u00fasica urbana.<\/font><\/p>\n","protected":false},"excerpt":{"rendered":"<p>&#160;El reconocido exponente de la m\u00fasica urbana,&#160; da otro gran paso en su exitosa carrera al tener la oportunidad de firmar con la importante casa disquera Warner Music Latina.&#160; Tras&#160; mas de 10 a\u00f1os de carrera el cantante continua cosechando&hellip;<\/p>\n<p class=\"more-link-p\"><a class=\"more-link\" href=\"https:\/\/bobvarela.com\/?p=99624\">Read more &rarr;<\/a><\/p>\n","protected":false},"author":1,"featured_media":0,"comment_status":"open","ping_status":"open","sticky":false,"template":"","format":"standard","meta":{"ngg_post_thumbnail":0,"footnotes":""},"categories":[3,127],"tags":[],"class_list":["post-99624","post","type-post","status-publish","format-standard","hentry","category-actividades","category-musica"],"_links":{"self":[{"href":"https:\/\/bobvarela.com\/index.php?rest_route=\/wp\/v2\/posts\/99624","targetHints":{"allow":["GET"]}}],"collection":[{"href":"https:\/\/bobvarela.com\/index.php?rest_route=\/wp\/v2\/posts"}],"about":[{"href":"https:\/\/bobvarela.com\/index.php?rest_route=\/wp\/v2\/types\/post"}],"author":[{"embeddable":true,"href":"https:\/\/bobvarela.com\/index.php?rest_route=\/wp\/v2\/users\/1"}],"replies":[{"embeddable":true,"href":"https:\/\/bobvarela.com\/index.php?rest_route=%2Fwp%2Fv2%2Fcomments&post=99624"}],"version-history":[{"count":1,"href":"https:\/\/bobvarela.com\/index.php?rest_route=\/wp\/v2\/posts\/99624\/revisions"}],"predecessor-version":[{"id":99625,"href":"https:\/\/bobvarela.com\/index.php?rest_route=\/wp\/v2\/posts\/99624\/revisions\/99625"}],"wp:attachment":[{"href":"https:\/\/bobvarela.com\/index.php?rest_route=%2Fwp%2Fv2%2Fmedia&parent=99624"}],"wp:term":[{"taxonomy":"category","embeddable":true,"href":"https:\/\/bobvarela.com\/index.php?rest_route=%2Fwp%2Fv2%2Fcategories&post=99624"},{"taxonomy":"post_tag","embeddable":true,"href":"https:\/\/bobvarela.com\/index.php?rest_route=%2Fwp%2Fv2%2Ftags&post=99624"}],"curies":[{"name":"wp","href":"https:\/\/api.w.org\/{rel}","templated":true}]}}