{"id":9983,"date":"2011-04-25T22:16:39","date_gmt":"2011-04-26T02:16:39","guid":{"rendered":"https:\/\/bobvarela.com\/?p=9983"},"modified":"2011-04-25T22:16:39","modified_gmt":"2011-04-26T02:16:39","slug":"celebran-la-llegada-de-la-cerveza-artesanal-blue-moon","status":"publish","type":"post","link":"https:\/\/bobvarela.com\/?p=9983","title":{"rendered":"Celebran la llegada de la cerveza artesanal Blue Moon"},"content":{"rendered":"<p align=\"justify\"><font size=\"3\"><b>San Juan, Puerto Rico<\/b> \u2013 MillerCoors, empresa l\u00edder en el mercado de cervezas en Puerto Rico celebr\u00f3 junto a su distribuidor V. Su\u00e1rez &amp; Co., la llegada a Puerto Rico de la cerveza artesanal Blue Moon. Esta marca ha sido galardonada mundialmente, m\u00e1s recientemente en el Great American Beer Festival del 2010. Para celebrar su llegada a Puerto Rico, varios clientes y amigos de las empresas fueron invitados a una actividad en el Jard\u00edn Escult\u00f3rico del Museo de Arte de Puerto Rico.<\/font><\/p>\n<table border=\"0\" cellspacing=\"0\" cellpadding=\"2\" width=\"611\">\n<tbody>\n<tr>\n<td valign=\"top\" width=\"268\"><a href=\"https:\/\/bobvarela.com\/wp-content\/uploads\/2011\/04\/MAPH5038.jpg\"><img loading=\"lazy\" decoding=\"async\" style=\"background-image: none; border-bottom: 0px; border-left: 0px; padding-left: 0px; padding-right: 0px; display: inline; border-top: 0px; border-right: 0px; padding-top: 0px\" title=\"MAPH5038\" border=\"0\" alt=\"MAPH5038\" src=\"https:\/\/bobvarela.com\/wp-content\/uploads\/2011\/04\/MAPH5038_thumb.jpg\" width=\"184\" height=\"124\" \/><\/a><\/td>\n<td valign=\"top\" width=\"147\"><a href=\"https:\/\/bobvarela.com\/wp-content\/uploads\/2011\/04\/MAPH5045.jpg\"><img loading=\"lazy\" decoding=\"async\" style=\"background-image: none; border-bottom: 0px; border-left: 0px; padding-left: 0px; padding-right: 0px; display: inline; border-top: 0px; border-right: 0px; padding-top: 0px\" title=\"MAPH5045\" border=\"0\" alt=\"MAPH5045\" src=\"https:\/\/bobvarela.com\/wp-content\/uploads\/2011\/04\/MAPH5045_thumb.jpg\" width=\"184\" height=\"124\" \/><\/a><\/td>\n<td valign=\"top\" width=\"194\"><a href=\"https:\/\/bobvarela.com\/wp-content\/uploads\/2011\/04\/MAPH5051.jpg\"><img loading=\"lazy\" decoding=\"async\" style=\"background-image: none; border-bottom: 0px; border-left: 0px; padding-left: 0px; padding-right: 0px; display: inline; border-top: 0px; border-right: 0px; padding-top: 0px\" title=\"MAPH5051\" border=\"0\" alt=\"MAPH5051\" src=\"https:\/\/bobvarela.com\/wp-content\/uploads\/2011\/04\/MAPH5051_thumb.jpg\" width=\"184\" height=\"124\" \/><\/a><\/td>\n<\/tr>\n<tr>\n<td valign=\"top\" width=\"268\"><font size=\"1\">Melissa Guzm\u00e1n, Miguel Cotto y Javier Soler, gerente general y vicepresidente MillerCoors para PR<\/font><\/td>\n<td valign=\"top\" width=\"147\"><font size=\"1\">Ra\u00fal Marcial, de V. Su\u00e1rez &amp; Co., Mat\u00edas Fern\u00e1ndez, Keith Villa, creador de la cerveza Blue Moon<\/font><\/td>\n<td valign=\"top\" width=\"194\">\n<p><font size=\"1\">Jorge Pierluisi, Amy Grace y Javier Soler, gerente general y vicepresidente MillerCoors para PR<\/font><\/p>\n<\/td>\n<\/tr>\n<\/tbody>\n<\/table>\n<table border=\"0\" cellspacing=\"0\" cellpadding=\"2\" width=\"615\">\n<tbody>\n<tr>\n<td valign=\"top\" width=\"196\"><a href=\"https:\/\/bobvarela.com\/wp-content\/uploads\/2011\/04\/MAPH5054.jpg\"><img loading=\"lazy\" decoding=\"async\" style=\"background-image: none; border-bottom: 0px; border-left: 0px; padding-left: 0px; padding-right: 0px; display: inline; border-top: 0px; border-right: 0px; padding-top: 0px\" title=\"MAPH5054\" border=\"0\" alt=\"MAPH5054\" src=\"https:\/\/bobvarela.com\/wp-content\/uploads\/2011\/04\/MAPH5054_thumb.jpg\" width=\"184\" height=\"124\" \/><\/a><\/td>\n<td valign=\"top\" width=\"193\"><a href=\"https:\/\/bobvarela.com\/wp-content\/uploads\/2011\/04\/MAPH5055.jpg\"><img loading=\"lazy\" decoding=\"async\" style=\"background-image: none; border-bottom: 0px; border-left: 0px; padding-left: 0px; padding-right: 0px; display: inline; border-top: 0px; border-right: 0px; padding-top: 0px\" title=\"MAPH5055\" border=\"0\" alt=\"MAPH5055\" src=\"https:\/\/bobvarela.com\/wp-content\/uploads\/2011\/04\/MAPH5055_thumb.jpg\" width=\"184\" height=\"124\" \/><\/a><\/td>\n<td valign=\"top\" width=\"224\"><a href=\"https:\/\/bobvarela.com\/wp-content\/uploads\/2011\/04\/MAPH5056.jpg\"><img loading=\"lazy\" decoding=\"async\" style=\"background-image: none; border-bottom: 0px; border-left: 0px; padding-left: 0px; padding-right: 0px; display: inline; border-top: 0px; border-right: 0px; padding-top: 0px\" title=\"MAPH5056\" border=\"0\" alt=\"MAPH5056\" src=\"https:\/\/bobvarela.com\/wp-content\/uploads\/2011\/04\/MAPH5056_thumb.jpg\" width=\"184\" height=\"124\" \/><\/a><\/td>\n<\/tr>\n<tr>\n<td valign=\"top\" width=\"196\">\n<p><font size=\"1\">Elsa Ortiz, Marie Casellas y Maritza Fajardo, de Ventas para Univision PR<\/font><\/p>\n<\/td>\n<td valign=\"top\" width=\"193\">\n<p><font size=\"1\">Giani Tomasini, Sofia Villanueva, Don Diego Su\u00e1rez, Orlando Ramos, PR Sales and Key Account Manager para MillerCoors en Puerto Rico<\/font><\/p>\n<\/td>\n<td valign=\"top\" width=\"224\"><font size=\"1\">Clotilda P\u00e9rez, Francisco Cueto, Vicente Su\u00e1rez, Don Diego Su\u00e1rez, de V. Su\u00e1rez &amp; Co., Jorge Pierluisi y Joaqu\u00edn D\u00e1vila<\/font><\/td>\n<\/tr>\n<\/tbody>\n<\/table>\n<p align=\"justify\"><font size=\"3\">\u201cNos sentimos muy contentos de continuar ampliando nuestro liderato con la originalidad de Blue Moon\u201d, se\u00f1al\u00f3 Reynaldo Pagani, Director de Mercadeo para MillerCoors en Puerto Rico. \u201cLa calidad y sabor de nuestras marcas l\u00edderes han cautivado al p\u00fablico puertorrique\u00f1o y nos han mantenido en el liderato. Blue Moon ahora presenta ahora un proceso de elaboraci\u00f3n artesanal junto a unos ingredientes diferentes que sin dudad ser\u00e1n bien recibidos por el paladar boricua\u201d, a\u00f1adi\u00f3 Pagani.<\/font><\/p>\n<table border=\"0\" cellspacing=\"0\" cellpadding=\"2\" width=\"619\">\n<tbody>\n<tr>\n<td valign=\"top\" width=\"209\"><a href=\"https:\/\/bobvarela.com\/wp-content\/uploads\/2011\/04\/MAPH5025.jpg\"><img loading=\"lazy\" decoding=\"async\" style=\"background-image: none; border-bottom: 0px; border-left: 0px; padding-left: 0px; padding-right: 0px; display: inline; border-top: 0px; border-right: 0px; padding-top: 0px\" title=\"MAPH5025\" border=\"0\" alt=\"MAPH5025\" src=\"https:\/\/bobvarela.com\/wp-content\/uploads\/2011\/04\/MAPH5025_thumb.jpg\" width=\"184\" height=\"124\" \/><\/a><\/td>\n<td valign=\"top\" width=\"184\"><a href=\"https:\/\/bobvarela.com\/wp-content\/uploads\/2011\/04\/MAPH5026.jpg\"><img loading=\"lazy\" decoding=\"async\" style=\"background-image: none; border-bottom: 0px; border-left: 0px; padding-left: 0px; padding-right: 0px; display: inline; border-top: 0px; border-right: 0px; padding-top: 0px\" title=\"MAPH5026\" border=\"0\" alt=\"MAPH5026\" src=\"https:\/\/bobvarela.com\/wp-content\/uploads\/2011\/04\/MAPH5026_thumb.jpg\" width=\"184\" height=\"124\" \/><\/a><\/td>\n<td valign=\"top\" width=\"224\"><a href=\"https:\/\/bobvarela.com\/wp-content\/uploads\/2011\/04\/MAPH5083.jpg\"><img loading=\"lazy\" decoding=\"async\" style=\"background-image: none; border-bottom: 0px; border-left: 0px; padding-left: 0px; padding-right: 0px; display: inline; border-top: 0px; border-right: 0px; padding-top: 0px\" title=\"MAPH5083\" border=\"0\" alt=\"MAPH5083\" src=\"https:\/\/bobvarela.com\/wp-content\/uploads\/2011\/04\/MAPH5083_thumb.jpg\" width=\"184\" height=\"124\" \/><\/a><\/td>\n<\/tr>\n<tr>\n<td valign=\"top\" width=\"209\">\n<p><font size=\"1\">Carlos Rodr\u00edguez, Vicente Su\u00e1rez, de V. Su\u00e1rez &amp; Co. y Pedro Gonz\u00e1lez<\/font><\/p>\n<\/td>\n<td valign=\"top\" width=\"184\">\n<p><font size=\"1\">Jos\u00e9 Figueroa, Francisco Cueto, Joaqu\u00edn D\u00e1vila y Carlos Rodr\u00edguez<\/font><\/p>\n<\/td>\n<td valign=\"top\" width=\"224\">\n<p><font size=\"1\">Don Diego Su\u00e1rez, de V. Su\u00e1rez &amp; Co., Luis Padilla, Anabelle Nieves<\/font><\/p>\n<\/td>\n<\/tr>\n<\/tbody>\n<\/table>\n<p align=\"justify\"><font size=\"3\">La noche cont\u00f3 con la presencia del <i>Brew Master<\/i> Keith Villa, creador del proceso y la f\u00f3rmula para esta cerveza de trigo blanco. Villa obtuvo su doctorado en elaboraci\u00f3n de cervezas en B\u00e9lgica y trabaja para Coors desde 1986. <\/font><\/p>\n<p align=\"justify\"><font size=\"3\">\u201cCreemos que la elaboraci\u00f3n de cerveza no s\u00f3lo una ciencia, sino que es un arte. Los detalles especiales que usamos en el proceso tienen gran significado tanto para nosotros como para los consumidores que aprecian la creatividad\u201d, se\u00f1al\u00f3 Villa. De paso el maestro cervecero dio a conocer parte de los ingredientes de esta cerveza; trigo blanco, avena, cilantro y piel de chinas Valencia.<\/font><\/p>\n<table border=\"0\" cellspacing=\"0\" cellpadding=\"2\" width=\"621\">\n<tbody>\n<tr>\n<td valign=\"top\" width=\"260\"><a href=\"https:\/\/bobvarela.com\/wp-content\/uploads\/2011\/04\/MAPH5058.jpg\"><img loading=\"lazy\" decoding=\"async\" style=\"background-image: none; border-bottom: 0px; border-left: 0px; padding-left: 0px; padding-right: 0px; display: inline; border-top: 0px; border-right: 0px; padding-top: 0px\" title=\"MAPH5058\" border=\"0\" alt=\"MAPH5058\" src=\"https:\/\/bobvarela.com\/wp-content\/uploads\/2011\/04\/MAPH5058_thumb.jpg\" width=\"184\" height=\"124\" \/><\/a><\/td>\n<td valign=\"top\" width=\"203\"><a href=\"https:\/\/bobvarela.com\/wp-content\/uploads\/2011\/04\/MAPH5061.jpg\"><img loading=\"lazy\" decoding=\"async\" style=\"background-image: none; border-bottom: 0px; border-left: 0px; padding-left: 0px; padding-right: 0px; display: inline; border-top: 0px; border-right: 0px; padding-top: 0px\" title=\"MAPH5061\" border=\"0\" alt=\"MAPH5061\" src=\"https:\/\/bobvarela.com\/wp-content\/uploads\/2011\/04\/MAPH5061_thumb.jpg\" width=\"184\" height=\"124\" \/><\/a><\/td>\n<td valign=\"top\" width=\"156\"><a href=\"https:\/\/bobvarela.com\/wp-content\/uploads\/2011\/04\/MAPH5062.jpg\"><img loading=\"lazy\" decoding=\"async\" style=\"background-image: none; border-bottom: 0px; border-left: 0px; padding-left: 0px; padding-right: 0px; display: inline; border-top: 0px; border-right: 0px; padding-top: 0px\" title=\"MAPH5062\" border=\"0\" alt=\"MAPH5062\" src=\"https:\/\/bobvarela.com\/wp-content\/uploads\/2011\/04\/MAPH5062_thumb.jpg\" width=\"184\" height=\"124\" \/><\/a><\/td>\n<\/tr>\n<tr>\n<td valign=\"top\" width=\"260\">\n<p><font size=\"1\">Luis E. Acevedo, Ginette Acevedo y Orlando Ramos, de MillerCoors<\/font><\/p>\n<\/td>\n<td valign=\"top\" width=\"203\"><font size=\"1\">Ejecutivas de Cuentas de DRAFTFCB, agencia de publicidad y relaciones p\u00fablicas que produjo el evento<\/font><\/td>\n<td valign=\"top\" width=\"156\">\n<p><font size=\"1\">Ver\u00f3nica Restreto y Natalie Rodr\u00edguez<\/font><\/p>\n<\/td>\n<\/tr>\n<\/tbody>\n<\/table>\n<p align=\"justify\"><font size=\"3\">Para el evento, el Chef Mario Pag\u00e1n confeccion\u00f3 exquisitos canap\u00e9s en maridaje con el sabor intenso de suave y cremosa terminaci\u00f3n que posee Blue Moon, la cual se recomienda servir con una rodaja de china para acentuar su sutil dulzura y aroma c\u00edtrico. La ambientaci\u00f3n fue por Javier Mart\u00ednez para Akua, usando como inspiraci\u00f3n elementos representativos de la cerveza como el trigo, el toque c\u00edtrico y el color azul que se encuentran en Blue Moon. Tanto el ambiente como la intervenci\u00f3n en vivo de j\u00f3venes pintores reflejaron la personalidad y confecci\u00f3n art\u00edstica de esta nueva cerveza.<\/font><\/p>\n<div align=\"center\">\n<table border=\"0\" cellspacing=\"0\" cellpadding=\"2\" width=\"265\">\n<tbody>\n<tr>\n<td valign=\"top\" width=\"263\"><a href=\"https:\/\/bobvarela.com\/wp-content\/uploads\/2011\/04\/MAPH5034.jpg\"><img loading=\"lazy\" decoding=\"async\" style=\"background-image: none; border-bottom: 0px; border-left: 0px; padding-left: 0px; padding-right: 0px; display: block; float: none; margin-left: auto; border-top: 0px; margin-right: auto; border-right: 0px; padding-top: 0px\" title=\"MAPH5034\" border=\"0\" alt=\"MAPH5034\" src=\"https:\/\/bobvarela.com\/wp-content\/uploads\/2011\/04\/MAPH5034_thumb.jpg\" width=\"244\" height=\"160\" \/><\/a><\/td>\n<\/tr>\n<tr>\n<td valign=\"top\" width=\"263\">\n<p>Artista encargado de realizar una obra de arte inspirada en la marca durante el evento<\/p>\n<p align=\"center\">\n<\/td>\n<\/tr>\n<\/tbody>\n<\/table><\/div>\n","protected":false},"excerpt":{"rendered":"<p>San Juan, Puerto Rico \u2013 MillerCoors, empresa l\u00edder en el mercado de cervezas en Puerto Rico celebr\u00f3 junto a su distribuidor V. Su\u00e1rez &amp; Co., la llegada a Puerto Rico de la cerveza artesanal Blue Moon. Esta marca ha sido&hellip;<\/p>\n<p class=\"more-link-p\"><a class=\"more-link\" href=\"https:\/\/bobvarela.com\/?p=9983\">Read more &rarr;<\/a><\/p>\n","protected":false},"author":1,"featured_media":0,"comment_status":"open","ping_status":"open","sticky":false,"template":"","format":"standard","meta":{"ngg_post_thumbnail":0,"footnotes":""},"categories":[3],"tags":[],"class_list":["post-9983","post","type-post","status-publish","format-standard","hentry","category-actividades"],"_links":{"self":[{"href":"https:\/\/bobvarela.com\/index.php?rest_route=\/wp\/v2\/posts\/9983","targetHints":{"allow":["GET"]}}],"collection":[{"href":"https:\/\/bobvarela.com\/index.php?rest_route=\/wp\/v2\/posts"}],"about":[{"href":"https:\/\/bobvarela.com\/index.php?rest_route=\/wp\/v2\/types\/post"}],"author":[{"embeddable":true,"href":"https:\/\/bobvarela.com\/index.php?rest_route=\/wp\/v2\/users\/1"}],"replies":[{"embeddable":true,"href":"https:\/\/bobvarela.com\/index.php?rest_route=%2Fwp%2Fv2%2Fcomments&post=9983"}],"version-history":[{"count":0,"href":"https:\/\/bobvarela.com\/index.php?rest_route=\/wp\/v2\/posts\/9983\/revisions"}],"wp:attachment":[{"href":"https:\/\/bobvarela.com\/index.php?rest_route=%2Fwp%2Fv2%2Fmedia&parent=9983"}],"wp:term":[{"taxonomy":"category","embeddable":true,"href":"https:\/\/bobvarela.com\/index.php?rest_route=%2Fwp%2Fv2%2Fcategories&post=9983"},{"taxonomy":"post_tag","embeddable":true,"href":"https:\/\/bobvarela.com\/index.php?rest_route=%2Fwp%2Fv2%2Ftags&post=9983"}],"curies":[{"name":"wp","href":"https:\/\/api.w.org\/{rel}","templated":true}]}}